{"id":79903,"date":"2026-01-21T20:11:27","date_gmt":"2026-01-21T19:11:27","guid":{"rendered":"https:\/\/lasentinelle.dz\/?p=79903"},"modified":"2026-01-21T20:11:28","modified_gmt":"2026-01-21T19:11:28","slug":"ligue-1-mobilis-lolympique-akbou-en-quete-du-podium","status":"publish","type":"post","link":"https:\/\/lasentinelle.dz\/index.php\/2026\/01\/21\/ligue-1-mobilis-lolympique-akbou-en-quete-du-podium\/","title":{"rendered":"Ligue 1 Mobilis\u00a0:\u00a0L&rsquo;Olympique Akbou en qu\u00eate du podium"},"content":{"rendered":"\n<p>Le championnat de Ligue 1 Mobilis reprendra ses droits ce week-end avec la 16e journ\u00e9e, qui verra l&rsquo;Olympique Akbou tenter de s&#8217;emparer de la place de dauphin lors de son d\u00e9placement chez l&rsquo;ES Mostaganem.&nbsp;<\/p>\n\n\n\n<p>Actuellement quatri\u00e8me au classement avec 23 points, l&rsquo;Olympique Akbou traverse une p\u00e9riode d\u00e9licate marqu\u00e9e par quatre matchs cons\u00e9cutifs sans victoire, toutes comp\u00e9titions confondues. Les Akbouciens esp\u00e8rent mettre fin \u00e0 cette spirale n\u00e9gative en affrontant une \u00e9quipe de l&rsquo;Esp\u00e9rance de Mostaganem emp\u00eatr\u00e9e dans les profondeurs du tableau.&nbsp;Quinzi\u00e8me avec seulement 9 points au compteur, la formation de l&rsquo;Ouest affiche un bilan catastrophique de quatre d\u00e9faites d&rsquo;affil\u00e9e.&nbsp;Les Mostagan\u00e9mois&nbsp;peinent \u00e0 trouver les solutions pour sortir de la zone rouge, et l&rsquo;arriv\u00e9e d&rsquo;un concurrent direct au maintien pourrait constituer une opportunit\u00e9 pour l&rsquo;OA de renouer avec le succ\u00e8s et de grimper provisoirement \u00e0 la deuxi\u00e8me place.&nbsp;Le MC Oran, autre formation pointant \u00e0 23 points et quatri\u00e8me au classement, se trouve \u00e9galement dans une situation pr\u00e9occupante. Les Hamraoua n&rsquo;ont plus go\u00fbt\u00e9 aux joies de la victoire depuis le 8 novembre dernier, soit cinq rencontres sans succ\u00e8s. En d\u00e9placement \u00e0 Alger pour affronter l&rsquo;ES Ben Aknoun, neuvi\u00e8me avec 21 points, le MCO devra se m\u00e9fier d&rsquo;une \u00e9quipe qui, malgr\u00e9 des performances mitig\u00e9es \u00e0 domicile avec seulement 9 points glan\u00e9s sur 21 possibles, peut se montrer dangereuse sur ses terres.&nbsp;Le derby du Sud entre le MB Rouissat et la JS Saoura s&rsquo;annonce particuli\u00e8rement ind\u00e9cis. La formation de Ouargla, onzi\u00e8me avec 20 points, semble avoir trouv\u00e9 un second souffle avec quatre points r\u00e9colt\u00e9s lors des deux derni\u00e8res journ\u00e9es et tentera de confirmer ce r\u00e9veil face \u00e0 une JSS septi\u00e8me avec 22 points. Les&nbsp;B\u00e9charois&nbsp;arrivent avec la confiance d&rsquo;une qualification en quarts de finale de la Coupe d&rsquo;Alg\u00e9rie arrach\u00e9e aux d\u00e9pens de l&rsquo;ES Mostaganem sur le score de deux buts \u00e0 z\u00e9ro.&nbsp;<\/p>\n\n\n\n<p>Dans le ventre mou du championnat, le CS Constantine, septi\u00e8me avec 22 points, partira largement favori pour son match \u00e0 domicile face \u00e0 la lanterne rouge, le MC El-Bayadh. Bon dernier avec seulement 6 points, le MCEB a d\u00fb attendre la quinzi\u00e8me journ\u00e9e pour d\u00e9crocher sa premi\u00e8re victoire de la saison face \u00e0 l&rsquo;ESM sur le score d&rsquo;un but \u00e0 z\u00e9ro. Les Constantinois b\u00e9n\u00e9ficieront du soutien de leur public pour engranger trois points pr\u00e9cieux dans la course au podium.&nbsp;L&rsquo;ES S\u00e9tif, treizi\u00e8me avec 16 points, vit une saison cauchemardesque et ne peut plus se permettre le moindre faux pas. Elimin\u00e9e en huiti\u00e8mes de finale de la Coupe d&rsquo;Alg\u00e9rie par le CSC apr\u00e8s prolongation sur le score de deux buts \u00e0 un, l&rsquo;Entente encha\u00eene les d\u00e9sillusions avec quatre matchs sans victoire. La r\u00e9ception de l&rsquo;USM Khenchela, neuvi\u00e8me avec 21 points, repr\u00e9sente une occasion de se relancer, m\u00eame si les visiteurs, battus lors de leur dernier d\u00e9placement \u00e0 Rouissat sur le score de deux buts \u00e0 z\u00e9ro, chercheront \u00e9galement \u00e0 se racheter.<\/p>\n\n\n\n<p>Dans le bas du tableau, l&rsquo;ASO Chlef, quatorzi\u00e8me avec 14 points, re\u00e7oit le Paradou AC, douzi\u00e8me avec 17 points, dans un match crucial pour les ambitions de maintien des Ch\u00e9lifiens. Cette rencontre marquera les d\u00e9buts du nouvel entra\u00eeneur Abdelhak Bela\u00efd, engag\u00e9 pour remplacer Fouad Bouali dont le contrat a \u00e9t\u00e9 r\u00e9sili\u00e9 \u00e0 l&rsquo;amiable. L&rsquo;ASO doit imp\u00e9rativement sortir la t\u00eate de l&rsquo;eau et amorcer sa mission de sauvetage sous peine de voir la situation s&rsquo;aggraver.<\/p>\n\n\n\n<p>Deux affiches ont \u00e9t\u00e9 report\u00e9es \u00e0 une date ult\u00e9rieure en raison de l&rsquo;engagement des protagonistes dans les comp\u00e9titions africaines. Les matchs USM Alger contre JS Kabylie et CR Belouizdad face au MC Alger ne se joueront pas ce week-end, ces quatre formations \u00e9tant engag\u00e9es en Ligue des champions et en Coupe de la Conf\u00e9d\u00e9ration, dont la troisi\u00e8me journ\u00e9e de la phase de groupes se dispute entre vendredi et dimanche.<\/p>\n\n\n\n<p>Moncef D.<\/p>\n","protected":false},"excerpt":{"rendered":"<p>Le championnat de Ligue 1 Mobilis reprendra ses droits ce week-end avec la 16e journ\u00e9e, qui verra l&rsquo;Olympique Akbou tenter<\/p>\n","protected":false},"author":6,"featured_media":72568,"comment_status":"open","ping_status":"closed","sticky":false,"template":"","format":"standard","meta":{"colormag_page_container_layout":"default_layout","colormag_page_sidebar_layout":"default_layout","om_disable_all_campaigns":false,"_monsterinsights_skip_tracking":false,"_monsterinsights_sitenote_active":false,"_monsterinsights_sitenote_note":"","_monsterinsights_sitenote_category":0,"footnotes":"","_wpscppro_dont_share_socialmedia":false,"_wpscppro_custom_social_share_image":0,"_facebook_share_type":"default","_twitter_share_type":"default","_linkedin_share_type":"default","_pinterest_share_type":"default","_linkedin_share_type_page":"","_instagram_share_type":"default","_medium_share_type":"default","_threads_share_type":"default","_google_business_share_type":"default","_selected_social_profile":[],"_wpsp_enable_custom_social_template":false,"_wpsp_social_scheduling":{"enabled":false,"datetime":null,"platforms":[],"status":"template_only","dateOption":"today","timeOption":"now","customDays":"","customHours":"","customDate":"","customTime":"","schedulingType":"absolute"},"_wpsp_active_default_template":true},"categories":[33],"tags":[],"class_list":["post-79903","post","type-post","status-publish","format-standard","has-post-thumbnail","hentry","category-sports"],"aioseo_notices":[],"yoast_head":"<!-- This site is optimized with the Yoast SEO plugin v27.4 - https:\/\/yoast.com\/product\/yoast-seo-wordpress\/ -->\n<title>Ligue 1 Mobilis\u00a0:\u00a0L&rsquo;Olympique Akbou en qu\u00eate du podium - La Sentinelle<\/title>\n<meta name=\"robots\" content=\"index, follow, max-snippet:-1, max-image-preview:large, max-video-preview:-1\" \/>\n<link rel=\"canonical\" href=\"https:\/\/lasentinelle.dz\/index.php\/2026\/01\/21\/ligue-1-mobilis-lolympique-akbou-en-quete-du-podium\/\" \/>\n<meta property=\"og:locale\" content=\"fr_FR\" \/>\n<meta property=\"og:type\" content=\"article\" \/>\n<meta property=\"og:title\" content=\"Ligue 1 Mobilis\u00a0:\u00a0L&rsquo;Olympique Akbou en qu\u00eate du podium - La Sentinelle\" \/>\n<meta property=\"og:description\" content=\"Le championnat de Ligue 1 Mobilis reprendra ses droits ce week-end avec la 16e journ\u00e9e, qui verra l&rsquo;Olympique Akbou tenter\" \/>\n<meta property=\"og:url\" content=\"https:\/\/lasentinelle.dz\/index.php\/2026\/01\/21\/ligue-1-mobilis-lolympique-akbou-en-quete-du-podium\/\" \/>\n<meta property=\"og:site_name\" content=\"La Sentinelle\" \/>\n<meta property=\"article:publisher\" content=\"https:\/\/www.facebook.com\/La-Sentinelle-104059864394773\" \/>\n<meta property=\"article:published_time\" content=\"2026-01-21T19:11:27+00:00\" \/>\n<meta property=\"article:modified_time\" content=\"2026-01-21T19:11:28+00:00\" \/>\n<meta property=\"og:image\" content=\"https:\/\/lasentinelle.dz\/wp-content\/uploads\/2025\/08\/Ligue-1.png\" \/>\n\t<meta property=\"og:image:width\" content=\"731\" \/>\n\t<meta property=\"og:image:height\" content=\"375\" \/>\n\t<meta property=\"og:image:type\" content=\"image\/png\" \/>\n<meta name=\"author\" content=\"admin\" \/>\n<meta name=\"twitter:card\" content=\"summary_large_image\" \/>\n<meta name=\"twitter:label1\" content=\"\u00c9crit par\" \/>\n\t<meta name=\"twitter:data1\" content=\"admin\" \/>\n\t<meta name=\"twitter:label2\" content=\"Dur\u00e9e de lecture estim\u00e9e\" \/>\n\t<meta name=\"twitter:data2\" content=\"4 minutes\" \/>\n<script type=\"application\/ld+json\" class=\"yoast-schema-graph\">{\"@context\":\"https:\\\/\\\/schema.org\",\"@graph\":[{\"@type\":\"Article\",\"@id\":\"https:\\\/\\\/lasentinelle.dz\\\/index.php\\\/2026\\\/01\\\/21\\\/ligue-1-mobilis-lolympique-akbou-en-quete-du-podium\\\/#article\",\"isPartOf\":{\"@id\":\"https:\\\/\\\/lasentinelle.dz\\\/index.php\\\/2026\\\/01\\\/21\\\/ligue-1-mobilis-lolympique-akbou-en-quete-du-podium\\\/\"},\"author\":{\"name\":\"admin\",\"@id\":\"https:\\\/\\\/lasentinelle.dz\\\/#\\\/schema\\\/person\\\/729ee0024f24e0b8c5ec17232f8e8b41\"},\"headline\":\"Ligue 1 Mobilis\u00a0:\u00a0L&rsquo;Olympique Akbou en qu\u00eate du podium\",\"datePublished\":\"2026-01-21T19:11:27+00:00\",\"dateModified\":\"2026-01-21T19:11:28+00:00\",\"mainEntityOfPage\":{\"@id\":\"https:\\\/\\\/lasentinelle.dz\\\/index.php\\\/2026\\\/01\\\/21\\\/ligue-1-mobilis-lolympique-akbou-en-quete-du-podium\\\/\"},\"wordCount\":717,\"commentCount\":0,\"publisher\":{\"@id\":\"https:\\\/\\\/lasentinelle.dz\\\/#organization\"},\"image\":{\"@id\":\"https:\\\/\\\/lasentinelle.dz\\\/index.php\\\/2026\\\/01\\\/21\\\/ligue-1-mobilis-lolympique-akbou-en-quete-du-podium\\\/#primaryimage\"},\"thumbnailUrl\":\"https:\\\/\\\/lasentinelle.dz\\\/wp-content\\\/uploads\\\/2025\\\/08\\\/Ligue-1.png\",\"articleSection\":[\"Sports\"],\"inLanguage\":\"fr-FR\",\"potentialAction\":[{\"@type\":\"CommentAction\",\"name\":\"Comment\",\"target\":[\"https:\\\/\\\/lasentinelle.dz\\\/index.php\\\/2026\\\/01\\\/21\\\/ligue-1-mobilis-lolympique-akbou-en-quete-du-podium\\\/#respond\"]}]},{\"@type\":\"WebPage\",\"@id\":\"https:\\\/\\\/lasentinelle.dz\\\/index.php\\\/2026\\\/01\\\/21\\\/ligue-1-mobilis-lolympique-akbou-en-quete-du-podium\\\/\",\"url\":\"https:\\\/\\\/lasentinelle.dz\\\/index.php\\\/2026\\\/01\\\/21\\\/ligue-1-mobilis-lolympique-akbou-en-quete-du-podium\\\/\",\"name\":\"Ligue 1 Mobilis\u00a0:\u00a0L&rsquo;Olympique Akbou en qu\u00eate du podium - La Sentinelle\",\"isPartOf\":{\"@id\":\"https:\\\/\\\/lasentinelle.dz\\\/#website\"},\"primaryImageOfPage\":{\"@id\":\"https:\\\/\\\/lasentinelle.dz\\\/index.php\\\/2026\\\/01\\\/21\\\/ligue-1-mobilis-lolympique-akbou-en-quete-du-podium\\\/#primaryimage\"},\"image\":{\"@id\":\"https:\\\/\\\/lasentinelle.dz\\\/index.php\\\/2026\\\/01\\\/21\\\/ligue-1-mobilis-lolympique-akbou-en-quete-du-podium\\\/#primaryimage\"},\"thumbnailUrl\":\"https:\\\/\\\/lasentinelle.dz\\\/wp-content\\\/uploads\\\/2025\\\/08\\\/Ligue-1.png\",\"datePublished\":\"2026-01-21T19:11:27+00:00\",\"dateModified\":\"2026-01-21T19:11:28+00:00\",\"breadcrumb\":{\"@id\":\"https:\\\/\\\/lasentinelle.dz\\\/index.php\\\/2026\\\/01\\\/21\\\/ligue-1-mobilis-lolympique-akbou-en-quete-du-podium\\\/#breadcrumb\"},\"inLanguage\":\"fr-FR\",\"potentialAction\":[{\"@type\":\"ReadAction\",\"target\":[\"https:\\\/\\\/lasentinelle.dz\\\/index.php\\\/2026\\\/01\\\/21\\\/ligue-1-mobilis-lolympique-akbou-en-quete-du-podium\\\/\"]}]},{\"@type\":\"ImageObject\",\"inLanguage\":\"fr-FR\",\"@id\":\"https:\\\/\\\/lasentinelle.dz\\\/index.php\\\/2026\\\/01\\\/21\\\/ligue-1-mobilis-lolympique-akbou-en-quete-du-podium\\\/#primaryimage\",\"url\":\"https:\\\/\\\/lasentinelle.dz\\\/wp-content\\\/uploads\\\/2025\\\/08\\\/Ligue-1.png\",\"contentUrl\":\"https:\\\/\\\/lasentinelle.dz\\\/wp-content\\\/uploads\\\/2025\\\/08\\\/Ligue-1.png\",\"width\":731,\"height\":375},{\"@type\":\"BreadcrumbList\",\"@id\":\"https:\\\/\\\/lasentinelle.dz\\\/index.php\\\/2026\\\/01\\\/21\\\/ligue-1-mobilis-lolympique-akbou-en-quete-du-podium\\\/#breadcrumb\",\"itemListElement\":[{\"@type\":\"ListItem\",\"position\":1,\"name\":\"Accueil\",\"item\":\"https:\\\/\\\/lasentinelle.dz\\\/\"},{\"@type\":\"ListItem\",\"position\":2,\"name\":\"Ligue 1 Mobilis\u00a0:\u00a0L&rsquo;Olympique Akbou en qu\u00eate du podium\"}]},{\"@type\":\"WebSite\",\"@id\":\"https:\\\/\\\/lasentinelle.dz\\\/#website\",\"url\":\"https:\\\/\\\/lasentinelle.dz\\\/\",\"name\":\"La Sentinelle\",\"description\":\"Quotidien national d&#039;information\",\"publisher\":{\"@id\":\"https:\\\/\\\/lasentinelle.dz\\\/#organization\"},\"potentialAction\":[{\"@type\":\"SearchAction\",\"target\":{\"@type\":\"EntryPoint\",\"urlTemplate\":\"https:\\\/\\\/lasentinelle.dz\\\/?s={search_term_string}\"},\"query-input\":{\"@type\":\"PropertyValueSpecification\",\"valueRequired\":true,\"valueName\":\"search_term_string\"}}],\"inLanguage\":\"fr-FR\"},{\"@type\":\"Organization\",\"@id\":\"https:\\\/\\\/lasentinelle.dz\\\/#organization\",\"name\":\"Quotidien La Sentinelle\",\"url\":\"https:\\\/\\\/lasentinelle.dz\\\/\",\"logo\":{\"@type\":\"ImageObject\",\"inLanguage\":\"fr-FR\",\"@id\":\"https:\\\/\\\/lasentinelle.dz\\\/#\\\/schema\\\/logo\\\/image\\\/\",\"url\":\"https:\\\/\\\/lasentinelle.dz\\\/wp-content\\\/uploads\\\/2021\\\/09\\\/logo-sentinelleSLOGAN-1.png\",\"contentUrl\":\"https:\\\/\\\/lasentinelle.dz\\\/wp-content\\\/uploads\\\/2021\\\/09\\\/logo-sentinelleSLOGAN-1.png\",\"width\":615,\"height\":142,\"caption\":\"Quotidien La Sentinelle\"},\"image\":{\"@id\":\"https:\\\/\\\/lasentinelle.dz\\\/#\\\/schema\\\/logo\\\/image\\\/\"},\"sameAs\":[\"https:\\\/\\\/www.facebook.com\\\/La-Sentinelle-104059864394773\"]},{\"@type\":\"Person\",\"@id\":\"https:\\\/\\\/lasentinelle.dz\\\/#\\\/schema\\\/person\\\/729ee0024f24e0b8c5ec17232f8e8b41\",\"name\":\"admin\",\"image\":{\"@type\":\"ImageObject\",\"inLanguage\":\"fr-FR\",\"@id\":\"https:\\\/\\\/secure.gravatar.com\\\/avatar\\\/4c81fed838786e9b53f540bf46533e750f5d292099ae3b66cfc6fb1982e29df7?s=96&d=mm&r=g\",\"url\":\"https:\\\/\\\/secure.gravatar.com\\\/avatar\\\/4c81fed838786e9b53f540bf46533e750f5d292099ae3b66cfc6fb1982e29df7?s=96&d=mm&r=g\",\"contentUrl\":\"https:\\\/\\\/secure.gravatar.com\\\/avatar\\\/4c81fed838786e9b53f540bf46533e750f5d292099ae3b66cfc6fb1982e29df7?s=96&d=mm&r=g\",\"caption\":\"admin\"},\"description\":\"admin\",\"url\":\"https:\\\/\\\/lasentinelle.dz\\\/author\\\/admin\\\/\"}]}<\/script>\n<!-- \/ Yoast SEO plugin. -->","yoast_head_json":{"title":"Ligue 1 Mobilis\u00a0:\u00a0L&rsquo;Olympique Akbou en qu\u00eate du podium - La Sentinelle","robots":{"index":"index","follow":"follow","max-snippet":"max-snippet:-1","max-image-preview":"max-image-preview:large","max-video-preview":"max-video-preview:-1"},"canonical":"https:\/\/lasentinelle.dz\/index.php\/2026\/01\/21\/ligue-1-mobilis-lolympique-akbou-en-quete-du-podium\/","og_locale":"fr_FR","og_type":"article","og_title":"Ligue 1 Mobilis\u00a0:\u00a0L&rsquo;Olympique Akbou en qu\u00eate du podium - La Sentinelle","og_description":"Le championnat de Ligue 1 Mobilis reprendra ses droits ce week-end avec la 16e journ\u00e9e, qui verra l&rsquo;Olympique Akbou tenter","og_url":"https:\/\/lasentinelle.dz\/index.php\/2026\/01\/21\/ligue-1-mobilis-lolympique-akbou-en-quete-du-podium\/","og_site_name":"La Sentinelle","article_publisher":"https:\/\/www.facebook.com\/La-Sentinelle-104059864394773","article_published_time":"2026-01-21T19:11:27+00:00","article_modified_time":"2026-01-21T19:11:28+00:00","og_image":[{"width":731,"height":375,"url":"https:\/\/lasentinelle.dz\/wp-content\/uploads\/2025\/08\/Ligue-1.png","type":"image\/png"}],"author":"admin","twitter_card":"summary_large_image","twitter_misc":{"\u00c9crit par":"admin","Dur\u00e9e de lecture estim\u00e9e":"4 minutes"},"schema":{"@context":"https:\/\/schema.org","@graph":[{"@type":"Article","@id":"https:\/\/lasentinelle.dz\/index.php\/2026\/01\/21\/ligue-1-mobilis-lolympique-akbou-en-quete-du-podium\/#article","isPartOf":{"@id":"https:\/\/lasentinelle.dz\/index.php\/2026\/01\/21\/ligue-1-mobilis-lolympique-akbou-en-quete-du-podium\/"},"author":{"name":"admin","@id":"https:\/\/lasentinelle.dz\/#\/schema\/person\/729ee0024f24e0b8c5ec17232f8e8b41"},"headline":"Ligue 1 Mobilis\u00a0:\u00a0L&rsquo;Olympique Akbou en qu\u00eate du podium","datePublished":"2026-01-21T19:11:27+00:00","dateModified":"2026-01-21T19:11:28+00:00","mainEntityOfPage":{"@id":"https:\/\/lasentinelle.dz\/index.php\/2026\/01\/21\/ligue-1-mobilis-lolympique-akbou-en-quete-du-podium\/"},"wordCount":717,"commentCount":0,"publisher":{"@id":"https:\/\/lasentinelle.dz\/#organization"},"image":{"@id":"https:\/\/lasentinelle.dz\/index.php\/2026\/01\/21\/ligue-1-mobilis-lolympique-akbou-en-quete-du-podium\/#primaryimage"},"thumbnailUrl":"https:\/\/lasentinelle.dz\/wp-content\/uploads\/2025\/08\/Ligue-1.png","articleSection":["Sports"],"inLanguage":"fr-FR","potentialAction":[{"@type":"CommentAction","name":"Comment","target":["https:\/\/lasentinelle.dz\/index.php\/2026\/01\/21\/ligue-1-mobilis-lolympique-akbou-en-quete-du-podium\/#respond"]}]},{"@type":"WebPage","@id":"https:\/\/lasentinelle.dz\/index.php\/2026\/01\/21\/ligue-1-mobilis-lolympique-akbou-en-quete-du-podium\/","url":"https:\/\/lasentinelle.dz\/index.php\/2026\/01\/21\/ligue-1-mobilis-lolympique-akbou-en-quete-du-podium\/","name":"Ligue 1 Mobilis\u00a0:\u00a0L&rsquo;Olympique Akbou en qu\u00eate du podium - La Sentinelle","isPartOf":{"@id":"https:\/\/lasentinelle.dz\/#website"},"primaryImageOfPage":{"@id":"https:\/\/lasentinelle.dz\/index.php\/2026\/01\/21\/ligue-1-mobilis-lolympique-akbou-en-quete-du-podium\/#primaryimage"},"image":{"@id":"https:\/\/lasentinelle.dz\/index.php\/2026\/01\/21\/ligue-1-mobilis-lolympique-akbou-en-quete-du-podium\/#primaryimage"},"thumbnailUrl":"https:\/\/lasentinelle.dz\/wp-content\/uploads\/2025\/08\/Ligue-1.png","datePublished":"2026-01-21T19:11:27+00:00","dateModified":"2026-01-21T19:11:28+00:00","breadcrumb":{"@id":"https:\/\/lasentinelle.dz\/index.php\/2026\/01\/21\/ligue-1-mobilis-lolympique-akbou-en-quete-du-podium\/#breadcrumb"},"inLanguage":"fr-FR","potentialAction":[{"@type":"ReadAction","target":["https:\/\/lasentinelle.dz\/index.php\/2026\/01\/21\/ligue-1-mobilis-lolympique-akbou-en-quete-du-podium\/"]}]},{"@type":"ImageObject","inLanguage":"fr-FR","@id":"https:\/\/lasentinelle.dz\/index.php\/2026\/01\/21\/ligue-1-mobilis-lolympique-akbou-en-quete-du-podium\/#primaryimage","url":"https:\/\/lasentinelle.dz\/wp-content\/uploads\/2025\/08\/Ligue-1.png","contentUrl":"https:\/\/lasentinelle.dz\/wp-content\/uploads\/2025\/08\/Ligue-1.png","width":731,"height":375},{"@type":"BreadcrumbList","@id":"https:\/\/lasentinelle.dz\/index.php\/2026\/01\/21\/ligue-1-mobilis-lolympique-akbou-en-quete-du-podium\/#breadcrumb","itemListElement":[{"@type":"ListItem","position":1,"name":"Accueil","item":"https:\/\/lasentinelle.dz\/"},{"@type":"ListItem","position":2,"name":"Ligue 1 Mobilis\u00a0:\u00a0L&rsquo;Olympique Akbou en qu\u00eate du podium"}]},{"@type":"WebSite","@id":"https:\/\/lasentinelle.dz\/#website","url":"https:\/\/lasentinelle.dz\/","name":"La Sentinelle","description":"Quotidien national d&#039;information","publisher":{"@id":"https:\/\/lasentinelle.dz\/#organization"},"potentialAction":[{"@type":"SearchAction","target":{"@type":"EntryPoint","urlTemplate":"https:\/\/lasentinelle.dz\/?s={search_term_string}"},"query-input":{"@type":"PropertyValueSpecification","valueRequired":true,"valueName":"search_term_string"}}],"inLanguage":"fr-FR"},{"@type":"Organization","@id":"https:\/\/lasentinelle.dz\/#organization","name":"Quotidien La Sentinelle","url":"https:\/\/lasentinelle.dz\/","logo":{"@type":"ImageObject","inLanguage":"fr-FR","@id":"https:\/\/lasentinelle.dz\/#\/schema\/logo\/image\/","url":"https:\/\/lasentinelle.dz\/wp-content\/uploads\/2021\/09\/logo-sentinelleSLOGAN-1.png","contentUrl":"https:\/\/lasentinelle.dz\/wp-content\/uploads\/2021\/09\/logo-sentinelleSLOGAN-1.png","width":615,"height":142,"caption":"Quotidien La Sentinelle"},"image":{"@id":"https:\/\/lasentinelle.dz\/#\/schema\/logo\/image\/"},"sameAs":["https:\/\/www.facebook.com\/La-Sentinelle-104059864394773"]},{"@type":"Person","@id":"https:\/\/lasentinelle.dz\/#\/schema\/person\/729ee0024f24e0b8c5ec17232f8e8b41","name":"admin","image":{"@type":"ImageObject","inLanguage":"fr-FR","@id":"https:\/\/secure.gravatar.com\/avatar\/4c81fed838786e9b53f540bf46533e750f5d292099ae3b66cfc6fb1982e29df7?s=96&d=mm&r=g","url":"https:\/\/secure.gravatar.com\/avatar\/4c81fed838786e9b53f540bf46533e750f5d292099ae3b66cfc6fb1982e29df7?s=96&d=mm&r=g","contentUrl":"https:\/\/secure.gravatar.com\/avatar\/4c81fed838786e9b53f540bf46533e750f5d292099ae3b66cfc6fb1982e29df7?s=96&d=mm&r=g","caption":"admin"},"description":"admin","url":"https:\/\/lasentinelle.dz\/author\/admin\/"}]}},"_links":{"self":[{"href":"https:\/\/lasentinelle.dz\/index.php\/wp-json\/wp\/v2\/posts\/79903","targetHints":{"allow":["GET"]}}],"collection":[{"href":"https:\/\/lasentinelle.dz\/index.php\/wp-json\/wp\/v2\/posts"}],"about":[{"href":"https:\/\/lasentinelle.dz\/index.php\/wp-json\/wp\/v2\/types\/post"}],"author":[{"embeddable":true,"href":"https:\/\/lasentinelle.dz\/index.php\/wp-json\/wp\/v2\/users\/6"}],"replies":[{"embeddable":true,"href":"https:\/\/lasentinelle.dz\/index.php\/wp-json\/wp\/v2\/comments?post=79903"}],"version-history":[{"count":2,"href":"https:\/\/lasentinelle.dz\/index.php\/wp-json\/wp\/v2\/posts\/79903\/revisions"}],"predecessor-version":[{"id":79905,"href":"https:\/\/lasentinelle.dz\/index.php\/wp-json\/wp\/v2\/posts\/79903\/revisions\/79905"}],"wp:featuredmedia":[{"embeddable":true,"href":"https:\/\/lasentinelle.dz\/index.php\/wp-json\/wp\/v2\/media\/72568"}],"wp:attachment":[{"href":"https:\/\/lasentinelle.dz\/index.php\/wp-json\/wp\/v2\/media?parent=79903"}],"wp:term":[{"taxonomy":"category","embeddable":true,"href":"https:\/\/lasentinelle.dz\/index.php\/wp-json\/wp\/v2\/categories?post=79903"},{"taxonomy":"post_tag","embeddable":true,"href":"https:\/\/lasentinelle.dz\/index.php\/wp-json\/wp\/v2\/tags?post=79903"}],"curies":[{"name":"wp","href":"https:\/\/api.w.org\/{rel}","templated":true}]}}