{"id":79923,"date":"2026-01-22T12:56:37","date_gmt":"2026-01-22T11:56:37","guid":{"rendered":"https:\/\/lasentinelle.dz\/?p=79923"},"modified":"2026-01-22T12:56:39","modified_gmt":"2026-01-22T11:56:39","slug":"telecommunications-zerrouki-mise-sur-les-micro-entreprises-pour-realiser-lobjectif-tout-fibre-dici-2027","status":"publish","type":"post","link":"https:\/\/lasentinelle.dz\/index.php\/2026\/01\/22\/telecommunications-zerrouki-mise-sur-les-micro-entreprises-pour-realiser-lobjectif-tout-fibre-dici-2027\/","title":{"rendered":"T\u00e9l\u00e9communications\u00a0:\u00a0Zerrouki mise sur les micro-entreprises pour r\u00e9aliser l&rsquo;objectif \u00ab\u00a0Tout fibre\u00a0\u00bb d&rsquo;ici 2027"},"content":{"rendered":"\n<p>Le ministre de la Poste et des T\u00e9l\u00e9communications, Sid Ali Zerrouki, a convoqu\u00e9&nbsp;mardi&nbsp;les auto-entrepreneurs du secteur de la fibre optique pour acc\u00e9l\u00e9rer le d\u00e9ploiement du r\u00e9seau national et tenir l&rsquo;\u00e9ch\u00e9ance de 2027.&nbsp;&nbsp;Lors d&rsquo;une rencontre ayant rassembl\u00e9 des propri\u00e9taires de petites entreprises, de micro-entreprises et des auto-entrepreneurs repr\u00e9sentant les 58 wilayas du pays, le ministre a clairement affich\u00e9 sa volont\u00e9 de s&rsquo;appuyer massivement sur ces acteurs de terrain pour atteindre l&rsquo;objectif strat\u00e9gique de g\u00e9n\u00e9ralisation du raccordement \u00e0 la fibre optique. Ces op\u00e9rateurs constituent un \u00e9chantillon repr\u00e9sentatif parmi plus de 4.800 entreprises contractantes avec Alg\u00e9rie T\u00e9l\u00e9com, selon le communiqu\u00e9 du minist\u00e8re qui pr\u00e9cise que cette rencontre s&rsquo;inscrit dans le cadre de \u00ab\u00a0la volont\u00e9 du ministre d&rsquo;\u00eatre \u00e0 l&rsquo;\u00e9coute directe des pr\u00e9occupations des partenaires de terrain et d&rsquo;\u00e9changer les vues autour du plan d&rsquo;action arr\u00eat\u00e9 pour la prochaine p\u00e9riode, en concr\u00e9tisation de l&rsquo;objectif Tout fibre, visant \u00e0 g\u00e9n\u00e9raliser le raccordement \u00e0 la fibre optique et \u00e0 faire de l&rsquo;Alg\u00e9rie un pays enti\u00e8rement connect\u00e9 \u00e0 cette technologie d&rsquo;ici 2027\u00a0\u00bb.&nbsp;Face aux entrepreneurs r\u00e9unis, Sid Ali Zerrouki a donn\u00e9 des instructions fermes pour \u00ab\u00a0redoubler d&rsquo;efforts afin d&rsquo;atteindre cet objectif strat\u00e9gique\u00a0\u00bb, tout en brandissant la carotte de l&#8217;emploi. Le ministre a soulign\u00e9 que l&rsquo;acc\u00e9l\u00e9ration du rythme des travaux ouvrira de r\u00e9elles opportunit\u00e9s de cr\u00e9ation de nouveaux postes dans ce domaine. Anticipant les inqui\u00e9tudes des op\u00e9rateurs sur l&rsquo;apr\u00e8s-d\u00e9ploiement, il a tenu \u00e0 les rassurer quant \u00e0 la phase post-g\u00e9n\u00e9ralisation de la fibre optique, promettant \u00ab\u00a0leur orientation vers les domaines de la maintenance et de la p\u00e9rennit\u00e9 technique des r\u00e9seaux\u00a0\u00bb.<\/p>\n\n\n\n<p>Le ministre a surtout insist\u00e9 sur \u00ab\u00a0la n\u00e9cessit\u00e9 de mettre en place des m\u00e9canismes incitatifs au profit des micro-entreprises et des auto-entrepreneurs\u00a0\u00bb, reconnaissant ainsi le r\u00f4le crucial de ces petites structures dans la r\u00e9ussite du projet national. Mais le soutien promis s&rsquo;accompagne d&rsquo;exigences strictes puisque Zerrouki a fermement insist\u00e9 sur \u00ab\u00a0le respect des normes de qualit\u00e9 et de ma\u00eetrise dans la prestation de services aux clients d&rsquo;Alg\u00e9rie T\u00e9l\u00e9com\u00a0\u00bb.&nbsp;Pour fluidifier les relations entre Alg\u00e9rie T\u00e9l\u00e9com et ses milliers de sous-traitants, le ministre a donn\u00e9 des instructions concernant \u00ab\u00a0la mise en place, dans les plus brefs d\u00e9lais, d&rsquo;une plateforme num\u00e9rique permettant le suivi des projets et la facturation en temps r\u00e9el, en vue de lever les obstacles administratifs et financiers, ce qui renforcerait l&rsquo;efficacit\u00e9 de la performance et consacrerait un climat de confiance entre les diff\u00e9rentes parties\u00a0\u00bb, conclut le communiqu\u00e9.&nbsp;&nbsp;Le pari de Zerrouki sur les micro-entreprises traduit une double n\u00e9cessit\u00e9 : d&rsquo;une part, d\u00e9multiplier les capacit\u00e9s d&rsquo;intervention sur l&rsquo;ensemble du territoire national dans un d\u00e9lai tr\u00e8s serr\u00e9, d&rsquo;autre part, cr\u00e9er un \u00e9cosyst\u00e8me \u00e9conomique local autour de cette infrastructure strat\u00e9gique.&nbsp;<\/p>\n\n\n\n<p>Samir Benisid<\/p>\n","protected":false},"excerpt":{"rendered":"<p>Le ministre de la Poste et des T\u00e9l\u00e9communications, Sid Ali Zerrouki, a convoqu\u00e9&nbsp;mardi&nbsp;les auto-entrepreneurs du secteur de la fibre optique<\/p>\n","protected":false},"author":6,"featured_media":46821,"comment_status":"open","ping_status":"closed","sticky":false,"template":"","format":"standard","meta":{"colormag_page_container_layout":"default_layout","colormag_page_sidebar_layout":"default_layout","om_disable_all_campaigns":false,"_monsterinsights_skip_tracking":false,"_monsterinsights_sitenote_active":false,"_monsterinsights_sitenote_note":"","_monsterinsights_sitenote_category":0,"footnotes":"","_wpscppro_dont_share_socialmedia":false,"_wpscppro_custom_social_share_image":0,"_facebook_share_type":"default","_twitter_share_type":"default","_linkedin_share_type":"default","_pinterest_share_type":"default","_linkedin_share_type_page":"","_instagram_share_type":"default","_medium_share_type":"default","_threads_share_type":"default","_google_business_share_type":"default","_selected_social_profile":[],"_wpsp_enable_custom_social_template":false,"_wpsp_social_scheduling":{"enabled":false,"datetime":null,"platforms":[],"status":"template_only","dateOption":"today","timeOption":"now","customDays":"","customHours":"","customDate":"","customTime":"","schedulingType":"absolute"},"_wpsp_active_default_template":true},"categories":[29],"tags":[],"class_list":["post-79923","post","type-post","status-publish","format-standard","has-post-thumbnail","hentry","category-economie"],"aioseo_notices":[],"yoast_head":"<!-- This site is optimized with the Yoast SEO plugin v27.4 - https:\/\/yoast.com\/product\/yoast-seo-wordpress\/ -->\n<title>T\u00e9l\u00e9communications\u00a0:\u00a0Zerrouki mise sur les micro-entreprises pour r\u00e9aliser l&rsquo;objectif \u00ab\u00a0Tout fibre\u00a0\u00bb d&rsquo;ici 2027 - La Sentinelle<\/title>\n<meta name=\"robots\" content=\"index, follow, max-snippet:-1, max-image-preview:large, max-video-preview:-1\" \/>\n<link rel=\"canonical\" href=\"https:\/\/lasentinelle.dz\/index.php\/2026\/01\/22\/telecommunications-zerrouki-mise-sur-les-micro-entreprises-pour-realiser-lobjectif-tout-fibre-dici-2027\/\" \/>\n<meta property=\"og:locale\" content=\"fr_FR\" \/>\n<meta property=\"og:type\" content=\"article\" \/>\n<meta property=\"og:title\" content=\"T\u00e9l\u00e9communications\u00a0:\u00a0Zerrouki mise sur les micro-entreprises pour r\u00e9aliser l&rsquo;objectif \u00ab\u00a0Tout fibre\u00a0\u00bb d&rsquo;ici 2027 - La Sentinelle\" \/>\n<meta property=\"og:description\" content=\"Le ministre de la Poste et des T\u00e9l\u00e9communications, Sid Ali Zerrouki, a convoqu\u00e9&nbsp;mardi&nbsp;les auto-entrepreneurs du secteur de la fibre optique\" \/>\n<meta property=\"og:url\" content=\"https:\/\/lasentinelle.dz\/index.php\/2026\/01\/22\/telecommunications-zerrouki-mise-sur-les-micro-entreprises-pour-realiser-lobjectif-tout-fibre-dici-2027\/\" \/>\n<meta property=\"og:site_name\" content=\"La Sentinelle\" \/>\n<meta property=\"article:publisher\" content=\"https:\/\/www.facebook.com\/La-Sentinelle-104059864394773\" \/>\n<meta property=\"article:published_time\" content=\"2026-01-22T11:56:37+00:00\" \/>\n<meta property=\"article:modified_time\" content=\"2026-01-22T11:56:39+00:00\" \/>\n<meta property=\"og:image\" content=\"https:\/\/lasentinelle.dz\/wp-content\/uploads\/2023\/11\/internet-fibre.webp\" \/>\n\t<meta property=\"og:image:width\" content=\"2560\" \/>\n\t<meta property=\"og:image:height\" content=\"1321\" \/>\n\t<meta property=\"og:image:type\" content=\"image\/webp\" \/>\n<meta name=\"author\" content=\"admin\" \/>\n<meta name=\"twitter:card\" content=\"summary_large_image\" \/>\n<meta name=\"twitter:label1\" content=\"\u00c9crit par\" \/>\n\t<meta name=\"twitter:data1\" content=\"admin\" \/>\n\t<meta name=\"twitter:label2\" content=\"Dur\u00e9e de lecture estim\u00e9e\" \/>\n\t<meta name=\"twitter:data2\" content=\"3 minutes\" \/>\n<script type=\"application\/ld+json\" class=\"yoast-schema-graph\">{\"@context\":\"https:\\\/\\\/schema.org\",\"@graph\":[{\"@type\":\"Article\",\"@id\":\"https:\\\/\\\/lasentinelle.dz\\\/index.php\\\/2026\\\/01\\\/22\\\/telecommunications-zerrouki-mise-sur-les-micro-entreprises-pour-realiser-lobjectif-tout-fibre-dici-2027\\\/#article\",\"isPartOf\":{\"@id\":\"https:\\\/\\\/lasentinelle.dz\\\/index.php\\\/2026\\\/01\\\/22\\\/telecommunications-zerrouki-mise-sur-les-micro-entreprises-pour-realiser-lobjectif-tout-fibre-dici-2027\\\/\"},\"author\":{\"name\":\"admin\",\"@id\":\"https:\\\/\\\/lasentinelle.dz\\\/#\\\/schema\\\/person\\\/729ee0024f24e0b8c5ec17232f8e8b41\"},\"headline\":\"T\u00e9l\u00e9communications\u00a0:\u00a0Zerrouki mise sur les micro-entreprises pour r\u00e9aliser l&rsquo;objectif \u00ab\u00a0Tout fibre\u00a0\u00bb d&rsquo;ici 2027\",\"datePublished\":\"2026-01-22T11:56:37+00:00\",\"dateModified\":\"2026-01-22T11:56:39+00:00\",\"mainEntityOfPage\":{\"@id\":\"https:\\\/\\\/lasentinelle.dz\\\/index.php\\\/2026\\\/01\\\/22\\\/telecommunications-zerrouki-mise-sur-les-micro-entreprises-pour-realiser-lobjectif-tout-fibre-dici-2027\\\/\"},\"wordCount\":542,\"commentCount\":0,\"publisher\":{\"@id\":\"https:\\\/\\\/lasentinelle.dz\\\/#organization\"},\"image\":{\"@id\":\"https:\\\/\\\/lasentinelle.dz\\\/index.php\\\/2026\\\/01\\\/22\\\/telecommunications-zerrouki-mise-sur-les-micro-entreprises-pour-realiser-lobjectif-tout-fibre-dici-2027\\\/#primaryimage\"},\"thumbnailUrl\":\"https:\\\/\\\/lasentinelle.dz\\\/wp-content\\\/uploads\\\/2023\\\/11\\\/internet-fibre.webp\",\"articleSection\":[\"\u00c9conomie\"],\"inLanguage\":\"fr-FR\",\"potentialAction\":[{\"@type\":\"CommentAction\",\"name\":\"Comment\",\"target\":[\"https:\\\/\\\/lasentinelle.dz\\\/index.php\\\/2026\\\/01\\\/22\\\/telecommunications-zerrouki-mise-sur-les-micro-entreprises-pour-realiser-lobjectif-tout-fibre-dici-2027\\\/#respond\"]}]},{\"@type\":\"WebPage\",\"@id\":\"https:\\\/\\\/lasentinelle.dz\\\/index.php\\\/2026\\\/01\\\/22\\\/telecommunications-zerrouki-mise-sur-les-micro-entreprises-pour-realiser-lobjectif-tout-fibre-dici-2027\\\/\",\"url\":\"https:\\\/\\\/lasentinelle.dz\\\/index.php\\\/2026\\\/01\\\/22\\\/telecommunications-zerrouki-mise-sur-les-micro-entreprises-pour-realiser-lobjectif-tout-fibre-dici-2027\\\/\",\"name\":\"T\u00e9l\u00e9communications\u00a0:\u00a0Zerrouki mise sur les micro-entreprises pour r\u00e9aliser l&rsquo;objectif \u00ab\u00a0Tout fibre\u00a0\u00bb d&rsquo;ici 2027 - La Sentinelle\",\"isPartOf\":{\"@id\":\"https:\\\/\\\/lasentinelle.dz\\\/#website\"},\"primaryImageOfPage\":{\"@id\":\"https:\\\/\\\/lasentinelle.dz\\\/index.php\\\/2026\\\/01\\\/22\\\/telecommunications-zerrouki-mise-sur-les-micro-entreprises-pour-realiser-lobjectif-tout-fibre-dici-2027\\\/#primaryimage\"},\"image\":{\"@id\":\"https:\\\/\\\/lasentinelle.dz\\\/index.php\\\/2026\\\/01\\\/22\\\/telecommunications-zerrouki-mise-sur-les-micro-entreprises-pour-realiser-lobjectif-tout-fibre-dici-2027\\\/#primaryimage\"},\"thumbnailUrl\":\"https:\\\/\\\/lasentinelle.dz\\\/wp-content\\\/uploads\\\/2023\\\/11\\\/internet-fibre.webp\",\"datePublished\":\"2026-01-22T11:56:37+00:00\",\"dateModified\":\"2026-01-22T11:56:39+00:00\",\"breadcrumb\":{\"@id\":\"https:\\\/\\\/lasentinelle.dz\\\/index.php\\\/2026\\\/01\\\/22\\\/telecommunications-zerrouki-mise-sur-les-micro-entreprises-pour-realiser-lobjectif-tout-fibre-dici-2027\\\/#breadcrumb\"},\"inLanguage\":\"fr-FR\",\"potentialAction\":[{\"@type\":\"ReadAction\",\"target\":[\"https:\\\/\\\/lasentinelle.dz\\\/index.php\\\/2026\\\/01\\\/22\\\/telecommunications-zerrouki-mise-sur-les-micro-entreprises-pour-realiser-lobjectif-tout-fibre-dici-2027\\\/\"]}]},{\"@type\":\"ImageObject\",\"inLanguage\":\"fr-FR\",\"@id\":\"https:\\\/\\\/lasentinelle.dz\\\/index.php\\\/2026\\\/01\\\/22\\\/telecommunications-zerrouki-mise-sur-les-micro-entreprises-pour-realiser-lobjectif-tout-fibre-dici-2027\\\/#primaryimage\",\"url\":\"https:\\\/\\\/lasentinelle.dz\\\/wp-content\\\/uploads\\\/2023\\\/11\\\/internet-fibre.webp\",\"contentUrl\":\"https:\\\/\\\/lasentinelle.dz\\\/wp-content\\\/uploads\\\/2023\\\/11\\\/internet-fibre.webp\",\"width\":2560,\"height\":1321},{\"@type\":\"BreadcrumbList\",\"@id\":\"https:\\\/\\\/lasentinelle.dz\\\/index.php\\\/2026\\\/01\\\/22\\\/telecommunications-zerrouki-mise-sur-les-micro-entreprises-pour-realiser-lobjectif-tout-fibre-dici-2027\\\/#breadcrumb\",\"itemListElement\":[{\"@type\":\"ListItem\",\"position\":1,\"name\":\"Accueil\",\"item\":\"https:\\\/\\\/lasentinelle.dz\\\/\"},{\"@type\":\"ListItem\",\"position\":2,\"name\":\"T\u00e9l\u00e9communications\u00a0:\u00a0Zerrouki mise sur les micro-entreprises pour r\u00e9aliser l&rsquo;objectif \u00ab\u00a0Tout fibre\u00a0\u00bb d&rsquo;ici 2027\"}]},{\"@type\":\"WebSite\",\"@id\":\"https:\\\/\\\/lasentinelle.dz\\\/#website\",\"url\":\"https:\\\/\\\/lasentinelle.dz\\\/\",\"name\":\"La Sentinelle\",\"description\":\"Quotidien national d&#039;information\",\"publisher\":{\"@id\":\"https:\\\/\\\/lasentinelle.dz\\\/#organization\"},\"potentialAction\":[{\"@type\":\"SearchAction\",\"target\":{\"@type\":\"EntryPoint\",\"urlTemplate\":\"https:\\\/\\\/lasentinelle.dz\\\/?s={search_term_string}\"},\"query-input\":{\"@type\":\"PropertyValueSpecification\",\"valueRequired\":true,\"valueName\":\"search_term_string\"}}],\"inLanguage\":\"fr-FR\"},{\"@type\":\"Organization\",\"@id\":\"https:\\\/\\\/lasentinelle.dz\\\/#organization\",\"name\":\"Quotidien La Sentinelle\",\"url\":\"https:\\\/\\\/lasentinelle.dz\\\/\",\"logo\":{\"@type\":\"ImageObject\",\"inLanguage\":\"fr-FR\",\"@id\":\"https:\\\/\\\/lasentinelle.dz\\\/#\\\/schema\\\/logo\\\/image\\\/\",\"url\":\"https:\\\/\\\/lasentinelle.dz\\\/wp-content\\\/uploads\\\/2021\\\/09\\\/logo-sentinelleSLOGAN-1.png\",\"contentUrl\":\"https:\\\/\\\/lasentinelle.dz\\\/wp-content\\\/uploads\\\/2021\\\/09\\\/logo-sentinelleSLOGAN-1.png\",\"width\":615,\"height\":142,\"caption\":\"Quotidien La Sentinelle\"},\"image\":{\"@id\":\"https:\\\/\\\/lasentinelle.dz\\\/#\\\/schema\\\/logo\\\/image\\\/\"},\"sameAs\":[\"https:\\\/\\\/www.facebook.com\\\/La-Sentinelle-104059864394773\"]},{\"@type\":\"Person\",\"@id\":\"https:\\\/\\\/lasentinelle.dz\\\/#\\\/schema\\\/person\\\/729ee0024f24e0b8c5ec17232f8e8b41\",\"name\":\"admin\",\"image\":{\"@type\":\"ImageObject\",\"inLanguage\":\"fr-FR\",\"@id\":\"https:\\\/\\\/secure.gravatar.com\\\/avatar\\\/4c81fed838786e9b53f540bf46533e750f5d292099ae3b66cfc6fb1982e29df7?s=96&d=mm&r=g\",\"url\":\"https:\\\/\\\/secure.gravatar.com\\\/avatar\\\/4c81fed838786e9b53f540bf46533e750f5d292099ae3b66cfc6fb1982e29df7?s=96&d=mm&r=g\",\"contentUrl\":\"https:\\\/\\\/secure.gravatar.com\\\/avatar\\\/4c81fed838786e9b53f540bf46533e750f5d292099ae3b66cfc6fb1982e29df7?s=96&d=mm&r=g\",\"caption\":\"admin\"},\"description\":\"admin\",\"url\":\"https:\\\/\\\/lasentinelle.dz\\\/author\\\/admin\\\/\"}]}<\/script>\n<!-- \/ Yoast SEO plugin. -->","yoast_head_json":{"title":"T\u00e9l\u00e9communications\u00a0:\u00a0Zerrouki mise sur les micro-entreprises pour r\u00e9aliser l&rsquo;objectif \u00ab\u00a0Tout fibre\u00a0\u00bb d&rsquo;ici 2027 - La Sentinelle","robots":{"index":"index","follow":"follow","max-snippet":"max-snippet:-1","max-image-preview":"max-image-preview:large","max-video-preview":"max-video-preview:-1"},"canonical":"https:\/\/lasentinelle.dz\/index.php\/2026\/01\/22\/telecommunications-zerrouki-mise-sur-les-micro-entreprises-pour-realiser-lobjectif-tout-fibre-dici-2027\/","og_locale":"fr_FR","og_type":"article","og_title":"T\u00e9l\u00e9communications\u00a0:\u00a0Zerrouki mise sur les micro-entreprises pour r\u00e9aliser l&rsquo;objectif \u00ab\u00a0Tout fibre\u00a0\u00bb d&rsquo;ici 2027 - La Sentinelle","og_description":"Le ministre de la Poste et des T\u00e9l\u00e9communications, Sid Ali Zerrouki, a convoqu\u00e9&nbsp;mardi&nbsp;les auto-entrepreneurs du secteur de la fibre optique","og_url":"https:\/\/lasentinelle.dz\/index.php\/2026\/01\/22\/telecommunications-zerrouki-mise-sur-les-micro-entreprises-pour-realiser-lobjectif-tout-fibre-dici-2027\/","og_site_name":"La Sentinelle","article_publisher":"https:\/\/www.facebook.com\/La-Sentinelle-104059864394773","article_published_time":"2026-01-22T11:56:37+00:00","article_modified_time":"2026-01-22T11:56:39+00:00","og_image":[{"width":2560,"height":1321,"url":"https:\/\/lasentinelle.dz\/wp-content\/uploads\/2023\/11\/internet-fibre.webp","type":"image\/webp"}],"author":"admin","twitter_card":"summary_large_image","twitter_misc":{"\u00c9crit par":"admin","Dur\u00e9e de lecture estim\u00e9e":"3 minutes"},"schema":{"@context":"https:\/\/schema.org","@graph":[{"@type":"Article","@id":"https:\/\/lasentinelle.dz\/index.php\/2026\/01\/22\/telecommunications-zerrouki-mise-sur-les-micro-entreprises-pour-realiser-lobjectif-tout-fibre-dici-2027\/#article","isPartOf":{"@id":"https:\/\/lasentinelle.dz\/index.php\/2026\/01\/22\/telecommunications-zerrouki-mise-sur-les-micro-entreprises-pour-realiser-lobjectif-tout-fibre-dici-2027\/"},"author":{"name":"admin","@id":"https:\/\/lasentinelle.dz\/#\/schema\/person\/729ee0024f24e0b8c5ec17232f8e8b41"},"headline":"T\u00e9l\u00e9communications\u00a0:\u00a0Zerrouki mise sur les micro-entreprises pour r\u00e9aliser l&rsquo;objectif \u00ab\u00a0Tout fibre\u00a0\u00bb d&rsquo;ici 2027","datePublished":"2026-01-22T11:56:37+00:00","dateModified":"2026-01-22T11:56:39+00:00","mainEntityOfPage":{"@id":"https:\/\/lasentinelle.dz\/index.php\/2026\/01\/22\/telecommunications-zerrouki-mise-sur-les-micro-entreprises-pour-realiser-lobjectif-tout-fibre-dici-2027\/"},"wordCount":542,"commentCount":0,"publisher":{"@id":"https:\/\/lasentinelle.dz\/#organization"},"image":{"@id":"https:\/\/lasentinelle.dz\/index.php\/2026\/01\/22\/telecommunications-zerrouki-mise-sur-les-micro-entreprises-pour-realiser-lobjectif-tout-fibre-dici-2027\/#primaryimage"},"thumbnailUrl":"https:\/\/lasentinelle.dz\/wp-content\/uploads\/2023\/11\/internet-fibre.webp","articleSection":["\u00c9conomie"],"inLanguage":"fr-FR","potentialAction":[{"@type":"CommentAction","name":"Comment","target":["https:\/\/lasentinelle.dz\/index.php\/2026\/01\/22\/telecommunications-zerrouki-mise-sur-les-micro-entreprises-pour-realiser-lobjectif-tout-fibre-dici-2027\/#respond"]}]},{"@type":"WebPage","@id":"https:\/\/lasentinelle.dz\/index.php\/2026\/01\/22\/telecommunications-zerrouki-mise-sur-les-micro-entreprises-pour-realiser-lobjectif-tout-fibre-dici-2027\/","url":"https:\/\/lasentinelle.dz\/index.php\/2026\/01\/22\/telecommunications-zerrouki-mise-sur-les-micro-entreprises-pour-realiser-lobjectif-tout-fibre-dici-2027\/","name":"T\u00e9l\u00e9communications\u00a0:\u00a0Zerrouki mise sur les micro-entreprises pour r\u00e9aliser l&rsquo;objectif \u00ab\u00a0Tout fibre\u00a0\u00bb d&rsquo;ici 2027 - La Sentinelle","isPartOf":{"@id":"https:\/\/lasentinelle.dz\/#website"},"primaryImageOfPage":{"@id":"https:\/\/lasentinelle.dz\/index.php\/2026\/01\/22\/telecommunications-zerrouki-mise-sur-les-micro-entreprises-pour-realiser-lobjectif-tout-fibre-dici-2027\/#primaryimage"},"image":{"@id":"https:\/\/lasentinelle.dz\/index.php\/2026\/01\/22\/telecommunications-zerrouki-mise-sur-les-micro-entreprises-pour-realiser-lobjectif-tout-fibre-dici-2027\/#primaryimage"},"thumbnailUrl":"https:\/\/lasentinelle.dz\/wp-content\/uploads\/2023\/11\/internet-fibre.webp","datePublished":"2026-01-22T11:56:37+00:00","dateModified":"2026-01-22T11:56:39+00:00","breadcrumb":{"@id":"https:\/\/lasentinelle.dz\/index.php\/2026\/01\/22\/telecommunications-zerrouki-mise-sur-les-micro-entreprises-pour-realiser-lobjectif-tout-fibre-dici-2027\/#breadcrumb"},"inLanguage":"fr-FR","potentialAction":[{"@type":"ReadAction","target":["https:\/\/lasentinelle.dz\/index.php\/2026\/01\/22\/telecommunications-zerrouki-mise-sur-les-micro-entreprises-pour-realiser-lobjectif-tout-fibre-dici-2027\/"]}]},{"@type":"ImageObject","inLanguage":"fr-FR","@id":"https:\/\/lasentinelle.dz\/index.php\/2026\/01\/22\/telecommunications-zerrouki-mise-sur-les-micro-entreprises-pour-realiser-lobjectif-tout-fibre-dici-2027\/#primaryimage","url":"https:\/\/lasentinelle.dz\/wp-content\/uploads\/2023\/11\/internet-fibre.webp","contentUrl":"https:\/\/lasentinelle.dz\/wp-content\/uploads\/2023\/11\/internet-fibre.webp","width":2560,"height":1321},{"@type":"BreadcrumbList","@id":"https:\/\/lasentinelle.dz\/index.php\/2026\/01\/22\/telecommunications-zerrouki-mise-sur-les-micro-entreprises-pour-realiser-lobjectif-tout-fibre-dici-2027\/#breadcrumb","itemListElement":[{"@type":"ListItem","position":1,"name":"Accueil","item":"https:\/\/lasentinelle.dz\/"},{"@type":"ListItem","position":2,"name":"T\u00e9l\u00e9communications\u00a0:\u00a0Zerrouki mise sur les micro-entreprises pour r\u00e9aliser l&rsquo;objectif \u00ab\u00a0Tout fibre\u00a0\u00bb d&rsquo;ici 2027"}]},{"@type":"WebSite","@id":"https:\/\/lasentinelle.dz\/#website","url":"https:\/\/lasentinelle.dz\/","name":"La Sentinelle","description":"Quotidien national d&#039;information","publisher":{"@id":"https:\/\/lasentinelle.dz\/#organization"},"potentialAction":[{"@type":"SearchAction","target":{"@type":"EntryPoint","urlTemplate":"https:\/\/lasentinelle.dz\/?s={search_term_string}"},"query-input":{"@type":"PropertyValueSpecification","valueRequired":true,"valueName":"search_term_string"}}],"inLanguage":"fr-FR"},{"@type":"Organization","@id":"https:\/\/lasentinelle.dz\/#organization","name":"Quotidien La Sentinelle","url":"https:\/\/lasentinelle.dz\/","logo":{"@type":"ImageObject","inLanguage":"fr-FR","@id":"https:\/\/lasentinelle.dz\/#\/schema\/logo\/image\/","url":"https:\/\/lasentinelle.dz\/wp-content\/uploads\/2021\/09\/logo-sentinelleSLOGAN-1.png","contentUrl":"https:\/\/lasentinelle.dz\/wp-content\/uploads\/2021\/09\/logo-sentinelleSLOGAN-1.png","width":615,"height":142,"caption":"Quotidien La Sentinelle"},"image":{"@id":"https:\/\/lasentinelle.dz\/#\/schema\/logo\/image\/"},"sameAs":["https:\/\/www.facebook.com\/La-Sentinelle-104059864394773"]},{"@type":"Person","@id":"https:\/\/lasentinelle.dz\/#\/schema\/person\/729ee0024f24e0b8c5ec17232f8e8b41","name":"admin","image":{"@type":"ImageObject","inLanguage":"fr-FR","@id":"https:\/\/secure.gravatar.com\/avatar\/4c81fed838786e9b53f540bf46533e750f5d292099ae3b66cfc6fb1982e29df7?s=96&d=mm&r=g","url":"https:\/\/secure.gravatar.com\/avatar\/4c81fed838786e9b53f540bf46533e750f5d292099ae3b66cfc6fb1982e29df7?s=96&d=mm&r=g","contentUrl":"https:\/\/secure.gravatar.com\/avatar\/4c81fed838786e9b53f540bf46533e750f5d292099ae3b66cfc6fb1982e29df7?s=96&d=mm&r=g","caption":"admin"},"description":"admin","url":"https:\/\/lasentinelle.dz\/author\/admin\/"}]}},"_links":{"self":[{"href":"https:\/\/lasentinelle.dz\/index.php\/wp-json\/wp\/v2\/posts\/79923","targetHints":{"allow":["GET"]}}],"collection":[{"href":"https:\/\/lasentinelle.dz\/index.php\/wp-json\/wp\/v2\/posts"}],"about":[{"href":"https:\/\/lasentinelle.dz\/index.php\/wp-json\/wp\/v2\/types\/post"}],"author":[{"embeddable":true,"href":"https:\/\/lasentinelle.dz\/index.php\/wp-json\/wp\/v2\/users\/6"}],"replies":[{"embeddable":true,"href":"https:\/\/lasentinelle.dz\/index.php\/wp-json\/wp\/v2\/comments?post=79923"}],"version-history":[{"count":2,"href":"https:\/\/lasentinelle.dz\/index.php\/wp-json\/wp\/v2\/posts\/79923\/revisions"}],"predecessor-version":[{"id":79925,"href":"https:\/\/lasentinelle.dz\/index.php\/wp-json\/wp\/v2\/posts\/79923\/revisions\/79925"}],"wp:featuredmedia":[{"embeddable":true,"href":"https:\/\/lasentinelle.dz\/index.php\/wp-json\/wp\/v2\/media\/46821"}],"wp:attachment":[{"href":"https:\/\/lasentinelle.dz\/index.php\/wp-json\/wp\/v2\/media?parent=79923"}],"wp:term":[{"taxonomy":"category","embeddable":true,"href":"https:\/\/lasentinelle.dz\/index.php\/wp-json\/wp\/v2\/categories?post=79923"},{"taxonomy":"post_tag","embeddable":true,"href":"https:\/\/lasentinelle.dz\/index.php\/wp-json\/wp\/v2\/tags?post=79923"}],"curies":[{"name":"wp","href":"https:\/\/api.w.org\/{rel}","templated":true}]}}