{"id":79928,"date":"2026-01-22T12:57:58","date_gmt":"2026-01-22T11:57:58","guid":{"rendered":"https:\/\/lasentinelle.dz\/?p=79928"},"modified":"2026-01-22T12:58:00","modified_gmt":"2026-01-22T11:58:00","slug":"avec-un-apport-de-1-480-mw-delectricite-renouvelable-9-centrales-solaires-receptionnees-en-2026","status":"publish","type":"post","link":"https:\/\/lasentinelle.dz\/index.php\/2026\/01\/22\/avec-un-apport-de-1-480-mw-delectricite-renouvelable-9-centrales-solaires-receptionnees-en-2026\/","title":{"rendered":"Avec un apport de\u00a01.480 MW\u00a0d\u2019\u00e9lectricit\u00e9 renouvelable\u00a0: 9 centrales solaires r\u00e9ceptionn\u00e9es en 2026"},"content":{"rendered":"\n<p>\u00c0 l\u2019heure o\u00f9 la transition \u00e9nerg\u00e9tique redessine les \u00e9quilibres \u00e9conomiques mondiaux, l\u2019Alg\u00e9rie acc\u00e9l\u00e8re sa mue. D\u00e8s l\u2019\u00e9t\u00e9 prochain, neuf centrales photovolta\u00efques entreront en service, portant la capacit\u00e9 nationale issue du solaire \u00e0 pr\u00e8s de 1 480 MW. En ajoutant la mont\u00e9e en puissance des infrastructures existantes, le pays vise rapidement le seuil symbolique des 2 000 MW d\u2019\u00e9lectricit\u00e9 propre, un basculement qui pourrait hisser l\u2019Alg\u00e9rie au rang de troisi\u00e8me producteur africain d\u2019\u00e9nergie renouvelable.<\/p>\n\n\n\n<p>Le directeur de l&rsquo;information et de la communication au minist\u00e8re de l&rsquo;\u00c9nergie et des \u00c9nergies renouvelables, Khalil Hedna, a r\u00e9v\u00e9l\u00e9 mercredi lors de son passage \u00e0 l&rsquo;\u00e9mission \u00ab\u00a0L&rsquo;invit\u00e9 du matin\u00a0\u00bb sur la Cha\u00eene radio nationale que neuf centrales photovolta\u00efques seront r\u00e9ceptionn\u00e9es au cours du mois d&rsquo;ao\u00fbt prochain, avec une capacit\u00e9 de production atteignant 1480 m\u00e9gawatts par heure. Deux d&rsquo;entre elles, situ\u00e9es \u00e0 Laghouat dans la wilaya de Biskra et \u00e0 Tendla dans la wilaya d&rsquo;El Meghaier, entreront en service d\u00e8s la fin du mois de janvier en cours, avec une capacit\u00e9 productive de 200 m\u00e9gawatts chacune.<\/p>\n\n\n\n<p>Ces nouvelles installations viendront rejoindre les centrales existantes de production d&rsquo;\u00e9nergie propre, \u00e0 l&rsquo;instar de la centrale solaire de Ghar Djebilet et de la centrale \u00e9olienne d&rsquo;Adrar. Selon Hedna, cette dynamique s&rsquo;inscrit dans une vision strat\u00e9gique de l&rsquo;\u00c9tat qui repose sur la transition vers une \u00e9nergie durable, en s&rsquo;appuyant sur un mix \u00e9nerg\u00e9tique combinant \u00e9nergies fossiles et \u00e9nergies renouvelables propres.<\/p>\n\n\n\n<p>La strat\u00e9gie nationale de transition \u00e9nerg\u00e9tique pr\u00e9voit que la premi\u00e8re phase du \u00ab\u00a0projet du si\u00e8cle\u00a0\u00bb permettra de produire 3200 m\u00e9gawatts d&rsquo;\u00e9nergies renouvelables, avec l&rsquo;entr\u00e9e en service des neuf centrales au cours de l&rsquo;ann\u00e9e 2026. Le responsable a \u00e9galement indiqu\u00e9 que la strat\u00e9gie du secteur englobe le raccordement des zones isol\u00e9es aux syst\u00e8mes photovolta\u00efques individuels, ainsi que des solutions innovantes dans le domaine du gaz, notamment le stockage de gaz propane \u00e0 Bordj Badji Mokhtar et Ain Guezzam.<\/p>\n\n\n\n<p>Au-del\u00e0 de la production d&rsquo;\u00e9nergies renouvelables, le minist\u00e8re de tutelle s&rsquo;appr\u00eate \u00e0 r\u00e9ceptionner la centrale \u00e0 cycle combin\u00e9 de Djelfa, dot\u00e9e d&rsquo;une productivit\u00e9 \u00e9lev\u00e9e estim\u00e9e \u00e0 1260 m\u00e9gawatts, \u00e9galement pr\u00e9vue pour le mois d&rsquo;ao\u00fbt prochain. Cette centrale avait connu un arr\u00eat dans sa r\u00e9alisation par l&rsquo;entreprise espagnole Duro Felguera, ce qui avait pouss\u00e9 Sonelgaz \u00e0 engager un arbitrage international contre la soci\u00e9t\u00e9, qui a perdu le proc\u00e8s et s&rsquo;est vue infliger une amende de 54,2 millions d&rsquo;euros.<\/p>\n\n\n\n<p><strong>Exporter de l\u2019\u00e9nergie propre<\/strong><\/p>\n\n\n\n<p>L&rsquo;optimisation de la production \u00e9nerg\u00e9tique s&rsquo;accompagne d&rsquo;une volont\u00e9 d&rsquo;acc\u00e9der aux march\u00e9s ext\u00e9rieurs. Khalil Hedna a r\u00e9v\u00e9l\u00e9 que l&rsquo;Alg\u00e9rie produit actuellement environ 27000 m\u00e9gawatts d&rsquo;\u00e9lectricit\u00e9, dont seulement un tiers est consomm\u00e9 au niveau national. Face \u00e0 cet exc\u00e9dent consid\u00e9rable, le pr\u00e9sident de la R\u00e9publique Abdelmadjid Tebboune a donn\u00e9 des instructions pour p\u00e9n\u00e9trer les march\u00e9s \u00e9trangers et exporter le surplus. L&rsquo;Alg\u00e9rie fournit d\u00e9j\u00e0 500 m\u00e9gawatts \u00e0 la Tunisie et d\u00e9veloppe des projets d&rsquo;exportation d&rsquo;\u00e9nergie vers l&rsquo;\u00c9gypte et la Libye via la Tunisie, ainsi qu&rsquo;un projet d&rsquo;approvisionnement de l&rsquo;Italie et de l&rsquo;Europe en \u00e9nergie d\u00e9carbon\u00e9e via une liaison maritime.&nbsp;Concernant les priorit\u00e9s du secteur, Hedna a soulign\u00e9 que l&rsquo;am\u00e9lioration du service public constitue le premier point du programme, aux c\u00f4t\u00e9s de l&rsquo;activation des installations connaissant des retards, de la garantie de la s\u00e9curit\u00e9 \u00e9nerg\u00e9tique au niveau national, puis de l&rsquo;acc\u00e8s aux march\u00e9s ext\u00e9rieurs. Il a pr\u00e9cis\u00e9 que le secteur \u0153uvre \u00e0 l&rsquo;extension du r\u00e9seau de raccordement au gaz naturel pour couvrir diff\u00e9rentes r\u00e9gions du pays, indiquant que le taux de raccordement a atteint actuellement environ 75 pour cent au niveau national.<\/p>\n\n\n\n<p>La transformation num\u00e9rique occupe \u00e9galement une place centrale dans la strat\u00e9gie du minist\u00e8re. Hedna a consid\u00e9r\u00e9 que le secteur de l&rsquo;\u00e9nergie et des \u00e9nergies renouvelables est concern\u00e9 par l&rsquo;acc\u00e9l\u00e9ration du rythme de num\u00e9risation, afin d&rsquo;am\u00e9liorer la rentabilit\u00e9 des entreprises et le service public. Plusieurs applications ont \u00e9t\u00e9 lanc\u00e9es pour le contr\u00f4le \u00e0 distance des r\u00e9seaux, la notification et la maintenance, en plus d&rsquo;applications num\u00e9riques destin\u00e9es \u00e0 faciliter le service au citoyen et renforcer la communication avec lui.&nbsp;Le responsable a ajout\u00e9 que le minist\u00e8re travaille sur l&rsquo;\u00e9laboration d&rsquo;un mod\u00e8le national de consommation \u00e9nerg\u00e9tique selon les p\u00e9riodes et les r\u00e9gions, dans le but d&rsquo;exploiter la banque de donn\u00e9es pour orienter et cibler les investissements, et mettre en place un programme efficace de rationalisation de la consommation d&rsquo;\u00e9nergie. Cette approche globale vise \u00e0 r\u00e9duire les co\u00fbts de distribution et de raccordement tout en assurant une gestion optimale des ressources \u00e9nerg\u00e9tiques du pays.<\/p>\n\n\n\n<p><strong>Sabrina Aziouez<\/strong><\/p>\n","protected":false},"excerpt":{"rendered":"<p>\u00c0 l\u2019heure o\u00f9 la transition \u00e9nerg\u00e9tique redessine les \u00e9quilibres \u00e9conomiques mondiaux, l\u2019Alg\u00e9rie acc\u00e9l\u00e8re sa mue. D\u00e8s l\u2019\u00e9t\u00e9 prochain, neuf centrales<\/p>\n","protected":false},"author":6,"featured_media":75469,"comment_status":"open","ping_status":"closed","sticky":false,"template":"","format":"standard","meta":{"colormag_page_container_layout":"default_layout","colormag_page_sidebar_layout":"default_layout","om_disable_all_campaigns":false,"_monsterinsights_skip_tracking":false,"_monsterinsights_sitenote_active":false,"_monsterinsights_sitenote_note":"","_monsterinsights_sitenote_category":0,"footnotes":"","_wpscppro_dont_share_socialmedia":false,"_wpscppro_custom_social_share_image":0,"_facebook_share_type":"default","_twitter_share_type":"default","_linkedin_share_type":"default","_pinterest_share_type":"default","_linkedin_share_type_page":"","_instagram_share_type":"default","_medium_share_type":"default","_threads_share_type":"default","_google_business_share_type":"default","_selected_social_profile":[],"_wpsp_enable_custom_social_template":false,"_wpsp_social_scheduling":{"enabled":false,"datetime":null,"platforms":[],"status":"template_only","dateOption":"today","timeOption":"now","customDays":"","customHours":"","customDate":"","customTime":"","schedulingType":"absolute"},"_wpsp_active_default_template":true},"categories":[52,29],"tags":[],"class_list":["post-79928","post","type-post","status-publish","format-standard","has-post-thumbnail","hentry","category-a-la-une","category-economie"],"aioseo_notices":[],"yoast_head":"<!-- This site is optimized with the Yoast SEO plugin v27.5 - https:\/\/yoast.com\/product\/yoast-seo-wordpress\/ -->\n<title>Avec un apport de\u00a01.480 MW\u00a0d\u2019\u00e9lectricit\u00e9 renouvelable\u00a0: 9 centrales solaires r\u00e9ceptionn\u00e9es en 2026 - La Sentinelle<\/title>\n<meta name=\"robots\" content=\"index, follow, max-snippet:-1, max-image-preview:large, max-video-preview:-1\" \/>\n<link rel=\"canonical\" href=\"https:\/\/lasentinelle.dz\/index.php\/2026\/01\/22\/avec-un-apport-de-1-480-mw-delectricite-renouvelable-9-centrales-solaires-receptionnees-en-2026\/\" \/>\n<meta property=\"og:locale\" content=\"fr_FR\" \/>\n<meta property=\"og:type\" content=\"article\" \/>\n<meta property=\"og:title\" content=\"Avec un apport de\u00a01.480 MW\u00a0d\u2019\u00e9lectricit\u00e9 renouvelable\u00a0: 9 centrales solaires r\u00e9ceptionn\u00e9es en 2026 - La Sentinelle\" \/>\n<meta property=\"og:description\" content=\"\u00c0 l\u2019heure o\u00f9 la transition \u00e9nerg\u00e9tique redessine les \u00e9quilibres \u00e9conomiques mondiaux, l\u2019Alg\u00e9rie acc\u00e9l\u00e8re sa mue. D\u00e8s l\u2019\u00e9t\u00e9 prochain, neuf centrales\" \/>\n<meta property=\"og:url\" content=\"https:\/\/lasentinelle.dz\/index.php\/2026\/01\/22\/avec-un-apport-de-1-480-mw-delectricite-renouvelable-9-centrales-solaires-receptionnees-en-2026\/\" \/>\n<meta property=\"og:site_name\" content=\"La Sentinelle\" \/>\n<meta property=\"article:publisher\" content=\"https:\/\/www.facebook.com\/La-Sentinelle-104059864394773\" \/>\n<meta property=\"article:published_time\" content=\"2026-01-22T11:57:58+00:00\" \/>\n<meta property=\"article:modified_time\" content=\"2026-01-22T11:58:00+00:00\" \/>\n<meta property=\"og:image\" content=\"https:\/\/lasentinelle.dz\/wp-content\/uploads\/2025\/10\/ENR.gif\" \/>\n\t<meta property=\"og:image:width\" content=\"1900\" \/>\n\t<meta property=\"og:image:height\" content=\"1265\" \/>\n\t<meta property=\"og:image:type\" content=\"image\/gif\" \/>\n<meta name=\"author\" content=\"admin\" \/>\n<meta name=\"twitter:card\" content=\"summary_large_image\" \/>\n<meta name=\"twitter:label1\" content=\"\u00c9crit par\" \/>\n\t<meta name=\"twitter:data1\" content=\"admin\" \/>\n\t<meta name=\"twitter:label2\" content=\"Dur\u00e9e de lecture estim\u00e9e\" \/>\n\t<meta name=\"twitter:data2\" content=\"4 minutes\" \/>\n<script type=\"application\/ld+json\" class=\"yoast-schema-graph\">{\"@context\":\"https:\\\/\\\/schema.org\",\"@graph\":[{\"@type\":\"Article\",\"@id\":\"https:\\\/\\\/lasentinelle.dz\\\/index.php\\\/2026\\\/01\\\/22\\\/avec-un-apport-de-1-480-mw-delectricite-renouvelable-9-centrales-solaires-receptionnees-en-2026\\\/#article\",\"isPartOf\":{\"@id\":\"https:\\\/\\\/lasentinelle.dz\\\/index.php\\\/2026\\\/01\\\/22\\\/avec-un-apport-de-1-480-mw-delectricite-renouvelable-9-centrales-solaires-receptionnees-en-2026\\\/\"},\"author\":{\"name\":\"admin\",\"@id\":\"https:\\\/\\\/lasentinelle.dz\\\/#\\\/schema\\\/person\\\/729ee0024f24e0b8c5ec17232f8e8b41\"},\"headline\":\"Avec un apport de\u00a01.480 MW\u00a0d\u2019\u00e9lectricit\u00e9 renouvelable\u00a0: 9 centrales solaires r\u00e9ceptionn\u00e9es en 2026\",\"datePublished\":\"2026-01-22T11:57:58+00:00\",\"dateModified\":\"2026-01-22T11:58:00+00:00\",\"mainEntityOfPage\":{\"@id\":\"https:\\\/\\\/lasentinelle.dz\\\/index.php\\\/2026\\\/01\\\/22\\\/avec-un-apport-de-1-480-mw-delectricite-renouvelable-9-centrales-solaires-receptionnees-en-2026\\\/\"},\"wordCount\":864,\"commentCount\":0,\"publisher\":{\"@id\":\"https:\\\/\\\/lasentinelle.dz\\\/#organization\"},\"image\":{\"@id\":\"https:\\\/\\\/lasentinelle.dz\\\/index.php\\\/2026\\\/01\\\/22\\\/avec-un-apport-de-1-480-mw-delectricite-renouvelable-9-centrales-solaires-receptionnees-en-2026\\\/#primaryimage\"},\"thumbnailUrl\":\"https:\\\/\\\/lasentinelle.dz\\\/wp-content\\\/uploads\\\/2025\\\/10\\\/ENR.gif\",\"articleSection\":[\"\u00c0 la Une\",\"\u00c9conomie\"],\"inLanguage\":\"fr-FR\",\"potentialAction\":[{\"@type\":\"CommentAction\",\"name\":\"Comment\",\"target\":[\"https:\\\/\\\/lasentinelle.dz\\\/index.php\\\/2026\\\/01\\\/22\\\/avec-un-apport-de-1-480-mw-delectricite-renouvelable-9-centrales-solaires-receptionnees-en-2026\\\/#respond\"]}]},{\"@type\":\"WebPage\",\"@id\":\"https:\\\/\\\/lasentinelle.dz\\\/index.php\\\/2026\\\/01\\\/22\\\/avec-un-apport-de-1-480-mw-delectricite-renouvelable-9-centrales-solaires-receptionnees-en-2026\\\/\",\"url\":\"https:\\\/\\\/lasentinelle.dz\\\/index.php\\\/2026\\\/01\\\/22\\\/avec-un-apport-de-1-480-mw-delectricite-renouvelable-9-centrales-solaires-receptionnees-en-2026\\\/\",\"name\":\"Avec un apport de\u00a01.480 MW\u00a0d\u2019\u00e9lectricit\u00e9 renouvelable\u00a0: 9 centrales solaires r\u00e9ceptionn\u00e9es en 2026 - La Sentinelle\",\"isPartOf\":{\"@id\":\"https:\\\/\\\/lasentinelle.dz\\\/#website\"},\"primaryImageOfPage\":{\"@id\":\"https:\\\/\\\/lasentinelle.dz\\\/index.php\\\/2026\\\/01\\\/22\\\/avec-un-apport-de-1-480-mw-delectricite-renouvelable-9-centrales-solaires-receptionnees-en-2026\\\/#primaryimage\"},\"image\":{\"@id\":\"https:\\\/\\\/lasentinelle.dz\\\/index.php\\\/2026\\\/01\\\/22\\\/avec-un-apport-de-1-480-mw-delectricite-renouvelable-9-centrales-solaires-receptionnees-en-2026\\\/#primaryimage\"},\"thumbnailUrl\":\"https:\\\/\\\/lasentinelle.dz\\\/wp-content\\\/uploads\\\/2025\\\/10\\\/ENR.gif\",\"datePublished\":\"2026-01-22T11:57:58+00:00\",\"dateModified\":\"2026-01-22T11:58:00+00:00\",\"breadcrumb\":{\"@id\":\"https:\\\/\\\/lasentinelle.dz\\\/index.php\\\/2026\\\/01\\\/22\\\/avec-un-apport-de-1-480-mw-delectricite-renouvelable-9-centrales-solaires-receptionnees-en-2026\\\/#breadcrumb\"},\"inLanguage\":\"fr-FR\",\"potentialAction\":[{\"@type\":\"ReadAction\",\"target\":[\"https:\\\/\\\/lasentinelle.dz\\\/index.php\\\/2026\\\/01\\\/22\\\/avec-un-apport-de-1-480-mw-delectricite-renouvelable-9-centrales-solaires-receptionnees-en-2026\\\/\"]}]},{\"@type\":\"ImageObject\",\"inLanguage\":\"fr-FR\",\"@id\":\"https:\\\/\\\/lasentinelle.dz\\\/index.php\\\/2026\\\/01\\\/22\\\/avec-un-apport-de-1-480-mw-delectricite-renouvelable-9-centrales-solaires-receptionnees-en-2026\\\/#primaryimage\",\"url\":\"https:\\\/\\\/lasentinelle.dz\\\/wp-content\\\/uploads\\\/2025\\\/10\\\/ENR.gif\",\"contentUrl\":\"https:\\\/\\\/lasentinelle.dz\\\/wp-content\\\/uploads\\\/2025\\\/10\\\/ENR.gif\",\"width\":1900,\"height\":1265},{\"@type\":\"BreadcrumbList\",\"@id\":\"https:\\\/\\\/lasentinelle.dz\\\/index.php\\\/2026\\\/01\\\/22\\\/avec-un-apport-de-1-480-mw-delectricite-renouvelable-9-centrales-solaires-receptionnees-en-2026\\\/#breadcrumb\",\"itemListElement\":[{\"@type\":\"ListItem\",\"position\":1,\"name\":\"Accueil\",\"item\":\"https:\\\/\\\/lasentinelle.dz\\\/\"},{\"@type\":\"ListItem\",\"position\":2,\"name\":\"Avec un apport de\u00a01.480 MW\u00a0d\u2019\u00e9lectricit\u00e9 renouvelable\u00a0: 9 centrales solaires r\u00e9ceptionn\u00e9es en 2026\"}]},{\"@type\":\"WebSite\",\"@id\":\"https:\\\/\\\/lasentinelle.dz\\\/#website\",\"url\":\"https:\\\/\\\/lasentinelle.dz\\\/\",\"name\":\"La Sentinelle\",\"description\":\"Quotidien national d&#039;information\",\"publisher\":{\"@id\":\"https:\\\/\\\/lasentinelle.dz\\\/#organization\"},\"potentialAction\":[{\"@type\":\"SearchAction\",\"target\":{\"@type\":\"EntryPoint\",\"urlTemplate\":\"https:\\\/\\\/lasentinelle.dz\\\/?s={search_term_string}\"},\"query-input\":{\"@type\":\"PropertyValueSpecification\",\"valueRequired\":true,\"valueName\":\"search_term_string\"}}],\"inLanguage\":\"fr-FR\"},{\"@type\":\"Organization\",\"@id\":\"https:\\\/\\\/lasentinelle.dz\\\/#organization\",\"name\":\"Quotidien La Sentinelle\",\"url\":\"https:\\\/\\\/lasentinelle.dz\\\/\",\"logo\":{\"@type\":\"ImageObject\",\"inLanguage\":\"fr-FR\",\"@id\":\"https:\\\/\\\/lasentinelle.dz\\\/#\\\/schema\\\/logo\\\/image\\\/\",\"url\":\"https:\\\/\\\/lasentinelle.dz\\\/wp-content\\\/uploads\\\/2021\\\/09\\\/logo-sentinelleSLOGAN-1.png\",\"contentUrl\":\"https:\\\/\\\/lasentinelle.dz\\\/wp-content\\\/uploads\\\/2021\\\/09\\\/logo-sentinelleSLOGAN-1.png\",\"width\":615,\"height\":142,\"caption\":\"Quotidien La Sentinelle\"},\"image\":{\"@id\":\"https:\\\/\\\/lasentinelle.dz\\\/#\\\/schema\\\/logo\\\/image\\\/\"},\"sameAs\":[\"https:\\\/\\\/www.facebook.com\\\/La-Sentinelle-104059864394773\"]},{\"@type\":\"Person\",\"@id\":\"https:\\\/\\\/lasentinelle.dz\\\/#\\\/schema\\\/person\\\/729ee0024f24e0b8c5ec17232f8e8b41\",\"name\":\"admin\",\"image\":{\"@type\":\"ImageObject\",\"inLanguage\":\"fr-FR\",\"@id\":\"https:\\\/\\\/secure.gravatar.com\\\/avatar\\\/4c81fed838786e9b53f540bf46533e750f5d292099ae3b66cfc6fb1982e29df7?s=96&d=mm&r=g\",\"url\":\"https:\\\/\\\/secure.gravatar.com\\\/avatar\\\/4c81fed838786e9b53f540bf46533e750f5d292099ae3b66cfc6fb1982e29df7?s=96&d=mm&r=g\",\"contentUrl\":\"https:\\\/\\\/secure.gravatar.com\\\/avatar\\\/4c81fed838786e9b53f540bf46533e750f5d292099ae3b66cfc6fb1982e29df7?s=96&d=mm&r=g\",\"caption\":\"admin\"},\"description\":\"admin\",\"url\":\"https:\\\/\\\/lasentinelle.dz\\\/author\\\/admin\\\/\"}]}<\/script>\n<!-- \/ Yoast SEO plugin. -->","yoast_head_json":{"title":"Avec un apport de\u00a01.480 MW\u00a0d\u2019\u00e9lectricit\u00e9 renouvelable\u00a0: 9 centrales solaires r\u00e9ceptionn\u00e9es en 2026 - La Sentinelle","robots":{"index":"index","follow":"follow","max-snippet":"max-snippet:-1","max-image-preview":"max-image-preview:large","max-video-preview":"max-video-preview:-1"},"canonical":"https:\/\/lasentinelle.dz\/index.php\/2026\/01\/22\/avec-un-apport-de-1-480-mw-delectricite-renouvelable-9-centrales-solaires-receptionnees-en-2026\/","og_locale":"fr_FR","og_type":"article","og_title":"Avec un apport de\u00a01.480 MW\u00a0d\u2019\u00e9lectricit\u00e9 renouvelable\u00a0: 9 centrales solaires r\u00e9ceptionn\u00e9es en 2026 - La Sentinelle","og_description":"\u00c0 l\u2019heure o\u00f9 la transition \u00e9nerg\u00e9tique redessine les \u00e9quilibres \u00e9conomiques mondiaux, l\u2019Alg\u00e9rie acc\u00e9l\u00e8re sa mue. D\u00e8s l\u2019\u00e9t\u00e9 prochain, neuf centrales","og_url":"https:\/\/lasentinelle.dz\/index.php\/2026\/01\/22\/avec-un-apport-de-1-480-mw-delectricite-renouvelable-9-centrales-solaires-receptionnees-en-2026\/","og_site_name":"La Sentinelle","article_publisher":"https:\/\/www.facebook.com\/La-Sentinelle-104059864394773","article_published_time":"2026-01-22T11:57:58+00:00","article_modified_time":"2026-01-22T11:58:00+00:00","og_image":[{"width":1900,"height":1265,"url":"https:\/\/lasentinelle.dz\/wp-content\/uploads\/2025\/10\/ENR.gif","type":"image\/gif"}],"author":"admin","twitter_card":"summary_large_image","twitter_misc":{"\u00c9crit par":"admin","Dur\u00e9e de lecture estim\u00e9e":"4 minutes"},"schema":{"@context":"https:\/\/schema.org","@graph":[{"@type":"Article","@id":"https:\/\/lasentinelle.dz\/index.php\/2026\/01\/22\/avec-un-apport-de-1-480-mw-delectricite-renouvelable-9-centrales-solaires-receptionnees-en-2026\/#article","isPartOf":{"@id":"https:\/\/lasentinelle.dz\/index.php\/2026\/01\/22\/avec-un-apport-de-1-480-mw-delectricite-renouvelable-9-centrales-solaires-receptionnees-en-2026\/"},"author":{"name":"admin","@id":"https:\/\/lasentinelle.dz\/#\/schema\/person\/729ee0024f24e0b8c5ec17232f8e8b41"},"headline":"Avec un apport de\u00a01.480 MW\u00a0d\u2019\u00e9lectricit\u00e9 renouvelable\u00a0: 9 centrales solaires r\u00e9ceptionn\u00e9es en 2026","datePublished":"2026-01-22T11:57:58+00:00","dateModified":"2026-01-22T11:58:00+00:00","mainEntityOfPage":{"@id":"https:\/\/lasentinelle.dz\/index.php\/2026\/01\/22\/avec-un-apport-de-1-480-mw-delectricite-renouvelable-9-centrales-solaires-receptionnees-en-2026\/"},"wordCount":864,"commentCount":0,"publisher":{"@id":"https:\/\/lasentinelle.dz\/#organization"},"image":{"@id":"https:\/\/lasentinelle.dz\/index.php\/2026\/01\/22\/avec-un-apport-de-1-480-mw-delectricite-renouvelable-9-centrales-solaires-receptionnees-en-2026\/#primaryimage"},"thumbnailUrl":"https:\/\/lasentinelle.dz\/wp-content\/uploads\/2025\/10\/ENR.gif","articleSection":["\u00c0 la Une","\u00c9conomie"],"inLanguage":"fr-FR","potentialAction":[{"@type":"CommentAction","name":"Comment","target":["https:\/\/lasentinelle.dz\/index.php\/2026\/01\/22\/avec-un-apport-de-1-480-mw-delectricite-renouvelable-9-centrales-solaires-receptionnees-en-2026\/#respond"]}]},{"@type":"WebPage","@id":"https:\/\/lasentinelle.dz\/index.php\/2026\/01\/22\/avec-un-apport-de-1-480-mw-delectricite-renouvelable-9-centrales-solaires-receptionnees-en-2026\/","url":"https:\/\/lasentinelle.dz\/index.php\/2026\/01\/22\/avec-un-apport-de-1-480-mw-delectricite-renouvelable-9-centrales-solaires-receptionnees-en-2026\/","name":"Avec un apport de\u00a01.480 MW\u00a0d\u2019\u00e9lectricit\u00e9 renouvelable\u00a0: 9 centrales solaires r\u00e9ceptionn\u00e9es en 2026 - La Sentinelle","isPartOf":{"@id":"https:\/\/lasentinelle.dz\/#website"},"primaryImageOfPage":{"@id":"https:\/\/lasentinelle.dz\/index.php\/2026\/01\/22\/avec-un-apport-de-1-480-mw-delectricite-renouvelable-9-centrales-solaires-receptionnees-en-2026\/#primaryimage"},"image":{"@id":"https:\/\/lasentinelle.dz\/index.php\/2026\/01\/22\/avec-un-apport-de-1-480-mw-delectricite-renouvelable-9-centrales-solaires-receptionnees-en-2026\/#primaryimage"},"thumbnailUrl":"https:\/\/lasentinelle.dz\/wp-content\/uploads\/2025\/10\/ENR.gif","datePublished":"2026-01-22T11:57:58+00:00","dateModified":"2026-01-22T11:58:00+00:00","breadcrumb":{"@id":"https:\/\/lasentinelle.dz\/index.php\/2026\/01\/22\/avec-un-apport-de-1-480-mw-delectricite-renouvelable-9-centrales-solaires-receptionnees-en-2026\/#breadcrumb"},"inLanguage":"fr-FR","potentialAction":[{"@type":"ReadAction","target":["https:\/\/lasentinelle.dz\/index.php\/2026\/01\/22\/avec-un-apport-de-1-480-mw-delectricite-renouvelable-9-centrales-solaires-receptionnees-en-2026\/"]}]},{"@type":"ImageObject","inLanguage":"fr-FR","@id":"https:\/\/lasentinelle.dz\/index.php\/2026\/01\/22\/avec-un-apport-de-1-480-mw-delectricite-renouvelable-9-centrales-solaires-receptionnees-en-2026\/#primaryimage","url":"https:\/\/lasentinelle.dz\/wp-content\/uploads\/2025\/10\/ENR.gif","contentUrl":"https:\/\/lasentinelle.dz\/wp-content\/uploads\/2025\/10\/ENR.gif","width":1900,"height":1265},{"@type":"BreadcrumbList","@id":"https:\/\/lasentinelle.dz\/index.php\/2026\/01\/22\/avec-un-apport-de-1-480-mw-delectricite-renouvelable-9-centrales-solaires-receptionnees-en-2026\/#breadcrumb","itemListElement":[{"@type":"ListItem","position":1,"name":"Accueil","item":"https:\/\/lasentinelle.dz\/"},{"@type":"ListItem","position":2,"name":"Avec un apport de\u00a01.480 MW\u00a0d\u2019\u00e9lectricit\u00e9 renouvelable\u00a0: 9 centrales solaires r\u00e9ceptionn\u00e9es en 2026"}]},{"@type":"WebSite","@id":"https:\/\/lasentinelle.dz\/#website","url":"https:\/\/lasentinelle.dz\/","name":"La Sentinelle","description":"Quotidien national d&#039;information","publisher":{"@id":"https:\/\/lasentinelle.dz\/#organization"},"potentialAction":[{"@type":"SearchAction","target":{"@type":"EntryPoint","urlTemplate":"https:\/\/lasentinelle.dz\/?s={search_term_string}"},"query-input":{"@type":"PropertyValueSpecification","valueRequired":true,"valueName":"search_term_string"}}],"inLanguage":"fr-FR"},{"@type":"Organization","@id":"https:\/\/lasentinelle.dz\/#organization","name":"Quotidien La Sentinelle","url":"https:\/\/lasentinelle.dz\/","logo":{"@type":"ImageObject","inLanguage":"fr-FR","@id":"https:\/\/lasentinelle.dz\/#\/schema\/logo\/image\/","url":"https:\/\/lasentinelle.dz\/wp-content\/uploads\/2021\/09\/logo-sentinelleSLOGAN-1.png","contentUrl":"https:\/\/lasentinelle.dz\/wp-content\/uploads\/2021\/09\/logo-sentinelleSLOGAN-1.png","width":615,"height":142,"caption":"Quotidien La Sentinelle"},"image":{"@id":"https:\/\/lasentinelle.dz\/#\/schema\/logo\/image\/"},"sameAs":["https:\/\/www.facebook.com\/La-Sentinelle-104059864394773"]},{"@type":"Person","@id":"https:\/\/lasentinelle.dz\/#\/schema\/person\/729ee0024f24e0b8c5ec17232f8e8b41","name":"admin","image":{"@type":"ImageObject","inLanguage":"fr-FR","@id":"https:\/\/secure.gravatar.com\/avatar\/4c81fed838786e9b53f540bf46533e750f5d292099ae3b66cfc6fb1982e29df7?s=96&d=mm&r=g","url":"https:\/\/secure.gravatar.com\/avatar\/4c81fed838786e9b53f540bf46533e750f5d292099ae3b66cfc6fb1982e29df7?s=96&d=mm&r=g","contentUrl":"https:\/\/secure.gravatar.com\/avatar\/4c81fed838786e9b53f540bf46533e750f5d292099ae3b66cfc6fb1982e29df7?s=96&d=mm&r=g","caption":"admin"},"description":"admin","url":"https:\/\/lasentinelle.dz\/author\/admin\/"}]}},"_links":{"self":[{"href":"https:\/\/lasentinelle.dz\/index.php\/wp-json\/wp\/v2\/posts\/79928","targetHints":{"allow":["GET"]}}],"collection":[{"href":"https:\/\/lasentinelle.dz\/index.php\/wp-json\/wp\/v2\/posts"}],"about":[{"href":"https:\/\/lasentinelle.dz\/index.php\/wp-json\/wp\/v2\/types\/post"}],"author":[{"embeddable":true,"href":"https:\/\/lasentinelle.dz\/index.php\/wp-json\/wp\/v2\/users\/6"}],"replies":[{"embeddable":true,"href":"https:\/\/lasentinelle.dz\/index.php\/wp-json\/wp\/v2\/comments?post=79928"}],"version-history":[{"count":1,"href":"https:\/\/lasentinelle.dz\/index.php\/wp-json\/wp\/v2\/posts\/79928\/revisions"}],"predecessor-version":[{"id":79929,"href":"https:\/\/lasentinelle.dz\/index.php\/wp-json\/wp\/v2\/posts\/79928\/revisions\/79929"}],"wp:featuredmedia":[{"embeddable":true,"href":"https:\/\/lasentinelle.dz\/index.php\/wp-json\/wp\/v2\/media\/75469"}],"wp:attachment":[{"href":"https:\/\/lasentinelle.dz\/index.php\/wp-json\/wp\/v2\/media?parent=79928"}],"wp:term":[{"taxonomy":"category","embeddable":true,"href":"https:\/\/lasentinelle.dz\/index.php\/wp-json\/wp\/v2\/categories?post=79928"},{"taxonomy":"post_tag","embeddable":true,"href":"https:\/\/lasentinelle.dz\/index.php\/wp-json\/wp\/v2\/tags?post=79928"}],"curies":[{"name":"wp","href":"https:\/\/api.w.org\/{rel}","templated":true}]}}