{"id":79944,"date":"2026-01-22T13:08:38","date_gmt":"2026-01-22T12:08:38","guid":{"rendered":"https:\/\/lasentinelle.dz\/?p=79944"},"modified":"2026-01-22T13:08:40","modified_gmt":"2026-01-22T12:08:40","slug":"semica-tchad-2026-lalgerie-deploie-son-expertise-energetique-en-afrique","status":"publish","type":"post","link":"https:\/\/lasentinelle.dz\/index.php\/2026\/01\/22\/semica-tchad-2026-lalgerie-deploie-son-expertise-energetique-en-afrique\/","title":{"rendered":"SEMICA Tchad 2026\u00a0:\u00a0L&rsquo;Alg\u00e9rie d\u00e9ploie son expertise \u00e9nerg\u00e9tique en Afrique"},"content":{"rendered":"\n<p>Invit\u00e9e d&rsquo;honneur du Salon international des mines, des carri\u00e8res et des hydrocarbures qui se tient \u00e0 N&rsquo;Djamena du 21 au 23 janvier, l&rsquo;Alg\u00e9rie affirme sa volont\u00e9 de partager son savoir-faire avec les pays africains et de renforcer la coop\u00e9ration Sud-Sud dans les secteurs strat\u00e9giques de l&rsquo;\u00e9nergie et des mines. La d\u00e9l\u00e9gation alg\u00e9rienne de haut niveau, conduite par le ministre d&rsquo;Etat, ministre des Hydrocarbures et des Mines&nbsp;Mohamed Arkab et comprenant \u00e9galement le&nbsp;ministre&nbsp;de l\u2019Industrie&nbsp;Yahia Bachir et&nbsp;celui de l\u2019\u00c9nergie et des \u00c9nergies renouvelables&nbsp;Mourad Adjal, illustre l&rsquo;importance que le pays accorde \u00e0 ce rendez-vous continental.&nbsp;Le ministre de l&rsquo;Energie et des Energies renouvelables, Mourad Adjal, a clairement&nbsp;d\u2019ailleurs&nbsp;exprim\u00e9 mercredi la disposition de l&rsquo;Alg\u00e9rie \u00e0 mettre ses expertises techniques au service du Tchad dans le cadre de partenariats gagnant-gagnant entre op\u00e9rateurs des deux pays. Lors d&rsquo;un entretien avec son homologue tchadien Passal\u00e9 Kanab\u00e9 Marcelin, il a pr\u00e9sent\u00e9 un panorama complet du secteur \u00e9nerg\u00e9tique alg\u00e9rien, couvrant l&rsquo;\u00e9lectricit\u00e9, le gaz et les capacit\u00e9s industrielles qui s&rsquo;\u00e9tendent sur toute la cha\u00eene de valeur, des turbines aux disjoncteurs \u00e0 basse tension. L&rsquo;accent a \u00e9t\u00e9 mis sur les comp\u00e9tences alg\u00e9riennes en mati\u00e8re de formation des ressources humaines et de construction d&rsquo;infrastructures \u00e9nerg\u00e9tiques de production, transport et distribution. Le ministre tchadien a exprim\u00e9 l&rsquo;int\u00e9r\u00eat de son pays pour cette coop\u00e9ration technique.&nbsp;Le pavillon alg\u00e9rien, inaugur\u00e9 en pr\u00e9sence du Premier ministre tchadien Alamaye Halina repr\u00e9sentant le pr\u00e9sident Mahamat Idriss Deby Itno, constitue une vitrine des capacit\u00e9s nationales dans les hydrocarbures et les mines. Il met en lumi\u00e8re l&rsquo;expertise de fleurons industriels comme Sonatrach, compagnie p\u00e9troli\u00e8re nationale active sur l&rsquo;ensemble de la cha\u00eene de valeur et engag\u00e9e dans la transformation num\u00e9rique et la responsabilit\u00e9 environnementale, Sonarem qui d\u00e9veloppe les industries mini\u00e8res \u00e0 travers l&rsquo;exploitation et la transformation des ressources min\u00e9rales, et Naftal qui assure l&rsquo;approvisionnement du march\u00e9 en carburants et gaz tout en modernisant ses services par la num\u00e9risation.<\/p>\n\n\n\n<p>Cette participation traduit l&rsquo;ambition alg\u00e9rienne de promouvoir les secteurs des hydrocarbures et des mines comme leviers essentiels du d\u00e9veloppement socio-\u00e9conomique durable en Afrique. En partageant son exp\u00e9rience accumul\u00e9e et ses innovations technologiques, l&rsquo;Alg\u00e9rie entend contribuer au renforcement des capacit\u00e9s africaines, favoriser les investissements conjoints et soutenir une coop\u00e9ration Sud-Sud mutuellement b\u00e9n\u00e9fique. Le SEMICA Tchad 2026 repr\u00e9sente ainsi une opportunit\u00e9 strat\u00e9gique pour l&rsquo;Alg\u00e9rie d&rsquo;\u00e9tendre son influence continentale et de consolider sa position d&rsquo;acteur majeur du secteur \u00e9nerg\u00e9tique africain.<\/p>\n\n\n\n<p>Amar Malki<\/p>\n\n\n\n<p><\/p>\n","protected":false},"excerpt":{"rendered":"<p>Invit\u00e9e d&rsquo;honneur du Salon international des mines, des carri\u00e8res et des hydrocarbures qui se tient \u00e0 N&rsquo;Djamena du 21 au<\/p>\n","protected":false},"author":6,"featured_media":79945,"comment_status":"open","ping_status":"closed","sticky":false,"template":"","format":"standard","meta":{"colormag_page_container_layout":"default_layout","colormag_page_sidebar_layout":"default_layout","om_disable_all_campaigns":false,"_monsterinsights_skip_tracking":false,"_monsterinsights_sitenote_active":false,"_monsterinsights_sitenote_note":"","_monsterinsights_sitenote_category":0,"footnotes":"","_wpscppro_dont_share_socialmedia":false,"_wpscppro_custom_social_share_image":0,"_facebook_share_type":"default","_twitter_share_type":"default","_linkedin_share_type":"default","_pinterest_share_type":"default","_linkedin_share_type_page":"","_instagram_share_type":"default","_medium_share_type":"default","_threads_share_type":"default","_google_business_share_type":"default","_selected_social_profile":[],"_wpsp_enable_custom_social_template":false,"_wpsp_social_scheduling":{"enabled":false,"datetime":null,"platforms":[],"status":"template_only","dateOption":"today","timeOption":"now","customDays":"","customHours":"","customDate":"","customTime":"","schedulingType":"absolute"},"_wpsp_active_default_template":true},"categories":[27],"tags":[],"class_list":["post-79944","post","type-post","status-publish","format-standard","has-post-thumbnail","hentry","category-actualite"],"aioseo_notices":[],"yoast_head":"<!-- This site is optimized with the Yoast SEO plugin v27.4 - https:\/\/yoast.com\/product\/yoast-seo-wordpress\/ -->\n<title>SEMICA Tchad 2026\u00a0:\u00a0L&rsquo;Alg\u00e9rie d\u00e9ploie son expertise \u00e9nerg\u00e9tique en Afrique - La Sentinelle<\/title>\n<meta name=\"robots\" content=\"index, follow, max-snippet:-1, max-image-preview:large, max-video-preview:-1\" \/>\n<link rel=\"canonical\" href=\"https:\/\/lasentinelle.dz\/index.php\/2026\/01\/22\/semica-tchad-2026-lalgerie-deploie-son-expertise-energetique-en-afrique\/\" \/>\n<meta property=\"og:locale\" content=\"fr_FR\" \/>\n<meta property=\"og:type\" content=\"article\" \/>\n<meta property=\"og:title\" content=\"SEMICA Tchad 2026\u00a0:\u00a0L&rsquo;Alg\u00e9rie d\u00e9ploie son expertise \u00e9nerg\u00e9tique en Afrique - La Sentinelle\" \/>\n<meta property=\"og:description\" content=\"Invit\u00e9e d&rsquo;honneur du Salon international des mines, des carri\u00e8res et des hydrocarbures qui se tient \u00e0 N&rsquo;Djamena du 21 au\" \/>\n<meta property=\"og:url\" content=\"https:\/\/lasentinelle.dz\/index.php\/2026\/01\/22\/semica-tchad-2026-lalgerie-deploie-son-expertise-energetique-en-afrique\/\" \/>\n<meta property=\"og:site_name\" content=\"La Sentinelle\" \/>\n<meta property=\"article:publisher\" content=\"https:\/\/www.facebook.com\/La-Sentinelle-104059864394773\" \/>\n<meta property=\"article:published_time\" content=\"2026-01-22T12:08:38+00:00\" \/>\n<meta property=\"article:modified_time\" content=\"2026-01-22T12:08:40+00:00\" \/>\n<meta property=\"og:image\" content=\"https:\/\/lasentinelle.dz\/wp-content\/uploads\/2026\/01\/semica.webp\" \/>\n\t<meta property=\"og:image:width\" content=\"900\" \/>\n\t<meta property=\"og:image:height\" content=\"675\" \/>\n\t<meta property=\"og:image:type\" content=\"image\/webp\" \/>\n<meta name=\"author\" content=\"admin\" \/>\n<meta name=\"twitter:card\" content=\"summary_large_image\" \/>\n<meta name=\"twitter:label1\" content=\"\u00c9crit par\" \/>\n\t<meta name=\"twitter:data1\" content=\"admin\" \/>\n\t<meta name=\"twitter:label2\" content=\"Dur\u00e9e de lecture estim\u00e9e\" \/>\n\t<meta name=\"twitter:data2\" content=\"3 minutes\" \/>\n<script type=\"application\/ld+json\" class=\"yoast-schema-graph\">{\"@context\":\"https:\\\/\\\/schema.org\",\"@graph\":[{\"@type\":\"Article\",\"@id\":\"https:\\\/\\\/lasentinelle.dz\\\/index.php\\\/2026\\\/01\\\/22\\\/semica-tchad-2026-lalgerie-deploie-son-expertise-energetique-en-afrique\\\/#article\",\"isPartOf\":{\"@id\":\"https:\\\/\\\/lasentinelle.dz\\\/index.php\\\/2026\\\/01\\\/22\\\/semica-tchad-2026-lalgerie-deploie-son-expertise-energetique-en-afrique\\\/\"},\"author\":{\"name\":\"admin\",\"@id\":\"https:\\\/\\\/lasentinelle.dz\\\/#\\\/schema\\\/person\\\/729ee0024f24e0b8c5ec17232f8e8b41\"},\"headline\":\"SEMICA Tchad 2026\u00a0:\u00a0L&rsquo;Alg\u00e9rie d\u00e9ploie son expertise \u00e9nerg\u00e9tique en Afrique\",\"datePublished\":\"2026-01-22T12:08:38+00:00\",\"dateModified\":\"2026-01-22T12:08:40+00:00\",\"mainEntityOfPage\":{\"@id\":\"https:\\\/\\\/lasentinelle.dz\\\/index.php\\\/2026\\\/01\\\/22\\\/semica-tchad-2026-lalgerie-deploie-son-expertise-energetique-en-afrique\\\/\"},\"wordCount\":485,\"commentCount\":0,\"publisher\":{\"@id\":\"https:\\\/\\\/lasentinelle.dz\\\/#organization\"},\"image\":{\"@id\":\"https:\\\/\\\/lasentinelle.dz\\\/index.php\\\/2026\\\/01\\\/22\\\/semica-tchad-2026-lalgerie-deploie-son-expertise-energetique-en-afrique\\\/#primaryimage\"},\"thumbnailUrl\":\"https:\\\/\\\/lasentinelle.dz\\\/wp-content\\\/uploads\\\/2026\\\/01\\\/semica.webp\",\"articleSection\":[\"Actualit\u00e9\"],\"inLanguage\":\"fr-FR\",\"potentialAction\":[{\"@type\":\"CommentAction\",\"name\":\"Comment\",\"target\":[\"https:\\\/\\\/lasentinelle.dz\\\/index.php\\\/2026\\\/01\\\/22\\\/semica-tchad-2026-lalgerie-deploie-son-expertise-energetique-en-afrique\\\/#respond\"]}]},{\"@type\":\"WebPage\",\"@id\":\"https:\\\/\\\/lasentinelle.dz\\\/index.php\\\/2026\\\/01\\\/22\\\/semica-tchad-2026-lalgerie-deploie-son-expertise-energetique-en-afrique\\\/\",\"url\":\"https:\\\/\\\/lasentinelle.dz\\\/index.php\\\/2026\\\/01\\\/22\\\/semica-tchad-2026-lalgerie-deploie-son-expertise-energetique-en-afrique\\\/\",\"name\":\"SEMICA Tchad 2026\u00a0:\u00a0L&rsquo;Alg\u00e9rie d\u00e9ploie son expertise \u00e9nerg\u00e9tique en Afrique - La Sentinelle\",\"isPartOf\":{\"@id\":\"https:\\\/\\\/lasentinelle.dz\\\/#website\"},\"primaryImageOfPage\":{\"@id\":\"https:\\\/\\\/lasentinelle.dz\\\/index.php\\\/2026\\\/01\\\/22\\\/semica-tchad-2026-lalgerie-deploie-son-expertise-energetique-en-afrique\\\/#primaryimage\"},\"image\":{\"@id\":\"https:\\\/\\\/lasentinelle.dz\\\/index.php\\\/2026\\\/01\\\/22\\\/semica-tchad-2026-lalgerie-deploie-son-expertise-energetique-en-afrique\\\/#primaryimage\"},\"thumbnailUrl\":\"https:\\\/\\\/lasentinelle.dz\\\/wp-content\\\/uploads\\\/2026\\\/01\\\/semica.webp\",\"datePublished\":\"2026-01-22T12:08:38+00:00\",\"dateModified\":\"2026-01-22T12:08:40+00:00\",\"breadcrumb\":{\"@id\":\"https:\\\/\\\/lasentinelle.dz\\\/index.php\\\/2026\\\/01\\\/22\\\/semica-tchad-2026-lalgerie-deploie-son-expertise-energetique-en-afrique\\\/#breadcrumb\"},\"inLanguage\":\"fr-FR\",\"potentialAction\":[{\"@type\":\"ReadAction\",\"target\":[\"https:\\\/\\\/lasentinelle.dz\\\/index.php\\\/2026\\\/01\\\/22\\\/semica-tchad-2026-lalgerie-deploie-son-expertise-energetique-en-afrique\\\/\"]}]},{\"@type\":\"ImageObject\",\"inLanguage\":\"fr-FR\",\"@id\":\"https:\\\/\\\/lasentinelle.dz\\\/index.php\\\/2026\\\/01\\\/22\\\/semica-tchad-2026-lalgerie-deploie-son-expertise-energetique-en-afrique\\\/#primaryimage\",\"url\":\"https:\\\/\\\/lasentinelle.dz\\\/wp-content\\\/uploads\\\/2026\\\/01\\\/semica.webp\",\"contentUrl\":\"https:\\\/\\\/lasentinelle.dz\\\/wp-content\\\/uploads\\\/2026\\\/01\\\/semica.webp\",\"width\":900,\"height\":675},{\"@type\":\"BreadcrumbList\",\"@id\":\"https:\\\/\\\/lasentinelle.dz\\\/index.php\\\/2026\\\/01\\\/22\\\/semica-tchad-2026-lalgerie-deploie-son-expertise-energetique-en-afrique\\\/#breadcrumb\",\"itemListElement\":[{\"@type\":\"ListItem\",\"position\":1,\"name\":\"Accueil\",\"item\":\"https:\\\/\\\/lasentinelle.dz\\\/\"},{\"@type\":\"ListItem\",\"position\":2,\"name\":\"SEMICA Tchad 2026\u00a0:\u00a0L&rsquo;Alg\u00e9rie d\u00e9ploie son expertise \u00e9nerg\u00e9tique en Afrique\"}]},{\"@type\":\"WebSite\",\"@id\":\"https:\\\/\\\/lasentinelle.dz\\\/#website\",\"url\":\"https:\\\/\\\/lasentinelle.dz\\\/\",\"name\":\"La Sentinelle\",\"description\":\"Quotidien national d&#039;information\",\"publisher\":{\"@id\":\"https:\\\/\\\/lasentinelle.dz\\\/#organization\"},\"potentialAction\":[{\"@type\":\"SearchAction\",\"target\":{\"@type\":\"EntryPoint\",\"urlTemplate\":\"https:\\\/\\\/lasentinelle.dz\\\/?s={search_term_string}\"},\"query-input\":{\"@type\":\"PropertyValueSpecification\",\"valueRequired\":true,\"valueName\":\"search_term_string\"}}],\"inLanguage\":\"fr-FR\"},{\"@type\":\"Organization\",\"@id\":\"https:\\\/\\\/lasentinelle.dz\\\/#organization\",\"name\":\"Quotidien La Sentinelle\",\"url\":\"https:\\\/\\\/lasentinelle.dz\\\/\",\"logo\":{\"@type\":\"ImageObject\",\"inLanguage\":\"fr-FR\",\"@id\":\"https:\\\/\\\/lasentinelle.dz\\\/#\\\/schema\\\/logo\\\/image\\\/\",\"url\":\"https:\\\/\\\/lasentinelle.dz\\\/wp-content\\\/uploads\\\/2021\\\/09\\\/logo-sentinelleSLOGAN-1.png\",\"contentUrl\":\"https:\\\/\\\/lasentinelle.dz\\\/wp-content\\\/uploads\\\/2021\\\/09\\\/logo-sentinelleSLOGAN-1.png\",\"width\":615,\"height\":142,\"caption\":\"Quotidien La Sentinelle\"},\"image\":{\"@id\":\"https:\\\/\\\/lasentinelle.dz\\\/#\\\/schema\\\/logo\\\/image\\\/\"},\"sameAs\":[\"https:\\\/\\\/www.facebook.com\\\/La-Sentinelle-104059864394773\"]},{\"@type\":\"Person\",\"@id\":\"https:\\\/\\\/lasentinelle.dz\\\/#\\\/schema\\\/person\\\/729ee0024f24e0b8c5ec17232f8e8b41\",\"name\":\"admin\",\"image\":{\"@type\":\"ImageObject\",\"inLanguage\":\"fr-FR\",\"@id\":\"https:\\\/\\\/secure.gravatar.com\\\/avatar\\\/4c81fed838786e9b53f540bf46533e750f5d292099ae3b66cfc6fb1982e29df7?s=96&d=mm&r=g\",\"url\":\"https:\\\/\\\/secure.gravatar.com\\\/avatar\\\/4c81fed838786e9b53f540bf46533e750f5d292099ae3b66cfc6fb1982e29df7?s=96&d=mm&r=g\",\"contentUrl\":\"https:\\\/\\\/secure.gravatar.com\\\/avatar\\\/4c81fed838786e9b53f540bf46533e750f5d292099ae3b66cfc6fb1982e29df7?s=96&d=mm&r=g\",\"caption\":\"admin\"},\"description\":\"admin\",\"url\":\"https:\\\/\\\/lasentinelle.dz\\\/author\\\/admin\\\/\"}]}<\/script>\n<!-- \/ Yoast SEO plugin. -->","yoast_head_json":{"title":"SEMICA Tchad 2026\u00a0:\u00a0L&rsquo;Alg\u00e9rie d\u00e9ploie son expertise \u00e9nerg\u00e9tique en Afrique - La Sentinelle","robots":{"index":"index","follow":"follow","max-snippet":"max-snippet:-1","max-image-preview":"max-image-preview:large","max-video-preview":"max-video-preview:-1"},"canonical":"https:\/\/lasentinelle.dz\/index.php\/2026\/01\/22\/semica-tchad-2026-lalgerie-deploie-son-expertise-energetique-en-afrique\/","og_locale":"fr_FR","og_type":"article","og_title":"SEMICA Tchad 2026\u00a0:\u00a0L&rsquo;Alg\u00e9rie d\u00e9ploie son expertise \u00e9nerg\u00e9tique en Afrique - La Sentinelle","og_description":"Invit\u00e9e d&rsquo;honneur du Salon international des mines, des carri\u00e8res et des hydrocarbures qui se tient \u00e0 N&rsquo;Djamena du 21 au","og_url":"https:\/\/lasentinelle.dz\/index.php\/2026\/01\/22\/semica-tchad-2026-lalgerie-deploie-son-expertise-energetique-en-afrique\/","og_site_name":"La Sentinelle","article_publisher":"https:\/\/www.facebook.com\/La-Sentinelle-104059864394773","article_published_time":"2026-01-22T12:08:38+00:00","article_modified_time":"2026-01-22T12:08:40+00:00","og_image":[{"width":900,"height":675,"url":"https:\/\/lasentinelle.dz\/wp-content\/uploads\/2026\/01\/semica.webp","type":"image\/webp"}],"author":"admin","twitter_card":"summary_large_image","twitter_misc":{"\u00c9crit par":"admin","Dur\u00e9e de lecture estim\u00e9e":"3 minutes"},"schema":{"@context":"https:\/\/schema.org","@graph":[{"@type":"Article","@id":"https:\/\/lasentinelle.dz\/index.php\/2026\/01\/22\/semica-tchad-2026-lalgerie-deploie-son-expertise-energetique-en-afrique\/#article","isPartOf":{"@id":"https:\/\/lasentinelle.dz\/index.php\/2026\/01\/22\/semica-tchad-2026-lalgerie-deploie-son-expertise-energetique-en-afrique\/"},"author":{"name":"admin","@id":"https:\/\/lasentinelle.dz\/#\/schema\/person\/729ee0024f24e0b8c5ec17232f8e8b41"},"headline":"SEMICA Tchad 2026\u00a0:\u00a0L&rsquo;Alg\u00e9rie d\u00e9ploie son expertise \u00e9nerg\u00e9tique en Afrique","datePublished":"2026-01-22T12:08:38+00:00","dateModified":"2026-01-22T12:08:40+00:00","mainEntityOfPage":{"@id":"https:\/\/lasentinelle.dz\/index.php\/2026\/01\/22\/semica-tchad-2026-lalgerie-deploie-son-expertise-energetique-en-afrique\/"},"wordCount":485,"commentCount":0,"publisher":{"@id":"https:\/\/lasentinelle.dz\/#organization"},"image":{"@id":"https:\/\/lasentinelle.dz\/index.php\/2026\/01\/22\/semica-tchad-2026-lalgerie-deploie-son-expertise-energetique-en-afrique\/#primaryimage"},"thumbnailUrl":"https:\/\/lasentinelle.dz\/wp-content\/uploads\/2026\/01\/semica.webp","articleSection":["Actualit\u00e9"],"inLanguage":"fr-FR","potentialAction":[{"@type":"CommentAction","name":"Comment","target":["https:\/\/lasentinelle.dz\/index.php\/2026\/01\/22\/semica-tchad-2026-lalgerie-deploie-son-expertise-energetique-en-afrique\/#respond"]}]},{"@type":"WebPage","@id":"https:\/\/lasentinelle.dz\/index.php\/2026\/01\/22\/semica-tchad-2026-lalgerie-deploie-son-expertise-energetique-en-afrique\/","url":"https:\/\/lasentinelle.dz\/index.php\/2026\/01\/22\/semica-tchad-2026-lalgerie-deploie-son-expertise-energetique-en-afrique\/","name":"SEMICA Tchad 2026\u00a0:\u00a0L&rsquo;Alg\u00e9rie d\u00e9ploie son expertise \u00e9nerg\u00e9tique en Afrique - La Sentinelle","isPartOf":{"@id":"https:\/\/lasentinelle.dz\/#website"},"primaryImageOfPage":{"@id":"https:\/\/lasentinelle.dz\/index.php\/2026\/01\/22\/semica-tchad-2026-lalgerie-deploie-son-expertise-energetique-en-afrique\/#primaryimage"},"image":{"@id":"https:\/\/lasentinelle.dz\/index.php\/2026\/01\/22\/semica-tchad-2026-lalgerie-deploie-son-expertise-energetique-en-afrique\/#primaryimage"},"thumbnailUrl":"https:\/\/lasentinelle.dz\/wp-content\/uploads\/2026\/01\/semica.webp","datePublished":"2026-01-22T12:08:38+00:00","dateModified":"2026-01-22T12:08:40+00:00","breadcrumb":{"@id":"https:\/\/lasentinelle.dz\/index.php\/2026\/01\/22\/semica-tchad-2026-lalgerie-deploie-son-expertise-energetique-en-afrique\/#breadcrumb"},"inLanguage":"fr-FR","potentialAction":[{"@type":"ReadAction","target":["https:\/\/lasentinelle.dz\/index.php\/2026\/01\/22\/semica-tchad-2026-lalgerie-deploie-son-expertise-energetique-en-afrique\/"]}]},{"@type":"ImageObject","inLanguage":"fr-FR","@id":"https:\/\/lasentinelle.dz\/index.php\/2026\/01\/22\/semica-tchad-2026-lalgerie-deploie-son-expertise-energetique-en-afrique\/#primaryimage","url":"https:\/\/lasentinelle.dz\/wp-content\/uploads\/2026\/01\/semica.webp","contentUrl":"https:\/\/lasentinelle.dz\/wp-content\/uploads\/2026\/01\/semica.webp","width":900,"height":675},{"@type":"BreadcrumbList","@id":"https:\/\/lasentinelle.dz\/index.php\/2026\/01\/22\/semica-tchad-2026-lalgerie-deploie-son-expertise-energetique-en-afrique\/#breadcrumb","itemListElement":[{"@type":"ListItem","position":1,"name":"Accueil","item":"https:\/\/lasentinelle.dz\/"},{"@type":"ListItem","position":2,"name":"SEMICA Tchad 2026\u00a0:\u00a0L&rsquo;Alg\u00e9rie d\u00e9ploie son expertise \u00e9nerg\u00e9tique en Afrique"}]},{"@type":"WebSite","@id":"https:\/\/lasentinelle.dz\/#website","url":"https:\/\/lasentinelle.dz\/","name":"La Sentinelle","description":"Quotidien national d&#039;information","publisher":{"@id":"https:\/\/lasentinelle.dz\/#organization"},"potentialAction":[{"@type":"SearchAction","target":{"@type":"EntryPoint","urlTemplate":"https:\/\/lasentinelle.dz\/?s={search_term_string}"},"query-input":{"@type":"PropertyValueSpecification","valueRequired":true,"valueName":"search_term_string"}}],"inLanguage":"fr-FR"},{"@type":"Organization","@id":"https:\/\/lasentinelle.dz\/#organization","name":"Quotidien La Sentinelle","url":"https:\/\/lasentinelle.dz\/","logo":{"@type":"ImageObject","inLanguage":"fr-FR","@id":"https:\/\/lasentinelle.dz\/#\/schema\/logo\/image\/","url":"https:\/\/lasentinelle.dz\/wp-content\/uploads\/2021\/09\/logo-sentinelleSLOGAN-1.png","contentUrl":"https:\/\/lasentinelle.dz\/wp-content\/uploads\/2021\/09\/logo-sentinelleSLOGAN-1.png","width":615,"height":142,"caption":"Quotidien La Sentinelle"},"image":{"@id":"https:\/\/lasentinelle.dz\/#\/schema\/logo\/image\/"},"sameAs":["https:\/\/www.facebook.com\/La-Sentinelle-104059864394773"]},{"@type":"Person","@id":"https:\/\/lasentinelle.dz\/#\/schema\/person\/729ee0024f24e0b8c5ec17232f8e8b41","name":"admin","image":{"@type":"ImageObject","inLanguage":"fr-FR","@id":"https:\/\/secure.gravatar.com\/avatar\/4c81fed838786e9b53f540bf46533e750f5d292099ae3b66cfc6fb1982e29df7?s=96&d=mm&r=g","url":"https:\/\/secure.gravatar.com\/avatar\/4c81fed838786e9b53f540bf46533e750f5d292099ae3b66cfc6fb1982e29df7?s=96&d=mm&r=g","contentUrl":"https:\/\/secure.gravatar.com\/avatar\/4c81fed838786e9b53f540bf46533e750f5d292099ae3b66cfc6fb1982e29df7?s=96&d=mm&r=g","caption":"admin"},"description":"admin","url":"https:\/\/lasentinelle.dz\/author\/admin\/"}]}},"_links":{"self":[{"href":"https:\/\/lasentinelle.dz\/index.php\/wp-json\/wp\/v2\/posts\/79944","targetHints":{"allow":["GET"]}}],"collection":[{"href":"https:\/\/lasentinelle.dz\/index.php\/wp-json\/wp\/v2\/posts"}],"about":[{"href":"https:\/\/lasentinelle.dz\/index.php\/wp-json\/wp\/v2\/types\/post"}],"author":[{"embeddable":true,"href":"https:\/\/lasentinelle.dz\/index.php\/wp-json\/wp\/v2\/users\/6"}],"replies":[{"embeddable":true,"href":"https:\/\/lasentinelle.dz\/index.php\/wp-json\/wp\/v2\/comments?post=79944"}],"version-history":[{"count":2,"href":"https:\/\/lasentinelle.dz\/index.php\/wp-json\/wp\/v2\/posts\/79944\/revisions"}],"predecessor-version":[{"id":79947,"href":"https:\/\/lasentinelle.dz\/index.php\/wp-json\/wp\/v2\/posts\/79944\/revisions\/79947"}],"wp:featuredmedia":[{"embeddable":true,"href":"https:\/\/lasentinelle.dz\/index.php\/wp-json\/wp\/v2\/media\/79945"}],"wp:attachment":[{"href":"https:\/\/lasentinelle.dz\/index.php\/wp-json\/wp\/v2\/media?parent=79944"}],"wp:term":[{"taxonomy":"category","embeddable":true,"href":"https:\/\/lasentinelle.dz\/index.php\/wp-json\/wp\/v2\/categories?post=79944"},{"taxonomy":"post_tag","embeddable":true,"href":"https:\/\/lasentinelle.dz\/index.php\/wp-json\/wp\/v2\/tags?post=79944"}],"curies":[{"name":"wp","href":"https:\/\/api.w.org\/{rel}","templated":true}]}}