{"id":79948,"date":"2026-01-22T13:09:38","date_gmt":"2026-01-22T12:09:38","guid":{"rendered":"https:\/\/lasentinelle.dz\/?p=79948"},"modified":"2026-01-22T13:09:39","modified_gmt":"2026-01-22T12:09:39","slug":"le-president-tebboune-reaffirme-lengagement-de-lalgerie-pour-lafrique-un-partenariat-continental-respectueux-des-souverainetes-nationales","status":"publish","type":"post","link":"https:\/\/lasentinelle.dz\/index.php\/2026\/01\/22\/le-president-tebboune-reaffirme-lengagement-de-lalgerie-pour-lafrique-un-partenariat-continental-respectueux-des-souverainetes-nationales\/","title":{"rendered":"Le Pr\u00e9sident Tebboune\u00a0r\u00e9affirme\u00a0l\u2019engagement de l\u2019Alg\u00e9rie pour l\u2019Afrique\u00a0: Un\u00a0partenariat continental respectueux des souverainet\u00e9s nationales"},"content":{"rendered":"\n<p>La diplomatie \u00e9nerg\u00e9tique constitue d\u00e9sormais un axe majeur de la politique \u00e9trang\u00e8re alg\u00e9rienne en Afrique, compl\u00e9tant les actions diplomatiques traditionnelles par des initiatives concr\u00e8tes visant un d\u00e9veloppement partag\u00e9 et une int\u00e9gration \u00e9conomique respectueuse des souverainet\u00e9s nationales. Une approche qui place l&rsquo;Alg\u00e9rie au centre d&rsquo;une dynamique continentale porteuse d&rsquo;espoir pour les peuples africains.<\/p>\n\n\n\n<p>Le pr\u00e9sident&nbsp;de la R\u00e9publique&nbsp;Abdelmadjid Tebboune a r\u00e9affirm\u00e9 mercredi l&rsquo;engagement strat\u00e9gique de l&rsquo;Alg\u00e9rie envers le continent africain, en soulignant le r\u00f4le central de la diplomatie \u00e9nerg\u00e9tique dans le renforcement de l&rsquo;int\u00e9gration r\u00e9gionale et le d\u00e9veloppement partag\u00e9, lors de son allocution au Salon international des mines, des carri\u00e8res et des hydrocarbures (SEMICA Tchad 2026) \u00e0 N&rsquo;Djamena.&nbsp;Dans un message lu en son nom par le ministre d&rsquo;\u00c9tat, ministre des Hydrocarbures et des Mines, Mohamed Arkab, le chef de l&rsquo;\u00c9tat a esquiss\u00e9 les contours d&rsquo;une vision ambitieuse pour l&rsquo;Afrique, pla\u00e7ant la coop\u00e9ration \u00e9conomique, le transfert d&rsquo;expertise et la valorisation des ressources naturelles au c\u0153ur d&rsquo;un partenariat continental respectueux des souverainet\u00e9s nationales. Cette allocution, prononc\u00e9e en pr\u00e9sence du Mar\u00e9chal Mahamat Idriss D\u00e9by Itno, pr\u00e9sident du Tchad, et de F\u00e9lix-Antoine Tshisekedi, pr\u00e9sident de la R\u00e9publique d\u00e9mocratique du Congo, illustre la profondeur de l&rsquo;engagement africain de l&rsquo;Alg\u00e9rie et sa d\u00e9termination \u00e0 contribuer concr\u00e8tement au d\u00e9veloppement du continent.<\/p>\n\n\n\n<p>Le&nbsp;Pr\u00e9sident Tebboune a d&#8217;embl\u00e9e salu\u00e9 les efforts du Tchad dans la valorisation de ses richesses naturelles, qualifiant le SEMICA de \u00ab\u00a0vitrine continentale o\u00f9 se manifestent ses potentialit\u00e9s de d\u00e9veloppement\u00a0\u00bb. Il a rappel\u00e9 que les relations alg\u00e9ro-tchadiennes \u00ab\u00a0se sont renforc\u00e9es davantage avec la participation notable du pr\u00e9sident du Tchad \u00e0 la 4e \u00e9dition de la Foire commerciale intra-africaine (IATF), organis\u00e9e \u00e0 Alger en septembre 2025, \u00e9dition qui a marqu\u00e9 une \u00e9tape importante dans le processus de renforcement du dialogue politique et de la coop\u00e9ration \u00e9conomique entre nos deux pays fr\u00e8res.\u00a0\u00bb<\/p>\n\n\n\n<p>Au-del\u00e0 de la dimension bilat\u00e9rale, le pr\u00e9sident&nbsp;de la R\u00e9publique&nbsp;a insist\u00e9 sur la n\u00e9cessit\u00e9 de donner une port\u00e9e continentale \u00e0 cette coop\u00e9ration. \u00ab\u00a0Nous comptons, \u00e0 vos c\u00f4t\u00e9s, conf\u00e9rer une dimension r\u00e9gionale \u00e0 cet \u00e9v\u00e9nement hautement important, conform\u00e9ment \u00e0 l&rsquo;Agenda 2063 de l&rsquo;UA et aux objectifs de la Zone de libre-\u00e9change continentale africaine (ZLECAf)\u00a0\u00bb, a-t-il affirm\u00e9, soulignant que ce salon constitue \u00ab\u00a0une tribune privil\u00e9gi\u00e9e de dialogue, d&rsquo;\u00e9changes et de partenariat, des facteurs \u00e0 m\u00eame de promouvoir l&rsquo;int\u00e9gration \u00e9conomique africaine, de favoriser le transfert d&rsquo;expertises, de technologies et de savoir-faire\u00a0\u00bb.<\/p>\n\n\n\n<p>Cette vision s&rsquo;appuie sur une conviction profonde : l&rsquo;Afrique dispose des atouts n\u00e9cessaires pour transformer son potentiel en levier de d\u00e9veloppement. Le&nbsp;Pr\u00e9sident Tebboune a soulign\u00e9 que \u00ab\u00a0ce salon international refl\u00e8te aussi une conscience collective quant au fait que l&rsquo;Afrique dispose de ressources naturelles, de comp\u00e9tences av\u00e9r\u00e9es et de la volont\u00e9 n\u00e9cessaire pour transformer ce potentiel en un levier de d\u00e9veloppement et d&rsquo;int\u00e9gration \u00e9conomique.\u00a0\u00bb<\/p>\n\n\n\n<p><strong>L\u2019Alg\u00e9rie, un partenaire de choix<\/strong><\/p>\n\n\n\n<p>L&rsquo;Alg\u00e9rie, forte de son expertise dans les secteurs strat\u00e9giques des hydrocarbures, des mines et de l&rsquo;\u00e9nergie, se positionne comme un partenaire de choix pour accompagner cette transformation. Le chef de l&rsquo;\u00c9tat a rappel\u00e9 que son pays \u00ab\u00a0s&rsquo;est pleinement engag\u00e9 dans la d\u00e9marche de partenariats fructueux avec les pays africains et a contribu\u00e9 \u00e0 la concr\u00e9tisation de plusieurs initiatives visant \u00e0 renforcer l&rsquo;int\u00e9gration africaine, tout en soutenant les efforts visant \u00e0 atteindre les objectifs de l&rsquo;Agenda 2063 de l&rsquo;Union africaine.\u00a0\u00bb<\/p>\n\n\n\n<p>Cette approche repose sur des principes clairement \u00e9nonc\u00e9s. \u00ab\u00a0Nous sommes convaincus que la marche de l&rsquo;Afrique vers l&rsquo;unit\u00e9 et la prosp\u00e9rit\u00e9 doit passer par le renforcement d&rsquo;une coop\u00e9ration \u00e9conomique respectueuse de la souverainet\u00e9 de chaque \u00c9tat et r\u00e9solument tourn\u00e9e vers la cr\u00e9ation de valeur locale\u00a0\u00bb, a d\u00e9clar\u00e9 le&nbsp;Pr\u00e9sident Tebboune. Il a insist\u00e9 sur le fait que \u00ab\u00a0l&rsquo;Alg\u00e9rie r\u00e9affirme son attachement \u00e0 une coop\u00e9ration africaine fond\u00e9e sur la solidarit\u00e9, le partage d&rsquo;expertises, le transfert de technologie et le renforcement des capacit\u00e9s locales.\u00a0\u00bb<\/p>\n\n\n\n<p>L&rsquo;industrialisation et la valorisation des ressources naturelles constituent, selon le pr\u00e9sident&nbsp;de la R\u00e9publique, les piliers d&rsquo;un d\u00e9veloppement durable et souverain. \u00ab\u00a0Nous sommes persuad\u00e9s que l&rsquo;orientation vers l&rsquo;industrialisation et la valorisation des ressources p\u00e9troli\u00e8res, gazi\u00e8res et mini\u00e8res est une exigence imp\u00e9rieuse et un pilier fondamental pour r\u00e9aliser un d\u00e9veloppement durable inclusif et renforcer la souverainet\u00e9 des pays africains sur leurs propres richesses\u00a0\u00bb, a-t-il affirm\u00e9 avec force.<\/p>\n\n\n\n<p>Cette vision s&rsquo;inscrit dans la continuit\u00e9 de l&rsquo;engagement historique de l&rsquo;Alg\u00e9rie envers le continent africain. Le pr\u00e9sident Tebboune a r\u00e9it\u00e9r\u00e9 que&nbsp;l\u2019Alg\u00e9rie&nbsp;\u00ab\u00a0demeure, comme par le pass\u00e9, pr\u00eate \u00e0 partager son expertise, \u00e0 accompagner les efforts de la R\u00e9publique du Tchad dans la structuration et la valorisation de ses secteurs strat\u00e9giques, \u00e0 travers une coop\u00e9ration concr\u00e8te et cibl\u00e9e pour obtenir des r\u00e9sultats \u00e9conomiques tangibles, dans le cadre du partenariat Sud-Sud.\u00a0\u00bb<\/p>\n\n\n\n<p>En conclusion, le chef de l&rsquo;\u00c9tat a rappel\u00e9 les fondements de la politique africaine de l&rsquo;Alg\u00e9rie : \u00ab\u00a0L&rsquo;Alg\u00e9rie, fid\u00e8le aux principes de solidarit\u00e9 africaine, demeure convaincue que la coop\u00e9ration continentale, fond\u00e9e sur le respect mutuel et les int\u00e9r\u00eats communs, permettra \u00e0 notre continent d&rsquo;exploiter ses moyens avec rationalit\u00e9 et efficacit\u00e9, au service des peuples du continent qui aspirent \u00e0 davantage de d\u00e9veloppement et \u00e0 une vie digne.\u00a0\u00bb<\/p>\n\n\n\n<p>Salim Amokrane<\/p>\n","protected":false},"excerpt":{"rendered":"<p>La diplomatie \u00e9nerg\u00e9tique constitue d\u00e9sormais un axe majeur de la politique \u00e9trang\u00e8re alg\u00e9rienne en Afrique, compl\u00e9tant les actions diplomatiques traditionnelles<\/p>\n","protected":false},"author":6,"featured_media":79949,"comment_status":"open","ping_status":"closed","sticky":false,"template":"","format":"standard","meta":{"colormag_page_container_layout":"default_layout","colormag_page_sidebar_layout":"default_layout","om_disable_all_campaigns":false,"_monsterinsights_skip_tracking":false,"_monsterinsights_sitenote_active":false,"_monsterinsights_sitenote_note":"","_monsterinsights_sitenote_category":0,"footnotes":"","_wpscppro_dont_share_socialmedia":false,"_wpscppro_custom_social_share_image":0,"_facebook_share_type":"default","_twitter_share_type":"default","_linkedin_share_type":"default","_pinterest_share_type":"default","_linkedin_share_type_page":"","_instagram_share_type":"default","_medium_share_type":"default","_threads_share_type":"default","_google_business_share_type":"default","_selected_social_profile":[],"_wpsp_enable_custom_social_template":false,"_wpsp_social_scheduling":{"enabled":false,"datetime":null,"platforms":[],"status":"template_only","dateOption":"today","timeOption":"now","customDays":"","customHours":"","customDate":"","customTime":"","schedulingType":"absolute"},"_wpsp_active_default_template":true},"categories":[52,27],"tags":[],"class_list":["post-79948","post","type-post","status-publish","format-standard","has-post-thumbnail","hentry","category-a-la-une","category-actualite"],"aioseo_notices":[],"yoast_head":"<!-- This site is optimized with the Yoast SEO plugin v27.4 - https:\/\/yoast.com\/product\/yoast-seo-wordpress\/ -->\n<title>Le Pr\u00e9sident Tebboune\u00a0r\u00e9affirme\u00a0l\u2019engagement de l\u2019Alg\u00e9rie pour l\u2019Afrique\u00a0: Un\u00a0partenariat continental respectueux des souverainet\u00e9s nationales - La Sentinelle<\/title>\n<meta name=\"robots\" content=\"index, follow, max-snippet:-1, max-image-preview:large, max-video-preview:-1\" \/>\n<link rel=\"canonical\" href=\"https:\/\/lasentinelle.dz\/index.php\/2026\/01\/22\/le-president-tebboune-reaffirme-lengagement-de-lalgerie-pour-lafrique-un-partenariat-continental-respectueux-des-souverainetes-nationales\/\" \/>\n<meta property=\"og:locale\" content=\"fr_FR\" \/>\n<meta property=\"og:type\" content=\"article\" \/>\n<meta property=\"og:title\" content=\"Le Pr\u00e9sident Tebboune\u00a0r\u00e9affirme\u00a0l\u2019engagement de l\u2019Alg\u00e9rie pour l\u2019Afrique\u00a0: Un\u00a0partenariat continental respectueux des souverainet\u00e9s nationales - La Sentinelle\" \/>\n<meta property=\"og:description\" content=\"La diplomatie \u00e9nerg\u00e9tique constitue d\u00e9sormais un axe majeur de la politique \u00e9trang\u00e8re alg\u00e9rienne en Afrique, compl\u00e9tant les actions diplomatiques traditionnelles\" \/>\n<meta property=\"og:url\" content=\"https:\/\/lasentinelle.dz\/index.php\/2026\/01\/22\/le-president-tebboune-reaffirme-lengagement-de-lalgerie-pour-lafrique-un-partenariat-continental-respectueux-des-souverainetes-nationales\/\" \/>\n<meta property=\"og:site_name\" content=\"La Sentinelle\" \/>\n<meta property=\"article:publisher\" content=\"https:\/\/www.facebook.com\/La-Sentinelle-104059864394773\" \/>\n<meta property=\"article:published_time\" content=\"2026-01-22T12:09:38+00:00\" \/>\n<meta property=\"article:modified_time\" content=\"2026-01-22T12:09:39+00:00\" \/>\n<meta property=\"og:image\" content=\"https:\/\/lasentinelle.dz\/wp-content\/uploads\/2026\/01\/tebboune.jpg.webp\" \/>\n\t<meta property=\"og:image:width\" content=\"1400\" \/>\n\t<meta property=\"og:image:height\" content=\"1050\" \/>\n\t<meta property=\"og:image:type\" content=\"image\/webp\" \/>\n<meta name=\"author\" content=\"admin\" \/>\n<meta name=\"twitter:card\" content=\"summary_large_image\" \/>\n<meta name=\"twitter:label1\" content=\"\u00c9crit par\" \/>\n\t<meta name=\"twitter:data1\" content=\"admin\" \/>\n\t<meta name=\"twitter:label2\" content=\"Dur\u00e9e de lecture estim\u00e9e\" \/>\n\t<meta name=\"twitter:data2\" content=\"5 minutes\" \/>\n<script type=\"application\/ld+json\" class=\"yoast-schema-graph\">{\"@context\":\"https:\\\/\\\/schema.org\",\"@graph\":[{\"@type\":\"Article\",\"@id\":\"https:\\\/\\\/lasentinelle.dz\\\/index.php\\\/2026\\\/01\\\/22\\\/le-president-tebboune-reaffirme-lengagement-de-lalgerie-pour-lafrique-un-partenariat-continental-respectueux-des-souverainetes-nationales\\\/#article\",\"isPartOf\":{\"@id\":\"https:\\\/\\\/lasentinelle.dz\\\/index.php\\\/2026\\\/01\\\/22\\\/le-president-tebboune-reaffirme-lengagement-de-lalgerie-pour-lafrique-un-partenariat-continental-respectueux-des-souverainetes-nationales\\\/\"},\"author\":{\"name\":\"admin\",\"@id\":\"https:\\\/\\\/lasentinelle.dz\\\/#\\\/schema\\\/person\\\/729ee0024f24e0b8c5ec17232f8e8b41\"},\"headline\":\"Le Pr\u00e9sident Tebboune\u00a0r\u00e9affirme\u00a0l\u2019engagement de l\u2019Alg\u00e9rie pour l\u2019Afrique\u00a0: Un\u00a0partenariat continental respectueux des souverainet\u00e9s nationales\",\"datePublished\":\"2026-01-22T12:09:38+00:00\",\"dateModified\":\"2026-01-22T12:09:39+00:00\",\"mainEntityOfPage\":{\"@id\":\"https:\\\/\\\/lasentinelle.dz\\\/index.php\\\/2026\\\/01\\\/22\\\/le-president-tebboune-reaffirme-lengagement-de-lalgerie-pour-lafrique-un-partenariat-continental-respectueux-des-souverainetes-nationales\\\/\"},\"wordCount\":1003,\"commentCount\":0,\"publisher\":{\"@id\":\"https:\\\/\\\/lasentinelle.dz\\\/#organization\"},\"image\":{\"@id\":\"https:\\\/\\\/lasentinelle.dz\\\/index.php\\\/2026\\\/01\\\/22\\\/le-president-tebboune-reaffirme-lengagement-de-lalgerie-pour-lafrique-un-partenariat-continental-respectueux-des-souverainetes-nationales\\\/#primaryimage\"},\"thumbnailUrl\":\"https:\\\/\\\/lasentinelle.dz\\\/wp-content\\\/uploads\\\/2026\\\/01\\\/tebboune.jpg.webp\",\"articleSection\":[\"\u00c0 la Une\",\"Actualit\u00e9\"],\"inLanguage\":\"fr-FR\",\"potentialAction\":[{\"@type\":\"CommentAction\",\"name\":\"Comment\",\"target\":[\"https:\\\/\\\/lasentinelle.dz\\\/index.php\\\/2026\\\/01\\\/22\\\/le-president-tebboune-reaffirme-lengagement-de-lalgerie-pour-lafrique-un-partenariat-continental-respectueux-des-souverainetes-nationales\\\/#respond\"]}]},{\"@type\":\"WebPage\",\"@id\":\"https:\\\/\\\/lasentinelle.dz\\\/index.php\\\/2026\\\/01\\\/22\\\/le-president-tebboune-reaffirme-lengagement-de-lalgerie-pour-lafrique-un-partenariat-continental-respectueux-des-souverainetes-nationales\\\/\",\"url\":\"https:\\\/\\\/lasentinelle.dz\\\/index.php\\\/2026\\\/01\\\/22\\\/le-president-tebboune-reaffirme-lengagement-de-lalgerie-pour-lafrique-un-partenariat-continental-respectueux-des-souverainetes-nationales\\\/\",\"name\":\"Le Pr\u00e9sident Tebboune\u00a0r\u00e9affirme\u00a0l\u2019engagement de l\u2019Alg\u00e9rie pour l\u2019Afrique\u00a0: Un\u00a0partenariat continental respectueux des souverainet\u00e9s nationales - La Sentinelle\",\"isPartOf\":{\"@id\":\"https:\\\/\\\/lasentinelle.dz\\\/#website\"},\"primaryImageOfPage\":{\"@id\":\"https:\\\/\\\/lasentinelle.dz\\\/index.php\\\/2026\\\/01\\\/22\\\/le-president-tebboune-reaffirme-lengagement-de-lalgerie-pour-lafrique-un-partenariat-continental-respectueux-des-souverainetes-nationales\\\/#primaryimage\"},\"image\":{\"@id\":\"https:\\\/\\\/lasentinelle.dz\\\/index.php\\\/2026\\\/01\\\/22\\\/le-president-tebboune-reaffirme-lengagement-de-lalgerie-pour-lafrique-un-partenariat-continental-respectueux-des-souverainetes-nationales\\\/#primaryimage\"},\"thumbnailUrl\":\"https:\\\/\\\/lasentinelle.dz\\\/wp-content\\\/uploads\\\/2026\\\/01\\\/tebboune.jpg.webp\",\"datePublished\":\"2026-01-22T12:09:38+00:00\",\"dateModified\":\"2026-01-22T12:09:39+00:00\",\"breadcrumb\":{\"@id\":\"https:\\\/\\\/lasentinelle.dz\\\/index.php\\\/2026\\\/01\\\/22\\\/le-president-tebboune-reaffirme-lengagement-de-lalgerie-pour-lafrique-un-partenariat-continental-respectueux-des-souverainetes-nationales\\\/#breadcrumb\"},\"inLanguage\":\"fr-FR\",\"potentialAction\":[{\"@type\":\"ReadAction\",\"target\":[\"https:\\\/\\\/lasentinelle.dz\\\/index.php\\\/2026\\\/01\\\/22\\\/le-president-tebboune-reaffirme-lengagement-de-lalgerie-pour-lafrique-un-partenariat-continental-respectueux-des-souverainetes-nationales\\\/\"]}]},{\"@type\":\"ImageObject\",\"inLanguage\":\"fr-FR\",\"@id\":\"https:\\\/\\\/lasentinelle.dz\\\/index.php\\\/2026\\\/01\\\/22\\\/le-president-tebboune-reaffirme-lengagement-de-lalgerie-pour-lafrique-un-partenariat-continental-respectueux-des-souverainetes-nationales\\\/#primaryimage\",\"url\":\"https:\\\/\\\/lasentinelle.dz\\\/wp-content\\\/uploads\\\/2026\\\/01\\\/tebboune.jpg.webp\",\"contentUrl\":\"https:\\\/\\\/lasentinelle.dz\\\/wp-content\\\/uploads\\\/2026\\\/01\\\/tebboune.jpg.webp\",\"width\":1400,\"height\":1050},{\"@type\":\"BreadcrumbList\",\"@id\":\"https:\\\/\\\/lasentinelle.dz\\\/index.php\\\/2026\\\/01\\\/22\\\/le-president-tebboune-reaffirme-lengagement-de-lalgerie-pour-lafrique-un-partenariat-continental-respectueux-des-souverainetes-nationales\\\/#breadcrumb\",\"itemListElement\":[{\"@type\":\"ListItem\",\"position\":1,\"name\":\"Accueil\",\"item\":\"https:\\\/\\\/lasentinelle.dz\\\/\"},{\"@type\":\"ListItem\",\"position\":2,\"name\":\"Le Pr\u00e9sident Tebboune\u00a0r\u00e9affirme\u00a0l\u2019engagement de l\u2019Alg\u00e9rie pour l\u2019Afrique\u00a0: Un\u00a0partenariat continental respectueux des souverainet\u00e9s nationales\"}]},{\"@type\":\"WebSite\",\"@id\":\"https:\\\/\\\/lasentinelle.dz\\\/#website\",\"url\":\"https:\\\/\\\/lasentinelle.dz\\\/\",\"name\":\"La Sentinelle\",\"description\":\"Quotidien national d&#039;information\",\"publisher\":{\"@id\":\"https:\\\/\\\/lasentinelle.dz\\\/#organization\"},\"potentialAction\":[{\"@type\":\"SearchAction\",\"target\":{\"@type\":\"EntryPoint\",\"urlTemplate\":\"https:\\\/\\\/lasentinelle.dz\\\/?s={search_term_string}\"},\"query-input\":{\"@type\":\"PropertyValueSpecification\",\"valueRequired\":true,\"valueName\":\"search_term_string\"}}],\"inLanguage\":\"fr-FR\"},{\"@type\":\"Organization\",\"@id\":\"https:\\\/\\\/lasentinelle.dz\\\/#organization\",\"name\":\"Quotidien La Sentinelle\",\"url\":\"https:\\\/\\\/lasentinelle.dz\\\/\",\"logo\":{\"@type\":\"ImageObject\",\"inLanguage\":\"fr-FR\",\"@id\":\"https:\\\/\\\/lasentinelle.dz\\\/#\\\/schema\\\/logo\\\/image\\\/\",\"url\":\"https:\\\/\\\/lasentinelle.dz\\\/wp-content\\\/uploads\\\/2021\\\/09\\\/logo-sentinelleSLOGAN-1.png\",\"contentUrl\":\"https:\\\/\\\/lasentinelle.dz\\\/wp-content\\\/uploads\\\/2021\\\/09\\\/logo-sentinelleSLOGAN-1.png\",\"width\":615,\"height\":142,\"caption\":\"Quotidien La Sentinelle\"},\"image\":{\"@id\":\"https:\\\/\\\/lasentinelle.dz\\\/#\\\/schema\\\/logo\\\/image\\\/\"},\"sameAs\":[\"https:\\\/\\\/www.facebook.com\\\/La-Sentinelle-104059864394773\"]},{\"@type\":\"Person\",\"@id\":\"https:\\\/\\\/lasentinelle.dz\\\/#\\\/schema\\\/person\\\/729ee0024f24e0b8c5ec17232f8e8b41\",\"name\":\"admin\",\"image\":{\"@type\":\"ImageObject\",\"inLanguage\":\"fr-FR\",\"@id\":\"https:\\\/\\\/secure.gravatar.com\\\/avatar\\\/4c81fed838786e9b53f540bf46533e750f5d292099ae3b66cfc6fb1982e29df7?s=96&d=mm&r=g\",\"url\":\"https:\\\/\\\/secure.gravatar.com\\\/avatar\\\/4c81fed838786e9b53f540bf46533e750f5d292099ae3b66cfc6fb1982e29df7?s=96&d=mm&r=g\",\"contentUrl\":\"https:\\\/\\\/secure.gravatar.com\\\/avatar\\\/4c81fed838786e9b53f540bf46533e750f5d292099ae3b66cfc6fb1982e29df7?s=96&d=mm&r=g\",\"caption\":\"admin\"},\"description\":\"admin\",\"url\":\"https:\\\/\\\/lasentinelle.dz\\\/author\\\/admin\\\/\"}]}<\/script>\n<!-- \/ Yoast SEO plugin. -->","yoast_head_json":{"title":"Le Pr\u00e9sident Tebboune\u00a0r\u00e9affirme\u00a0l\u2019engagement de l\u2019Alg\u00e9rie pour l\u2019Afrique\u00a0: Un\u00a0partenariat continental respectueux des souverainet\u00e9s nationales - La Sentinelle","robots":{"index":"index","follow":"follow","max-snippet":"max-snippet:-1","max-image-preview":"max-image-preview:large","max-video-preview":"max-video-preview:-1"},"canonical":"https:\/\/lasentinelle.dz\/index.php\/2026\/01\/22\/le-president-tebboune-reaffirme-lengagement-de-lalgerie-pour-lafrique-un-partenariat-continental-respectueux-des-souverainetes-nationales\/","og_locale":"fr_FR","og_type":"article","og_title":"Le Pr\u00e9sident Tebboune\u00a0r\u00e9affirme\u00a0l\u2019engagement de l\u2019Alg\u00e9rie pour l\u2019Afrique\u00a0: Un\u00a0partenariat continental respectueux des souverainet\u00e9s nationales - La Sentinelle","og_description":"La diplomatie \u00e9nerg\u00e9tique constitue d\u00e9sormais un axe majeur de la politique \u00e9trang\u00e8re alg\u00e9rienne en Afrique, compl\u00e9tant les actions diplomatiques traditionnelles","og_url":"https:\/\/lasentinelle.dz\/index.php\/2026\/01\/22\/le-president-tebboune-reaffirme-lengagement-de-lalgerie-pour-lafrique-un-partenariat-continental-respectueux-des-souverainetes-nationales\/","og_site_name":"La Sentinelle","article_publisher":"https:\/\/www.facebook.com\/La-Sentinelle-104059864394773","article_published_time":"2026-01-22T12:09:38+00:00","article_modified_time":"2026-01-22T12:09:39+00:00","og_image":[{"width":1400,"height":1050,"url":"https:\/\/lasentinelle.dz\/wp-content\/uploads\/2026\/01\/tebboune.jpg.webp","type":"image\/webp"}],"author":"admin","twitter_card":"summary_large_image","twitter_misc":{"\u00c9crit par":"admin","Dur\u00e9e de lecture estim\u00e9e":"5 minutes"},"schema":{"@context":"https:\/\/schema.org","@graph":[{"@type":"Article","@id":"https:\/\/lasentinelle.dz\/index.php\/2026\/01\/22\/le-president-tebboune-reaffirme-lengagement-de-lalgerie-pour-lafrique-un-partenariat-continental-respectueux-des-souverainetes-nationales\/#article","isPartOf":{"@id":"https:\/\/lasentinelle.dz\/index.php\/2026\/01\/22\/le-president-tebboune-reaffirme-lengagement-de-lalgerie-pour-lafrique-un-partenariat-continental-respectueux-des-souverainetes-nationales\/"},"author":{"name":"admin","@id":"https:\/\/lasentinelle.dz\/#\/schema\/person\/729ee0024f24e0b8c5ec17232f8e8b41"},"headline":"Le Pr\u00e9sident Tebboune\u00a0r\u00e9affirme\u00a0l\u2019engagement de l\u2019Alg\u00e9rie pour l\u2019Afrique\u00a0: Un\u00a0partenariat continental respectueux des souverainet\u00e9s nationales","datePublished":"2026-01-22T12:09:38+00:00","dateModified":"2026-01-22T12:09:39+00:00","mainEntityOfPage":{"@id":"https:\/\/lasentinelle.dz\/index.php\/2026\/01\/22\/le-president-tebboune-reaffirme-lengagement-de-lalgerie-pour-lafrique-un-partenariat-continental-respectueux-des-souverainetes-nationales\/"},"wordCount":1003,"commentCount":0,"publisher":{"@id":"https:\/\/lasentinelle.dz\/#organization"},"image":{"@id":"https:\/\/lasentinelle.dz\/index.php\/2026\/01\/22\/le-president-tebboune-reaffirme-lengagement-de-lalgerie-pour-lafrique-un-partenariat-continental-respectueux-des-souverainetes-nationales\/#primaryimage"},"thumbnailUrl":"https:\/\/lasentinelle.dz\/wp-content\/uploads\/2026\/01\/tebboune.jpg.webp","articleSection":["\u00c0 la Une","Actualit\u00e9"],"inLanguage":"fr-FR","potentialAction":[{"@type":"CommentAction","name":"Comment","target":["https:\/\/lasentinelle.dz\/index.php\/2026\/01\/22\/le-president-tebboune-reaffirme-lengagement-de-lalgerie-pour-lafrique-un-partenariat-continental-respectueux-des-souverainetes-nationales\/#respond"]}]},{"@type":"WebPage","@id":"https:\/\/lasentinelle.dz\/index.php\/2026\/01\/22\/le-president-tebboune-reaffirme-lengagement-de-lalgerie-pour-lafrique-un-partenariat-continental-respectueux-des-souverainetes-nationales\/","url":"https:\/\/lasentinelle.dz\/index.php\/2026\/01\/22\/le-president-tebboune-reaffirme-lengagement-de-lalgerie-pour-lafrique-un-partenariat-continental-respectueux-des-souverainetes-nationales\/","name":"Le Pr\u00e9sident Tebboune\u00a0r\u00e9affirme\u00a0l\u2019engagement de l\u2019Alg\u00e9rie pour l\u2019Afrique\u00a0: Un\u00a0partenariat continental respectueux des souverainet\u00e9s nationales - La Sentinelle","isPartOf":{"@id":"https:\/\/lasentinelle.dz\/#website"},"primaryImageOfPage":{"@id":"https:\/\/lasentinelle.dz\/index.php\/2026\/01\/22\/le-president-tebboune-reaffirme-lengagement-de-lalgerie-pour-lafrique-un-partenariat-continental-respectueux-des-souverainetes-nationales\/#primaryimage"},"image":{"@id":"https:\/\/lasentinelle.dz\/index.php\/2026\/01\/22\/le-president-tebboune-reaffirme-lengagement-de-lalgerie-pour-lafrique-un-partenariat-continental-respectueux-des-souverainetes-nationales\/#primaryimage"},"thumbnailUrl":"https:\/\/lasentinelle.dz\/wp-content\/uploads\/2026\/01\/tebboune.jpg.webp","datePublished":"2026-01-22T12:09:38+00:00","dateModified":"2026-01-22T12:09:39+00:00","breadcrumb":{"@id":"https:\/\/lasentinelle.dz\/index.php\/2026\/01\/22\/le-president-tebboune-reaffirme-lengagement-de-lalgerie-pour-lafrique-un-partenariat-continental-respectueux-des-souverainetes-nationales\/#breadcrumb"},"inLanguage":"fr-FR","potentialAction":[{"@type":"ReadAction","target":["https:\/\/lasentinelle.dz\/index.php\/2026\/01\/22\/le-president-tebboune-reaffirme-lengagement-de-lalgerie-pour-lafrique-un-partenariat-continental-respectueux-des-souverainetes-nationales\/"]}]},{"@type":"ImageObject","inLanguage":"fr-FR","@id":"https:\/\/lasentinelle.dz\/index.php\/2026\/01\/22\/le-president-tebboune-reaffirme-lengagement-de-lalgerie-pour-lafrique-un-partenariat-continental-respectueux-des-souverainetes-nationales\/#primaryimage","url":"https:\/\/lasentinelle.dz\/wp-content\/uploads\/2026\/01\/tebboune.jpg.webp","contentUrl":"https:\/\/lasentinelle.dz\/wp-content\/uploads\/2026\/01\/tebboune.jpg.webp","width":1400,"height":1050},{"@type":"BreadcrumbList","@id":"https:\/\/lasentinelle.dz\/index.php\/2026\/01\/22\/le-president-tebboune-reaffirme-lengagement-de-lalgerie-pour-lafrique-un-partenariat-continental-respectueux-des-souverainetes-nationales\/#breadcrumb","itemListElement":[{"@type":"ListItem","position":1,"name":"Accueil","item":"https:\/\/lasentinelle.dz\/"},{"@type":"ListItem","position":2,"name":"Le Pr\u00e9sident Tebboune\u00a0r\u00e9affirme\u00a0l\u2019engagement de l\u2019Alg\u00e9rie pour l\u2019Afrique\u00a0: Un\u00a0partenariat continental respectueux des souverainet\u00e9s nationales"}]},{"@type":"WebSite","@id":"https:\/\/lasentinelle.dz\/#website","url":"https:\/\/lasentinelle.dz\/","name":"La Sentinelle","description":"Quotidien national d&#039;information","publisher":{"@id":"https:\/\/lasentinelle.dz\/#organization"},"potentialAction":[{"@type":"SearchAction","target":{"@type":"EntryPoint","urlTemplate":"https:\/\/lasentinelle.dz\/?s={search_term_string}"},"query-input":{"@type":"PropertyValueSpecification","valueRequired":true,"valueName":"search_term_string"}}],"inLanguage":"fr-FR"},{"@type":"Organization","@id":"https:\/\/lasentinelle.dz\/#organization","name":"Quotidien La Sentinelle","url":"https:\/\/lasentinelle.dz\/","logo":{"@type":"ImageObject","inLanguage":"fr-FR","@id":"https:\/\/lasentinelle.dz\/#\/schema\/logo\/image\/","url":"https:\/\/lasentinelle.dz\/wp-content\/uploads\/2021\/09\/logo-sentinelleSLOGAN-1.png","contentUrl":"https:\/\/lasentinelle.dz\/wp-content\/uploads\/2021\/09\/logo-sentinelleSLOGAN-1.png","width":615,"height":142,"caption":"Quotidien La Sentinelle"},"image":{"@id":"https:\/\/lasentinelle.dz\/#\/schema\/logo\/image\/"},"sameAs":["https:\/\/www.facebook.com\/La-Sentinelle-104059864394773"]},{"@type":"Person","@id":"https:\/\/lasentinelle.dz\/#\/schema\/person\/729ee0024f24e0b8c5ec17232f8e8b41","name":"admin","image":{"@type":"ImageObject","inLanguage":"fr-FR","@id":"https:\/\/secure.gravatar.com\/avatar\/4c81fed838786e9b53f540bf46533e750f5d292099ae3b66cfc6fb1982e29df7?s=96&d=mm&r=g","url":"https:\/\/secure.gravatar.com\/avatar\/4c81fed838786e9b53f540bf46533e750f5d292099ae3b66cfc6fb1982e29df7?s=96&d=mm&r=g","contentUrl":"https:\/\/secure.gravatar.com\/avatar\/4c81fed838786e9b53f540bf46533e750f5d292099ae3b66cfc6fb1982e29df7?s=96&d=mm&r=g","caption":"admin"},"description":"admin","url":"https:\/\/lasentinelle.dz\/author\/admin\/"}]}},"_links":{"self":[{"href":"https:\/\/lasentinelle.dz\/index.php\/wp-json\/wp\/v2\/posts\/79948","targetHints":{"allow":["GET"]}}],"collection":[{"href":"https:\/\/lasentinelle.dz\/index.php\/wp-json\/wp\/v2\/posts"}],"about":[{"href":"https:\/\/lasentinelle.dz\/index.php\/wp-json\/wp\/v2\/types\/post"}],"author":[{"embeddable":true,"href":"https:\/\/lasentinelle.dz\/index.php\/wp-json\/wp\/v2\/users\/6"}],"replies":[{"embeddable":true,"href":"https:\/\/lasentinelle.dz\/index.php\/wp-json\/wp\/v2\/comments?post=79948"}],"version-history":[{"count":1,"href":"https:\/\/lasentinelle.dz\/index.php\/wp-json\/wp\/v2\/posts\/79948\/revisions"}],"predecessor-version":[{"id":79950,"href":"https:\/\/lasentinelle.dz\/index.php\/wp-json\/wp\/v2\/posts\/79948\/revisions\/79950"}],"wp:featuredmedia":[{"embeddable":true,"href":"https:\/\/lasentinelle.dz\/index.php\/wp-json\/wp\/v2\/media\/79949"}],"wp:attachment":[{"href":"https:\/\/lasentinelle.dz\/index.php\/wp-json\/wp\/v2\/media?parent=79948"}],"wp:term":[{"taxonomy":"category","embeddable":true,"href":"https:\/\/lasentinelle.dz\/index.php\/wp-json\/wp\/v2\/categories?post=79948"},{"taxonomy":"post_tag","embeddable":true,"href":"https:\/\/lasentinelle.dz\/index.php\/wp-json\/wp\/v2\/tags?post=79948"}],"curies":[{"name":"wp","href":"https:\/\/api.w.org\/{rel}","templated":true}]}}