{"id":79956,"date":"2026-01-22T13:12:28","date_gmt":"2026-01-22T12:12:28","guid":{"rendered":"https:\/\/lasentinelle.dz\/?p=79956"},"modified":"2026-01-22T13:12:30","modified_gmt":"2026-01-22T12:12:30","slug":"le-conseil-de-la-nation-adopte-le-texte-avec-des-reserves-sur-onze-articles-la-revision-du-code-de-la-route-lancee","status":"publish","type":"post","link":"https:\/\/lasentinelle.dz\/index.php\/2026\/01\/22\/le-conseil-de-la-nation-adopte-le-texte-avec-des-reserves-sur-onze-articles-la-revision-du-code-de-la-route-lancee\/","title":{"rendered":"Le Conseil de la Nation adopte le texte avec des r\u00e9serves sur onze articles\u00a0: La r\u00e9vision du Code de la route lanc\u00e9e"},"content":{"rendered":"\n<p><strong>Le Conseil de la nation a adopt\u00e9 mercredi le projet de loi portant Code de la route, tout en \u00e9mettant des r\u00e9serves sur 11 articles controvers\u00e9s qui seront soumis \u00e0 une commission paritaire r\u00e9unissant les repr\u00e9sentants des deux chambres du Parlement, ouvrant ainsi la voie \u00e0 une r\u00e9vision des dispositions les plus contest\u00e9es par les professionnels du transport.<\/strong><\/p>\n\n\n\n<p>Cette&nbsp;r\u00e9vision&nbsp;intervient apr\u00e8s&nbsp;des&nbsp;tensions marqu\u00e9es par une gr\u00e8ve des transporteurs d\u00e9but janvier, avant qu&rsquo;une m\u00e9diation au plus haut niveau de l&rsquo;\u00c9tat ne permette de d\u00e9bloquer la situation.&nbsp;La chambre haute du Parlement a approuv\u00e9 179 articles sur les 190 que compte le code.&nbsp;Les 11 articles faisant l&rsquo;objet de cette r\u00e9serve comportent des dispositions privatives de libert\u00e9 ainsi que des amendes et des sanctions, et seront soumis aux proc\u00e9dures juridiques et constitutionnelles pr\u00e9voyant qu&rsquo;en cas de r\u00e9serve \u00e9mise par les membres du Conseil de la nation sur un texte de loi, il est proc\u00e9d\u00e9, dans un d\u00e9lai maximal de 15 jours, \u00e0 l&rsquo;installation d&rsquo;une commission paritaire compos\u00e9e de repr\u00e9sentants des deux chambres du Parlement en vue de proposer un texte sur les dispositions objet du d\u00e9saccord.<\/p>\n\n\n\n<p>Le ministre de l&rsquo;Int\u00e9rieur, des Collectivit\u00e9s locales et des Transports, Sa\u00efd Sayoud, s&rsquo;est f\u00e9licit\u00e9 de cette&nbsp;adoption&nbsp;lors de son intervention devant l&rsquo;h\u00e9micycle. Le ministre a insist\u00e9 sur l&rsquo;importance strat\u00e9gique de ce texte pour la s\u00e9curit\u00e9 routi\u00e8re. \u00ab\u00a0Ce projet de loi s&rsquo;inscrit dans le cadre des efforts d\u00e9ploy\u00e9s par les institutions de l&rsquo;\u00c9tat dont l&rsquo;objectif premier et supr\u00eame est de prot\u00e9ger l&rsquo;usager de la route et de garantir un d\u00e9placement s\u00fbr au citoyen, prot\u00e9geant sa vie et ses biens, selon une vision strat\u00e9gique qui r\u00e9unit tous les \u00e9l\u00e9ments du syst\u00e8me de s\u00e9curit\u00e9 routi\u00e8re et des approches tenant compte des transformations internes et des d\u00e9veloppements survenus dans le domaine de la s\u00e9curit\u00e9 routi\u00e8re\u00a0\u00bb, a affirm\u00e9 Sa\u00efd Sayoud, ajoutant que ce dispositif permettra au pays \u00ab\u00a0de faire face au ph\u00e9nom\u00e8ne des accidents de la route qui est devenu l&rsquo;un des principaux probl\u00e8mes drainant les vies humaines et l&rsquo;\u00e9conomie nationale.\u00a0\u00bb<\/p>\n\n\n\n<p>Le ministre a pr\u00e9cis\u00e9 l&rsquo;\u00e9quilibre recherch\u00e9 par ce texte : \u00ab\u00a0L&rsquo;objectif de cette d\u00e9marche est de construire un \u00e9quilibre entre pr\u00e9vention et dissuasion dans un cadre juridique int\u00e9gr\u00e9 concernant la gouvernance routi\u00e8re, incluant la gestion de la s\u00e9curit\u00e9 routi\u00e8re et le renforcement de la s\u00e9curit\u00e9 routi\u00e8re.\u00a0\u00bb Il a d\u00e9taill\u00e9 les innovations apport\u00e9es, notamment \u00ab\u00a0la mise en place d&rsquo;un cadre national pour la pr\u00e9paration de la s\u00e9curit\u00e9 routi\u00e8re aux niveaux strat\u00e9gique et local, l&rsquo;introduction de syst\u00e8mes num\u00e9riques nationaux pour la s\u00e9curit\u00e9 routi\u00e8re, la mise en place d&rsquo;un syst\u00e8me int\u00e9gr\u00e9 de r\u00e8gles de circulation bas\u00e9 sur les \u00e9l\u00e9ments du syst\u00e8me routier incluant le facteur humain, le v\u00e9hicule et l&rsquo;environnement routier.\u00a0\u00bb&nbsp;Sa\u00efd Sayoud a tenu \u00e0 souligner la port\u00e9e de l&rsquo;adoption&nbsp;de ce&nbsp;\u00a0\u00bb texte de 190 articles dont 11 ont fait l&rsquo;objet de r\u00e9serves, et vous \u00eates remerci\u00e9s pour votre large vision et votre totale libert\u00e9 et d\u00e9mocratie dans vos choix et propositions. Le Conseil a vot\u00e9 \u00e0 l&rsquo;unanimit\u00e9 ces r\u00e9serves, tout comme vous avez \u00e9galement vot\u00e9 \u00e0 l&rsquo;unanimit\u00e9 environ 179 articles, et pour cela aussi nous vous sommes reconnaissants.\u00a0\u00bb&nbsp;&nbsp;De son c\u00f4t\u00e9, le pr\u00e9sident du Conseil de la nation, Azouz Nasri, a salu\u00e9 le processus d\u00e9mocratique qui a pr\u00e9valu. \u00ab\u00a0Le Conseil de la nation, dans le cadre des pr\u00e9rogatives qui lui sont constitutionnellement d\u00e9volues, a exprim\u00e9 son avis concernant le projet de loi portant Code de la route\u00a0\u00bb, a-t-il d\u00e9clar\u00e9, ajoutant vouloir \u00ab\u00a0\u00e9lever \u00e0 l&rsquo;attention de Son Excellence le pr\u00e9sident de la R\u00e9publique, Monsieur Abdelmadjid Tebboune, l&rsquo;expression de notre consid\u00e9ration et gratitude pour son souci constant de fournir le cadre juridique qui d\u00e9finit et encadre les responsabilit\u00e9s, r\u00e9duit les pertes humaines et mat\u00e9rielles croissantes et garantit la s\u00e9curit\u00e9 routi\u00e8re pour tous.\u00a0\u00bb<\/p>\n\n\n\n<p>Nasri a pr\u00e9cis\u00e9 les prochaines \u00e9tapes : \u00ab\u00a0\u00c9tant donn\u00e9 que le Conseil de la nation n&rsquo;a pas approuv\u00e9 un certain nombre d&rsquo;articles du projet de loi portant Code de la route, et dans l&rsquo;attente de la r\u00e9union de la commission paritaire pour statuer sur les articles objet de d\u00e9saccord entre les deux chambres, qui se r\u00e9unira sur demande du Premier ministre qui sera inform\u00e9 en temps voulu \u00e0 ce sujet, le Conseil de la nation devrait se r\u00e9unir \u00e0 nouveau dans les prochains jours pour approuver ces articles dans leur nouvelle formulation.\u00a0\u00bb<\/p>\n\n\n\n<p><strong>Le satisfecit des transporteurs<\/strong><\/p>\n\n\n\n<p>Le Syndicat national&nbsp;des transporteurs par taxi a exprim\u00e9 sa satisfaction face \u00e0 cette d\u00e9cision. Dans un communiqu\u00e9 publi\u00e9 mercredi,&nbsp;le syndicat, affili\u00e9 \u00e0 l&rsquo;Union g\u00e9n\u00e9rale des travailleurs alg\u00e9riens (UGTA), a salu\u00e9 \u00ab\u00a0la prise en compte des int\u00e9r\u00eats des professionnels du secteur des transports, en premier lieu les chauffeurs de taxi, et la cons\u00e9cration d&rsquo;un \u00e9quilibre juste entre les exigences de la dissuasion l\u00e9gale et la dimension sociale et professionnelle du secteur.\u00a0\u00bb&nbsp;L&rsquo;organisation syndicale a soulign\u00e9 qu&rsquo;elle \u00ab\u00a0suivra avec int\u00e9r\u00eat les travaux pr\u00e9vus au niveau de la commission paritaire, esp\u00e9rant qu&rsquo;ils aboutiront \u00e0 l&rsquo;int\u00e9gration d&rsquo;amendements r\u00e9fl\u00e9chis et r\u00e9alistes, renfor\u00e7ant la s\u00e9curit\u00e9 routi\u00e8re tout en pr\u00e9servant les droits des professionnels et la stabilit\u00e9 du secteur.\u00a0\u00bb Le syndicat a salu\u00e9 \u00ab\u00a0l&rsquo;esprit de maturit\u00e9 et de responsabilit\u00e9 qui a caract\u00e9ris\u00e9 la gestion de ce dossier par le Conseil de la nation et le gouvernement\u00a0\u00bb, r\u00e9affirmant \u00ab\u00a0son engagement permanent et responsable dans toute d\u00e9marche consultative visant \u00e0 servir l&rsquo;int\u00e9r\u00eat g\u00e9n\u00e9ral dans un cadre juridique juste et \u00e9quilibr\u00e9.\u00a0\u00bb<\/p>\n\n\n\n<p>Cette adoption fait suite \u00e0 une gr\u00e8ve d\u00e9clench\u00e9e le 1er janvier par les transporteurs pour protester contre certaines dispositions jug\u00e9es trop s\u00e9v\u00e8res. Le mouvement s&rsquo;\u00e9tait achev\u00e9 apr\u00e8s l&rsquo;intervention du pr\u00e9sident du Conseil de la nation qui avait re\u00e7u les repr\u00e9sentants syndicaux et remis un rapport au pr\u00e9sident Tebboune. La mise en place de la commission paritaire r\u00e9pond ainsi aux pr\u00e9occupations exprim\u00e9es par les professionnels tout en maintenant l&rsquo;objectif de renforcement de la s\u00e9curit\u00e9 routi\u00e8re.<\/p>\n\n\n\n<p>Samir Benisid<\/p>\n","protected":false},"excerpt":{"rendered":"<p>Le Conseil de la nation a adopt\u00e9 mercredi le projet de loi portant Code de la route, tout en \u00e9mettant<\/p>\n","protected":false},"author":6,"featured_media":79957,"comment_status":"open","ping_status":"closed","sticky":false,"template":"","format":"standard","meta":{"colormag_page_container_layout":"default_layout","colormag_page_sidebar_layout":"default_layout","om_disable_all_campaigns":false,"_monsterinsights_skip_tracking":false,"_monsterinsights_sitenote_active":false,"_monsterinsights_sitenote_note":"","_monsterinsights_sitenote_category":0,"footnotes":"","_wpscppro_dont_share_socialmedia":false,"_wpscppro_custom_social_share_image":0,"_facebook_share_type":"default","_twitter_share_type":"default","_linkedin_share_type":"default","_pinterest_share_type":"default","_linkedin_share_type_page":"","_instagram_share_type":"default","_medium_share_type":"default","_threads_share_type":"default","_google_business_share_type":"default","_selected_social_profile":[],"_wpsp_enable_custom_social_template":false,"_wpsp_social_scheduling":{"enabled":false,"datetime":null,"platforms":[],"status":"template_only","dateOption":"today","timeOption":"now","customDays":"","customHours":"","customDate":"","customTime":"","schedulingType":"absolute"},"_wpsp_active_default_template":true},"categories":[52,27],"tags":[],"class_list":["post-79956","post","type-post","status-publish","format-standard","has-post-thumbnail","hentry","category-a-la-une","category-actualite"],"aioseo_notices":[],"yoast_head":"<!-- This site is optimized with the Yoast SEO plugin v27.4 - https:\/\/yoast.com\/product\/yoast-seo-wordpress\/ -->\n<title>Le Conseil de la Nation adopte le texte avec des r\u00e9serves sur onze articles\u00a0: La r\u00e9vision du Code de la route lanc\u00e9e - La Sentinelle<\/title>\n<meta name=\"robots\" content=\"index, follow, max-snippet:-1, max-image-preview:large, max-video-preview:-1\" \/>\n<link rel=\"canonical\" href=\"https:\/\/lasentinelle.dz\/index.php\/2026\/01\/22\/le-conseil-de-la-nation-adopte-le-texte-avec-des-reserves-sur-onze-articles-la-revision-du-code-de-la-route-lancee\/\" \/>\n<meta property=\"og:locale\" content=\"fr_FR\" \/>\n<meta property=\"og:type\" content=\"article\" \/>\n<meta property=\"og:title\" content=\"Le Conseil de la Nation adopte le texte avec des r\u00e9serves sur onze articles\u00a0: La r\u00e9vision du Code de la route lanc\u00e9e - La Sentinelle\" \/>\n<meta property=\"og:description\" content=\"Le Conseil de la nation a adopt\u00e9 mercredi le projet de loi portant Code de la route, tout en \u00e9mettant\" \/>\n<meta property=\"og:url\" content=\"https:\/\/lasentinelle.dz\/index.php\/2026\/01\/22\/le-conseil-de-la-nation-adopte-le-texte-avec-des-reserves-sur-onze-articles-la-revision-du-code-de-la-route-lancee\/\" \/>\n<meta property=\"og:site_name\" content=\"La Sentinelle\" \/>\n<meta property=\"article:publisher\" content=\"https:\/\/www.facebook.com\/La-Sentinelle-104059864394773\" \/>\n<meta property=\"article:published_time\" content=\"2026-01-22T12:12:28+00:00\" \/>\n<meta property=\"article:modified_time\" content=\"2026-01-22T12:12:30+00:00\" \/>\n<meta property=\"og:image\" content=\"https:\/\/lasentinelle.dz\/wp-content\/uploads\/2026\/01\/Conseil-de-la-nation.jpeg\" \/>\n\t<meta property=\"og:image:width\" content=\"2048\" \/>\n\t<meta property=\"og:image:height\" content=\"1365\" \/>\n\t<meta property=\"og:image:type\" content=\"image\/jpeg\" \/>\n<meta name=\"author\" content=\"admin\" \/>\n<meta name=\"twitter:card\" content=\"summary_large_image\" \/>\n<meta name=\"twitter:label1\" content=\"\u00c9crit par\" \/>\n\t<meta name=\"twitter:data1\" content=\"admin\" \/>\n\t<meta name=\"twitter:label2\" content=\"Dur\u00e9e de lecture estim\u00e9e\" \/>\n\t<meta name=\"twitter:data2\" content=\"6 minutes\" \/>\n<script type=\"application\/ld+json\" class=\"yoast-schema-graph\">{\"@context\":\"https:\\\/\\\/schema.org\",\"@graph\":[{\"@type\":\"Article\",\"@id\":\"https:\\\/\\\/lasentinelle.dz\\\/index.php\\\/2026\\\/01\\\/22\\\/le-conseil-de-la-nation-adopte-le-texte-avec-des-reserves-sur-onze-articles-la-revision-du-code-de-la-route-lancee\\\/#article\",\"isPartOf\":{\"@id\":\"https:\\\/\\\/lasentinelle.dz\\\/index.php\\\/2026\\\/01\\\/22\\\/le-conseil-de-la-nation-adopte-le-texte-avec-des-reserves-sur-onze-articles-la-revision-du-code-de-la-route-lancee\\\/\"},\"author\":{\"name\":\"admin\",\"@id\":\"https:\\\/\\\/lasentinelle.dz\\\/#\\\/schema\\\/person\\\/729ee0024f24e0b8c5ec17232f8e8b41\"},\"headline\":\"Le Conseil de la Nation adopte le texte avec des r\u00e9serves sur onze articles\u00a0: La r\u00e9vision du Code de la route lanc\u00e9e\",\"datePublished\":\"2026-01-22T12:12:28+00:00\",\"dateModified\":\"2026-01-22T12:12:30+00:00\",\"mainEntityOfPage\":{\"@id\":\"https:\\\/\\\/lasentinelle.dz\\\/index.php\\\/2026\\\/01\\\/22\\\/le-conseil-de-la-nation-adopte-le-texte-avec-des-reserves-sur-onze-articles-la-revision-du-code-de-la-route-lancee\\\/\"},\"wordCount\":1152,\"commentCount\":0,\"publisher\":{\"@id\":\"https:\\\/\\\/lasentinelle.dz\\\/#organization\"},\"image\":{\"@id\":\"https:\\\/\\\/lasentinelle.dz\\\/index.php\\\/2026\\\/01\\\/22\\\/le-conseil-de-la-nation-adopte-le-texte-avec-des-reserves-sur-onze-articles-la-revision-du-code-de-la-route-lancee\\\/#primaryimage\"},\"thumbnailUrl\":\"https:\\\/\\\/lasentinelle.dz\\\/wp-content\\\/uploads\\\/2026\\\/01\\\/Conseil-de-la-nation.jpeg\",\"articleSection\":[\"\u00c0 la Une\",\"Actualit\u00e9\"],\"inLanguage\":\"fr-FR\",\"potentialAction\":[{\"@type\":\"CommentAction\",\"name\":\"Comment\",\"target\":[\"https:\\\/\\\/lasentinelle.dz\\\/index.php\\\/2026\\\/01\\\/22\\\/le-conseil-de-la-nation-adopte-le-texte-avec-des-reserves-sur-onze-articles-la-revision-du-code-de-la-route-lancee\\\/#respond\"]}]},{\"@type\":\"WebPage\",\"@id\":\"https:\\\/\\\/lasentinelle.dz\\\/index.php\\\/2026\\\/01\\\/22\\\/le-conseil-de-la-nation-adopte-le-texte-avec-des-reserves-sur-onze-articles-la-revision-du-code-de-la-route-lancee\\\/\",\"url\":\"https:\\\/\\\/lasentinelle.dz\\\/index.php\\\/2026\\\/01\\\/22\\\/le-conseil-de-la-nation-adopte-le-texte-avec-des-reserves-sur-onze-articles-la-revision-du-code-de-la-route-lancee\\\/\",\"name\":\"Le Conseil de la Nation adopte le texte avec des r\u00e9serves sur onze articles\u00a0: La r\u00e9vision du Code de la route lanc\u00e9e - La Sentinelle\",\"isPartOf\":{\"@id\":\"https:\\\/\\\/lasentinelle.dz\\\/#website\"},\"primaryImageOfPage\":{\"@id\":\"https:\\\/\\\/lasentinelle.dz\\\/index.php\\\/2026\\\/01\\\/22\\\/le-conseil-de-la-nation-adopte-le-texte-avec-des-reserves-sur-onze-articles-la-revision-du-code-de-la-route-lancee\\\/#primaryimage\"},\"image\":{\"@id\":\"https:\\\/\\\/lasentinelle.dz\\\/index.php\\\/2026\\\/01\\\/22\\\/le-conseil-de-la-nation-adopte-le-texte-avec-des-reserves-sur-onze-articles-la-revision-du-code-de-la-route-lancee\\\/#primaryimage\"},\"thumbnailUrl\":\"https:\\\/\\\/lasentinelle.dz\\\/wp-content\\\/uploads\\\/2026\\\/01\\\/Conseil-de-la-nation.jpeg\",\"datePublished\":\"2026-01-22T12:12:28+00:00\",\"dateModified\":\"2026-01-22T12:12:30+00:00\",\"breadcrumb\":{\"@id\":\"https:\\\/\\\/lasentinelle.dz\\\/index.php\\\/2026\\\/01\\\/22\\\/le-conseil-de-la-nation-adopte-le-texte-avec-des-reserves-sur-onze-articles-la-revision-du-code-de-la-route-lancee\\\/#breadcrumb\"},\"inLanguage\":\"fr-FR\",\"potentialAction\":[{\"@type\":\"ReadAction\",\"target\":[\"https:\\\/\\\/lasentinelle.dz\\\/index.php\\\/2026\\\/01\\\/22\\\/le-conseil-de-la-nation-adopte-le-texte-avec-des-reserves-sur-onze-articles-la-revision-du-code-de-la-route-lancee\\\/\"]}]},{\"@type\":\"ImageObject\",\"inLanguage\":\"fr-FR\",\"@id\":\"https:\\\/\\\/lasentinelle.dz\\\/index.php\\\/2026\\\/01\\\/22\\\/le-conseil-de-la-nation-adopte-le-texte-avec-des-reserves-sur-onze-articles-la-revision-du-code-de-la-route-lancee\\\/#primaryimage\",\"url\":\"https:\\\/\\\/lasentinelle.dz\\\/wp-content\\\/uploads\\\/2026\\\/01\\\/Conseil-de-la-nation.jpeg\",\"contentUrl\":\"https:\\\/\\\/lasentinelle.dz\\\/wp-content\\\/uploads\\\/2026\\\/01\\\/Conseil-de-la-nation.jpeg\",\"width\":2048,\"height\":1365},{\"@type\":\"BreadcrumbList\",\"@id\":\"https:\\\/\\\/lasentinelle.dz\\\/index.php\\\/2026\\\/01\\\/22\\\/le-conseil-de-la-nation-adopte-le-texte-avec-des-reserves-sur-onze-articles-la-revision-du-code-de-la-route-lancee\\\/#breadcrumb\",\"itemListElement\":[{\"@type\":\"ListItem\",\"position\":1,\"name\":\"Accueil\",\"item\":\"https:\\\/\\\/lasentinelle.dz\\\/\"},{\"@type\":\"ListItem\",\"position\":2,\"name\":\"Le Conseil de la Nation adopte le texte avec des r\u00e9serves sur onze articles\u00a0: La r\u00e9vision du Code de la route lanc\u00e9e\"}]},{\"@type\":\"WebSite\",\"@id\":\"https:\\\/\\\/lasentinelle.dz\\\/#website\",\"url\":\"https:\\\/\\\/lasentinelle.dz\\\/\",\"name\":\"La Sentinelle\",\"description\":\"Quotidien national d&#039;information\",\"publisher\":{\"@id\":\"https:\\\/\\\/lasentinelle.dz\\\/#organization\"},\"potentialAction\":[{\"@type\":\"SearchAction\",\"target\":{\"@type\":\"EntryPoint\",\"urlTemplate\":\"https:\\\/\\\/lasentinelle.dz\\\/?s={search_term_string}\"},\"query-input\":{\"@type\":\"PropertyValueSpecification\",\"valueRequired\":true,\"valueName\":\"search_term_string\"}}],\"inLanguage\":\"fr-FR\"},{\"@type\":\"Organization\",\"@id\":\"https:\\\/\\\/lasentinelle.dz\\\/#organization\",\"name\":\"Quotidien La Sentinelle\",\"url\":\"https:\\\/\\\/lasentinelle.dz\\\/\",\"logo\":{\"@type\":\"ImageObject\",\"inLanguage\":\"fr-FR\",\"@id\":\"https:\\\/\\\/lasentinelle.dz\\\/#\\\/schema\\\/logo\\\/image\\\/\",\"url\":\"https:\\\/\\\/lasentinelle.dz\\\/wp-content\\\/uploads\\\/2021\\\/09\\\/logo-sentinelleSLOGAN-1.png\",\"contentUrl\":\"https:\\\/\\\/lasentinelle.dz\\\/wp-content\\\/uploads\\\/2021\\\/09\\\/logo-sentinelleSLOGAN-1.png\",\"width\":615,\"height\":142,\"caption\":\"Quotidien La Sentinelle\"},\"image\":{\"@id\":\"https:\\\/\\\/lasentinelle.dz\\\/#\\\/schema\\\/logo\\\/image\\\/\"},\"sameAs\":[\"https:\\\/\\\/www.facebook.com\\\/La-Sentinelle-104059864394773\"]},{\"@type\":\"Person\",\"@id\":\"https:\\\/\\\/lasentinelle.dz\\\/#\\\/schema\\\/person\\\/729ee0024f24e0b8c5ec17232f8e8b41\",\"name\":\"admin\",\"image\":{\"@type\":\"ImageObject\",\"inLanguage\":\"fr-FR\",\"@id\":\"https:\\\/\\\/secure.gravatar.com\\\/avatar\\\/4c81fed838786e9b53f540bf46533e750f5d292099ae3b66cfc6fb1982e29df7?s=96&d=mm&r=g\",\"url\":\"https:\\\/\\\/secure.gravatar.com\\\/avatar\\\/4c81fed838786e9b53f540bf46533e750f5d292099ae3b66cfc6fb1982e29df7?s=96&d=mm&r=g\",\"contentUrl\":\"https:\\\/\\\/secure.gravatar.com\\\/avatar\\\/4c81fed838786e9b53f540bf46533e750f5d292099ae3b66cfc6fb1982e29df7?s=96&d=mm&r=g\",\"caption\":\"admin\"},\"description\":\"admin\",\"url\":\"https:\\\/\\\/lasentinelle.dz\\\/author\\\/admin\\\/\"}]}<\/script>\n<!-- \/ Yoast SEO plugin. -->","yoast_head_json":{"title":"Le Conseil de la Nation adopte le texte avec des r\u00e9serves sur onze articles\u00a0: La r\u00e9vision du Code de la route lanc\u00e9e - La Sentinelle","robots":{"index":"index","follow":"follow","max-snippet":"max-snippet:-1","max-image-preview":"max-image-preview:large","max-video-preview":"max-video-preview:-1"},"canonical":"https:\/\/lasentinelle.dz\/index.php\/2026\/01\/22\/le-conseil-de-la-nation-adopte-le-texte-avec-des-reserves-sur-onze-articles-la-revision-du-code-de-la-route-lancee\/","og_locale":"fr_FR","og_type":"article","og_title":"Le Conseil de la Nation adopte le texte avec des r\u00e9serves sur onze articles\u00a0: La r\u00e9vision du Code de la route lanc\u00e9e - La Sentinelle","og_description":"Le Conseil de la nation a adopt\u00e9 mercredi le projet de loi portant Code de la route, tout en \u00e9mettant","og_url":"https:\/\/lasentinelle.dz\/index.php\/2026\/01\/22\/le-conseil-de-la-nation-adopte-le-texte-avec-des-reserves-sur-onze-articles-la-revision-du-code-de-la-route-lancee\/","og_site_name":"La Sentinelle","article_publisher":"https:\/\/www.facebook.com\/La-Sentinelle-104059864394773","article_published_time":"2026-01-22T12:12:28+00:00","article_modified_time":"2026-01-22T12:12:30+00:00","og_image":[{"width":2048,"height":1365,"url":"https:\/\/lasentinelle.dz\/wp-content\/uploads\/2026\/01\/Conseil-de-la-nation.jpeg","type":"image\/jpeg"}],"author":"admin","twitter_card":"summary_large_image","twitter_misc":{"\u00c9crit par":"admin","Dur\u00e9e de lecture estim\u00e9e":"6 minutes"},"schema":{"@context":"https:\/\/schema.org","@graph":[{"@type":"Article","@id":"https:\/\/lasentinelle.dz\/index.php\/2026\/01\/22\/le-conseil-de-la-nation-adopte-le-texte-avec-des-reserves-sur-onze-articles-la-revision-du-code-de-la-route-lancee\/#article","isPartOf":{"@id":"https:\/\/lasentinelle.dz\/index.php\/2026\/01\/22\/le-conseil-de-la-nation-adopte-le-texte-avec-des-reserves-sur-onze-articles-la-revision-du-code-de-la-route-lancee\/"},"author":{"name":"admin","@id":"https:\/\/lasentinelle.dz\/#\/schema\/person\/729ee0024f24e0b8c5ec17232f8e8b41"},"headline":"Le Conseil de la Nation adopte le texte avec des r\u00e9serves sur onze articles\u00a0: La r\u00e9vision du Code de la route lanc\u00e9e","datePublished":"2026-01-22T12:12:28+00:00","dateModified":"2026-01-22T12:12:30+00:00","mainEntityOfPage":{"@id":"https:\/\/lasentinelle.dz\/index.php\/2026\/01\/22\/le-conseil-de-la-nation-adopte-le-texte-avec-des-reserves-sur-onze-articles-la-revision-du-code-de-la-route-lancee\/"},"wordCount":1152,"commentCount":0,"publisher":{"@id":"https:\/\/lasentinelle.dz\/#organization"},"image":{"@id":"https:\/\/lasentinelle.dz\/index.php\/2026\/01\/22\/le-conseil-de-la-nation-adopte-le-texte-avec-des-reserves-sur-onze-articles-la-revision-du-code-de-la-route-lancee\/#primaryimage"},"thumbnailUrl":"https:\/\/lasentinelle.dz\/wp-content\/uploads\/2026\/01\/Conseil-de-la-nation.jpeg","articleSection":["\u00c0 la Une","Actualit\u00e9"],"inLanguage":"fr-FR","potentialAction":[{"@type":"CommentAction","name":"Comment","target":["https:\/\/lasentinelle.dz\/index.php\/2026\/01\/22\/le-conseil-de-la-nation-adopte-le-texte-avec-des-reserves-sur-onze-articles-la-revision-du-code-de-la-route-lancee\/#respond"]}]},{"@type":"WebPage","@id":"https:\/\/lasentinelle.dz\/index.php\/2026\/01\/22\/le-conseil-de-la-nation-adopte-le-texte-avec-des-reserves-sur-onze-articles-la-revision-du-code-de-la-route-lancee\/","url":"https:\/\/lasentinelle.dz\/index.php\/2026\/01\/22\/le-conseil-de-la-nation-adopte-le-texte-avec-des-reserves-sur-onze-articles-la-revision-du-code-de-la-route-lancee\/","name":"Le Conseil de la Nation adopte le texte avec des r\u00e9serves sur onze articles\u00a0: La r\u00e9vision du Code de la route lanc\u00e9e - La Sentinelle","isPartOf":{"@id":"https:\/\/lasentinelle.dz\/#website"},"primaryImageOfPage":{"@id":"https:\/\/lasentinelle.dz\/index.php\/2026\/01\/22\/le-conseil-de-la-nation-adopte-le-texte-avec-des-reserves-sur-onze-articles-la-revision-du-code-de-la-route-lancee\/#primaryimage"},"image":{"@id":"https:\/\/lasentinelle.dz\/index.php\/2026\/01\/22\/le-conseil-de-la-nation-adopte-le-texte-avec-des-reserves-sur-onze-articles-la-revision-du-code-de-la-route-lancee\/#primaryimage"},"thumbnailUrl":"https:\/\/lasentinelle.dz\/wp-content\/uploads\/2026\/01\/Conseil-de-la-nation.jpeg","datePublished":"2026-01-22T12:12:28+00:00","dateModified":"2026-01-22T12:12:30+00:00","breadcrumb":{"@id":"https:\/\/lasentinelle.dz\/index.php\/2026\/01\/22\/le-conseil-de-la-nation-adopte-le-texte-avec-des-reserves-sur-onze-articles-la-revision-du-code-de-la-route-lancee\/#breadcrumb"},"inLanguage":"fr-FR","potentialAction":[{"@type":"ReadAction","target":["https:\/\/lasentinelle.dz\/index.php\/2026\/01\/22\/le-conseil-de-la-nation-adopte-le-texte-avec-des-reserves-sur-onze-articles-la-revision-du-code-de-la-route-lancee\/"]}]},{"@type":"ImageObject","inLanguage":"fr-FR","@id":"https:\/\/lasentinelle.dz\/index.php\/2026\/01\/22\/le-conseil-de-la-nation-adopte-le-texte-avec-des-reserves-sur-onze-articles-la-revision-du-code-de-la-route-lancee\/#primaryimage","url":"https:\/\/lasentinelle.dz\/wp-content\/uploads\/2026\/01\/Conseil-de-la-nation.jpeg","contentUrl":"https:\/\/lasentinelle.dz\/wp-content\/uploads\/2026\/01\/Conseil-de-la-nation.jpeg","width":2048,"height":1365},{"@type":"BreadcrumbList","@id":"https:\/\/lasentinelle.dz\/index.php\/2026\/01\/22\/le-conseil-de-la-nation-adopte-le-texte-avec-des-reserves-sur-onze-articles-la-revision-du-code-de-la-route-lancee\/#breadcrumb","itemListElement":[{"@type":"ListItem","position":1,"name":"Accueil","item":"https:\/\/lasentinelle.dz\/"},{"@type":"ListItem","position":2,"name":"Le Conseil de la Nation adopte le texte avec des r\u00e9serves sur onze articles\u00a0: La r\u00e9vision du Code de la route lanc\u00e9e"}]},{"@type":"WebSite","@id":"https:\/\/lasentinelle.dz\/#website","url":"https:\/\/lasentinelle.dz\/","name":"La Sentinelle","description":"Quotidien national d&#039;information","publisher":{"@id":"https:\/\/lasentinelle.dz\/#organization"},"potentialAction":[{"@type":"SearchAction","target":{"@type":"EntryPoint","urlTemplate":"https:\/\/lasentinelle.dz\/?s={search_term_string}"},"query-input":{"@type":"PropertyValueSpecification","valueRequired":true,"valueName":"search_term_string"}}],"inLanguage":"fr-FR"},{"@type":"Organization","@id":"https:\/\/lasentinelle.dz\/#organization","name":"Quotidien La Sentinelle","url":"https:\/\/lasentinelle.dz\/","logo":{"@type":"ImageObject","inLanguage":"fr-FR","@id":"https:\/\/lasentinelle.dz\/#\/schema\/logo\/image\/","url":"https:\/\/lasentinelle.dz\/wp-content\/uploads\/2021\/09\/logo-sentinelleSLOGAN-1.png","contentUrl":"https:\/\/lasentinelle.dz\/wp-content\/uploads\/2021\/09\/logo-sentinelleSLOGAN-1.png","width":615,"height":142,"caption":"Quotidien La Sentinelle"},"image":{"@id":"https:\/\/lasentinelle.dz\/#\/schema\/logo\/image\/"},"sameAs":["https:\/\/www.facebook.com\/La-Sentinelle-104059864394773"]},{"@type":"Person","@id":"https:\/\/lasentinelle.dz\/#\/schema\/person\/729ee0024f24e0b8c5ec17232f8e8b41","name":"admin","image":{"@type":"ImageObject","inLanguage":"fr-FR","@id":"https:\/\/secure.gravatar.com\/avatar\/4c81fed838786e9b53f540bf46533e750f5d292099ae3b66cfc6fb1982e29df7?s=96&d=mm&r=g","url":"https:\/\/secure.gravatar.com\/avatar\/4c81fed838786e9b53f540bf46533e750f5d292099ae3b66cfc6fb1982e29df7?s=96&d=mm&r=g","contentUrl":"https:\/\/secure.gravatar.com\/avatar\/4c81fed838786e9b53f540bf46533e750f5d292099ae3b66cfc6fb1982e29df7?s=96&d=mm&r=g","caption":"admin"},"description":"admin","url":"https:\/\/lasentinelle.dz\/author\/admin\/"}]}},"_links":{"self":[{"href":"https:\/\/lasentinelle.dz\/index.php\/wp-json\/wp\/v2\/posts\/79956","targetHints":{"allow":["GET"]}}],"collection":[{"href":"https:\/\/lasentinelle.dz\/index.php\/wp-json\/wp\/v2\/posts"}],"about":[{"href":"https:\/\/lasentinelle.dz\/index.php\/wp-json\/wp\/v2\/types\/post"}],"author":[{"embeddable":true,"href":"https:\/\/lasentinelle.dz\/index.php\/wp-json\/wp\/v2\/users\/6"}],"replies":[{"embeddable":true,"href":"https:\/\/lasentinelle.dz\/index.php\/wp-json\/wp\/v2\/comments?post=79956"}],"version-history":[{"count":1,"href":"https:\/\/lasentinelle.dz\/index.php\/wp-json\/wp\/v2\/posts\/79956\/revisions"}],"predecessor-version":[{"id":79958,"href":"https:\/\/lasentinelle.dz\/index.php\/wp-json\/wp\/v2\/posts\/79956\/revisions\/79958"}],"wp:featuredmedia":[{"embeddable":true,"href":"https:\/\/lasentinelle.dz\/index.php\/wp-json\/wp\/v2\/media\/79957"}],"wp:attachment":[{"href":"https:\/\/lasentinelle.dz\/index.php\/wp-json\/wp\/v2\/media?parent=79956"}],"wp:term":[{"taxonomy":"category","embeddable":true,"href":"https:\/\/lasentinelle.dz\/index.php\/wp-json\/wp\/v2\/categories?post=79956"},{"taxonomy":"post_tag","embeddable":true,"href":"https:\/\/lasentinelle.dz\/index.php\/wp-json\/wp\/v2\/tags?post=79956"}],"curies":[{"name":"wp","href":"https:\/\/api.w.org\/{rel}","templated":true}]}}