{"id":79959,"date":"2026-01-25T12:16:50","date_gmt":"2026-01-25T11:16:50","guid":{"rendered":"https:\/\/lasentinelle.dz\/?p=79959"},"modified":"2026-01-25T12:16:51","modified_gmt":"2026-01-25T11:16:51","slug":"alliance-smart-africa-zerrouki-nomme-membre-du-conseil-africain-de-lintelligence-artificielle","status":"publish","type":"post","link":"https:\/\/lasentinelle.dz\/index.php\/2026\/01\/25\/alliance-smart-africa-zerrouki-nomme-membre-du-conseil-africain-de-lintelligence-artificielle\/","title":{"rendered":"Alliance Smart Africa : Zerrouki nomm\u00e9 membre du Conseil africain de l&rsquo;intelligence artificielle"},"content":{"rendered":"\n<p>Le ministre de la Poste et des T\u00e9l\u00e9communications a pris part samedi \u00e0 cette r\u00e9union inaugurale qui s&rsquo;est tenue dans le cadre de sa nomination en tant que membre de ce conseil continental de haut niveau, compos\u00e9 de ministres et d&rsquo;experts issus de diff\u00e9rentes r\u00e9gions du continent africain, a indiqu\u00e9 un communiqu\u00e9 du minist\u00e8re.&nbsp;Cette d\u00e9signation est intervenue parmi 226 personnalit\u00e9s \u00e9minentes, dont 54 ministres. Le conseil est compos\u00e9 de seulement 15 membres, r\u00e9partis comme suit : cinq ministres, six experts dans le domaine, et quatre copr\u00e9sidents parmi les cinq ministres et les six experts, qui seront \u00e9lus le premier mars prochain en marge du Congr\u00e8s mondial du mobile qui se tiendra \u00e0 Barcelone. Les membres du conseil ont \u00e9t\u00e9 s\u00e9lectionn\u00e9s par un comit\u00e9 tripartite compos\u00e9 de l&rsquo;Union internationale des t\u00e9l\u00e9communications, l&rsquo;Union africaine et l&rsquo;Alliance Smart Africa.&nbsp;Cette r\u00e9union a constitu\u00e9 une occasion pour pr\u00e9senter et discuter la feuille de route d&rsquo;activation du Conseil africain de l&rsquo;intelligence artificielle, ainsi que les m\u00e9canismes de mise en \u0153uvre de la strat\u00e9gie africaine pour l&rsquo;intelligence artificielle, de mani\u00e8re \u00e0 garantir l&rsquo;acc\u00e9l\u00e9ration de l&rsquo;adoption de ces technologies au niveau continental selon une approche responsable, inclusive et souveraine, servant les int\u00e9r\u00eats des peuples africains. Le programme des r\u00e9unions annuelles du conseil a \u00e9galement \u00e9t\u00e9 abord\u00e9, avec la d\u00e9finition des principales \u00e9tapes et la discussion sur la cr\u00e9ation de groupes de travail techniques sp\u00e9cialis\u00e9s.&nbsp;Sidi Ali&nbsp;<\/p>\n\n\n\n<p>R.N.<\/p>\n","protected":false},"excerpt":{"rendered":"<p>Le ministre de la Poste et des T\u00e9l\u00e9communications a pris part samedi \u00e0 cette r\u00e9union inaugurale qui s&rsquo;est tenue dans<\/p>\n","protected":false},"author":6,"featured_media":79960,"comment_status":"open","ping_status":"closed","sticky":false,"template":"","format":"standard","meta":{"colormag_page_container_layout":"default_layout","colormag_page_sidebar_layout":"default_layout","om_disable_all_campaigns":false,"_monsterinsights_skip_tracking":false,"_monsterinsights_sitenote_active":false,"_monsterinsights_sitenote_note":"","_monsterinsights_sitenote_category":0,"footnotes":"","_wpscppro_dont_share_socialmedia":false,"_wpscppro_custom_social_share_image":0,"_facebook_share_type":"default","_twitter_share_type":"default","_linkedin_share_type":"default","_pinterest_share_type":"default","_linkedin_share_type_page":"","_instagram_share_type":"default","_medium_share_type":"default","_threads_share_type":"default","_google_business_share_type":"default","_selected_social_profile":[],"_wpsp_enable_custom_social_template":false,"_wpsp_social_scheduling":{"enabled":false,"datetime":null,"platforms":[],"status":"template_only","dateOption":"today","timeOption":"now","customDays":"","customHours":"","customDate":"","customTime":"","schedulingType":"absolute"},"_wpsp_active_default_template":true},"categories":[27],"tags":[],"class_list":["post-79959","post","type-post","status-publish","format-standard","has-post-thumbnail","hentry","category-actualite"],"aioseo_notices":[],"yoast_head":"<!-- This site is optimized with the Yoast SEO plugin v27.5 - https:\/\/yoast.com\/product\/yoast-seo-wordpress\/ -->\n<title>Alliance Smart Africa : Zerrouki nomm\u00e9 membre du Conseil africain de l&rsquo;intelligence artificielle - La Sentinelle<\/title>\n<meta name=\"robots\" content=\"index, follow, max-snippet:-1, max-image-preview:large, max-video-preview:-1\" \/>\n<link rel=\"canonical\" href=\"https:\/\/lasentinelle.dz\/index.php\/2026\/01\/25\/alliance-smart-africa-zerrouki-nomme-membre-du-conseil-africain-de-lintelligence-artificielle\/\" \/>\n<meta property=\"og:locale\" content=\"fr_FR\" \/>\n<meta property=\"og:type\" content=\"article\" \/>\n<meta property=\"og:title\" content=\"Alliance Smart Africa : Zerrouki nomm\u00e9 membre du Conseil africain de l&rsquo;intelligence artificielle - La Sentinelle\" \/>\n<meta property=\"og:description\" content=\"Le ministre de la Poste et des T\u00e9l\u00e9communications a pris part samedi \u00e0 cette r\u00e9union inaugurale qui s&rsquo;est tenue dans\" \/>\n<meta property=\"og:url\" content=\"https:\/\/lasentinelle.dz\/index.php\/2026\/01\/25\/alliance-smart-africa-zerrouki-nomme-membre-du-conseil-africain-de-lintelligence-artificielle\/\" \/>\n<meta property=\"og:site_name\" content=\"La Sentinelle\" \/>\n<meta property=\"article:publisher\" content=\"https:\/\/www.facebook.com\/La-Sentinelle-104059864394773\" \/>\n<meta property=\"article:published_time\" content=\"2026-01-25T11:16:50+00:00\" \/>\n<meta property=\"article:modified_time\" content=\"2026-01-25T11:16:51+00:00\" \/>\n<meta property=\"og:image\" content=\"https:\/\/lasentinelle.dz\/wp-content\/uploads\/2026\/01\/zerrouki.jpeg\" \/>\n\t<meta property=\"og:image:width\" content=\"1079\" \/>\n\t<meta property=\"og:image:height\" content=\"608\" \/>\n\t<meta property=\"og:image:type\" content=\"image\/jpeg\" \/>\n<meta name=\"author\" content=\"admin\" \/>\n<meta name=\"twitter:card\" content=\"summary_large_image\" \/>\n<meta name=\"twitter:label1\" content=\"\u00c9crit par\" \/>\n\t<meta name=\"twitter:data1\" content=\"admin\" \/>\n\t<meta name=\"twitter:label2\" content=\"Dur\u00e9e de lecture estim\u00e9e\" \/>\n\t<meta name=\"twitter:data2\" content=\"2 minutes\" \/>\n<script type=\"application\/ld+json\" class=\"yoast-schema-graph\">{\"@context\":\"https:\\\/\\\/schema.org\",\"@graph\":[{\"@type\":\"Article\",\"@id\":\"https:\\\/\\\/lasentinelle.dz\\\/index.php\\\/2026\\\/01\\\/25\\\/alliance-smart-africa-zerrouki-nomme-membre-du-conseil-africain-de-lintelligence-artificielle\\\/#article\",\"isPartOf\":{\"@id\":\"https:\\\/\\\/lasentinelle.dz\\\/index.php\\\/2026\\\/01\\\/25\\\/alliance-smart-africa-zerrouki-nomme-membre-du-conseil-africain-de-lintelligence-artificielle\\\/\"},\"author\":{\"name\":\"admin\",\"@id\":\"https:\\\/\\\/lasentinelle.dz\\\/#\\\/schema\\\/person\\\/729ee0024f24e0b8c5ec17232f8e8b41\"},\"headline\":\"Alliance Smart Africa : Zerrouki nomm\u00e9 membre du Conseil africain de l&rsquo;intelligence artificielle\",\"datePublished\":\"2026-01-25T11:16:50+00:00\",\"dateModified\":\"2026-01-25T11:16:51+00:00\",\"mainEntityOfPage\":{\"@id\":\"https:\\\/\\\/lasentinelle.dz\\\/index.php\\\/2026\\\/01\\\/25\\\/alliance-smart-africa-zerrouki-nomme-membre-du-conseil-africain-de-lintelligence-artificielle\\\/\"},\"wordCount\":282,\"commentCount\":0,\"publisher\":{\"@id\":\"https:\\\/\\\/lasentinelle.dz\\\/#organization\"},\"image\":{\"@id\":\"https:\\\/\\\/lasentinelle.dz\\\/index.php\\\/2026\\\/01\\\/25\\\/alliance-smart-africa-zerrouki-nomme-membre-du-conseil-africain-de-lintelligence-artificielle\\\/#primaryimage\"},\"thumbnailUrl\":\"https:\\\/\\\/lasentinelle.dz\\\/wp-content\\\/uploads\\\/2026\\\/01\\\/zerrouki.jpeg\",\"articleSection\":[\"Actualit\u00e9\"],\"inLanguage\":\"fr-FR\",\"potentialAction\":[{\"@type\":\"CommentAction\",\"name\":\"Comment\",\"target\":[\"https:\\\/\\\/lasentinelle.dz\\\/index.php\\\/2026\\\/01\\\/25\\\/alliance-smart-africa-zerrouki-nomme-membre-du-conseil-africain-de-lintelligence-artificielle\\\/#respond\"]}]},{\"@type\":\"WebPage\",\"@id\":\"https:\\\/\\\/lasentinelle.dz\\\/index.php\\\/2026\\\/01\\\/25\\\/alliance-smart-africa-zerrouki-nomme-membre-du-conseil-africain-de-lintelligence-artificielle\\\/\",\"url\":\"https:\\\/\\\/lasentinelle.dz\\\/index.php\\\/2026\\\/01\\\/25\\\/alliance-smart-africa-zerrouki-nomme-membre-du-conseil-africain-de-lintelligence-artificielle\\\/\",\"name\":\"Alliance Smart Africa : Zerrouki nomm\u00e9 membre du Conseil africain de l&rsquo;intelligence artificielle - La Sentinelle\",\"isPartOf\":{\"@id\":\"https:\\\/\\\/lasentinelle.dz\\\/#website\"},\"primaryImageOfPage\":{\"@id\":\"https:\\\/\\\/lasentinelle.dz\\\/index.php\\\/2026\\\/01\\\/25\\\/alliance-smart-africa-zerrouki-nomme-membre-du-conseil-africain-de-lintelligence-artificielle\\\/#primaryimage\"},\"image\":{\"@id\":\"https:\\\/\\\/lasentinelle.dz\\\/index.php\\\/2026\\\/01\\\/25\\\/alliance-smart-africa-zerrouki-nomme-membre-du-conseil-africain-de-lintelligence-artificielle\\\/#primaryimage\"},\"thumbnailUrl\":\"https:\\\/\\\/lasentinelle.dz\\\/wp-content\\\/uploads\\\/2026\\\/01\\\/zerrouki.jpeg\",\"datePublished\":\"2026-01-25T11:16:50+00:00\",\"dateModified\":\"2026-01-25T11:16:51+00:00\",\"breadcrumb\":{\"@id\":\"https:\\\/\\\/lasentinelle.dz\\\/index.php\\\/2026\\\/01\\\/25\\\/alliance-smart-africa-zerrouki-nomme-membre-du-conseil-africain-de-lintelligence-artificielle\\\/#breadcrumb\"},\"inLanguage\":\"fr-FR\",\"potentialAction\":[{\"@type\":\"ReadAction\",\"target\":[\"https:\\\/\\\/lasentinelle.dz\\\/index.php\\\/2026\\\/01\\\/25\\\/alliance-smart-africa-zerrouki-nomme-membre-du-conseil-africain-de-lintelligence-artificielle\\\/\"]}]},{\"@type\":\"ImageObject\",\"inLanguage\":\"fr-FR\",\"@id\":\"https:\\\/\\\/lasentinelle.dz\\\/index.php\\\/2026\\\/01\\\/25\\\/alliance-smart-africa-zerrouki-nomme-membre-du-conseil-africain-de-lintelligence-artificielle\\\/#primaryimage\",\"url\":\"https:\\\/\\\/lasentinelle.dz\\\/wp-content\\\/uploads\\\/2026\\\/01\\\/zerrouki.jpeg\",\"contentUrl\":\"https:\\\/\\\/lasentinelle.dz\\\/wp-content\\\/uploads\\\/2026\\\/01\\\/zerrouki.jpeg\",\"width\":1079,\"height\":608},{\"@type\":\"BreadcrumbList\",\"@id\":\"https:\\\/\\\/lasentinelle.dz\\\/index.php\\\/2026\\\/01\\\/25\\\/alliance-smart-africa-zerrouki-nomme-membre-du-conseil-africain-de-lintelligence-artificielle\\\/#breadcrumb\",\"itemListElement\":[{\"@type\":\"ListItem\",\"position\":1,\"name\":\"Accueil\",\"item\":\"https:\\\/\\\/lasentinelle.dz\\\/\"},{\"@type\":\"ListItem\",\"position\":2,\"name\":\"Alliance Smart Africa : Zerrouki nomm\u00e9 membre du Conseil africain de l&rsquo;intelligence artificielle\"}]},{\"@type\":\"WebSite\",\"@id\":\"https:\\\/\\\/lasentinelle.dz\\\/#website\",\"url\":\"https:\\\/\\\/lasentinelle.dz\\\/\",\"name\":\"La Sentinelle\",\"description\":\"Quotidien national d&#039;information\",\"publisher\":{\"@id\":\"https:\\\/\\\/lasentinelle.dz\\\/#organization\"},\"potentialAction\":[{\"@type\":\"SearchAction\",\"target\":{\"@type\":\"EntryPoint\",\"urlTemplate\":\"https:\\\/\\\/lasentinelle.dz\\\/?s={search_term_string}\"},\"query-input\":{\"@type\":\"PropertyValueSpecification\",\"valueRequired\":true,\"valueName\":\"search_term_string\"}}],\"inLanguage\":\"fr-FR\"},{\"@type\":\"Organization\",\"@id\":\"https:\\\/\\\/lasentinelle.dz\\\/#organization\",\"name\":\"Quotidien La Sentinelle\",\"url\":\"https:\\\/\\\/lasentinelle.dz\\\/\",\"logo\":{\"@type\":\"ImageObject\",\"inLanguage\":\"fr-FR\",\"@id\":\"https:\\\/\\\/lasentinelle.dz\\\/#\\\/schema\\\/logo\\\/image\\\/\",\"url\":\"https:\\\/\\\/lasentinelle.dz\\\/wp-content\\\/uploads\\\/2021\\\/09\\\/logo-sentinelleSLOGAN-1.png\",\"contentUrl\":\"https:\\\/\\\/lasentinelle.dz\\\/wp-content\\\/uploads\\\/2021\\\/09\\\/logo-sentinelleSLOGAN-1.png\",\"width\":615,\"height\":142,\"caption\":\"Quotidien La Sentinelle\"},\"image\":{\"@id\":\"https:\\\/\\\/lasentinelle.dz\\\/#\\\/schema\\\/logo\\\/image\\\/\"},\"sameAs\":[\"https:\\\/\\\/www.facebook.com\\\/La-Sentinelle-104059864394773\"]},{\"@type\":\"Person\",\"@id\":\"https:\\\/\\\/lasentinelle.dz\\\/#\\\/schema\\\/person\\\/729ee0024f24e0b8c5ec17232f8e8b41\",\"name\":\"admin\",\"image\":{\"@type\":\"ImageObject\",\"inLanguage\":\"fr-FR\",\"@id\":\"https:\\\/\\\/secure.gravatar.com\\\/avatar\\\/4c81fed838786e9b53f540bf46533e750f5d292099ae3b66cfc6fb1982e29df7?s=96&d=mm&r=g\",\"url\":\"https:\\\/\\\/secure.gravatar.com\\\/avatar\\\/4c81fed838786e9b53f540bf46533e750f5d292099ae3b66cfc6fb1982e29df7?s=96&d=mm&r=g\",\"contentUrl\":\"https:\\\/\\\/secure.gravatar.com\\\/avatar\\\/4c81fed838786e9b53f540bf46533e750f5d292099ae3b66cfc6fb1982e29df7?s=96&d=mm&r=g\",\"caption\":\"admin\"},\"description\":\"admin\",\"url\":\"https:\\\/\\\/lasentinelle.dz\\\/author\\\/admin\\\/\"}]}<\/script>\n<!-- \/ Yoast SEO plugin. -->","yoast_head_json":{"title":"Alliance Smart Africa : Zerrouki nomm\u00e9 membre du Conseil africain de l&rsquo;intelligence artificielle - La Sentinelle","robots":{"index":"index","follow":"follow","max-snippet":"max-snippet:-1","max-image-preview":"max-image-preview:large","max-video-preview":"max-video-preview:-1"},"canonical":"https:\/\/lasentinelle.dz\/index.php\/2026\/01\/25\/alliance-smart-africa-zerrouki-nomme-membre-du-conseil-africain-de-lintelligence-artificielle\/","og_locale":"fr_FR","og_type":"article","og_title":"Alliance Smart Africa : Zerrouki nomm\u00e9 membre du Conseil africain de l&rsquo;intelligence artificielle - La Sentinelle","og_description":"Le ministre de la Poste et des T\u00e9l\u00e9communications a pris part samedi \u00e0 cette r\u00e9union inaugurale qui s&rsquo;est tenue dans","og_url":"https:\/\/lasentinelle.dz\/index.php\/2026\/01\/25\/alliance-smart-africa-zerrouki-nomme-membre-du-conseil-africain-de-lintelligence-artificielle\/","og_site_name":"La Sentinelle","article_publisher":"https:\/\/www.facebook.com\/La-Sentinelle-104059864394773","article_published_time":"2026-01-25T11:16:50+00:00","article_modified_time":"2026-01-25T11:16:51+00:00","og_image":[{"width":1079,"height":608,"url":"https:\/\/lasentinelle.dz\/wp-content\/uploads\/2026\/01\/zerrouki.jpeg","type":"image\/jpeg"}],"author":"admin","twitter_card":"summary_large_image","twitter_misc":{"\u00c9crit par":"admin","Dur\u00e9e de lecture estim\u00e9e":"2 minutes"},"schema":{"@context":"https:\/\/schema.org","@graph":[{"@type":"Article","@id":"https:\/\/lasentinelle.dz\/index.php\/2026\/01\/25\/alliance-smart-africa-zerrouki-nomme-membre-du-conseil-africain-de-lintelligence-artificielle\/#article","isPartOf":{"@id":"https:\/\/lasentinelle.dz\/index.php\/2026\/01\/25\/alliance-smart-africa-zerrouki-nomme-membre-du-conseil-africain-de-lintelligence-artificielle\/"},"author":{"name":"admin","@id":"https:\/\/lasentinelle.dz\/#\/schema\/person\/729ee0024f24e0b8c5ec17232f8e8b41"},"headline":"Alliance Smart Africa : Zerrouki nomm\u00e9 membre du Conseil africain de l&rsquo;intelligence artificielle","datePublished":"2026-01-25T11:16:50+00:00","dateModified":"2026-01-25T11:16:51+00:00","mainEntityOfPage":{"@id":"https:\/\/lasentinelle.dz\/index.php\/2026\/01\/25\/alliance-smart-africa-zerrouki-nomme-membre-du-conseil-africain-de-lintelligence-artificielle\/"},"wordCount":282,"commentCount":0,"publisher":{"@id":"https:\/\/lasentinelle.dz\/#organization"},"image":{"@id":"https:\/\/lasentinelle.dz\/index.php\/2026\/01\/25\/alliance-smart-africa-zerrouki-nomme-membre-du-conseil-africain-de-lintelligence-artificielle\/#primaryimage"},"thumbnailUrl":"https:\/\/lasentinelle.dz\/wp-content\/uploads\/2026\/01\/zerrouki.jpeg","articleSection":["Actualit\u00e9"],"inLanguage":"fr-FR","potentialAction":[{"@type":"CommentAction","name":"Comment","target":["https:\/\/lasentinelle.dz\/index.php\/2026\/01\/25\/alliance-smart-africa-zerrouki-nomme-membre-du-conseil-africain-de-lintelligence-artificielle\/#respond"]}]},{"@type":"WebPage","@id":"https:\/\/lasentinelle.dz\/index.php\/2026\/01\/25\/alliance-smart-africa-zerrouki-nomme-membre-du-conseil-africain-de-lintelligence-artificielle\/","url":"https:\/\/lasentinelle.dz\/index.php\/2026\/01\/25\/alliance-smart-africa-zerrouki-nomme-membre-du-conseil-africain-de-lintelligence-artificielle\/","name":"Alliance Smart Africa : Zerrouki nomm\u00e9 membre du Conseil africain de l&rsquo;intelligence artificielle - La Sentinelle","isPartOf":{"@id":"https:\/\/lasentinelle.dz\/#website"},"primaryImageOfPage":{"@id":"https:\/\/lasentinelle.dz\/index.php\/2026\/01\/25\/alliance-smart-africa-zerrouki-nomme-membre-du-conseil-africain-de-lintelligence-artificielle\/#primaryimage"},"image":{"@id":"https:\/\/lasentinelle.dz\/index.php\/2026\/01\/25\/alliance-smart-africa-zerrouki-nomme-membre-du-conseil-africain-de-lintelligence-artificielle\/#primaryimage"},"thumbnailUrl":"https:\/\/lasentinelle.dz\/wp-content\/uploads\/2026\/01\/zerrouki.jpeg","datePublished":"2026-01-25T11:16:50+00:00","dateModified":"2026-01-25T11:16:51+00:00","breadcrumb":{"@id":"https:\/\/lasentinelle.dz\/index.php\/2026\/01\/25\/alliance-smart-africa-zerrouki-nomme-membre-du-conseil-africain-de-lintelligence-artificielle\/#breadcrumb"},"inLanguage":"fr-FR","potentialAction":[{"@type":"ReadAction","target":["https:\/\/lasentinelle.dz\/index.php\/2026\/01\/25\/alliance-smart-africa-zerrouki-nomme-membre-du-conseil-africain-de-lintelligence-artificielle\/"]}]},{"@type":"ImageObject","inLanguage":"fr-FR","@id":"https:\/\/lasentinelle.dz\/index.php\/2026\/01\/25\/alliance-smart-africa-zerrouki-nomme-membre-du-conseil-africain-de-lintelligence-artificielle\/#primaryimage","url":"https:\/\/lasentinelle.dz\/wp-content\/uploads\/2026\/01\/zerrouki.jpeg","contentUrl":"https:\/\/lasentinelle.dz\/wp-content\/uploads\/2026\/01\/zerrouki.jpeg","width":1079,"height":608},{"@type":"BreadcrumbList","@id":"https:\/\/lasentinelle.dz\/index.php\/2026\/01\/25\/alliance-smart-africa-zerrouki-nomme-membre-du-conseil-africain-de-lintelligence-artificielle\/#breadcrumb","itemListElement":[{"@type":"ListItem","position":1,"name":"Accueil","item":"https:\/\/lasentinelle.dz\/"},{"@type":"ListItem","position":2,"name":"Alliance Smart Africa : Zerrouki nomm\u00e9 membre du Conseil africain de l&rsquo;intelligence artificielle"}]},{"@type":"WebSite","@id":"https:\/\/lasentinelle.dz\/#website","url":"https:\/\/lasentinelle.dz\/","name":"La Sentinelle","description":"Quotidien national d&#039;information","publisher":{"@id":"https:\/\/lasentinelle.dz\/#organization"},"potentialAction":[{"@type":"SearchAction","target":{"@type":"EntryPoint","urlTemplate":"https:\/\/lasentinelle.dz\/?s={search_term_string}"},"query-input":{"@type":"PropertyValueSpecification","valueRequired":true,"valueName":"search_term_string"}}],"inLanguage":"fr-FR"},{"@type":"Organization","@id":"https:\/\/lasentinelle.dz\/#organization","name":"Quotidien La Sentinelle","url":"https:\/\/lasentinelle.dz\/","logo":{"@type":"ImageObject","inLanguage":"fr-FR","@id":"https:\/\/lasentinelle.dz\/#\/schema\/logo\/image\/","url":"https:\/\/lasentinelle.dz\/wp-content\/uploads\/2021\/09\/logo-sentinelleSLOGAN-1.png","contentUrl":"https:\/\/lasentinelle.dz\/wp-content\/uploads\/2021\/09\/logo-sentinelleSLOGAN-1.png","width":615,"height":142,"caption":"Quotidien La Sentinelle"},"image":{"@id":"https:\/\/lasentinelle.dz\/#\/schema\/logo\/image\/"},"sameAs":["https:\/\/www.facebook.com\/La-Sentinelle-104059864394773"]},{"@type":"Person","@id":"https:\/\/lasentinelle.dz\/#\/schema\/person\/729ee0024f24e0b8c5ec17232f8e8b41","name":"admin","image":{"@type":"ImageObject","inLanguage":"fr-FR","@id":"https:\/\/secure.gravatar.com\/avatar\/4c81fed838786e9b53f540bf46533e750f5d292099ae3b66cfc6fb1982e29df7?s=96&d=mm&r=g","url":"https:\/\/secure.gravatar.com\/avatar\/4c81fed838786e9b53f540bf46533e750f5d292099ae3b66cfc6fb1982e29df7?s=96&d=mm&r=g","contentUrl":"https:\/\/secure.gravatar.com\/avatar\/4c81fed838786e9b53f540bf46533e750f5d292099ae3b66cfc6fb1982e29df7?s=96&d=mm&r=g","caption":"admin"},"description":"admin","url":"https:\/\/lasentinelle.dz\/author\/admin\/"}]}},"_links":{"self":[{"href":"https:\/\/lasentinelle.dz\/index.php\/wp-json\/wp\/v2\/posts\/79959","targetHints":{"allow":["GET"]}}],"collection":[{"href":"https:\/\/lasentinelle.dz\/index.php\/wp-json\/wp\/v2\/posts"}],"about":[{"href":"https:\/\/lasentinelle.dz\/index.php\/wp-json\/wp\/v2\/types\/post"}],"author":[{"embeddable":true,"href":"https:\/\/lasentinelle.dz\/index.php\/wp-json\/wp\/v2\/users\/6"}],"replies":[{"embeddable":true,"href":"https:\/\/lasentinelle.dz\/index.php\/wp-json\/wp\/v2\/comments?post=79959"}],"version-history":[{"count":2,"href":"https:\/\/lasentinelle.dz\/index.php\/wp-json\/wp\/v2\/posts\/79959\/revisions"}],"predecessor-version":[{"id":79962,"href":"https:\/\/lasentinelle.dz\/index.php\/wp-json\/wp\/v2\/posts\/79959\/revisions\/79962"}],"wp:featuredmedia":[{"embeddable":true,"href":"https:\/\/lasentinelle.dz\/index.php\/wp-json\/wp\/v2\/media\/79960"}],"wp:attachment":[{"href":"https:\/\/lasentinelle.dz\/index.php\/wp-json\/wp\/v2\/media?parent=79959"}],"wp:term":[{"taxonomy":"category","embeddable":true,"href":"https:\/\/lasentinelle.dz\/index.php\/wp-json\/wp\/v2\/categories?post=79959"},{"taxonomy":"post_tag","embeddable":true,"href":"https:\/\/lasentinelle.dz\/index.php\/wp-json\/wp\/v2\/tags?post=79959"}],"curies":[{"name":"wp","href":"https:\/\/api.w.org\/{rel}","templated":true}]}}