{"id":79963,"date":"2026-01-25T12:18:18","date_gmt":"2026-01-25T11:18:18","guid":{"rendered":"https:\/\/lasentinelle.dz\/?p=79963"},"modified":"2026-01-25T12:18:20","modified_gmt":"2026-01-25T11:18:20","slug":"plusieurs-wilayas-en-alerte-orange-neige","status":"publish","type":"post","link":"https:\/\/lasentinelle.dz\/index.php\/2026\/01\/25\/plusieurs-wilayas-en-alerte-orange-neige\/","title":{"rendered":"Plusieurs\u00a0wilayas en alerte orange neige\u00a0"},"content":{"rendered":"\n<p>L&rsquo;Office national de la m\u00e9t\u00e9orologie a plac\u00e9 samedi vingt wilayas du pays en vigilance orange neige et verglas pour ce week-end, avec des chutes de neige attendues sur les reliefs d\u00e9passant 1.000 m\u00e8tres d&rsquo;altitude et des vents violents pouvant atteindre 90 km\/h dans certaines r\u00e9gions.&nbsp;Selon plusieurs bulletins m\u00e9t\u00e9orologiques sp\u00e9ciaux \u00e9mis par l&rsquo;Office national de la m\u00e9t\u00e9orologie, les chutes de neige affecteront samedi et dimanche les reliefs d\u00e9passant 1.000 m\u00e8tres d&rsquo;altitude, avec une \u00e9paisseur estim\u00e9e \u00e0 10 centim\u00e8tres. Les wilayas de Bordj Bou Arreridj, S\u00e9tif, Batna, Khenchela, Oum El Bouaghi et T\u00e9bessa sont concern\u00e9es par cette premi\u00e8re alerte orange de samedi \u00e0 15h00 \u00e0 dimanche \u00e0 09h00 au moins.<\/p>\n\n\n\n<p>Une deuxi\u00e8me alerte neige et verglas touche les wilayas de Blida, M\u00e9d\u00e9a, Bouira, Tizi-Ouzou et B\u00e9ja\u00efa, o\u00f9 il neigera d\u00e8s 1.000 m\u00e8tres d&rsquo;altitude du samedi \u00e0 18h00 au dimanche \u00e0 12h00. Les wilayas de Tlemcen et Sidi Bel Abb\u00e8s sont \u00e9galement concern\u00e9es par des chutes de neige du samedi \u00e0 03h00 au dimanche \u00e0 12h00. Enfin, les wilayas de Na\u00e2ma, Tiaret, Tissemsilt, Sa\u00efda, Nord d&rsquo;El Bayadh, Laghouat et Djelfa conna\u00eetront des chutes de neige d\u00e8s 1.000 m\u00e8tres d&rsquo;altitude du samedi \u00e0 09h00 au dimanche \u00e0 12h00.<\/p>\n\n\n\n<p>Par ailleurs, l&rsquo;Office national de la m\u00e9t\u00e9orologie a lanc\u00e9 une alerte pluie de niveau orange concernant les wilayas de Tlemcen, A\u00efn T\u00e9mouchent, Oran, Mostaganem, Chlef, Mascara, Relizane, El Tarf, Guelma, Souk Ahras, Oum El Bouaghi, Khenchela et T\u00e9bessa. Des pluies, parfois sous forme d&rsquo;averses orageuses, accompagn\u00e9es de chutes de gr\u00eale et de rafales de vent affecteront ces r\u00e9gions de samedi \u00e0 15h00 \u00e0 dimanche \u00e0 06h00, avec des quantit\u00e9s de pluies estim\u00e9es entre 20 et 30 millim\u00e8tres.&nbsp;Concernant les vents, un bulletin m\u00e9t\u00e9orologique sp\u00e9cial de vigilance orange annonce des vents forts, parfois en rafales, avec de fr\u00e9quents soul\u00e8vements de sable r\u00e9duisant localement la visibilit\u00e9, notamment sur le Sud. Les wilayas de Na\u00e2ma, El Bayadh, Laghouat, Djelfa, M&rsquo;Sila et Ouled Djellal sont concern\u00e9es par des vents nord-ouest de 60 \u00e0 70 km\/h, atteignant ou d\u00e9passant parfois 90 km\/h en rafales, de dimanche \u00e0 03h00 \u00e0 lundi \u00e0 06h00 au moins.<\/p>\n","protected":false},"excerpt":{"rendered":"<p>L&rsquo;Office national de la m\u00e9t\u00e9orologie a plac\u00e9 samedi vingt wilayas du pays en vigilance orange neige et verglas pour ce<\/p>\n","protected":false},"author":6,"featured_media":14234,"comment_status":"open","ping_status":"closed","sticky":false,"template":"","format":"standard","meta":{"colormag_page_container_layout":"default_layout","colormag_page_sidebar_layout":"default_layout","om_disable_all_campaigns":false,"_monsterinsights_skip_tracking":false,"_monsterinsights_sitenote_active":false,"_monsterinsights_sitenote_note":"","_monsterinsights_sitenote_category":0,"footnotes":"","_wpscppro_dont_share_socialmedia":false,"_wpscppro_custom_social_share_image":0,"_facebook_share_type":"default","_twitter_share_type":"default","_linkedin_share_type":"default","_pinterest_share_type":"default","_linkedin_share_type_page":"","_instagram_share_type":"default","_medium_share_type":"default","_threads_share_type":"default","_google_business_share_type":"default","_selected_social_profile":[],"_wpsp_enable_custom_social_template":false,"_wpsp_social_scheduling":{"enabled":false,"datetime":null,"platforms":[],"status":"template_only","dateOption":"today","timeOption":"now","customDays":"","customHours":"","customDate":"","customTime":"","schedulingType":"absolute"},"_wpsp_active_default_template":true},"categories":[27],"tags":[],"class_list":["post-79963","post","type-post","status-publish","format-standard","has-post-thumbnail","hentry","category-actualite"],"aioseo_notices":[],"yoast_head":"<!-- This site is optimized with the Yoast SEO plugin v27.5 - https:\/\/yoast.com\/product\/yoast-seo-wordpress\/ -->\n<title>Plusieurs\u00a0wilayas en alerte orange neige\u00a0 - La Sentinelle<\/title>\n<meta name=\"robots\" content=\"index, follow, max-snippet:-1, max-image-preview:large, max-video-preview:-1\" \/>\n<link rel=\"canonical\" href=\"https:\/\/lasentinelle.dz\/index.php\/2026\/01\/25\/plusieurs-wilayas-en-alerte-orange-neige\/\" \/>\n<meta property=\"og:locale\" content=\"fr_FR\" \/>\n<meta property=\"og:type\" content=\"article\" \/>\n<meta property=\"og:title\" content=\"Plusieurs\u00a0wilayas en alerte orange neige\u00a0 - La Sentinelle\" \/>\n<meta property=\"og:description\" content=\"L&rsquo;Office national de la m\u00e9t\u00e9orologie a plac\u00e9 samedi vingt wilayas du pays en vigilance orange neige et verglas pour ce\" \/>\n<meta property=\"og:url\" content=\"https:\/\/lasentinelle.dz\/index.php\/2026\/01\/25\/plusieurs-wilayas-en-alerte-orange-neige\/\" \/>\n<meta property=\"og:site_name\" content=\"La Sentinelle\" \/>\n<meta property=\"article:publisher\" content=\"https:\/\/www.facebook.com\/La-Sentinelle-104059864394773\" \/>\n<meta property=\"article:published_time\" content=\"2026-01-25T11:18:18+00:00\" \/>\n<meta property=\"article:modified_time\" content=\"2026-01-25T11:18:20+00:00\" \/>\n<meta property=\"og:image\" content=\"https:\/\/lasentinelle.dz\/wp-content\/uploads\/2021\/11\/d-neige-pluie-routes-coupees-et-inondations-d6493.png\" \/>\n\t<meta property=\"og:image:width\" content=\"1361\" \/>\n\t<meta property=\"og:image:height\" content=\"900\" \/>\n\t<meta property=\"og:image:type\" content=\"image\/png\" \/>\n<meta name=\"author\" content=\"admin\" \/>\n<meta name=\"twitter:card\" content=\"summary_large_image\" \/>\n<meta name=\"twitter:label1\" content=\"\u00c9crit par\" \/>\n\t<meta name=\"twitter:data1\" content=\"admin\" \/>\n\t<meta name=\"twitter:label2\" content=\"Dur\u00e9e de lecture estim\u00e9e\" \/>\n\t<meta name=\"twitter:data2\" content=\"2 minutes\" \/>\n<script type=\"application\/ld+json\" class=\"yoast-schema-graph\">{\"@context\":\"https:\\\/\\\/schema.org\",\"@graph\":[{\"@type\":\"Article\",\"@id\":\"https:\\\/\\\/lasentinelle.dz\\\/index.php\\\/2026\\\/01\\\/25\\\/plusieurs-wilayas-en-alerte-orange-neige\\\/#article\",\"isPartOf\":{\"@id\":\"https:\\\/\\\/lasentinelle.dz\\\/index.php\\\/2026\\\/01\\\/25\\\/plusieurs-wilayas-en-alerte-orange-neige\\\/\"},\"author\":{\"name\":\"admin\",\"@id\":\"https:\\\/\\\/lasentinelle.dz\\\/#\\\/schema\\\/person\\\/729ee0024f24e0b8c5ec17232f8e8b41\"},\"headline\":\"Plusieurs\u00a0wilayas en alerte orange neige\u00a0\",\"datePublished\":\"2026-01-25T11:18:18+00:00\",\"dateModified\":\"2026-01-25T11:18:20+00:00\",\"mainEntityOfPage\":{\"@id\":\"https:\\\/\\\/lasentinelle.dz\\\/index.php\\\/2026\\\/01\\\/25\\\/plusieurs-wilayas-en-alerte-orange-neige\\\/\"},\"wordCount\":389,\"commentCount\":0,\"publisher\":{\"@id\":\"https:\\\/\\\/lasentinelle.dz\\\/#organization\"},\"image\":{\"@id\":\"https:\\\/\\\/lasentinelle.dz\\\/index.php\\\/2026\\\/01\\\/25\\\/plusieurs-wilayas-en-alerte-orange-neige\\\/#primaryimage\"},\"thumbnailUrl\":\"https:\\\/\\\/lasentinelle.dz\\\/wp-content\\\/uploads\\\/2021\\\/11\\\/d-neige-pluie-routes-coupees-et-inondations-d6493.png\",\"articleSection\":[\"Actualit\u00e9\"],\"inLanguage\":\"fr-FR\",\"potentialAction\":[{\"@type\":\"CommentAction\",\"name\":\"Comment\",\"target\":[\"https:\\\/\\\/lasentinelle.dz\\\/index.php\\\/2026\\\/01\\\/25\\\/plusieurs-wilayas-en-alerte-orange-neige\\\/#respond\"]}]},{\"@type\":\"WebPage\",\"@id\":\"https:\\\/\\\/lasentinelle.dz\\\/index.php\\\/2026\\\/01\\\/25\\\/plusieurs-wilayas-en-alerte-orange-neige\\\/\",\"url\":\"https:\\\/\\\/lasentinelle.dz\\\/index.php\\\/2026\\\/01\\\/25\\\/plusieurs-wilayas-en-alerte-orange-neige\\\/\",\"name\":\"Plusieurs\u00a0wilayas en alerte orange neige\u00a0 - La Sentinelle\",\"isPartOf\":{\"@id\":\"https:\\\/\\\/lasentinelle.dz\\\/#website\"},\"primaryImageOfPage\":{\"@id\":\"https:\\\/\\\/lasentinelle.dz\\\/index.php\\\/2026\\\/01\\\/25\\\/plusieurs-wilayas-en-alerte-orange-neige\\\/#primaryimage\"},\"image\":{\"@id\":\"https:\\\/\\\/lasentinelle.dz\\\/index.php\\\/2026\\\/01\\\/25\\\/plusieurs-wilayas-en-alerte-orange-neige\\\/#primaryimage\"},\"thumbnailUrl\":\"https:\\\/\\\/lasentinelle.dz\\\/wp-content\\\/uploads\\\/2021\\\/11\\\/d-neige-pluie-routes-coupees-et-inondations-d6493.png\",\"datePublished\":\"2026-01-25T11:18:18+00:00\",\"dateModified\":\"2026-01-25T11:18:20+00:00\",\"breadcrumb\":{\"@id\":\"https:\\\/\\\/lasentinelle.dz\\\/index.php\\\/2026\\\/01\\\/25\\\/plusieurs-wilayas-en-alerte-orange-neige\\\/#breadcrumb\"},\"inLanguage\":\"fr-FR\",\"potentialAction\":[{\"@type\":\"ReadAction\",\"target\":[\"https:\\\/\\\/lasentinelle.dz\\\/index.php\\\/2026\\\/01\\\/25\\\/plusieurs-wilayas-en-alerte-orange-neige\\\/\"]}]},{\"@type\":\"ImageObject\",\"inLanguage\":\"fr-FR\",\"@id\":\"https:\\\/\\\/lasentinelle.dz\\\/index.php\\\/2026\\\/01\\\/25\\\/plusieurs-wilayas-en-alerte-orange-neige\\\/#primaryimage\",\"url\":\"https:\\\/\\\/lasentinelle.dz\\\/wp-content\\\/uploads\\\/2021\\\/11\\\/d-neige-pluie-routes-coupees-et-inondations-d6493.png\",\"contentUrl\":\"https:\\\/\\\/lasentinelle.dz\\\/wp-content\\\/uploads\\\/2021\\\/11\\\/d-neige-pluie-routes-coupees-et-inondations-d6493.png\",\"width\":1361,\"height\":900},{\"@type\":\"BreadcrumbList\",\"@id\":\"https:\\\/\\\/lasentinelle.dz\\\/index.php\\\/2026\\\/01\\\/25\\\/plusieurs-wilayas-en-alerte-orange-neige\\\/#breadcrumb\",\"itemListElement\":[{\"@type\":\"ListItem\",\"position\":1,\"name\":\"Accueil\",\"item\":\"https:\\\/\\\/lasentinelle.dz\\\/\"},{\"@type\":\"ListItem\",\"position\":2,\"name\":\"Plusieurs\u00a0wilayas en alerte orange neige\u00a0\"}]},{\"@type\":\"WebSite\",\"@id\":\"https:\\\/\\\/lasentinelle.dz\\\/#website\",\"url\":\"https:\\\/\\\/lasentinelle.dz\\\/\",\"name\":\"La Sentinelle\",\"description\":\"Quotidien national d&#039;information\",\"publisher\":{\"@id\":\"https:\\\/\\\/lasentinelle.dz\\\/#organization\"},\"potentialAction\":[{\"@type\":\"SearchAction\",\"target\":{\"@type\":\"EntryPoint\",\"urlTemplate\":\"https:\\\/\\\/lasentinelle.dz\\\/?s={search_term_string}\"},\"query-input\":{\"@type\":\"PropertyValueSpecification\",\"valueRequired\":true,\"valueName\":\"search_term_string\"}}],\"inLanguage\":\"fr-FR\"},{\"@type\":\"Organization\",\"@id\":\"https:\\\/\\\/lasentinelle.dz\\\/#organization\",\"name\":\"Quotidien La Sentinelle\",\"url\":\"https:\\\/\\\/lasentinelle.dz\\\/\",\"logo\":{\"@type\":\"ImageObject\",\"inLanguage\":\"fr-FR\",\"@id\":\"https:\\\/\\\/lasentinelle.dz\\\/#\\\/schema\\\/logo\\\/image\\\/\",\"url\":\"https:\\\/\\\/lasentinelle.dz\\\/wp-content\\\/uploads\\\/2021\\\/09\\\/logo-sentinelleSLOGAN-1.png\",\"contentUrl\":\"https:\\\/\\\/lasentinelle.dz\\\/wp-content\\\/uploads\\\/2021\\\/09\\\/logo-sentinelleSLOGAN-1.png\",\"width\":615,\"height\":142,\"caption\":\"Quotidien La Sentinelle\"},\"image\":{\"@id\":\"https:\\\/\\\/lasentinelle.dz\\\/#\\\/schema\\\/logo\\\/image\\\/\"},\"sameAs\":[\"https:\\\/\\\/www.facebook.com\\\/La-Sentinelle-104059864394773\"]},{\"@type\":\"Person\",\"@id\":\"https:\\\/\\\/lasentinelle.dz\\\/#\\\/schema\\\/person\\\/729ee0024f24e0b8c5ec17232f8e8b41\",\"name\":\"admin\",\"image\":{\"@type\":\"ImageObject\",\"inLanguage\":\"fr-FR\",\"@id\":\"https:\\\/\\\/secure.gravatar.com\\\/avatar\\\/4c81fed838786e9b53f540bf46533e750f5d292099ae3b66cfc6fb1982e29df7?s=96&d=mm&r=g\",\"url\":\"https:\\\/\\\/secure.gravatar.com\\\/avatar\\\/4c81fed838786e9b53f540bf46533e750f5d292099ae3b66cfc6fb1982e29df7?s=96&d=mm&r=g\",\"contentUrl\":\"https:\\\/\\\/secure.gravatar.com\\\/avatar\\\/4c81fed838786e9b53f540bf46533e750f5d292099ae3b66cfc6fb1982e29df7?s=96&d=mm&r=g\",\"caption\":\"admin\"},\"description\":\"admin\",\"url\":\"https:\\\/\\\/lasentinelle.dz\\\/author\\\/admin\\\/\"}]}<\/script>\n<!-- \/ Yoast SEO plugin. -->","yoast_head_json":{"title":"Plusieurs\u00a0wilayas en alerte orange neige\u00a0 - La Sentinelle","robots":{"index":"index","follow":"follow","max-snippet":"max-snippet:-1","max-image-preview":"max-image-preview:large","max-video-preview":"max-video-preview:-1"},"canonical":"https:\/\/lasentinelle.dz\/index.php\/2026\/01\/25\/plusieurs-wilayas-en-alerte-orange-neige\/","og_locale":"fr_FR","og_type":"article","og_title":"Plusieurs\u00a0wilayas en alerte orange neige\u00a0 - La Sentinelle","og_description":"L&rsquo;Office national de la m\u00e9t\u00e9orologie a plac\u00e9 samedi vingt wilayas du pays en vigilance orange neige et verglas pour ce","og_url":"https:\/\/lasentinelle.dz\/index.php\/2026\/01\/25\/plusieurs-wilayas-en-alerte-orange-neige\/","og_site_name":"La Sentinelle","article_publisher":"https:\/\/www.facebook.com\/La-Sentinelle-104059864394773","article_published_time":"2026-01-25T11:18:18+00:00","article_modified_time":"2026-01-25T11:18:20+00:00","og_image":[{"width":1361,"height":900,"url":"https:\/\/lasentinelle.dz\/wp-content\/uploads\/2021\/11\/d-neige-pluie-routes-coupees-et-inondations-d6493.png","type":"image\/png"}],"author":"admin","twitter_card":"summary_large_image","twitter_misc":{"\u00c9crit par":"admin","Dur\u00e9e de lecture estim\u00e9e":"2 minutes"},"schema":{"@context":"https:\/\/schema.org","@graph":[{"@type":"Article","@id":"https:\/\/lasentinelle.dz\/index.php\/2026\/01\/25\/plusieurs-wilayas-en-alerte-orange-neige\/#article","isPartOf":{"@id":"https:\/\/lasentinelle.dz\/index.php\/2026\/01\/25\/plusieurs-wilayas-en-alerte-orange-neige\/"},"author":{"name":"admin","@id":"https:\/\/lasentinelle.dz\/#\/schema\/person\/729ee0024f24e0b8c5ec17232f8e8b41"},"headline":"Plusieurs\u00a0wilayas en alerte orange neige\u00a0","datePublished":"2026-01-25T11:18:18+00:00","dateModified":"2026-01-25T11:18:20+00:00","mainEntityOfPage":{"@id":"https:\/\/lasentinelle.dz\/index.php\/2026\/01\/25\/plusieurs-wilayas-en-alerte-orange-neige\/"},"wordCount":389,"commentCount":0,"publisher":{"@id":"https:\/\/lasentinelle.dz\/#organization"},"image":{"@id":"https:\/\/lasentinelle.dz\/index.php\/2026\/01\/25\/plusieurs-wilayas-en-alerte-orange-neige\/#primaryimage"},"thumbnailUrl":"https:\/\/lasentinelle.dz\/wp-content\/uploads\/2021\/11\/d-neige-pluie-routes-coupees-et-inondations-d6493.png","articleSection":["Actualit\u00e9"],"inLanguage":"fr-FR","potentialAction":[{"@type":"CommentAction","name":"Comment","target":["https:\/\/lasentinelle.dz\/index.php\/2026\/01\/25\/plusieurs-wilayas-en-alerte-orange-neige\/#respond"]}]},{"@type":"WebPage","@id":"https:\/\/lasentinelle.dz\/index.php\/2026\/01\/25\/plusieurs-wilayas-en-alerte-orange-neige\/","url":"https:\/\/lasentinelle.dz\/index.php\/2026\/01\/25\/plusieurs-wilayas-en-alerte-orange-neige\/","name":"Plusieurs\u00a0wilayas en alerte orange neige\u00a0 - La Sentinelle","isPartOf":{"@id":"https:\/\/lasentinelle.dz\/#website"},"primaryImageOfPage":{"@id":"https:\/\/lasentinelle.dz\/index.php\/2026\/01\/25\/plusieurs-wilayas-en-alerte-orange-neige\/#primaryimage"},"image":{"@id":"https:\/\/lasentinelle.dz\/index.php\/2026\/01\/25\/plusieurs-wilayas-en-alerte-orange-neige\/#primaryimage"},"thumbnailUrl":"https:\/\/lasentinelle.dz\/wp-content\/uploads\/2021\/11\/d-neige-pluie-routes-coupees-et-inondations-d6493.png","datePublished":"2026-01-25T11:18:18+00:00","dateModified":"2026-01-25T11:18:20+00:00","breadcrumb":{"@id":"https:\/\/lasentinelle.dz\/index.php\/2026\/01\/25\/plusieurs-wilayas-en-alerte-orange-neige\/#breadcrumb"},"inLanguage":"fr-FR","potentialAction":[{"@type":"ReadAction","target":["https:\/\/lasentinelle.dz\/index.php\/2026\/01\/25\/plusieurs-wilayas-en-alerte-orange-neige\/"]}]},{"@type":"ImageObject","inLanguage":"fr-FR","@id":"https:\/\/lasentinelle.dz\/index.php\/2026\/01\/25\/plusieurs-wilayas-en-alerte-orange-neige\/#primaryimage","url":"https:\/\/lasentinelle.dz\/wp-content\/uploads\/2021\/11\/d-neige-pluie-routes-coupees-et-inondations-d6493.png","contentUrl":"https:\/\/lasentinelle.dz\/wp-content\/uploads\/2021\/11\/d-neige-pluie-routes-coupees-et-inondations-d6493.png","width":1361,"height":900},{"@type":"BreadcrumbList","@id":"https:\/\/lasentinelle.dz\/index.php\/2026\/01\/25\/plusieurs-wilayas-en-alerte-orange-neige\/#breadcrumb","itemListElement":[{"@type":"ListItem","position":1,"name":"Accueil","item":"https:\/\/lasentinelle.dz\/"},{"@type":"ListItem","position":2,"name":"Plusieurs\u00a0wilayas en alerte orange neige\u00a0"}]},{"@type":"WebSite","@id":"https:\/\/lasentinelle.dz\/#website","url":"https:\/\/lasentinelle.dz\/","name":"La Sentinelle","description":"Quotidien national d&#039;information","publisher":{"@id":"https:\/\/lasentinelle.dz\/#organization"},"potentialAction":[{"@type":"SearchAction","target":{"@type":"EntryPoint","urlTemplate":"https:\/\/lasentinelle.dz\/?s={search_term_string}"},"query-input":{"@type":"PropertyValueSpecification","valueRequired":true,"valueName":"search_term_string"}}],"inLanguage":"fr-FR"},{"@type":"Organization","@id":"https:\/\/lasentinelle.dz\/#organization","name":"Quotidien La Sentinelle","url":"https:\/\/lasentinelle.dz\/","logo":{"@type":"ImageObject","inLanguage":"fr-FR","@id":"https:\/\/lasentinelle.dz\/#\/schema\/logo\/image\/","url":"https:\/\/lasentinelle.dz\/wp-content\/uploads\/2021\/09\/logo-sentinelleSLOGAN-1.png","contentUrl":"https:\/\/lasentinelle.dz\/wp-content\/uploads\/2021\/09\/logo-sentinelleSLOGAN-1.png","width":615,"height":142,"caption":"Quotidien La Sentinelle"},"image":{"@id":"https:\/\/lasentinelle.dz\/#\/schema\/logo\/image\/"},"sameAs":["https:\/\/www.facebook.com\/La-Sentinelle-104059864394773"]},{"@type":"Person","@id":"https:\/\/lasentinelle.dz\/#\/schema\/person\/729ee0024f24e0b8c5ec17232f8e8b41","name":"admin","image":{"@type":"ImageObject","inLanguage":"fr-FR","@id":"https:\/\/secure.gravatar.com\/avatar\/4c81fed838786e9b53f540bf46533e750f5d292099ae3b66cfc6fb1982e29df7?s=96&d=mm&r=g","url":"https:\/\/secure.gravatar.com\/avatar\/4c81fed838786e9b53f540bf46533e750f5d292099ae3b66cfc6fb1982e29df7?s=96&d=mm&r=g","contentUrl":"https:\/\/secure.gravatar.com\/avatar\/4c81fed838786e9b53f540bf46533e750f5d292099ae3b66cfc6fb1982e29df7?s=96&d=mm&r=g","caption":"admin"},"description":"admin","url":"https:\/\/lasentinelle.dz\/author\/admin\/"}]}},"_links":{"self":[{"href":"https:\/\/lasentinelle.dz\/index.php\/wp-json\/wp\/v2\/posts\/79963","targetHints":{"allow":["GET"]}}],"collection":[{"href":"https:\/\/lasentinelle.dz\/index.php\/wp-json\/wp\/v2\/posts"}],"about":[{"href":"https:\/\/lasentinelle.dz\/index.php\/wp-json\/wp\/v2\/types\/post"}],"author":[{"embeddable":true,"href":"https:\/\/lasentinelle.dz\/index.php\/wp-json\/wp\/v2\/users\/6"}],"replies":[{"embeddable":true,"href":"https:\/\/lasentinelle.dz\/index.php\/wp-json\/wp\/v2\/comments?post=79963"}],"version-history":[{"count":1,"href":"https:\/\/lasentinelle.dz\/index.php\/wp-json\/wp\/v2\/posts\/79963\/revisions"}],"predecessor-version":[{"id":79964,"href":"https:\/\/lasentinelle.dz\/index.php\/wp-json\/wp\/v2\/posts\/79963\/revisions\/79964"}],"wp:featuredmedia":[{"embeddable":true,"href":"https:\/\/lasentinelle.dz\/index.php\/wp-json\/wp\/v2\/media\/14234"}],"wp:attachment":[{"href":"https:\/\/lasentinelle.dz\/index.php\/wp-json\/wp\/v2\/media?parent=79963"}],"wp:term":[{"taxonomy":"category","embeddable":true,"href":"https:\/\/lasentinelle.dz\/index.php\/wp-json\/wp\/v2\/categories?post=79963"},{"taxonomy":"post_tag","embeddable":true,"href":"https:\/\/lasentinelle.dz\/index.php\/wp-json\/wp\/v2\/tags?post=79963"}],"curies":[{"name":"wp","href":"https:\/\/api.w.org\/{rel}","templated":true}]}}