{"id":79965,"date":"2026-01-25T12:21:25","date_gmt":"2026-01-25T11:21:25","guid":{"rendered":"https:\/\/lasentinelle.dz\/?p=79965"},"modified":"2026-01-25T12:21:27","modified_gmt":"2026-01-25T11:21:27","slug":"can-2025-les-joueurs-senegalais-ont-ils-ete-empoisonnes","status":"publish","type":"post","link":"https:\/\/lasentinelle.dz\/index.php\/2026\/01\/25\/can-2025-les-joueurs-senegalais-ont-ils-ete-empoisonnes\/","title":{"rendered":"CAN 2025 : Les joueurs s\u00e9n\u00e9galais ont-ils \u00e9t\u00e9 empoisonn\u00e9s\u00a0?"},"content":{"rendered":"\n<p>Le d\u00e9fenseur s\u00e9n\u00e9galais Isma\u00ebl Jakobs a port\u00e9 de graves accusations d&#8217;empoisonnement contre l&rsquo;organisation marocaine de la CAN 2025, affirmant que trois de ses co\u00e9quipiers&nbsp;ont \u00e9t\u00e9 d\u00e9lib\u00e9r\u00e9ment intoxiqu\u00e9s la veille de la finale remport\u00e9e dimanche par le S\u00e9n\u00e9gal face au Maroc, ajoutant un nouveau scandale \u00e0 une comp\u00e9tition d\u00e9j\u00e0 \u00e9maill\u00e9e de multiples controverses sur l&rsquo;arbitrage, l&rsquo;accueil des Lions de la Teranga et les pressions exerc\u00e9es sur l&rsquo;\u00e9quipe championne d&rsquo;Afrique, et toutes les \u00e9quipes candidates au sacre final.&nbsp;Kr\u00e9pin Diatta, Ousseynou Niang et Pape Matar Sarr ont d\u00e9clar\u00e9 forfait le jour de la finale disput\u00e9e le 18 janvier \u00e0 Rabat, victimes de malaises impressionnants qui ont n\u00e9cessit\u00e9 leur hospitalisation d&rsquo;urgence. Le joueur de Galatasaray, qui avait promis de s&rsquo;exprimer apr\u00e8s la rencontre, a tenu parole samedi en jetant un v\u00e9ritable pav\u00e9 dans la mare lors d&rsquo;un entretien accord\u00e9 \u00e0 la t\u00e9l\u00e9vision allemande Sportdigital. \u00ab\u00a0Je soup\u00e7onne personnellement que trois de nos joueurs ont \u00e9t\u00e9 empoisonn\u00e9s, et il ne s&rsquo;agissait pas d&rsquo;une simple intoxication alimentaire avec vomissements ou autre\u00a0\u00bb, a-t-il d\u00e9clar\u00e9 sans d\u00e9tour, ajoutant que \u00ab\u00a0ces trois joueurs se sont r\u00e9ellement effondr\u00e9s\u00a0\u00bb. Le d\u00e9fenseur a d\u00e9crit un climat \u00ab\u00a0terrifiant\u00a0\u00bb qui a r\u00e9gn\u00e9 dans les heures pr\u00e9c\u00e9dant cette finale d\u00e9j\u00e0 marqu\u00e9e par des d\u00e9cisions arbitrales scandaleuses.<\/p>\n\n\n\n<p>Jakobs a livr\u00e9 des d\u00e9tails particuli\u00e8rement inqui\u00e9tants sur l&rsquo;\u00e9tat de ses co\u00e9quipiers. \u00ab\u00a0Ils \u00e9taient tous les trois incapables de rentrer leur langue. Ils se sont effondr\u00e9s\u00a0\u00bb, a-t-il r\u00e9v\u00e9l\u00e9, pr\u00e9cisant que Kr\u00e9pin Diatta \u00ab\u00a0n&rsquo;arrivait plus \u00e0 redresser la t\u00eate\u00a0\u00bb lorsqu&rsquo;il s&rsquo;est effondr\u00e9 dans les vestiaires. Ousseynou Niang s&rsquo;est \u00e0 son tour \u00e9croul\u00e9 pendant l&rsquo;\u00e9chauffement sous les yeux des spectateurs, tandis que Pape Matar Sarr a quitt\u00e9 ses partenaires \u00e0 la mi-temps, terrass\u00e9 par les m\u00eames sympt\u00f4mes. Les images des co\u00e9quipiers entourant Diatta pour le ramener aux vestiaires avaient suscit\u00e9 de vives interrogations sur la nature exacte de ces malaises simultan\u00e9s touchant trois joueurs titulaires.<\/p>\n\n\n\n<p>\u00ab\u00a0Je ne veux accuser personne, mais ce n&rsquo;\u00e9tait certainement pas un accident\u00a0\u00bb, a ajout\u00e9 le joueur s\u00e9n\u00e9galais, laissant planer de lourds soup\u00e7ons sur l&rsquo;organisation marocaine de la comp\u00e9tition. M\u00eame s&rsquo;il ne d\u00e9signe pas directement le Maroc, le pays h\u00f4te porte l&rsquo;enti\u00e8re responsabilit\u00e9 dans l&rsquo;organisation de cette CAN 2025 qui restera dans les m\u00e9moires pour ses multiples scandales. Ousseynou Niang, de retour avec son club de l&rsquo;Union Saint-Gilloise, a confirm\u00e9 les circonstances troublantes de son forfait. \u00ab\u00a0Avant l&rsquo;\u00e9chauffement, j&rsquo;ai senti quelque chose de bizarre, mais je ne savais pas ce que c&rsquo;\u00e9tait\u00a0\u00bb, a-t-il expliqu\u00e9 dans une vid\u00e9o publi\u00e9e apr\u00e8s son retour en club, pr\u00e9cisant qu&rsquo;il s&rsquo;agissait d'\u00a0\u00bbune sorte de crise\u00a0\u00bb qui a \u00e9galement touch\u00e9 ses deux co\u00e9quipiers. Le joueur a r\u00e9v\u00e9l\u00e9 qu&rsquo;il a appris depuis son lit d&rsquo;h\u00f4pital que le S\u00e9n\u00e9gal \u00e9tait devenu champion d&rsquo;Afrique malgr\u00e9 ces forfaits de derni\u00e8re minute.<\/p>\n\n\n\n<p>Cette affaire d&#8217;empoisonnement pr\u00e9sum\u00e9 s&rsquo;ajoute \u00e0 une longue liste de scandales qui ont \u00e9maill\u00e9&nbsp;cette \u00e9dition du tournoi continental. Le Maroc, qui se targuait d&rsquo;organiser la meilleure CAN de l&rsquo;histoire, a multipli\u00e9 les tentatives pour remporter le troph\u00e9e continental, recourant \u00e0 diverses formes de pressions et de manipulations pour d\u00e9stabiliser ses adversaires.&nbsp;L\u2019arbitrage clairement partial qui marqu\u00e9 plusieurs rencontres qui ont impliqu\u00e9 aussi bien les adversaires directs du Maroc, que les s\u00e9rieux candidats au sacre dont l\u2019Alg\u00e9rie, les tentatives de d\u00e9stabilisation et les Fake News ont \u00e9maill\u00e9 le tournoi.&nbsp;La finale a \u00e9t\u00e9 marqu\u00e9e par un arbitrage partial qui a annul\u00e9 un but s\u00e9n\u00e9galais parfaitement valide et siffl\u00e9 un penalty discutable en faveur du Maroc dans le temps additionnel. L&rsquo;accueil chaotique des Lions de la Teranga \u00e0 la gare ferroviaire de Rabat, l&rsquo;affaire de la serviette du gardien Edouard Mendy et les campagnes de d\u00e9sinformation orchestr\u00e9es contre l&rsquo;\u00e9quipe s\u00e9n\u00e9galaise illustrent les obstacles rencontr\u00e9s par la s\u00e9lection championne. Malgr\u00e9 tous ces incidents et ces tentatives&nbsp;de manipulation, le S\u00e9n\u00e9gal a triomph\u00e9 dans la douleur en s&rsquo;imposant un but \u00e0 z\u00e9ro apr\u00e8s prolongation.<\/p>\n\n\n\n<p>Moncef Dahleb<\/p>\n","protected":false},"excerpt":{"rendered":"<p>Le d\u00e9fenseur s\u00e9n\u00e9galais Isma\u00ebl Jakobs a port\u00e9 de graves accusations d&#8217;empoisonnement contre l&rsquo;organisation marocaine de la CAN 2025, affirmant que<\/p>\n","protected":false},"author":6,"featured_media":79966,"comment_status":"open","ping_status":"closed","sticky":false,"template":"","format":"standard","meta":{"colormag_page_container_layout":"default_layout","colormag_page_sidebar_layout":"default_layout","om_disable_all_campaigns":false,"_monsterinsights_skip_tracking":false,"_monsterinsights_sitenote_active":false,"_monsterinsights_sitenote_note":"","_monsterinsights_sitenote_category":0,"footnotes":"","_wpscppro_dont_share_socialmedia":false,"_wpscppro_custom_social_share_image":0,"_facebook_share_type":"default","_twitter_share_type":"default","_linkedin_share_type":"default","_pinterest_share_type":"default","_linkedin_share_type_page":"","_instagram_share_type":"default","_medium_share_type":"default","_threads_share_type":"default","_google_business_share_type":"default","_selected_social_profile":[],"_wpsp_enable_custom_social_template":false,"_wpsp_social_scheduling":{"enabled":false,"datetime":null,"platforms":[],"status":"template_only","dateOption":"today","timeOption":"now","customDays":"","customHours":"","customDate":"","customTime":"","schedulingType":"absolute"},"_wpsp_active_default_template":true},"categories":[52,33],"tags":[],"class_list":["post-79965","post","type-post","status-publish","format-standard","has-post-thumbnail","hentry","category-a-la-une","category-sports"],"aioseo_notices":[],"yoast_head":"<!-- This site is optimized with the Yoast SEO plugin v27.5 - https:\/\/yoast.com\/product\/yoast-seo-wordpress\/ -->\n<title>CAN 2025 : Les joueurs s\u00e9n\u00e9galais ont-ils \u00e9t\u00e9 empoisonn\u00e9s\u00a0? - La Sentinelle<\/title>\n<meta name=\"robots\" content=\"index, follow, max-snippet:-1, max-image-preview:large, max-video-preview:-1\" \/>\n<link rel=\"canonical\" href=\"https:\/\/lasentinelle.dz\/index.php\/2026\/01\/25\/can-2025-les-joueurs-senegalais-ont-ils-ete-empoisonnes\/\" \/>\n<meta property=\"og:locale\" content=\"fr_FR\" \/>\n<meta property=\"og:type\" content=\"article\" \/>\n<meta property=\"og:title\" content=\"CAN 2025 : Les joueurs s\u00e9n\u00e9galais ont-ils \u00e9t\u00e9 empoisonn\u00e9s\u00a0? - La Sentinelle\" \/>\n<meta property=\"og:description\" content=\"Le d\u00e9fenseur s\u00e9n\u00e9galais Isma\u00ebl Jakobs a port\u00e9 de graves accusations d&#8217;empoisonnement contre l&rsquo;organisation marocaine de la CAN 2025, affirmant que\" \/>\n<meta property=\"og:url\" content=\"https:\/\/lasentinelle.dz\/index.php\/2026\/01\/25\/can-2025-les-joueurs-senegalais-ont-ils-ete-empoisonnes\/\" \/>\n<meta property=\"og:site_name\" content=\"La Sentinelle\" \/>\n<meta property=\"article:publisher\" content=\"https:\/\/www.facebook.com\/La-Sentinelle-104059864394773\" \/>\n<meta property=\"article:published_time\" content=\"2026-01-25T11:21:25+00:00\" \/>\n<meta property=\"article:modified_time\" content=\"2026-01-25T11:21:27+00:00\" \/>\n<meta property=\"og:image\" content=\"https:\/\/lasentinelle.dz\/wp-content\/uploads\/2026\/01\/joueurs.jpeg\" \/>\n\t<meta property=\"og:image:width\" content=\"932\" \/>\n\t<meta property=\"og:image:height\" content=\"582\" \/>\n\t<meta property=\"og:image:type\" content=\"image\/jpeg\" \/>\n<meta name=\"author\" content=\"admin\" \/>\n<meta name=\"twitter:card\" content=\"summary_large_image\" \/>\n<meta name=\"twitter:label1\" content=\"\u00c9crit par\" \/>\n\t<meta name=\"twitter:data1\" content=\"admin\" \/>\n\t<meta name=\"twitter:label2\" content=\"Dur\u00e9e de lecture estim\u00e9e\" \/>\n\t<meta name=\"twitter:data2\" content=\"4 minutes\" \/>\n<script type=\"application\/ld+json\" class=\"yoast-schema-graph\">{\"@context\":\"https:\\\/\\\/schema.org\",\"@graph\":[{\"@type\":\"Article\",\"@id\":\"https:\\\/\\\/lasentinelle.dz\\\/index.php\\\/2026\\\/01\\\/25\\\/can-2025-les-joueurs-senegalais-ont-ils-ete-empoisonnes\\\/#article\",\"isPartOf\":{\"@id\":\"https:\\\/\\\/lasentinelle.dz\\\/index.php\\\/2026\\\/01\\\/25\\\/can-2025-les-joueurs-senegalais-ont-ils-ete-empoisonnes\\\/\"},\"author\":{\"name\":\"admin\",\"@id\":\"https:\\\/\\\/lasentinelle.dz\\\/#\\\/schema\\\/person\\\/729ee0024f24e0b8c5ec17232f8e8b41\"},\"headline\":\"CAN 2025 : Les joueurs s\u00e9n\u00e9galais ont-ils \u00e9t\u00e9 empoisonn\u00e9s\u00a0?\",\"datePublished\":\"2026-01-25T11:21:25+00:00\",\"dateModified\":\"2026-01-25T11:21:27+00:00\",\"mainEntityOfPage\":{\"@id\":\"https:\\\/\\\/lasentinelle.dz\\\/index.php\\\/2026\\\/01\\\/25\\\/can-2025-les-joueurs-senegalais-ont-ils-ete-empoisonnes\\\/\"},\"wordCount\":764,\"commentCount\":0,\"publisher\":{\"@id\":\"https:\\\/\\\/lasentinelle.dz\\\/#organization\"},\"image\":{\"@id\":\"https:\\\/\\\/lasentinelle.dz\\\/index.php\\\/2026\\\/01\\\/25\\\/can-2025-les-joueurs-senegalais-ont-ils-ete-empoisonnes\\\/#primaryimage\"},\"thumbnailUrl\":\"https:\\\/\\\/lasentinelle.dz\\\/wp-content\\\/uploads\\\/2026\\\/01\\\/joueurs.jpeg\",\"articleSection\":[\"\u00c0 la Une\",\"Sports\"],\"inLanguage\":\"fr-FR\",\"potentialAction\":[{\"@type\":\"CommentAction\",\"name\":\"Comment\",\"target\":[\"https:\\\/\\\/lasentinelle.dz\\\/index.php\\\/2026\\\/01\\\/25\\\/can-2025-les-joueurs-senegalais-ont-ils-ete-empoisonnes\\\/#respond\"]}]},{\"@type\":\"WebPage\",\"@id\":\"https:\\\/\\\/lasentinelle.dz\\\/index.php\\\/2026\\\/01\\\/25\\\/can-2025-les-joueurs-senegalais-ont-ils-ete-empoisonnes\\\/\",\"url\":\"https:\\\/\\\/lasentinelle.dz\\\/index.php\\\/2026\\\/01\\\/25\\\/can-2025-les-joueurs-senegalais-ont-ils-ete-empoisonnes\\\/\",\"name\":\"CAN 2025 : Les joueurs s\u00e9n\u00e9galais ont-ils \u00e9t\u00e9 empoisonn\u00e9s\u00a0? - La Sentinelle\",\"isPartOf\":{\"@id\":\"https:\\\/\\\/lasentinelle.dz\\\/#website\"},\"primaryImageOfPage\":{\"@id\":\"https:\\\/\\\/lasentinelle.dz\\\/index.php\\\/2026\\\/01\\\/25\\\/can-2025-les-joueurs-senegalais-ont-ils-ete-empoisonnes\\\/#primaryimage\"},\"image\":{\"@id\":\"https:\\\/\\\/lasentinelle.dz\\\/index.php\\\/2026\\\/01\\\/25\\\/can-2025-les-joueurs-senegalais-ont-ils-ete-empoisonnes\\\/#primaryimage\"},\"thumbnailUrl\":\"https:\\\/\\\/lasentinelle.dz\\\/wp-content\\\/uploads\\\/2026\\\/01\\\/joueurs.jpeg\",\"datePublished\":\"2026-01-25T11:21:25+00:00\",\"dateModified\":\"2026-01-25T11:21:27+00:00\",\"breadcrumb\":{\"@id\":\"https:\\\/\\\/lasentinelle.dz\\\/index.php\\\/2026\\\/01\\\/25\\\/can-2025-les-joueurs-senegalais-ont-ils-ete-empoisonnes\\\/#breadcrumb\"},\"inLanguage\":\"fr-FR\",\"potentialAction\":[{\"@type\":\"ReadAction\",\"target\":[\"https:\\\/\\\/lasentinelle.dz\\\/index.php\\\/2026\\\/01\\\/25\\\/can-2025-les-joueurs-senegalais-ont-ils-ete-empoisonnes\\\/\"]}]},{\"@type\":\"ImageObject\",\"inLanguage\":\"fr-FR\",\"@id\":\"https:\\\/\\\/lasentinelle.dz\\\/index.php\\\/2026\\\/01\\\/25\\\/can-2025-les-joueurs-senegalais-ont-ils-ete-empoisonnes\\\/#primaryimage\",\"url\":\"https:\\\/\\\/lasentinelle.dz\\\/wp-content\\\/uploads\\\/2026\\\/01\\\/joueurs.jpeg\",\"contentUrl\":\"https:\\\/\\\/lasentinelle.dz\\\/wp-content\\\/uploads\\\/2026\\\/01\\\/joueurs.jpeg\",\"width\":932,\"height\":582,\"caption\":\"Ismail Jakobs of Senegal during the Africa Cup of Nations (CAN) 2025 Group D football match between Senegal and DR Congo at Grand Stade de Tanger in Tangier, Morocco, on December 27, 2025. (Photo by Andrew SURMA \\\/ SIPA USA).\"},{\"@type\":\"BreadcrumbList\",\"@id\":\"https:\\\/\\\/lasentinelle.dz\\\/index.php\\\/2026\\\/01\\\/25\\\/can-2025-les-joueurs-senegalais-ont-ils-ete-empoisonnes\\\/#breadcrumb\",\"itemListElement\":[{\"@type\":\"ListItem\",\"position\":1,\"name\":\"Accueil\",\"item\":\"https:\\\/\\\/lasentinelle.dz\\\/\"},{\"@type\":\"ListItem\",\"position\":2,\"name\":\"CAN 2025 : Les joueurs s\u00e9n\u00e9galais ont-ils \u00e9t\u00e9 empoisonn\u00e9s\u00a0?\"}]},{\"@type\":\"WebSite\",\"@id\":\"https:\\\/\\\/lasentinelle.dz\\\/#website\",\"url\":\"https:\\\/\\\/lasentinelle.dz\\\/\",\"name\":\"La Sentinelle\",\"description\":\"Quotidien national d&#039;information\",\"publisher\":{\"@id\":\"https:\\\/\\\/lasentinelle.dz\\\/#organization\"},\"potentialAction\":[{\"@type\":\"SearchAction\",\"target\":{\"@type\":\"EntryPoint\",\"urlTemplate\":\"https:\\\/\\\/lasentinelle.dz\\\/?s={search_term_string}\"},\"query-input\":{\"@type\":\"PropertyValueSpecification\",\"valueRequired\":true,\"valueName\":\"search_term_string\"}}],\"inLanguage\":\"fr-FR\"},{\"@type\":\"Organization\",\"@id\":\"https:\\\/\\\/lasentinelle.dz\\\/#organization\",\"name\":\"Quotidien La Sentinelle\",\"url\":\"https:\\\/\\\/lasentinelle.dz\\\/\",\"logo\":{\"@type\":\"ImageObject\",\"inLanguage\":\"fr-FR\",\"@id\":\"https:\\\/\\\/lasentinelle.dz\\\/#\\\/schema\\\/logo\\\/image\\\/\",\"url\":\"https:\\\/\\\/lasentinelle.dz\\\/wp-content\\\/uploads\\\/2021\\\/09\\\/logo-sentinelleSLOGAN-1.png\",\"contentUrl\":\"https:\\\/\\\/lasentinelle.dz\\\/wp-content\\\/uploads\\\/2021\\\/09\\\/logo-sentinelleSLOGAN-1.png\",\"width\":615,\"height\":142,\"caption\":\"Quotidien La Sentinelle\"},\"image\":{\"@id\":\"https:\\\/\\\/lasentinelle.dz\\\/#\\\/schema\\\/logo\\\/image\\\/\"},\"sameAs\":[\"https:\\\/\\\/www.facebook.com\\\/La-Sentinelle-104059864394773\"]},{\"@type\":\"Person\",\"@id\":\"https:\\\/\\\/lasentinelle.dz\\\/#\\\/schema\\\/person\\\/729ee0024f24e0b8c5ec17232f8e8b41\",\"name\":\"admin\",\"image\":{\"@type\":\"ImageObject\",\"inLanguage\":\"fr-FR\",\"@id\":\"https:\\\/\\\/secure.gravatar.com\\\/avatar\\\/4c81fed838786e9b53f540bf46533e750f5d292099ae3b66cfc6fb1982e29df7?s=96&d=mm&r=g\",\"url\":\"https:\\\/\\\/secure.gravatar.com\\\/avatar\\\/4c81fed838786e9b53f540bf46533e750f5d292099ae3b66cfc6fb1982e29df7?s=96&d=mm&r=g\",\"contentUrl\":\"https:\\\/\\\/secure.gravatar.com\\\/avatar\\\/4c81fed838786e9b53f540bf46533e750f5d292099ae3b66cfc6fb1982e29df7?s=96&d=mm&r=g\",\"caption\":\"admin\"},\"description\":\"admin\",\"url\":\"https:\\\/\\\/lasentinelle.dz\\\/author\\\/admin\\\/\"}]}<\/script>\n<!-- \/ Yoast SEO plugin. -->","yoast_head_json":{"title":"CAN 2025 : Les joueurs s\u00e9n\u00e9galais ont-ils \u00e9t\u00e9 empoisonn\u00e9s\u00a0? - La Sentinelle","robots":{"index":"index","follow":"follow","max-snippet":"max-snippet:-1","max-image-preview":"max-image-preview:large","max-video-preview":"max-video-preview:-1"},"canonical":"https:\/\/lasentinelle.dz\/index.php\/2026\/01\/25\/can-2025-les-joueurs-senegalais-ont-ils-ete-empoisonnes\/","og_locale":"fr_FR","og_type":"article","og_title":"CAN 2025 : Les joueurs s\u00e9n\u00e9galais ont-ils \u00e9t\u00e9 empoisonn\u00e9s\u00a0? - La Sentinelle","og_description":"Le d\u00e9fenseur s\u00e9n\u00e9galais Isma\u00ebl Jakobs a port\u00e9 de graves accusations d&#8217;empoisonnement contre l&rsquo;organisation marocaine de la CAN 2025, affirmant que","og_url":"https:\/\/lasentinelle.dz\/index.php\/2026\/01\/25\/can-2025-les-joueurs-senegalais-ont-ils-ete-empoisonnes\/","og_site_name":"La Sentinelle","article_publisher":"https:\/\/www.facebook.com\/La-Sentinelle-104059864394773","article_published_time":"2026-01-25T11:21:25+00:00","article_modified_time":"2026-01-25T11:21:27+00:00","og_image":[{"width":932,"height":582,"url":"https:\/\/lasentinelle.dz\/wp-content\/uploads\/2026\/01\/joueurs.jpeg","type":"image\/jpeg"}],"author":"admin","twitter_card":"summary_large_image","twitter_misc":{"\u00c9crit par":"admin","Dur\u00e9e de lecture estim\u00e9e":"4 minutes"},"schema":{"@context":"https:\/\/schema.org","@graph":[{"@type":"Article","@id":"https:\/\/lasentinelle.dz\/index.php\/2026\/01\/25\/can-2025-les-joueurs-senegalais-ont-ils-ete-empoisonnes\/#article","isPartOf":{"@id":"https:\/\/lasentinelle.dz\/index.php\/2026\/01\/25\/can-2025-les-joueurs-senegalais-ont-ils-ete-empoisonnes\/"},"author":{"name":"admin","@id":"https:\/\/lasentinelle.dz\/#\/schema\/person\/729ee0024f24e0b8c5ec17232f8e8b41"},"headline":"CAN 2025 : Les joueurs s\u00e9n\u00e9galais ont-ils \u00e9t\u00e9 empoisonn\u00e9s\u00a0?","datePublished":"2026-01-25T11:21:25+00:00","dateModified":"2026-01-25T11:21:27+00:00","mainEntityOfPage":{"@id":"https:\/\/lasentinelle.dz\/index.php\/2026\/01\/25\/can-2025-les-joueurs-senegalais-ont-ils-ete-empoisonnes\/"},"wordCount":764,"commentCount":0,"publisher":{"@id":"https:\/\/lasentinelle.dz\/#organization"},"image":{"@id":"https:\/\/lasentinelle.dz\/index.php\/2026\/01\/25\/can-2025-les-joueurs-senegalais-ont-ils-ete-empoisonnes\/#primaryimage"},"thumbnailUrl":"https:\/\/lasentinelle.dz\/wp-content\/uploads\/2026\/01\/joueurs.jpeg","articleSection":["\u00c0 la Une","Sports"],"inLanguage":"fr-FR","potentialAction":[{"@type":"CommentAction","name":"Comment","target":["https:\/\/lasentinelle.dz\/index.php\/2026\/01\/25\/can-2025-les-joueurs-senegalais-ont-ils-ete-empoisonnes\/#respond"]}]},{"@type":"WebPage","@id":"https:\/\/lasentinelle.dz\/index.php\/2026\/01\/25\/can-2025-les-joueurs-senegalais-ont-ils-ete-empoisonnes\/","url":"https:\/\/lasentinelle.dz\/index.php\/2026\/01\/25\/can-2025-les-joueurs-senegalais-ont-ils-ete-empoisonnes\/","name":"CAN 2025 : Les joueurs s\u00e9n\u00e9galais ont-ils \u00e9t\u00e9 empoisonn\u00e9s\u00a0? - La Sentinelle","isPartOf":{"@id":"https:\/\/lasentinelle.dz\/#website"},"primaryImageOfPage":{"@id":"https:\/\/lasentinelle.dz\/index.php\/2026\/01\/25\/can-2025-les-joueurs-senegalais-ont-ils-ete-empoisonnes\/#primaryimage"},"image":{"@id":"https:\/\/lasentinelle.dz\/index.php\/2026\/01\/25\/can-2025-les-joueurs-senegalais-ont-ils-ete-empoisonnes\/#primaryimage"},"thumbnailUrl":"https:\/\/lasentinelle.dz\/wp-content\/uploads\/2026\/01\/joueurs.jpeg","datePublished":"2026-01-25T11:21:25+00:00","dateModified":"2026-01-25T11:21:27+00:00","breadcrumb":{"@id":"https:\/\/lasentinelle.dz\/index.php\/2026\/01\/25\/can-2025-les-joueurs-senegalais-ont-ils-ete-empoisonnes\/#breadcrumb"},"inLanguage":"fr-FR","potentialAction":[{"@type":"ReadAction","target":["https:\/\/lasentinelle.dz\/index.php\/2026\/01\/25\/can-2025-les-joueurs-senegalais-ont-ils-ete-empoisonnes\/"]}]},{"@type":"ImageObject","inLanguage":"fr-FR","@id":"https:\/\/lasentinelle.dz\/index.php\/2026\/01\/25\/can-2025-les-joueurs-senegalais-ont-ils-ete-empoisonnes\/#primaryimage","url":"https:\/\/lasentinelle.dz\/wp-content\/uploads\/2026\/01\/joueurs.jpeg","contentUrl":"https:\/\/lasentinelle.dz\/wp-content\/uploads\/2026\/01\/joueurs.jpeg","width":932,"height":582,"caption":"Ismail Jakobs of Senegal during the Africa Cup of Nations (CAN) 2025 Group D football match between Senegal and DR Congo at Grand Stade de Tanger in Tangier, Morocco, on December 27, 2025. (Photo by Andrew SURMA \/ SIPA USA)."},{"@type":"BreadcrumbList","@id":"https:\/\/lasentinelle.dz\/index.php\/2026\/01\/25\/can-2025-les-joueurs-senegalais-ont-ils-ete-empoisonnes\/#breadcrumb","itemListElement":[{"@type":"ListItem","position":1,"name":"Accueil","item":"https:\/\/lasentinelle.dz\/"},{"@type":"ListItem","position":2,"name":"CAN 2025 : Les joueurs s\u00e9n\u00e9galais ont-ils \u00e9t\u00e9 empoisonn\u00e9s\u00a0?"}]},{"@type":"WebSite","@id":"https:\/\/lasentinelle.dz\/#website","url":"https:\/\/lasentinelle.dz\/","name":"La Sentinelle","description":"Quotidien national d&#039;information","publisher":{"@id":"https:\/\/lasentinelle.dz\/#organization"},"potentialAction":[{"@type":"SearchAction","target":{"@type":"EntryPoint","urlTemplate":"https:\/\/lasentinelle.dz\/?s={search_term_string}"},"query-input":{"@type":"PropertyValueSpecification","valueRequired":true,"valueName":"search_term_string"}}],"inLanguage":"fr-FR"},{"@type":"Organization","@id":"https:\/\/lasentinelle.dz\/#organization","name":"Quotidien La Sentinelle","url":"https:\/\/lasentinelle.dz\/","logo":{"@type":"ImageObject","inLanguage":"fr-FR","@id":"https:\/\/lasentinelle.dz\/#\/schema\/logo\/image\/","url":"https:\/\/lasentinelle.dz\/wp-content\/uploads\/2021\/09\/logo-sentinelleSLOGAN-1.png","contentUrl":"https:\/\/lasentinelle.dz\/wp-content\/uploads\/2021\/09\/logo-sentinelleSLOGAN-1.png","width":615,"height":142,"caption":"Quotidien La Sentinelle"},"image":{"@id":"https:\/\/lasentinelle.dz\/#\/schema\/logo\/image\/"},"sameAs":["https:\/\/www.facebook.com\/La-Sentinelle-104059864394773"]},{"@type":"Person","@id":"https:\/\/lasentinelle.dz\/#\/schema\/person\/729ee0024f24e0b8c5ec17232f8e8b41","name":"admin","image":{"@type":"ImageObject","inLanguage":"fr-FR","@id":"https:\/\/secure.gravatar.com\/avatar\/4c81fed838786e9b53f540bf46533e750f5d292099ae3b66cfc6fb1982e29df7?s=96&d=mm&r=g","url":"https:\/\/secure.gravatar.com\/avatar\/4c81fed838786e9b53f540bf46533e750f5d292099ae3b66cfc6fb1982e29df7?s=96&d=mm&r=g","contentUrl":"https:\/\/secure.gravatar.com\/avatar\/4c81fed838786e9b53f540bf46533e750f5d292099ae3b66cfc6fb1982e29df7?s=96&d=mm&r=g","caption":"admin"},"description":"admin","url":"https:\/\/lasentinelle.dz\/author\/admin\/"}]}},"_links":{"self":[{"href":"https:\/\/lasentinelle.dz\/index.php\/wp-json\/wp\/v2\/posts\/79965","targetHints":{"allow":["GET"]}}],"collection":[{"href":"https:\/\/lasentinelle.dz\/index.php\/wp-json\/wp\/v2\/posts"}],"about":[{"href":"https:\/\/lasentinelle.dz\/index.php\/wp-json\/wp\/v2\/types\/post"}],"author":[{"embeddable":true,"href":"https:\/\/lasentinelle.dz\/index.php\/wp-json\/wp\/v2\/users\/6"}],"replies":[{"embeddable":true,"href":"https:\/\/lasentinelle.dz\/index.php\/wp-json\/wp\/v2\/comments?post=79965"}],"version-history":[{"count":1,"href":"https:\/\/lasentinelle.dz\/index.php\/wp-json\/wp\/v2\/posts\/79965\/revisions"}],"predecessor-version":[{"id":79967,"href":"https:\/\/lasentinelle.dz\/index.php\/wp-json\/wp\/v2\/posts\/79965\/revisions\/79967"}],"wp:featuredmedia":[{"embeddable":true,"href":"https:\/\/lasentinelle.dz\/index.php\/wp-json\/wp\/v2\/media\/79966"}],"wp:attachment":[{"href":"https:\/\/lasentinelle.dz\/index.php\/wp-json\/wp\/v2\/media?parent=79965"}],"wp:term":[{"taxonomy":"category","embeddable":true,"href":"https:\/\/lasentinelle.dz\/index.php\/wp-json\/wp\/v2\/categories?post=79965"},{"taxonomy":"post_tag","embeddable":true,"href":"https:\/\/lasentinelle.dz\/index.php\/wp-json\/wp\/v2\/tags?post=79965"}],"curies":[{"name":"wp","href":"https:\/\/api.w.org\/{rel}","templated":true}]}}