{"id":79968,"date":"2026-01-25T12:22:37","date_gmt":"2026-01-25T11:22:37","guid":{"rendered":"https:\/\/lasentinelle.dz\/?p=79968"},"modified":"2026-01-25T12:22:38","modified_gmt":"2026-01-25T11:22:38","slug":"conseil-de-securite-debat-public-lundi-sur-la-reaffirmation-de-la-primaute-du-droit-international","status":"publish","type":"post","link":"https:\/\/lasentinelle.dz\/index.php\/2026\/01\/25\/conseil-de-securite-debat-public-lundi-sur-la-reaffirmation-de-la-primaute-du-droit-international\/","title":{"rendered":"Conseil de s\u00e9curit\u00e9\u00a0: D\u00e9bat public lundi sur la r\u00e9affirmation de la primaut\u00e9 du droit international"},"content":{"rendered":"\n<p>Le Conseil de s\u00e9curit\u00e9 des Nations unies tiendra, lundi prochain, une s\u00e9ance de d\u00e9bat public de haut niveau sur le th\u00e8me \u00ab\u00a0R\u00e9affirmer la primaut\u00e9 du droit international: voies pour relancer la paix, la justice et le multilat\u00e9ralisme\u00a0\u00bb, dans le cadre du point intitul\u00e9 \u00ab\u00a0Renforcement de la primaut\u00e9 du droit dans le maintien de la paix et de la s\u00e9curit\u00e9 internationales\u00a0\u00bb.&nbsp;Lors de cette s\u00e9ance, des expos\u00e9s seront pr\u00e9sent\u00e9s par le secr\u00e9taire g\u00e9n\u00e9ral des Nations unies, Antonio Guterres, le pr\u00e9sident de la Commission de l\u2019Union africaine (UA), Mahmoud Ali Youssouf, ainsi que par l\u2019ancien juge \u00e0 la Cour internationale de Justice (CIJ), Abdulqawi Yusuf. La s\u00e9ance sera pr\u00e9sid\u00e9e par le pr\u00e9sident somalien, Hassan Sheikh Mohamud, dont le pays assure la pr\u00e9sidence du Conseil onusien ce mois-ci.&nbsp;La Somalie a \u00e9labor\u00e9 une note conceptuelle pour ce d\u00e9bat public, soulignant le r\u00f4le essentiel que joue la primaut\u00e9 du droit dans le maintien de la paix et de la s\u00e9curit\u00e9 internationales, ainsi que dans le renforcement du multilat\u00e9ralisme de mani\u00e8re plus large. Elle met \u00e9galement en avant l\u2019importance de la primaut\u00e9 du droit pour les Etats membres ayant souffert de conflits et d\u2019in\u00e9galit\u00e9s, notamment en Afrique.&nbsp;La note conceptuelle indique aussi que les violations r\u00e9p\u00e9t\u00e9es du droit international dans les r\u00e9cents conflits arm\u00e9s ont cr\u00e9\u00e9 l\u2019impression d\u2019une \u00e9rosion de la primaut\u00e9 du droit international, notant que cette perception alimente la m\u00e9fiance et contribue, \u00e0 terme, \u00e0 l\u2019affaiblissement progressif de l\u2019Etat de droit.La CIJ a, par ailleurs, rendu plusieurs ordonnances ces derni\u00e8res ann\u00e9es faisant \u00e9tat de mesures conservatoires. Le 26 janvier 2024, la Cour a ainsi \u00e9mis une ordonnance indiquant des mesures provisoires dans l\u2019affaire introduite par l\u2019Afrique du Sud contre l\u2019entit\u00e9 sioniste, l\u2019accusant de violations de la Convention pour la pr\u00e9vention et la r\u00e9pression du crime de g\u00e9nocide.<\/p>\n\n\n\n<p>APS<\/p>\n","protected":false},"excerpt":{"rendered":"<p>Le Conseil de s\u00e9curit\u00e9 des Nations unies tiendra, lundi prochain, une s\u00e9ance de d\u00e9bat public de haut niveau sur le<\/p>\n","protected":false},"author":6,"featured_media":56566,"comment_status":"open","ping_status":"closed","sticky":false,"template":"","format":"standard","meta":{"colormag_page_container_layout":"default_layout","colormag_page_sidebar_layout":"default_layout","om_disable_all_campaigns":false,"_monsterinsights_skip_tracking":false,"_monsterinsights_sitenote_active":false,"_monsterinsights_sitenote_note":"","_monsterinsights_sitenote_category":0,"footnotes":"","_wpscppro_dont_share_socialmedia":false,"_wpscppro_custom_social_share_image":0,"_facebook_share_type":"default","_twitter_share_type":"default","_linkedin_share_type":"default","_pinterest_share_type":"default","_linkedin_share_type_page":"","_instagram_share_type":"default","_medium_share_type":"default","_threads_share_type":"default","_google_business_share_type":"default","_selected_social_profile":[],"_wpsp_enable_custom_social_template":false,"_wpsp_social_scheduling":{"enabled":false,"datetime":null,"platforms":[],"status":"template_only","dateOption":"today","timeOption":"now","customDays":"","customHours":"","customDate":"","customTime":"","schedulingType":"absolute"},"_wpsp_active_default_template":true},"categories":[37],"tags":[],"class_list":["post-79968","post","type-post","status-publish","format-standard","has-post-thumbnail","hentry","category-monde"],"aioseo_notices":[],"yoast_head":"<!-- This site is optimized with the Yoast SEO plugin v27.5 - https:\/\/yoast.com\/product\/yoast-seo-wordpress\/ -->\n<title>Conseil de s\u00e9curit\u00e9\u00a0: D\u00e9bat public lundi sur la r\u00e9affirmation de la primaut\u00e9 du droit international - La Sentinelle<\/title>\n<meta name=\"robots\" content=\"index, follow, max-snippet:-1, max-image-preview:large, max-video-preview:-1\" \/>\n<link rel=\"canonical\" href=\"https:\/\/lasentinelle.dz\/index.php\/2026\/01\/25\/conseil-de-securite-debat-public-lundi-sur-la-reaffirmation-de-la-primaute-du-droit-international\/\" \/>\n<meta property=\"og:locale\" content=\"fr_FR\" \/>\n<meta property=\"og:type\" content=\"article\" \/>\n<meta property=\"og:title\" content=\"Conseil de s\u00e9curit\u00e9\u00a0: D\u00e9bat public lundi sur la r\u00e9affirmation de la primaut\u00e9 du droit international - La Sentinelle\" \/>\n<meta property=\"og:description\" content=\"Le Conseil de s\u00e9curit\u00e9 des Nations unies tiendra, lundi prochain, une s\u00e9ance de d\u00e9bat public de haut niveau sur le\" \/>\n<meta property=\"og:url\" content=\"https:\/\/lasentinelle.dz\/index.php\/2026\/01\/25\/conseil-de-securite-debat-public-lundi-sur-la-reaffirmation-de-la-primaute-du-droit-international\/\" \/>\n<meta property=\"og:site_name\" content=\"La Sentinelle\" \/>\n<meta property=\"article:publisher\" content=\"https:\/\/www.facebook.com\/La-Sentinelle-104059864394773\" \/>\n<meta property=\"article:published_time\" content=\"2026-01-25T11:22:37+00:00\" \/>\n<meta property=\"article:modified_time\" content=\"2026-01-25T11:22:38+00:00\" \/>\n<meta property=\"og:image\" content=\"https:\/\/lasentinelle.dz\/wp-content\/uploads\/2024\/09\/Conseil-de-securite.webp\" \/>\n\t<meta property=\"og:image:width\" content=\"1656\" \/>\n\t<meta property=\"og:image:height\" content=\"1060\" \/>\n\t<meta property=\"og:image:type\" content=\"image\/webp\" \/>\n<meta name=\"author\" content=\"admin\" \/>\n<meta name=\"twitter:card\" content=\"summary_large_image\" \/>\n<meta name=\"twitter:label1\" content=\"\u00c9crit par\" \/>\n\t<meta name=\"twitter:data1\" content=\"admin\" \/>\n\t<meta name=\"twitter:label2\" content=\"Dur\u00e9e de lecture estim\u00e9e\" \/>\n\t<meta name=\"twitter:data2\" content=\"2 minutes\" \/>\n<script type=\"application\/ld+json\" class=\"yoast-schema-graph\">{\"@context\":\"https:\\\/\\\/schema.org\",\"@graph\":[{\"@type\":\"Article\",\"@id\":\"https:\\\/\\\/lasentinelle.dz\\\/index.php\\\/2026\\\/01\\\/25\\\/conseil-de-securite-debat-public-lundi-sur-la-reaffirmation-de-la-primaute-du-droit-international\\\/#article\",\"isPartOf\":{\"@id\":\"https:\\\/\\\/lasentinelle.dz\\\/index.php\\\/2026\\\/01\\\/25\\\/conseil-de-securite-debat-public-lundi-sur-la-reaffirmation-de-la-primaute-du-droit-international\\\/\"},\"author\":{\"name\":\"admin\",\"@id\":\"https:\\\/\\\/lasentinelle.dz\\\/#\\\/schema\\\/person\\\/729ee0024f24e0b8c5ec17232f8e8b41\"},\"headline\":\"Conseil de s\u00e9curit\u00e9\u00a0: D\u00e9bat public lundi sur la r\u00e9affirmation de la primaut\u00e9 du droit international\",\"datePublished\":\"2026-01-25T11:22:37+00:00\",\"dateModified\":\"2026-01-25T11:22:38+00:00\",\"mainEntityOfPage\":{\"@id\":\"https:\\\/\\\/lasentinelle.dz\\\/index.php\\\/2026\\\/01\\\/25\\\/conseil-de-securite-debat-public-lundi-sur-la-reaffirmation-de-la-primaute-du-droit-international\\\/\"},\"wordCount\":362,\"commentCount\":0,\"publisher\":{\"@id\":\"https:\\\/\\\/lasentinelle.dz\\\/#organization\"},\"image\":{\"@id\":\"https:\\\/\\\/lasentinelle.dz\\\/index.php\\\/2026\\\/01\\\/25\\\/conseil-de-securite-debat-public-lundi-sur-la-reaffirmation-de-la-primaute-du-droit-international\\\/#primaryimage\"},\"thumbnailUrl\":\"https:\\\/\\\/lasentinelle.dz\\\/wp-content\\\/uploads\\\/2024\\\/09\\\/Conseil-de-securite.webp\",\"articleSection\":[\"Monde\"],\"inLanguage\":\"fr-FR\",\"potentialAction\":[{\"@type\":\"CommentAction\",\"name\":\"Comment\",\"target\":[\"https:\\\/\\\/lasentinelle.dz\\\/index.php\\\/2026\\\/01\\\/25\\\/conseil-de-securite-debat-public-lundi-sur-la-reaffirmation-de-la-primaute-du-droit-international\\\/#respond\"]}]},{\"@type\":\"WebPage\",\"@id\":\"https:\\\/\\\/lasentinelle.dz\\\/index.php\\\/2026\\\/01\\\/25\\\/conseil-de-securite-debat-public-lundi-sur-la-reaffirmation-de-la-primaute-du-droit-international\\\/\",\"url\":\"https:\\\/\\\/lasentinelle.dz\\\/index.php\\\/2026\\\/01\\\/25\\\/conseil-de-securite-debat-public-lundi-sur-la-reaffirmation-de-la-primaute-du-droit-international\\\/\",\"name\":\"Conseil de s\u00e9curit\u00e9\u00a0: D\u00e9bat public lundi sur la r\u00e9affirmation de la primaut\u00e9 du droit international - La Sentinelle\",\"isPartOf\":{\"@id\":\"https:\\\/\\\/lasentinelle.dz\\\/#website\"},\"primaryImageOfPage\":{\"@id\":\"https:\\\/\\\/lasentinelle.dz\\\/index.php\\\/2026\\\/01\\\/25\\\/conseil-de-securite-debat-public-lundi-sur-la-reaffirmation-de-la-primaute-du-droit-international\\\/#primaryimage\"},\"image\":{\"@id\":\"https:\\\/\\\/lasentinelle.dz\\\/index.php\\\/2026\\\/01\\\/25\\\/conseil-de-securite-debat-public-lundi-sur-la-reaffirmation-de-la-primaute-du-droit-international\\\/#primaryimage\"},\"thumbnailUrl\":\"https:\\\/\\\/lasentinelle.dz\\\/wp-content\\\/uploads\\\/2024\\\/09\\\/Conseil-de-securite.webp\",\"datePublished\":\"2026-01-25T11:22:37+00:00\",\"dateModified\":\"2026-01-25T11:22:38+00:00\",\"breadcrumb\":{\"@id\":\"https:\\\/\\\/lasentinelle.dz\\\/index.php\\\/2026\\\/01\\\/25\\\/conseil-de-securite-debat-public-lundi-sur-la-reaffirmation-de-la-primaute-du-droit-international\\\/#breadcrumb\"},\"inLanguage\":\"fr-FR\",\"potentialAction\":[{\"@type\":\"ReadAction\",\"target\":[\"https:\\\/\\\/lasentinelle.dz\\\/index.php\\\/2026\\\/01\\\/25\\\/conseil-de-securite-debat-public-lundi-sur-la-reaffirmation-de-la-primaute-du-droit-international\\\/\"]}]},{\"@type\":\"ImageObject\",\"inLanguage\":\"fr-FR\",\"@id\":\"https:\\\/\\\/lasentinelle.dz\\\/index.php\\\/2026\\\/01\\\/25\\\/conseil-de-securite-debat-public-lundi-sur-la-reaffirmation-de-la-primaute-du-droit-international\\\/#primaryimage\",\"url\":\"https:\\\/\\\/lasentinelle.dz\\\/wp-content\\\/uploads\\\/2024\\\/09\\\/Conseil-de-securite.webp\",\"contentUrl\":\"https:\\\/\\\/lasentinelle.dz\\\/wp-content\\\/uploads\\\/2024\\\/09\\\/Conseil-de-securite.webp\",\"width\":1656,\"height\":1060},{\"@type\":\"BreadcrumbList\",\"@id\":\"https:\\\/\\\/lasentinelle.dz\\\/index.php\\\/2026\\\/01\\\/25\\\/conseil-de-securite-debat-public-lundi-sur-la-reaffirmation-de-la-primaute-du-droit-international\\\/#breadcrumb\",\"itemListElement\":[{\"@type\":\"ListItem\",\"position\":1,\"name\":\"Accueil\",\"item\":\"https:\\\/\\\/lasentinelle.dz\\\/\"},{\"@type\":\"ListItem\",\"position\":2,\"name\":\"Conseil de s\u00e9curit\u00e9\u00a0: D\u00e9bat public lundi sur la r\u00e9affirmation de la primaut\u00e9 du droit international\"}]},{\"@type\":\"WebSite\",\"@id\":\"https:\\\/\\\/lasentinelle.dz\\\/#website\",\"url\":\"https:\\\/\\\/lasentinelle.dz\\\/\",\"name\":\"La Sentinelle\",\"description\":\"Quotidien national d&#039;information\",\"publisher\":{\"@id\":\"https:\\\/\\\/lasentinelle.dz\\\/#organization\"},\"potentialAction\":[{\"@type\":\"SearchAction\",\"target\":{\"@type\":\"EntryPoint\",\"urlTemplate\":\"https:\\\/\\\/lasentinelle.dz\\\/?s={search_term_string}\"},\"query-input\":{\"@type\":\"PropertyValueSpecification\",\"valueRequired\":true,\"valueName\":\"search_term_string\"}}],\"inLanguage\":\"fr-FR\"},{\"@type\":\"Organization\",\"@id\":\"https:\\\/\\\/lasentinelle.dz\\\/#organization\",\"name\":\"Quotidien La Sentinelle\",\"url\":\"https:\\\/\\\/lasentinelle.dz\\\/\",\"logo\":{\"@type\":\"ImageObject\",\"inLanguage\":\"fr-FR\",\"@id\":\"https:\\\/\\\/lasentinelle.dz\\\/#\\\/schema\\\/logo\\\/image\\\/\",\"url\":\"https:\\\/\\\/lasentinelle.dz\\\/wp-content\\\/uploads\\\/2021\\\/09\\\/logo-sentinelleSLOGAN-1.png\",\"contentUrl\":\"https:\\\/\\\/lasentinelle.dz\\\/wp-content\\\/uploads\\\/2021\\\/09\\\/logo-sentinelleSLOGAN-1.png\",\"width\":615,\"height\":142,\"caption\":\"Quotidien La Sentinelle\"},\"image\":{\"@id\":\"https:\\\/\\\/lasentinelle.dz\\\/#\\\/schema\\\/logo\\\/image\\\/\"},\"sameAs\":[\"https:\\\/\\\/www.facebook.com\\\/La-Sentinelle-104059864394773\"]},{\"@type\":\"Person\",\"@id\":\"https:\\\/\\\/lasentinelle.dz\\\/#\\\/schema\\\/person\\\/729ee0024f24e0b8c5ec17232f8e8b41\",\"name\":\"admin\",\"image\":{\"@type\":\"ImageObject\",\"inLanguage\":\"fr-FR\",\"@id\":\"https:\\\/\\\/secure.gravatar.com\\\/avatar\\\/4c81fed838786e9b53f540bf46533e750f5d292099ae3b66cfc6fb1982e29df7?s=96&d=mm&r=g\",\"url\":\"https:\\\/\\\/secure.gravatar.com\\\/avatar\\\/4c81fed838786e9b53f540bf46533e750f5d292099ae3b66cfc6fb1982e29df7?s=96&d=mm&r=g\",\"contentUrl\":\"https:\\\/\\\/secure.gravatar.com\\\/avatar\\\/4c81fed838786e9b53f540bf46533e750f5d292099ae3b66cfc6fb1982e29df7?s=96&d=mm&r=g\",\"caption\":\"admin\"},\"description\":\"admin\",\"url\":\"https:\\\/\\\/lasentinelle.dz\\\/author\\\/admin\\\/\"}]}<\/script>\n<!-- \/ Yoast SEO plugin. -->","yoast_head_json":{"title":"Conseil de s\u00e9curit\u00e9\u00a0: D\u00e9bat public lundi sur la r\u00e9affirmation de la primaut\u00e9 du droit international - La Sentinelle","robots":{"index":"index","follow":"follow","max-snippet":"max-snippet:-1","max-image-preview":"max-image-preview:large","max-video-preview":"max-video-preview:-1"},"canonical":"https:\/\/lasentinelle.dz\/index.php\/2026\/01\/25\/conseil-de-securite-debat-public-lundi-sur-la-reaffirmation-de-la-primaute-du-droit-international\/","og_locale":"fr_FR","og_type":"article","og_title":"Conseil de s\u00e9curit\u00e9\u00a0: D\u00e9bat public lundi sur la r\u00e9affirmation de la primaut\u00e9 du droit international - La Sentinelle","og_description":"Le Conseil de s\u00e9curit\u00e9 des Nations unies tiendra, lundi prochain, une s\u00e9ance de d\u00e9bat public de haut niveau sur le","og_url":"https:\/\/lasentinelle.dz\/index.php\/2026\/01\/25\/conseil-de-securite-debat-public-lundi-sur-la-reaffirmation-de-la-primaute-du-droit-international\/","og_site_name":"La Sentinelle","article_publisher":"https:\/\/www.facebook.com\/La-Sentinelle-104059864394773","article_published_time":"2026-01-25T11:22:37+00:00","article_modified_time":"2026-01-25T11:22:38+00:00","og_image":[{"width":1656,"height":1060,"url":"https:\/\/lasentinelle.dz\/wp-content\/uploads\/2024\/09\/Conseil-de-securite.webp","type":"image\/webp"}],"author":"admin","twitter_card":"summary_large_image","twitter_misc":{"\u00c9crit par":"admin","Dur\u00e9e de lecture estim\u00e9e":"2 minutes"},"schema":{"@context":"https:\/\/schema.org","@graph":[{"@type":"Article","@id":"https:\/\/lasentinelle.dz\/index.php\/2026\/01\/25\/conseil-de-securite-debat-public-lundi-sur-la-reaffirmation-de-la-primaute-du-droit-international\/#article","isPartOf":{"@id":"https:\/\/lasentinelle.dz\/index.php\/2026\/01\/25\/conseil-de-securite-debat-public-lundi-sur-la-reaffirmation-de-la-primaute-du-droit-international\/"},"author":{"name":"admin","@id":"https:\/\/lasentinelle.dz\/#\/schema\/person\/729ee0024f24e0b8c5ec17232f8e8b41"},"headline":"Conseil de s\u00e9curit\u00e9\u00a0: D\u00e9bat public lundi sur la r\u00e9affirmation de la primaut\u00e9 du droit international","datePublished":"2026-01-25T11:22:37+00:00","dateModified":"2026-01-25T11:22:38+00:00","mainEntityOfPage":{"@id":"https:\/\/lasentinelle.dz\/index.php\/2026\/01\/25\/conseil-de-securite-debat-public-lundi-sur-la-reaffirmation-de-la-primaute-du-droit-international\/"},"wordCount":362,"commentCount":0,"publisher":{"@id":"https:\/\/lasentinelle.dz\/#organization"},"image":{"@id":"https:\/\/lasentinelle.dz\/index.php\/2026\/01\/25\/conseil-de-securite-debat-public-lundi-sur-la-reaffirmation-de-la-primaute-du-droit-international\/#primaryimage"},"thumbnailUrl":"https:\/\/lasentinelle.dz\/wp-content\/uploads\/2024\/09\/Conseil-de-securite.webp","articleSection":["Monde"],"inLanguage":"fr-FR","potentialAction":[{"@type":"CommentAction","name":"Comment","target":["https:\/\/lasentinelle.dz\/index.php\/2026\/01\/25\/conseil-de-securite-debat-public-lundi-sur-la-reaffirmation-de-la-primaute-du-droit-international\/#respond"]}]},{"@type":"WebPage","@id":"https:\/\/lasentinelle.dz\/index.php\/2026\/01\/25\/conseil-de-securite-debat-public-lundi-sur-la-reaffirmation-de-la-primaute-du-droit-international\/","url":"https:\/\/lasentinelle.dz\/index.php\/2026\/01\/25\/conseil-de-securite-debat-public-lundi-sur-la-reaffirmation-de-la-primaute-du-droit-international\/","name":"Conseil de s\u00e9curit\u00e9\u00a0: D\u00e9bat public lundi sur la r\u00e9affirmation de la primaut\u00e9 du droit international - La Sentinelle","isPartOf":{"@id":"https:\/\/lasentinelle.dz\/#website"},"primaryImageOfPage":{"@id":"https:\/\/lasentinelle.dz\/index.php\/2026\/01\/25\/conseil-de-securite-debat-public-lundi-sur-la-reaffirmation-de-la-primaute-du-droit-international\/#primaryimage"},"image":{"@id":"https:\/\/lasentinelle.dz\/index.php\/2026\/01\/25\/conseil-de-securite-debat-public-lundi-sur-la-reaffirmation-de-la-primaute-du-droit-international\/#primaryimage"},"thumbnailUrl":"https:\/\/lasentinelle.dz\/wp-content\/uploads\/2024\/09\/Conseil-de-securite.webp","datePublished":"2026-01-25T11:22:37+00:00","dateModified":"2026-01-25T11:22:38+00:00","breadcrumb":{"@id":"https:\/\/lasentinelle.dz\/index.php\/2026\/01\/25\/conseil-de-securite-debat-public-lundi-sur-la-reaffirmation-de-la-primaute-du-droit-international\/#breadcrumb"},"inLanguage":"fr-FR","potentialAction":[{"@type":"ReadAction","target":["https:\/\/lasentinelle.dz\/index.php\/2026\/01\/25\/conseil-de-securite-debat-public-lundi-sur-la-reaffirmation-de-la-primaute-du-droit-international\/"]}]},{"@type":"ImageObject","inLanguage":"fr-FR","@id":"https:\/\/lasentinelle.dz\/index.php\/2026\/01\/25\/conseil-de-securite-debat-public-lundi-sur-la-reaffirmation-de-la-primaute-du-droit-international\/#primaryimage","url":"https:\/\/lasentinelle.dz\/wp-content\/uploads\/2024\/09\/Conseil-de-securite.webp","contentUrl":"https:\/\/lasentinelle.dz\/wp-content\/uploads\/2024\/09\/Conseil-de-securite.webp","width":1656,"height":1060},{"@type":"BreadcrumbList","@id":"https:\/\/lasentinelle.dz\/index.php\/2026\/01\/25\/conseil-de-securite-debat-public-lundi-sur-la-reaffirmation-de-la-primaute-du-droit-international\/#breadcrumb","itemListElement":[{"@type":"ListItem","position":1,"name":"Accueil","item":"https:\/\/lasentinelle.dz\/"},{"@type":"ListItem","position":2,"name":"Conseil de s\u00e9curit\u00e9\u00a0: D\u00e9bat public lundi sur la r\u00e9affirmation de la primaut\u00e9 du droit international"}]},{"@type":"WebSite","@id":"https:\/\/lasentinelle.dz\/#website","url":"https:\/\/lasentinelle.dz\/","name":"La Sentinelle","description":"Quotidien national d&#039;information","publisher":{"@id":"https:\/\/lasentinelle.dz\/#organization"},"potentialAction":[{"@type":"SearchAction","target":{"@type":"EntryPoint","urlTemplate":"https:\/\/lasentinelle.dz\/?s={search_term_string}"},"query-input":{"@type":"PropertyValueSpecification","valueRequired":true,"valueName":"search_term_string"}}],"inLanguage":"fr-FR"},{"@type":"Organization","@id":"https:\/\/lasentinelle.dz\/#organization","name":"Quotidien La Sentinelle","url":"https:\/\/lasentinelle.dz\/","logo":{"@type":"ImageObject","inLanguage":"fr-FR","@id":"https:\/\/lasentinelle.dz\/#\/schema\/logo\/image\/","url":"https:\/\/lasentinelle.dz\/wp-content\/uploads\/2021\/09\/logo-sentinelleSLOGAN-1.png","contentUrl":"https:\/\/lasentinelle.dz\/wp-content\/uploads\/2021\/09\/logo-sentinelleSLOGAN-1.png","width":615,"height":142,"caption":"Quotidien La Sentinelle"},"image":{"@id":"https:\/\/lasentinelle.dz\/#\/schema\/logo\/image\/"},"sameAs":["https:\/\/www.facebook.com\/La-Sentinelle-104059864394773"]},{"@type":"Person","@id":"https:\/\/lasentinelle.dz\/#\/schema\/person\/729ee0024f24e0b8c5ec17232f8e8b41","name":"admin","image":{"@type":"ImageObject","inLanguage":"fr-FR","@id":"https:\/\/secure.gravatar.com\/avatar\/4c81fed838786e9b53f540bf46533e750f5d292099ae3b66cfc6fb1982e29df7?s=96&d=mm&r=g","url":"https:\/\/secure.gravatar.com\/avatar\/4c81fed838786e9b53f540bf46533e750f5d292099ae3b66cfc6fb1982e29df7?s=96&d=mm&r=g","contentUrl":"https:\/\/secure.gravatar.com\/avatar\/4c81fed838786e9b53f540bf46533e750f5d292099ae3b66cfc6fb1982e29df7?s=96&d=mm&r=g","caption":"admin"},"description":"admin","url":"https:\/\/lasentinelle.dz\/author\/admin\/"}]}},"_links":{"self":[{"href":"https:\/\/lasentinelle.dz\/index.php\/wp-json\/wp\/v2\/posts\/79968","targetHints":{"allow":["GET"]}}],"collection":[{"href":"https:\/\/lasentinelle.dz\/index.php\/wp-json\/wp\/v2\/posts"}],"about":[{"href":"https:\/\/lasentinelle.dz\/index.php\/wp-json\/wp\/v2\/types\/post"}],"author":[{"embeddable":true,"href":"https:\/\/lasentinelle.dz\/index.php\/wp-json\/wp\/v2\/users\/6"}],"replies":[{"embeddable":true,"href":"https:\/\/lasentinelle.dz\/index.php\/wp-json\/wp\/v2\/comments?post=79968"}],"version-history":[{"count":1,"href":"https:\/\/lasentinelle.dz\/index.php\/wp-json\/wp\/v2\/posts\/79968\/revisions"}],"predecessor-version":[{"id":79969,"href":"https:\/\/lasentinelle.dz\/index.php\/wp-json\/wp\/v2\/posts\/79968\/revisions\/79969"}],"wp:featuredmedia":[{"embeddable":true,"href":"https:\/\/lasentinelle.dz\/index.php\/wp-json\/wp\/v2\/media\/56566"}],"wp:attachment":[{"href":"https:\/\/lasentinelle.dz\/index.php\/wp-json\/wp\/v2\/media?parent=79968"}],"wp:term":[{"taxonomy":"category","embeddable":true,"href":"https:\/\/lasentinelle.dz\/index.php\/wp-json\/wp\/v2\/categories?post=79968"},{"taxonomy":"post_tag","embeddable":true,"href":"https:\/\/lasentinelle.dz\/index.php\/wp-json\/wp\/v2\/tags?post=79968"}],"curies":[{"name":"wp","href":"https:\/\/api.w.org\/{rel}","templated":true}]}}