{"id":79970,"date":"2026-01-25T12:24:04","date_gmt":"2026-01-25T11:24:04","guid":{"rendered":"https:\/\/lasentinelle.dz\/?p=79970"},"modified":"2026-01-25T12:24:05","modified_gmt":"2026-01-25T11:24:05","slug":"soudan-des-conditions-humanitaires-extremement-difficiles-au-darfour","status":"publish","type":"post","link":"https:\/\/lasentinelle.dz\/index.php\/2026\/01\/25\/soudan-des-conditions-humanitaires-extremement-difficiles-au-darfour\/","title":{"rendered":"Soudan\u00a0: Des conditions humanitaires extr\u00eamement difficiles au Darfour"},"content":{"rendered":"\n<p>Le Fonds des Nations unies pour l&rsquo;enfance a tir\u00e9 la sonnette d&rsquo;alarme vendredi sur la situation catastrophique des enfants au Soudan, r\u00e9v\u00e9lant que 8 millions d&rsquo;entre eux sont priv\u00e9s d&rsquo;\u00e9ducation en raison du conflit arm\u00e9 qui d\u00e9chire le pays depuis avril 2023, tandis que des milliers d&rsquo;autres font face \u00e0 des conditions humanitaires extr\u00eamement difficiles dans la r\u00e9gion du Darfour.&nbsp;Les enfants sont confront\u00e9s \u00e0 des conditions humanitaires extr\u00eamement difficiles dans la r\u00e9gion du Darfour, au Soudan, a indiqu\u00e9 vendredi l&rsquo;Unicef, soulignant que des milliers d&rsquo;entre eux font face \u00e0 des d\u00e9placements r\u00e9p\u00e9t\u00e9s, \u00e0 des traumatismes psychologiques et \u00e0 un manque s\u00e9v\u00e8re de services de base dans un contexte de poursuite des combats.&nbsp;La porte-parole de l&rsquo;Unicef, Eva Hinds, a affirm\u00e9 qu&rsquo;une d\u00e9l\u00e9gation de l&rsquo;organisation s&rsquo;est rendue r\u00e9cemment au Darfour, ce qui lui a permis de constater de pr\u00e8s la situation des enfants, en particulier les plus vuln\u00e9rables. Elle a pr\u00e9cis\u00e9 que \u00ab\u00a0le Darfour a \u00e9t\u00e9 le th\u00e9\u00e2tre de violents combats pendant une longue p\u00e9riode et qu&rsquo;un grand nombre d&rsquo;enfants ont \u00e9t\u00e9 d\u00e9plac\u00e9s non pas une seule fois, mais \u00e0 deux reprises\u00a0\u00bb.&nbsp;La visite de la d\u00e9l\u00e9gation de l&rsquo;Unicef co\u00efncidait avec les derniers jours d&rsquo;une vaste campagne de vaccination contre la rougeole, lanc\u00e9e d\u00e9but janvier par l&rsquo;organisation onusienne en collaboration avec les autorit\u00e9s sanitaires et leurs partenaires, visant six millions d&rsquo;enfants dans l&rsquo;ensemble des \u00c9tats du Darfour.&nbsp;Eva Hinds a insist\u00e9 sur le fait que la surpopulation dans les sites de d\u00e9placement accro\u00eet consid\u00e9rablement les risques pour la sant\u00e9 publique et la propagation de maladies, relevant que \u00ab\u00a0la localit\u00e9 de Tawila, au Nord-Darfour, est devenue l&rsquo;un des plus importants regroupements de personnes d\u00e9plac\u00e9es \u00e0 l&rsquo;int\u00e9rieur du Darfour\u00a0\u00bb. Les estimations font \u00e9tat d&rsquo;environ 500.000 personnes pr\u00e9sentes dans cette zone, o\u00f9 les arriv\u00e9es se poursuivent dans des conditions extr\u00eamement pr\u00e9caires.&nbsp;Parall\u00e8lement \u00e0 cette urgence humanitaire au Darfour, l&rsquo;Unicef a affirm\u00e9 dans un communiqu\u00e9 que le conflit en cours au Soudan a, jusqu&rsquo;\u00e0 pr\u00e9sent, priv\u00e9 environ 8 millions d&rsquo;enfants de leur droit fondamental \u00e0 l&rsquo;\u00e9ducation. L&rsquo;organisation a pr\u00e9cis\u00e9 que 6.400 \u00e9coles sont totalement ferm\u00e9es \u00e0 travers le pays et ne fournissent aucun service \u00e9ducatif, tandis que 11 pour cent des \u00e9tablissements scolaires sont utilis\u00e9s comme abris pour les familles d\u00e9plac\u00e9es ou \u00e0 des fins non \u00e9ducatives.&nbsp;L&rsquo;organisation a indiqu\u00e9 que le d\u00e9placement forc\u00e9 a eu un impact majeur sur le d\u00e9roulement du processus \u00e9ducatif, relevant qu&rsquo;environ 5 millions d&rsquo;enfants ont \u00e9t\u00e9 contraints de quitter leurs foyers, ce qui a entra\u00een\u00e9 leur s\u00e9paration d&rsquo;avec leurs enseignants et les supports p\u00e9dagogiques. Elle a ajout\u00e9 qu&rsquo;une \u00e9cole sur trois est devenue non op\u00e9rationnelle en raison des destructions ou d&rsquo;autres dommages caus\u00e9s par le conflit.<\/p>\n\n\n\n<p>Selon l&rsquo;Unicef, ces chiffres \u00ab\u00a0refl\u00e8tent une grave crise \u00e9ducative qui menace l&rsquo;avenir d&rsquo;une g\u00e9n\u00e9ration enti\u00e8re au Soudan\u00a0\u00bb. L&rsquo;organisation a appel\u00e9 les parties concern\u00e9es et la communaut\u00e9 internationale \u00e0 agir imm\u00e9diatement afin de fournir des alternatives \u00e9ducatives aux enfants affect\u00e9s et de prot\u00e9ger les \u00e9coles contre leur utilisation comme abris ou sites de conflit.&nbsp;L&rsquo;Unicef a soulign\u00e9 que \u00ab\u00a0garantir l&rsquo;\u00e9ducation des enfants n&rsquo;est pas une option, mais un devoir humanitaire fondamental qui doit \u00eatre une priorit\u00e9\u00a0\u00bb, en particulier dans les zones de conflit o\u00f9 les risques sont accrus et les effets de la violence sur l&rsquo;enfance s&rsquo;intensifient.&nbsp;L&rsquo;organisation a averti que la poursuite de la crise entra\u00eenera des cons\u00e9quences \u00e0 long terme pour les enfants, notamment la perte de comp\u00e9tences essentielles et l&rsquo;augmentation des taux de d\u00e9crochage scolaire. Elle a appel\u00e9 les organisations humanitaires \u00e0 renforcer leurs efforts pour fournir un soutien \u00e9ducatif et psychosocial aux enfants et aux personnes d\u00e9plac\u00e9es dans les zones touch\u00e9es.&nbsp;Depuis avril 2023, le Soudan est en proie \u00e0 un conflit arm\u00e9 entre l&rsquo;arm\u00e9e soudanaise et les Forces de soutien rapide, ayant caus\u00e9 la mort de dizaines de milliers de personnes et le d\u00e9placement de millions d&rsquo;autres.<\/p>\n\n\n\n<p>L.S.<\/p>\n","protected":false},"excerpt":{"rendered":"<p>Le Fonds des Nations unies pour l&rsquo;enfance a tir\u00e9 la sonnette d&rsquo;alarme vendredi sur la situation catastrophique des enfants au<\/p>\n","protected":false},"author":6,"featured_media":60020,"comment_status":"open","ping_status":"closed","sticky":false,"template":"","format":"standard","meta":{"colormag_page_container_layout":"default_layout","colormag_page_sidebar_layout":"default_layout","om_disable_all_campaigns":false,"_monsterinsights_skip_tracking":false,"_monsterinsights_sitenote_active":false,"_monsterinsights_sitenote_note":"","_monsterinsights_sitenote_category":0,"footnotes":"","_wpscppro_dont_share_socialmedia":false,"_wpscppro_custom_social_share_image":0,"_facebook_share_type":"default","_twitter_share_type":"default","_linkedin_share_type":"default","_pinterest_share_type":"default","_linkedin_share_type_page":"","_instagram_share_type":"default","_medium_share_type":"default","_threads_share_type":"default","_google_business_share_type":"default","_selected_social_profile":[],"_wpsp_enable_custom_social_template":false,"_wpsp_social_scheduling":{"enabled":false,"datetime":null,"platforms":[],"status":"template_only","dateOption":"today","timeOption":"now","customDays":"","customHours":"","customDate":"","customTime":"","schedulingType":"absolute"},"_wpsp_active_default_template":true},"categories":[37],"tags":[],"class_list":["post-79970","post","type-post","status-publish","format-standard","has-post-thumbnail","hentry","category-monde"],"aioseo_notices":[],"yoast_head":"<!-- This site is optimized with the Yoast SEO plugin v27.5 - https:\/\/yoast.com\/product\/yoast-seo-wordpress\/ -->\n<title>Soudan\u00a0: Des conditions humanitaires extr\u00eamement difficiles au Darfour - La Sentinelle<\/title>\n<meta name=\"robots\" content=\"index, follow, max-snippet:-1, max-image-preview:large, max-video-preview:-1\" \/>\n<link rel=\"canonical\" href=\"https:\/\/lasentinelle.dz\/index.php\/2026\/01\/25\/soudan-des-conditions-humanitaires-extremement-difficiles-au-darfour\/\" \/>\n<meta property=\"og:locale\" content=\"fr_FR\" \/>\n<meta property=\"og:type\" content=\"article\" \/>\n<meta property=\"og:title\" content=\"Soudan\u00a0: Des conditions humanitaires extr\u00eamement difficiles au Darfour - La Sentinelle\" \/>\n<meta property=\"og:description\" content=\"Le Fonds des Nations unies pour l&rsquo;enfance a tir\u00e9 la sonnette d&rsquo;alarme vendredi sur la situation catastrophique des enfants au\" \/>\n<meta property=\"og:url\" content=\"https:\/\/lasentinelle.dz\/index.php\/2026\/01\/25\/soudan-des-conditions-humanitaires-extremement-difficiles-au-darfour\/\" \/>\n<meta property=\"og:site_name\" content=\"La Sentinelle\" \/>\n<meta property=\"article:publisher\" content=\"https:\/\/www.facebook.com\/La-Sentinelle-104059864394773\" \/>\n<meta property=\"article:published_time\" content=\"2026-01-25T11:24:04+00:00\" \/>\n<meta property=\"article:modified_time\" content=\"2026-01-25T11:24:05+00:00\" \/>\n<meta property=\"og:image\" content=\"https:\/\/lasentinelle.dz\/wp-content\/uploads\/2024\/12\/soudan.jpeg\" \/>\n\t<meta property=\"og:image:width\" content=\"2048\" \/>\n\t<meta property=\"og:image:height\" content=\"1365\" \/>\n\t<meta property=\"og:image:type\" content=\"image\/jpeg\" \/>\n<meta name=\"author\" content=\"admin\" \/>\n<meta name=\"twitter:card\" content=\"summary_large_image\" \/>\n<meta name=\"twitter:label1\" content=\"\u00c9crit par\" \/>\n\t<meta name=\"twitter:data1\" content=\"admin\" \/>\n\t<meta name=\"twitter:label2\" content=\"Dur\u00e9e de lecture estim\u00e9e\" \/>\n\t<meta name=\"twitter:data2\" content=\"4 minutes\" \/>\n<script type=\"application\/ld+json\" class=\"yoast-schema-graph\">{\"@context\":\"https:\\\/\\\/schema.org\",\"@graph\":[{\"@type\":\"Article\",\"@id\":\"https:\\\/\\\/lasentinelle.dz\\\/index.php\\\/2026\\\/01\\\/25\\\/soudan-des-conditions-humanitaires-extremement-difficiles-au-darfour\\\/#article\",\"isPartOf\":{\"@id\":\"https:\\\/\\\/lasentinelle.dz\\\/index.php\\\/2026\\\/01\\\/25\\\/soudan-des-conditions-humanitaires-extremement-difficiles-au-darfour\\\/\"},\"author\":{\"name\":\"admin\",\"@id\":\"https:\\\/\\\/lasentinelle.dz\\\/#\\\/schema\\\/person\\\/729ee0024f24e0b8c5ec17232f8e8b41\"},\"headline\":\"Soudan\u00a0: Des conditions humanitaires extr\u00eamement difficiles au Darfour\",\"datePublished\":\"2026-01-25T11:24:04+00:00\",\"dateModified\":\"2026-01-25T11:24:05+00:00\",\"mainEntityOfPage\":{\"@id\":\"https:\\\/\\\/lasentinelle.dz\\\/index.php\\\/2026\\\/01\\\/25\\\/soudan-des-conditions-humanitaires-extremement-difficiles-au-darfour\\\/\"},\"wordCount\":742,\"commentCount\":0,\"publisher\":{\"@id\":\"https:\\\/\\\/lasentinelle.dz\\\/#organization\"},\"image\":{\"@id\":\"https:\\\/\\\/lasentinelle.dz\\\/index.php\\\/2026\\\/01\\\/25\\\/soudan-des-conditions-humanitaires-extremement-difficiles-au-darfour\\\/#primaryimage\"},\"thumbnailUrl\":\"https:\\\/\\\/lasentinelle.dz\\\/wp-content\\\/uploads\\\/2024\\\/12\\\/soudan.jpeg\",\"articleSection\":[\"Monde\"],\"inLanguage\":\"fr-FR\",\"potentialAction\":[{\"@type\":\"CommentAction\",\"name\":\"Comment\",\"target\":[\"https:\\\/\\\/lasentinelle.dz\\\/index.php\\\/2026\\\/01\\\/25\\\/soudan-des-conditions-humanitaires-extremement-difficiles-au-darfour\\\/#respond\"]}]},{\"@type\":\"WebPage\",\"@id\":\"https:\\\/\\\/lasentinelle.dz\\\/index.php\\\/2026\\\/01\\\/25\\\/soudan-des-conditions-humanitaires-extremement-difficiles-au-darfour\\\/\",\"url\":\"https:\\\/\\\/lasentinelle.dz\\\/index.php\\\/2026\\\/01\\\/25\\\/soudan-des-conditions-humanitaires-extremement-difficiles-au-darfour\\\/\",\"name\":\"Soudan\u00a0: Des conditions humanitaires extr\u00eamement difficiles au Darfour - La Sentinelle\",\"isPartOf\":{\"@id\":\"https:\\\/\\\/lasentinelle.dz\\\/#website\"},\"primaryImageOfPage\":{\"@id\":\"https:\\\/\\\/lasentinelle.dz\\\/index.php\\\/2026\\\/01\\\/25\\\/soudan-des-conditions-humanitaires-extremement-difficiles-au-darfour\\\/#primaryimage\"},\"image\":{\"@id\":\"https:\\\/\\\/lasentinelle.dz\\\/index.php\\\/2026\\\/01\\\/25\\\/soudan-des-conditions-humanitaires-extremement-difficiles-au-darfour\\\/#primaryimage\"},\"thumbnailUrl\":\"https:\\\/\\\/lasentinelle.dz\\\/wp-content\\\/uploads\\\/2024\\\/12\\\/soudan.jpeg\",\"datePublished\":\"2026-01-25T11:24:04+00:00\",\"dateModified\":\"2026-01-25T11:24:05+00:00\",\"breadcrumb\":{\"@id\":\"https:\\\/\\\/lasentinelle.dz\\\/index.php\\\/2026\\\/01\\\/25\\\/soudan-des-conditions-humanitaires-extremement-difficiles-au-darfour\\\/#breadcrumb\"},\"inLanguage\":\"fr-FR\",\"potentialAction\":[{\"@type\":\"ReadAction\",\"target\":[\"https:\\\/\\\/lasentinelle.dz\\\/index.php\\\/2026\\\/01\\\/25\\\/soudan-des-conditions-humanitaires-extremement-difficiles-au-darfour\\\/\"]}]},{\"@type\":\"ImageObject\",\"inLanguage\":\"fr-FR\",\"@id\":\"https:\\\/\\\/lasentinelle.dz\\\/index.php\\\/2026\\\/01\\\/25\\\/soudan-des-conditions-humanitaires-extremement-difficiles-au-darfour\\\/#primaryimage\",\"url\":\"https:\\\/\\\/lasentinelle.dz\\\/wp-content\\\/uploads\\\/2024\\\/12\\\/soudan.jpeg\",\"contentUrl\":\"https:\\\/\\\/lasentinelle.dz\\\/wp-content\\\/uploads\\\/2024\\\/12\\\/soudan.jpeg\",\"width\":2048,\"height\":1365},{\"@type\":\"BreadcrumbList\",\"@id\":\"https:\\\/\\\/lasentinelle.dz\\\/index.php\\\/2026\\\/01\\\/25\\\/soudan-des-conditions-humanitaires-extremement-difficiles-au-darfour\\\/#breadcrumb\",\"itemListElement\":[{\"@type\":\"ListItem\",\"position\":1,\"name\":\"Accueil\",\"item\":\"https:\\\/\\\/lasentinelle.dz\\\/\"},{\"@type\":\"ListItem\",\"position\":2,\"name\":\"Soudan\u00a0: Des conditions humanitaires extr\u00eamement difficiles au Darfour\"}]},{\"@type\":\"WebSite\",\"@id\":\"https:\\\/\\\/lasentinelle.dz\\\/#website\",\"url\":\"https:\\\/\\\/lasentinelle.dz\\\/\",\"name\":\"La Sentinelle\",\"description\":\"Quotidien national d&#039;information\",\"publisher\":{\"@id\":\"https:\\\/\\\/lasentinelle.dz\\\/#organization\"},\"potentialAction\":[{\"@type\":\"SearchAction\",\"target\":{\"@type\":\"EntryPoint\",\"urlTemplate\":\"https:\\\/\\\/lasentinelle.dz\\\/?s={search_term_string}\"},\"query-input\":{\"@type\":\"PropertyValueSpecification\",\"valueRequired\":true,\"valueName\":\"search_term_string\"}}],\"inLanguage\":\"fr-FR\"},{\"@type\":\"Organization\",\"@id\":\"https:\\\/\\\/lasentinelle.dz\\\/#organization\",\"name\":\"Quotidien La Sentinelle\",\"url\":\"https:\\\/\\\/lasentinelle.dz\\\/\",\"logo\":{\"@type\":\"ImageObject\",\"inLanguage\":\"fr-FR\",\"@id\":\"https:\\\/\\\/lasentinelle.dz\\\/#\\\/schema\\\/logo\\\/image\\\/\",\"url\":\"https:\\\/\\\/lasentinelle.dz\\\/wp-content\\\/uploads\\\/2021\\\/09\\\/logo-sentinelleSLOGAN-1.png\",\"contentUrl\":\"https:\\\/\\\/lasentinelle.dz\\\/wp-content\\\/uploads\\\/2021\\\/09\\\/logo-sentinelleSLOGAN-1.png\",\"width\":615,\"height\":142,\"caption\":\"Quotidien La Sentinelle\"},\"image\":{\"@id\":\"https:\\\/\\\/lasentinelle.dz\\\/#\\\/schema\\\/logo\\\/image\\\/\"},\"sameAs\":[\"https:\\\/\\\/www.facebook.com\\\/La-Sentinelle-104059864394773\"]},{\"@type\":\"Person\",\"@id\":\"https:\\\/\\\/lasentinelle.dz\\\/#\\\/schema\\\/person\\\/729ee0024f24e0b8c5ec17232f8e8b41\",\"name\":\"admin\",\"image\":{\"@type\":\"ImageObject\",\"inLanguage\":\"fr-FR\",\"@id\":\"https:\\\/\\\/secure.gravatar.com\\\/avatar\\\/4c81fed838786e9b53f540bf46533e750f5d292099ae3b66cfc6fb1982e29df7?s=96&d=mm&r=g\",\"url\":\"https:\\\/\\\/secure.gravatar.com\\\/avatar\\\/4c81fed838786e9b53f540bf46533e750f5d292099ae3b66cfc6fb1982e29df7?s=96&d=mm&r=g\",\"contentUrl\":\"https:\\\/\\\/secure.gravatar.com\\\/avatar\\\/4c81fed838786e9b53f540bf46533e750f5d292099ae3b66cfc6fb1982e29df7?s=96&d=mm&r=g\",\"caption\":\"admin\"},\"description\":\"admin\",\"url\":\"https:\\\/\\\/lasentinelle.dz\\\/author\\\/admin\\\/\"}]}<\/script>\n<!-- \/ Yoast SEO plugin. -->","yoast_head_json":{"title":"Soudan\u00a0: Des conditions humanitaires extr\u00eamement difficiles au Darfour - La Sentinelle","robots":{"index":"index","follow":"follow","max-snippet":"max-snippet:-1","max-image-preview":"max-image-preview:large","max-video-preview":"max-video-preview:-1"},"canonical":"https:\/\/lasentinelle.dz\/index.php\/2026\/01\/25\/soudan-des-conditions-humanitaires-extremement-difficiles-au-darfour\/","og_locale":"fr_FR","og_type":"article","og_title":"Soudan\u00a0: Des conditions humanitaires extr\u00eamement difficiles au Darfour - La Sentinelle","og_description":"Le Fonds des Nations unies pour l&rsquo;enfance a tir\u00e9 la sonnette d&rsquo;alarme vendredi sur la situation catastrophique des enfants au","og_url":"https:\/\/lasentinelle.dz\/index.php\/2026\/01\/25\/soudan-des-conditions-humanitaires-extremement-difficiles-au-darfour\/","og_site_name":"La Sentinelle","article_publisher":"https:\/\/www.facebook.com\/La-Sentinelle-104059864394773","article_published_time":"2026-01-25T11:24:04+00:00","article_modified_time":"2026-01-25T11:24:05+00:00","og_image":[{"width":2048,"height":1365,"url":"https:\/\/lasentinelle.dz\/wp-content\/uploads\/2024\/12\/soudan.jpeg","type":"image\/jpeg"}],"author":"admin","twitter_card":"summary_large_image","twitter_misc":{"\u00c9crit par":"admin","Dur\u00e9e de lecture estim\u00e9e":"4 minutes"},"schema":{"@context":"https:\/\/schema.org","@graph":[{"@type":"Article","@id":"https:\/\/lasentinelle.dz\/index.php\/2026\/01\/25\/soudan-des-conditions-humanitaires-extremement-difficiles-au-darfour\/#article","isPartOf":{"@id":"https:\/\/lasentinelle.dz\/index.php\/2026\/01\/25\/soudan-des-conditions-humanitaires-extremement-difficiles-au-darfour\/"},"author":{"name":"admin","@id":"https:\/\/lasentinelle.dz\/#\/schema\/person\/729ee0024f24e0b8c5ec17232f8e8b41"},"headline":"Soudan\u00a0: Des conditions humanitaires extr\u00eamement difficiles au Darfour","datePublished":"2026-01-25T11:24:04+00:00","dateModified":"2026-01-25T11:24:05+00:00","mainEntityOfPage":{"@id":"https:\/\/lasentinelle.dz\/index.php\/2026\/01\/25\/soudan-des-conditions-humanitaires-extremement-difficiles-au-darfour\/"},"wordCount":742,"commentCount":0,"publisher":{"@id":"https:\/\/lasentinelle.dz\/#organization"},"image":{"@id":"https:\/\/lasentinelle.dz\/index.php\/2026\/01\/25\/soudan-des-conditions-humanitaires-extremement-difficiles-au-darfour\/#primaryimage"},"thumbnailUrl":"https:\/\/lasentinelle.dz\/wp-content\/uploads\/2024\/12\/soudan.jpeg","articleSection":["Monde"],"inLanguage":"fr-FR","potentialAction":[{"@type":"CommentAction","name":"Comment","target":["https:\/\/lasentinelle.dz\/index.php\/2026\/01\/25\/soudan-des-conditions-humanitaires-extremement-difficiles-au-darfour\/#respond"]}]},{"@type":"WebPage","@id":"https:\/\/lasentinelle.dz\/index.php\/2026\/01\/25\/soudan-des-conditions-humanitaires-extremement-difficiles-au-darfour\/","url":"https:\/\/lasentinelle.dz\/index.php\/2026\/01\/25\/soudan-des-conditions-humanitaires-extremement-difficiles-au-darfour\/","name":"Soudan\u00a0: Des conditions humanitaires extr\u00eamement difficiles au Darfour - La Sentinelle","isPartOf":{"@id":"https:\/\/lasentinelle.dz\/#website"},"primaryImageOfPage":{"@id":"https:\/\/lasentinelle.dz\/index.php\/2026\/01\/25\/soudan-des-conditions-humanitaires-extremement-difficiles-au-darfour\/#primaryimage"},"image":{"@id":"https:\/\/lasentinelle.dz\/index.php\/2026\/01\/25\/soudan-des-conditions-humanitaires-extremement-difficiles-au-darfour\/#primaryimage"},"thumbnailUrl":"https:\/\/lasentinelle.dz\/wp-content\/uploads\/2024\/12\/soudan.jpeg","datePublished":"2026-01-25T11:24:04+00:00","dateModified":"2026-01-25T11:24:05+00:00","breadcrumb":{"@id":"https:\/\/lasentinelle.dz\/index.php\/2026\/01\/25\/soudan-des-conditions-humanitaires-extremement-difficiles-au-darfour\/#breadcrumb"},"inLanguage":"fr-FR","potentialAction":[{"@type":"ReadAction","target":["https:\/\/lasentinelle.dz\/index.php\/2026\/01\/25\/soudan-des-conditions-humanitaires-extremement-difficiles-au-darfour\/"]}]},{"@type":"ImageObject","inLanguage":"fr-FR","@id":"https:\/\/lasentinelle.dz\/index.php\/2026\/01\/25\/soudan-des-conditions-humanitaires-extremement-difficiles-au-darfour\/#primaryimage","url":"https:\/\/lasentinelle.dz\/wp-content\/uploads\/2024\/12\/soudan.jpeg","contentUrl":"https:\/\/lasentinelle.dz\/wp-content\/uploads\/2024\/12\/soudan.jpeg","width":2048,"height":1365},{"@type":"BreadcrumbList","@id":"https:\/\/lasentinelle.dz\/index.php\/2026\/01\/25\/soudan-des-conditions-humanitaires-extremement-difficiles-au-darfour\/#breadcrumb","itemListElement":[{"@type":"ListItem","position":1,"name":"Accueil","item":"https:\/\/lasentinelle.dz\/"},{"@type":"ListItem","position":2,"name":"Soudan\u00a0: Des conditions humanitaires extr\u00eamement difficiles au Darfour"}]},{"@type":"WebSite","@id":"https:\/\/lasentinelle.dz\/#website","url":"https:\/\/lasentinelle.dz\/","name":"La Sentinelle","description":"Quotidien national d&#039;information","publisher":{"@id":"https:\/\/lasentinelle.dz\/#organization"},"potentialAction":[{"@type":"SearchAction","target":{"@type":"EntryPoint","urlTemplate":"https:\/\/lasentinelle.dz\/?s={search_term_string}"},"query-input":{"@type":"PropertyValueSpecification","valueRequired":true,"valueName":"search_term_string"}}],"inLanguage":"fr-FR"},{"@type":"Organization","@id":"https:\/\/lasentinelle.dz\/#organization","name":"Quotidien La Sentinelle","url":"https:\/\/lasentinelle.dz\/","logo":{"@type":"ImageObject","inLanguage":"fr-FR","@id":"https:\/\/lasentinelle.dz\/#\/schema\/logo\/image\/","url":"https:\/\/lasentinelle.dz\/wp-content\/uploads\/2021\/09\/logo-sentinelleSLOGAN-1.png","contentUrl":"https:\/\/lasentinelle.dz\/wp-content\/uploads\/2021\/09\/logo-sentinelleSLOGAN-1.png","width":615,"height":142,"caption":"Quotidien La Sentinelle"},"image":{"@id":"https:\/\/lasentinelle.dz\/#\/schema\/logo\/image\/"},"sameAs":["https:\/\/www.facebook.com\/La-Sentinelle-104059864394773"]},{"@type":"Person","@id":"https:\/\/lasentinelle.dz\/#\/schema\/person\/729ee0024f24e0b8c5ec17232f8e8b41","name":"admin","image":{"@type":"ImageObject","inLanguage":"fr-FR","@id":"https:\/\/secure.gravatar.com\/avatar\/4c81fed838786e9b53f540bf46533e750f5d292099ae3b66cfc6fb1982e29df7?s=96&d=mm&r=g","url":"https:\/\/secure.gravatar.com\/avatar\/4c81fed838786e9b53f540bf46533e750f5d292099ae3b66cfc6fb1982e29df7?s=96&d=mm&r=g","contentUrl":"https:\/\/secure.gravatar.com\/avatar\/4c81fed838786e9b53f540bf46533e750f5d292099ae3b66cfc6fb1982e29df7?s=96&d=mm&r=g","caption":"admin"},"description":"admin","url":"https:\/\/lasentinelle.dz\/author\/admin\/"}]}},"_links":{"self":[{"href":"https:\/\/lasentinelle.dz\/index.php\/wp-json\/wp\/v2\/posts\/79970","targetHints":{"allow":["GET"]}}],"collection":[{"href":"https:\/\/lasentinelle.dz\/index.php\/wp-json\/wp\/v2\/posts"}],"about":[{"href":"https:\/\/lasentinelle.dz\/index.php\/wp-json\/wp\/v2\/types\/post"}],"author":[{"embeddable":true,"href":"https:\/\/lasentinelle.dz\/index.php\/wp-json\/wp\/v2\/users\/6"}],"replies":[{"embeddable":true,"href":"https:\/\/lasentinelle.dz\/index.php\/wp-json\/wp\/v2\/comments?post=79970"}],"version-history":[{"count":1,"href":"https:\/\/lasentinelle.dz\/index.php\/wp-json\/wp\/v2\/posts\/79970\/revisions"}],"predecessor-version":[{"id":79971,"href":"https:\/\/lasentinelle.dz\/index.php\/wp-json\/wp\/v2\/posts\/79970\/revisions\/79971"}],"wp:featuredmedia":[{"embeddable":true,"href":"https:\/\/lasentinelle.dz\/index.php\/wp-json\/wp\/v2\/media\/60020"}],"wp:attachment":[{"href":"https:\/\/lasentinelle.dz\/index.php\/wp-json\/wp\/v2\/media?parent=79970"}],"wp:term":[{"taxonomy":"category","embeddable":true,"href":"https:\/\/lasentinelle.dz\/index.php\/wp-json\/wp\/v2\/categories?post=79970"},{"taxonomy":"post_tag","embeddable":true,"href":"https:\/\/lasentinelle.dz\/index.php\/wp-json\/wp\/v2\/tags?post=79970"}],"curies":[{"name":"wp","href":"https:\/\/api.w.org\/{rel}","templated":true}]}}