{"id":79972,"date":"2026-01-25T12:24:54","date_gmt":"2026-01-25T11:24:54","guid":{"rendered":"https:\/\/lasentinelle.dz\/?p=79972"},"modified":"2026-01-25T12:24:57","modified_gmt":"2026-01-25T11:24:57","slug":"477-martyrs-depuis-le-cessez-le-feu-lonu-denonce-la-poursuite-du-carnage-a-ghaza","status":"publish","type":"post","link":"https:\/\/lasentinelle.dz\/index.php\/2026\/01\/25\/477-martyrs-depuis-le-cessez-le-feu-lonu-denonce-la-poursuite-du-carnage-a-ghaza\/","title":{"rendered":"477 martyrs depuis le cessez-le-feu\u00a0:\u00a0L&rsquo;ONU d\u00e9nonce la poursuite du carnage \u00e0 Ghaza\u00a0"},"content":{"rendered":"\n<p>Le Haut-Commissariat des Nations unies aux droits de l&rsquo;homme s&rsquo;est d\u00e9clar\u00e9 vendredi \u00ab\u00a0horrifi\u00e9\u00a0\u00bb par la poursuite des violences dans la bande de Ghaza assi\u00e9g\u00e9e, o\u00f9 477 Palestiniens sont tomb\u00e9s en martyrs depuis l&rsquo;entr\u00e9e en vigueur du cessez-le-feu le 10 octobre dernier, tandis que le bilan global de l&rsquo;agression g\u00e9nocidaire sioniste s&rsquo;est alourdi \u00e0 plus de 71.654 martyrs depuis le 7 octobre 2023, selon les autorit\u00e9s sanitaires palestiniennes qui d\u00e9noncent une catastrophe humanitaire sans pr\u00e9c\u00e9dent.<\/p>\n\n\n\n<p>Ajith Sunghay, chef du Haut-Commissariat des Nations unies aux droits de l&rsquo;homme dans les territoires palestiniens occup\u00e9s, a affirm\u00e9 sans d\u00e9tour que la crise \u00e0 Ghaza \u00e9tait loin d&rsquo;\u00eatre termin\u00e9e. Le responsable onusien a soulign\u00e9 que des personnes meurent chaque jour, tant en raison des attaques perp\u00e9tr\u00e9es par l&rsquo;occupation sioniste que des restrictions draconiennes impos\u00e9es \u00e0 l&rsquo;entr\u00e9e de l&rsquo;aide humanitaire, en particulier concernant les abris, ce qui entra\u00eene des d\u00e9c\u00e8s dus au froid glacial et \u00e0 l&rsquo;effondrement des b\u00e2timents fragilis\u00e9s par pr\u00e8s de 2 ans de bombardements intensifs. Dernier exemple tragique en date, au moins 11 Palestiniens ont perdu la vie mercredi dans une attaque men\u00e9e par l&rsquo;arm\u00e9e d&rsquo;occupation sioniste, d\u00e9montrant que la tr\u00eave reste largement th\u00e9orique pour la population de l&rsquo;enclave assi\u00e9g\u00e9e.&nbsp;Selon les donn\u00e9es compil\u00e9es par le bureau du HCDH, les violences se poursuivent dans l&rsquo;ensemble de la bande c\u00f4ti\u00e8re, y compris \u00e0 proximit\u00e9 de la ligne jaune, une zone de s\u00e9paration trac\u00e9e unilat\u00e9ralement par les autorit\u00e9s sionistes \u00e0 l&rsquo;int\u00e9rieur de Ghaza. Le mois dernier, le chef du Haut-Commissariat aux droits de l&rsquo;homme Volker T\u00fcrk avait rejet\u00e9 fermement la notion selon laquelle cette ligne repr\u00e9senterait une fronti\u00e8re l\u00e9gitime, d\u00e9non\u00e7ant une tentative suppl\u00e9mentaire de l&rsquo;occupation de modifier le statut du territoire palestinien. Entre la date du cessez-le-feu et le 21 janvier, le bureau onusien a recens\u00e9 au moins 216 morts, parmi lesquels 46 enfants et 28 femmes, notamment lors de frappes de drones sionistes visant des abris de Palestiniens d\u00e9plac\u00e9s et des immeubles r\u00e9sidentiels dans diff\u00e9rentes zones de l&rsquo;enclave.<\/p>\n\n\n\n<p>\u00c0 ces attaques directes s&rsquo;ajoutent les cons\u00e9quences dramatiques de conditions humanitaires qualifi\u00e9es de d\u00e9sastreuses par l&rsquo;ensemble des organisations internationales pr\u00e9sentes sur le terrain. Ces conditions catastrophiques sont responsables notamment de la mort par hypothermie d&rsquo;au moins 9 enfants palestiniens, victimes du froid hivernal dans des abris de fortune d\u00e9pourvus de chauffage et de protection ad\u00e9quate. Philippe Lazzarini, Commissaire g\u00e9n\u00e9ral de l&rsquo;Office de secours et de travaux des Nations Unies pour les r\u00e9fugi\u00e9s de Palestine, a appel\u00e9 vendredi \u00e0 concentrer les efforts internationaux sur le r\u00e9tablissement d&rsquo;une vie d\u00e9cente pour les habitants de Ghaza apr\u00e8s 2 ann\u00e9es d&rsquo;agression g\u00e9nocidaire.&nbsp;Le responsable de l&rsquo;UNRWA a d\u00e9crit une situation apocalyptique aggrav\u00e9e par les conditions climatiques hivernales. Une chute brutale des temp\u00e9ratures, des vents violents, de fortes pluies et des inondations aggravent les souffrances des habitants de la bande de Ghaza, dont la grande majorit\u00e9 demeure d\u00e9plac\u00e9e de force, vivant sous des tentes et dans des b\u00e2timents \u00e0 moiti\u00e9 construits, a-t-il d\u00e9clar\u00e9 dans un communiqu\u00e9 publi\u00e9 sur les r\u00e9seaux sociaux. Lazzarini a soulign\u00e9 que Ghaza souffre d&rsquo;une destruction totale, avec 92% des habitations endommag\u00e9es ou d\u00e9truites, tandis que des milliers de personnes sont toujours port\u00e9es disparues et pr\u00e9sum\u00e9es mortes sous les d\u00e9combres, et que d&rsquo;\u00e9normes quantit\u00e9s de bombes non explos\u00e9es restent \u00e0 d\u00e9miner, constituant une menace permanente pour la population civile.<\/p>\n\n\n\n<p>Le responsable onusien Ajith Sunghay s&rsquo;est \u00e9galement alarm\u00e9 des atteintes r\u00e9p\u00e9t\u00e9es \u00e0 la libert\u00e9 de la presse dans l&rsquo;enclave assi\u00e9g\u00e9e. Des journalistes palestiniens sont tu\u00e9s et les journalistes internationaux sont toujours interdits d&rsquo;entr\u00e9e \u00e0 Ghaza, a-t-il d\u00e9nonc\u00e9, en r\u00e9f\u00e9rence \u00e0 une frappe sioniste ayant vis\u00e9 r\u00e9cemment un v\u00e9hicule transportant 3 journalistes palestiniens dans le centre de l&rsquo;enclave. Ces morts portent \u00e0 292 le nombre de journalistes palestiniens tomb\u00e9s en martyrs depuis le 7 octobre 2023, faisant de cette agression l&rsquo;une des plus meurtri\u00e8res de l&rsquo;histoire pour les professionnels des m\u00e9dias.&nbsp;Depuis l&rsquo;entr\u00e9e en vigueur du cessez-le-feu le 10 octobre dernier, 481 Palestiniens sont tomb\u00e9s en martyrs et 1.313 autres ont \u00e9t\u00e9 bless\u00e9s, tandis que les corps de 713 martyrs ont \u00e9t\u00e9 r\u00e9cup\u00e9r\u00e9s des d\u00e9combres.<\/p>\n\n\n\n<p>En Cisjordanie occup\u00e9e, la situation n&rsquo;est gu\u00e8re plus enviable pour la population palestinienne soumise \u00e0 une violence coloniale croissante. Le Bureau des Nations unies pour la coordination des affaires humanitaires a indiqu\u00e9 vendredi que les attaques men\u00e9es par des colons sionistes ont provoqu\u00e9 le d\u00e9placement d&rsquo;environ 100 familles palestiniennes au cours des 2 derni\u00e8res semaines. La majorit\u00e9 des familles d\u00e9plac\u00e9es appartiennent \u00e0 la communaut\u00e9 b\u00e9douine de Ras A\u00efn Al-Auja, \u00e0 l&rsquo;est du gouvernorat de J\u00e9richo, contraintes de quitter leurs terres ancestrales face \u00e0 l&rsquo;intensification des attaques et des menaces perp\u00e9tr\u00e9es par les colons, notamment durant la nuit.<\/p>\n\n\n\n<p>Lyes Sa\u00efdi<\/p>\n","protected":false},"excerpt":{"rendered":"<p>Le Haut-Commissariat des Nations unies aux droits de l&rsquo;homme s&rsquo;est d\u00e9clar\u00e9 vendredi \u00ab\u00a0horrifi\u00e9\u00a0\u00bb par la poursuite des violences dans la<\/p>\n","protected":false},"author":6,"featured_media":79435,"comment_status":"open","ping_status":"closed","sticky":false,"template":"","format":"standard","meta":{"colormag_page_container_layout":"default_layout","colormag_page_sidebar_layout":"default_layout","om_disable_all_campaigns":false,"_monsterinsights_skip_tracking":false,"_monsterinsights_sitenote_active":false,"_monsterinsights_sitenote_note":"","_monsterinsights_sitenote_category":0,"footnotes":"","_wpscppro_dont_share_socialmedia":false,"_wpscppro_custom_social_share_image":0,"_facebook_share_type":"default","_twitter_share_type":"default","_linkedin_share_type":"default","_pinterest_share_type":"default","_linkedin_share_type_page":"","_instagram_share_type":"default","_medium_share_type":"default","_threads_share_type":"default","_google_business_share_type":"default","_selected_social_profile":[],"_wpsp_enable_custom_social_template":false,"_wpsp_social_scheduling":{"enabled":false,"datetime":null,"platforms":[],"status":"template_only","dateOption":"today","timeOption":"now","customDays":"","customHours":"","customDate":"","customTime":"","schedulingType":"absolute"},"_wpsp_active_default_template":true},"categories":[37],"tags":[],"class_list":["post-79972","post","type-post","status-publish","format-standard","has-post-thumbnail","hentry","category-monde"],"aioseo_notices":[],"yoast_head":"<!-- This site is optimized with the Yoast SEO plugin v27.5 - https:\/\/yoast.com\/product\/yoast-seo-wordpress\/ -->\n<title>477 martyrs depuis le cessez-le-feu\u00a0:\u00a0L&rsquo;ONU d\u00e9nonce la poursuite du carnage \u00e0 Ghaza\u00a0 - La Sentinelle<\/title>\n<meta name=\"robots\" content=\"index, follow, max-snippet:-1, max-image-preview:large, max-video-preview:-1\" \/>\n<link rel=\"canonical\" href=\"https:\/\/lasentinelle.dz\/index.php\/2026\/01\/25\/477-martyrs-depuis-le-cessez-le-feu-lonu-denonce-la-poursuite-du-carnage-a-ghaza\/\" \/>\n<meta property=\"og:locale\" content=\"fr_FR\" \/>\n<meta property=\"og:type\" content=\"article\" \/>\n<meta property=\"og:title\" content=\"477 martyrs depuis le cessez-le-feu\u00a0:\u00a0L&rsquo;ONU d\u00e9nonce la poursuite du carnage \u00e0 Ghaza\u00a0 - La Sentinelle\" \/>\n<meta property=\"og:description\" content=\"Le Haut-Commissariat des Nations unies aux droits de l&rsquo;homme s&rsquo;est d\u00e9clar\u00e9 vendredi \u00ab\u00a0horrifi\u00e9\u00a0\u00bb par la poursuite des violences dans la\" \/>\n<meta property=\"og:url\" content=\"https:\/\/lasentinelle.dz\/index.php\/2026\/01\/25\/477-martyrs-depuis-le-cessez-le-feu-lonu-denonce-la-poursuite-du-carnage-a-ghaza\/\" \/>\n<meta property=\"og:site_name\" content=\"La Sentinelle\" \/>\n<meta property=\"article:publisher\" content=\"https:\/\/www.facebook.com\/La-Sentinelle-104059864394773\" \/>\n<meta property=\"article:published_time\" content=\"2026-01-25T11:24:54+00:00\" \/>\n<meta property=\"article:modified_time\" content=\"2026-01-25T11:24:57+00:00\" \/>\n<meta property=\"og:image\" content=\"https:\/\/lasentinelle.dz\/wp-content\/uploads\/2026\/01\/enfants-tues-ghaza.jpeg\" \/>\n\t<meta property=\"og:image:width\" content=\"664\" \/>\n\t<meta property=\"og:image:height\" content=\"443\" \/>\n\t<meta property=\"og:image:type\" content=\"image\/jpeg\" \/>\n<meta name=\"author\" content=\"admin\" \/>\n<meta name=\"twitter:card\" content=\"summary_large_image\" \/>\n<meta name=\"twitter:label1\" content=\"\u00c9crit par\" \/>\n\t<meta name=\"twitter:data1\" content=\"admin\" \/>\n\t<meta name=\"twitter:label2\" content=\"Dur\u00e9e de lecture estim\u00e9e\" \/>\n\t<meta name=\"twitter:data2\" content=\"5 minutes\" \/>\n<script type=\"application\/ld+json\" class=\"yoast-schema-graph\">{\"@context\":\"https:\\\/\\\/schema.org\",\"@graph\":[{\"@type\":\"Article\",\"@id\":\"https:\\\/\\\/lasentinelle.dz\\\/index.php\\\/2026\\\/01\\\/25\\\/477-martyrs-depuis-le-cessez-le-feu-lonu-denonce-la-poursuite-du-carnage-a-ghaza\\\/#article\",\"isPartOf\":{\"@id\":\"https:\\\/\\\/lasentinelle.dz\\\/index.php\\\/2026\\\/01\\\/25\\\/477-martyrs-depuis-le-cessez-le-feu-lonu-denonce-la-poursuite-du-carnage-a-ghaza\\\/\"},\"author\":{\"name\":\"admin\",\"@id\":\"https:\\\/\\\/lasentinelle.dz\\\/#\\\/schema\\\/person\\\/729ee0024f24e0b8c5ec17232f8e8b41\"},\"headline\":\"477 martyrs depuis le cessez-le-feu\u00a0:\u00a0L&rsquo;ONU d\u00e9nonce la poursuite du carnage \u00e0 Ghaza\u00a0\",\"datePublished\":\"2026-01-25T11:24:54+00:00\",\"dateModified\":\"2026-01-25T11:24:57+00:00\",\"mainEntityOfPage\":{\"@id\":\"https:\\\/\\\/lasentinelle.dz\\\/index.php\\\/2026\\\/01\\\/25\\\/477-martyrs-depuis-le-cessez-le-feu-lonu-denonce-la-poursuite-du-carnage-a-ghaza\\\/\"},\"wordCount\":895,\"commentCount\":0,\"publisher\":{\"@id\":\"https:\\\/\\\/lasentinelle.dz\\\/#organization\"},\"image\":{\"@id\":\"https:\\\/\\\/lasentinelle.dz\\\/index.php\\\/2026\\\/01\\\/25\\\/477-martyrs-depuis-le-cessez-le-feu-lonu-denonce-la-poursuite-du-carnage-a-ghaza\\\/#primaryimage\"},\"thumbnailUrl\":\"https:\\\/\\\/lasentinelle.dz\\\/wp-content\\\/uploads\\\/2026\\\/01\\\/enfants-tues-ghaza.jpeg\",\"articleSection\":[\"Monde\"],\"inLanguage\":\"fr-FR\",\"potentialAction\":[{\"@type\":\"CommentAction\",\"name\":\"Comment\",\"target\":[\"https:\\\/\\\/lasentinelle.dz\\\/index.php\\\/2026\\\/01\\\/25\\\/477-martyrs-depuis-le-cessez-le-feu-lonu-denonce-la-poursuite-du-carnage-a-ghaza\\\/#respond\"]}]},{\"@type\":\"WebPage\",\"@id\":\"https:\\\/\\\/lasentinelle.dz\\\/index.php\\\/2026\\\/01\\\/25\\\/477-martyrs-depuis-le-cessez-le-feu-lonu-denonce-la-poursuite-du-carnage-a-ghaza\\\/\",\"url\":\"https:\\\/\\\/lasentinelle.dz\\\/index.php\\\/2026\\\/01\\\/25\\\/477-martyrs-depuis-le-cessez-le-feu-lonu-denonce-la-poursuite-du-carnage-a-ghaza\\\/\",\"name\":\"477 martyrs depuis le cessez-le-feu\u00a0:\u00a0L&rsquo;ONU d\u00e9nonce la poursuite du carnage \u00e0 Ghaza\u00a0 - La Sentinelle\",\"isPartOf\":{\"@id\":\"https:\\\/\\\/lasentinelle.dz\\\/#website\"},\"primaryImageOfPage\":{\"@id\":\"https:\\\/\\\/lasentinelle.dz\\\/index.php\\\/2026\\\/01\\\/25\\\/477-martyrs-depuis-le-cessez-le-feu-lonu-denonce-la-poursuite-du-carnage-a-ghaza\\\/#primaryimage\"},\"image\":{\"@id\":\"https:\\\/\\\/lasentinelle.dz\\\/index.php\\\/2026\\\/01\\\/25\\\/477-martyrs-depuis-le-cessez-le-feu-lonu-denonce-la-poursuite-du-carnage-a-ghaza\\\/#primaryimage\"},\"thumbnailUrl\":\"https:\\\/\\\/lasentinelle.dz\\\/wp-content\\\/uploads\\\/2026\\\/01\\\/enfants-tues-ghaza.jpeg\",\"datePublished\":\"2026-01-25T11:24:54+00:00\",\"dateModified\":\"2026-01-25T11:24:57+00:00\",\"breadcrumb\":{\"@id\":\"https:\\\/\\\/lasentinelle.dz\\\/index.php\\\/2026\\\/01\\\/25\\\/477-martyrs-depuis-le-cessez-le-feu-lonu-denonce-la-poursuite-du-carnage-a-ghaza\\\/#breadcrumb\"},\"inLanguage\":\"fr-FR\",\"potentialAction\":[{\"@type\":\"ReadAction\",\"target\":[\"https:\\\/\\\/lasentinelle.dz\\\/index.php\\\/2026\\\/01\\\/25\\\/477-martyrs-depuis-le-cessez-le-feu-lonu-denonce-la-poursuite-du-carnage-a-ghaza\\\/\"]}]},{\"@type\":\"ImageObject\",\"inLanguage\":\"fr-FR\",\"@id\":\"https:\\\/\\\/lasentinelle.dz\\\/index.php\\\/2026\\\/01\\\/25\\\/477-martyrs-depuis-le-cessez-le-feu-lonu-denonce-la-poursuite-du-carnage-a-ghaza\\\/#primaryimage\",\"url\":\"https:\\\/\\\/lasentinelle.dz\\\/wp-content\\\/uploads\\\/2026\\\/01\\\/enfants-tues-ghaza.jpeg\",\"contentUrl\":\"https:\\\/\\\/lasentinelle.dz\\\/wp-content\\\/uploads\\\/2026\\\/01\\\/enfants-tues-ghaza.jpeg\",\"width\":664,\"height\":443},{\"@type\":\"BreadcrumbList\",\"@id\":\"https:\\\/\\\/lasentinelle.dz\\\/index.php\\\/2026\\\/01\\\/25\\\/477-martyrs-depuis-le-cessez-le-feu-lonu-denonce-la-poursuite-du-carnage-a-ghaza\\\/#breadcrumb\",\"itemListElement\":[{\"@type\":\"ListItem\",\"position\":1,\"name\":\"Accueil\",\"item\":\"https:\\\/\\\/lasentinelle.dz\\\/\"},{\"@type\":\"ListItem\",\"position\":2,\"name\":\"477 martyrs depuis le cessez-le-feu\u00a0:\u00a0L&rsquo;ONU d\u00e9nonce la poursuite du carnage \u00e0 Ghaza\u00a0\"}]},{\"@type\":\"WebSite\",\"@id\":\"https:\\\/\\\/lasentinelle.dz\\\/#website\",\"url\":\"https:\\\/\\\/lasentinelle.dz\\\/\",\"name\":\"La Sentinelle\",\"description\":\"Quotidien national d&#039;information\",\"publisher\":{\"@id\":\"https:\\\/\\\/lasentinelle.dz\\\/#organization\"},\"potentialAction\":[{\"@type\":\"SearchAction\",\"target\":{\"@type\":\"EntryPoint\",\"urlTemplate\":\"https:\\\/\\\/lasentinelle.dz\\\/?s={search_term_string}\"},\"query-input\":{\"@type\":\"PropertyValueSpecification\",\"valueRequired\":true,\"valueName\":\"search_term_string\"}}],\"inLanguage\":\"fr-FR\"},{\"@type\":\"Organization\",\"@id\":\"https:\\\/\\\/lasentinelle.dz\\\/#organization\",\"name\":\"Quotidien La Sentinelle\",\"url\":\"https:\\\/\\\/lasentinelle.dz\\\/\",\"logo\":{\"@type\":\"ImageObject\",\"inLanguage\":\"fr-FR\",\"@id\":\"https:\\\/\\\/lasentinelle.dz\\\/#\\\/schema\\\/logo\\\/image\\\/\",\"url\":\"https:\\\/\\\/lasentinelle.dz\\\/wp-content\\\/uploads\\\/2021\\\/09\\\/logo-sentinelleSLOGAN-1.png\",\"contentUrl\":\"https:\\\/\\\/lasentinelle.dz\\\/wp-content\\\/uploads\\\/2021\\\/09\\\/logo-sentinelleSLOGAN-1.png\",\"width\":615,\"height\":142,\"caption\":\"Quotidien La Sentinelle\"},\"image\":{\"@id\":\"https:\\\/\\\/lasentinelle.dz\\\/#\\\/schema\\\/logo\\\/image\\\/\"},\"sameAs\":[\"https:\\\/\\\/www.facebook.com\\\/La-Sentinelle-104059864394773\"]},{\"@type\":\"Person\",\"@id\":\"https:\\\/\\\/lasentinelle.dz\\\/#\\\/schema\\\/person\\\/729ee0024f24e0b8c5ec17232f8e8b41\",\"name\":\"admin\",\"image\":{\"@type\":\"ImageObject\",\"inLanguage\":\"fr-FR\",\"@id\":\"https:\\\/\\\/secure.gravatar.com\\\/avatar\\\/4c81fed838786e9b53f540bf46533e750f5d292099ae3b66cfc6fb1982e29df7?s=96&d=mm&r=g\",\"url\":\"https:\\\/\\\/secure.gravatar.com\\\/avatar\\\/4c81fed838786e9b53f540bf46533e750f5d292099ae3b66cfc6fb1982e29df7?s=96&d=mm&r=g\",\"contentUrl\":\"https:\\\/\\\/secure.gravatar.com\\\/avatar\\\/4c81fed838786e9b53f540bf46533e750f5d292099ae3b66cfc6fb1982e29df7?s=96&d=mm&r=g\",\"caption\":\"admin\"},\"description\":\"admin\",\"url\":\"https:\\\/\\\/lasentinelle.dz\\\/author\\\/admin\\\/\"}]}<\/script>\n<!-- \/ Yoast SEO plugin. -->","yoast_head_json":{"title":"477 martyrs depuis le cessez-le-feu\u00a0:\u00a0L&rsquo;ONU d\u00e9nonce la poursuite du carnage \u00e0 Ghaza\u00a0 - La Sentinelle","robots":{"index":"index","follow":"follow","max-snippet":"max-snippet:-1","max-image-preview":"max-image-preview:large","max-video-preview":"max-video-preview:-1"},"canonical":"https:\/\/lasentinelle.dz\/index.php\/2026\/01\/25\/477-martyrs-depuis-le-cessez-le-feu-lonu-denonce-la-poursuite-du-carnage-a-ghaza\/","og_locale":"fr_FR","og_type":"article","og_title":"477 martyrs depuis le cessez-le-feu\u00a0:\u00a0L&rsquo;ONU d\u00e9nonce la poursuite du carnage \u00e0 Ghaza\u00a0 - La Sentinelle","og_description":"Le Haut-Commissariat des Nations unies aux droits de l&rsquo;homme s&rsquo;est d\u00e9clar\u00e9 vendredi \u00ab\u00a0horrifi\u00e9\u00a0\u00bb par la poursuite des violences dans la","og_url":"https:\/\/lasentinelle.dz\/index.php\/2026\/01\/25\/477-martyrs-depuis-le-cessez-le-feu-lonu-denonce-la-poursuite-du-carnage-a-ghaza\/","og_site_name":"La Sentinelle","article_publisher":"https:\/\/www.facebook.com\/La-Sentinelle-104059864394773","article_published_time":"2026-01-25T11:24:54+00:00","article_modified_time":"2026-01-25T11:24:57+00:00","og_image":[{"width":664,"height":443,"url":"https:\/\/lasentinelle.dz\/wp-content\/uploads\/2026\/01\/enfants-tues-ghaza.jpeg","type":"image\/jpeg"}],"author":"admin","twitter_card":"summary_large_image","twitter_misc":{"\u00c9crit par":"admin","Dur\u00e9e de lecture estim\u00e9e":"5 minutes"},"schema":{"@context":"https:\/\/schema.org","@graph":[{"@type":"Article","@id":"https:\/\/lasentinelle.dz\/index.php\/2026\/01\/25\/477-martyrs-depuis-le-cessez-le-feu-lonu-denonce-la-poursuite-du-carnage-a-ghaza\/#article","isPartOf":{"@id":"https:\/\/lasentinelle.dz\/index.php\/2026\/01\/25\/477-martyrs-depuis-le-cessez-le-feu-lonu-denonce-la-poursuite-du-carnage-a-ghaza\/"},"author":{"name":"admin","@id":"https:\/\/lasentinelle.dz\/#\/schema\/person\/729ee0024f24e0b8c5ec17232f8e8b41"},"headline":"477 martyrs depuis le cessez-le-feu\u00a0:\u00a0L&rsquo;ONU d\u00e9nonce la poursuite du carnage \u00e0 Ghaza\u00a0","datePublished":"2026-01-25T11:24:54+00:00","dateModified":"2026-01-25T11:24:57+00:00","mainEntityOfPage":{"@id":"https:\/\/lasentinelle.dz\/index.php\/2026\/01\/25\/477-martyrs-depuis-le-cessez-le-feu-lonu-denonce-la-poursuite-du-carnage-a-ghaza\/"},"wordCount":895,"commentCount":0,"publisher":{"@id":"https:\/\/lasentinelle.dz\/#organization"},"image":{"@id":"https:\/\/lasentinelle.dz\/index.php\/2026\/01\/25\/477-martyrs-depuis-le-cessez-le-feu-lonu-denonce-la-poursuite-du-carnage-a-ghaza\/#primaryimage"},"thumbnailUrl":"https:\/\/lasentinelle.dz\/wp-content\/uploads\/2026\/01\/enfants-tues-ghaza.jpeg","articleSection":["Monde"],"inLanguage":"fr-FR","potentialAction":[{"@type":"CommentAction","name":"Comment","target":["https:\/\/lasentinelle.dz\/index.php\/2026\/01\/25\/477-martyrs-depuis-le-cessez-le-feu-lonu-denonce-la-poursuite-du-carnage-a-ghaza\/#respond"]}]},{"@type":"WebPage","@id":"https:\/\/lasentinelle.dz\/index.php\/2026\/01\/25\/477-martyrs-depuis-le-cessez-le-feu-lonu-denonce-la-poursuite-du-carnage-a-ghaza\/","url":"https:\/\/lasentinelle.dz\/index.php\/2026\/01\/25\/477-martyrs-depuis-le-cessez-le-feu-lonu-denonce-la-poursuite-du-carnage-a-ghaza\/","name":"477 martyrs depuis le cessez-le-feu\u00a0:\u00a0L&rsquo;ONU d\u00e9nonce la poursuite du carnage \u00e0 Ghaza\u00a0 - La Sentinelle","isPartOf":{"@id":"https:\/\/lasentinelle.dz\/#website"},"primaryImageOfPage":{"@id":"https:\/\/lasentinelle.dz\/index.php\/2026\/01\/25\/477-martyrs-depuis-le-cessez-le-feu-lonu-denonce-la-poursuite-du-carnage-a-ghaza\/#primaryimage"},"image":{"@id":"https:\/\/lasentinelle.dz\/index.php\/2026\/01\/25\/477-martyrs-depuis-le-cessez-le-feu-lonu-denonce-la-poursuite-du-carnage-a-ghaza\/#primaryimage"},"thumbnailUrl":"https:\/\/lasentinelle.dz\/wp-content\/uploads\/2026\/01\/enfants-tues-ghaza.jpeg","datePublished":"2026-01-25T11:24:54+00:00","dateModified":"2026-01-25T11:24:57+00:00","breadcrumb":{"@id":"https:\/\/lasentinelle.dz\/index.php\/2026\/01\/25\/477-martyrs-depuis-le-cessez-le-feu-lonu-denonce-la-poursuite-du-carnage-a-ghaza\/#breadcrumb"},"inLanguage":"fr-FR","potentialAction":[{"@type":"ReadAction","target":["https:\/\/lasentinelle.dz\/index.php\/2026\/01\/25\/477-martyrs-depuis-le-cessez-le-feu-lonu-denonce-la-poursuite-du-carnage-a-ghaza\/"]}]},{"@type":"ImageObject","inLanguage":"fr-FR","@id":"https:\/\/lasentinelle.dz\/index.php\/2026\/01\/25\/477-martyrs-depuis-le-cessez-le-feu-lonu-denonce-la-poursuite-du-carnage-a-ghaza\/#primaryimage","url":"https:\/\/lasentinelle.dz\/wp-content\/uploads\/2026\/01\/enfants-tues-ghaza.jpeg","contentUrl":"https:\/\/lasentinelle.dz\/wp-content\/uploads\/2026\/01\/enfants-tues-ghaza.jpeg","width":664,"height":443},{"@type":"BreadcrumbList","@id":"https:\/\/lasentinelle.dz\/index.php\/2026\/01\/25\/477-martyrs-depuis-le-cessez-le-feu-lonu-denonce-la-poursuite-du-carnage-a-ghaza\/#breadcrumb","itemListElement":[{"@type":"ListItem","position":1,"name":"Accueil","item":"https:\/\/lasentinelle.dz\/"},{"@type":"ListItem","position":2,"name":"477 martyrs depuis le cessez-le-feu\u00a0:\u00a0L&rsquo;ONU d\u00e9nonce la poursuite du carnage \u00e0 Ghaza\u00a0"}]},{"@type":"WebSite","@id":"https:\/\/lasentinelle.dz\/#website","url":"https:\/\/lasentinelle.dz\/","name":"La Sentinelle","description":"Quotidien national d&#039;information","publisher":{"@id":"https:\/\/lasentinelle.dz\/#organization"},"potentialAction":[{"@type":"SearchAction","target":{"@type":"EntryPoint","urlTemplate":"https:\/\/lasentinelle.dz\/?s={search_term_string}"},"query-input":{"@type":"PropertyValueSpecification","valueRequired":true,"valueName":"search_term_string"}}],"inLanguage":"fr-FR"},{"@type":"Organization","@id":"https:\/\/lasentinelle.dz\/#organization","name":"Quotidien La Sentinelle","url":"https:\/\/lasentinelle.dz\/","logo":{"@type":"ImageObject","inLanguage":"fr-FR","@id":"https:\/\/lasentinelle.dz\/#\/schema\/logo\/image\/","url":"https:\/\/lasentinelle.dz\/wp-content\/uploads\/2021\/09\/logo-sentinelleSLOGAN-1.png","contentUrl":"https:\/\/lasentinelle.dz\/wp-content\/uploads\/2021\/09\/logo-sentinelleSLOGAN-1.png","width":615,"height":142,"caption":"Quotidien La Sentinelle"},"image":{"@id":"https:\/\/lasentinelle.dz\/#\/schema\/logo\/image\/"},"sameAs":["https:\/\/www.facebook.com\/La-Sentinelle-104059864394773"]},{"@type":"Person","@id":"https:\/\/lasentinelle.dz\/#\/schema\/person\/729ee0024f24e0b8c5ec17232f8e8b41","name":"admin","image":{"@type":"ImageObject","inLanguage":"fr-FR","@id":"https:\/\/secure.gravatar.com\/avatar\/4c81fed838786e9b53f540bf46533e750f5d292099ae3b66cfc6fb1982e29df7?s=96&d=mm&r=g","url":"https:\/\/secure.gravatar.com\/avatar\/4c81fed838786e9b53f540bf46533e750f5d292099ae3b66cfc6fb1982e29df7?s=96&d=mm&r=g","contentUrl":"https:\/\/secure.gravatar.com\/avatar\/4c81fed838786e9b53f540bf46533e750f5d292099ae3b66cfc6fb1982e29df7?s=96&d=mm&r=g","caption":"admin"},"description":"admin","url":"https:\/\/lasentinelle.dz\/author\/admin\/"}]}},"_links":{"self":[{"href":"https:\/\/lasentinelle.dz\/index.php\/wp-json\/wp\/v2\/posts\/79972","targetHints":{"allow":["GET"]}}],"collection":[{"href":"https:\/\/lasentinelle.dz\/index.php\/wp-json\/wp\/v2\/posts"}],"about":[{"href":"https:\/\/lasentinelle.dz\/index.php\/wp-json\/wp\/v2\/types\/post"}],"author":[{"embeddable":true,"href":"https:\/\/lasentinelle.dz\/index.php\/wp-json\/wp\/v2\/users\/6"}],"replies":[{"embeddable":true,"href":"https:\/\/lasentinelle.dz\/index.php\/wp-json\/wp\/v2\/comments?post=79972"}],"version-history":[{"count":2,"href":"https:\/\/lasentinelle.dz\/index.php\/wp-json\/wp\/v2\/posts\/79972\/revisions"}],"predecessor-version":[{"id":79974,"href":"https:\/\/lasentinelle.dz\/index.php\/wp-json\/wp\/v2\/posts\/79972\/revisions\/79974"}],"wp:featuredmedia":[{"embeddable":true,"href":"https:\/\/lasentinelle.dz\/index.php\/wp-json\/wp\/v2\/media\/79435"}],"wp:attachment":[{"href":"https:\/\/lasentinelle.dz\/index.php\/wp-json\/wp\/v2\/media?parent=79972"}],"wp:term":[{"taxonomy":"category","embeddable":true,"href":"https:\/\/lasentinelle.dz\/index.php\/wp-json\/wp\/v2\/categories?post=79972"},{"taxonomy":"post_tag","embeddable":true,"href":"https:\/\/lasentinelle.dz\/index.php\/wp-json\/wp\/v2\/tags?post=79972"}],"curies":[{"name":"wp","href":"https:\/\/api.w.org\/{rel}","templated":true}]}}