{"id":79977,"date":"2026-01-25T12:27:09","date_gmt":"2026-01-25T11:27:09","guid":{"rendered":"https:\/\/lasentinelle.dz\/?p=79977"},"modified":"2026-01-25T12:27:10","modified_gmt":"2026-01-25T11:27:10","slug":"medea-feu-vert-pour-sauver-trois-sites-historiques-majeurs","status":"publish","type":"post","link":"https:\/\/lasentinelle.dz\/index.php\/2026\/01\/25\/medea-feu-vert-pour-sauver-trois-sites-historiques-majeurs\/","title":{"rendered":"M\u00e9d\u00e9a\u00a0:\u00a0Feu vert pour sauver trois sites historiques majeurs"},"content":{"rendered":"\n<p>Le minist\u00e8re de la Culture et des Arts a autoris\u00e9 le lancement en urgence de travaux de sauvegarde et d&rsquo;am\u00e9nagement sur trois sites patrimoniaux de la wilaya de M\u00e9d\u00e9a : la mosqu\u00e9e Mesdjed El-Atik de Ksar el-Boukhari, le bain historique de la maison de l&rsquo;\u00c9mir Abdelkader et le site de Haouch El-Bey, ancienne r\u00e9sidence des beys et de l&rsquo;\u00c9mir Abdelkader.&nbsp;Cette d\u00e9cision intervient alors que certains de ces monuments, dont l&rsquo;histoire remonte \u00e0 la fin du XVIIIe si\u00e8cle, pr\u00e9sentent des signes inqui\u00e9tants de d\u00e9gradation. La directrice de la Culture et des Arts de M\u00e9d\u00e9a, Salima Gaoua, a confirm\u00e9 samedi&nbsp;\u00e0 l\u2019APS&nbsp;que l&rsquo;autorisation minist\u00e9rielle concerne trois projets distincts destin\u00e9s \u00e0 pr\u00e9server un patrimoine architectural et historique menac\u00e9 par le temps et les intemp\u00e9ries.&nbsp;Le premier et le plus urgent de ces chantiers concerne la mosqu\u00e9e Mesdjed El-Atik, \u00e9difice religieux datant de la fin du XVIIIe si\u00e8cle situ\u00e9 \u00e0 Ksar el-Boukhari, au sud de M\u00e9d\u00e9a. \u00ab\u00a0Une autorisation a \u00e9t\u00e9 accord\u00e9e au secteur de la culture pour lancer en urgence des travaux de pr\u00e9servation de ce lieu de culte\u00a0\u00bb, a indiqu\u00e9 Salima Gaoua. L&rsquo;\u00e9tat de conservation de ce monument historique suscite l&rsquo;inqui\u00e9tude des services du patrimoine, notamment apr\u00e8s l&rsquo;apparition de fissures au niveau du minaret, \u00e9l\u00e9ment architectural embl\u00e9matique de l&rsquo;\u00e9difice. \u00ab\u00a0Les travaux de restauration pr\u00e9vus sur ce site visent notamment \u00e0 stabiliser le minaret et \u00e0 consolider les fondations de l&rsquo;\u00e9difice afin d&rsquo;\u00e9viter toute d\u00e9gradation\u00a0\u00bb, a expliqu\u00e9 la directrice.<\/p>\n\n\n\n<p>L&rsquo;\u00e9tude de restauration, pr\u00eate depuis plusieurs mois, a \u00e9t\u00e9 \u00e9labor\u00e9e dans le cadre d&rsquo;un projet associant le secteur des affaires religieuses, les collectivit\u00e9s locales et l&rsquo;association de Mesdjed El-Atik, t\u00e9moignant d&rsquo;une approche participative dans la gestion du patrimoine. Les interventions programm\u00e9es pr\u00e9voient \u00e9galement des travaux d&rsquo;extension et de consolidation de l&rsquo;\u00e9difice, \u00ab\u00a0tout en pr\u00e9servant son cachet architectural, afin de renforcer les points d&rsquo;appui du minaret, qui constitue actuellement le point faible de l&rsquo;ensemble de la mosqu\u00e9e\u00a0\u00bb, a pr\u00e9cis\u00e9 Salima Gaoua. Un am\u00e9nagement des abords de la mosqu\u00e9e et des ruelles situ\u00e9es \u00e0 proximit\u00e9 figure \u00e9galement parmi les mesures de protection d\u00e9cid\u00e9es dans le cadre de ce projet, visant \u00e0 valoriser l&rsquo;ensemble du site dans son environnement urbain.<\/p>\n\n\n\n<p>Le deuxi\u00e8me volet de cette op\u00e9ration de sauvegarde concerne l&rsquo;ancien bain de la maison de l&rsquo;\u00c9mir Abdelkader, \u00e9difice construit au d\u00e9but du XIXe si\u00e8cle et aujourd&rsquo;hui transform\u00e9 en mus\u00e9e des arts et des traditions populaires. \u00ab\u00a0L&rsquo;autorisation accord\u00e9e par la tutelle permettra d&rsquo;entamer, dans les meilleurs d\u00e9lais, les travaux de restauration de cet \u00e9difice afin de le prot\u00e9ger des risques d&rsquo;infiltration des eaux pluviales et de d\u00e9gradation de la partie du mus\u00e9e qui abrite ce bain\u00a0\u00bb, a soulign\u00e9 la responsable. Cette intervention s&rsquo;av\u00e8re n\u00e9cessaire pour pr\u00e9server l&rsquo;int\u00e9grit\u00e9 d&rsquo;un lieu charg\u00e9 d&rsquo;histoire, t\u00e9moignage du mode de vie et de l&rsquo;architecture de l&rsquo;\u00e9poque de l&rsquo;\u00c9mir Abdelkader.<\/p>\n\n\n\n<p>Le troisi\u00e8me projet concerne le site de Haouch El-Bey, situ\u00e9 \u00e0 M\u00e9d\u00e9a, pour lequel un projet de mus\u00e9e est en cours d&rsquo;\u00e9laboration. \u00ab\u00a0Il pourrait \u00eatre consacr\u00e9 au patrimoine immat\u00e9riel local ou \u00e0 l&rsquo;arch\u00e9ologie\u00a0\u00bb, a d\u00e9clar\u00e9 Salima Gaoua, ajoutant que \u00ab\u00a0des consultations seraient prochainement engag\u00e9es avec des universitaires, des associations actives dans le domaine du patrimoine et des repr\u00e9sentants de la soci\u00e9t\u00e9 civile, afin de convenir de la vocation de cette nouvelle structure mus\u00e9ale\u00a0\u00bb. Ce monument, qui a servi de r\u00e9sidence aux beys \u00e0 partir de la fin du XVIIIe si\u00e8cle et dans lequel a \u00e9galement s\u00e9journ\u00e9 l&rsquo;\u00c9mir Abdelkader, repr\u00e9sente un t\u00e9moignage architectural et historique de premier ordre. \u00ab\u00a0La concr\u00e9tisation de ce projet permettra de mieux valoriser ce monument\u00a0\u00bb, a affirm\u00e9 la directrice de la Culture et des Arts.<\/p>\n\n\n\n<p>Par ailleurs, Salima Gaoua a annonc\u00e9 la cr\u00e9ation prochaine d&rsquo;un secteur sauvegard\u00e9 du vieux Ksar, initiative qui s&rsquo;inscrit dans le prolongement du projet de pr\u00e9servation du Mesdjed El-Atik, l&rsquo;un des principaux \u00e9difices patrimoniaux du vieux ksar. Un premier projet d&rsquo;\u00e9tude avait \u00e9t\u00e9 r\u00e9alis\u00e9 en 2024 et examin\u00e9 par la Commission nationale des biens culturels, mais des r\u00e9serves avaient \u00e9t\u00e9 \u00e9mises \u00e0 l&rsquo;\u00e9poque, notamment celles relatives \u00e0 la nature juridique des biens et \u00e0 l&rsquo;\u00e9tat de conservation des b\u00e2tisses. \u00ab\u00a0Ces r\u00e9serves ont \u00e9t\u00e9 lev\u00e9es et le dossier a \u00e9t\u00e9 transmis \u00e0 nouveau \u00e0 la commission pour son approbation\u00a0\u00bb, a fait remarquer la directrice.<\/p>\n\n\n\n<p>Cette s\u00e9rie d&rsquo;interventions t\u00e9moigne d&rsquo;une volont\u00e9 affirm\u00e9e des pouvoirs publics de pr\u00e9server le patrimoine historique et architectural de la wilaya de M\u00e9d\u00e9a, riche d&rsquo;un h\u00e9ritage qui remonte \u00e0 plusieurs si\u00e8cles et qui constitue un t\u00e9moignage vivant de l&rsquo;histoire&nbsp;nationale.<\/p>\n\n\n\n<p><strong>M.S.<\/strong><\/p>\n","protected":false},"excerpt":{"rendered":"<p>Le minist\u00e8re de la Culture et des Arts a autoris\u00e9 le lancement en urgence de travaux de sauvegarde et d&rsquo;am\u00e9nagement<\/p>\n","protected":false},"author":6,"featured_media":79978,"comment_status":"open","ping_status":"closed","sticky":false,"template":"","format":"standard","meta":{"colormag_page_container_layout":"default_layout","colormag_page_sidebar_layout":"default_layout","om_disable_all_campaigns":false,"_monsterinsights_skip_tracking":false,"_monsterinsights_sitenote_active":false,"_monsterinsights_sitenote_note":"","_monsterinsights_sitenote_category":0,"footnotes":"","_wpscppro_dont_share_socialmedia":false,"_wpscppro_custom_social_share_image":0,"_facebook_share_type":"default","_twitter_share_type":"default","_linkedin_share_type":"default","_pinterest_share_type":"default","_linkedin_share_type_page":"","_instagram_share_type":"default","_medium_share_type":"default","_threads_share_type":"default","_google_business_share_type":"default","_selected_social_profile":[],"_wpsp_enable_custom_social_template":false,"_wpsp_social_scheduling":{"enabled":false,"datetime":null,"platforms":[],"status":"template_only","dateOption":"today","timeOption":"now","customDays":"","customHours":"","customDate":"","customTime":"","schedulingType":"absolute"},"_wpsp_active_default_template":true},"categories":[36],"tags":[],"class_list":["post-79977","post","type-post","status-publish","format-standard","has-post-thumbnail","hentry","category-culture"],"aioseo_notices":[],"yoast_head":"<!-- This site is optimized with the Yoast SEO plugin v27.5 - https:\/\/yoast.com\/product\/yoast-seo-wordpress\/ -->\n<title>M\u00e9d\u00e9a\u00a0:\u00a0Feu vert pour sauver trois sites historiques majeurs - La Sentinelle<\/title>\n<meta name=\"robots\" content=\"index, follow, max-snippet:-1, max-image-preview:large, max-video-preview:-1\" \/>\n<link rel=\"canonical\" href=\"https:\/\/lasentinelle.dz\/index.php\/2026\/01\/25\/medea-feu-vert-pour-sauver-trois-sites-historiques-majeurs\/\" \/>\n<meta property=\"og:locale\" content=\"fr_FR\" \/>\n<meta property=\"og:type\" content=\"article\" \/>\n<meta property=\"og:title\" content=\"M\u00e9d\u00e9a\u00a0:\u00a0Feu vert pour sauver trois sites historiques majeurs - La Sentinelle\" \/>\n<meta property=\"og:description\" content=\"Le minist\u00e8re de la Culture et des Arts a autoris\u00e9 le lancement en urgence de travaux de sauvegarde et d&rsquo;am\u00e9nagement\" \/>\n<meta property=\"og:url\" content=\"https:\/\/lasentinelle.dz\/index.php\/2026\/01\/25\/medea-feu-vert-pour-sauver-trois-sites-historiques-majeurs\/\" \/>\n<meta property=\"og:site_name\" content=\"La Sentinelle\" \/>\n<meta property=\"article:publisher\" content=\"https:\/\/www.facebook.com\/La-Sentinelle-104059864394773\" \/>\n<meta property=\"article:published_time\" content=\"2026-01-25T11:27:09+00:00\" \/>\n<meta property=\"article:modified_time\" content=\"2026-01-25T11:27:10+00:00\" \/>\n<meta property=\"og:image\" content=\"https:\/\/lasentinelle.dz\/wp-content\/uploads\/2026\/01\/medea.jpeg\" \/>\n\t<meta property=\"og:image:width\" content=\"580\" \/>\n\t<meta property=\"og:image:height\" content=\"350\" \/>\n\t<meta property=\"og:image:type\" content=\"image\/jpeg\" \/>\n<meta name=\"author\" content=\"admin\" \/>\n<meta name=\"twitter:card\" content=\"summary_large_image\" \/>\n<meta name=\"twitter:label1\" content=\"\u00c9crit par\" \/>\n\t<meta name=\"twitter:data1\" content=\"admin\" \/>\n\t<meta name=\"twitter:label2\" content=\"Dur\u00e9e de lecture estim\u00e9e\" \/>\n\t<meta name=\"twitter:data2\" content=\"4 minutes\" \/>\n<script type=\"application\/ld+json\" class=\"yoast-schema-graph\">{\"@context\":\"https:\\\/\\\/schema.org\",\"@graph\":[{\"@type\":\"Article\",\"@id\":\"https:\\\/\\\/lasentinelle.dz\\\/index.php\\\/2026\\\/01\\\/25\\\/medea-feu-vert-pour-sauver-trois-sites-historiques-majeurs\\\/#article\",\"isPartOf\":{\"@id\":\"https:\\\/\\\/lasentinelle.dz\\\/index.php\\\/2026\\\/01\\\/25\\\/medea-feu-vert-pour-sauver-trois-sites-historiques-majeurs\\\/\"},\"author\":{\"name\":\"admin\",\"@id\":\"https:\\\/\\\/lasentinelle.dz\\\/#\\\/schema\\\/person\\\/729ee0024f24e0b8c5ec17232f8e8b41\"},\"headline\":\"M\u00e9d\u00e9a\u00a0:\u00a0Feu vert pour sauver trois sites historiques majeurs\",\"datePublished\":\"2026-01-25T11:27:09+00:00\",\"dateModified\":\"2026-01-25T11:27:10+00:00\",\"mainEntityOfPage\":{\"@id\":\"https:\\\/\\\/lasentinelle.dz\\\/index.php\\\/2026\\\/01\\\/25\\\/medea-feu-vert-pour-sauver-trois-sites-historiques-majeurs\\\/\"},\"wordCount\":863,\"commentCount\":0,\"publisher\":{\"@id\":\"https:\\\/\\\/lasentinelle.dz\\\/#organization\"},\"image\":{\"@id\":\"https:\\\/\\\/lasentinelle.dz\\\/index.php\\\/2026\\\/01\\\/25\\\/medea-feu-vert-pour-sauver-trois-sites-historiques-majeurs\\\/#primaryimage\"},\"thumbnailUrl\":\"https:\\\/\\\/lasentinelle.dz\\\/wp-content\\\/uploads\\\/2026\\\/01\\\/medea.jpeg\",\"articleSection\":[\"Culture\"],\"inLanguage\":\"fr-FR\",\"potentialAction\":[{\"@type\":\"CommentAction\",\"name\":\"Comment\",\"target\":[\"https:\\\/\\\/lasentinelle.dz\\\/index.php\\\/2026\\\/01\\\/25\\\/medea-feu-vert-pour-sauver-trois-sites-historiques-majeurs\\\/#respond\"]}]},{\"@type\":\"WebPage\",\"@id\":\"https:\\\/\\\/lasentinelle.dz\\\/index.php\\\/2026\\\/01\\\/25\\\/medea-feu-vert-pour-sauver-trois-sites-historiques-majeurs\\\/\",\"url\":\"https:\\\/\\\/lasentinelle.dz\\\/index.php\\\/2026\\\/01\\\/25\\\/medea-feu-vert-pour-sauver-trois-sites-historiques-majeurs\\\/\",\"name\":\"M\u00e9d\u00e9a\u00a0:\u00a0Feu vert pour sauver trois sites historiques majeurs - La Sentinelle\",\"isPartOf\":{\"@id\":\"https:\\\/\\\/lasentinelle.dz\\\/#website\"},\"primaryImageOfPage\":{\"@id\":\"https:\\\/\\\/lasentinelle.dz\\\/index.php\\\/2026\\\/01\\\/25\\\/medea-feu-vert-pour-sauver-trois-sites-historiques-majeurs\\\/#primaryimage\"},\"image\":{\"@id\":\"https:\\\/\\\/lasentinelle.dz\\\/index.php\\\/2026\\\/01\\\/25\\\/medea-feu-vert-pour-sauver-trois-sites-historiques-majeurs\\\/#primaryimage\"},\"thumbnailUrl\":\"https:\\\/\\\/lasentinelle.dz\\\/wp-content\\\/uploads\\\/2026\\\/01\\\/medea.jpeg\",\"datePublished\":\"2026-01-25T11:27:09+00:00\",\"dateModified\":\"2026-01-25T11:27:10+00:00\",\"breadcrumb\":{\"@id\":\"https:\\\/\\\/lasentinelle.dz\\\/index.php\\\/2026\\\/01\\\/25\\\/medea-feu-vert-pour-sauver-trois-sites-historiques-majeurs\\\/#breadcrumb\"},\"inLanguage\":\"fr-FR\",\"potentialAction\":[{\"@type\":\"ReadAction\",\"target\":[\"https:\\\/\\\/lasentinelle.dz\\\/index.php\\\/2026\\\/01\\\/25\\\/medea-feu-vert-pour-sauver-trois-sites-historiques-majeurs\\\/\"]}]},{\"@type\":\"ImageObject\",\"inLanguage\":\"fr-FR\",\"@id\":\"https:\\\/\\\/lasentinelle.dz\\\/index.php\\\/2026\\\/01\\\/25\\\/medea-feu-vert-pour-sauver-trois-sites-historiques-majeurs\\\/#primaryimage\",\"url\":\"https:\\\/\\\/lasentinelle.dz\\\/wp-content\\\/uploads\\\/2026\\\/01\\\/medea.jpeg\",\"contentUrl\":\"https:\\\/\\\/lasentinelle.dz\\\/wp-content\\\/uploads\\\/2026\\\/01\\\/medea.jpeg\",\"width\":580,\"height\":350},{\"@type\":\"BreadcrumbList\",\"@id\":\"https:\\\/\\\/lasentinelle.dz\\\/index.php\\\/2026\\\/01\\\/25\\\/medea-feu-vert-pour-sauver-trois-sites-historiques-majeurs\\\/#breadcrumb\",\"itemListElement\":[{\"@type\":\"ListItem\",\"position\":1,\"name\":\"Accueil\",\"item\":\"https:\\\/\\\/lasentinelle.dz\\\/\"},{\"@type\":\"ListItem\",\"position\":2,\"name\":\"M\u00e9d\u00e9a\u00a0:\u00a0Feu vert pour sauver trois sites historiques majeurs\"}]},{\"@type\":\"WebSite\",\"@id\":\"https:\\\/\\\/lasentinelle.dz\\\/#website\",\"url\":\"https:\\\/\\\/lasentinelle.dz\\\/\",\"name\":\"La Sentinelle\",\"description\":\"Quotidien national d&#039;information\",\"publisher\":{\"@id\":\"https:\\\/\\\/lasentinelle.dz\\\/#organization\"},\"potentialAction\":[{\"@type\":\"SearchAction\",\"target\":{\"@type\":\"EntryPoint\",\"urlTemplate\":\"https:\\\/\\\/lasentinelle.dz\\\/?s={search_term_string}\"},\"query-input\":{\"@type\":\"PropertyValueSpecification\",\"valueRequired\":true,\"valueName\":\"search_term_string\"}}],\"inLanguage\":\"fr-FR\"},{\"@type\":\"Organization\",\"@id\":\"https:\\\/\\\/lasentinelle.dz\\\/#organization\",\"name\":\"Quotidien La Sentinelle\",\"url\":\"https:\\\/\\\/lasentinelle.dz\\\/\",\"logo\":{\"@type\":\"ImageObject\",\"inLanguage\":\"fr-FR\",\"@id\":\"https:\\\/\\\/lasentinelle.dz\\\/#\\\/schema\\\/logo\\\/image\\\/\",\"url\":\"https:\\\/\\\/lasentinelle.dz\\\/wp-content\\\/uploads\\\/2021\\\/09\\\/logo-sentinelleSLOGAN-1.png\",\"contentUrl\":\"https:\\\/\\\/lasentinelle.dz\\\/wp-content\\\/uploads\\\/2021\\\/09\\\/logo-sentinelleSLOGAN-1.png\",\"width\":615,\"height\":142,\"caption\":\"Quotidien La Sentinelle\"},\"image\":{\"@id\":\"https:\\\/\\\/lasentinelle.dz\\\/#\\\/schema\\\/logo\\\/image\\\/\"},\"sameAs\":[\"https:\\\/\\\/www.facebook.com\\\/La-Sentinelle-104059864394773\"]},{\"@type\":\"Person\",\"@id\":\"https:\\\/\\\/lasentinelle.dz\\\/#\\\/schema\\\/person\\\/729ee0024f24e0b8c5ec17232f8e8b41\",\"name\":\"admin\",\"image\":{\"@type\":\"ImageObject\",\"inLanguage\":\"fr-FR\",\"@id\":\"https:\\\/\\\/secure.gravatar.com\\\/avatar\\\/4c81fed838786e9b53f540bf46533e750f5d292099ae3b66cfc6fb1982e29df7?s=96&d=mm&r=g\",\"url\":\"https:\\\/\\\/secure.gravatar.com\\\/avatar\\\/4c81fed838786e9b53f540bf46533e750f5d292099ae3b66cfc6fb1982e29df7?s=96&d=mm&r=g\",\"contentUrl\":\"https:\\\/\\\/secure.gravatar.com\\\/avatar\\\/4c81fed838786e9b53f540bf46533e750f5d292099ae3b66cfc6fb1982e29df7?s=96&d=mm&r=g\",\"caption\":\"admin\"},\"description\":\"admin\",\"url\":\"https:\\\/\\\/lasentinelle.dz\\\/author\\\/admin\\\/\"}]}<\/script>\n<!-- \/ Yoast SEO plugin. -->","yoast_head_json":{"title":"M\u00e9d\u00e9a\u00a0:\u00a0Feu vert pour sauver trois sites historiques majeurs - La Sentinelle","robots":{"index":"index","follow":"follow","max-snippet":"max-snippet:-1","max-image-preview":"max-image-preview:large","max-video-preview":"max-video-preview:-1"},"canonical":"https:\/\/lasentinelle.dz\/index.php\/2026\/01\/25\/medea-feu-vert-pour-sauver-trois-sites-historiques-majeurs\/","og_locale":"fr_FR","og_type":"article","og_title":"M\u00e9d\u00e9a\u00a0:\u00a0Feu vert pour sauver trois sites historiques majeurs - La Sentinelle","og_description":"Le minist\u00e8re de la Culture et des Arts a autoris\u00e9 le lancement en urgence de travaux de sauvegarde et d&rsquo;am\u00e9nagement","og_url":"https:\/\/lasentinelle.dz\/index.php\/2026\/01\/25\/medea-feu-vert-pour-sauver-trois-sites-historiques-majeurs\/","og_site_name":"La Sentinelle","article_publisher":"https:\/\/www.facebook.com\/La-Sentinelle-104059864394773","article_published_time":"2026-01-25T11:27:09+00:00","article_modified_time":"2026-01-25T11:27:10+00:00","og_image":[{"width":580,"height":350,"url":"https:\/\/lasentinelle.dz\/wp-content\/uploads\/2026\/01\/medea.jpeg","type":"image\/jpeg"}],"author":"admin","twitter_card":"summary_large_image","twitter_misc":{"\u00c9crit par":"admin","Dur\u00e9e de lecture estim\u00e9e":"4 minutes"},"schema":{"@context":"https:\/\/schema.org","@graph":[{"@type":"Article","@id":"https:\/\/lasentinelle.dz\/index.php\/2026\/01\/25\/medea-feu-vert-pour-sauver-trois-sites-historiques-majeurs\/#article","isPartOf":{"@id":"https:\/\/lasentinelle.dz\/index.php\/2026\/01\/25\/medea-feu-vert-pour-sauver-trois-sites-historiques-majeurs\/"},"author":{"name":"admin","@id":"https:\/\/lasentinelle.dz\/#\/schema\/person\/729ee0024f24e0b8c5ec17232f8e8b41"},"headline":"M\u00e9d\u00e9a\u00a0:\u00a0Feu vert pour sauver trois sites historiques majeurs","datePublished":"2026-01-25T11:27:09+00:00","dateModified":"2026-01-25T11:27:10+00:00","mainEntityOfPage":{"@id":"https:\/\/lasentinelle.dz\/index.php\/2026\/01\/25\/medea-feu-vert-pour-sauver-trois-sites-historiques-majeurs\/"},"wordCount":863,"commentCount":0,"publisher":{"@id":"https:\/\/lasentinelle.dz\/#organization"},"image":{"@id":"https:\/\/lasentinelle.dz\/index.php\/2026\/01\/25\/medea-feu-vert-pour-sauver-trois-sites-historiques-majeurs\/#primaryimage"},"thumbnailUrl":"https:\/\/lasentinelle.dz\/wp-content\/uploads\/2026\/01\/medea.jpeg","articleSection":["Culture"],"inLanguage":"fr-FR","potentialAction":[{"@type":"CommentAction","name":"Comment","target":["https:\/\/lasentinelle.dz\/index.php\/2026\/01\/25\/medea-feu-vert-pour-sauver-trois-sites-historiques-majeurs\/#respond"]}]},{"@type":"WebPage","@id":"https:\/\/lasentinelle.dz\/index.php\/2026\/01\/25\/medea-feu-vert-pour-sauver-trois-sites-historiques-majeurs\/","url":"https:\/\/lasentinelle.dz\/index.php\/2026\/01\/25\/medea-feu-vert-pour-sauver-trois-sites-historiques-majeurs\/","name":"M\u00e9d\u00e9a\u00a0:\u00a0Feu vert pour sauver trois sites historiques majeurs - La Sentinelle","isPartOf":{"@id":"https:\/\/lasentinelle.dz\/#website"},"primaryImageOfPage":{"@id":"https:\/\/lasentinelle.dz\/index.php\/2026\/01\/25\/medea-feu-vert-pour-sauver-trois-sites-historiques-majeurs\/#primaryimage"},"image":{"@id":"https:\/\/lasentinelle.dz\/index.php\/2026\/01\/25\/medea-feu-vert-pour-sauver-trois-sites-historiques-majeurs\/#primaryimage"},"thumbnailUrl":"https:\/\/lasentinelle.dz\/wp-content\/uploads\/2026\/01\/medea.jpeg","datePublished":"2026-01-25T11:27:09+00:00","dateModified":"2026-01-25T11:27:10+00:00","breadcrumb":{"@id":"https:\/\/lasentinelle.dz\/index.php\/2026\/01\/25\/medea-feu-vert-pour-sauver-trois-sites-historiques-majeurs\/#breadcrumb"},"inLanguage":"fr-FR","potentialAction":[{"@type":"ReadAction","target":["https:\/\/lasentinelle.dz\/index.php\/2026\/01\/25\/medea-feu-vert-pour-sauver-trois-sites-historiques-majeurs\/"]}]},{"@type":"ImageObject","inLanguage":"fr-FR","@id":"https:\/\/lasentinelle.dz\/index.php\/2026\/01\/25\/medea-feu-vert-pour-sauver-trois-sites-historiques-majeurs\/#primaryimage","url":"https:\/\/lasentinelle.dz\/wp-content\/uploads\/2026\/01\/medea.jpeg","contentUrl":"https:\/\/lasentinelle.dz\/wp-content\/uploads\/2026\/01\/medea.jpeg","width":580,"height":350},{"@type":"BreadcrumbList","@id":"https:\/\/lasentinelle.dz\/index.php\/2026\/01\/25\/medea-feu-vert-pour-sauver-trois-sites-historiques-majeurs\/#breadcrumb","itemListElement":[{"@type":"ListItem","position":1,"name":"Accueil","item":"https:\/\/lasentinelle.dz\/"},{"@type":"ListItem","position":2,"name":"M\u00e9d\u00e9a\u00a0:\u00a0Feu vert pour sauver trois sites historiques majeurs"}]},{"@type":"WebSite","@id":"https:\/\/lasentinelle.dz\/#website","url":"https:\/\/lasentinelle.dz\/","name":"La Sentinelle","description":"Quotidien national d&#039;information","publisher":{"@id":"https:\/\/lasentinelle.dz\/#organization"},"potentialAction":[{"@type":"SearchAction","target":{"@type":"EntryPoint","urlTemplate":"https:\/\/lasentinelle.dz\/?s={search_term_string}"},"query-input":{"@type":"PropertyValueSpecification","valueRequired":true,"valueName":"search_term_string"}}],"inLanguage":"fr-FR"},{"@type":"Organization","@id":"https:\/\/lasentinelle.dz\/#organization","name":"Quotidien La Sentinelle","url":"https:\/\/lasentinelle.dz\/","logo":{"@type":"ImageObject","inLanguage":"fr-FR","@id":"https:\/\/lasentinelle.dz\/#\/schema\/logo\/image\/","url":"https:\/\/lasentinelle.dz\/wp-content\/uploads\/2021\/09\/logo-sentinelleSLOGAN-1.png","contentUrl":"https:\/\/lasentinelle.dz\/wp-content\/uploads\/2021\/09\/logo-sentinelleSLOGAN-1.png","width":615,"height":142,"caption":"Quotidien La Sentinelle"},"image":{"@id":"https:\/\/lasentinelle.dz\/#\/schema\/logo\/image\/"},"sameAs":["https:\/\/www.facebook.com\/La-Sentinelle-104059864394773"]},{"@type":"Person","@id":"https:\/\/lasentinelle.dz\/#\/schema\/person\/729ee0024f24e0b8c5ec17232f8e8b41","name":"admin","image":{"@type":"ImageObject","inLanguage":"fr-FR","@id":"https:\/\/secure.gravatar.com\/avatar\/4c81fed838786e9b53f540bf46533e750f5d292099ae3b66cfc6fb1982e29df7?s=96&d=mm&r=g","url":"https:\/\/secure.gravatar.com\/avatar\/4c81fed838786e9b53f540bf46533e750f5d292099ae3b66cfc6fb1982e29df7?s=96&d=mm&r=g","contentUrl":"https:\/\/secure.gravatar.com\/avatar\/4c81fed838786e9b53f540bf46533e750f5d292099ae3b66cfc6fb1982e29df7?s=96&d=mm&r=g","caption":"admin"},"description":"admin","url":"https:\/\/lasentinelle.dz\/author\/admin\/"}]}},"_links":{"self":[{"href":"https:\/\/lasentinelle.dz\/index.php\/wp-json\/wp\/v2\/posts\/79977","targetHints":{"allow":["GET"]}}],"collection":[{"href":"https:\/\/lasentinelle.dz\/index.php\/wp-json\/wp\/v2\/posts"}],"about":[{"href":"https:\/\/lasentinelle.dz\/index.php\/wp-json\/wp\/v2\/types\/post"}],"author":[{"embeddable":true,"href":"https:\/\/lasentinelle.dz\/index.php\/wp-json\/wp\/v2\/users\/6"}],"replies":[{"embeddable":true,"href":"https:\/\/lasentinelle.dz\/index.php\/wp-json\/wp\/v2\/comments?post=79977"}],"version-history":[{"count":1,"href":"https:\/\/lasentinelle.dz\/index.php\/wp-json\/wp\/v2\/posts\/79977\/revisions"}],"predecessor-version":[{"id":79979,"href":"https:\/\/lasentinelle.dz\/index.php\/wp-json\/wp\/v2\/posts\/79977\/revisions\/79979"}],"wp:featuredmedia":[{"embeddable":true,"href":"https:\/\/lasentinelle.dz\/index.php\/wp-json\/wp\/v2\/media\/79978"}],"wp:attachment":[{"href":"https:\/\/lasentinelle.dz\/index.php\/wp-json\/wp\/v2\/media?parent=79977"}],"wp:term":[{"taxonomy":"category","embeddable":true,"href":"https:\/\/lasentinelle.dz\/index.php\/wp-json\/wp\/v2\/categories?post=79977"},{"taxonomy":"post_tag","embeddable":true,"href":"https:\/\/lasentinelle.dz\/index.php\/wp-json\/wp\/v2\/tags?post=79977"}],"curies":[{"name":"wp","href":"https:\/\/api.w.org\/{rel}","templated":true}]}}