{"id":79980,"date":"2026-01-25T12:27:51","date_gmt":"2026-01-25T11:27:51","guid":{"rendered":"https:\/\/lasentinelle.dz\/?p=79980"},"modified":"2026-01-25T12:51:05","modified_gmt":"2026-01-25T11:51:05","slug":"sauvegarde-du-patrimoine-national-la-jeunesse-mobilisee","status":"publish","type":"post","link":"https:\/\/lasentinelle.dz\/index.php\/2026\/01\/25\/sauvegarde-du-patrimoine-national-la-jeunesse-mobilisee\/","title":{"rendered":"Sauvegarde\u00a0du\u00a0patrimoine national\u00a0:\u00a0La jeunesse mobilis\u00e9e\u00a0"},"content":{"rendered":"\n<p>Une&nbsp;plateforme num\u00e9rique \u00ab\u00a0Maourouthouna\u00a0\u00bb (notre h\u00e9ritage),&nbsp;a \u00e9t\u00e9&nbsp;cr\u00e9\u00e9e sous le slogan \u00ab\u00a0Le patrimoine est une responsabilit\u00e9\u00a0\u00bb, destin\u00e9e \u00e0 f\u00e9d\u00e9rer les initiatives juv\u00e9niles autour de la sauvegarde du patrimoine mat\u00e9riel et immat\u00e9riel alg\u00e9rien.<\/p>\n\n\n\n<p>Apr\u00e8s sept mois d&rsquo;itin\u00e9rance \u00e0 travers sept wilayas, la caravane nationale consacr\u00e9e au r\u00f4le de la jeunesse dans la pr\u00e9servation des sites class\u00e9s au patrimoine mondial s&rsquo;est achev\u00e9e jeudi \u00e0 Alger, marquant l&rsquo;aboutissement d&rsquo;une initiative&nbsp;ambitieuse port\u00e9e par le Conseil sup\u00e9rieur de la jeunesse. Cette cl\u00f4ture, pr\u00e9sid\u00e9e par le ministre de la Jeunesse Mustapha Hidaoui en pr\u00e9sence de plusieurs membres du gouvernement, a donn\u00e9 lieu au lancement d&rsquo;une plateforme num\u00e9rique et \u00e0 la distinction de jeunes cr\u00e9ateurs de contenu, t\u00e9moignant d&rsquo;une volont\u00e9 d&rsquo;ancrer durablement la question patrimoniale au c\u0153ur des pr\u00e9occupations de la g\u00e9n\u00e9ration montante.<\/p>\n\n\n\n<p>S&rsquo;inscrivant dans le programme d&rsquo;action annuel du Conseil sup\u00e9rieur de la jeunesse pour 2025-2026, cette caravane nationale a parcouru six wilayas avant de conclure son p\u00e9riple dans la capitale. Mustapha Hidaoui a soulign\u00e9 que cette action vise \u00e0 \u00ab\u00a0consolider les valeurs nationales et \u00e0 d\u00e9velopper les comp\u00e9tences des jeunes dans diff\u00e9rents domaines d&rsquo;activit\u00e9\u00a0\u00bb, ajoutant que l&rsquo;initiative \u00ab\u00a0a r\u00e9ussi \u00e0 mobiliser et \u00e0 encourager la cat\u00e9gorie juv\u00e9nile \u00e0 s&rsquo;impliquer dans la protection et la valorisation du patrimoine\u00a0\u00bb. Le ministre a \u00e9galement pr\u00e9cis\u00e9 que la caravane s&rsquo;est focalis\u00e9e sur \u00ab\u00a0le concept de l&rsquo;\u00e9conomie culturelle et patrimoniale, lequel met en lumi\u00e8re les capacit\u00e9s d&rsquo;innovation des jeunes et les modalit\u00e9s de leur exploitation \u00e0 travers la cr\u00e9ation de startups et de micro-entreprises\u00a0\u00bb.<\/p>\n\n\n\n<p>Cette dimension entrepreneuriale a trouv\u00e9 un \u00e9cho particulier aupr\u00e8s de Malika Bendouda, ministre de la Culture et des Arts, qui a affirm\u00e9 lors d&rsquo;une s\u00e9ance de d\u00e9bat que \u00ab\u00a0le patrimoine alg\u00e9rien repr\u00e9sente l&rsquo;identit\u00e9 et la m\u00e9moire de la nation\u00a0\u00bb, saluant \u00ab\u00a0le r\u00f4le axial de la jeunesse dans sa sauvegarde et sa promotion \u00e0 travers la sensibilisation de la num\u00e9risation et de l&rsquo;esprit d&rsquo;initiative\u00a0\u00bb. La ministre a lanc\u00e9 un appel direct aux jeunes participants, les invitant \u00e0 soumettre leurs projets relatifs au patrimoine immat\u00e9riel et leur assurant qu&rsquo;ils \u00ab\u00a0b\u00e9n\u00e9ficieront d&rsquo;un accompagnement et d&rsquo;une prise en charge pour leur concr\u00e9tisation sur le terrain\u00a0\u00bb. Elle a par ailleurs salu\u00e9 le r\u00f4le de cette caravane en tant qu&rsquo;espace de renforcement de l&rsquo;appartenance et de soutien aux initiatives culturelles au service du patrimoine national.<\/p>\n\n\n\n<p>La convergence entre culture, innovation et entrepreneuriat s&rsquo;est impos\u00e9e comme le fil conducteur de cette c\u00e9r\u00e9monie de cl\u00f4ture. Noureddine Ouadah, ministre de l&rsquo;\u00c9conomie de la connaissance, des Startups et des Micro-entreprises, a insist\u00e9 sur \u00ab\u00a0l&rsquo;importance de la composante num\u00e9rique comme \u00e9l\u00e9ment essentiel de la cr\u00e9ation culturelle contemporaine, notamment face aux mutations mondiales\u00a0\u00bb, relevant que \u00ab\u00a0l&rsquo;investissement dans la culture constitue l&rsquo;un des moyens les plus efficaces pour garantir une croissance culturelle durable\u00a0\u00bb. Le ministre a estim\u00e9 n\u00e9cessaire d&rsquo;adopter de nouveaux outils, citant le cin\u00e9ma, le th\u00e9\u00e2tre scolaire et les caravanes culturelles, afin de s&rsquo;adapter \u00e0 l&rsquo;\u00e9volution des modes de consommation culturelle chez les enfants et les jeunes. Il a rappel\u00e9 que l&rsquo;\u00c9tat s&rsquo;est employ\u00e9 \u00e0 mettre en place des m\u00e9canismes de soutien au profit de tout jeune porteur d&rsquo;id\u00e9e ou de projet culturel, appelant les innovateurs \u00e0 pr\u00e9senter leurs projets dans le domaine du patrimoine aux services de l&rsquo;\u00e9conomie de la connaissance.&nbsp;La c\u00e9r\u00e9monie a consacr\u00e9 l&rsquo;engagement cr\u00e9atif de la jeunesse alg\u00e9rienne \u00e0 travers l&rsquo;organisation d&rsquo;un concours r\u00e9compensant les trois meilleures vid\u00e9os parmi six pr\u00e9s\u00e9lectionn\u00e9es, r\u00e9alis\u00e9es par des cr\u00e9ateurs de contenu pour illustrer les \u00e9tapes phares de la caravane ou promouvoir les sites arch\u00e9ologiques du pays. Les laur\u00e9ats Abed Abderrahmane, Ben Rabah Mokhtar et Khaled Hamzi ont ainsi \u00e9t\u00e9 distingu\u00e9s pour leur contribution \u00e0 la valorisation num\u00e9rique du patrimoine. Le point d&rsquo;orgue de cette cl\u00f4ture fut le lancement de la plateforme num\u00e9rique \u00ab\u00a0Maourouthouna\u00a0\u00bb (notre h\u00e9ritage), cr\u00e9\u00e9e sous le slogan \u00ab\u00a0Le patrimoine est une responsabilit\u00e9\u00a0\u00bb, destin\u00e9e \u00e0 f\u00e9d\u00e9rer les initiatives juv\u00e9niles autour de la sauvegarde du patrimoine mat\u00e9riel et immat\u00e9riel alg\u00e9rien.<\/p>\n\n\n\n<p>Mohand Seghir<\/p>\n","protected":false},"excerpt":{"rendered":"<p>Une&nbsp;plateforme num\u00e9rique \u00ab\u00a0Maourouthouna\u00a0\u00bb (notre h\u00e9ritage),&nbsp;a \u00e9t\u00e9&nbsp;cr\u00e9\u00e9e sous le slogan \u00ab\u00a0Le patrimoine est une responsabilit\u00e9\u00a0\u00bb, destin\u00e9e \u00e0 f\u00e9d\u00e9rer les initiatives juv\u00e9niles<\/p>\n","protected":false},"author":6,"featured_media":80036,"comment_status":"open","ping_status":"closed","sticky":false,"template":"","format":"standard","meta":{"colormag_page_container_layout":"default_layout","colormag_page_sidebar_layout":"default_layout","om_disable_all_campaigns":false,"_monsterinsights_skip_tracking":false,"_monsterinsights_sitenote_active":false,"_monsterinsights_sitenote_note":"","_monsterinsights_sitenote_category":0,"footnotes":"","_wpscppro_dont_share_socialmedia":false,"_wpscppro_custom_social_share_image":0,"_facebook_share_type":"default","_twitter_share_type":"default","_linkedin_share_type":"default","_pinterest_share_type":"default","_linkedin_share_type_page":"","_instagram_share_type":"default","_medium_share_type":"default","_threads_share_type":"default","_google_business_share_type":"default","_selected_social_profile":[],"_wpsp_enable_custom_social_template":false,"_wpsp_social_scheduling":{"enabled":false,"datetime":null,"platforms":[],"status":"template_only","dateOption":"today","timeOption":"now","customDays":"","customHours":"","customDate":"","customTime":"","schedulingType":"absolute"},"_wpsp_active_default_template":true},"categories":[36],"tags":[],"class_list":["post-79980","post","type-post","status-publish","format-standard","has-post-thumbnail","hentry","category-culture"],"aioseo_notices":[],"yoast_head":"<!-- This site is optimized with the Yoast SEO plugin v27.5 - https:\/\/yoast.com\/product\/yoast-seo-wordpress\/ -->\n<title>Sauvegarde\u00a0du\u00a0patrimoine national\u00a0:\u00a0La jeunesse mobilis\u00e9e\u00a0 - La Sentinelle<\/title>\n<meta name=\"robots\" content=\"index, follow, max-snippet:-1, max-image-preview:large, max-video-preview:-1\" \/>\n<link rel=\"canonical\" href=\"https:\/\/lasentinelle.dz\/index.php\/2026\/01\/25\/sauvegarde-du-patrimoine-national-la-jeunesse-mobilisee\/\" \/>\n<meta property=\"og:locale\" content=\"fr_FR\" \/>\n<meta property=\"og:type\" content=\"article\" \/>\n<meta property=\"og:title\" content=\"Sauvegarde\u00a0du\u00a0patrimoine national\u00a0:\u00a0La jeunesse mobilis\u00e9e\u00a0 - La Sentinelle\" \/>\n<meta property=\"og:description\" content=\"Une&nbsp;plateforme num\u00e9rique \u00ab\u00a0Maourouthouna\u00a0\u00bb (notre h\u00e9ritage),&nbsp;a \u00e9t\u00e9&nbsp;cr\u00e9\u00e9e sous le slogan \u00ab\u00a0Le patrimoine est une responsabilit\u00e9\u00a0\u00bb, destin\u00e9e \u00e0 f\u00e9d\u00e9rer les initiatives juv\u00e9niles\" \/>\n<meta property=\"og:url\" content=\"https:\/\/lasentinelle.dz\/index.php\/2026\/01\/25\/sauvegarde-du-patrimoine-national-la-jeunesse-mobilisee\/\" \/>\n<meta property=\"og:site_name\" content=\"La Sentinelle\" \/>\n<meta property=\"article:publisher\" content=\"https:\/\/www.facebook.com\/La-Sentinelle-104059864394773\" \/>\n<meta property=\"article:published_time\" content=\"2026-01-25T11:27:51+00:00\" \/>\n<meta property=\"article:modified_time\" content=\"2026-01-25T11:51:05+00:00\" \/>\n<meta property=\"og:image\" content=\"https:\/\/lasentinelle.dz\/wp-content\/uploads\/2026\/01\/Caravane-2.jpeg\" \/>\n\t<meta property=\"og:image:width\" content=\"1280\" \/>\n\t<meta property=\"og:image:height\" content=\"852\" \/>\n\t<meta property=\"og:image:type\" content=\"image\/jpeg\" \/>\n<meta name=\"author\" content=\"admin\" \/>\n<meta name=\"twitter:card\" content=\"summary_large_image\" \/>\n<meta name=\"twitter:label1\" content=\"\u00c9crit par\" \/>\n\t<meta name=\"twitter:data1\" content=\"admin\" \/>\n\t<meta name=\"twitter:label2\" content=\"Dur\u00e9e de lecture estim\u00e9e\" \/>\n\t<meta name=\"twitter:data2\" content=\"4 minutes\" \/>\n<script type=\"application\/ld+json\" class=\"yoast-schema-graph\">{\"@context\":\"https:\\\/\\\/schema.org\",\"@graph\":[{\"@type\":\"Article\",\"@id\":\"https:\\\/\\\/lasentinelle.dz\\\/index.php\\\/2026\\\/01\\\/25\\\/sauvegarde-du-patrimoine-national-la-jeunesse-mobilisee\\\/#article\",\"isPartOf\":{\"@id\":\"https:\\\/\\\/lasentinelle.dz\\\/index.php\\\/2026\\\/01\\\/25\\\/sauvegarde-du-patrimoine-national-la-jeunesse-mobilisee\\\/\"},\"author\":{\"name\":\"admin\",\"@id\":\"https:\\\/\\\/lasentinelle.dz\\\/#\\\/schema\\\/person\\\/729ee0024f24e0b8c5ec17232f8e8b41\"},\"headline\":\"Sauvegarde\u00a0du\u00a0patrimoine national\u00a0:\u00a0La jeunesse mobilis\u00e9e\u00a0\",\"datePublished\":\"2026-01-25T11:27:51+00:00\",\"dateModified\":\"2026-01-25T11:51:05+00:00\",\"mainEntityOfPage\":{\"@id\":\"https:\\\/\\\/lasentinelle.dz\\\/index.php\\\/2026\\\/01\\\/25\\\/sauvegarde-du-patrimoine-national-la-jeunesse-mobilisee\\\/\"},\"wordCount\":768,\"commentCount\":0,\"publisher\":{\"@id\":\"https:\\\/\\\/lasentinelle.dz\\\/#organization\"},\"image\":{\"@id\":\"https:\\\/\\\/lasentinelle.dz\\\/index.php\\\/2026\\\/01\\\/25\\\/sauvegarde-du-patrimoine-national-la-jeunesse-mobilisee\\\/#primaryimage\"},\"thumbnailUrl\":\"https:\\\/\\\/lasentinelle.dz\\\/wp-content\\\/uploads\\\/2026\\\/01\\\/Caravane-2.jpeg\",\"articleSection\":[\"Culture\"],\"inLanguage\":\"fr-FR\",\"potentialAction\":[{\"@type\":\"CommentAction\",\"name\":\"Comment\",\"target\":[\"https:\\\/\\\/lasentinelle.dz\\\/index.php\\\/2026\\\/01\\\/25\\\/sauvegarde-du-patrimoine-national-la-jeunesse-mobilisee\\\/#respond\"]}]},{\"@type\":\"WebPage\",\"@id\":\"https:\\\/\\\/lasentinelle.dz\\\/index.php\\\/2026\\\/01\\\/25\\\/sauvegarde-du-patrimoine-national-la-jeunesse-mobilisee\\\/\",\"url\":\"https:\\\/\\\/lasentinelle.dz\\\/index.php\\\/2026\\\/01\\\/25\\\/sauvegarde-du-patrimoine-national-la-jeunesse-mobilisee\\\/\",\"name\":\"Sauvegarde\u00a0du\u00a0patrimoine national\u00a0:\u00a0La jeunesse mobilis\u00e9e\u00a0 - La Sentinelle\",\"isPartOf\":{\"@id\":\"https:\\\/\\\/lasentinelle.dz\\\/#website\"},\"primaryImageOfPage\":{\"@id\":\"https:\\\/\\\/lasentinelle.dz\\\/index.php\\\/2026\\\/01\\\/25\\\/sauvegarde-du-patrimoine-national-la-jeunesse-mobilisee\\\/#primaryimage\"},\"image\":{\"@id\":\"https:\\\/\\\/lasentinelle.dz\\\/index.php\\\/2026\\\/01\\\/25\\\/sauvegarde-du-patrimoine-national-la-jeunesse-mobilisee\\\/#primaryimage\"},\"thumbnailUrl\":\"https:\\\/\\\/lasentinelle.dz\\\/wp-content\\\/uploads\\\/2026\\\/01\\\/Caravane-2.jpeg\",\"datePublished\":\"2026-01-25T11:27:51+00:00\",\"dateModified\":\"2026-01-25T11:51:05+00:00\",\"breadcrumb\":{\"@id\":\"https:\\\/\\\/lasentinelle.dz\\\/index.php\\\/2026\\\/01\\\/25\\\/sauvegarde-du-patrimoine-national-la-jeunesse-mobilisee\\\/#breadcrumb\"},\"inLanguage\":\"fr-FR\",\"potentialAction\":[{\"@type\":\"ReadAction\",\"target\":[\"https:\\\/\\\/lasentinelle.dz\\\/index.php\\\/2026\\\/01\\\/25\\\/sauvegarde-du-patrimoine-national-la-jeunesse-mobilisee\\\/\"]}]},{\"@type\":\"ImageObject\",\"inLanguage\":\"fr-FR\",\"@id\":\"https:\\\/\\\/lasentinelle.dz\\\/index.php\\\/2026\\\/01\\\/25\\\/sauvegarde-du-patrimoine-national-la-jeunesse-mobilisee\\\/#primaryimage\",\"url\":\"https:\\\/\\\/lasentinelle.dz\\\/wp-content\\\/uploads\\\/2026\\\/01\\\/Caravane-2.jpeg\",\"contentUrl\":\"https:\\\/\\\/lasentinelle.dz\\\/wp-content\\\/uploads\\\/2026\\\/01\\\/Caravane-2.jpeg\",\"width\":1280,\"height\":852},{\"@type\":\"BreadcrumbList\",\"@id\":\"https:\\\/\\\/lasentinelle.dz\\\/index.php\\\/2026\\\/01\\\/25\\\/sauvegarde-du-patrimoine-national-la-jeunesse-mobilisee\\\/#breadcrumb\",\"itemListElement\":[{\"@type\":\"ListItem\",\"position\":1,\"name\":\"Accueil\",\"item\":\"https:\\\/\\\/lasentinelle.dz\\\/\"},{\"@type\":\"ListItem\",\"position\":2,\"name\":\"Sauvegarde\u00a0du\u00a0patrimoine national\u00a0:\u00a0La jeunesse mobilis\u00e9e\u00a0\"}]},{\"@type\":\"WebSite\",\"@id\":\"https:\\\/\\\/lasentinelle.dz\\\/#website\",\"url\":\"https:\\\/\\\/lasentinelle.dz\\\/\",\"name\":\"La Sentinelle\",\"description\":\"Quotidien national d&#039;information\",\"publisher\":{\"@id\":\"https:\\\/\\\/lasentinelle.dz\\\/#organization\"},\"potentialAction\":[{\"@type\":\"SearchAction\",\"target\":{\"@type\":\"EntryPoint\",\"urlTemplate\":\"https:\\\/\\\/lasentinelle.dz\\\/?s={search_term_string}\"},\"query-input\":{\"@type\":\"PropertyValueSpecification\",\"valueRequired\":true,\"valueName\":\"search_term_string\"}}],\"inLanguage\":\"fr-FR\"},{\"@type\":\"Organization\",\"@id\":\"https:\\\/\\\/lasentinelle.dz\\\/#organization\",\"name\":\"Quotidien La Sentinelle\",\"url\":\"https:\\\/\\\/lasentinelle.dz\\\/\",\"logo\":{\"@type\":\"ImageObject\",\"inLanguage\":\"fr-FR\",\"@id\":\"https:\\\/\\\/lasentinelle.dz\\\/#\\\/schema\\\/logo\\\/image\\\/\",\"url\":\"https:\\\/\\\/lasentinelle.dz\\\/wp-content\\\/uploads\\\/2021\\\/09\\\/logo-sentinelleSLOGAN-1.png\",\"contentUrl\":\"https:\\\/\\\/lasentinelle.dz\\\/wp-content\\\/uploads\\\/2021\\\/09\\\/logo-sentinelleSLOGAN-1.png\",\"width\":615,\"height\":142,\"caption\":\"Quotidien La Sentinelle\"},\"image\":{\"@id\":\"https:\\\/\\\/lasentinelle.dz\\\/#\\\/schema\\\/logo\\\/image\\\/\"},\"sameAs\":[\"https:\\\/\\\/www.facebook.com\\\/La-Sentinelle-104059864394773\"]},{\"@type\":\"Person\",\"@id\":\"https:\\\/\\\/lasentinelle.dz\\\/#\\\/schema\\\/person\\\/729ee0024f24e0b8c5ec17232f8e8b41\",\"name\":\"admin\",\"image\":{\"@type\":\"ImageObject\",\"inLanguage\":\"fr-FR\",\"@id\":\"https:\\\/\\\/secure.gravatar.com\\\/avatar\\\/4c81fed838786e9b53f540bf46533e750f5d292099ae3b66cfc6fb1982e29df7?s=96&d=mm&r=g\",\"url\":\"https:\\\/\\\/secure.gravatar.com\\\/avatar\\\/4c81fed838786e9b53f540bf46533e750f5d292099ae3b66cfc6fb1982e29df7?s=96&d=mm&r=g\",\"contentUrl\":\"https:\\\/\\\/secure.gravatar.com\\\/avatar\\\/4c81fed838786e9b53f540bf46533e750f5d292099ae3b66cfc6fb1982e29df7?s=96&d=mm&r=g\",\"caption\":\"admin\"},\"description\":\"admin\",\"url\":\"https:\\\/\\\/lasentinelle.dz\\\/author\\\/admin\\\/\"}]}<\/script>\n<!-- \/ Yoast SEO plugin. -->","yoast_head_json":{"title":"Sauvegarde\u00a0du\u00a0patrimoine national\u00a0:\u00a0La jeunesse mobilis\u00e9e\u00a0 - La Sentinelle","robots":{"index":"index","follow":"follow","max-snippet":"max-snippet:-1","max-image-preview":"max-image-preview:large","max-video-preview":"max-video-preview:-1"},"canonical":"https:\/\/lasentinelle.dz\/index.php\/2026\/01\/25\/sauvegarde-du-patrimoine-national-la-jeunesse-mobilisee\/","og_locale":"fr_FR","og_type":"article","og_title":"Sauvegarde\u00a0du\u00a0patrimoine national\u00a0:\u00a0La jeunesse mobilis\u00e9e\u00a0 - La Sentinelle","og_description":"Une&nbsp;plateforme num\u00e9rique \u00ab\u00a0Maourouthouna\u00a0\u00bb (notre h\u00e9ritage),&nbsp;a \u00e9t\u00e9&nbsp;cr\u00e9\u00e9e sous le slogan \u00ab\u00a0Le patrimoine est une responsabilit\u00e9\u00a0\u00bb, destin\u00e9e \u00e0 f\u00e9d\u00e9rer les initiatives juv\u00e9niles","og_url":"https:\/\/lasentinelle.dz\/index.php\/2026\/01\/25\/sauvegarde-du-patrimoine-national-la-jeunesse-mobilisee\/","og_site_name":"La Sentinelle","article_publisher":"https:\/\/www.facebook.com\/La-Sentinelle-104059864394773","article_published_time":"2026-01-25T11:27:51+00:00","article_modified_time":"2026-01-25T11:51:05+00:00","og_image":[{"width":1280,"height":852,"url":"https:\/\/lasentinelle.dz\/wp-content\/uploads\/2026\/01\/Caravane-2.jpeg","type":"image\/jpeg"}],"author":"admin","twitter_card":"summary_large_image","twitter_misc":{"\u00c9crit par":"admin","Dur\u00e9e de lecture estim\u00e9e":"4 minutes"},"schema":{"@context":"https:\/\/schema.org","@graph":[{"@type":"Article","@id":"https:\/\/lasentinelle.dz\/index.php\/2026\/01\/25\/sauvegarde-du-patrimoine-national-la-jeunesse-mobilisee\/#article","isPartOf":{"@id":"https:\/\/lasentinelle.dz\/index.php\/2026\/01\/25\/sauvegarde-du-patrimoine-national-la-jeunesse-mobilisee\/"},"author":{"name":"admin","@id":"https:\/\/lasentinelle.dz\/#\/schema\/person\/729ee0024f24e0b8c5ec17232f8e8b41"},"headline":"Sauvegarde\u00a0du\u00a0patrimoine national\u00a0:\u00a0La jeunesse mobilis\u00e9e\u00a0","datePublished":"2026-01-25T11:27:51+00:00","dateModified":"2026-01-25T11:51:05+00:00","mainEntityOfPage":{"@id":"https:\/\/lasentinelle.dz\/index.php\/2026\/01\/25\/sauvegarde-du-patrimoine-national-la-jeunesse-mobilisee\/"},"wordCount":768,"commentCount":0,"publisher":{"@id":"https:\/\/lasentinelle.dz\/#organization"},"image":{"@id":"https:\/\/lasentinelle.dz\/index.php\/2026\/01\/25\/sauvegarde-du-patrimoine-national-la-jeunesse-mobilisee\/#primaryimage"},"thumbnailUrl":"https:\/\/lasentinelle.dz\/wp-content\/uploads\/2026\/01\/Caravane-2.jpeg","articleSection":["Culture"],"inLanguage":"fr-FR","potentialAction":[{"@type":"CommentAction","name":"Comment","target":["https:\/\/lasentinelle.dz\/index.php\/2026\/01\/25\/sauvegarde-du-patrimoine-national-la-jeunesse-mobilisee\/#respond"]}]},{"@type":"WebPage","@id":"https:\/\/lasentinelle.dz\/index.php\/2026\/01\/25\/sauvegarde-du-patrimoine-national-la-jeunesse-mobilisee\/","url":"https:\/\/lasentinelle.dz\/index.php\/2026\/01\/25\/sauvegarde-du-patrimoine-national-la-jeunesse-mobilisee\/","name":"Sauvegarde\u00a0du\u00a0patrimoine national\u00a0:\u00a0La jeunesse mobilis\u00e9e\u00a0 - La Sentinelle","isPartOf":{"@id":"https:\/\/lasentinelle.dz\/#website"},"primaryImageOfPage":{"@id":"https:\/\/lasentinelle.dz\/index.php\/2026\/01\/25\/sauvegarde-du-patrimoine-national-la-jeunesse-mobilisee\/#primaryimage"},"image":{"@id":"https:\/\/lasentinelle.dz\/index.php\/2026\/01\/25\/sauvegarde-du-patrimoine-national-la-jeunesse-mobilisee\/#primaryimage"},"thumbnailUrl":"https:\/\/lasentinelle.dz\/wp-content\/uploads\/2026\/01\/Caravane-2.jpeg","datePublished":"2026-01-25T11:27:51+00:00","dateModified":"2026-01-25T11:51:05+00:00","breadcrumb":{"@id":"https:\/\/lasentinelle.dz\/index.php\/2026\/01\/25\/sauvegarde-du-patrimoine-national-la-jeunesse-mobilisee\/#breadcrumb"},"inLanguage":"fr-FR","potentialAction":[{"@type":"ReadAction","target":["https:\/\/lasentinelle.dz\/index.php\/2026\/01\/25\/sauvegarde-du-patrimoine-national-la-jeunesse-mobilisee\/"]}]},{"@type":"ImageObject","inLanguage":"fr-FR","@id":"https:\/\/lasentinelle.dz\/index.php\/2026\/01\/25\/sauvegarde-du-patrimoine-national-la-jeunesse-mobilisee\/#primaryimage","url":"https:\/\/lasentinelle.dz\/wp-content\/uploads\/2026\/01\/Caravane-2.jpeg","contentUrl":"https:\/\/lasentinelle.dz\/wp-content\/uploads\/2026\/01\/Caravane-2.jpeg","width":1280,"height":852},{"@type":"BreadcrumbList","@id":"https:\/\/lasentinelle.dz\/index.php\/2026\/01\/25\/sauvegarde-du-patrimoine-national-la-jeunesse-mobilisee\/#breadcrumb","itemListElement":[{"@type":"ListItem","position":1,"name":"Accueil","item":"https:\/\/lasentinelle.dz\/"},{"@type":"ListItem","position":2,"name":"Sauvegarde\u00a0du\u00a0patrimoine national\u00a0:\u00a0La jeunesse mobilis\u00e9e\u00a0"}]},{"@type":"WebSite","@id":"https:\/\/lasentinelle.dz\/#website","url":"https:\/\/lasentinelle.dz\/","name":"La Sentinelle","description":"Quotidien national d&#039;information","publisher":{"@id":"https:\/\/lasentinelle.dz\/#organization"},"potentialAction":[{"@type":"SearchAction","target":{"@type":"EntryPoint","urlTemplate":"https:\/\/lasentinelle.dz\/?s={search_term_string}"},"query-input":{"@type":"PropertyValueSpecification","valueRequired":true,"valueName":"search_term_string"}}],"inLanguage":"fr-FR"},{"@type":"Organization","@id":"https:\/\/lasentinelle.dz\/#organization","name":"Quotidien La Sentinelle","url":"https:\/\/lasentinelle.dz\/","logo":{"@type":"ImageObject","inLanguage":"fr-FR","@id":"https:\/\/lasentinelle.dz\/#\/schema\/logo\/image\/","url":"https:\/\/lasentinelle.dz\/wp-content\/uploads\/2021\/09\/logo-sentinelleSLOGAN-1.png","contentUrl":"https:\/\/lasentinelle.dz\/wp-content\/uploads\/2021\/09\/logo-sentinelleSLOGAN-1.png","width":615,"height":142,"caption":"Quotidien La Sentinelle"},"image":{"@id":"https:\/\/lasentinelle.dz\/#\/schema\/logo\/image\/"},"sameAs":["https:\/\/www.facebook.com\/La-Sentinelle-104059864394773"]},{"@type":"Person","@id":"https:\/\/lasentinelle.dz\/#\/schema\/person\/729ee0024f24e0b8c5ec17232f8e8b41","name":"admin","image":{"@type":"ImageObject","inLanguage":"fr-FR","@id":"https:\/\/secure.gravatar.com\/avatar\/4c81fed838786e9b53f540bf46533e750f5d292099ae3b66cfc6fb1982e29df7?s=96&d=mm&r=g","url":"https:\/\/secure.gravatar.com\/avatar\/4c81fed838786e9b53f540bf46533e750f5d292099ae3b66cfc6fb1982e29df7?s=96&d=mm&r=g","contentUrl":"https:\/\/secure.gravatar.com\/avatar\/4c81fed838786e9b53f540bf46533e750f5d292099ae3b66cfc6fb1982e29df7?s=96&d=mm&r=g","caption":"admin"},"description":"admin","url":"https:\/\/lasentinelle.dz\/author\/admin\/"}]}},"_links":{"self":[{"href":"https:\/\/lasentinelle.dz\/index.php\/wp-json\/wp\/v2\/posts\/79980","targetHints":{"allow":["GET"]}}],"collection":[{"href":"https:\/\/lasentinelle.dz\/index.php\/wp-json\/wp\/v2\/posts"}],"about":[{"href":"https:\/\/lasentinelle.dz\/index.php\/wp-json\/wp\/v2\/types\/post"}],"author":[{"embeddable":true,"href":"https:\/\/lasentinelle.dz\/index.php\/wp-json\/wp\/v2\/users\/6"}],"replies":[{"embeddable":true,"href":"https:\/\/lasentinelle.dz\/index.php\/wp-json\/wp\/v2\/comments?post=79980"}],"version-history":[{"count":1,"href":"https:\/\/lasentinelle.dz\/index.php\/wp-json\/wp\/v2\/posts\/79980\/revisions"}],"predecessor-version":[{"id":79982,"href":"https:\/\/lasentinelle.dz\/index.php\/wp-json\/wp\/v2\/posts\/79980\/revisions\/79982"}],"wp:featuredmedia":[{"embeddable":true,"href":"https:\/\/lasentinelle.dz\/index.php\/wp-json\/wp\/v2\/media\/80036"}],"wp:attachment":[{"href":"https:\/\/lasentinelle.dz\/index.php\/wp-json\/wp\/v2\/media?parent=79980"}],"wp:term":[{"taxonomy":"category","embeddable":true,"href":"https:\/\/lasentinelle.dz\/index.php\/wp-json\/wp\/v2\/categories?post=79980"},{"taxonomy":"post_tag","embeddable":true,"href":"https:\/\/lasentinelle.dz\/index.php\/wp-json\/wp\/v2\/tags?post=79980"}],"curies":[{"name":"wp","href":"https:\/\/api.w.org\/{rel}","templated":true}]}}