{"id":79985,"date":"2026-01-25T11:30:18","date_gmt":"2026-01-25T10:30:18","guid":{"rendered":"https:\/\/lasentinelle.dz\/?p=79985"},"modified":"2026-01-25T12:36:29","modified_gmt":"2026-01-25T11:36:29","slug":"coupe-dalgerie-un-plateau-releve-pour-les-quarts-de-finale-programmes-debut-mars","status":"publish","type":"post","link":"https:\/\/lasentinelle.dz\/index.php\/2026\/01\/25\/coupe-dalgerie-un-plateau-releve-pour-les-quarts-de-finale-programmes-debut-mars\/","title":{"rendered":"Coupe d&rsquo;Alg\u00e9rie\u00a0: Un plateau relev\u00e9 pour les quarts de finale programm\u00e9s d\u00e9but mars"},"content":{"rendered":"\n<p>Les quarts de finale de la Coupe d&rsquo;Alg\u00e9rie de football, \u00e9dition 2025-2026, se joueront les 3 et 4 mars prochains, selon le calendrier de la seconde partie de la saison d\u00e9voil\u00e9 jeudi soir par la Ligue de football professionnel sur son site officiel, avec notamment deux derbies al\u00e9rois et constantinois qui promettent d&rsquo;enflammer cette phase d\u00e9cisive de la comp\u00e9tition populaire.&nbsp;Le programme de ces quarts de finale s&rsquo;annonce particuli\u00e8rement all\u00e9chant avec l&rsquo;affiche CR Belouizdad contre MC Alger qui ouvrira le bal le mardi 3 mars. La m\u00eame soir\u00e9e verra \u00e9galement l&rsquo;opposition entre le CS Constantine et la JSM B\u00e9ja\u00efa, un duel entre deux formations de l&rsquo;Est&nbsp;qui&nbsp;pourrait r\u00e9server son lot de surprises, le&nbsp;pensionnaire constantinois de la Ligue 1\u00e9voluant \u00e0 domicile avec le soutien de ses supporters face aux Crabes de B\u00e9ja\u00efa, club de l\u2019inter-r\u00e9gional qui se retrouve dans a position de cendrillon du tournoi.<\/p>\n\n\n\n<p>Le mercredi 4 mars accueillera les deux autres rencontres au programme de ces quarts de finale. L&rsquo;USM Alger, formation phare de la capitale, recevra la JS Saoura Dans l&rsquo;autre affiche de la soir\u00e9e, le CA Batna, pensionnaire de Ligue 2 qui a d\u00e9j\u00e0 cr\u00e9\u00e9 la sensation en \u00e9liminant le Paradou AC au tour pr\u00e9c\u00e9dent, tentera de poursuivre son parcours face au MC Sa\u00efda. Les Batn\u00e9ens, port\u00e9s par leur parcours encourageant et le soutien de leur public des Aur\u00e8s, chercheront \u00e0 confirmer leur statut de trouble-f\u00eate de cette \u00e9dition en se hissant parmi le dernier carr\u00e9 de la comp\u00e9tition.&nbsp;Les demi-finales de la Dame Coupe sont programm\u00e9es pour le mardi 7 avril, selon le calendrier \u00e9tabli par la Ligue de football professionnel. L&rsquo;instance dirigeante du football professionnel alg\u00e9rien a par ailleurs retenu la date du samedi 2 mai pour l&rsquo;organisation de la finale de cette \u00e9dition, m\u00eame si cette programmation reste sous r\u00e9serve de confirmation officielle ult\u00e9rieure.&nbsp;La Ligue de football professionnel a toutefois tenu \u00e0 pr\u00e9ciser que ce calendrier demeure pr\u00e9visionnel et reste susceptible de l\u00e9g\u00e8res modifications.&nbsp;<\/p>\n\n\n\n<p>M.D.<\/p>\n","protected":false},"excerpt":{"rendered":"<p>Les quarts de finale de la Coupe d&rsquo;Alg\u00e9rie de football, \u00e9dition 2025-2026, se joueront les 3 et 4 mars prochains,<\/p>\n","protected":false},"author":6,"featured_media":62703,"comment_status":"open","ping_status":"closed","sticky":false,"template":"","format":"standard","meta":{"colormag_page_container_layout":"default_layout","colormag_page_sidebar_layout":"default_layout","om_disable_all_campaigns":false,"_monsterinsights_skip_tracking":false,"_monsterinsights_sitenote_active":false,"_monsterinsights_sitenote_note":"","_monsterinsights_sitenote_category":0,"footnotes":"","_wpscppro_dont_share_socialmedia":false,"_wpscppro_custom_social_share_image":0,"_facebook_share_type":"default","_twitter_share_type":"default","_linkedin_share_type":"default","_pinterest_share_type":"default","_linkedin_share_type_page":"","_instagram_share_type":"default","_medium_share_type":"default","_threads_share_type":"default","_google_business_share_type":"default","_selected_social_profile":[],"_wpsp_enable_custom_social_template":false,"_wpsp_social_scheduling":{"enabled":false,"datetime":null,"platforms":[],"status":"template_only","dateOption":"today","timeOption":"now","customDays":"","customHours":"","customDate":"","customTime":"","schedulingType":"absolute"},"_wpsp_active_default_template":true},"categories":[33],"tags":[],"class_list":["post-79985","post","type-post","status-publish","format-standard","has-post-thumbnail","hentry","category-sports"],"aioseo_notices":[],"yoast_head":"<!-- This site is optimized with the Yoast SEO plugin v27.5 - https:\/\/yoast.com\/product\/yoast-seo-wordpress\/ -->\n<title>Coupe d&rsquo;Alg\u00e9rie\u00a0: Un plateau relev\u00e9 pour les quarts de finale programm\u00e9s d\u00e9but mars - La Sentinelle<\/title>\n<meta name=\"robots\" content=\"index, follow, max-snippet:-1, max-image-preview:large, max-video-preview:-1\" \/>\n<link rel=\"canonical\" href=\"https:\/\/lasentinelle.dz\/index.php\/2026\/01\/25\/coupe-dalgerie-un-plateau-releve-pour-les-quarts-de-finale-programmes-debut-mars\/\" \/>\n<meta property=\"og:locale\" content=\"fr_FR\" \/>\n<meta property=\"og:type\" content=\"article\" \/>\n<meta property=\"og:title\" content=\"Coupe d&rsquo;Alg\u00e9rie\u00a0: Un plateau relev\u00e9 pour les quarts de finale programm\u00e9s d\u00e9but mars - La Sentinelle\" \/>\n<meta property=\"og:description\" content=\"Les quarts de finale de la Coupe d&rsquo;Alg\u00e9rie de football, \u00e9dition 2025-2026, se joueront les 3 et 4 mars prochains,\" \/>\n<meta property=\"og:url\" content=\"https:\/\/lasentinelle.dz\/index.php\/2026\/01\/25\/coupe-dalgerie-un-plateau-releve-pour-les-quarts-de-finale-programmes-debut-mars\/\" \/>\n<meta property=\"og:site_name\" content=\"La Sentinelle\" \/>\n<meta property=\"article:publisher\" content=\"https:\/\/www.facebook.com\/La-Sentinelle-104059864394773\" \/>\n<meta property=\"article:published_time\" content=\"2026-01-25T10:30:18+00:00\" \/>\n<meta property=\"article:modified_time\" content=\"2026-01-25T11:36:29+00:00\" \/>\n<meta property=\"og:image\" content=\"https:\/\/lasentinelle.dz\/wp-content\/uploads\/2025\/02\/Coupe-dAlgerie-scaled.jpg\" \/>\n\t<meta property=\"og:image:width\" content=\"2560\" \/>\n\t<meta property=\"og:image:height\" content=\"1598\" \/>\n\t<meta property=\"og:image:type\" content=\"image\/jpeg\" \/>\n<meta name=\"author\" content=\"admin\" \/>\n<meta name=\"twitter:card\" content=\"summary_large_image\" \/>\n<meta name=\"twitter:label1\" content=\"\u00c9crit par\" \/>\n\t<meta name=\"twitter:data1\" content=\"admin\" \/>\n\t<meta name=\"twitter:label2\" content=\"Dur\u00e9e de lecture estim\u00e9e\" \/>\n\t<meta name=\"twitter:data2\" content=\"2 minutes\" \/>\n<script type=\"application\/ld+json\" class=\"yoast-schema-graph\">{\"@context\":\"https:\\\/\\\/schema.org\",\"@graph\":[{\"@type\":\"Article\",\"@id\":\"https:\\\/\\\/lasentinelle.dz\\\/index.php\\\/2026\\\/01\\\/25\\\/coupe-dalgerie-un-plateau-releve-pour-les-quarts-de-finale-programmes-debut-mars\\\/#article\",\"isPartOf\":{\"@id\":\"https:\\\/\\\/lasentinelle.dz\\\/index.php\\\/2026\\\/01\\\/25\\\/coupe-dalgerie-un-plateau-releve-pour-les-quarts-de-finale-programmes-debut-mars\\\/\"},\"author\":{\"name\":\"admin\",\"@id\":\"https:\\\/\\\/lasentinelle.dz\\\/#\\\/schema\\\/person\\\/729ee0024f24e0b8c5ec17232f8e8b41\"},\"headline\":\"Coupe d&rsquo;Alg\u00e9rie\u00a0: Un plateau relev\u00e9 pour les quarts de finale programm\u00e9s d\u00e9but mars\",\"datePublished\":\"2026-01-25T10:30:18+00:00\",\"dateModified\":\"2026-01-25T11:36:29+00:00\",\"mainEntityOfPage\":{\"@id\":\"https:\\\/\\\/lasentinelle.dz\\\/index.php\\\/2026\\\/01\\\/25\\\/coupe-dalgerie-un-plateau-releve-pour-les-quarts-de-finale-programmes-debut-mars\\\/\"},\"wordCount\":385,\"commentCount\":0,\"publisher\":{\"@id\":\"https:\\\/\\\/lasentinelle.dz\\\/#organization\"},\"image\":{\"@id\":\"https:\\\/\\\/lasentinelle.dz\\\/index.php\\\/2026\\\/01\\\/25\\\/coupe-dalgerie-un-plateau-releve-pour-les-quarts-de-finale-programmes-debut-mars\\\/#primaryimage\"},\"thumbnailUrl\":\"https:\\\/\\\/lasentinelle.dz\\\/wp-content\\\/uploads\\\/2025\\\/02\\\/Coupe-dAlgerie-scaled.jpg\",\"articleSection\":[\"Sports\"],\"inLanguage\":\"fr-FR\",\"potentialAction\":[{\"@type\":\"CommentAction\",\"name\":\"Comment\",\"target\":[\"https:\\\/\\\/lasentinelle.dz\\\/index.php\\\/2026\\\/01\\\/25\\\/coupe-dalgerie-un-plateau-releve-pour-les-quarts-de-finale-programmes-debut-mars\\\/#respond\"]}]},{\"@type\":\"WebPage\",\"@id\":\"https:\\\/\\\/lasentinelle.dz\\\/index.php\\\/2026\\\/01\\\/25\\\/coupe-dalgerie-un-plateau-releve-pour-les-quarts-de-finale-programmes-debut-mars\\\/\",\"url\":\"https:\\\/\\\/lasentinelle.dz\\\/index.php\\\/2026\\\/01\\\/25\\\/coupe-dalgerie-un-plateau-releve-pour-les-quarts-de-finale-programmes-debut-mars\\\/\",\"name\":\"Coupe d&rsquo;Alg\u00e9rie\u00a0: Un plateau relev\u00e9 pour les quarts de finale programm\u00e9s d\u00e9but mars - La Sentinelle\",\"isPartOf\":{\"@id\":\"https:\\\/\\\/lasentinelle.dz\\\/#website\"},\"primaryImageOfPage\":{\"@id\":\"https:\\\/\\\/lasentinelle.dz\\\/index.php\\\/2026\\\/01\\\/25\\\/coupe-dalgerie-un-plateau-releve-pour-les-quarts-de-finale-programmes-debut-mars\\\/#primaryimage\"},\"image\":{\"@id\":\"https:\\\/\\\/lasentinelle.dz\\\/index.php\\\/2026\\\/01\\\/25\\\/coupe-dalgerie-un-plateau-releve-pour-les-quarts-de-finale-programmes-debut-mars\\\/#primaryimage\"},\"thumbnailUrl\":\"https:\\\/\\\/lasentinelle.dz\\\/wp-content\\\/uploads\\\/2025\\\/02\\\/Coupe-dAlgerie-scaled.jpg\",\"datePublished\":\"2026-01-25T10:30:18+00:00\",\"dateModified\":\"2026-01-25T11:36:29+00:00\",\"breadcrumb\":{\"@id\":\"https:\\\/\\\/lasentinelle.dz\\\/index.php\\\/2026\\\/01\\\/25\\\/coupe-dalgerie-un-plateau-releve-pour-les-quarts-de-finale-programmes-debut-mars\\\/#breadcrumb\"},\"inLanguage\":\"fr-FR\",\"potentialAction\":[{\"@type\":\"ReadAction\",\"target\":[\"https:\\\/\\\/lasentinelle.dz\\\/index.php\\\/2026\\\/01\\\/25\\\/coupe-dalgerie-un-plateau-releve-pour-les-quarts-de-finale-programmes-debut-mars\\\/\"]}]},{\"@type\":\"ImageObject\",\"inLanguage\":\"fr-FR\",\"@id\":\"https:\\\/\\\/lasentinelle.dz\\\/index.php\\\/2026\\\/01\\\/25\\\/coupe-dalgerie-un-plateau-releve-pour-les-quarts-de-finale-programmes-debut-mars\\\/#primaryimage\",\"url\":\"https:\\\/\\\/lasentinelle.dz\\\/wp-content\\\/uploads\\\/2025\\\/02\\\/Coupe-dAlgerie-scaled.jpg\",\"contentUrl\":\"https:\\\/\\\/lasentinelle.dz\\\/wp-content\\\/uploads\\\/2025\\\/02\\\/Coupe-dAlgerie-scaled.jpg\",\"width\":2560,\"height\":1598},{\"@type\":\"BreadcrumbList\",\"@id\":\"https:\\\/\\\/lasentinelle.dz\\\/index.php\\\/2026\\\/01\\\/25\\\/coupe-dalgerie-un-plateau-releve-pour-les-quarts-de-finale-programmes-debut-mars\\\/#breadcrumb\",\"itemListElement\":[{\"@type\":\"ListItem\",\"position\":1,\"name\":\"Accueil\",\"item\":\"https:\\\/\\\/lasentinelle.dz\\\/\"},{\"@type\":\"ListItem\",\"position\":2,\"name\":\"Coupe d&rsquo;Alg\u00e9rie\u00a0: Un plateau relev\u00e9 pour les quarts de finale programm\u00e9s d\u00e9but mars\"}]},{\"@type\":\"WebSite\",\"@id\":\"https:\\\/\\\/lasentinelle.dz\\\/#website\",\"url\":\"https:\\\/\\\/lasentinelle.dz\\\/\",\"name\":\"La Sentinelle\",\"description\":\"Quotidien national d&#039;information\",\"publisher\":{\"@id\":\"https:\\\/\\\/lasentinelle.dz\\\/#organization\"},\"potentialAction\":[{\"@type\":\"SearchAction\",\"target\":{\"@type\":\"EntryPoint\",\"urlTemplate\":\"https:\\\/\\\/lasentinelle.dz\\\/?s={search_term_string}\"},\"query-input\":{\"@type\":\"PropertyValueSpecification\",\"valueRequired\":true,\"valueName\":\"search_term_string\"}}],\"inLanguage\":\"fr-FR\"},{\"@type\":\"Organization\",\"@id\":\"https:\\\/\\\/lasentinelle.dz\\\/#organization\",\"name\":\"Quotidien La Sentinelle\",\"url\":\"https:\\\/\\\/lasentinelle.dz\\\/\",\"logo\":{\"@type\":\"ImageObject\",\"inLanguage\":\"fr-FR\",\"@id\":\"https:\\\/\\\/lasentinelle.dz\\\/#\\\/schema\\\/logo\\\/image\\\/\",\"url\":\"https:\\\/\\\/lasentinelle.dz\\\/wp-content\\\/uploads\\\/2021\\\/09\\\/logo-sentinelleSLOGAN-1.png\",\"contentUrl\":\"https:\\\/\\\/lasentinelle.dz\\\/wp-content\\\/uploads\\\/2021\\\/09\\\/logo-sentinelleSLOGAN-1.png\",\"width\":615,\"height\":142,\"caption\":\"Quotidien La Sentinelle\"},\"image\":{\"@id\":\"https:\\\/\\\/lasentinelle.dz\\\/#\\\/schema\\\/logo\\\/image\\\/\"},\"sameAs\":[\"https:\\\/\\\/www.facebook.com\\\/La-Sentinelle-104059864394773\"]},{\"@type\":\"Person\",\"@id\":\"https:\\\/\\\/lasentinelle.dz\\\/#\\\/schema\\\/person\\\/729ee0024f24e0b8c5ec17232f8e8b41\",\"name\":\"admin\",\"image\":{\"@type\":\"ImageObject\",\"inLanguage\":\"fr-FR\",\"@id\":\"https:\\\/\\\/secure.gravatar.com\\\/avatar\\\/4c81fed838786e9b53f540bf46533e750f5d292099ae3b66cfc6fb1982e29df7?s=96&d=mm&r=g\",\"url\":\"https:\\\/\\\/secure.gravatar.com\\\/avatar\\\/4c81fed838786e9b53f540bf46533e750f5d292099ae3b66cfc6fb1982e29df7?s=96&d=mm&r=g\",\"contentUrl\":\"https:\\\/\\\/secure.gravatar.com\\\/avatar\\\/4c81fed838786e9b53f540bf46533e750f5d292099ae3b66cfc6fb1982e29df7?s=96&d=mm&r=g\",\"caption\":\"admin\"},\"description\":\"admin\",\"url\":\"https:\\\/\\\/lasentinelle.dz\\\/author\\\/admin\\\/\"}]}<\/script>\n<!-- \/ Yoast SEO plugin. -->","yoast_head_json":{"title":"Coupe d&rsquo;Alg\u00e9rie\u00a0: Un plateau relev\u00e9 pour les quarts de finale programm\u00e9s d\u00e9but mars - La Sentinelle","robots":{"index":"index","follow":"follow","max-snippet":"max-snippet:-1","max-image-preview":"max-image-preview:large","max-video-preview":"max-video-preview:-1"},"canonical":"https:\/\/lasentinelle.dz\/index.php\/2026\/01\/25\/coupe-dalgerie-un-plateau-releve-pour-les-quarts-de-finale-programmes-debut-mars\/","og_locale":"fr_FR","og_type":"article","og_title":"Coupe d&rsquo;Alg\u00e9rie\u00a0: Un plateau relev\u00e9 pour les quarts de finale programm\u00e9s d\u00e9but mars - La Sentinelle","og_description":"Les quarts de finale de la Coupe d&rsquo;Alg\u00e9rie de football, \u00e9dition 2025-2026, se joueront les 3 et 4 mars prochains,","og_url":"https:\/\/lasentinelle.dz\/index.php\/2026\/01\/25\/coupe-dalgerie-un-plateau-releve-pour-les-quarts-de-finale-programmes-debut-mars\/","og_site_name":"La Sentinelle","article_publisher":"https:\/\/www.facebook.com\/La-Sentinelle-104059864394773","article_published_time":"2026-01-25T10:30:18+00:00","article_modified_time":"2026-01-25T11:36:29+00:00","og_image":[{"width":2560,"height":1598,"url":"https:\/\/lasentinelle.dz\/wp-content\/uploads\/2025\/02\/Coupe-dAlgerie-scaled.jpg","type":"image\/jpeg"}],"author":"admin","twitter_card":"summary_large_image","twitter_misc":{"\u00c9crit par":"admin","Dur\u00e9e de lecture estim\u00e9e":"2 minutes"},"schema":{"@context":"https:\/\/schema.org","@graph":[{"@type":"Article","@id":"https:\/\/lasentinelle.dz\/index.php\/2026\/01\/25\/coupe-dalgerie-un-plateau-releve-pour-les-quarts-de-finale-programmes-debut-mars\/#article","isPartOf":{"@id":"https:\/\/lasentinelle.dz\/index.php\/2026\/01\/25\/coupe-dalgerie-un-plateau-releve-pour-les-quarts-de-finale-programmes-debut-mars\/"},"author":{"name":"admin","@id":"https:\/\/lasentinelle.dz\/#\/schema\/person\/729ee0024f24e0b8c5ec17232f8e8b41"},"headline":"Coupe d&rsquo;Alg\u00e9rie\u00a0: Un plateau relev\u00e9 pour les quarts de finale programm\u00e9s d\u00e9but mars","datePublished":"2026-01-25T10:30:18+00:00","dateModified":"2026-01-25T11:36:29+00:00","mainEntityOfPage":{"@id":"https:\/\/lasentinelle.dz\/index.php\/2026\/01\/25\/coupe-dalgerie-un-plateau-releve-pour-les-quarts-de-finale-programmes-debut-mars\/"},"wordCount":385,"commentCount":0,"publisher":{"@id":"https:\/\/lasentinelle.dz\/#organization"},"image":{"@id":"https:\/\/lasentinelle.dz\/index.php\/2026\/01\/25\/coupe-dalgerie-un-plateau-releve-pour-les-quarts-de-finale-programmes-debut-mars\/#primaryimage"},"thumbnailUrl":"https:\/\/lasentinelle.dz\/wp-content\/uploads\/2025\/02\/Coupe-dAlgerie-scaled.jpg","articleSection":["Sports"],"inLanguage":"fr-FR","potentialAction":[{"@type":"CommentAction","name":"Comment","target":["https:\/\/lasentinelle.dz\/index.php\/2026\/01\/25\/coupe-dalgerie-un-plateau-releve-pour-les-quarts-de-finale-programmes-debut-mars\/#respond"]}]},{"@type":"WebPage","@id":"https:\/\/lasentinelle.dz\/index.php\/2026\/01\/25\/coupe-dalgerie-un-plateau-releve-pour-les-quarts-de-finale-programmes-debut-mars\/","url":"https:\/\/lasentinelle.dz\/index.php\/2026\/01\/25\/coupe-dalgerie-un-plateau-releve-pour-les-quarts-de-finale-programmes-debut-mars\/","name":"Coupe d&rsquo;Alg\u00e9rie\u00a0: Un plateau relev\u00e9 pour les quarts de finale programm\u00e9s d\u00e9but mars - La Sentinelle","isPartOf":{"@id":"https:\/\/lasentinelle.dz\/#website"},"primaryImageOfPage":{"@id":"https:\/\/lasentinelle.dz\/index.php\/2026\/01\/25\/coupe-dalgerie-un-plateau-releve-pour-les-quarts-de-finale-programmes-debut-mars\/#primaryimage"},"image":{"@id":"https:\/\/lasentinelle.dz\/index.php\/2026\/01\/25\/coupe-dalgerie-un-plateau-releve-pour-les-quarts-de-finale-programmes-debut-mars\/#primaryimage"},"thumbnailUrl":"https:\/\/lasentinelle.dz\/wp-content\/uploads\/2025\/02\/Coupe-dAlgerie-scaled.jpg","datePublished":"2026-01-25T10:30:18+00:00","dateModified":"2026-01-25T11:36:29+00:00","breadcrumb":{"@id":"https:\/\/lasentinelle.dz\/index.php\/2026\/01\/25\/coupe-dalgerie-un-plateau-releve-pour-les-quarts-de-finale-programmes-debut-mars\/#breadcrumb"},"inLanguage":"fr-FR","potentialAction":[{"@type":"ReadAction","target":["https:\/\/lasentinelle.dz\/index.php\/2026\/01\/25\/coupe-dalgerie-un-plateau-releve-pour-les-quarts-de-finale-programmes-debut-mars\/"]}]},{"@type":"ImageObject","inLanguage":"fr-FR","@id":"https:\/\/lasentinelle.dz\/index.php\/2026\/01\/25\/coupe-dalgerie-un-plateau-releve-pour-les-quarts-de-finale-programmes-debut-mars\/#primaryimage","url":"https:\/\/lasentinelle.dz\/wp-content\/uploads\/2025\/02\/Coupe-dAlgerie-scaled.jpg","contentUrl":"https:\/\/lasentinelle.dz\/wp-content\/uploads\/2025\/02\/Coupe-dAlgerie-scaled.jpg","width":2560,"height":1598},{"@type":"BreadcrumbList","@id":"https:\/\/lasentinelle.dz\/index.php\/2026\/01\/25\/coupe-dalgerie-un-plateau-releve-pour-les-quarts-de-finale-programmes-debut-mars\/#breadcrumb","itemListElement":[{"@type":"ListItem","position":1,"name":"Accueil","item":"https:\/\/lasentinelle.dz\/"},{"@type":"ListItem","position":2,"name":"Coupe d&rsquo;Alg\u00e9rie\u00a0: Un plateau relev\u00e9 pour les quarts de finale programm\u00e9s d\u00e9but mars"}]},{"@type":"WebSite","@id":"https:\/\/lasentinelle.dz\/#website","url":"https:\/\/lasentinelle.dz\/","name":"La Sentinelle","description":"Quotidien national d&#039;information","publisher":{"@id":"https:\/\/lasentinelle.dz\/#organization"},"potentialAction":[{"@type":"SearchAction","target":{"@type":"EntryPoint","urlTemplate":"https:\/\/lasentinelle.dz\/?s={search_term_string}"},"query-input":{"@type":"PropertyValueSpecification","valueRequired":true,"valueName":"search_term_string"}}],"inLanguage":"fr-FR"},{"@type":"Organization","@id":"https:\/\/lasentinelle.dz\/#organization","name":"Quotidien La Sentinelle","url":"https:\/\/lasentinelle.dz\/","logo":{"@type":"ImageObject","inLanguage":"fr-FR","@id":"https:\/\/lasentinelle.dz\/#\/schema\/logo\/image\/","url":"https:\/\/lasentinelle.dz\/wp-content\/uploads\/2021\/09\/logo-sentinelleSLOGAN-1.png","contentUrl":"https:\/\/lasentinelle.dz\/wp-content\/uploads\/2021\/09\/logo-sentinelleSLOGAN-1.png","width":615,"height":142,"caption":"Quotidien La Sentinelle"},"image":{"@id":"https:\/\/lasentinelle.dz\/#\/schema\/logo\/image\/"},"sameAs":["https:\/\/www.facebook.com\/La-Sentinelle-104059864394773"]},{"@type":"Person","@id":"https:\/\/lasentinelle.dz\/#\/schema\/person\/729ee0024f24e0b8c5ec17232f8e8b41","name":"admin","image":{"@type":"ImageObject","inLanguage":"fr-FR","@id":"https:\/\/secure.gravatar.com\/avatar\/4c81fed838786e9b53f540bf46533e750f5d292099ae3b66cfc6fb1982e29df7?s=96&d=mm&r=g","url":"https:\/\/secure.gravatar.com\/avatar\/4c81fed838786e9b53f540bf46533e750f5d292099ae3b66cfc6fb1982e29df7?s=96&d=mm&r=g","contentUrl":"https:\/\/secure.gravatar.com\/avatar\/4c81fed838786e9b53f540bf46533e750f5d292099ae3b66cfc6fb1982e29df7?s=96&d=mm&r=g","caption":"admin"},"description":"admin","url":"https:\/\/lasentinelle.dz\/author\/admin\/"}]}},"_links":{"self":[{"href":"https:\/\/lasentinelle.dz\/index.php\/wp-json\/wp\/v2\/posts\/79985","targetHints":{"allow":["GET"]}}],"collection":[{"href":"https:\/\/lasentinelle.dz\/index.php\/wp-json\/wp\/v2\/posts"}],"about":[{"href":"https:\/\/lasentinelle.dz\/index.php\/wp-json\/wp\/v2\/types\/post"}],"author":[{"embeddable":true,"href":"https:\/\/lasentinelle.dz\/index.php\/wp-json\/wp\/v2\/users\/6"}],"replies":[{"embeddable":true,"href":"https:\/\/lasentinelle.dz\/index.php\/wp-json\/wp\/v2\/comments?post=79985"}],"version-history":[{"count":2,"href":"https:\/\/lasentinelle.dz\/index.php\/wp-json\/wp\/v2\/posts\/79985\/revisions"}],"predecessor-version":[{"id":79987,"href":"https:\/\/lasentinelle.dz\/index.php\/wp-json\/wp\/v2\/posts\/79985\/revisions\/79987"}],"wp:featuredmedia":[{"embeddable":true,"href":"https:\/\/lasentinelle.dz\/index.php\/wp-json\/wp\/v2\/media\/62703"}],"wp:attachment":[{"href":"https:\/\/lasentinelle.dz\/index.php\/wp-json\/wp\/v2\/media?parent=79985"}],"wp:term":[{"taxonomy":"category","embeddable":true,"href":"https:\/\/lasentinelle.dz\/index.php\/wp-json\/wp\/v2\/categories?post=79985"},{"taxonomy":"post_tag","embeddable":true,"href":"https:\/\/lasentinelle.dz\/index.php\/wp-json\/wp\/v2\/tags?post=79985"}],"curies":[{"name":"wp","href":"https:\/\/api.w.org\/{rel}","templated":true}]}}