{"id":79988,"date":"2026-01-25T11:31:39","date_gmt":"2026-01-25T10:31:39","guid":{"rendered":"https:\/\/lasentinelle.dz\/?p=79988"},"modified":"2026-01-25T12:32:29","modified_gmt":"2026-01-25T11:32:29","slug":"ligue-1-mobilis-les-mal-classes-se-rebiffent","status":"publish","type":"post","link":"https:\/\/lasentinelle.dz\/index.php\/2026\/01\/25\/ligue-1-mobilis-les-mal-classes-se-rebiffent\/","title":{"rendered":"Ligue 1 Mobilis\u00a0: Les mal-class\u00e9s\u00a0se rebiffent"},"content":{"rendered":"\n<p>La seizi\u00e8me journ\u00e9e de la Ligue 1 Mobilis, qui marque l&rsquo;ouverture de la phase retour du championnat national, a \u00e9t\u00e9 domin\u00e9e vendredi par la r\u00e9bellion des \u00e9quipes de bas de tableau, l&rsquo;ES S\u00e9tif, l&rsquo;ASO Chlef et l&rsquo;ES Mostaganem signant des victoires pr\u00e9cieuses dans leur qu\u00eate pour le maintien, tandis que le Bureau f\u00e9d\u00e9ral de la F\u00e9d\u00e9ration alg\u00e9rienne de football a valid\u00e9 jeudi le calendrier d\u00e9finitif de la comp\u00e9tition, dont la cl\u00f4ture est programm\u00e9e au 22 mai prochain.<\/p>\n\n\n\n<p>Englu\u00e9 dans les profondeurs du classement, ce trio d&rsquo;\u00e9quipes menac\u00e9es a envoy\u00e9 un message clair \u00e0 leurs concurrents directs dans la course au maintien, profitant de cette premi\u00e8re journ\u00e9e retour pour inverser la tendance et relancer leurs espoirs de survie en \u00e9lite. Au stade Mohamed-Bensa\u00efd de Mostaganem, l&rsquo;Esp\u00e9rance locale s&rsquo;en est remise \u00e0 son buteur attitr\u00e9 Zoubir Motrani, auteur d&rsquo;un but salvateur en fin de match face \u00e0 l&rsquo;Olympique Akbou. Sa r\u00e9alisation \u00e0 la 81e minute permet \u00e0 l&rsquo;ESM de s&rsquo;imposer dans un duel crucial pour le maintien, m\u00eame&nbsp;s\u2019il&nbsp;reste scotch\u00e9 \u00e0 la quinzi\u00e8me place avec douze points, toujours dans la zone de rel\u00e9gation. Cette pr\u00e9cieuse victoire devrait n\u00e9anmoins permettre aux joueurs de l&rsquo;entra\u00eeneur tunisien Hatem Missaoui d&rsquo;amorcer leur mission de sauvetage avec davantage de s\u00e9r\u00e9nit\u00e9 et de confiance pour la suite du parcours.<\/p>\n\n\n\n<p>En revanche, l&rsquo;Olympique Akbou continue de traverser une p\u00e9riode d\u00e9licate, confirmant ses difficult\u00e9s actuelles. Les co\u00e9quipiers de Taoufik Addadi alignent d\u00e9sormais un cinqui\u00e8me match sans victoire, toutes comp\u00e9titions confondues, une s\u00e9rie inqui\u00e9tante qui met d&rsquo;ores et d\u00e9j\u00e0 l&rsquo;entra\u00eeneur Lotfi Amrouche dans une position inconfortable sur le banc kabyle. La direction du club devra rapidement trouver des solutions pour enrayer cette spirale n\u00e9gative qui pourrait compromettre les ambitions de la formation de B\u00e9ja\u00efa.<\/p>\n\n\n\n<p>De son c\u00f4t\u00e9, l&rsquo;ASO Chlef a r\u00e9alis\u00e9 une op\u00e9ration comptable majeure en quittant la zone de rel\u00e9gation gr\u00e2ce \u00e0 un succ\u00e8s autoritaire \u00e0 domicile face au Paradou AC. Les Ch\u00e9lifiens se sont impos\u00e9s deux buts \u00e0 z\u00e9ro gr\u00e2ce \u00e0 l&rsquo;attaquant lib\u00e9rien Ledlum, qui a ouvert le score \u00e0 la 28e minute, avant que Bekkouche ne double la mise en d\u00e9but de seconde p\u00e9riode. Engag\u00e9 par la direction en remplacement de Fouad Bouali, dont le contrat a \u00e9t\u00e9 r\u00e9sili\u00e9 \u00e0 l&rsquo;amiable, Abdelhak Bela\u00efd r\u00e9ussit ses d\u00e9buts sur le banc ch\u00e9lifien de la plus belle des mani\u00e8res, m\u00eame s&rsquo;il devra confirmer cette embellie lors des prochaines journ\u00e9es pour installer durablement son \u00e9quipe hors de la zone rouge.<\/p>\n\n\n\n<p>Cette victoire permet \u00e0 l&rsquo;ASO de rejoindre son adversaire du jour avec dix-sept points chacun, tout en le rel\u00e9guant \u00e0 la position de troisi\u00e8me rel\u00e9gable gr\u00e2ce \u00e0 une diff\u00e9rence de buts particuli\u00e8re favorable aux Ch\u00e9lifiens. Le Paradou AC fait du surplace et aligne un deuxi\u00e8me revers cons\u00e9cutif, toutes comp\u00e9titions confondues, apr\u00e8s son \u00e9limination en huiti\u00e8me de finale de la Coupe d&rsquo;Alg\u00e9rie sur le terrain du CA Batna, pensionnaire de Ligue 2, aux tirs au but. Les Acad\u00e9miciens devront rapidement se ressaisir pour ne pas glisser davantage vers le bas du tableau.<\/p>\n\n\n\n<p>Du c\u00f4t\u00e9 des hauts plateaux et sous un froid glacial caract\u00e9ristique de la r\u00e9gion s\u00e9tifienne, l&rsquo;Entente a sorti la t\u00eate de l&rsquo;eau en surclassant l&rsquo;USM Khenchela sur le score fleuve de quatre buts \u00e0 un dans son antre du 8-Mai 1945. Le festival offensif des locaux a \u00e9t\u00e9 entam\u00e9 d\u00e8s la deuxi\u00e8me minute gr\u00e2ce au capitaine Djahnit, avant que Hamidi, Zerrouki et Toual ne donnent plus d&rsquo;ampleur \u00e0 la victoire de l&rsquo;ESS en inscrivant respectivement aux 8e, 40e et 62e minutes. Les Khenchelis ont termin\u00e9 la partie en inf\u00e9riorit\u00e9 num\u00e9rique apr\u00e8s l&rsquo;expulsion du gardien Oussama Litim \u00e0 la 58e minute, ne parvenant qu&rsquo;\u00e0 r\u00e9duire le score par l&rsquo;interm\u00e9diaire de Bakir \u00e0 la cinquanti\u00e8me minute.<\/p>\n\n\n\n<p>Cette large victoire permet aux S\u00e9tifiens de stopper l&rsquo;h\u00e9morragie, eux qui restaient sur une \u00e9limination en Coupe d&rsquo;Alg\u00e9rie et trois matchs cons\u00e9cutifs sans succ\u00e8s en championnat. \u00c0 l&rsquo;issue de ce succ\u00e8s convaincant, l&rsquo;ESS grimpe \u00e0 la douzi\u00e8me place avec dix-neuf points, \u00e0 deux longueurs du troisi\u00e8me rel\u00e9gable, redonnant espoir aux supporters de l&rsquo;Aigle Noir. Les visiteurs, dont il s&rsquo;agit de la deuxi\u00e8me d\u00e9faite de suite, restent scotch\u00e9s \u00e0 la neuvi\u00e8me position avec vingt-et-un points, dans une zone certes plus confortable mais n\u00e9cessitant de la vigilance.<\/p>\n\n\n\n<p>Il convient de noter que deux matchs ont \u00e9t\u00e9 report\u00e9s \u00e0 une date ult\u00e9rieure dans le cadre de cette seizi\u00e8me journ\u00e9e, \u00e0 savoir USM Alger contre JS Kabylie et CR Belouizdad face au MC Alger, en raison de l&rsquo;engagement de ce quatuor en phase de groupes de la Ligue des champions et de la Coupe de la Conf\u00e9d\u00e9ration africaines. Ces rencontres seront reprogramm\u00e9es ult\u00e9rieurement selon le calendrier \u00e9tabli par la Ligue de football professionnel.<\/p>\n\n\n\n<p><strong>La fin du championnat fix\u00e9e&nbsp;au 22 mai<\/strong><\/p>\n\n\n\n<p>Notons que le Bureau f\u00e9d\u00e9ral de la F\u00e9d\u00e9ration alg\u00e9rienne de football, r\u00e9uni jeudi au Centre technique national de Sidi Moussa, a valid\u00e9 le calendrier de la phase retour du championnat de Ligue 1 Mobilis, dont la cl\u00f4ture est fix\u00e9e au vendredi 22 mai 2026, comme l&rsquo;a indiqu\u00e9 la Ligue de football professionnel dans un communiqu\u00e9 officiel. Selon le programme arr\u00eat\u00e9 par les instances, quatre journ\u00e9es de championnat se disputeront au cours du mois de f\u00e9vrier, tandis que les neuf derni\u00e8res journ\u00e9es se disputeront en mars, avril et mai, au rythme de trois journ\u00e9es par mois, imposant un calendrier particuli\u00e8rement dense aux formations engag\u00e9es.<\/p>\n\n\n\n<p>Les matchs en retard concernant les clubs alg\u00e9riens engag\u00e9s dans les comp\u00e9titions africaines interclubs seront programm\u00e9s \u00e0 partir du 25 mars, avec notamment les rencontres CR Belouizdad contre MC Alger et USM Alger face \u00e0 JS Kabylie, comptant pour la mise \u00e0 jour de la seizi\u00e8me journ\u00e9e. La mise \u00e0 jour du calendrier se poursuivra le lundi 30 mars pour le compte de la dix-septi\u00e8me journ\u00e9e, puis le vendredi 24 avril pour la dix-huiti\u00e8me journ\u00e9e, avant les matchs en retard de la dix-neuvi\u00e8me journ\u00e9e pr\u00e9vus les mardi 28 et mercredi 29 avril. La LFP a toutefois pr\u00e9cis\u00e9 que ce calendrier demeure pr\u00e9visionnel et pourrait conna\u00eetre des ajustements en fonction du parcours des clubs alg\u00e9riens en comp\u00e9titions africaines ou de contraintes organisationnelles diverses.<\/p>\n\n\n\n<p>Moncef D.<\/p>\n","protected":false},"excerpt":{"rendered":"<p>La seizi\u00e8me journ\u00e9e de la Ligue 1 Mobilis, qui marque l&rsquo;ouverture de la phase retour du championnat national, a \u00e9t\u00e9<\/p>\n","protected":false},"author":6,"featured_media":79989,"comment_status":"open","ping_status":"closed","sticky":false,"template":"","format":"standard","meta":{"colormag_page_container_layout":"default_layout","colormag_page_sidebar_layout":"default_layout","om_disable_all_campaigns":false,"_monsterinsights_skip_tracking":false,"_monsterinsights_sitenote_active":false,"_monsterinsights_sitenote_note":"","_monsterinsights_sitenote_category":0,"footnotes":"","_wpscppro_dont_share_socialmedia":false,"_wpscppro_custom_social_share_image":0,"_facebook_share_type":"default","_twitter_share_type":"default","_linkedin_share_type":"default","_pinterest_share_type":"default","_linkedin_share_type_page":"","_instagram_share_type":"default","_medium_share_type":"default","_threads_share_type":"default","_google_business_share_type":"default","_selected_social_profile":[],"_wpsp_enable_custom_social_template":false,"_wpsp_social_scheduling":{"enabled":false,"datetime":null,"platforms":[],"status":"template_only","dateOption":"today","timeOption":"now","customDays":"","customHours":"","customDate":"","customTime":"","schedulingType":"absolute"},"_wpsp_active_default_template":true},"categories":[33],"tags":[],"class_list":["post-79988","post","type-post","status-publish","format-standard","has-post-thumbnail","hentry","category-sports"],"aioseo_notices":[],"yoast_head":"<!-- This site is optimized with the Yoast SEO plugin v27.5 - https:\/\/yoast.com\/product\/yoast-seo-wordpress\/ -->\n<title>Ligue 1 Mobilis\u00a0: Les mal-class\u00e9s\u00a0se rebiffent - La Sentinelle<\/title>\n<meta name=\"robots\" content=\"index, follow, max-snippet:-1, max-image-preview:large, max-video-preview:-1\" \/>\n<link rel=\"canonical\" href=\"https:\/\/lasentinelle.dz\/index.php\/2026\/01\/25\/ligue-1-mobilis-les-mal-classes-se-rebiffent\/\" \/>\n<meta property=\"og:locale\" content=\"fr_FR\" \/>\n<meta property=\"og:type\" content=\"article\" \/>\n<meta property=\"og:title\" content=\"Ligue 1 Mobilis\u00a0: Les mal-class\u00e9s\u00a0se rebiffent - La Sentinelle\" \/>\n<meta property=\"og:description\" content=\"La seizi\u00e8me journ\u00e9e de la Ligue 1 Mobilis, qui marque l&rsquo;ouverture de la phase retour du championnat national, a \u00e9t\u00e9\" \/>\n<meta property=\"og:url\" content=\"https:\/\/lasentinelle.dz\/index.php\/2026\/01\/25\/ligue-1-mobilis-les-mal-classes-se-rebiffent\/\" \/>\n<meta property=\"og:site_name\" content=\"La Sentinelle\" \/>\n<meta property=\"article:publisher\" content=\"https:\/\/www.facebook.com\/La-Sentinelle-104059864394773\" \/>\n<meta property=\"article:published_time\" content=\"2026-01-25T10:31:39+00:00\" \/>\n<meta property=\"article:modified_time\" content=\"2026-01-25T11:32:29+00:00\" \/>\n<meta property=\"og:image\" content=\"https:\/\/lasentinelle.dz\/wp-content\/uploads\/2026\/01\/ESS.jpeg\" \/>\n\t<meta property=\"og:image:width\" content=\"1616\" \/>\n\t<meta property=\"og:image:height\" content=\"1080\" \/>\n\t<meta property=\"og:image:type\" content=\"image\/jpeg\" \/>\n<meta name=\"author\" content=\"admin\" \/>\n<meta name=\"twitter:card\" content=\"summary_large_image\" \/>\n<meta name=\"twitter:label1\" content=\"\u00c9crit par\" \/>\n\t<meta name=\"twitter:data1\" content=\"admin\" \/>\n\t<meta name=\"twitter:label2\" content=\"Dur\u00e9e de lecture estim\u00e9e\" \/>\n\t<meta name=\"twitter:data2\" content=\"6 minutes\" \/>\n<script type=\"application\/ld+json\" class=\"yoast-schema-graph\">{\"@context\":\"https:\\\/\\\/schema.org\",\"@graph\":[{\"@type\":\"Article\",\"@id\":\"https:\\\/\\\/lasentinelle.dz\\\/index.php\\\/2026\\\/01\\\/25\\\/ligue-1-mobilis-les-mal-classes-se-rebiffent\\\/#article\",\"isPartOf\":{\"@id\":\"https:\\\/\\\/lasentinelle.dz\\\/index.php\\\/2026\\\/01\\\/25\\\/ligue-1-mobilis-les-mal-classes-se-rebiffent\\\/\"},\"author\":{\"name\":\"admin\",\"@id\":\"https:\\\/\\\/lasentinelle.dz\\\/#\\\/schema\\\/person\\\/729ee0024f24e0b8c5ec17232f8e8b41\"},\"headline\":\"Ligue 1 Mobilis\u00a0: Les mal-class\u00e9s\u00a0se rebiffent\",\"datePublished\":\"2026-01-25T10:31:39+00:00\",\"dateModified\":\"2026-01-25T11:32:29+00:00\",\"mainEntityOfPage\":{\"@id\":\"https:\\\/\\\/lasentinelle.dz\\\/index.php\\\/2026\\\/01\\\/25\\\/ligue-1-mobilis-les-mal-classes-se-rebiffent\\\/\"},\"wordCount\":1154,\"commentCount\":0,\"publisher\":{\"@id\":\"https:\\\/\\\/lasentinelle.dz\\\/#organization\"},\"image\":{\"@id\":\"https:\\\/\\\/lasentinelle.dz\\\/index.php\\\/2026\\\/01\\\/25\\\/ligue-1-mobilis-les-mal-classes-se-rebiffent\\\/#primaryimage\"},\"thumbnailUrl\":\"https:\\\/\\\/lasentinelle.dz\\\/wp-content\\\/uploads\\\/2026\\\/01\\\/ESS.jpeg\",\"articleSection\":[\"Sports\"],\"inLanguage\":\"fr-FR\",\"potentialAction\":[{\"@type\":\"CommentAction\",\"name\":\"Comment\",\"target\":[\"https:\\\/\\\/lasentinelle.dz\\\/index.php\\\/2026\\\/01\\\/25\\\/ligue-1-mobilis-les-mal-classes-se-rebiffent\\\/#respond\"]}]},{\"@type\":\"WebPage\",\"@id\":\"https:\\\/\\\/lasentinelle.dz\\\/index.php\\\/2026\\\/01\\\/25\\\/ligue-1-mobilis-les-mal-classes-se-rebiffent\\\/\",\"url\":\"https:\\\/\\\/lasentinelle.dz\\\/index.php\\\/2026\\\/01\\\/25\\\/ligue-1-mobilis-les-mal-classes-se-rebiffent\\\/\",\"name\":\"Ligue 1 Mobilis\u00a0: Les mal-class\u00e9s\u00a0se rebiffent - La Sentinelle\",\"isPartOf\":{\"@id\":\"https:\\\/\\\/lasentinelle.dz\\\/#website\"},\"primaryImageOfPage\":{\"@id\":\"https:\\\/\\\/lasentinelle.dz\\\/index.php\\\/2026\\\/01\\\/25\\\/ligue-1-mobilis-les-mal-classes-se-rebiffent\\\/#primaryimage\"},\"image\":{\"@id\":\"https:\\\/\\\/lasentinelle.dz\\\/index.php\\\/2026\\\/01\\\/25\\\/ligue-1-mobilis-les-mal-classes-se-rebiffent\\\/#primaryimage\"},\"thumbnailUrl\":\"https:\\\/\\\/lasentinelle.dz\\\/wp-content\\\/uploads\\\/2026\\\/01\\\/ESS.jpeg\",\"datePublished\":\"2026-01-25T10:31:39+00:00\",\"dateModified\":\"2026-01-25T11:32:29+00:00\",\"breadcrumb\":{\"@id\":\"https:\\\/\\\/lasentinelle.dz\\\/index.php\\\/2026\\\/01\\\/25\\\/ligue-1-mobilis-les-mal-classes-se-rebiffent\\\/#breadcrumb\"},\"inLanguage\":\"fr-FR\",\"potentialAction\":[{\"@type\":\"ReadAction\",\"target\":[\"https:\\\/\\\/lasentinelle.dz\\\/index.php\\\/2026\\\/01\\\/25\\\/ligue-1-mobilis-les-mal-classes-se-rebiffent\\\/\"]}]},{\"@type\":\"ImageObject\",\"inLanguage\":\"fr-FR\",\"@id\":\"https:\\\/\\\/lasentinelle.dz\\\/index.php\\\/2026\\\/01\\\/25\\\/ligue-1-mobilis-les-mal-classes-se-rebiffent\\\/#primaryimage\",\"url\":\"https:\\\/\\\/lasentinelle.dz\\\/wp-content\\\/uploads\\\/2026\\\/01\\\/ESS.jpeg\",\"contentUrl\":\"https:\\\/\\\/lasentinelle.dz\\\/wp-content\\\/uploads\\\/2026\\\/01\\\/ESS.jpeg\",\"width\":1616,\"height\":1080},{\"@type\":\"BreadcrumbList\",\"@id\":\"https:\\\/\\\/lasentinelle.dz\\\/index.php\\\/2026\\\/01\\\/25\\\/ligue-1-mobilis-les-mal-classes-se-rebiffent\\\/#breadcrumb\",\"itemListElement\":[{\"@type\":\"ListItem\",\"position\":1,\"name\":\"Accueil\",\"item\":\"https:\\\/\\\/lasentinelle.dz\\\/\"},{\"@type\":\"ListItem\",\"position\":2,\"name\":\"Ligue 1 Mobilis\u00a0: Les mal-class\u00e9s\u00a0se rebiffent\"}]},{\"@type\":\"WebSite\",\"@id\":\"https:\\\/\\\/lasentinelle.dz\\\/#website\",\"url\":\"https:\\\/\\\/lasentinelle.dz\\\/\",\"name\":\"La Sentinelle\",\"description\":\"Quotidien national d&#039;information\",\"publisher\":{\"@id\":\"https:\\\/\\\/lasentinelle.dz\\\/#organization\"},\"potentialAction\":[{\"@type\":\"SearchAction\",\"target\":{\"@type\":\"EntryPoint\",\"urlTemplate\":\"https:\\\/\\\/lasentinelle.dz\\\/?s={search_term_string}\"},\"query-input\":{\"@type\":\"PropertyValueSpecification\",\"valueRequired\":true,\"valueName\":\"search_term_string\"}}],\"inLanguage\":\"fr-FR\"},{\"@type\":\"Organization\",\"@id\":\"https:\\\/\\\/lasentinelle.dz\\\/#organization\",\"name\":\"Quotidien La Sentinelle\",\"url\":\"https:\\\/\\\/lasentinelle.dz\\\/\",\"logo\":{\"@type\":\"ImageObject\",\"inLanguage\":\"fr-FR\",\"@id\":\"https:\\\/\\\/lasentinelle.dz\\\/#\\\/schema\\\/logo\\\/image\\\/\",\"url\":\"https:\\\/\\\/lasentinelle.dz\\\/wp-content\\\/uploads\\\/2021\\\/09\\\/logo-sentinelleSLOGAN-1.png\",\"contentUrl\":\"https:\\\/\\\/lasentinelle.dz\\\/wp-content\\\/uploads\\\/2021\\\/09\\\/logo-sentinelleSLOGAN-1.png\",\"width\":615,\"height\":142,\"caption\":\"Quotidien La Sentinelle\"},\"image\":{\"@id\":\"https:\\\/\\\/lasentinelle.dz\\\/#\\\/schema\\\/logo\\\/image\\\/\"},\"sameAs\":[\"https:\\\/\\\/www.facebook.com\\\/La-Sentinelle-104059864394773\"]},{\"@type\":\"Person\",\"@id\":\"https:\\\/\\\/lasentinelle.dz\\\/#\\\/schema\\\/person\\\/729ee0024f24e0b8c5ec17232f8e8b41\",\"name\":\"admin\",\"image\":{\"@type\":\"ImageObject\",\"inLanguage\":\"fr-FR\",\"@id\":\"https:\\\/\\\/secure.gravatar.com\\\/avatar\\\/4c81fed838786e9b53f540bf46533e750f5d292099ae3b66cfc6fb1982e29df7?s=96&d=mm&r=g\",\"url\":\"https:\\\/\\\/secure.gravatar.com\\\/avatar\\\/4c81fed838786e9b53f540bf46533e750f5d292099ae3b66cfc6fb1982e29df7?s=96&d=mm&r=g\",\"contentUrl\":\"https:\\\/\\\/secure.gravatar.com\\\/avatar\\\/4c81fed838786e9b53f540bf46533e750f5d292099ae3b66cfc6fb1982e29df7?s=96&d=mm&r=g\",\"caption\":\"admin\"},\"description\":\"admin\",\"url\":\"https:\\\/\\\/lasentinelle.dz\\\/author\\\/admin\\\/\"}]}<\/script>\n<!-- \/ Yoast SEO plugin. -->","yoast_head_json":{"title":"Ligue 1 Mobilis\u00a0: Les mal-class\u00e9s\u00a0se rebiffent - La Sentinelle","robots":{"index":"index","follow":"follow","max-snippet":"max-snippet:-1","max-image-preview":"max-image-preview:large","max-video-preview":"max-video-preview:-1"},"canonical":"https:\/\/lasentinelle.dz\/index.php\/2026\/01\/25\/ligue-1-mobilis-les-mal-classes-se-rebiffent\/","og_locale":"fr_FR","og_type":"article","og_title":"Ligue 1 Mobilis\u00a0: Les mal-class\u00e9s\u00a0se rebiffent - La Sentinelle","og_description":"La seizi\u00e8me journ\u00e9e de la Ligue 1 Mobilis, qui marque l&rsquo;ouverture de la phase retour du championnat national, a \u00e9t\u00e9","og_url":"https:\/\/lasentinelle.dz\/index.php\/2026\/01\/25\/ligue-1-mobilis-les-mal-classes-se-rebiffent\/","og_site_name":"La Sentinelle","article_publisher":"https:\/\/www.facebook.com\/La-Sentinelle-104059864394773","article_published_time":"2026-01-25T10:31:39+00:00","article_modified_time":"2026-01-25T11:32:29+00:00","og_image":[{"width":1616,"height":1080,"url":"https:\/\/lasentinelle.dz\/wp-content\/uploads\/2026\/01\/ESS.jpeg","type":"image\/jpeg"}],"author":"admin","twitter_card":"summary_large_image","twitter_misc":{"\u00c9crit par":"admin","Dur\u00e9e de lecture estim\u00e9e":"6 minutes"},"schema":{"@context":"https:\/\/schema.org","@graph":[{"@type":"Article","@id":"https:\/\/lasentinelle.dz\/index.php\/2026\/01\/25\/ligue-1-mobilis-les-mal-classes-se-rebiffent\/#article","isPartOf":{"@id":"https:\/\/lasentinelle.dz\/index.php\/2026\/01\/25\/ligue-1-mobilis-les-mal-classes-se-rebiffent\/"},"author":{"name":"admin","@id":"https:\/\/lasentinelle.dz\/#\/schema\/person\/729ee0024f24e0b8c5ec17232f8e8b41"},"headline":"Ligue 1 Mobilis\u00a0: Les mal-class\u00e9s\u00a0se rebiffent","datePublished":"2026-01-25T10:31:39+00:00","dateModified":"2026-01-25T11:32:29+00:00","mainEntityOfPage":{"@id":"https:\/\/lasentinelle.dz\/index.php\/2026\/01\/25\/ligue-1-mobilis-les-mal-classes-se-rebiffent\/"},"wordCount":1154,"commentCount":0,"publisher":{"@id":"https:\/\/lasentinelle.dz\/#organization"},"image":{"@id":"https:\/\/lasentinelle.dz\/index.php\/2026\/01\/25\/ligue-1-mobilis-les-mal-classes-se-rebiffent\/#primaryimage"},"thumbnailUrl":"https:\/\/lasentinelle.dz\/wp-content\/uploads\/2026\/01\/ESS.jpeg","articleSection":["Sports"],"inLanguage":"fr-FR","potentialAction":[{"@type":"CommentAction","name":"Comment","target":["https:\/\/lasentinelle.dz\/index.php\/2026\/01\/25\/ligue-1-mobilis-les-mal-classes-se-rebiffent\/#respond"]}]},{"@type":"WebPage","@id":"https:\/\/lasentinelle.dz\/index.php\/2026\/01\/25\/ligue-1-mobilis-les-mal-classes-se-rebiffent\/","url":"https:\/\/lasentinelle.dz\/index.php\/2026\/01\/25\/ligue-1-mobilis-les-mal-classes-se-rebiffent\/","name":"Ligue 1 Mobilis\u00a0: Les mal-class\u00e9s\u00a0se rebiffent - La Sentinelle","isPartOf":{"@id":"https:\/\/lasentinelle.dz\/#website"},"primaryImageOfPage":{"@id":"https:\/\/lasentinelle.dz\/index.php\/2026\/01\/25\/ligue-1-mobilis-les-mal-classes-se-rebiffent\/#primaryimage"},"image":{"@id":"https:\/\/lasentinelle.dz\/index.php\/2026\/01\/25\/ligue-1-mobilis-les-mal-classes-se-rebiffent\/#primaryimage"},"thumbnailUrl":"https:\/\/lasentinelle.dz\/wp-content\/uploads\/2026\/01\/ESS.jpeg","datePublished":"2026-01-25T10:31:39+00:00","dateModified":"2026-01-25T11:32:29+00:00","breadcrumb":{"@id":"https:\/\/lasentinelle.dz\/index.php\/2026\/01\/25\/ligue-1-mobilis-les-mal-classes-se-rebiffent\/#breadcrumb"},"inLanguage":"fr-FR","potentialAction":[{"@type":"ReadAction","target":["https:\/\/lasentinelle.dz\/index.php\/2026\/01\/25\/ligue-1-mobilis-les-mal-classes-se-rebiffent\/"]}]},{"@type":"ImageObject","inLanguage":"fr-FR","@id":"https:\/\/lasentinelle.dz\/index.php\/2026\/01\/25\/ligue-1-mobilis-les-mal-classes-se-rebiffent\/#primaryimage","url":"https:\/\/lasentinelle.dz\/wp-content\/uploads\/2026\/01\/ESS.jpeg","contentUrl":"https:\/\/lasentinelle.dz\/wp-content\/uploads\/2026\/01\/ESS.jpeg","width":1616,"height":1080},{"@type":"BreadcrumbList","@id":"https:\/\/lasentinelle.dz\/index.php\/2026\/01\/25\/ligue-1-mobilis-les-mal-classes-se-rebiffent\/#breadcrumb","itemListElement":[{"@type":"ListItem","position":1,"name":"Accueil","item":"https:\/\/lasentinelle.dz\/"},{"@type":"ListItem","position":2,"name":"Ligue 1 Mobilis\u00a0: Les mal-class\u00e9s\u00a0se rebiffent"}]},{"@type":"WebSite","@id":"https:\/\/lasentinelle.dz\/#website","url":"https:\/\/lasentinelle.dz\/","name":"La Sentinelle","description":"Quotidien national d&#039;information","publisher":{"@id":"https:\/\/lasentinelle.dz\/#organization"},"potentialAction":[{"@type":"SearchAction","target":{"@type":"EntryPoint","urlTemplate":"https:\/\/lasentinelle.dz\/?s={search_term_string}"},"query-input":{"@type":"PropertyValueSpecification","valueRequired":true,"valueName":"search_term_string"}}],"inLanguage":"fr-FR"},{"@type":"Organization","@id":"https:\/\/lasentinelle.dz\/#organization","name":"Quotidien La Sentinelle","url":"https:\/\/lasentinelle.dz\/","logo":{"@type":"ImageObject","inLanguage":"fr-FR","@id":"https:\/\/lasentinelle.dz\/#\/schema\/logo\/image\/","url":"https:\/\/lasentinelle.dz\/wp-content\/uploads\/2021\/09\/logo-sentinelleSLOGAN-1.png","contentUrl":"https:\/\/lasentinelle.dz\/wp-content\/uploads\/2021\/09\/logo-sentinelleSLOGAN-1.png","width":615,"height":142,"caption":"Quotidien La Sentinelle"},"image":{"@id":"https:\/\/lasentinelle.dz\/#\/schema\/logo\/image\/"},"sameAs":["https:\/\/www.facebook.com\/La-Sentinelle-104059864394773"]},{"@type":"Person","@id":"https:\/\/lasentinelle.dz\/#\/schema\/person\/729ee0024f24e0b8c5ec17232f8e8b41","name":"admin","image":{"@type":"ImageObject","inLanguage":"fr-FR","@id":"https:\/\/secure.gravatar.com\/avatar\/4c81fed838786e9b53f540bf46533e750f5d292099ae3b66cfc6fb1982e29df7?s=96&d=mm&r=g","url":"https:\/\/secure.gravatar.com\/avatar\/4c81fed838786e9b53f540bf46533e750f5d292099ae3b66cfc6fb1982e29df7?s=96&d=mm&r=g","contentUrl":"https:\/\/secure.gravatar.com\/avatar\/4c81fed838786e9b53f540bf46533e750f5d292099ae3b66cfc6fb1982e29df7?s=96&d=mm&r=g","caption":"admin"},"description":"admin","url":"https:\/\/lasentinelle.dz\/author\/admin\/"}]}},"_links":{"self":[{"href":"https:\/\/lasentinelle.dz\/index.php\/wp-json\/wp\/v2\/posts\/79988","targetHints":{"allow":["GET"]}}],"collection":[{"href":"https:\/\/lasentinelle.dz\/index.php\/wp-json\/wp\/v2\/posts"}],"about":[{"href":"https:\/\/lasentinelle.dz\/index.php\/wp-json\/wp\/v2\/types\/post"}],"author":[{"embeddable":true,"href":"https:\/\/lasentinelle.dz\/index.php\/wp-json\/wp\/v2\/users\/6"}],"replies":[{"embeddable":true,"href":"https:\/\/lasentinelle.dz\/index.php\/wp-json\/wp\/v2\/comments?post=79988"}],"version-history":[{"count":1,"href":"https:\/\/lasentinelle.dz\/index.php\/wp-json\/wp\/v2\/posts\/79988\/revisions"}],"predecessor-version":[{"id":79990,"href":"https:\/\/lasentinelle.dz\/index.php\/wp-json\/wp\/v2\/posts\/79988\/revisions\/79990"}],"wp:featuredmedia":[{"embeddable":true,"href":"https:\/\/lasentinelle.dz\/index.php\/wp-json\/wp\/v2\/media\/79989"}],"wp:attachment":[{"href":"https:\/\/lasentinelle.dz\/index.php\/wp-json\/wp\/v2\/media?parent=79988"}],"wp:term":[{"taxonomy":"category","embeddable":true,"href":"https:\/\/lasentinelle.dz\/index.php\/wp-json\/wp\/v2\/categories?post=79988"},{"taxonomy":"post_tag","embeddable":true,"href":"https:\/\/lasentinelle.dz\/index.php\/wp-json\/wp\/v2\/tags?post=79988"}],"curies":[{"name":"wp","href":"https:\/\/api.w.org\/{rel}","templated":true}]}}