{"id":79994,"date":"2026-01-25T11:34:00","date_gmt":"2026-01-25T10:34:00","guid":{"rendered":"https:\/\/lasentinelle.dz\/?p=79994"},"modified":"2026-01-25T12:35:03","modified_gmt":"2026-01-25T11:35:03","slug":"can-2026-de-futsal-la-selection-nationale-poursuit-son-stage-de-preparation-a-alger","status":"publish","type":"post","link":"https:\/\/lasentinelle.dz\/index.php\/2026\/01\/25\/can-2026-de-futsal-la-selection-nationale-poursuit-son-stage-de-preparation-a-alger\/","title":{"rendered":"CAN 2026\u00a0de Futsal\u00a0: La s\u00e9lection nationale poursuit son stage de pr\u00e9paration \u00e0 Alger"},"content":{"rendered":"\n<p>L&rsquo;\u00e9quipe nationale de futsal poursuit son stage de pr\u00e9paration, entam\u00e9 depuis lundi dernier \u00e0 Alger, en pr\u00e9vision de la double confrontation face \u00e0 la Guin\u00e9e, comptant pour le deuxi\u00e8me tour des qualifications \u00e0 la Coupe d&rsquo;Afrique de Futsal 2026, a indiqu\u00e9 la F\u00e9d\u00e9ration alg\u00e9rienne de football (FAF).&nbsp;Les joueurs du s\u00e9lectionneur Nourredine Benamrouche ont disput\u00e9, vendredi apr\u00e8s-midi, un match d&rsquo;application dans l&rsquo;une des salles de la capitale face \u00e0 l\u2019\u00e9quipe de l\u2019Union du Littoral, pensionnaire de la division une, une rencontre remport\u00e9e largement par les Verts (9-0), selon la m\u00eame source.&nbsp;Un deuxi\u00e8me match d\u2019application est programm\u00e9 ce samedi face \u00e0 l&rsquo;\u00e9quipe de l\u2019Athl\u00e9tic Auzium. Cette rencontre permettra au staff technique de donner du temps de jeu aux \u00e9l\u00e9ments n\u2019ayant pas pris part au premier match et d&rsquo;\u00e9valuer l&rsquo;\u00e9tat de pr\u00e9paration de l\u2019ensemble de l&rsquo;effectif pr\u00e9sent lors de ce stage.&nbsp;Pour rappel, le coach national a convoqu\u00e9 19 joueurs pour effectuer ce stage de pr\u00e9paration qui se poursuivra jusqu&rsquo;au 9 f\u00e9vrier prochain.<\/p>\n\n\n\n<p>Exempt\u00e9e du premier tour, la s\u00e9lection alg\u00e9rienne affrontera son homologue guin\u00e9enne lors d&rsquo;un duel aller-retour. Le match aller est pr\u00e9vu \u00e0 Conakry le 3 ou 4 f\u00e9vrier prochain, tandis que le retour aura lieu \u00e0 Alger le 7 ou 8 f\u00e9vrier, selon le tirage au sort effectu\u00e9 le 7 janvier au Caire.&nbsp;Outre l&rsquo;Alg\u00e9rie et la Guin\u00e9e, les autres s\u00e9lections engag\u00e9es dans ces \u00e9liminatoires sont : Angola, Cameroun, Cap-Vert, C\u00f4te d\u2019Ivoire, Egypte, Libye, Ghana, Kenya, Mauritanie, Mozambique, Namibie, S\u00e9n\u00e9gal, Soudan du Sud, Tanzanie, Zambie et Zimbabwe.Les \u00e9liminatoires se d\u00e9rouleront en deux tours : le premier tour avec huit \u00e9quipes qui s\u2019affronteront en aller-retour, tandis que dix autres seront exempt\u00e9es.&nbsp;Le deuxi\u00e8me tour regroupera les quatre vainqueurs du premier tour et les dix \u00e9quipes exempt\u00e9es pour se disputer les sept places qualificatives pour la phase finale. Toutes les confrontations se joueront en matches aller-retour, le score cumul\u00e9 d\u00e9terminant les \u00e9quipes qualifi\u00e9es.<\/p>\n\n\n\n<p>A l&rsquo;issue du deuxi\u00e8me tour, les sept \u00e9quipes victorieuses au score cumul\u00e9 se qualifieront pour la phase finale de la Coupe d\u2019Afrique des Nations de Futsal 2026, aux c\u00f4t\u00e9s du pays h\u00f4te.<\/p>\n\n\n\n<p>APS&nbsp;<\/p>\n","protected":false},"excerpt":{"rendered":"<p>L&rsquo;\u00e9quipe nationale de futsal poursuit son stage de pr\u00e9paration, entam\u00e9 depuis lundi dernier \u00e0 Alger, en pr\u00e9vision de la double<\/p>\n","protected":false},"author":6,"featured_media":79995,"comment_status":"open","ping_status":"closed","sticky":false,"template":"","format":"standard","meta":{"colormag_page_container_layout":"default_layout","colormag_page_sidebar_layout":"default_layout","om_disable_all_campaigns":false,"_monsterinsights_skip_tracking":false,"_monsterinsights_sitenote_active":false,"_monsterinsights_sitenote_note":"","_monsterinsights_sitenote_category":0,"footnotes":"","_wpscppro_dont_share_socialmedia":false,"_wpscppro_custom_social_share_image":0,"_facebook_share_type":"default","_twitter_share_type":"default","_linkedin_share_type":"default","_pinterest_share_type":"default","_linkedin_share_type_page":"","_instagram_share_type":"default","_medium_share_type":"default","_threads_share_type":"default","_google_business_share_type":"default","_selected_social_profile":[],"_wpsp_enable_custom_social_template":false,"_wpsp_social_scheduling":{"enabled":false,"datetime":null,"platforms":[],"status":"template_only","dateOption":"today","timeOption":"now","customDays":"","customHours":"","customDate":"","customTime":"","schedulingType":"absolute"},"_wpsp_active_default_template":true},"categories":[33],"tags":[],"class_list":["post-79994","post","type-post","status-publish","format-standard","has-post-thumbnail","hentry","category-sports"],"aioseo_notices":[],"yoast_head":"<!-- This site is optimized with the Yoast SEO plugin v27.5 - https:\/\/yoast.com\/product\/yoast-seo-wordpress\/ -->\n<title>CAN 2026\u00a0de Futsal\u00a0: La s\u00e9lection nationale poursuit son stage de pr\u00e9paration \u00e0 Alger - La Sentinelle<\/title>\n<meta name=\"robots\" content=\"index, follow, max-snippet:-1, max-image-preview:large, max-video-preview:-1\" \/>\n<link rel=\"canonical\" href=\"https:\/\/lasentinelle.dz\/index.php\/2026\/01\/25\/can-2026-de-futsal-la-selection-nationale-poursuit-son-stage-de-preparation-a-alger\/\" \/>\n<meta property=\"og:locale\" content=\"fr_FR\" \/>\n<meta property=\"og:type\" content=\"article\" \/>\n<meta property=\"og:title\" content=\"CAN 2026\u00a0de Futsal\u00a0: La s\u00e9lection nationale poursuit son stage de pr\u00e9paration \u00e0 Alger - La Sentinelle\" \/>\n<meta property=\"og:description\" content=\"L&rsquo;\u00e9quipe nationale de futsal poursuit son stage de pr\u00e9paration, entam\u00e9 depuis lundi dernier \u00e0 Alger, en pr\u00e9vision de la double\" \/>\n<meta property=\"og:url\" content=\"https:\/\/lasentinelle.dz\/index.php\/2026\/01\/25\/can-2026-de-futsal-la-selection-nationale-poursuit-son-stage-de-preparation-a-alger\/\" \/>\n<meta property=\"og:site_name\" content=\"La Sentinelle\" \/>\n<meta property=\"article:publisher\" content=\"https:\/\/www.facebook.com\/La-Sentinelle-104059864394773\" \/>\n<meta property=\"article:published_time\" content=\"2026-01-25T10:34:00+00:00\" \/>\n<meta property=\"article:modified_time\" content=\"2026-01-25T11:35:03+00:00\" \/>\n<meta property=\"og:image\" content=\"https:\/\/lasentinelle.dz\/wp-content\/uploads\/2026\/01\/futsal.jpeg\" \/>\n\t<meta property=\"og:image:width\" content=\"2030\" \/>\n\t<meta property=\"og:image:height\" content=\"1350\" \/>\n\t<meta property=\"og:image:type\" content=\"image\/jpeg\" \/>\n<meta name=\"author\" content=\"admin\" \/>\n<meta name=\"twitter:card\" content=\"summary_large_image\" \/>\n<meta name=\"twitter:label1\" content=\"\u00c9crit par\" \/>\n\t<meta name=\"twitter:data1\" content=\"admin\" \/>\n\t<meta name=\"twitter:label2\" content=\"Dur\u00e9e de lecture estim\u00e9e\" \/>\n\t<meta name=\"twitter:data2\" content=\"2 minutes\" \/>\n<script type=\"application\/ld+json\" class=\"yoast-schema-graph\">{\"@context\":\"https:\\\/\\\/schema.org\",\"@graph\":[{\"@type\":\"Article\",\"@id\":\"https:\\\/\\\/lasentinelle.dz\\\/index.php\\\/2026\\\/01\\\/25\\\/can-2026-de-futsal-la-selection-nationale-poursuit-son-stage-de-preparation-a-alger\\\/#article\",\"isPartOf\":{\"@id\":\"https:\\\/\\\/lasentinelle.dz\\\/index.php\\\/2026\\\/01\\\/25\\\/can-2026-de-futsal-la-selection-nationale-poursuit-son-stage-de-preparation-a-alger\\\/\"},\"author\":{\"name\":\"admin\",\"@id\":\"https:\\\/\\\/lasentinelle.dz\\\/#\\\/schema\\\/person\\\/729ee0024f24e0b8c5ec17232f8e8b41\"},\"headline\":\"CAN 2026\u00a0de Futsal\u00a0: La s\u00e9lection nationale poursuit son stage de pr\u00e9paration \u00e0 Alger\",\"datePublished\":\"2026-01-25T10:34:00+00:00\",\"dateModified\":\"2026-01-25T11:35:03+00:00\",\"mainEntityOfPage\":{\"@id\":\"https:\\\/\\\/lasentinelle.dz\\\/index.php\\\/2026\\\/01\\\/25\\\/can-2026-de-futsal-la-selection-nationale-poursuit-son-stage-de-preparation-a-alger\\\/\"},\"wordCount\":411,\"commentCount\":0,\"publisher\":{\"@id\":\"https:\\\/\\\/lasentinelle.dz\\\/#organization\"},\"image\":{\"@id\":\"https:\\\/\\\/lasentinelle.dz\\\/index.php\\\/2026\\\/01\\\/25\\\/can-2026-de-futsal-la-selection-nationale-poursuit-son-stage-de-preparation-a-alger\\\/#primaryimage\"},\"thumbnailUrl\":\"https:\\\/\\\/lasentinelle.dz\\\/wp-content\\\/uploads\\\/2026\\\/01\\\/futsal.jpeg\",\"articleSection\":[\"Sports\"],\"inLanguage\":\"fr-FR\",\"potentialAction\":[{\"@type\":\"CommentAction\",\"name\":\"Comment\",\"target\":[\"https:\\\/\\\/lasentinelle.dz\\\/index.php\\\/2026\\\/01\\\/25\\\/can-2026-de-futsal-la-selection-nationale-poursuit-son-stage-de-preparation-a-alger\\\/#respond\"]}]},{\"@type\":\"WebPage\",\"@id\":\"https:\\\/\\\/lasentinelle.dz\\\/index.php\\\/2026\\\/01\\\/25\\\/can-2026-de-futsal-la-selection-nationale-poursuit-son-stage-de-preparation-a-alger\\\/\",\"url\":\"https:\\\/\\\/lasentinelle.dz\\\/index.php\\\/2026\\\/01\\\/25\\\/can-2026-de-futsal-la-selection-nationale-poursuit-son-stage-de-preparation-a-alger\\\/\",\"name\":\"CAN 2026\u00a0de Futsal\u00a0: La s\u00e9lection nationale poursuit son stage de pr\u00e9paration \u00e0 Alger - La Sentinelle\",\"isPartOf\":{\"@id\":\"https:\\\/\\\/lasentinelle.dz\\\/#website\"},\"primaryImageOfPage\":{\"@id\":\"https:\\\/\\\/lasentinelle.dz\\\/index.php\\\/2026\\\/01\\\/25\\\/can-2026-de-futsal-la-selection-nationale-poursuit-son-stage-de-preparation-a-alger\\\/#primaryimage\"},\"image\":{\"@id\":\"https:\\\/\\\/lasentinelle.dz\\\/index.php\\\/2026\\\/01\\\/25\\\/can-2026-de-futsal-la-selection-nationale-poursuit-son-stage-de-preparation-a-alger\\\/#primaryimage\"},\"thumbnailUrl\":\"https:\\\/\\\/lasentinelle.dz\\\/wp-content\\\/uploads\\\/2026\\\/01\\\/futsal.jpeg\",\"datePublished\":\"2026-01-25T10:34:00+00:00\",\"dateModified\":\"2026-01-25T11:35:03+00:00\",\"breadcrumb\":{\"@id\":\"https:\\\/\\\/lasentinelle.dz\\\/index.php\\\/2026\\\/01\\\/25\\\/can-2026-de-futsal-la-selection-nationale-poursuit-son-stage-de-preparation-a-alger\\\/#breadcrumb\"},\"inLanguage\":\"fr-FR\",\"potentialAction\":[{\"@type\":\"ReadAction\",\"target\":[\"https:\\\/\\\/lasentinelle.dz\\\/index.php\\\/2026\\\/01\\\/25\\\/can-2026-de-futsal-la-selection-nationale-poursuit-son-stage-de-preparation-a-alger\\\/\"]}]},{\"@type\":\"ImageObject\",\"inLanguage\":\"fr-FR\",\"@id\":\"https:\\\/\\\/lasentinelle.dz\\\/index.php\\\/2026\\\/01\\\/25\\\/can-2026-de-futsal-la-selection-nationale-poursuit-son-stage-de-preparation-a-alger\\\/#primaryimage\",\"url\":\"https:\\\/\\\/lasentinelle.dz\\\/wp-content\\\/uploads\\\/2026\\\/01\\\/futsal.jpeg\",\"contentUrl\":\"https:\\\/\\\/lasentinelle.dz\\\/wp-content\\\/uploads\\\/2026\\\/01\\\/futsal.jpeg\",\"width\":2030,\"height\":1350},{\"@type\":\"BreadcrumbList\",\"@id\":\"https:\\\/\\\/lasentinelle.dz\\\/index.php\\\/2026\\\/01\\\/25\\\/can-2026-de-futsal-la-selection-nationale-poursuit-son-stage-de-preparation-a-alger\\\/#breadcrumb\",\"itemListElement\":[{\"@type\":\"ListItem\",\"position\":1,\"name\":\"Accueil\",\"item\":\"https:\\\/\\\/lasentinelle.dz\\\/\"},{\"@type\":\"ListItem\",\"position\":2,\"name\":\"CAN 2026\u00a0de Futsal\u00a0: La s\u00e9lection nationale poursuit son stage de pr\u00e9paration \u00e0 Alger\"}]},{\"@type\":\"WebSite\",\"@id\":\"https:\\\/\\\/lasentinelle.dz\\\/#website\",\"url\":\"https:\\\/\\\/lasentinelle.dz\\\/\",\"name\":\"La Sentinelle\",\"description\":\"Quotidien national d&#039;information\",\"publisher\":{\"@id\":\"https:\\\/\\\/lasentinelle.dz\\\/#organization\"},\"potentialAction\":[{\"@type\":\"SearchAction\",\"target\":{\"@type\":\"EntryPoint\",\"urlTemplate\":\"https:\\\/\\\/lasentinelle.dz\\\/?s={search_term_string}\"},\"query-input\":{\"@type\":\"PropertyValueSpecification\",\"valueRequired\":true,\"valueName\":\"search_term_string\"}}],\"inLanguage\":\"fr-FR\"},{\"@type\":\"Organization\",\"@id\":\"https:\\\/\\\/lasentinelle.dz\\\/#organization\",\"name\":\"Quotidien La Sentinelle\",\"url\":\"https:\\\/\\\/lasentinelle.dz\\\/\",\"logo\":{\"@type\":\"ImageObject\",\"inLanguage\":\"fr-FR\",\"@id\":\"https:\\\/\\\/lasentinelle.dz\\\/#\\\/schema\\\/logo\\\/image\\\/\",\"url\":\"https:\\\/\\\/lasentinelle.dz\\\/wp-content\\\/uploads\\\/2021\\\/09\\\/logo-sentinelleSLOGAN-1.png\",\"contentUrl\":\"https:\\\/\\\/lasentinelle.dz\\\/wp-content\\\/uploads\\\/2021\\\/09\\\/logo-sentinelleSLOGAN-1.png\",\"width\":615,\"height\":142,\"caption\":\"Quotidien La Sentinelle\"},\"image\":{\"@id\":\"https:\\\/\\\/lasentinelle.dz\\\/#\\\/schema\\\/logo\\\/image\\\/\"},\"sameAs\":[\"https:\\\/\\\/www.facebook.com\\\/La-Sentinelle-104059864394773\"]},{\"@type\":\"Person\",\"@id\":\"https:\\\/\\\/lasentinelle.dz\\\/#\\\/schema\\\/person\\\/729ee0024f24e0b8c5ec17232f8e8b41\",\"name\":\"admin\",\"image\":{\"@type\":\"ImageObject\",\"inLanguage\":\"fr-FR\",\"@id\":\"https:\\\/\\\/secure.gravatar.com\\\/avatar\\\/4c81fed838786e9b53f540bf46533e750f5d292099ae3b66cfc6fb1982e29df7?s=96&d=mm&r=g\",\"url\":\"https:\\\/\\\/secure.gravatar.com\\\/avatar\\\/4c81fed838786e9b53f540bf46533e750f5d292099ae3b66cfc6fb1982e29df7?s=96&d=mm&r=g\",\"contentUrl\":\"https:\\\/\\\/secure.gravatar.com\\\/avatar\\\/4c81fed838786e9b53f540bf46533e750f5d292099ae3b66cfc6fb1982e29df7?s=96&d=mm&r=g\",\"caption\":\"admin\"},\"description\":\"admin\",\"url\":\"https:\\\/\\\/lasentinelle.dz\\\/author\\\/admin\\\/\"}]}<\/script>\n<!-- \/ Yoast SEO plugin. -->","yoast_head_json":{"title":"CAN 2026\u00a0de Futsal\u00a0: La s\u00e9lection nationale poursuit son stage de pr\u00e9paration \u00e0 Alger - La Sentinelle","robots":{"index":"index","follow":"follow","max-snippet":"max-snippet:-1","max-image-preview":"max-image-preview:large","max-video-preview":"max-video-preview:-1"},"canonical":"https:\/\/lasentinelle.dz\/index.php\/2026\/01\/25\/can-2026-de-futsal-la-selection-nationale-poursuit-son-stage-de-preparation-a-alger\/","og_locale":"fr_FR","og_type":"article","og_title":"CAN 2026\u00a0de Futsal\u00a0: La s\u00e9lection nationale poursuit son stage de pr\u00e9paration \u00e0 Alger - La Sentinelle","og_description":"L&rsquo;\u00e9quipe nationale de futsal poursuit son stage de pr\u00e9paration, entam\u00e9 depuis lundi dernier \u00e0 Alger, en pr\u00e9vision de la double","og_url":"https:\/\/lasentinelle.dz\/index.php\/2026\/01\/25\/can-2026-de-futsal-la-selection-nationale-poursuit-son-stage-de-preparation-a-alger\/","og_site_name":"La Sentinelle","article_publisher":"https:\/\/www.facebook.com\/La-Sentinelle-104059864394773","article_published_time":"2026-01-25T10:34:00+00:00","article_modified_time":"2026-01-25T11:35:03+00:00","og_image":[{"width":2030,"height":1350,"url":"https:\/\/lasentinelle.dz\/wp-content\/uploads\/2026\/01\/futsal.jpeg","type":"image\/jpeg"}],"author":"admin","twitter_card":"summary_large_image","twitter_misc":{"\u00c9crit par":"admin","Dur\u00e9e de lecture estim\u00e9e":"2 minutes"},"schema":{"@context":"https:\/\/schema.org","@graph":[{"@type":"Article","@id":"https:\/\/lasentinelle.dz\/index.php\/2026\/01\/25\/can-2026-de-futsal-la-selection-nationale-poursuit-son-stage-de-preparation-a-alger\/#article","isPartOf":{"@id":"https:\/\/lasentinelle.dz\/index.php\/2026\/01\/25\/can-2026-de-futsal-la-selection-nationale-poursuit-son-stage-de-preparation-a-alger\/"},"author":{"name":"admin","@id":"https:\/\/lasentinelle.dz\/#\/schema\/person\/729ee0024f24e0b8c5ec17232f8e8b41"},"headline":"CAN 2026\u00a0de Futsal\u00a0: La s\u00e9lection nationale poursuit son stage de pr\u00e9paration \u00e0 Alger","datePublished":"2026-01-25T10:34:00+00:00","dateModified":"2026-01-25T11:35:03+00:00","mainEntityOfPage":{"@id":"https:\/\/lasentinelle.dz\/index.php\/2026\/01\/25\/can-2026-de-futsal-la-selection-nationale-poursuit-son-stage-de-preparation-a-alger\/"},"wordCount":411,"commentCount":0,"publisher":{"@id":"https:\/\/lasentinelle.dz\/#organization"},"image":{"@id":"https:\/\/lasentinelle.dz\/index.php\/2026\/01\/25\/can-2026-de-futsal-la-selection-nationale-poursuit-son-stage-de-preparation-a-alger\/#primaryimage"},"thumbnailUrl":"https:\/\/lasentinelle.dz\/wp-content\/uploads\/2026\/01\/futsal.jpeg","articleSection":["Sports"],"inLanguage":"fr-FR","potentialAction":[{"@type":"CommentAction","name":"Comment","target":["https:\/\/lasentinelle.dz\/index.php\/2026\/01\/25\/can-2026-de-futsal-la-selection-nationale-poursuit-son-stage-de-preparation-a-alger\/#respond"]}]},{"@type":"WebPage","@id":"https:\/\/lasentinelle.dz\/index.php\/2026\/01\/25\/can-2026-de-futsal-la-selection-nationale-poursuit-son-stage-de-preparation-a-alger\/","url":"https:\/\/lasentinelle.dz\/index.php\/2026\/01\/25\/can-2026-de-futsal-la-selection-nationale-poursuit-son-stage-de-preparation-a-alger\/","name":"CAN 2026\u00a0de Futsal\u00a0: La s\u00e9lection nationale poursuit son stage de pr\u00e9paration \u00e0 Alger - La Sentinelle","isPartOf":{"@id":"https:\/\/lasentinelle.dz\/#website"},"primaryImageOfPage":{"@id":"https:\/\/lasentinelle.dz\/index.php\/2026\/01\/25\/can-2026-de-futsal-la-selection-nationale-poursuit-son-stage-de-preparation-a-alger\/#primaryimage"},"image":{"@id":"https:\/\/lasentinelle.dz\/index.php\/2026\/01\/25\/can-2026-de-futsal-la-selection-nationale-poursuit-son-stage-de-preparation-a-alger\/#primaryimage"},"thumbnailUrl":"https:\/\/lasentinelle.dz\/wp-content\/uploads\/2026\/01\/futsal.jpeg","datePublished":"2026-01-25T10:34:00+00:00","dateModified":"2026-01-25T11:35:03+00:00","breadcrumb":{"@id":"https:\/\/lasentinelle.dz\/index.php\/2026\/01\/25\/can-2026-de-futsal-la-selection-nationale-poursuit-son-stage-de-preparation-a-alger\/#breadcrumb"},"inLanguage":"fr-FR","potentialAction":[{"@type":"ReadAction","target":["https:\/\/lasentinelle.dz\/index.php\/2026\/01\/25\/can-2026-de-futsal-la-selection-nationale-poursuit-son-stage-de-preparation-a-alger\/"]}]},{"@type":"ImageObject","inLanguage":"fr-FR","@id":"https:\/\/lasentinelle.dz\/index.php\/2026\/01\/25\/can-2026-de-futsal-la-selection-nationale-poursuit-son-stage-de-preparation-a-alger\/#primaryimage","url":"https:\/\/lasentinelle.dz\/wp-content\/uploads\/2026\/01\/futsal.jpeg","contentUrl":"https:\/\/lasentinelle.dz\/wp-content\/uploads\/2026\/01\/futsal.jpeg","width":2030,"height":1350},{"@type":"BreadcrumbList","@id":"https:\/\/lasentinelle.dz\/index.php\/2026\/01\/25\/can-2026-de-futsal-la-selection-nationale-poursuit-son-stage-de-preparation-a-alger\/#breadcrumb","itemListElement":[{"@type":"ListItem","position":1,"name":"Accueil","item":"https:\/\/lasentinelle.dz\/"},{"@type":"ListItem","position":2,"name":"CAN 2026\u00a0de Futsal\u00a0: La s\u00e9lection nationale poursuit son stage de pr\u00e9paration \u00e0 Alger"}]},{"@type":"WebSite","@id":"https:\/\/lasentinelle.dz\/#website","url":"https:\/\/lasentinelle.dz\/","name":"La Sentinelle","description":"Quotidien national d&#039;information","publisher":{"@id":"https:\/\/lasentinelle.dz\/#organization"},"potentialAction":[{"@type":"SearchAction","target":{"@type":"EntryPoint","urlTemplate":"https:\/\/lasentinelle.dz\/?s={search_term_string}"},"query-input":{"@type":"PropertyValueSpecification","valueRequired":true,"valueName":"search_term_string"}}],"inLanguage":"fr-FR"},{"@type":"Organization","@id":"https:\/\/lasentinelle.dz\/#organization","name":"Quotidien La Sentinelle","url":"https:\/\/lasentinelle.dz\/","logo":{"@type":"ImageObject","inLanguage":"fr-FR","@id":"https:\/\/lasentinelle.dz\/#\/schema\/logo\/image\/","url":"https:\/\/lasentinelle.dz\/wp-content\/uploads\/2021\/09\/logo-sentinelleSLOGAN-1.png","contentUrl":"https:\/\/lasentinelle.dz\/wp-content\/uploads\/2021\/09\/logo-sentinelleSLOGAN-1.png","width":615,"height":142,"caption":"Quotidien La Sentinelle"},"image":{"@id":"https:\/\/lasentinelle.dz\/#\/schema\/logo\/image\/"},"sameAs":["https:\/\/www.facebook.com\/La-Sentinelle-104059864394773"]},{"@type":"Person","@id":"https:\/\/lasentinelle.dz\/#\/schema\/person\/729ee0024f24e0b8c5ec17232f8e8b41","name":"admin","image":{"@type":"ImageObject","inLanguage":"fr-FR","@id":"https:\/\/secure.gravatar.com\/avatar\/4c81fed838786e9b53f540bf46533e750f5d292099ae3b66cfc6fb1982e29df7?s=96&d=mm&r=g","url":"https:\/\/secure.gravatar.com\/avatar\/4c81fed838786e9b53f540bf46533e750f5d292099ae3b66cfc6fb1982e29df7?s=96&d=mm&r=g","contentUrl":"https:\/\/secure.gravatar.com\/avatar\/4c81fed838786e9b53f540bf46533e750f5d292099ae3b66cfc6fb1982e29df7?s=96&d=mm&r=g","caption":"admin"},"description":"admin","url":"https:\/\/lasentinelle.dz\/author\/admin\/"}]}},"_links":{"self":[{"href":"https:\/\/lasentinelle.dz\/index.php\/wp-json\/wp\/v2\/posts\/79994","targetHints":{"allow":["GET"]}}],"collection":[{"href":"https:\/\/lasentinelle.dz\/index.php\/wp-json\/wp\/v2\/posts"}],"about":[{"href":"https:\/\/lasentinelle.dz\/index.php\/wp-json\/wp\/v2\/types\/post"}],"author":[{"embeddable":true,"href":"https:\/\/lasentinelle.dz\/index.php\/wp-json\/wp\/v2\/users\/6"}],"replies":[{"embeddable":true,"href":"https:\/\/lasentinelle.dz\/index.php\/wp-json\/wp\/v2\/comments?post=79994"}],"version-history":[{"count":1,"href":"https:\/\/lasentinelle.dz\/index.php\/wp-json\/wp\/v2\/posts\/79994\/revisions"}],"predecessor-version":[{"id":79996,"href":"https:\/\/lasentinelle.dz\/index.php\/wp-json\/wp\/v2\/posts\/79994\/revisions\/79996"}],"wp:featuredmedia":[{"embeddable":true,"href":"https:\/\/lasentinelle.dz\/index.php\/wp-json\/wp\/v2\/media\/79995"}],"wp:attachment":[{"href":"https:\/\/lasentinelle.dz\/index.php\/wp-json\/wp\/v2\/media?parent=79994"}],"wp:term":[{"taxonomy":"category","embeddable":true,"href":"https:\/\/lasentinelle.dz\/index.php\/wp-json\/wp\/v2\/categories?post=79994"},{"taxonomy":"post_tag","embeddable":true,"href":"https:\/\/lasentinelle.dz\/index.php\/wp-json\/wp\/v2\/tags?post=79994"}],"curies":[{"name":"wp","href":"https:\/\/api.w.org\/{rel}","templated":true}]}}