{"id":79997,"date":"2026-01-25T11:35:00","date_gmt":"2026-01-25T10:35:00","guid":{"rendered":"https:\/\/lasentinelle.dz\/?p=79997"},"modified":"2026-01-25T12:35:54","modified_gmt":"2026-01-25T11:35:54","slug":"can-feminine-2026-les-vertes-entament-leur-preparation-a-blida","status":"publish","type":"post","link":"https:\/\/lasentinelle.dz\/index.php\/2026\/01\/25\/can-feminine-2026-les-vertes-entament-leur-preparation-a-blida\/","title":{"rendered":"CAN f\u00e9minine 2026\u00a0: Les Vertes entament leur pr\u00e9paration \u00e0 Blida\u00a0"},"content":{"rendered":"\n<p>La s\u00e9lection alg\u00e9rienne f\u00e9minine de football effectuera un stage de pr\u00e9paration du 25 au 29 janvier \u00e0 Blida en pr\u00e9vision de la phase finale de la Coupe d&rsquo;Afrique des nations 2026 pr\u00e9vue en mars prochain au Maroc, a indiqu\u00e9 vendredi la F\u00e9d\u00e9ration alg\u00e9rienne de football sur son site officiel, avec au programme deux matchs d&rsquo;application pour \u00e9valuer les joueuses locales susceptibles d&rsquo;int\u00e9grer le groupe pour cette septi\u00e8me participation continentale des Vertes.<\/p>\n\n\n\n<p>Le s\u00e9lectionneur de l&rsquo;\u00e9quipe nationale f\u00e9minine Farid Benstiti a retenu&nbsp;27&nbsp;\u00e9l\u00e9ments compos\u00e9s de&nbsp;23&nbsp;joueuses de champ et quatre gardiennes de but, toutes \u00e9voluant dans le championnat local. Cet effectif \u00e9largi r\u00e9pond \u00e0 un objectif clairement d\u00e9fini par le staff technique national, celui d&rsquo;offrir aux footballeuses&nbsp;locales&nbsp;l&rsquo;opportunit\u00e9 de d\u00e9montrer leurs capacit\u00e9s techniques et physiques en vue d&rsquo;une \u00e9ventuelle int\u00e9gration au sein de la s\u00e9lection nationale lors des prochains rendez-vous, souligne la F\u00e9d\u00e9ration alg\u00e9rienne de football dans son communiqu\u00e9.&nbsp;Le programme de ce stage, \u00e9tal\u00e9 sur cinq jours dans la capitale des Roses, comprend l&rsquo;organisation de deux matchs d&rsquo;application qui permettront au s\u00e9lectionneur national d&rsquo;affiner ses choix et d&rsquo;\u00e9valuer le niveau de pr\u00e9paration de ses prot\u00e9g\u00e9es \u00e0 quelques semaines du rendez-vous continental. Le premier match opposera la s\u00e9lection nationale \u00e0 l&rsquo;Association d&rsquo;Alger-Centre lundi \u00e0 seize heures au stade Mustapha-Tchaker de Blida, enceinte mythique du football alg\u00e9rien qui a accueilli de nombreuses rencontres internationales. Le second affrontement amical est pr\u00e9vu face au CR Belouizdad mercredi \u00e0 seize heures au Centre technique national de Sidi Moussa \u00e0 Alger.<\/p>\n\n\n\n<p>Ces deux confrontations face \u00e0 des formations \u00e9voluant dans le championnat national f\u00e9minin permettront au staff technique de Farid Benstiti de tester diff\u00e9rents sch\u00e9mas tactiques et d&rsquo;observer le comportement des joueuses locales dans des conditions proches de la comp\u00e9tition. Le s\u00e9lectionneur pourra ainsi \u00e9valuer la forme physique de ses \u00e9l\u00e9ments, leur capacit\u00e9 d&rsquo;adaptation aux consignes tactiques et leur niveau technique avant de composer le groupe d\u00e9finitif qui repr\u00e9sentera l&rsquo;Alg\u00e9rie lors de la phase finale continentale.<\/p>\n\n\n\n<p>La s\u00e9lection alg\u00e9rienne prendra part pour la septi\u00e8me fois de son histoire \u00e0 la phase finale de la Coupe d&rsquo;Afrique des nations, mais surtout pour la deuxi\u00e8me fois cons\u00e9cutive, t\u00e9moignant d&rsquo;une constance retrouv\u00e9e dans les r\u00e9sultats du football f\u00e9minin alg\u00e9rien. Cette qualification successive constitue un signe encourageant de la progression du football f\u00e9minin national et de la structuration progressive de la discipline dans le pays. L&rsquo;\u00e9dition 2024 avait vu les joueuses du coach national Farid Benstiti r\u00e9aliser une performance historique en atteignant les quarts de finale de la comp\u00e9tition, parcours qui avait marqu\u00e9 les esprits et install\u00e9 l&rsquo;Alg\u00e9rie parmi les nations montantes du continent.<\/p>\n\n\n\n<p>L&rsquo;aventure continentale de 2024 s&rsquo;\u00e9tait achev\u00e9e de mani\u00e8re cruelle face au Ghana lors des quarts de finale. Les Alg\u00e9riennes s&rsquo;\u00e9taient inclin\u00e9es aux tirs au but sur le score de quatre \u00e0 deux, apr\u00e8s un match nul vierge au terme du temps r\u00e9glementaire et des prolongations. Cette \u00e9limination aux penaltys avait laiss\u00e9 des regrets tant les Vertes avaient d\u00e9montr\u00e9 leur capacit\u00e9 \u00e0 rivaliser avec les meilleures formations africaines, mais elle avait \u00e9galement confirm\u00e9 le potentiel de cette g\u00e9n\u00e9ration et les perspectives d&rsquo;avenir encourageantes pour le football f\u00e9minin alg\u00e9rien.<\/p>\n\n\n\n<p>Forte de cette exp\u00e9rience acquise lors de la pr\u00e9c\u00e9dente \u00e9dition, la s\u00e9lection nationale f\u00e9minine abordera cette CAN 2026 avec l&rsquo;ambition de franchir un nouveau palier et d&rsquo;atteindre au minimum le stade des demi-finales.&nbsp;<\/p>\n\n\n\n<p>M. Dahleb<\/p>\n","protected":false},"excerpt":{"rendered":"<p>La s\u00e9lection alg\u00e9rienne f\u00e9minine de football effectuera un stage de pr\u00e9paration du 25 au 29 janvier \u00e0 Blida en pr\u00e9vision<\/p>\n","protected":false},"author":6,"featured_media":79998,"comment_status":"open","ping_status":"closed","sticky":false,"template":"","format":"standard","meta":{"colormag_page_container_layout":"default_layout","colormag_page_sidebar_layout":"default_layout","om_disable_all_campaigns":false,"_monsterinsights_skip_tracking":false,"_monsterinsights_sitenote_active":false,"_monsterinsights_sitenote_note":"","_monsterinsights_sitenote_category":0,"footnotes":"","_wpscppro_dont_share_socialmedia":false,"_wpscppro_custom_social_share_image":0,"_facebook_share_type":"default","_twitter_share_type":"default","_linkedin_share_type":"default","_pinterest_share_type":"default","_linkedin_share_type_page":"","_instagram_share_type":"default","_medium_share_type":"default","_threads_share_type":"default","_google_business_share_type":"default","_selected_social_profile":[],"_wpsp_enable_custom_social_template":false,"_wpsp_social_scheduling":{"enabled":false,"datetime":null,"platforms":[],"status":"template_only","dateOption":"today","timeOption":"now","customDays":"","customHours":"","customDate":"","customTime":"","schedulingType":"absolute"},"_wpsp_active_default_template":true},"categories":[33],"tags":[],"class_list":["post-79997","post","type-post","status-publish","format-standard","has-post-thumbnail","hentry","category-sports"],"aioseo_notices":[],"yoast_head":"<!-- This site is optimized with the Yoast SEO plugin v27.5 - https:\/\/yoast.com\/product\/yoast-seo-wordpress\/ -->\n<title>CAN f\u00e9minine 2026\u00a0: Les Vertes entament leur pr\u00e9paration \u00e0 Blida\u00a0 - La Sentinelle<\/title>\n<meta name=\"robots\" content=\"index, follow, max-snippet:-1, max-image-preview:large, max-video-preview:-1\" \/>\n<link rel=\"canonical\" href=\"https:\/\/lasentinelle.dz\/index.php\/2026\/01\/25\/can-feminine-2026-les-vertes-entament-leur-preparation-a-blida\/\" \/>\n<meta property=\"og:locale\" content=\"fr_FR\" \/>\n<meta property=\"og:type\" content=\"article\" \/>\n<meta property=\"og:title\" content=\"CAN f\u00e9minine 2026\u00a0: Les Vertes entament leur pr\u00e9paration \u00e0 Blida\u00a0 - La Sentinelle\" \/>\n<meta property=\"og:description\" content=\"La s\u00e9lection alg\u00e9rienne f\u00e9minine de football effectuera un stage de pr\u00e9paration du 25 au 29 janvier \u00e0 Blida en pr\u00e9vision\" \/>\n<meta property=\"og:url\" content=\"https:\/\/lasentinelle.dz\/index.php\/2026\/01\/25\/can-feminine-2026-les-vertes-entament-leur-preparation-a-blida\/\" \/>\n<meta property=\"og:site_name\" content=\"La Sentinelle\" \/>\n<meta property=\"article:publisher\" content=\"https:\/\/www.facebook.com\/La-Sentinelle-104059864394773\" \/>\n<meta property=\"article:published_time\" content=\"2026-01-25T10:35:00+00:00\" \/>\n<meta property=\"article:modified_time\" content=\"2026-01-25T11:35:54+00:00\" \/>\n<meta property=\"og:image\" content=\"https:\/\/lasentinelle.dz\/wp-content\/uploads\/2026\/01\/Dames-1.jpeg\" \/>\n\t<meta property=\"og:image:width\" content=\"2400\" \/>\n\t<meta property=\"og:image:height\" content=\"1600\" \/>\n\t<meta property=\"og:image:type\" content=\"image\/jpeg\" \/>\n<meta name=\"author\" content=\"admin\" \/>\n<meta name=\"twitter:card\" content=\"summary_large_image\" \/>\n<meta name=\"twitter:label1\" content=\"\u00c9crit par\" \/>\n\t<meta name=\"twitter:data1\" content=\"admin\" \/>\n\t<meta name=\"twitter:label2\" content=\"Dur\u00e9e de lecture estim\u00e9e\" \/>\n\t<meta name=\"twitter:data2\" content=\"4 minutes\" \/>\n<script type=\"application\/ld+json\" class=\"yoast-schema-graph\">{\"@context\":\"https:\\\/\\\/schema.org\",\"@graph\":[{\"@type\":\"Article\",\"@id\":\"https:\\\/\\\/lasentinelle.dz\\\/index.php\\\/2026\\\/01\\\/25\\\/can-feminine-2026-les-vertes-entament-leur-preparation-a-blida\\\/#article\",\"isPartOf\":{\"@id\":\"https:\\\/\\\/lasentinelle.dz\\\/index.php\\\/2026\\\/01\\\/25\\\/can-feminine-2026-les-vertes-entament-leur-preparation-a-blida\\\/\"},\"author\":{\"name\":\"admin\",\"@id\":\"https:\\\/\\\/lasentinelle.dz\\\/#\\\/schema\\\/person\\\/729ee0024f24e0b8c5ec17232f8e8b41\"},\"headline\":\"CAN f\u00e9minine 2026\u00a0: Les Vertes entament leur pr\u00e9paration \u00e0 Blida\u00a0\",\"datePublished\":\"2026-01-25T10:35:00+00:00\",\"dateModified\":\"2026-01-25T11:35:54+00:00\",\"mainEntityOfPage\":{\"@id\":\"https:\\\/\\\/lasentinelle.dz\\\/index.php\\\/2026\\\/01\\\/25\\\/can-feminine-2026-les-vertes-entament-leur-preparation-a-blida\\\/\"},\"wordCount\":644,\"commentCount\":0,\"publisher\":{\"@id\":\"https:\\\/\\\/lasentinelle.dz\\\/#organization\"},\"image\":{\"@id\":\"https:\\\/\\\/lasentinelle.dz\\\/index.php\\\/2026\\\/01\\\/25\\\/can-feminine-2026-les-vertes-entament-leur-preparation-a-blida\\\/#primaryimage\"},\"thumbnailUrl\":\"https:\\\/\\\/lasentinelle.dz\\\/wp-content\\\/uploads\\\/2026\\\/01\\\/Dames-1.jpeg\",\"articleSection\":[\"Sports\"],\"inLanguage\":\"fr-FR\",\"potentialAction\":[{\"@type\":\"CommentAction\",\"name\":\"Comment\",\"target\":[\"https:\\\/\\\/lasentinelle.dz\\\/index.php\\\/2026\\\/01\\\/25\\\/can-feminine-2026-les-vertes-entament-leur-preparation-a-blida\\\/#respond\"]}]},{\"@type\":\"WebPage\",\"@id\":\"https:\\\/\\\/lasentinelle.dz\\\/index.php\\\/2026\\\/01\\\/25\\\/can-feminine-2026-les-vertes-entament-leur-preparation-a-blida\\\/\",\"url\":\"https:\\\/\\\/lasentinelle.dz\\\/index.php\\\/2026\\\/01\\\/25\\\/can-feminine-2026-les-vertes-entament-leur-preparation-a-blida\\\/\",\"name\":\"CAN f\u00e9minine 2026\u00a0: Les Vertes entament leur pr\u00e9paration \u00e0 Blida\u00a0 - La Sentinelle\",\"isPartOf\":{\"@id\":\"https:\\\/\\\/lasentinelle.dz\\\/#website\"},\"primaryImageOfPage\":{\"@id\":\"https:\\\/\\\/lasentinelle.dz\\\/index.php\\\/2026\\\/01\\\/25\\\/can-feminine-2026-les-vertes-entament-leur-preparation-a-blida\\\/#primaryimage\"},\"image\":{\"@id\":\"https:\\\/\\\/lasentinelle.dz\\\/index.php\\\/2026\\\/01\\\/25\\\/can-feminine-2026-les-vertes-entament-leur-preparation-a-blida\\\/#primaryimage\"},\"thumbnailUrl\":\"https:\\\/\\\/lasentinelle.dz\\\/wp-content\\\/uploads\\\/2026\\\/01\\\/Dames-1.jpeg\",\"datePublished\":\"2026-01-25T10:35:00+00:00\",\"dateModified\":\"2026-01-25T11:35:54+00:00\",\"breadcrumb\":{\"@id\":\"https:\\\/\\\/lasentinelle.dz\\\/index.php\\\/2026\\\/01\\\/25\\\/can-feminine-2026-les-vertes-entament-leur-preparation-a-blida\\\/#breadcrumb\"},\"inLanguage\":\"fr-FR\",\"potentialAction\":[{\"@type\":\"ReadAction\",\"target\":[\"https:\\\/\\\/lasentinelle.dz\\\/index.php\\\/2026\\\/01\\\/25\\\/can-feminine-2026-les-vertes-entament-leur-preparation-a-blida\\\/\"]}]},{\"@type\":\"ImageObject\",\"inLanguage\":\"fr-FR\",\"@id\":\"https:\\\/\\\/lasentinelle.dz\\\/index.php\\\/2026\\\/01\\\/25\\\/can-feminine-2026-les-vertes-entament-leur-preparation-a-blida\\\/#primaryimage\",\"url\":\"https:\\\/\\\/lasentinelle.dz\\\/wp-content\\\/uploads\\\/2026\\\/01\\\/Dames-1.jpeg\",\"contentUrl\":\"https:\\\/\\\/lasentinelle.dz\\\/wp-content\\\/uploads\\\/2026\\\/01\\\/Dames-1.jpeg\",\"width\":2400,\"height\":1600},{\"@type\":\"BreadcrumbList\",\"@id\":\"https:\\\/\\\/lasentinelle.dz\\\/index.php\\\/2026\\\/01\\\/25\\\/can-feminine-2026-les-vertes-entament-leur-preparation-a-blida\\\/#breadcrumb\",\"itemListElement\":[{\"@type\":\"ListItem\",\"position\":1,\"name\":\"Accueil\",\"item\":\"https:\\\/\\\/lasentinelle.dz\\\/\"},{\"@type\":\"ListItem\",\"position\":2,\"name\":\"CAN f\u00e9minine 2026\u00a0: Les Vertes entament leur pr\u00e9paration \u00e0 Blida\u00a0\"}]},{\"@type\":\"WebSite\",\"@id\":\"https:\\\/\\\/lasentinelle.dz\\\/#website\",\"url\":\"https:\\\/\\\/lasentinelle.dz\\\/\",\"name\":\"La Sentinelle\",\"description\":\"Quotidien national d&#039;information\",\"publisher\":{\"@id\":\"https:\\\/\\\/lasentinelle.dz\\\/#organization\"},\"potentialAction\":[{\"@type\":\"SearchAction\",\"target\":{\"@type\":\"EntryPoint\",\"urlTemplate\":\"https:\\\/\\\/lasentinelle.dz\\\/?s={search_term_string}\"},\"query-input\":{\"@type\":\"PropertyValueSpecification\",\"valueRequired\":true,\"valueName\":\"search_term_string\"}}],\"inLanguage\":\"fr-FR\"},{\"@type\":\"Organization\",\"@id\":\"https:\\\/\\\/lasentinelle.dz\\\/#organization\",\"name\":\"Quotidien La Sentinelle\",\"url\":\"https:\\\/\\\/lasentinelle.dz\\\/\",\"logo\":{\"@type\":\"ImageObject\",\"inLanguage\":\"fr-FR\",\"@id\":\"https:\\\/\\\/lasentinelle.dz\\\/#\\\/schema\\\/logo\\\/image\\\/\",\"url\":\"https:\\\/\\\/lasentinelle.dz\\\/wp-content\\\/uploads\\\/2021\\\/09\\\/logo-sentinelleSLOGAN-1.png\",\"contentUrl\":\"https:\\\/\\\/lasentinelle.dz\\\/wp-content\\\/uploads\\\/2021\\\/09\\\/logo-sentinelleSLOGAN-1.png\",\"width\":615,\"height\":142,\"caption\":\"Quotidien La Sentinelle\"},\"image\":{\"@id\":\"https:\\\/\\\/lasentinelle.dz\\\/#\\\/schema\\\/logo\\\/image\\\/\"},\"sameAs\":[\"https:\\\/\\\/www.facebook.com\\\/La-Sentinelle-104059864394773\"]},{\"@type\":\"Person\",\"@id\":\"https:\\\/\\\/lasentinelle.dz\\\/#\\\/schema\\\/person\\\/729ee0024f24e0b8c5ec17232f8e8b41\",\"name\":\"admin\",\"image\":{\"@type\":\"ImageObject\",\"inLanguage\":\"fr-FR\",\"@id\":\"https:\\\/\\\/secure.gravatar.com\\\/avatar\\\/4c81fed838786e9b53f540bf46533e750f5d292099ae3b66cfc6fb1982e29df7?s=96&d=mm&r=g\",\"url\":\"https:\\\/\\\/secure.gravatar.com\\\/avatar\\\/4c81fed838786e9b53f540bf46533e750f5d292099ae3b66cfc6fb1982e29df7?s=96&d=mm&r=g\",\"contentUrl\":\"https:\\\/\\\/secure.gravatar.com\\\/avatar\\\/4c81fed838786e9b53f540bf46533e750f5d292099ae3b66cfc6fb1982e29df7?s=96&d=mm&r=g\",\"caption\":\"admin\"},\"description\":\"admin\",\"url\":\"https:\\\/\\\/lasentinelle.dz\\\/author\\\/admin\\\/\"}]}<\/script>\n<!-- \/ Yoast SEO plugin. -->","yoast_head_json":{"title":"CAN f\u00e9minine 2026\u00a0: Les Vertes entament leur pr\u00e9paration \u00e0 Blida\u00a0 - La Sentinelle","robots":{"index":"index","follow":"follow","max-snippet":"max-snippet:-1","max-image-preview":"max-image-preview:large","max-video-preview":"max-video-preview:-1"},"canonical":"https:\/\/lasentinelle.dz\/index.php\/2026\/01\/25\/can-feminine-2026-les-vertes-entament-leur-preparation-a-blida\/","og_locale":"fr_FR","og_type":"article","og_title":"CAN f\u00e9minine 2026\u00a0: Les Vertes entament leur pr\u00e9paration \u00e0 Blida\u00a0 - La Sentinelle","og_description":"La s\u00e9lection alg\u00e9rienne f\u00e9minine de football effectuera un stage de pr\u00e9paration du 25 au 29 janvier \u00e0 Blida en pr\u00e9vision","og_url":"https:\/\/lasentinelle.dz\/index.php\/2026\/01\/25\/can-feminine-2026-les-vertes-entament-leur-preparation-a-blida\/","og_site_name":"La Sentinelle","article_publisher":"https:\/\/www.facebook.com\/La-Sentinelle-104059864394773","article_published_time":"2026-01-25T10:35:00+00:00","article_modified_time":"2026-01-25T11:35:54+00:00","og_image":[{"width":2400,"height":1600,"url":"https:\/\/lasentinelle.dz\/wp-content\/uploads\/2026\/01\/Dames-1.jpeg","type":"image\/jpeg"}],"author":"admin","twitter_card":"summary_large_image","twitter_misc":{"\u00c9crit par":"admin","Dur\u00e9e de lecture estim\u00e9e":"4 minutes"},"schema":{"@context":"https:\/\/schema.org","@graph":[{"@type":"Article","@id":"https:\/\/lasentinelle.dz\/index.php\/2026\/01\/25\/can-feminine-2026-les-vertes-entament-leur-preparation-a-blida\/#article","isPartOf":{"@id":"https:\/\/lasentinelle.dz\/index.php\/2026\/01\/25\/can-feminine-2026-les-vertes-entament-leur-preparation-a-blida\/"},"author":{"name":"admin","@id":"https:\/\/lasentinelle.dz\/#\/schema\/person\/729ee0024f24e0b8c5ec17232f8e8b41"},"headline":"CAN f\u00e9minine 2026\u00a0: Les Vertes entament leur pr\u00e9paration \u00e0 Blida\u00a0","datePublished":"2026-01-25T10:35:00+00:00","dateModified":"2026-01-25T11:35:54+00:00","mainEntityOfPage":{"@id":"https:\/\/lasentinelle.dz\/index.php\/2026\/01\/25\/can-feminine-2026-les-vertes-entament-leur-preparation-a-blida\/"},"wordCount":644,"commentCount":0,"publisher":{"@id":"https:\/\/lasentinelle.dz\/#organization"},"image":{"@id":"https:\/\/lasentinelle.dz\/index.php\/2026\/01\/25\/can-feminine-2026-les-vertes-entament-leur-preparation-a-blida\/#primaryimage"},"thumbnailUrl":"https:\/\/lasentinelle.dz\/wp-content\/uploads\/2026\/01\/Dames-1.jpeg","articleSection":["Sports"],"inLanguage":"fr-FR","potentialAction":[{"@type":"CommentAction","name":"Comment","target":["https:\/\/lasentinelle.dz\/index.php\/2026\/01\/25\/can-feminine-2026-les-vertes-entament-leur-preparation-a-blida\/#respond"]}]},{"@type":"WebPage","@id":"https:\/\/lasentinelle.dz\/index.php\/2026\/01\/25\/can-feminine-2026-les-vertes-entament-leur-preparation-a-blida\/","url":"https:\/\/lasentinelle.dz\/index.php\/2026\/01\/25\/can-feminine-2026-les-vertes-entament-leur-preparation-a-blida\/","name":"CAN f\u00e9minine 2026\u00a0: Les Vertes entament leur pr\u00e9paration \u00e0 Blida\u00a0 - La Sentinelle","isPartOf":{"@id":"https:\/\/lasentinelle.dz\/#website"},"primaryImageOfPage":{"@id":"https:\/\/lasentinelle.dz\/index.php\/2026\/01\/25\/can-feminine-2026-les-vertes-entament-leur-preparation-a-blida\/#primaryimage"},"image":{"@id":"https:\/\/lasentinelle.dz\/index.php\/2026\/01\/25\/can-feminine-2026-les-vertes-entament-leur-preparation-a-blida\/#primaryimage"},"thumbnailUrl":"https:\/\/lasentinelle.dz\/wp-content\/uploads\/2026\/01\/Dames-1.jpeg","datePublished":"2026-01-25T10:35:00+00:00","dateModified":"2026-01-25T11:35:54+00:00","breadcrumb":{"@id":"https:\/\/lasentinelle.dz\/index.php\/2026\/01\/25\/can-feminine-2026-les-vertes-entament-leur-preparation-a-blida\/#breadcrumb"},"inLanguage":"fr-FR","potentialAction":[{"@type":"ReadAction","target":["https:\/\/lasentinelle.dz\/index.php\/2026\/01\/25\/can-feminine-2026-les-vertes-entament-leur-preparation-a-blida\/"]}]},{"@type":"ImageObject","inLanguage":"fr-FR","@id":"https:\/\/lasentinelle.dz\/index.php\/2026\/01\/25\/can-feminine-2026-les-vertes-entament-leur-preparation-a-blida\/#primaryimage","url":"https:\/\/lasentinelle.dz\/wp-content\/uploads\/2026\/01\/Dames-1.jpeg","contentUrl":"https:\/\/lasentinelle.dz\/wp-content\/uploads\/2026\/01\/Dames-1.jpeg","width":2400,"height":1600},{"@type":"BreadcrumbList","@id":"https:\/\/lasentinelle.dz\/index.php\/2026\/01\/25\/can-feminine-2026-les-vertes-entament-leur-preparation-a-blida\/#breadcrumb","itemListElement":[{"@type":"ListItem","position":1,"name":"Accueil","item":"https:\/\/lasentinelle.dz\/"},{"@type":"ListItem","position":2,"name":"CAN f\u00e9minine 2026\u00a0: Les Vertes entament leur pr\u00e9paration \u00e0 Blida\u00a0"}]},{"@type":"WebSite","@id":"https:\/\/lasentinelle.dz\/#website","url":"https:\/\/lasentinelle.dz\/","name":"La Sentinelle","description":"Quotidien national d&#039;information","publisher":{"@id":"https:\/\/lasentinelle.dz\/#organization"},"potentialAction":[{"@type":"SearchAction","target":{"@type":"EntryPoint","urlTemplate":"https:\/\/lasentinelle.dz\/?s={search_term_string}"},"query-input":{"@type":"PropertyValueSpecification","valueRequired":true,"valueName":"search_term_string"}}],"inLanguage":"fr-FR"},{"@type":"Organization","@id":"https:\/\/lasentinelle.dz\/#organization","name":"Quotidien La Sentinelle","url":"https:\/\/lasentinelle.dz\/","logo":{"@type":"ImageObject","inLanguage":"fr-FR","@id":"https:\/\/lasentinelle.dz\/#\/schema\/logo\/image\/","url":"https:\/\/lasentinelle.dz\/wp-content\/uploads\/2021\/09\/logo-sentinelleSLOGAN-1.png","contentUrl":"https:\/\/lasentinelle.dz\/wp-content\/uploads\/2021\/09\/logo-sentinelleSLOGAN-1.png","width":615,"height":142,"caption":"Quotidien La Sentinelle"},"image":{"@id":"https:\/\/lasentinelle.dz\/#\/schema\/logo\/image\/"},"sameAs":["https:\/\/www.facebook.com\/La-Sentinelle-104059864394773"]},{"@type":"Person","@id":"https:\/\/lasentinelle.dz\/#\/schema\/person\/729ee0024f24e0b8c5ec17232f8e8b41","name":"admin","image":{"@type":"ImageObject","inLanguage":"fr-FR","@id":"https:\/\/secure.gravatar.com\/avatar\/4c81fed838786e9b53f540bf46533e750f5d292099ae3b66cfc6fb1982e29df7?s=96&d=mm&r=g","url":"https:\/\/secure.gravatar.com\/avatar\/4c81fed838786e9b53f540bf46533e750f5d292099ae3b66cfc6fb1982e29df7?s=96&d=mm&r=g","contentUrl":"https:\/\/secure.gravatar.com\/avatar\/4c81fed838786e9b53f540bf46533e750f5d292099ae3b66cfc6fb1982e29df7?s=96&d=mm&r=g","caption":"admin"},"description":"admin","url":"https:\/\/lasentinelle.dz\/author\/admin\/"}]}},"_links":{"self":[{"href":"https:\/\/lasentinelle.dz\/index.php\/wp-json\/wp\/v2\/posts\/79997","targetHints":{"allow":["GET"]}}],"collection":[{"href":"https:\/\/lasentinelle.dz\/index.php\/wp-json\/wp\/v2\/posts"}],"about":[{"href":"https:\/\/lasentinelle.dz\/index.php\/wp-json\/wp\/v2\/types\/post"}],"author":[{"embeddable":true,"href":"https:\/\/lasentinelle.dz\/index.php\/wp-json\/wp\/v2\/users\/6"}],"replies":[{"embeddable":true,"href":"https:\/\/lasentinelle.dz\/index.php\/wp-json\/wp\/v2\/comments?post=79997"}],"version-history":[{"count":1,"href":"https:\/\/lasentinelle.dz\/index.php\/wp-json\/wp\/v2\/posts\/79997\/revisions"}],"predecessor-version":[{"id":79999,"href":"https:\/\/lasentinelle.dz\/index.php\/wp-json\/wp\/v2\/posts\/79997\/revisions\/79999"}],"wp:featuredmedia":[{"embeddable":true,"href":"https:\/\/lasentinelle.dz\/index.php\/wp-json\/wp\/v2\/media\/79998"}],"wp:attachment":[{"href":"https:\/\/lasentinelle.dz\/index.php\/wp-json\/wp\/v2\/media?parent=79997"}],"wp:term":[{"taxonomy":"category","embeddable":true,"href":"https:\/\/lasentinelle.dz\/index.php\/wp-json\/wp\/v2\/categories?post=79997"},{"taxonomy":"post_tag","embeddable":true,"href":"https:\/\/lasentinelle.dz\/index.php\/wp-json\/wp\/v2\/tags?post=79997"}],"curies":[{"name":"wp","href":"https:\/\/api.w.org\/{rel}","templated":true}]}}