{"id":80004,"date":"2026-01-25T12:39:01","date_gmt":"2026-01-25T11:39:01","guid":{"rendered":"https:\/\/lasentinelle.dz\/?p=80004"},"modified":"2026-01-25T12:39:02","modified_gmt":"2026-01-25T11:39:02","slug":"jijel-269-projets-de-developpement-realises-dans-la-commune-emir-abdelkader","status":"publish","type":"post","link":"https:\/\/lasentinelle.dz\/index.php\/2026\/01\/25\/jijel-269-projets-de-developpement-realises-dans-la-commune-emir-abdelkader\/","title":{"rendered":"Jijel\u00a0:\u00a0269 projets de d\u00e9veloppement r\u00e9alis\u00e9s dans la commune\u00a0\u00c9mir Abdelkader\u00a0"},"content":{"rendered":"\n<p>La commune&nbsp;\u00c9mir Abdelkader a b\u00e9n\u00e9fici\u00e9 de 269 projets de d\u00e9veloppement pour une enveloppe globale d\u00e9passant 444 milliards de centimes durant le quinquennat 2020-2025, selon un bilan pr\u00e9sent\u00e9 par les autorit\u00e9s locales de la wilaya de Jijel qui ont \u00e9galement inspect\u00e9 l&rsquo;avancement des travaux et \u00e9cout\u00e9 les dol\u00e9ances des habitants.&nbsp;Le suivi des projets en cours de r\u00e9alisation et de ceux achev\u00e9s est le fer de lance des autorit\u00e9s locales de la wilaya de Jijel. Un suivi qui s&rsquo;inscrit dans le cadre des programmes de d\u00e9veloppement local, dont l&rsquo;objectif est de faire le point sur le d\u00e9veloppement et les fonds qui lui ont \u00e9t\u00e9 allou\u00e9s.<\/p>\n\n\n\n<p>Au-del\u00e0, c&rsquo;est aussi \u00e9valuer l&rsquo;\u00e9tat d&rsquo;avancement des projets en cours, leur conformit\u00e9 aux plans \u00e9tablis et leur impact sur le quotidien des habitants, c&rsquo;est ce qu&rsquo;a rapport\u00e9 la cellule de communication de la wilaya de Jijel.<\/p>\n\n\n\n<p>Au titre des pr\u00e9cisions apport\u00e9es par la m\u00eame source, le bilan du quinquennat de la commune Emir Abdelkader a fait \u00e9tat de 269 projets de d\u00e9veloppement dont a b\u00e9n\u00e9fici\u00e9 cette commune entre 2020 et 2025. Au titre de cette p\u00e9riode, la commune Emir Abdelkader a b\u00e9n\u00e9fici\u00e9 de 215 op\u00e9rations pour une enveloppe financi\u00e8re de plus de 121,8 milliards de centimes. Relevant de divers programmes de d\u00e9veloppement, ces projets ont \u00e9t\u00e9 financ\u00e9s, selon les pr\u00e9cisions de la m\u00eame source, par le Fonds de solidarit\u00e9 et de garantie pour les collectivit\u00e9s locales, le budget de la wilaya, le budget communal et les plans de d\u00e9veloppement local.&nbsp;Ont \u00e9galement \u00e9t\u00e9 r\u00e9alis\u00e9es dans le cadre du programme sectoriel 54 autres op\u00e9rations pour un investissement financier d\u00e9passant les 323 milliards de centimes, a-t-on ajout\u00e9. Plusieurs secteurs ont \u00e9t\u00e9 concern\u00e9s par ces projets, dont entre autres l&rsquo;urbanisme et la construction, les \u00e9quipements publics, les ressources en eau et les travaux publics, l&rsquo;\u00e9nergie ainsi que la jeunesse et les sports. Ces projets qui touchent, faut-il le souligner, \u00e0 des secteurs essentiels pour le commun des mortels, viennent contribuer au renforcement des infrastructures et \u00e0 l&rsquo;am\u00e9lioration des conditions de vie des citoyens.<\/p>\n\n\n\n<p>\u00c0 cet effet, ladite source a fait \u00e9tat de la visite d&rsquo;inspection du chef de l&rsquo;ex\u00e9cutif de la wilaya de Jijel \u00e0 ces projets, dont entre autres celui de l&rsquo;alimentation en eau potable au niveau de la zone de Boukhartoum. Sur place, le m\u00eame responsable, selon ladite source, a donn\u00e9 \u00e0 l&rsquo;entreprise charg\u00e9e des travaux de r\u00e9alisation de fermes instructions pour acc\u00e9l\u00e9rer le rythme des travaux et respecter les d\u00e9lais contractuels fix\u00e9s, pour une rapide mise en service et une am\u00e9lioration optimale du cadre de vie des populations.<\/p>\n\n\n\n<p>La visite du premier responsable de la wilaya a \u00e9t\u00e9 une occasion pour rencontrer les habitants du chef-lieu de la commune et des mechtas avoisinantes. Le wali, soucieux du bien-\u00eatre des citoyens, a \u00e9t\u00e9 attentif aux dol\u00e9ances des populations de Boutro, Medechra et Hemmara, qui ont exprim\u00e9 leurs pr\u00e9occupations concernant l&rsquo;\u00e9tat des routes et l&rsquo;acc\u00e8s aux r\u00e9seaux vitaux, l&rsquo;eau potable, l&rsquo;\u00e9lectricit\u00e9 et le gaz, ainsi que d&rsquo;autres besoins soulev\u00e9s.&nbsp;Sur place, le m\u00eame responsable a donn\u00e9 aux directeurs ex\u00e9cutifs, chacun dans son secteur, des instructions pour prendre en charge ces pr\u00e9occupations des citoyens de sorte \u00e0 apporter des solutions rapides. Des assurances ont \u00e9t\u00e9 donn\u00e9es quant \u00e0 l&rsquo;engagement d&rsquo;actions concr\u00e8tes dans les prochains jours en coordination avec les services concern\u00e9s, a soulign\u00e9 le contenu de la cellule de communication de la wilaya de Jijel.<\/p>\n\n\n\n<p>Celle-ci a par ailleurs annonc\u00e9 que le bilan du programme de d\u00e9veloppement de la commune Emir Abdelkader a \u00e9t\u00e9 une occasion pour examiner les projets retenus au programme de l&rsquo;exercice 2026. Un programme qui affiche nettement les ambitions des autorit\u00e9s locales de la wilaya de Jijel qui accordent une attention particuli\u00e8re au bien-\u00eatre des habitants de cette commune ainsi que de toutes les autres communes de la wilaya o\u00f9 les diff\u00e9rents programmes de d\u00e9veloppement concernent tous les secteurs. Un constat illustrant les efforts d\u00e9ploy\u00e9s pour donner \u00e0 cette wilaya sa place dans le d\u00e9veloppement socio-\u00e9conomique.<\/p>\n\n\n\n<p><strong>Sofia Chahine<\/strong><\/p>\n","protected":false},"excerpt":{"rendered":"<p>La commune&nbsp;\u00c9mir Abdelkader a b\u00e9n\u00e9fici\u00e9 de 269 projets de d\u00e9veloppement pour une enveloppe globale d\u00e9passant 444 milliards de centimes durant<\/p>\n","protected":false},"author":6,"featured_media":39185,"comment_status":"open","ping_status":"closed","sticky":false,"template":"","format":"standard","meta":{"colormag_page_container_layout":"default_layout","colormag_page_sidebar_layout":"default_layout","om_disable_all_campaigns":false,"_monsterinsights_skip_tracking":false,"_monsterinsights_sitenote_active":false,"_monsterinsights_sitenote_note":"","_monsterinsights_sitenote_category":0,"footnotes":"","_wpscppro_dont_share_socialmedia":false,"_wpscppro_custom_social_share_image":0,"_facebook_share_type":"default","_twitter_share_type":"default","_linkedin_share_type":"default","_pinterest_share_type":"default","_linkedin_share_type_page":"","_instagram_share_type":"default","_medium_share_type":"default","_threads_share_type":"default","_google_business_share_type":"default","_selected_social_profile":[],"_wpsp_enable_custom_social_template":false,"_wpsp_social_scheduling":{"enabled":false,"datetime":null,"platforms":[],"status":"template_only","dateOption":"today","timeOption":"now","customDays":"","customHours":"","customDate":"","customTime":"","schedulingType":"absolute"},"_wpsp_active_default_template":true},"categories":[31],"tags":[],"class_list":["post-80004","post","type-post","status-publish","format-standard","has-post-thumbnail","hentry","category-regions"],"aioseo_notices":[],"yoast_head":"<!-- This site is optimized with the Yoast SEO plugin v27.5 - https:\/\/yoast.com\/product\/yoast-seo-wordpress\/ -->\n<title>Jijel\u00a0:\u00a0269 projets de d\u00e9veloppement r\u00e9alis\u00e9s dans la commune\u00a0\u00c9mir Abdelkader\u00a0 - La Sentinelle<\/title>\n<meta name=\"robots\" content=\"index, follow, max-snippet:-1, max-image-preview:large, max-video-preview:-1\" \/>\n<link rel=\"canonical\" href=\"https:\/\/lasentinelle.dz\/index.php\/2026\/01\/25\/jijel-269-projets-de-developpement-realises-dans-la-commune-emir-abdelkader\/\" \/>\n<meta property=\"og:locale\" content=\"fr_FR\" \/>\n<meta property=\"og:type\" content=\"article\" \/>\n<meta property=\"og:title\" content=\"Jijel\u00a0:\u00a0269 projets de d\u00e9veloppement r\u00e9alis\u00e9s dans la commune\u00a0\u00c9mir Abdelkader\u00a0 - La Sentinelle\" \/>\n<meta property=\"og:description\" content=\"La commune&nbsp;\u00c9mir Abdelkader a b\u00e9n\u00e9fici\u00e9 de 269 projets de d\u00e9veloppement pour une enveloppe globale d\u00e9passant 444 milliards de centimes durant\" \/>\n<meta property=\"og:url\" content=\"https:\/\/lasentinelle.dz\/index.php\/2026\/01\/25\/jijel-269-projets-de-developpement-realises-dans-la-commune-emir-abdelkader\/\" \/>\n<meta property=\"og:site_name\" content=\"La Sentinelle\" \/>\n<meta property=\"article:publisher\" content=\"https:\/\/www.facebook.com\/La-Sentinelle-104059864394773\" \/>\n<meta property=\"article:published_time\" content=\"2026-01-25T11:39:01+00:00\" \/>\n<meta property=\"article:modified_time\" content=\"2026-01-25T11:39:02+00:00\" \/>\n<meta property=\"og:image\" content=\"https:\/\/lasentinelle.dz\/wp-content\/uploads\/2023\/04\/chantier.png\" \/>\n\t<meta property=\"og:image:width\" content=\"1349\" \/>\n\t<meta property=\"og:image:height\" content=\"900\" \/>\n\t<meta property=\"og:image:type\" content=\"image\/png\" \/>\n<meta name=\"author\" content=\"admin\" \/>\n<meta name=\"twitter:card\" content=\"summary_large_image\" \/>\n<meta name=\"twitter:label1\" content=\"\u00c9crit par\" \/>\n\t<meta name=\"twitter:data1\" content=\"admin\" \/>\n\t<meta name=\"twitter:label2\" content=\"Dur\u00e9e de lecture estim\u00e9e\" \/>\n\t<meta name=\"twitter:data2\" content=\"4 minutes\" \/>\n<script type=\"application\/ld+json\" class=\"yoast-schema-graph\">{\"@context\":\"https:\\\/\\\/schema.org\",\"@graph\":[{\"@type\":\"Article\",\"@id\":\"https:\\\/\\\/lasentinelle.dz\\\/index.php\\\/2026\\\/01\\\/25\\\/jijel-269-projets-de-developpement-realises-dans-la-commune-emir-abdelkader\\\/#article\",\"isPartOf\":{\"@id\":\"https:\\\/\\\/lasentinelle.dz\\\/index.php\\\/2026\\\/01\\\/25\\\/jijel-269-projets-de-developpement-realises-dans-la-commune-emir-abdelkader\\\/\"},\"author\":{\"name\":\"admin\",\"@id\":\"https:\\\/\\\/lasentinelle.dz\\\/#\\\/schema\\\/person\\\/729ee0024f24e0b8c5ec17232f8e8b41\"},\"headline\":\"Jijel\u00a0:\u00a0269 projets de d\u00e9veloppement r\u00e9alis\u00e9s dans la commune\u00a0\u00c9mir Abdelkader\u00a0\",\"datePublished\":\"2026-01-25T11:39:01+00:00\",\"dateModified\":\"2026-01-25T11:39:02+00:00\",\"mainEntityOfPage\":{\"@id\":\"https:\\\/\\\/lasentinelle.dz\\\/index.php\\\/2026\\\/01\\\/25\\\/jijel-269-projets-de-developpement-realises-dans-la-commune-emir-abdelkader\\\/\"},\"wordCount\":743,\"commentCount\":0,\"publisher\":{\"@id\":\"https:\\\/\\\/lasentinelle.dz\\\/#organization\"},\"image\":{\"@id\":\"https:\\\/\\\/lasentinelle.dz\\\/index.php\\\/2026\\\/01\\\/25\\\/jijel-269-projets-de-developpement-realises-dans-la-commune-emir-abdelkader\\\/#primaryimage\"},\"thumbnailUrl\":\"https:\\\/\\\/lasentinelle.dz\\\/wp-content\\\/uploads\\\/2023\\\/04\\\/chantier.png\",\"articleSection\":[\"R\u00e9gions\"],\"inLanguage\":\"fr-FR\",\"potentialAction\":[{\"@type\":\"CommentAction\",\"name\":\"Comment\",\"target\":[\"https:\\\/\\\/lasentinelle.dz\\\/index.php\\\/2026\\\/01\\\/25\\\/jijel-269-projets-de-developpement-realises-dans-la-commune-emir-abdelkader\\\/#respond\"]}]},{\"@type\":\"WebPage\",\"@id\":\"https:\\\/\\\/lasentinelle.dz\\\/index.php\\\/2026\\\/01\\\/25\\\/jijel-269-projets-de-developpement-realises-dans-la-commune-emir-abdelkader\\\/\",\"url\":\"https:\\\/\\\/lasentinelle.dz\\\/index.php\\\/2026\\\/01\\\/25\\\/jijel-269-projets-de-developpement-realises-dans-la-commune-emir-abdelkader\\\/\",\"name\":\"Jijel\u00a0:\u00a0269 projets de d\u00e9veloppement r\u00e9alis\u00e9s dans la commune\u00a0\u00c9mir Abdelkader\u00a0 - La Sentinelle\",\"isPartOf\":{\"@id\":\"https:\\\/\\\/lasentinelle.dz\\\/#website\"},\"primaryImageOfPage\":{\"@id\":\"https:\\\/\\\/lasentinelle.dz\\\/index.php\\\/2026\\\/01\\\/25\\\/jijel-269-projets-de-developpement-realises-dans-la-commune-emir-abdelkader\\\/#primaryimage\"},\"image\":{\"@id\":\"https:\\\/\\\/lasentinelle.dz\\\/index.php\\\/2026\\\/01\\\/25\\\/jijel-269-projets-de-developpement-realises-dans-la-commune-emir-abdelkader\\\/#primaryimage\"},\"thumbnailUrl\":\"https:\\\/\\\/lasentinelle.dz\\\/wp-content\\\/uploads\\\/2023\\\/04\\\/chantier.png\",\"datePublished\":\"2026-01-25T11:39:01+00:00\",\"dateModified\":\"2026-01-25T11:39:02+00:00\",\"breadcrumb\":{\"@id\":\"https:\\\/\\\/lasentinelle.dz\\\/index.php\\\/2026\\\/01\\\/25\\\/jijel-269-projets-de-developpement-realises-dans-la-commune-emir-abdelkader\\\/#breadcrumb\"},\"inLanguage\":\"fr-FR\",\"potentialAction\":[{\"@type\":\"ReadAction\",\"target\":[\"https:\\\/\\\/lasentinelle.dz\\\/index.php\\\/2026\\\/01\\\/25\\\/jijel-269-projets-de-developpement-realises-dans-la-commune-emir-abdelkader\\\/\"]}]},{\"@type\":\"ImageObject\",\"inLanguage\":\"fr-FR\",\"@id\":\"https:\\\/\\\/lasentinelle.dz\\\/index.php\\\/2026\\\/01\\\/25\\\/jijel-269-projets-de-developpement-realises-dans-la-commune-emir-abdelkader\\\/#primaryimage\",\"url\":\"https:\\\/\\\/lasentinelle.dz\\\/wp-content\\\/uploads\\\/2023\\\/04\\\/chantier.png\",\"contentUrl\":\"https:\\\/\\\/lasentinelle.dz\\\/wp-content\\\/uploads\\\/2023\\\/04\\\/chantier.png\",\"width\":1349,\"height\":900},{\"@type\":\"BreadcrumbList\",\"@id\":\"https:\\\/\\\/lasentinelle.dz\\\/index.php\\\/2026\\\/01\\\/25\\\/jijel-269-projets-de-developpement-realises-dans-la-commune-emir-abdelkader\\\/#breadcrumb\",\"itemListElement\":[{\"@type\":\"ListItem\",\"position\":1,\"name\":\"Accueil\",\"item\":\"https:\\\/\\\/lasentinelle.dz\\\/\"},{\"@type\":\"ListItem\",\"position\":2,\"name\":\"Jijel\u00a0:\u00a0269 projets de d\u00e9veloppement r\u00e9alis\u00e9s dans la commune\u00a0\u00c9mir Abdelkader\u00a0\"}]},{\"@type\":\"WebSite\",\"@id\":\"https:\\\/\\\/lasentinelle.dz\\\/#website\",\"url\":\"https:\\\/\\\/lasentinelle.dz\\\/\",\"name\":\"La Sentinelle\",\"description\":\"Quotidien national d&#039;information\",\"publisher\":{\"@id\":\"https:\\\/\\\/lasentinelle.dz\\\/#organization\"},\"potentialAction\":[{\"@type\":\"SearchAction\",\"target\":{\"@type\":\"EntryPoint\",\"urlTemplate\":\"https:\\\/\\\/lasentinelle.dz\\\/?s={search_term_string}\"},\"query-input\":{\"@type\":\"PropertyValueSpecification\",\"valueRequired\":true,\"valueName\":\"search_term_string\"}}],\"inLanguage\":\"fr-FR\"},{\"@type\":\"Organization\",\"@id\":\"https:\\\/\\\/lasentinelle.dz\\\/#organization\",\"name\":\"Quotidien La Sentinelle\",\"url\":\"https:\\\/\\\/lasentinelle.dz\\\/\",\"logo\":{\"@type\":\"ImageObject\",\"inLanguage\":\"fr-FR\",\"@id\":\"https:\\\/\\\/lasentinelle.dz\\\/#\\\/schema\\\/logo\\\/image\\\/\",\"url\":\"https:\\\/\\\/lasentinelle.dz\\\/wp-content\\\/uploads\\\/2021\\\/09\\\/logo-sentinelleSLOGAN-1.png\",\"contentUrl\":\"https:\\\/\\\/lasentinelle.dz\\\/wp-content\\\/uploads\\\/2021\\\/09\\\/logo-sentinelleSLOGAN-1.png\",\"width\":615,\"height\":142,\"caption\":\"Quotidien La Sentinelle\"},\"image\":{\"@id\":\"https:\\\/\\\/lasentinelle.dz\\\/#\\\/schema\\\/logo\\\/image\\\/\"},\"sameAs\":[\"https:\\\/\\\/www.facebook.com\\\/La-Sentinelle-104059864394773\"]},{\"@type\":\"Person\",\"@id\":\"https:\\\/\\\/lasentinelle.dz\\\/#\\\/schema\\\/person\\\/729ee0024f24e0b8c5ec17232f8e8b41\",\"name\":\"admin\",\"image\":{\"@type\":\"ImageObject\",\"inLanguage\":\"fr-FR\",\"@id\":\"https:\\\/\\\/secure.gravatar.com\\\/avatar\\\/4c81fed838786e9b53f540bf46533e750f5d292099ae3b66cfc6fb1982e29df7?s=96&d=mm&r=g\",\"url\":\"https:\\\/\\\/secure.gravatar.com\\\/avatar\\\/4c81fed838786e9b53f540bf46533e750f5d292099ae3b66cfc6fb1982e29df7?s=96&d=mm&r=g\",\"contentUrl\":\"https:\\\/\\\/secure.gravatar.com\\\/avatar\\\/4c81fed838786e9b53f540bf46533e750f5d292099ae3b66cfc6fb1982e29df7?s=96&d=mm&r=g\",\"caption\":\"admin\"},\"description\":\"admin\",\"url\":\"https:\\\/\\\/lasentinelle.dz\\\/author\\\/admin\\\/\"}]}<\/script>\n<!-- \/ Yoast SEO plugin. -->","yoast_head_json":{"title":"Jijel\u00a0:\u00a0269 projets de d\u00e9veloppement r\u00e9alis\u00e9s dans la commune\u00a0\u00c9mir Abdelkader\u00a0 - La Sentinelle","robots":{"index":"index","follow":"follow","max-snippet":"max-snippet:-1","max-image-preview":"max-image-preview:large","max-video-preview":"max-video-preview:-1"},"canonical":"https:\/\/lasentinelle.dz\/index.php\/2026\/01\/25\/jijel-269-projets-de-developpement-realises-dans-la-commune-emir-abdelkader\/","og_locale":"fr_FR","og_type":"article","og_title":"Jijel\u00a0:\u00a0269 projets de d\u00e9veloppement r\u00e9alis\u00e9s dans la commune\u00a0\u00c9mir Abdelkader\u00a0 - La Sentinelle","og_description":"La commune&nbsp;\u00c9mir Abdelkader a b\u00e9n\u00e9fici\u00e9 de 269 projets de d\u00e9veloppement pour une enveloppe globale d\u00e9passant 444 milliards de centimes durant","og_url":"https:\/\/lasentinelle.dz\/index.php\/2026\/01\/25\/jijel-269-projets-de-developpement-realises-dans-la-commune-emir-abdelkader\/","og_site_name":"La Sentinelle","article_publisher":"https:\/\/www.facebook.com\/La-Sentinelle-104059864394773","article_published_time":"2026-01-25T11:39:01+00:00","article_modified_time":"2026-01-25T11:39:02+00:00","og_image":[{"width":1349,"height":900,"url":"https:\/\/lasentinelle.dz\/wp-content\/uploads\/2023\/04\/chantier.png","type":"image\/png"}],"author":"admin","twitter_card":"summary_large_image","twitter_misc":{"\u00c9crit par":"admin","Dur\u00e9e de lecture estim\u00e9e":"4 minutes"},"schema":{"@context":"https:\/\/schema.org","@graph":[{"@type":"Article","@id":"https:\/\/lasentinelle.dz\/index.php\/2026\/01\/25\/jijel-269-projets-de-developpement-realises-dans-la-commune-emir-abdelkader\/#article","isPartOf":{"@id":"https:\/\/lasentinelle.dz\/index.php\/2026\/01\/25\/jijel-269-projets-de-developpement-realises-dans-la-commune-emir-abdelkader\/"},"author":{"name":"admin","@id":"https:\/\/lasentinelle.dz\/#\/schema\/person\/729ee0024f24e0b8c5ec17232f8e8b41"},"headline":"Jijel\u00a0:\u00a0269 projets de d\u00e9veloppement r\u00e9alis\u00e9s dans la commune\u00a0\u00c9mir Abdelkader\u00a0","datePublished":"2026-01-25T11:39:01+00:00","dateModified":"2026-01-25T11:39:02+00:00","mainEntityOfPage":{"@id":"https:\/\/lasentinelle.dz\/index.php\/2026\/01\/25\/jijel-269-projets-de-developpement-realises-dans-la-commune-emir-abdelkader\/"},"wordCount":743,"commentCount":0,"publisher":{"@id":"https:\/\/lasentinelle.dz\/#organization"},"image":{"@id":"https:\/\/lasentinelle.dz\/index.php\/2026\/01\/25\/jijel-269-projets-de-developpement-realises-dans-la-commune-emir-abdelkader\/#primaryimage"},"thumbnailUrl":"https:\/\/lasentinelle.dz\/wp-content\/uploads\/2023\/04\/chantier.png","articleSection":["R\u00e9gions"],"inLanguage":"fr-FR","potentialAction":[{"@type":"CommentAction","name":"Comment","target":["https:\/\/lasentinelle.dz\/index.php\/2026\/01\/25\/jijel-269-projets-de-developpement-realises-dans-la-commune-emir-abdelkader\/#respond"]}]},{"@type":"WebPage","@id":"https:\/\/lasentinelle.dz\/index.php\/2026\/01\/25\/jijel-269-projets-de-developpement-realises-dans-la-commune-emir-abdelkader\/","url":"https:\/\/lasentinelle.dz\/index.php\/2026\/01\/25\/jijel-269-projets-de-developpement-realises-dans-la-commune-emir-abdelkader\/","name":"Jijel\u00a0:\u00a0269 projets de d\u00e9veloppement r\u00e9alis\u00e9s dans la commune\u00a0\u00c9mir Abdelkader\u00a0 - La Sentinelle","isPartOf":{"@id":"https:\/\/lasentinelle.dz\/#website"},"primaryImageOfPage":{"@id":"https:\/\/lasentinelle.dz\/index.php\/2026\/01\/25\/jijel-269-projets-de-developpement-realises-dans-la-commune-emir-abdelkader\/#primaryimage"},"image":{"@id":"https:\/\/lasentinelle.dz\/index.php\/2026\/01\/25\/jijel-269-projets-de-developpement-realises-dans-la-commune-emir-abdelkader\/#primaryimage"},"thumbnailUrl":"https:\/\/lasentinelle.dz\/wp-content\/uploads\/2023\/04\/chantier.png","datePublished":"2026-01-25T11:39:01+00:00","dateModified":"2026-01-25T11:39:02+00:00","breadcrumb":{"@id":"https:\/\/lasentinelle.dz\/index.php\/2026\/01\/25\/jijel-269-projets-de-developpement-realises-dans-la-commune-emir-abdelkader\/#breadcrumb"},"inLanguage":"fr-FR","potentialAction":[{"@type":"ReadAction","target":["https:\/\/lasentinelle.dz\/index.php\/2026\/01\/25\/jijel-269-projets-de-developpement-realises-dans-la-commune-emir-abdelkader\/"]}]},{"@type":"ImageObject","inLanguage":"fr-FR","@id":"https:\/\/lasentinelle.dz\/index.php\/2026\/01\/25\/jijel-269-projets-de-developpement-realises-dans-la-commune-emir-abdelkader\/#primaryimage","url":"https:\/\/lasentinelle.dz\/wp-content\/uploads\/2023\/04\/chantier.png","contentUrl":"https:\/\/lasentinelle.dz\/wp-content\/uploads\/2023\/04\/chantier.png","width":1349,"height":900},{"@type":"BreadcrumbList","@id":"https:\/\/lasentinelle.dz\/index.php\/2026\/01\/25\/jijel-269-projets-de-developpement-realises-dans-la-commune-emir-abdelkader\/#breadcrumb","itemListElement":[{"@type":"ListItem","position":1,"name":"Accueil","item":"https:\/\/lasentinelle.dz\/"},{"@type":"ListItem","position":2,"name":"Jijel\u00a0:\u00a0269 projets de d\u00e9veloppement r\u00e9alis\u00e9s dans la commune\u00a0\u00c9mir Abdelkader\u00a0"}]},{"@type":"WebSite","@id":"https:\/\/lasentinelle.dz\/#website","url":"https:\/\/lasentinelle.dz\/","name":"La Sentinelle","description":"Quotidien national d&#039;information","publisher":{"@id":"https:\/\/lasentinelle.dz\/#organization"},"potentialAction":[{"@type":"SearchAction","target":{"@type":"EntryPoint","urlTemplate":"https:\/\/lasentinelle.dz\/?s={search_term_string}"},"query-input":{"@type":"PropertyValueSpecification","valueRequired":true,"valueName":"search_term_string"}}],"inLanguage":"fr-FR"},{"@type":"Organization","@id":"https:\/\/lasentinelle.dz\/#organization","name":"Quotidien La Sentinelle","url":"https:\/\/lasentinelle.dz\/","logo":{"@type":"ImageObject","inLanguage":"fr-FR","@id":"https:\/\/lasentinelle.dz\/#\/schema\/logo\/image\/","url":"https:\/\/lasentinelle.dz\/wp-content\/uploads\/2021\/09\/logo-sentinelleSLOGAN-1.png","contentUrl":"https:\/\/lasentinelle.dz\/wp-content\/uploads\/2021\/09\/logo-sentinelleSLOGAN-1.png","width":615,"height":142,"caption":"Quotidien La Sentinelle"},"image":{"@id":"https:\/\/lasentinelle.dz\/#\/schema\/logo\/image\/"},"sameAs":["https:\/\/www.facebook.com\/La-Sentinelle-104059864394773"]},{"@type":"Person","@id":"https:\/\/lasentinelle.dz\/#\/schema\/person\/729ee0024f24e0b8c5ec17232f8e8b41","name":"admin","image":{"@type":"ImageObject","inLanguage":"fr-FR","@id":"https:\/\/secure.gravatar.com\/avatar\/4c81fed838786e9b53f540bf46533e750f5d292099ae3b66cfc6fb1982e29df7?s=96&d=mm&r=g","url":"https:\/\/secure.gravatar.com\/avatar\/4c81fed838786e9b53f540bf46533e750f5d292099ae3b66cfc6fb1982e29df7?s=96&d=mm&r=g","contentUrl":"https:\/\/secure.gravatar.com\/avatar\/4c81fed838786e9b53f540bf46533e750f5d292099ae3b66cfc6fb1982e29df7?s=96&d=mm&r=g","caption":"admin"},"description":"admin","url":"https:\/\/lasentinelle.dz\/author\/admin\/"}]}},"_links":{"self":[{"href":"https:\/\/lasentinelle.dz\/index.php\/wp-json\/wp\/v2\/posts\/80004","targetHints":{"allow":["GET"]}}],"collection":[{"href":"https:\/\/lasentinelle.dz\/index.php\/wp-json\/wp\/v2\/posts"}],"about":[{"href":"https:\/\/lasentinelle.dz\/index.php\/wp-json\/wp\/v2\/types\/post"}],"author":[{"embeddable":true,"href":"https:\/\/lasentinelle.dz\/index.php\/wp-json\/wp\/v2\/users\/6"}],"replies":[{"embeddable":true,"href":"https:\/\/lasentinelle.dz\/index.php\/wp-json\/wp\/v2\/comments?post=80004"}],"version-history":[{"count":1,"href":"https:\/\/lasentinelle.dz\/index.php\/wp-json\/wp\/v2\/posts\/80004\/revisions"}],"predecessor-version":[{"id":80005,"href":"https:\/\/lasentinelle.dz\/index.php\/wp-json\/wp\/v2\/posts\/80004\/revisions\/80005"}],"wp:featuredmedia":[{"embeddable":true,"href":"https:\/\/lasentinelle.dz\/index.php\/wp-json\/wp\/v2\/media\/39185"}],"wp:attachment":[{"href":"https:\/\/lasentinelle.dz\/index.php\/wp-json\/wp\/v2\/media?parent=80004"}],"wp:term":[{"taxonomy":"category","embeddable":true,"href":"https:\/\/lasentinelle.dz\/index.php\/wp-json\/wp\/v2\/categories?post=80004"},{"taxonomy":"post_tag","embeddable":true,"href":"https:\/\/lasentinelle.dz\/index.php\/wp-json\/wp\/v2\/tags?post=80004"}],"curies":[{"name":"wp","href":"https:\/\/api.w.org\/{rel}","templated":true}]}}