{"id":80009,"date":"2026-01-25T12:41:11","date_gmt":"2026-01-25T11:41:11","guid":{"rendered":"https:\/\/lasentinelle.dz\/?p=80009"},"modified":"2026-01-25T12:41:12","modified_gmt":"2026-01-25T11:41:12","slug":"emploitic-connect-2026-plus-de-100-entreprises-au-rendez-vous","status":"publish","type":"post","link":"https:\/\/lasentinelle.dz\/index.php\/2026\/01\/25\/emploitic-connect-2026-plus-de-100-entreprises-au-rendez-vous\/","title":{"rendered":"Emploitic Connect 2026\u00a0:\u00a0Plus de 100 entreprises\u00a0au rendez-vous"},"content":{"rendered":"\n<p>Plus de 100 entreprises, nationales et internationales, prennent part \u00e0 la 14e \u00e9dition du Salon de l&#8217;emploi et de la formation \u00ab\u00a0Emploitic Connect 2026\u00a0\u00bb, ouverte samedi \u00e0 Alger, avec pr\u00e8s de 2.000 offres d&#8217;emploi couvrant divers secteurs d&rsquo;activit\u00e9.&nbsp;Selon les organisateurs, plus de 10.000 chercheurs d&#8217;emploi, jeunes dipl\u00f4m\u00e9s et profils exp\u00e9riment\u00e9s, sont attendus durant les deux jours du Salon, qui englobe notamment les secteurs des services, de l&rsquo;industrie, de l&rsquo;industrie pharmaceutique, des t\u00e9l\u00e9communications, de l&rsquo;informatique, du digital ainsi que des start-up.&nbsp;Cette \u00e9dition pr\u00e9voit \u00e9galement un programme de conf\u00e9rences et d&rsquo;ateliers anim\u00e9s par des experts en recrutement et en ressources humaines.&nbsp;\u00ab\u00a0L&rsquo;objectif est de pr\u00e9parer les personnes en qu\u00eate d&#8217;emploi aux m\u00e9tiers et aux comp\u00e9tences actuellement demand\u00e9s sur le march\u00e9 du travail\u00a0\u00bb, a expliqu\u00e9 Zineb Kaoua, directrice marketing de l&rsquo;agence d&#8217;emploi Emploitic, organisatrice de l&rsquo;\u00e9v\u00e9nement, qui se tient sous le parrainage du minist\u00e8re de l&rsquo;Economie de la connaissance, des Start-up et des Micro-entreprises ainsi que du minist\u00e8re de la Formation et de l&rsquo;Enseignement professionnels.&nbsp;Un espace d\u00e9di\u00e9 aux employeurs est, par ailleurs, mis en place pour la premi\u00e8re fois dans ce Salon afin de leur permettre de se pr\u00e9senter, de valoriser leur marque employeur et d&rsquo;attirer les meilleurs profils.&nbsp;Emploitic Connect 2026 ambitionne \u00e9galement de mettre en lumi\u00e8re les enjeux actuels de l&#8217;employabilit\u00e9 et du d\u00e9veloppement des comp\u00e9tences en Alg\u00e9rie.&nbsp;Des repr\u00e9sentants d&rsquo;entreprises participantes, rencontr\u00e9s par l&rsquo;APS, ont soulign\u00e9 \u00e0 ce titre l&rsquo;importance d&rsquo;adopter des strat\u00e9gies de formation interne pour d\u00e9velopper les comp\u00e9tences sp\u00e9cifiques requises.&nbsp;Le responsable des ressources humaines d&rsquo;un constructeur automobile international activant en Alg\u00e9rie, Mehdi Zamari, a indiqu\u00e9 que l&rsquo;entreprise a opt\u00e9, face \u00e0 la p\u00e9nurie de profils exp\u00e9riment\u00e9s dans certains nouveaux m\u00e9tiers, pour une strat\u00e9gie proactive de formation interne.&nbsp;\u00ab\u00a0Au lieu d&rsquo;attendre des candidats cl\u00e9s en main, nous avons choisi de recruter sur le potentiel et d&rsquo;investir dans le capital humain en s\u00e9lectionnant des profils prometteurs, m\u00eame peu exp\u00e9riment\u00e9s, que nous formons ensuite afin de r\u00e9pondre \u00e0 nos besoins sp\u00e9cifiques en comp\u00e9tences\u00a0\u00bb, a-t-il pr\u00e9cis\u00e9.&nbsp;De son c\u00f4t\u00e9, la responsable digital d&rsquo;un promoteur immobilier participant \u00e0 l&rsquo;\u00e9v\u00e9nement, Massiva Ouramdane, a estim\u00e9 que l&rsquo;\u00e9mergence de l&rsquo;intelligence artificielle ne constitue pas uniquement un nouveau champ de recrutement, mais \u00e9galement un levier majeur rendant les strat\u00e9gies de formation interne \u00e0 la fois \u00ab\u00a0n\u00e9cessaires et urgentes\u00a0\u00bb.<\/p>\n\n\n\n<p>Le charg\u00e9 de communication d&rsquo;un op\u00e9rateur de t\u00e9l\u00e9phonie mobile, Bachir Amine Baazizi, a fait savoir que l&rsquo;entreprise propose des formations courtes destin\u00e9es aux chercheurs d&#8217;emploi, notamment en mati\u00e8re d&rsquo;agilit\u00e9 comportementale et d&rsquo;int\u00e9gration en entreprise, mettant en avant les opportunit\u00e9s offertes par le d\u00e9ploiement de la 5G et le r\u00f4le central de l&rsquo;intelligence artificielle dans ce domaine.&nbsp;Enfin, la consultante senior en recrutement au sein d&rsquo;un cabinet sp\u00e9cialis\u00e9, Selma Boudissa, a insist\u00e9 sur l&rsquo;importance de la pr\u00e9paration des candidats avant leur participation au Salon, recommandant de se pr\u00e9senter avec un CV clair, bien structur\u00e9 et adapt\u00e9 au poste vis\u00e9, tout en soulignant que les conf\u00e9rences programm\u00e9es contribueront \u00e0 mieux structurer leur d\u00e9marche de recherche d&#8217;emploi.&nbsp;<\/p>\n\n\n\n<p>APS<\/p>\n","protected":false},"excerpt":{"rendered":"<p>Plus de 100 entreprises, nationales et internationales, prennent part \u00e0 la 14e \u00e9dition du Salon de l&#8217;emploi et de la<\/p>\n","protected":false},"author":6,"featured_media":80010,"comment_status":"open","ping_status":"closed","sticky":false,"template":"","format":"standard","meta":{"colormag_page_container_layout":"default_layout","colormag_page_sidebar_layout":"default_layout","om_disable_all_campaigns":false,"_monsterinsights_skip_tracking":false,"_monsterinsights_sitenote_active":false,"_monsterinsights_sitenote_note":"","_monsterinsights_sitenote_category":0,"footnotes":"","_wpscppro_dont_share_socialmedia":false,"_wpscppro_custom_social_share_image":0,"_facebook_share_type":"default","_twitter_share_type":"default","_linkedin_share_type":"default","_pinterest_share_type":"default","_linkedin_share_type_page":"","_instagram_share_type":"default","_medium_share_type":"default","_threads_share_type":"default","_google_business_share_type":"default","_selected_social_profile":[],"_wpsp_enable_custom_social_template":false,"_wpsp_social_scheduling":{"enabled":false,"datetime":null,"platforms":[],"status":"template_only","dateOption":"today","timeOption":"now","customDays":"","customHours":"","customDate":"","customTime":"","schedulingType":"absolute"},"_wpsp_active_default_template":true},"categories":[29],"tags":[],"class_list":["post-80009","post","type-post","status-publish","format-standard","has-post-thumbnail","hentry","category-economie"],"aioseo_notices":[],"yoast_head":"<!-- This site is optimized with the Yoast SEO plugin v27.4 - https:\/\/yoast.com\/product\/yoast-seo-wordpress\/ -->\n<title>Emploitic Connect 2026\u00a0:\u00a0Plus de 100 entreprises\u00a0au rendez-vous - La Sentinelle<\/title>\n<meta name=\"robots\" content=\"index, follow, max-snippet:-1, max-image-preview:large, max-video-preview:-1\" \/>\n<link rel=\"canonical\" href=\"https:\/\/lasentinelle.dz\/index.php\/2026\/01\/25\/emploitic-connect-2026-plus-de-100-entreprises-au-rendez-vous\/\" \/>\n<meta property=\"og:locale\" content=\"fr_FR\" \/>\n<meta property=\"og:type\" content=\"article\" \/>\n<meta property=\"og:title\" content=\"Emploitic Connect 2026\u00a0:\u00a0Plus de 100 entreprises\u00a0au rendez-vous - La Sentinelle\" \/>\n<meta property=\"og:description\" content=\"Plus de 100 entreprises, nationales et internationales, prennent part \u00e0 la 14e \u00e9dition du Salon de l&#8217;emploi et de la\" \/>\n<meta property=\"og:url\" content=\"https:\/\/lasentinelle.dz\/index.php\/2026\/01\/25\/emploitic-connect-2026-plus-de-100-entreprises-au-rendez-vous\/\" \/>\n<meta property=\"og:site_name\" content=\"La Sentinelle\" \/>\n<meta property=\"article:publisher\" content=\"https:\/\/www.facebook.com\/La-Sentinelle-104059864394773\" \/>\n<meta property=\"article:published_time\" content=\"2026-01-25T11:41:11+00:00\" \/>\n<meta property=\"article:modified_time\" content=\"2026-01-25T11:41:12+00:00\" \/>\n<meta property=\"og:image\" content=\"https:\/\/lasentinelle.dz\/wp-content\/uploads\/2026\/01\/salon.png\" \/>\n\t<meta property=\"og:image:width\" content=\"293\" \/>\n\t<meta property=\"og:image:height\" content=\"172\" \/>\n\t<meta property=\"og:image:type\" content=\"image\/png\" \/>\n<meta name=\"author\" content=\"admin\" \/>\n<meta name=\"twitter:card\" content=\"summary_large_image\" \/>\n<meta name=\"twitter:label1\" content=\"\u00c9crit par\" \/>\n\t<meta name=\"twitter:data1\" content=\"admin\" \/>\n\t<meta name=\"twitter:label2\" content=\"Dur\u00e9e de lecture estim\u00e9e\" \/>\n\t<meta name=\"twitter:data2\" content=\"3 minutes\" \/>\n<script type=\"application\/ld+json\" class=\"yoast-schema-graph\">{\"@context\":\"https:\\\/\\\/schema.org\",\"@graph\":[{\"@type\":\"Article\",\"@id\":\"https:\\\/\\\/lasentinelle.dz\\\/index.php\\\/2026\\\/01\\\/25\\\/emploitic-connect-2026-plus-de-100-entreprises-au-rendez-vous\\\/#article\",\"isPartOf\":{\"@id\":\"https:\\\/\\\/lasentinelle.dz\\\/index.php\\\/2026\\\/01\\\/25\\\/emploitic-connect-2026-plus-de-100-entreprises-au-rendez-vous\\\/\"},\"author\":{\"name\":\"admin\",\"@id\":\"https:\\\/\\\/lasentinelle.dz\\\/#\\\/schema\\\/person\\\/729ee0024f24e0b8c5ec17232f8e8b41\"},\"headline\":\"Emploitic Connect 2026\u00a0:\u00a0Plus de 100 entreprises\u00a0au rendez-vous\",\"datePublished\":\"2026-01-25T11:41:11+00:00\",\"dateModified\":\"2026-01-25T11:41:12+00:00\",\"mainEntityOfPage\":{\"@id\":\"https:\\\/\\\/lasentinelle.dz\\\/index.php\\\/2026\\\/01\\\/25\\\/emploitic-connect-2026-plus-de-100-entreprises-au-rendez-vous\\\/\"},\"wordCount\":598,\"commentCount\":0,\"publisher\":{\"@id\":\"https:\\\/\\\/lasentinelle.dz\\\/#organization\"},\"image\":{\"@id\":\"https:\\\/\\\/lasentinelle.dz\\\/index.php\\\/2026\\\/01\\\/25\\\/emploitic-connect-2026-plus-de-100-entreprises-au-rendez-vous\\\/#primaryimage\"},\"thumbnailUrl\":\"https:\\\/\\\/lasentinelle.dz\\\/wp-content\\\/uploads\\\/2026\\\/01\\\/salon.png\",\"articleSection\":[\"\u00c9conomie\"],\"inLanguage\":\"fr-FR\",\"potentialAction\":[{\"@type\":\"CommentAction\",\"name\":\"Comment\",\"target\":[\"https:\\\/\\\/lasentinelle.dz\\\/index.php\\\/2026\\\/01\\\/25\\\/emploitic-connect-2026-plus-de-100-entreprises-au-rendez-vous\\\/#respond\"]}]},{\"@type\":\"WebPage\",\"@id\":\"https:\\\/\\\/lasentinelle.dz\\\/index.php\\\/2026\\\/01\\\/25\\\/emploitic-connect-2026-plus-de-100-entreprises-au-rendez-vous\\\/\",\"url\":\"https:\\\/\\\/lasentinelle.dz\\\/index.php\\\/2026\\\/01\\\/25\\\/emploitic-connect-2026-plus-de-100-entreprises-au-rendez-vous\\\/\",\"name\":\"Emploitic Connect 2026\u00a0:\u00a0Plus de 100 entreprises\u00a0au rendez-vous - La Sentinelle\",\"isPartOf\":{\"@id\":\"https:\\\/\\\/lasentinelle.dz\\\/#website\"},\"primaryImageOfPage\":{\"@id\":\"https:\\\/\\\/lasentinelle.dz\\\/index.php\\\/2026\\\/01\\\/25\\\/emploitic-connect-2026-plus-de-100-entreprises-au-rendez-vous\\\/#primaryimage\"},\"image\":{\"@id\":\"https:\\\/\\\/lasentinelle.dz\\\/index.php\\\/2026\\\/01\\\/25\\\/emploitic-connect-2026-plus-de-100-entreprises-au-rendez-vous\\\/#primaryimage\"},\"thumbnailUrl\":\"https:\\\/\\\/lasentinelle.dz\\\/wp-content\\\/uploads\\\/2026\\\/01\\\/salon.png\",\"datePublished\":\"2026-01-25T11:41:11+00:00\",\"dateModified\":\"2026-01-25T11:41:12+00:00\",\"breadcrumb\":{\"@id\":\"https:\\\/\\\/lasentinelle.dz\\\/index.php\\\/2026\\\/01\\\/25\\\/emploitic-connect-2026-plus-de-100-entreprises-au-rendez-vous\\\/#breadcrumb\"},\"inLanguage\":\"fr-FR\",\"potentialAction\":[{\"@type\":\"ReadAction\",\"target\":[\"https:\\\/\\\/lasentinelle.dz\\\/index.php\\\/2026\\\/01\\\/25\\\/emploitic-connect-2026-plus-de-100-entreprises-au-rendez-vous\\\/\"]}]},{\"@type\":\"ImageObject\",\"inLanguage\":\"fr-FR\",\"@id\":\"https:\\\/\\\/lasentinelle.dz\\\/index.php\\\/2026\\\/01\\\/25\\\/emploitic-connect-2026-plus-de-100-entreprises-au-rendez-vous\\\/#primaryimage\",\"url\":\"https:\\\/\\\/lasentinelle.dz\\\/wp-content\\\/uploads\\\/2026\\\/01\\\/salon.png\",\"contentUrl\":\"https:\\\/\\\/lasentinelle.dz\\\/wp-content\\\/uploads\\\/2026\\\/01\\\/salon.png\",\"width\":293,\"height\":172},{\"@type\":\"BreadcrumbList\",\"@id\":\"https:\\\/\\\/lasentinelle.dz\\\/index.php\\\/2026\\\/01\\\/25\\\/emploitic-connect-2026-plus-de-100-entreprises-au-rendez-vous\\\/#breadcrumb\",\"itemListElement\":[{\"@type\":\"ListItem\",\"position\":1,\"name\":\"Accueil\",\"item\":\"https:\\\/\\\/lasentinelle.dz\\\/\"},{\"@type\":\"ListItem\",\"position\":2,\"name\":\"Emploitic Connect 2026\u00a0:\u00a0Plus de 100 entreprises\u00a0au rendez-vous\"}]},{\"@type\":\"WebSite\",\"@id\":\"https:\\\/\\\/lasentinelle.dz\\\/#website\",\"url\":\"https:\\\/\\\/lasentinelle.dz\\\/\",\"name\":\"La Sentinelle\",\"description\":\"Quotidien national d&#039;information\",\"publisher\":{\"@id\":\"https:\\\/\\\/lasentinelle.dz\\\/#organization\"},\"potentialAction\":[{\"@type\":\"SearchAction\",\"target\":{\"@type\":\"EntryPoint\",\"urlTemplate\":\"https:\\\/\\\/lasentinelle.dz\\\/?s={search_term_string}\"},\"query-input\":{\"@type\":\"PropertyValueSpecification\",\"valueRequired\":true,\"valueName\":\"search_term_string\"}}],\"inLanguage\":\"fr-FR\"},{\"@type\":\"Organization\",\"@id\":\"https:\\\/\\\/lasentinelle.dz\\\/#organization\",\"name\":\"Quotidien La Sentinelle\",\"url\":\"https:\\\/\\\/lasentinelle.dz\\\/\",\"logo\":{\"@type\":\"ImageObject\",\"inLanguage\":\"fr-FR\",\"@id\":\"https:\\\/\\\/lasentinelle.dz\\\/#\\\/schema\\\/logo\\\/image\\\/\",\"url\":\"https:\\\/\\\/lasentinelle.dz\\\/wp-content\\\/uploads\\\/2021\\\/09\\\/logo-sentinelleSLOGAN-1.png\",\"contentUrl\":\"https:\\\/\\\/lasentinelle.dz\\\/wp-content\\\/uploads\\\/2021\\\/09\\\/logo-sentinelleSLOGAN-1.png\",\"width\":615,\"height\":142,\"caption\":\"Quotidien La Sentinelle\"},\"image\":{\"@id\":\"https:\\\/\\\/lasentinelle.dz\\\/#\\\/schema\\\/logo\\\/image\\\/\"},\"sameAs\":[\"https:\\\/\\\/www.facebook.com\\\/La-Sentinelle-104059864394773\"]},{\"@type\":\"Person\",\"@id\":\"https:\\\/\\\/lasentinelle.dz\\\/#\\\/schema\\\/person\\\/729ee0024f24e0b8c5ec17232f8e8b41\",\"name\":\"admin\",\"image\":{\"@type\":\"ImageObject\",\"inLanguage\":\"fr-FR\",\"@id\":\"https:\\\/\\\/secure.gravatar.com\\\/avatar\\\/4c81fed838786e9b53f540bf46533e750f5d292099ae3b66cfc6fb1982e29df7?s=96&d=mm&r=g\",\"url\":\"https:\\\/\\\/secure.gravatar.com\\\/avatar\\\/4c81fed838786e9b53f540bf46533e750f5d292099ae3b66cfc6fb1982e29df7?s=96&d=mm&r=g\",\"contentUrl\":\"https:\\\/\\\/secure.gravatar.com\\\/avatar\\\/4c81fed838786e9b53f540bf46533e750f5d292099ae3b66cfc6fb1982e29df7?s=96&d=mm&r=g\",\"caption\":\"admin\"},\"description\":\"admin\",\"url\":\"https:\\\/\\\/lasentinelle.dz\\\/author\\\/admin\\\/\"}]}<\/script>\n<!-- \/ Yoast SEO plugin. -->","yoast_head_json":{"title":"Emploitic Connect 2026\u00a0:\u00a0Plus de 100 entreprises\u00a0au rendez-vous - La Sentinelle","robots":{"index":"index","follow":"follow","max-snippet":"max-snippet:-1","max-image-preview":"max-image-preview:large","max-video-preview":"max-video-preview:-1"},"canonical":"https:\/\/lasentinelle.dz\/index.php\/2026\/01\/25\/emploitic-connect-2026-plus-de-100-entreprises-au-rendez-vous\/","og_locale":"fr_FR","og_type":"article","og_title":"Emploitic Connect 2026\u00a0:\u00a0Plus de 100 entreprises\u00a0au rendez-vous - La Sentinelle","og_description":"Plus de 100 entreprises, nationales et internationales, prennent part \u00e0 la 14e \u00e9dition du Salon de l&#8217;emploi et de la","og_url":"https:\/\/lasentinelle.dz\/index.php\/2026\/01\/25\/emploitic-connect-2026-plus-de-100-entreprises-au-rendez-vous\/","og_site_name":"La Sentinelle","article_publisher":"https:\/\/www.facebook.com\/La-Sentinelle-104059864394773","article_published_time":"2026-01-25T11:41:11+00:00","article_modified_time":"2026-01-25T11:41:12+00:00","og_image":[{"width":293,"height":172,"url":"https:\/\/lasentinelle.dz\/wp-content\/uploads\/2026\/01\/salon.png","type":"image\/png"}],"author":"admin","twitter_card":"summary_large_image","twitter_misc":{"\u00c9crit par":"admin","Dur\u00e9e de lecture estim\u00e9e":"3 minutes"},"schema":{"@context":"https:\/\/schema.org","@graph":[{"@type":"Article","@id":"https:\/\/lasentinelle.dz\/index.php\/2026\/01\/25\/emploitic-connect-2026-plus-de-100-entreprises-au-rendez-vous\/#article","isPartOf":{"@id":"https:\/\/lasentinelle.dz\/index.php\/2026\/01\/25\/emploitic-connect-2026-plus-de-100-entreprises-au-rendez-vous\/"},"author":{"name":"admin","@id":"https:\/\/lasentinelle.dz\/#\/schema\/person\/729ee0024f24e0b8c5ec17232f8e8b41"},"headline":"Emploitic Connect 2026\u00a0:\u00a0Plus de 100 entreprises\u00a0au rendez-vous","datePublished":"2026-01-25T11:41:11+00:00","dateModified":"2026-01-25T11:41:12+00:00","mainEntityOfPage":{"@id":"https:\/\/lasentinelle.dz\/index.php\/2026\/01\/25\/emploitic-connect-2026-plus-de-100-entreprises-au-rendez-vous\/"},"wordCount":598,"commentCount":0,"publisher":{"@id":"https:\/\/lasentinelle.dz\/#organization"},"image":{"@id":"https:\/\/lasentinelle.dz\/index.php\/2026\/01\/25\/emploitic-connect-2026-plus-de-100-entreprises-au-rendez-vous\/#primaryimage"},"thumbnailUrl":"https:\/\/lasentinelle.dz\/wp-content\/uploads\/2026\/01\/salon.png","articleSection":["\u00c9conomie"],"inLanguage":"fr-FR","potentialAction":[{"@type":"CommentAction","name":"Comment","target":["https:\/\/lasentinelle.dz\/index.php\/2026\/01\/25\/emploitic-connect-2026-plus-de-100-entreprises-au-rendez-vous\/#respond"]}]},{"@type":"WebPage","@id":"https:\/\/lasentinelle.dz\/index.php\/2026\/01\/25\/emploitic-connect-2026-plus-de-100-entreprises-au-rendez-vous\/","url":"https:\/\/lasentinelle.dz\/index.php\/2026\/01\/25\/emploitic-connect-2026-plus-de-100-entreprises-au-rendez-vous\/","name":"Emploitic Connect 2026\u00a0:\u00a0Plus de 100 entreprises\u00a0au rendez-vous - La Sentinelle","isPartOf":{"@id":"https:\/\/lasentinelle.dz\/#website"},"primaryImageOfPage":{"@id":"https:\/\/lasentinelle.dz\/index.php\/2026\/01\/25\/emploitic-connect-2026-plus-de-100-entreprises-au-rendez-vous\/#primaryimage"},"image":{"@id":"https:\/\/lasentinelle.dz\/index.php\/2026\/01\/25\/emploitic-connect-2026-plus-de-100-entreprises-au-rendez-vous\/#primaryimage"},"thumbnailUrl":"https:\/\/lasentinelle.dz\/wp-content\/uploads\/2026\/01\/salon.png","datePublished":"2026-01-25T11:41:11+00:00","dateModified":"2026-01-25T11:41:12+00:00","breadcrumb":{"@id":"https:\/\/lasentinelle.dz\/index.php\/2026\/01\/25\/emploitic-connect-2026-plus-de-100-entreprises-au-rendez-vous\/#breadcrumb"},"inLanguage":"fr-FR","potentialAction":[{"@type":"ReadAction","target":["https:\/\/lasentinelle.dz\/index.php\/2026\/01\/25\/emploitic-connect-2026-plus-de-100-entreprises-au-rendez-vous\/"]}]},{"@type":"ImageObject","inLanguage":"fr-FR","@id":"https:\/\/lasentinelle.dz\/index.php\/2026\/01\/25\/emploitic-connect-2026-plus-de-100-entreprises-au-rendez-vous\/#primaryimage","url":"https:\/\/lasentinelle.dz\/wp-content\/uploads\/2026\/01\/salon.png","contentUrl":"https:\/\/lasentinelle.dz\/wp-content\/uploads\/2026\/01\/salon.png","width":293,"height":172},{"@type":"BreadcrumbList","@id":"https:\/\/lasentinelle.dz\/index.php\/2026\/01\/25\/emploitic-connect-2026-plus-de-100-entreprises-au-rendez-vous\/#breadcrumb","itemListElement":[{"@type":"ListItem","position":1,"name":"Accueil","item":"https:\/\/lasentinelle.dz\/"},{"@type":"ListItem","position":2,"name":"Emploitic Connect 2026\u00a0:\u00a0Plus de 100 entreprises\u00a0au rendez-vous"}]},{"@type":"WebSite","@id":"https:\/\/lasentinelle.dz\/#website","url":"https:\/\/lasentinelle.dz\/","name":"La Sentinelle","description":"Quotidien national d&#039;information","publisher":{"@id":"https:\/\/lasentinelle.dz\/#organization"},"potentialAction":[{"@type":"SearchAction","target":{"@type":"EntryPoint","urlTemplate":"https:\/\/lasentinelle.dz\/?s={search_term_string}"},"query-input":{"@type":"PropertyValueSpecification","valueRequired":true,"valueName":"search_term_string"}}],"inLanguage":"fr-FR"},{"@type":"Organization","@id":"https:\/\/lasentinelle.dz\/#organization","name":"Quotidien La Sentinelle","url":"https:\/\/lasentinelle.dz\/","logo":{"@type":"ImageObject","inLanguage":"fr-FR","@id":"https:\/\/lasentinelle.dz\/#\/schema\/logo\/image\/","url":"https:\/\/lasentinelle.dz\/wp-content\/uploads\/2021\/09\/logo-sentinelleSLOGAN-1.png","contentUrl":"https:\/\/lasentinelle.dz\/wp-content\/uploads\/2021\/09\/logo-sentinelleSLOGAN-1.png","width":615,"height":142,"caption":"Quotidien La Sentinelle"},"image":{"@id":"https:\/\/lasentinelle.dz\/#\/schema\/logo\/image\/"},"sameAs":["https:\/\/www.facebook.com\/La-Sentinelle-104059864394773"]},{"@type":"Person","@id":"https:\/\/lasentinelle.dz\/#\/schema\/person\/729ee0024f24e0b8c5ec17232f8e8b41","name":"admin","image":{"@type":"ImageObject","inLanguage":"fr-FR","@id":"https:\/\/secure.gravatar.com\/avatar\/4c81fed838786e9b53f540bf46533e750f5d292099ae3b66cfc6fb1982e29df7?s=96&d=mm&r=g","url":"https:\/\/secure.gravatar.com\/avatar\/4c81fed838786e9b53f540bf46533e750f5d292099ae3b66cfc6fb1982e29df7?s=96&d=mm&r=g","contentUrl":"https:\/\/secure.gravatar.com\/avatar\/4c81fed838786e9b53f540bf46533e750f5d292099ae3b66cfc6fb1982e29df7?s=96&d=mm&r=g","caption":"admin"},"description":"admin","url":"https:\/\/lasentinelle.dz\/author\/admin\/"}]}},"_links":{"self":[{"href":"https:\/\/lasentinelle.dz\/index.php\/wp-json\/wp\/v2\/posts\/80009","targetHints":{"allow":["GET"]}}],"collection":[{"href":"https:\/\/lasentinelle.dz\/index.php\/wp-json\/wp\/v2\/posts"}],"about":[{"href":"https:\/\/lasentinelle.dz\/index.php\/wp-json\/wp\/v2\/types\/post"}],"author":[{"embeddable":true,"href":"https:\/\/lasentinelle.dz\/index.php\/wp-json\/wp\/v2\/users\/6"}],"replies":[{"embeddable":true,"href":"https:\/\/lasentinelle.dz\/index.php\/wp-json\/wp\/v2\/comments?post=80009"}],"version-history":[{"count":1,"href":"https:\/\/lasentinelle.dz\/index.php\/wp-json\/wp\/v2\/posts\/80009\/revisions"}],"predecessor-version":[{"id":80011,"href":"https:\/\/lasentinelle.dz\/index.php\/wp-json\/wp\/v2\/posts\/80009\/revisions\/80011"}],"wp:featuredmedia":[{"embeddable":true,"href":"https:\/\/lasentinelle.dz\/index.php\/wp-json\/wp\/v2\/media\/80010"}],"wp:attachment":[{"href":"https:\/\/lasentinelle.dz\/index.php\/wp-json\/wp\/v2\/media?parent=80009"}],"wp:term":[{"taxonomy":"category","embeddable":true,"href":"https:\/\/lasentinelle.dz\/index.php\/wp-json\/wp\/v2\/categories?post=80009"},{"taxonomy":"post_tag","embeddable":true,"href":"https:\/\/lasentinelle.dz\/index.php\/wp-json\/wp\/v2\/tags?post=80009"}],"curies":[{"name":"wp","href":"https:\/\/api.w.org\/{rel}","templated":true}]}}