{"id":80022,"date":"2026-01-25T12:44:48","date_gmt":"2026-01-25T11:44:48","guid":{"rendered":"https:\/\/lasentinelle.dz\/?p=80022"},"modified":"2026-01-25T12:44:49","modified_gmt":"2026-01-25T11:44:49","slug":"partis-et-organisations-denoncent-les-campagnes-de-desinformation-menees-par-les-medias-francais-contre-lalgerie","status":"publish","type":"post","link":"https:\/\/lasentinelle.dz\/index.php\/2026\/01\/25\/partis-et-organisations-denoncent-les-campagnes-de-desinformation-menees-par-les-medias-francais-contre-lalgerie\/","title":{"rendered":"Partis et organisations d\u00e9noncent les campagnes de d\u00e9sinformation men\u00e9es par les m\u00e9dias fran\u00e7ais contre l&rsquo;Alg\u00e9rie"},"content":{"rendered":"\n<p>Plusieurs partis politiques et organisations alg\u00e9riens ont vivement condamn\u00e9 samedi les campagnes hostiles men\u00e9es par certains m\u00e9dias fran\u00e7ais contre l&rsquo;Alg\u00e9rie et les m\u00e9thodes de d\u00e9sinformation flagrantes qu&rsquo;ils emploient \u00e0 l&rsquo;encontre d&rsquo;un pays souverain et ind\u00e9pendant, \u00e0 travers des tentatives d\u00e9sesp\u00e9r\u00e9es visant \u00e0 cibler ses institutions et \u00e0 ternir l&rsquo;image de ses symboles. Ces r\u00e9actions font suite \u00e0 la diffusion de contenus diffamatoires par plusieurs cha\u00eenes fran\u00e7aises, dont France T\u00e9l\u00e9visions.&nbsp;Dans un communiqu\u00e9, le Front de lib\u00e9ration nationale (FLN) a exprim\u00e9 \u00ab sa condamnation absolue et sa vive r\u00e9probation des campagnes hostiles manifestes et syst\u00e9matiques que continue de mener les m\u00e9dias publics fran\u00e7ais contre l&rsquo;Alg\u00e9rie \u00bb. Le parti historique a qualifi\u00e9 ces pratiques de \u00ab comportement agressif manifeste qui n&rsquo;admet plus ni interpr\u00e9tation ni justification \u00bb, soulignant que cette position r\u00e9v\u00e8le clairement \u00ab son engagement dans une guerre de propagande sale qui adopte les th\u00e8ses de l&rsquo;extr\u00eame droite \u00bb. Le FLN a ajout\u00e9 que ce qui est diffus\u00e9 sur les \u00e9crans de France T\u00e9l\u00e9visions concernant l&rsquo;Alg\u00e9rie \u00ab n&rsquo;est plus de l&rsquo;information, mais est devenu un outil de d\u00e9sinformation, d&rsquo;incitation, de d\u00e9formation et de falsification d\u00e9lib\u00e9r\u00e9e des faits, de diffusion de mensonges manifestes et de ciblage direct de la souverainet\u00e9 de l&rsquo;Alg\u00e9rie et de ses institutions \u00bb. Cela repr\u00e9sente, selon le parti, \u00ab une d\u00e9rive dangereuse qui expose la faillite morale et professionnelle de ces m\u00e9dias et les place dans la cat\u00e9gorie de l&rsquo;hostilit\u00e9 d\u00e9clar\u00e9e envers un pays ind\u00e9pendant et souverain \u00bb.&nbsp;Le FLN a soulign\u00e9 que la raison de ces pratiques m\u00e9diatiques orient\u00e9es est que certains cercles fran\u00e7ais \u00ab n&rsquo;ont pas encore dig\u00e9r\u00e9 la r\u00e9alit\u00e9 que l&rsquo;Alg\u00e9rie d&rsquo;aujourd&rsquo;hui est un \u00c9tat ayant une d\u00e9cision souveraine ind\u00e9pendante et qui n&rsquo;accepte ni la tutelle ni les diktats, notamment apr\u00e8s les d\u00e9cisions courageuses prises par l&rsquo;\u00c9tat alg\u00e9rien sous la direction du pr\u00e9sident de la R\u00e9publique, Abdelmadjid Tebboune \u00bb. Le parti a tenu les institutions officielles fran\u00e7aises pour responsables de ce \u00ab d\u00e9rapage dangereux \u00bb, insistant sur le fait que \u00ab les tentatives de d\u00e9formation et de chantage m\u00e9diatique ne porteront pas atteinte \u00e0 l&rsquo;Alg\u00e9rie qui ne pliera pas devant les pressions et ne n\u00e9gociera pas sa souverainet\u00e9 \u00bb.<\/p>\n\n\n\n<p>De son c\u00f4t\u00e9, le Rassemblement national d\u00e9mocratique (RND) a exprim\u00e9 \u00ab son \u00e9tonnement et son m\u00e9contentement \u00bb face \u00e0 ce qu&rsquo;a diffus\u00e9 la cha\u00eene publique fran\u00e7aise, qui ne constitue qu&rsquo;\u00ab une pratique grossi\u00e8re dans le domaine de la d\u00e9formation politique et un discours hostile d\u00e9pass\u00e9 par le temps et les faits \u00bb. Le parti a rappel\u00e9 la co\u00efncidence de cette attaque m\u00e9diatique avec l&rsquo;adoption par le Conseil de la nation de la loi criminalisant le colonialisme fran\u00e7ais en Alg\u00e9rie, ce qui expose \u00ab une tentative d\u00e9sesp\u00e9r\u00e9e de reproduire un discours d\u00e9pass\u00e9 par la r\u00e9alit\u00e9, et il ne reste \u00e0 ses auteurs que de ruminer la haine et de l&#8217;emballer dans des formats d&rsquo;information \u00bb. Face \u00e0 cela, le RND a renouvel\u00e9 le rappel que l&rsquo;Alg\u00e9rie \u00ab n&rsquo;a pas besoin de certificats de bonne conduite \u00bb, soulignant que les relations entre \u00c9tats \u00ab se construisent sur le respect mutuel et l&rsquo;\u00e9galit\u00e9, et non sur le r\u00e8glement de comptes diff\u00e9r\u00e9s \u00bb.<\/p>\n\n\n\n<p>Pour sa part, le Mouvement El Bina El Watani a condamn\u00e9 le ciblage par les m\u00e9dias fran\u00e7ais de l&rsquo;Alg\u00e9rie et de ses symboles \u00e0 travers un contenu m\u00e9diatique \u00ab qui a d\u00e9g\u00e9n\u00e9r\u00e9 dans son essence en d\u00e9formation d\u00e9lib\u00e9r\u00e9e de l&rsquo;image de l&rsquo;Alg\u00e9rie, par la reproduction d&rsquo;anciens r\u00e9cits coloniaux via des salles de r\u00e9daction qui continuent de regarder l&rsquo;Alg\u00e9rie avec un \u0153il de tutelle, d&rsquo;une mani\u00e8re qui contrevient m\u00eame aux normes juridiques des m\u00e9dias fran\u00e7ais eux-m\u00eames \u00bb. Le mouvement a consid\u00e9r\u00e9 que ce travail m\u00e9diatique \u00ab d\u00e9pourvu de professionnalisme \u00bb s&rsquo;inscrit dans \u00ab des tentatives d\u00e9sesp\u00e9r\u00e9es de faire pression sur l&rsquo;\u00c9tat alg\u00e9rien, en ciblant ses institutions, en d\u00e9formant ses appareils et ses symboles, et en semant le doute sur ses choix souverains \u00bb, \u00e0 un moment o\u00f9 \u00ab l&rsquo;Alg\u00e9rie a prouv\u00e9 sa capacit\u00e9 \u00e0 g\u00e9rer ses affaires int\u00e9rieures et ext\u00e9rieures selon la logique d&rsquo;un \u00c9tat ind\u00e9pendant qui n&rsquo;accepte pas les diktats et ne s&rsquo;engage pas dans des man\u0153uvres de chantage quelle qu&rsquo;en soit la source \u00bb. Le mouvement a affirm\u00e9 son rejet de ce \u00ab d\u00e9rapage dangereux \u00bb, insistant sur la n\u00e9cessit\u00e9 pour les autorit\u00e9s fran\u00e7aises de r\u00e9viser cette approche m\u00e9diatique hostile qui \u00ab ne sert pas la stabilit\u00e9 des relations bilat\u00e9rales et ne s&rsquo;accorde pas avec les discours officiels d\u00e9clar\u00e9s sur le partenariat et la coop\u00e9ration \u00bb.<\/p>\n\n\n\n<p>Dans le m\u00eame sens, le Mouvement dynamique des Alg\u00e9riens en France (Modaf) a&nbsp;affich\u00e9&nbsp;\u00ab son vif m\u00e9contentement \u00bb face \u00e0 la couverture m\u00e9diatique fran\u00e7aise \u00ab partiale qui cible les Alg\u00e9riens \u00bb, condamnant \u00e9galement \u00ab la d\u00e9formation d\u00e9lib\u00e9r\u00e9e de la r\u00e9putation des responsables fran\u00e7ais \u00e9lus d&rsquo;origine alg\u00e9rienne et l&rsquo;attisement contre les Franco-Alg\u00e9riens au lieu de reconna\u00eetre la communaut\u00e9 alg\u00e9rienne comme un \u00e9l\u00e9ment important et un pont naturel de coexistence et pour les relations franco-alg\u00e9riennes \u00bb. L&rsquo;organisation a exprim\u00e9 son rejet cat\u00e9gorique de ce traitement m\u00e9diatique \u00ab partial \u00bb, affirmant que \u00ab l&rsquo;identit\u00e9 alg\u00e9rienne n&rsquo;est pas une menace et la d\u00e9fense de l&rsquo;Alg\u00e9rie contre les campagnes de diffamation est un droit l\u00e9gitime \u00bb.<\/p>\n\n\n\n<p>Pour sa part, l&rsquo;Organisation nationale des journalistes a exprim\u00e9 sa condamnation dans les termes les plus fermes de ce qu&rsquo;ont diffus\u00e9 les m\u00e9dias fran\u00e7ais via un programme t\u00e9l\u00e9vis\u00e9 \u00ab qui n&rsquo;\u00e9tait en r\u00e9alit\u00e9 qu&rsquo;un travail de propagande et d&rsquo;incitation ciblant l&rsquo;Alg\u00e9rie, \u00c9tat et peuple \u00bb, appelant les diff\u00e9rents m\u00e9dias nationaux \u00e0 \u00ab faire face \u00e0 toutes les campagnes m\u00e9diatiques qui portent atteinte aux institutions de l&rsquo;\u00c9tat et aux symboles de la R\u00e9publique \u00bb.<\/p>\n\n\n\n<p>Lyna Larbi<\/p>\n","protected":false},"excerpt":{"rendered":"<p>Plusieurs partis politiques et organisations alg\u00e9riens ont vivement condamn\u00e9 samedi les campagnes hostiles men\u00e9es par certains m\u00e9dias fran\u00e7ais contre l&rsquo;Alg\u00e9rie<\/p>\n","protected":false},"author":6,"featured_media":0,"comment_status":"open","ping_status":"closed","sticky":false,"template":"","format":"standard","meta":{"colormag_page_container_layout":"default_layout","colormag_page_sidebar_layout":"default_layout","om_disable_all_campaigns":false,"_monsterinsights_skip_tracking":false,"_monsterinsights_sitenote_active":false,"_monsterinsights_sitenote_note":"","_monsterinsights_sitenote_category":0,"footnotes":"","_wpscppro_dont_share_socialmedia":false,"_wpscppro_custom_social_share_image":0,"_facebook_share_type":"default","_twitter_share_type":"default","_linkedin_share_type":"default","_pinterest_share_type":"default","_linkedin_share_type_page":"","_instagram_share_type":"default","_medium_share_type":"default","_threads_share_type":"default","_google_business_share_type":"default","_selected_social_profile":[],"_wpsp_enable_custom_social_template":false,"_wpsp_social_scheduling":{"enabled":false,"datetime":null,"platforms":[],"status":"template_only","dateOption":"today","timeOption":"now","customDays":"","customHours":"","customDate":"","customTime":"","schedulingType":"absolute"},"_wpsp_active_default_template":true},"categories":[27],"tags":[],"class_list":["post-80022","post","type-post","status-publish","format-standard","hentry","category-actualite"],"aioseo_notices":[],"yoast_head":"<!-- This site is optimized with the Yoast SEO plugin v27.5 - https:\/\/yoast.com\/product\/yoast-seo-wordpress\/ -->\n<title>Partis et organisations d\u00e9noncent les campagnes de d\u00e9sinformation men\u00e9es par les m\u00e9dias fran\u00e7ais contre l&rsquo;Alg\u00e9rie - La Sentinelle<\/title>\n<meta name=\"robots\" content=\"index, follow, max-snippet:-1, max-image-preview:large, max-video-preview:-1\" \/>\n<link rel=\"canonical\" href=\"https:\/\/lasentinelle.dz\/index.php\/2026\/01\/25\/partis-et-organisations-denoncent-les-campagnes-de-desinformation-menees-par-les-medias-francais-contre-lalgerie\/\" \/>\n<meta property=\"og:locale\" content=\"fr_FR\" \/>\n<meta property=\"og:type\" content=\"article\" \/>\n<meta property=\"og:title\" content=\"Partis et organisations d\u00e9noncent les campagnes de d\u00e9sinformation men\u00e9es par les m\u00e9dias fran\u00e7ais contre l&rsquo;Alg\u00e9rie - La Sentinelle\" \/>\n<meta property=\"og:description\" content=\"Plusieurs partis politiques et organisations alg\u00e9riens ont vivement condamn\u00e9 samedi les campagnes hostiles men\u00e9es par certains m\u00e9dias fran\u00e7ais contre l&rsquo;Alg\u00e9rie\" \/>\n<meta property=\"og:url\" content=\"https:\/\/lasentinelle.dz\/index.php\/2026\/01\/25\/partis-et-organisations-denoncent-les-campagnes-de-desinformation-menees-par-les-medias-francais-contre-lalgerie\/\" \/>\n<meta property=\"og:site_name\" content=\"La Sentinelle\" \/>\n<meta property=\"article:publisher\" content=\"https:\/\/www.facebook.com\/La-Sentinelle-104059864394773\" \/>\n<meta property=\"article:published_time\" content=\"2026-01-25T11:44:48+00:00\" \/>\n<meta property=\"article:modified_time\" content=\"2026-01-25T11:44:49+00:00\" \/>\n<meta name=\"author\" content=\"admin\" \/>\n<meta name=\"twitter:card\" content=\"summary_large_image\" \/>\n<meta name=\"twitter:label1\" content=\"\u00c9crit par\" \/>\n\t<meta name=\"twitter:data1\" content=\"admin\" \/>\n\t<meta name=\"twitter:label2\" content=\"Dur\u00e9e de lecture estim\u00e9e\" \/>\n\t<meta name=\"twitter:data2\" content=\"5 minutes\" \/>\n<script type=\"application\/ld+json\" class=\"yoast-schema-graph\">{\"@context\":\"https:\\\/\\\/schema.org\",\"@graph\":[{\"@type\":\"Article\",\"@id\":\"https:\\\/\\\/lasentinelle.dz\\\/index.php\\\/2026\\\/01\\\/25\\\/partis-et-organisations-denoncent-les-campagnes-de-desinformation-menees-par-les-medias-francais-contre-lalgerie\\\/#article\",\"isPartOf\":{\"@id\":\"https:\\\/\\\/lasentinelle.dz\\\/index.php\\\/2026\\\/01\\\/25\\\/partis-et-organisations-denoncent-les-campagnes-de-desinformation-menees-par-les-medias-francais-contre-lalgerie\\\/\"},\"author\":{\"name\":\"admin\",\"@id\":\"https:\\\/\\\/lasentinelle.dz\\\/#\\\/schema\\\/person\\\/729ee0024f24e0b8c5ec17232f8e8b41\"},\"headline\":\"Partis et organisations d\u00e9noncent les campagnes de d\u00e9sinformation men\u00e9es par les m\u00e9dias fran\u00e7ais contre l&rsquo;Alg\u00e9rie\",\"datePublished\":\"2026-01-25T11:44:48+00:00\",\"dateModified\":\"2026-01-25T11:44:49+00:00\",\"mainEntityOfPage\":{\"@id\":\"https:\\\/\\\/lasentinelle.dz\\\/index.php\\\/2026\\\/01\\\/25\\\/partis-et-organisations-denoncent-les-campagnes-de-desinformation-menees-par-les-medias-francais-contre-lalgerie\\\/\"},\"wordCount\":1094,\"commentCount\":0,\"publisher\":{\"@id\":\"https:\\\/\\\/lasentinelle.dz\\\/#organization\"},\"articleSection\":[\"Actualit\u00e9\"],\"inLanguage\":\"fr-FR\",\"potentialAction\":[{\"@type\":\"CommentAction\",\"name\":\"Comment\",\"target\":[\"https:\\\/\\\/lasentinelle.dz\\\/index.php\\\/2026\\\/01\\\/25\\\/partis-et-organisations-denoncent-les-campagnes-de-desinformation-menees-par-les-medias-francais-contre-lalgerie\\\/#respond\"]}]},{\"@type\":\"WebPage\",\"@id\":\"https:\\\/\\\/lasentinelle.dz\\\/index.php\\\/2026\\\/01\\\/25\\\/partis-et-organisations-denoncent-les-campagnes-de-desinformation-menees-par-les-medias-francais-contre-lalgerie\\\/\",\"url\":\"https:\\\/\\\/lasentinelle.dz\\\/index.php\\\/2026\\\/01\\\/25\\\/partis-et-organisations-denoncent-les-campagnes-de-desinformation-menees-par-les-medias-francais-contre-lalgerie\\\/\",\"name\":\"Partis et organisations d\u00e9noncent les campagnes de d\u00e9sinformation men\u00e9es par les m\u00e9dias fran\u00e7ais contre l&rsquo;Alg\u00e9rie - La Sentinelle\",\"isPartOf\":{\"@id\":\"https:\\\/\\\/lasentinelle.dz\\\/#website\"},\"datePublished\":\"2026-01-25T11:44:48+00:00\",\"dateModified\":\"2026-01-25T11:44:49+00:00\",\"breadcrumb\":{\"@id\":\"https:\\\/\\\/lasentinelle.dz\\\/index.php\\\/2026\\\/01\\\/25\\\/partis-et-organisations-denoncent-les-campagnes-de-desinformation-menees-par-les-medias-francais-contre-lalgerie\\\/#breadcrumb\"},\"inLanguage\":\"fr-FR\",\"potentialAction\":[{\"@type\":\"ReadAction\",\"target\":[\"https:\\\/\\\/lasentinelle.dz\\\/index.php\\\/2026\\\/01\\\/25\\\/partis-et-organisations-denoncent-les-campagnes-de-desinformation-menees-par-les-medias-francais-contre-lalgerie\\\/\"]}]},{\"@type\":\"BreadcrumbList\",\"@id\":\"https:\\\/\\\/lasentinelle.dz\\\/index.php\\\/2026\\\/01\\\/25\\\/partis-et-organisations-denoncent-les-campagnes-de-desinformation-menees-par-les-medias-francais-contre-lalgerie\\\/#breadcrumb\",\"itemListElement\":[{\"@type\":\"ListItem\",\"position\":1,\"name\":\"Accueil\",\"item\":\"https:\\\/\\\/lasentinelle.dz\\\/\"},{\"@type\":\"ListItem\",\"position\":2,\"name\":\"Partis et organisations d\u00e9noncent les campagnes de d\u00e9sinformation men\u00e9es par les m\u00e9dias fran\u00e7ais contre l&rsquo;Alg\u00e9rie\"}]},{\"@type\":\"WebSite\",\"@id\":\"https:\\\/\\\/lasentinelle.dz\\\/#website\",\"url\":\"https:\\\/\\\/lasentinelle.dz\\\/\",\"name\":\"La Sentinelle\",\"description\":\"Quotidien national d&#039;information\",\"publisher\":{\"@id\":\"https:\\\/\\\/lasentinelle.dz\\\/#organization\"},\"potentialAction\":[{\"@type\":\"SearchAction\",\"target\":{\"@type\":\"EntryPoint\",\"urlTemplate\":\"https:\\\/\\\/lasentinelle.dz\\\/?s={search_term_string}\"},\"query-input\":{\"@type\":\"PropertyValueSpecification\",\"valueRequired\":true,\"valueName\":\"search_term_string\"}}],\"inLanguage\":\"fr-FR\"},{\"@type\":\"Organization\",\"@id\":\"https:\\\/\\\/lasentinelle.dz\\\/#organization\",\"name\":\"Quotidien La Sentinelle\",\"url\":\"https:\\\/\\\/lasentinelle.dz\\\/\",\"logo\":{\"@type\":\"ImageObject\",\"inLanguage\":\"fr-FR\",\"@id\":\"https:\\\/\\\/lasentinelle.dz\\\/#\\\/schema\\\/logo\\\/image\\\/\",\"url\":\"https:\\\/\\\/lasentinelle.dz\\\/wp-content\\\/uploads\\\/2021\\\/09\\\/logo-sentinelleSLOGAN-1.png\",\"contentUrl\":\"https:\\\/\\\/lasentinelle.dz\\\/wp-content\\\/uploads\\\/2021\\\/09\\\/logo-sentinelleSLOGAN-1.png\",\"width\":615,\"height\":142,\"caption\":\"Quotidien La Sentinelle\"},\"image\":{\"@id\":\"https:\\\/\\\/lasentinelle.dz\\\/#\\\/schema\\\/logo\\\/image\\\/\"},\"sameAs\":[\"https:\\\/\\\/www.facebook.com\\\/La-Sentinelle-104059864394773\"]},{\"@type\":\"Person\",\"@id\":\"https:\\\/\\\/lasentinelle.dz\\\/#\\\/schema\\\/person\\\/729ee0024f24e0b8c5ec17232f8e8b41\",\"name\":\"admin\",\"image\":{\"@type\":\"ImageObject\",\"inLanguage\":\"fr-FR\",\"@id\":\"https:\\\/\\\/secure.gravatar.com\\\/avatar\\\/4c81fed838786e9b53f540bf46533e750f5d292099ae3b66cfc6fb1982e29df7?s=96&d=mm&r=g\",\"url\":\"https:\\\/\\\/secure.gravatar.com\\\/avatar\\\/4c81fed838786e9b53f540bf46533e750f5d292099ae3b66cfc6fb1982e29df7?s=96&d=mm&r=g\",\"contentUrl\":\"https:\\\/\\\/secure.gravatar.com\\\/avatar\\\/4c81fed838786e9b53f540bf46533e750f5d292099ae3b66cfc6fb1982e29df7?s=96&d=mm&r=g\",\"caption\":\"admin\"},\"description\":\"admin\",\"url\":\"https:\\\/\\\/lasentinelle.dz\\\/author\\\/admin\\\/\"}]}<\/script>\n<!-- \/ Yoast SEO plugin. -->","yoast_head_json":{"title":"Partis et organisations d\u00e9noncent les campagnes de d\u00e9sinformation men\u00e9es par les m\u00e9dias fran\u00e7ais contre l&rsquo;Alg\u00e9rie - La Sentinelle","robots":{"index":"index","follow":"follow","max-snippet":"max-snippet:-1","max-image-preview":"max-image-preview:large","max-video-preview":"max-video-preview:-1"},"canonical":"https:\/\/lasentinelle.dz\/index.php\/2026\/01\/25\/partis-et-organisations-denoncent-les-campagnes-de-desinformation-menees-par-les-medias-francais-contre-lalgerie\/","og_locale":"fr_FR","og_type":"article","og_title":"Partis et organisations d\u00e9noncent les campagnes de d\u00e9sinformation men\u00e9es par les m\u00e9dias fran\u00e7ais contre l&rsquo;Alg\u00e9rie - La Sentinelle","og_description":"Plusieurs partis politiques et organisations alg\u00e9riens ont vivement condamn\u00e9 samedi les campagnes hostiles men\u00e9es par certains m\u00e9dias fran\u00e7ais contre l&rsquo;Alg\u00e9rie","og_url":"https:\/\/lasentinelle.dz\/index.php\/2026\/01\/25\/partis-et-organisations-denoncent-les-campagnes-de-desinformation-menees-par-les-medias-francais-contre-lalgerie\/","og_site_name":"La Sentinelle","article_publisher":"https:\/\/www.facebook.com\/La-Sentinelle-104059864394773","article_published_time":"2026-01-25T11:44:48+00:00","article_modified_time":"2026-01-25T11:44:49+00:00","author":"admin","twitter_card":"summary_large_image","twitter_misc":{"\u00c9crit par":"admin","Dur\u00e9e de lecture estim\u00e9e":"5 minutes"},"schema":{"@context":"https:\/\/schema.org","@graph":[{"@type":"Article","@id":"https:\/\/lasentinelle.dz\/index.php\/2026\/01\/25\/partis-et-organisations-denoncent-les-campagnes-de-desinformation-menees-par-les-medias-francais-contre-lalgerie\/#article","isPartOf":{"@id":"https:\/\/lasentinelle.dz\/index.php\/2026\/01\/25\/partis-et-organisations-denoncent-les-campagnes-de-desinformation-menees-par-les-medias-francais-contre-lalgerie\/"},"author":{"name":"admin","@id":"https:\/\/lasentinelle.dz\/#\/schema\/person\/729ee0024f24e0b8c5ec17232f8e8b41"},"headline":"Partis et organisations d\u00e9noncent les campagnes de d\u00e9sinformation men\u00e9es par les m\u00e9dias fran\u00e7ais contre l&rsquo;Alg\u00e9rie","datePublished":"2026-01-25T11:44:48+00:00","dateModified":"2026-01-25T11:44:49+00:00","mainEntityOfPage":{"@id":"https:\/\/lasentinelle.dz\/index.php\/2026\/01\/25\/partis-et-organisations-denoncent-les-campagnes-de-desinformation-menees-par-les-medias-francais-contre-lalgerie\/"},"wordCount":1094,"commentCount":0,"publisher":{"@id":"https:\/\/lasentinelle.dz\/#organization"},"articleSection":["Actualit\u00e9"],"inLanguage":"fr-FR","potentialAction":[{"@type":"CommentAction","name":"Comment","target":["https:\/\/lasentinelle.dz\/index.php\/2026\/01\/25\/partis-et-organisations-denoncent-les-campagnes-de-desinformation-menees-par-les-medias-francais-contre-lalgerie\/#respond"]}]},{"@type":"WebPage","@id":"https:\/\/lasentinelle.dz\/index.php\/2026\/01\/25\/partis-et-organisations-denoncent-les-campagnes-de-desinformation-menees-par-les-medias-francais-contre-lalgerie\/","url":"https:\/\/lasentinelle.dz\/index.php\/2026\/01\/25\/partis-et-organisations-denoncent-les-campagnes-de-desinformation-menees-par-les-medias-francais-contre-lalgerie\/","name":"Partis et organisations d\u00e9noncent les campagnes de d\u00e9sinformation men\u00e9es par les m\u00e9dias fran\u00e7ais contre l&rsquo;Alg\u00e9rie - La Sentinelle","isPartOf":{"@id":"https:\/\/lasentinelle.dz\/#website"},"datePublished":"2026-01-25T11:44:48+00:00","dateModified":"2026-01-25T11:44:49+00:00","breadcrumb":{"@id":"https:\/\/lasentinelle.dz\/index.php\/2026\/01\/25\/partis-et-organisations-denoncent-les-campagnes-de-desinformation-menees-par-les-medias-francais-contre-lalgerie\/#breadcrumb"},"inLanguage":"fr-FR","potentialAction":[{"@type":"ReadAction","target":["https:\/\/lasentinelle.dz\/index.php\/2026\/01\/25\/partis-et-organisations-denoncent-les-campagnes-de-desinformation-menees-par-les-medias-francais-contre-lalgerie\/"]}]},{"@type":"BreadcrumbList","@id":"https:\/\/lasentinelle.dz\/index.php\/2026\/01\/25\/partis-et-organisations-denoncent-les-campagnes-de-desinformation-menees-par-les-medias-francais-contre-lalgerie\/#breadcrumb","itemListElement":[{"@type":"ListItem","position":1,"name":"Accueil","item":"https:\/\/lasentinelle.dz\/"},{"@type":"ListItem","position":2,"name":"Partis et organisations d\u00e9noncent les campagnes de d\u00e9sinformation men\u00e9es par les m\u00e9dias fran\u00e7ais contre l&rsquo;Alg\u00e9rie"}]},{"@type":"WebSite","@id":"https:\/\/lasentinelle.dz\/#website","url":"https:\/\/lasentinelle.dz\/","name":"La Sentinelle","description":"Quotidien national d&#039;information","publisher":{"@id":"https:\/\/lasentinelle.dz\/#organization"},"potentialAction":[{"@type":"SearchAction","target":{"@type":"EntryPoint","urlTemplate":"https:\/\/lasentinelle.dz\/?s={search_term_string}"},"query-input":{"@type":"PropertyValueSpecification","valueRequired":true,"valueName":"search_term_string"}}],"inLanguage":"fr-FR"},{"@type":"Organization","@id":"https:\/\/lasentinelle.dz\/#organization","name":"Quotidien La Sentinelle","url":"https:\/\/lasentinelle.dz\/","logo":{"@type":"ImageObject","inLanguage":"fr-FR","@id":"https:\/\/lasentinelle.dz\/#\/schema\/logo\/image\/","url":"https:\/\/lasentinelle.dz\/wp-content\/uploads\/2021\/09\/logo-sentinelleSLOGAN-1.png","contentUrl":"https:\/\/lasentinelle.dz\/wp-content\/uploads\/2021\/09\/logo-sentinelleSLOGAN-1.png","width":615,"height":142,"caption":"Quotidien La Sentinelle"},"image":{"@id":"https:\/\/lasentinelle.dz\/#\/schema\/logo\/image\/"},"sameAs":["https:\/\/www.facebook.com\/La-Sentinelle-104059864394773"]},{"@type":"Person","@id":"https:\/\/lasentinelle.dz\/#\/schema\/person\/729ee0024f24e0b8c5ec17232f8e8b41","name":"admin","image":{"@type":"ImageObject","inLanguage":"fr-FR","@id":"https:\/\/secure.gravatar.com\/avatar\/4c81fed838786e9b53f540bf46533e750f5d292099ae3b66cfc6fb1982e29df7?s=96&d=mm&r=g","url":"https:\/\/secure.gravatar.com\/avatar\/4c81fed838786e9b53f540bf46533e750f5d292099ae3b66cfc6fb1982e29df7?s=96&d=mm&r=g","contentUrl":"https:\/\/secure.gravatar.com\/avatar\/4c81fed838786e9b53f540bf46533e750f5d292099ae3b66cfc6fb1982e29df7?s=96&d=mm&r=g","caption":"admin"},"description":"admin","url":"https:\/\/lasentinelle.dz\/author\/admin\/"}]}},"_links":{"self":[{"href":"https:\/\/lasentinelle.dz\/index.php\/wp-json\/wp\/v2\/posts\/80022","targetHints":{"allow":["GET"]}}],"collection":[{"href":"https:\/\/lasentinelle.dz\/index.php\/wp-json\/wp\/v2\/posts"}],"about":[{"href":"https:\/\/lasentinelle.dz\/index.php\/wp-json\/wp\/v2\/types\/post"}],"author":[{"embeddable":true,"href":"https:\/\/lasentinelle.dz\/index.php\/wp-json\/wp\/v2\/users\/6"}],"replies":[{"embeddable":true,"href":"https:\/\/lasentinelle.dz\/index.php\/wp-json\/wp\/v2\/comments?post=80022"}],"version-history":[{"count":2,"href":"https:\/\/lasentinelle.dz\/index.php\/wp-json\/wp\/v2\/posts\/80022\/revisions"}],"predecessor-version":[{"id":80024,"href":"https:\/\/lasentinelle.dz\/index.php\/wp-json\/wp\/v2\/posts\/80022\/revisions\/80024"}],"wp:attachment":[{"href":"https:\/\/lasentinelle.dz\/index.php\/wp-json\/wp\/v2\/media?parent=80022"}],"wp:term":[{"taxonomy":"category","embeddable":true,"href":"https:\/\/lasentinelle.dz\/index.php\/wp-json\/wp\/v2\/categories?post=80022"},{"taxonomy":"post_tag","embeddable":true,"href":"https:\/\/lasentinelle.dz\/index.php\/wp-json\/wp\/v2\/tags?post=80022"}],"curies":[{"name":"wp","href":"https:\/\/api.w.org\/{rel}","templated":true}]}}