{"id":80025,"date":"2026-01-25T12:45:37","date_gmt":"2026-01-25T11:45:37","guid":{"rendered":"https:\/\/lasentinelle.dz\/?p=80025"},"modified":"2026-01-25T12:45:39","modified_gmt":"2026-01-25T11:45:39","slug":"alger-convoque-le-charge-daffaires-de-lambassade-de-france-apres-une-nouvelle-provocation-une-escalade-antialgerienne","status":"publish","type":"post","link":"https:\/\/lasentinelle.dz\/index.php\/2026\/01\/25\/alger-convoque-le-charge-daffaires-de-lambassade-de-france-apres-une-nouvelle-provocation-une-escalade-antialgerienne\/","title":{"rendered":"Alger convoque\u00a0le charg\u00e9 d&rsquo;affaires de l&rsquo;ambassade de France\u00a0apr\u00e8s une nouvelle provocation\u00a0:\u00a0Une escalade antialg\u00e9rienne !"},"content":{"rendered":"\n<p>L&rsquo;Alg\u00e9rie d\u00e9nonce&nbsp;l&rsquo;implication de l&rsquo;ambassade de France et de l&rsquo;ambassadeur lui-m\u00eame dans une v\u00e9ritable campagne antialg\u00e9rienne orchestr\u00e9e avec la complicit\u00e9 de milieux officiels fran\u00e7ais.<\/p>\n\n\n\n<p>Le minist\u00e8re des Affaires \u00e9trang\u00e8res, de la Communaut\u00e9 nationale \u00e0 l\u2019\u00e9tranger et des Affaires africaines&nbsp;a convoqu\u00e9 samedi le charg\u00e9 d&rsquo;affaires de l&rsquo;ambassade de France \u00e0 Alger pour protester avec la plus grande fermet\u00e9 contre la diffusion par la cha\u00eene publique France 2 d&rsquo;un programme pr\u00e9sent\u00e9 comme un documentaire mais&nbsp;qui est en fait un&nbsp;\u00ab\u00a0tissu de contre-v\u00e9rit\u00e9s profond\u00e9ment offensantes et inutilement provocatrices\u00a0\u00bb. Cette convocation intervient dans un contexte de relations bilat\u00e9rales d\u00e9j\u00e0 fortement d\u00e9grad\u00e9es et marque une nouvelle \u00e9tape dans la crise diplomatique entre les deux pays, l&rsquo;Alg\u00e9rie d\u00e9non\u00e7ant l&rsquo;implication de l&rsquo;ambassade de France et de l&rsquo;ambassadeur lui-m\u00eame dans une v\u00e9ritable campagne antialg\u00e9rienne orchestr\u00e9e avec la complicit\u00e9 de milieux officiels fran\u00e7ais.<\/p>\n\n\n\n<p>Dans un communiqu\u00e9 rendu public samedi, le minist\u00e8re des Affaires \u00e9trang\u00e8res a exprim\u00e9 la position sans \u00e9quivoque du gouvernement alg\u00e9rien face \u00e0 une agression caract\u00e9ris\u00e9e. Le texte souligne avec force quatre points essentiels qui t\u00e9moignent de la gravit\u00e9 de la situation. Premi\u00e8rement, la diplomatie alg\u00e9rienne pointe \u00ab\u00a0la responsabilit\u00e9 d&rsquo;une cha\u00eene de service public fran\u00e7ais dans cette v\u00e9ritable agression contre l&rsquo;\u00c9tat alg\u00e9rien, ses institutions et ses symboles\u00a0\u00bb, ajoutant qu&rsquo;une telle offensive \u00ab\u00a0ne se serait jamais autoris\u00e9e sans la complicit\u00e9 ou \u00e0 tout le moins l&rsquo;assentiment de sa tutelle publique\u00a0\u00bb.<\/p>\n\n\n\n<p>Le minist\u00e8re d\u00e9nonce \u00e9galement, et c&rsquo;est le deuxi\u00e8me point soulev\u00e9 aupr\u00e8s du diplomate fran\u00e7ais, une rupture flagrante avec les usages diplomatiques. \u00ab\u00a0Contrairement \u00e0 toutes les pratiques et coutumes diplomatiques, la contribution de l&rsquo;ambassade de France \u00e0 Alger et celle de l&rsquo;ambassadeur personnellement \u00e0 l&rsquo;animation de cette campagne outrageante men\u00e9e par cette cha\u00eene publique renforce le sentiment que celle-ci a b\u00e9n\u00e9fici\u00e9 d&rsquo;une onction de services officiels fran\u00e7ais\u00a0\u00bb, pr\u00e9cise le communiqu\u00e9. Cette implication directe de la repr\u00e9sentation diplomatique fran\u00e7aise constitue, aux yeux d&rsquo;Alger, une violation manifeste des conventions r\u00e9gissant les relations entre \u00c9tats.<\/p>\n\n\n\n<p>Troisi\u00e8mement, le minist\u00e8re&nbsp;des Affaires \u00e9trang\u00e8res&nbsp;inscrit cet \u00e9pisode dans une dynamique plus large et plus inqui\u00e9tante. \u00ab\u00a0L&rsquo;agissement de la cha\u00eene fran\u00e7aise en cause repr\u00e9sente une nouvelle \u00e9tape dans l&rsquo;escalade des men\u00e9es antialg\u00e9riennes que des milieux officiels fran\u00e7ais entretiennent \u00e0 des fins de maintien des relations alg\u00e9ro-fran\u00e7aises dans un \u00e9tat de crise permanent\u00a0\u00bb, affirme le texte. Cette analyse sugg\u00e8re qu&rsquo;au-del\u00e0 d&rsquo;un simple incident m\u00e9diatique, c&rsquo;est une strat\u00e9gie d\u00e9lib\u00e9r\u00e9e de tension qui&nbsp;est&nbsp;\u00e0 l&rsquo;\u0153uvre.<\/p>\n\n\n\n<p>Enfin,&nbsp;Alger&nbsp;&nbsp;\u00ab\u00a0condamne avec une extr\u00eame vigueur l&rsquo;\u00e9mission en cause et la teneur inqualifiable des accusations et des offenses qu&rsquo;elle v\u00e9hicule \u00e0 propos de l&rsquo;\u00c9tat alg\u00e9rien et de ses institutions\u00a0\u00bb, tout en exprimant \u00ab\u00a0sa tr\u00e8s forte d\u00e9sapprobation de l&rsquo;implication de l&rsquo;ambassadeur de France \u00e0 Alger dans la commission d&rsquo;actes manifestement contraires \u00e0 l&rsquo;exercice de sa mission telle que codifi\u00e9e par les lois et consacr\u00e9e par les coutumes internationales\u00a0\u00bb. Le communiqu\u00e9 conclut en notifiant que \u00ab\u00a0le Gouvernement alg\u00e9rien se r\u00e9serve le droit de donner toutes les suites qu&rsquo;appelle la gravit\u00e9 de tels agissements\u00a0\u00bb.<\/p>\n\n\n\n<p><strong>Obsession alg\u00e9rienne<\/strong><\/p>\n\n\n\n<p>L&rsquo;\u00e9mission de France 2 intitul\u00e9e \u00ab\u00a0Rumeurs et coups tordus : la guerre secr\u00e8te France-Alg\u00e9rie\u00a0\u00bb, diffus\u00e9e jeudi soir, devait th\u00e9oriquement traiter de la d\u00e9gradation des relations franco-alg\u00e9riennes. Mais le contenu du programme a rapidement r\u00e9v\u00e9l\u00e9 une tout autre orientation, jetant le soup\u00e7on sur les \u00e9lus franco-alg\u00e9riens et plus largement sur les Alg\u00e9riens de France. Le c\u0153ur du documentaire s&rsquo;est concentr\u00e9 sur les binationaux franco-alg\u00e9riens, notamment les \u00e9lus, en mettant en doute leur loyaut\u00e9 et en les pr\u00e9sentant presque comme une cinqui\u00e8me colonne op\u00e9rant sur le territoire fran\u00e7ais.<\/p>\n\n\n\n<p>L&rsquo;\u00e9mission a notamment utilis\u00e9 une note de la Direction g\u00e9n\u00e9rale de la s\u00e9curit\u00e9 ext\u00e9rieure concernant une \u00e9lue fran\u00e7aise d&rsquo;origine alg\u00e9rienne qui aurait \u00e9t\u00e9 contact\u00e9e par un consulat d&rsquo;Alg\u00e9rie pour \u00ab\u00a0faire la promotion de l&rsquo;alg\u00e9rianit\u00e9\u00a0\u00bb.&nbsp;&nbsp;Au-del\u00e0 des \u00e9lus, ce sont \u00e9galement les cadres d&rsquo;origine alg\u00e9rienne travaillant dans l&rsquo;administration fran\u00e7aise qui sont point\u00e9s du doigt, selon le m\u00eame proc\u00e9d\u00e9 consistant \u00e0 g\u00e9n\u00e9raliser \u00e0 partir de cas particuliers pour jeter le soup\u00e7on de double all\u00e9geance sur l&rsquo;ensemble de cette communaut\u00e9.<\/p>\n\n\n\n<p>L&rsquo;analyse de ce programme r\u00e9v\u00e8le une d\u00e9rive assum\u00e9e d&rsquo;un m\u00e9dia public qui a&nbsp;troqu\u00e9 l&rsquo;exigence journalistique contre les th\u00e8ses les plus rances de l&rsquo;extr\u00eame droite fran\u00e7aise. Il ne s&rsquo;agit ni d&rsquo;une enqu\u00eate ni d&rsquo;un travail d&rsquo;information \u00e9quilibr\u00e9, mais d&rsquo;une entreprise de d\u00e9sinformation m\u00e9thodique o\u00f9 l&rsquo;Alg\u00e9rie sert de cible obsessionnelle. France T\u00e9l\u00e9visions, cens\u00e9e incarner la rigueur du service public,&nbsp;adopte ainsi&nbsp;les th\u00e8ses de l&rsquo;extr\u00eame droite en offrant une tribune \u00e0 ceux qui ont fait de l&rsquo;hostilit\u00e9 envers l&rsquo;Alg\u00e9rie leur fonds de commerce politique et m\u00e9diatique.<\/p>\n\n\n\n<p>L&rsquo;obsession alg\u00e9rienne d&rsquo;une frange de la classe politique fran\u00e7aise&nbsp;a&nbsp;atteint des sommets, cristallis\u00e9e notamment autour&nbsp;de l\u2019ancien ambassadeur de France \u00e0 Alger, Xavier Driencourt connu pour se positions anti-alg\u00e9riennes assum\u00e9es,&nbsp;dont les interventions r\u00e9p\u00e9t\u00e9es sur les plateaux t\u00e9l\u00e9vis\u00e9s&nbsp;rel\u00e8ve&nbsp;d&rsquo;une v\u00e9ritable pathologie. Cet individu, qui aurait selon certaines sources tent\u00e9 durant ses mandats en Alg\u00e9rie de fragiliser le pays, b\u00e9n\u00e9ficierait aujourd&rsquo;hui d&rsquo;une visibilit\u00e9 m\u00e9diatique importante, promu au rang de \u00ab\u00a0sp\u00e9cialiste incontournable\u00a0\u00bb alors que son discours repose&nbsp;principalement sur l&rsquo;outrance et la provocation.<\/p>\n\n\n\n<p>Ce n&rsquo;est pas la premi\u00e8re fois que France T\u00e9l\u00e9visions est accus\u00e9e de s&rsquo;attaquer \u00e0 l&rsquo;Alg\u00e9rie, cette \u00e9mission constituant la troisi\u00e8me offensive du genre, aliment\u00e9e par des r\u00e9cits biais\u00e9s et des approximations grossi\u00e8res.<\/p>\n\n\n\n<p>Cette nouvelle provocation survient dans un contexte de relations bilat\u00e9rales d\u00e9j\u00e0 tr\u00e8s d\u00e9grad\u00e9es et risque d&rsquo;aggraver encore davantage la crise diplomatique entre Paris et Alger. En utilisant le service public pour v\u00e9hiculer ce type de contenu, la France m\u00e9diatique r\u00e9v\u00e8le&nbsp;son incapacit\u00e9 \u00e0 regarder l&rsquo;Alg\u00e9rie autrement qu&rsquo;\u00e0 travers le prisme du ressentiment et de la nostalgie coloniale, tout en tentant de r\u00e9gler ses propres fractures identitaires sur le dos&nbsp;de l\u2019Alg\u00e9rie.<\/p>\n\n\n\n<p>Salim Amokrane<\/p>\n","protected":false},"excerpt":{"rendered":"<p>L&rsquo;Alg\u00e9rie d\u00e9nonce&nbsp;l&rsquo;implication de l&rsquo;ambassade de France et de l&rsquo;ambassadeur lui-m\u00eame dans une v\u00e9ritable campagne antialg\u00e9rienne orchestr\u00e9e avec la complicit\u00e9 de<\/p>\n","protected":false},"author":6,"featured_media":61591,"comment_status":"open","ping_status":"closed","sticky":false,"template":"","format":"standard","meta":{"colormag_page_container_layout":"default_layout","colormag_page_sidebar_layout":"default_layout","om_disable_all_campaigns":false,"_monsterinsights_skip_tracking":false,"_monsterinsights_sitenote_active":false,"_monsterinsights_sitenote_note":"","_monsterinsights_sitenote_category":0,"footnotes":"","_wpscppro_dont_share_socialmedia":false,"_wpscppro_custom_social_share_image":0,"_facebook_share_type":"default","_twitter_share_type":"default","_linkedin_share_type":"default","_pinterest_share_type":"default","_linkedin_share_type_page":"","_instagram_share_type":"default","_medium_share_type":"default","_threads_share_type":"default","_google_business_share_type":"default","_selected_social_profile":[],"_wpsp_enable_custom_social_template":false,"_wpsp_social_scheduling":{"enabled":false,"datetime":null,"platforms":[],"status":"template_only","dateOption":"today","timeOption":"now","customDays":"","customHours":"","customDate":"","customTime":"","schedulingType":"absolute"},"_wpsp_active_default_template":true},"categories":[52,27],"tags":[],"class_list":["post-80025","post","type-post","status-publish","format-standard","has-post-thumbnail","hentry","category-a-la-une","category-actualite"],"aioseo_notices":[],"yoast_head":"<!-- This site is optimized with the Yoast SEO plugin v27.5 - https:\/\/yoast.com\/product\/yoast-seo-wordpress\/ -->\n<title>Alger convoque\u00a0le charg\u00e9 d&rsquo;affaires de l&rsquo;ambassade de France\u00a0apr\u00e8s une nouvelle provocation\u00a0:\u00a0Une escalade antialg\u00e9rienne ! - La Sentinelle<\/title>\n<meta name=\"robots\" content=\"index, follow, max-snippet:-1, max-image-preview:large, max-video-preview:-1\" \/>\n<link rel=\"canonical\" href=\"https:\/\/lasentinelle.dz\/index.php\/2026\/01\/25\/alger-convoque-le-charge-daffaires-de-lambassade-de-france-apres-une-nouvelle-provocation-une-escalade-antialgerienne\/\" \/>\n<meta property=\"og:locale\" content=\"fr_FR\" \/>\n<meta property=\"og:type\" content=\"article\" \/>\n<meta property=\"og:title\" content=\"Alger convoque\u00a0le charg\u00e9 d&rsquo;affaires de l&rsquo;ambassade de France\u00a0apr\u00e8s une nouvelle provocation\u00a0:\u00a0Une escalade antialg\u00e9rienne ! - La Sentinelle\" \/>\n<meta property=\"og:description\" content=\"L&rsquo;Alg\u00e9rie d\u00e9nonce&nbsp;l&rsquo;implication de l&rsquo;ambassade de France et de l&rsquo;ambassadeur lui-m\u00eame dans une v\u00e9ritable campagne antialg\u00e9rienne orchestr\u00e9e avec la complicit\u00e9 de\" \/>\n<meta property=\"og:url\" content=\"https:\/\/lasentinelle.dz\/index.php\/2026\/01\/25\/alger-convoque-le-charge-daffaires-de-lambassade-de-france-apres-une-nouvelle-provocation-une-escalade-antialgerienne\/\" \/>\n<meta property=\"og:site_name\" content=\"La Sentinelle\" \/>\n<meta property=\"article:publisher\" content=\"https:\/\/www.facebook.com\/La-Sentinelle-104059864394773\" \/>\n<meta property=\"article:published_time\" content=\"2026-01-25T11:45:37+00:00\" \/>\n<meta property=\"article:modified_time\" content=\"2026-01-25T11:45:39+00:00\" \/>\n<meta property=\"og:image\" content=\"https:\/\/lasentinelle.dz\/wp-content\/uploads\/2025\/01\/dz-mae.jpeg\" \/>\n\t<meta property=\"og:image:width\" content=\"2135\" \/>\n\t<meta property=\"og:image:height\" content=\"1423\" \/>\n\t<meta property=\"og:image:type\" content=\"image\/jpeg\" \/>\n<meta name=\"author\" content=\"admin\" \/>\n<meta name=\"twitter:card\" content=\"summary_large_image\" \/>\n<meta name=\"twitter:label1\" content=\"\u00c9crit par\" \/>\n\t<meta name=\"twitter:data1\" content=\"admin\" \/>\n\t<meta name=\"twitter:label2\" content=\"Dur\u00e9e de lecture estim\u00e9e\" \/>\n\t<meta name=\"twitter:data2\" content=\"5 minutes\" \/>\n<script type=\"application\/ld+json\" class=\"yoast-schema-graph\">{\"@context\":\"https:\\\/\\\/schema.org\",\"@graph\":[{\"@type\":\"Article\",\"@id\":\"https:\\\/\\\/lasentinelle.dz\\\/index.php\\\/2026\\\/01\\\/25\\\/alger-convoque-le-charge-daffaires-de-lambassade-de-france-apres-une-nouvelle-provocation-une-escalade-antialgerienne\\\/#article\",\"isPartOf\":{\"@id\":\"https:\\\/\\\/lasentinelle.dz\\\/index.php\\\/2026\\\/01\\\/25\\\/alger-convoque-le-charge-daffaires-de-lambassade-de-france-apres-une-nouvelle-provocation-une-escalade-antialgerienne\\\/\"},\"author\":{\"name\":\"admin\",\"@id\":\"https:\\\/\\\/lasentinelle.dz\\\/#\\\/schema\\\/person\\\/729ee0024f24e0b8c5ec17232f8e8b41\"},\"headline\":\"Alger convoque\u00a0le charg\u00e9 d&rsquo;affaires de l&rsquo;ambassade de France\u00a0apr\u00e8s une nouvelle provocation\u00a0:\u00a0Une escalade antialg\u00e9rienne !\",\"datePublished\":\"2026-01-25T11:45:37+00:00\",\"dateModified\":\"2026-01-25T11:45:39+00:00\",\"mainEntityOfPage\":{\"@id\":\"https:\\\/\\\/lasentinelle.dz\\\/index.php\\\/2026\\\/01\\\/25\\\/alger-convoque-le-charge-daffaires-de-lambassade-de-france-apres-une-nouvelle-provocation-une-escalade-antialgerienne\\\/\"},\"wordCount\":1192,\"commentCount\":0,\"publisher\":{\"@id\":\"https:\\\/\\\/lasentinelle.dz\\\/#organization\"},\"image\":{\"@id\":\"https:\\\/\\\/lasentinelle.dz\\\/index.php\\\/2026\\\/01\\\/25\\\/alger-convoque-le-charge-daffaires-de-lambassade-de-france-apres-une-nouvelle-provocation-une-escalade-antialgerienne\\\/#primaryimage\"},\"thumbnailUrl\":\"https:\\\/\\\/lasentinelle.dz\\\/wp-content\\\/uploads\\\/2025\\\/01\\\/dz-mae.jpeg\",\"articleSection\":[\"\u00c0 la Une\",\"Actualit\u00e9\"],\"inLanguage\":\"fr-FR\",\"potentialAction\":[{\"@type\":\"CommentAction\",\"name\":\"Comment\",\"target\":[\"https:\\\/\\\/lasentinelle.dz\\\/index.php\\\/2026\\\/01\\\/25\\\/alger-convoque-le-charge-daffaires-de-lambassade-de-france-apres-une-nouvelle-provocation-une-escalade-antialgerienne\\\/#respond\"]}]},{\"@type\":\"WebPage\",\"@id\":\"https:\\\/\\\/lasentinelle.dz\\\/index.php\\\/2026\\\/01\\\/25\\\/alger-convoque-le-charge-daffaires-de-lambassade-de-france-apres-une-nouvelle-provocation-une-escalade-antialgerienne\\\/\",\"url\":\"https:\\\/\\\/lasentinelle.dz\\\/index.php\\\/2026\\\/01\\\/25\\\/alger-convoque-le-charge-daffaires-de-lambassade-de-france-apres-une-nouvelle-provocation-une-escalade-antialgerienne\\\/\",\"name\":\"Alger convoque\u00a0le charg\u00e9 d&rsquo;affaires de l&rsquo;ambassade de France\u00a0apr\u00e8s une nouvelle provocation\u00a0:\u00a0Une escalade antialg\u00e9rienne ! - La Sentinelle\",\"isPartOf\":{\"@id\":\"https:\\\/\\\/lasentinelle.dz\\\/#website\"},\"primaryImageOfPage\":{\"@id\":\"https:\\\/\\\/lasentinelle.dz\\\/index.php\\\/2026\\\/01\\\/25\\\/alger-convoque-le-charge-daffaires-de-lambassade-de-france-apres-une-nouvelle-provocation-une-escalade-antialgerienne\\\/#primaryimage\"},\"image\":{\"@id\":\"https:\\\/\\\/lasentinelle.dz\\\/index.php\\\/2026\\\/01\\\/25\\\/alger-convoque-le-charge-daffaires-de-lambassade-de-france-apres-une-nouvelle-provocation-une-escalade-antialgerienne\\\/#primaryimage\"},\"thumbnailUrl\":\"https:\\\/\\\/lasentinelle.dz\\\/wp-content\\\/uploads\\\/2025\\\/01\\\/dz-mae.jpeg\",\"datePublished\":\"2026-01-25T11:45:37+00:00\",\"dateModified\":\"2026-01-25T11:45:39+00:00\",\"breadcrumb\":{\"@id\":\"https:\\\/\\\/lasentinelle.dz\\\/index.php\\\/2026\\\/01\\\/25\\\/alger-convoque-le-charge-daffaires-de-lambassade-de-france-apres-une-nouvelle-provocation-une-escalade-antialgerienne\\\/#breadcrumb\"},\"inLanguage\":\"fr-FR\",\"potentialAction\":[{\"@type\":\"ReadAction\",\"target\":[\"https:\\\/\\\/lasentinelle.dz\\\/index.php\\\/2026\\\/01\\\/25\\\/alger-convoque-le-charge-daffaires-de-lambassade-de-france-apres-une-nouvelle-provocation-une-escalade-antialgerienne\\\/\"]}]},{\"@type\":\"ImageObject\",\"inLanguage\":\"fr-FR\",\"@id\":\"https:\\\/\\\/lasentinelle.dz\\\/index.php\\\/2026\\\/01\\\/25\\\/alger-convoque-le-charge-daffaires-de-lambassade-de-france-apres-une-nouvelle-provocation-une-escalade-antialgerienne\\\/#primaryimage\",\"url\":\"https:\\\/\\\/lasentinelle.dz\\\/wp-content\\\/uploads\\\/2025\\\/01\\\/dz-mae.jpeg\",\"contentUrl\":\"https:\\\/\\\/lasentinelle.dz\\\/wp-content\\\/uploads\\\/2025\\\/01\\\/dz-mae.jpeg\",\"width\":2135,\"height\":1423,\"caption\":\"????????????????????????????????????\"},{\"@type\":\"BreadcrumbList\",\"@id\":\"https:\\\/\\\/lasentinelle.dz\\\/index.php\\\/2026\\\/01\\\/25\\\/alger-convoque-le-charge-daffaires-de-lambassade-de-france-apres-une-nouvelle-provocation-une-escalade-antialgerienne\\\/#breadcrumb\",\"itemListElement\":[{\"@type\":\"ListItem\",\"position\":1,\"name\":\"Accueil\",\"item\":\"https:\\\/\\\/lasentinelle.dz\\\/\"},{\"@type\":\"ListItem\",\"position\":2,\"name\":\"Alger convoque\u00a0le charg\u00e9 d&rsquo;affaires de l&rsquo;ambassade de France\u00a0apr\u00e8s une nouvelle provocation\u00a0:\u00a0Une escalade antialg\u00e9rienne !\"}]},{\"@type\":\"WebSite\",\"@id\":\"https:\\\/\\\/lasentinelle.dz\\\/#website\",\"url\":\"https:\\\/\\\/lasentinelle.dz\\\/\",\"name\":\"La Sentinelle\",\"description\":\"Quotidien national d&#039;information\",\"publisher\":{\"@id\":\"https:\\\/\\\/lasentinelle.dz\\\/#organization\"},\"potentialAction\":[{\"@type\":\"SearchAction\",\"target\":{\"@type\":\"EntryPoint\",\"urlTemplate\":\"https:\\\/\\\/lasentinelle.dz\\\/?s={search_term_string}\"},\"query-input\":{\"@type\":\"PropertyValueSpecification\",\"valueRequired\":true,\"valueName\":\"search_term_string\"}}],\"inLanguage\":\"fr-FR\"},{\"@type\":\"Organization\",\"@id\":\"https:\\\/\\\/lasentinelle.dz\\\/#organization\",\"name\":\"Quotidien La Sentinelle\",\"url\":\"https:\\\/\\\/lasentinelle.dz\\\/\",\"logo\":{\"@type\":\"ImageObject\",\"inLanguage\":\"fr-FR\",\"@id\":\"https:\\\/\\\/lasentinelle.dz\\\/#\\\/schema\\\/logo\\\/image\\\/\",\"url\":\"https:\\\/\\\/lasentinelle.dz\\\/wp-content\\\/uploads\\\/2021\\\/09\\\/logo-sentinelleSLOGAN-1.png\",\"contentUrl\":\"https:\\\/\\\/lasentinelle.dz\\\/wp-content\\\/uploads\\\/2021\\\/09\\\/logo-sentinelleSLOGAN-1.png\",\"width\":615,\"height\":142,\"caption\":\"Quotidien La Sentinelle\"},\"image\":{\"@id\":\"https:\\\/\\\/lasentinelle.dz\\\/#\\\/schema\\\/logo\\\/image\\\/\"},\"sameAs\":[\"https:\\\/\\\/www.facebook.com\\\/La-Sentinelle-104059864394773\"]},{\"@type\":\"Person\",\"@id\":\"https:\\\/\\\/lasentinelle.dz\\\/#\\\/schema\\\/person\\\/729ee0024f24e0b8c5ec17232f8e8b41\",\"name\":\"admin\",\"image\":{\"@type\":\"ImageObject\",\"inLanguage\":\"fr-FR\",\"@id\":\"https:\\\/\\\/secure.gravatar.com\\\/avatar\\\/4c81fed838786e9b53f540bf46533e750f5d292099ae3b66cfc6fb1982e29df7?s=96&d=mm&r=g\",\"url\":\"https:\\\/\\\/secure.gravatar.com\\\/avatar\\\/4c81fed838786e9b53f540bf46533e750f5d292099ae3b66cfc6fb1982e29df7?s=96&d=mm&r=g\",\"contentUrl\":\"https:\\\/\\\/secure.gravatar.com\\\/avatar\\\/4c81fed838786e9b53f540bf46533e750f5d292099ae3b66cfc6fb1982e29df7?s=96&d=mm&r=g\",\"caption\":\"admin\"},\"description\":\"admin\",\"url\":\"https:\\\/\\\/lasentinelle.dz\\\/author\\\/admin\\\/\"}]}<\/script>\n<!-- \/ Yoast SEO plugin. -->","yoast_head_json":{"title":"Alger convoque\u00a0le charg\u00e9 d&rsquo;affaires de l&rsquo;ambassade de France\u00a0apr\u00e8s une nouvelle provocation\u00a0:\u00a0Une escalade antialg\u00e9rienne ! - La Sentinelle","robots":{"index":"index","follow":"follow","max-snippet":"max-snippet:-1","max-image-preview":"max-image-preview:large","max-video-preview":"max-video-preview:-1"},"canonical":"https:\/\/lasentinelle.dz\/index.php\/2026\/01\/25\/alger-convoque-le-charge-daffaires-de-lambassade-de-france-apres-une-nouvelle-provocation-une-escalade-antialgerienne\/","og_locale":"fr_FR","og_type":"article","og_title":"Alger convoque\u00a0le charg\u00e9 d&rsquo;affaires de l&rsquo;ambassade de France\u00a0apr\u00e8s une nouvelle provocation\u00a0:\u00a0Une escalade antialg\u00e9rienne ! - La Sentinelle","og_description":"L&rsquo;Alg\u00e9rie d\u00e9nonce&nbsp;l&rsquo;implication de l&rsquo;ambassade de France et de l&rsquo;ambassadeur lui-m\u00eame dans une v\u00e9ritable campagne antialg\u00e9rienne orchestr\u00e9e avec la complicit\u00e9 de","og_url":"https:\/\/lasentinelle.dz\/index.php\/2026\/01\/25\/alger-convoque-le-charge-daffaires-de-lambassade-de-france-apres-une-nouvelle-provocation-une-escalade-antialgerienne\/","og_site_name":"La Sentinelle","article_publisher":"https:\/\/www.facebook.com\/La-Sentinelle-104059864394773","article_published_time":"2026-01-25T11:45:37+00:00","article_modified_time":"2026-01-25T11:45:39+00:00","og_image":[{"width":2135,"height":1423,"url":"https:\/\/lasentinelle.dz\/wp-content\/uploads\/2025\/01\/dz-mae.jpeg","type":"image\/jpeg"}],"author":"admin","twitter_card":"summary_large_image","twitter_misc":{"\u00c9crit par":"admin","Dur\u00e9e de lecture estim\u00e9e":"5 minutes"},"schema":{"@context":"https:\/\/schema.org","@graph":[{"@type":"Article","@id":"https:\/\/lasentinelle.dz\/index.php\/2026\/01\/25\/alger-convoque-le-charge-daffaires-de-lambassade-de-france-apres-une-nouvelle-provocation-une-escalade-antialgerienne\/#article","isPartOf":{"@id":"https:\/\/lasentinelle.dz\/index.php\/2026\/01\/25\/alger-convoque-le-charge-daffaires-de-lambassade-de-france-apres-une-nouvelle-provocation-une-escalade-antialgerienne\/"},"author":{"name":"admin","@id":"https:\/\/lasentinelle.dz\/#\/schema\/person\/729ee0024f24e0b8c5ec17232f8e8b41"},"headline":"Alger convoque\u00a0le charg\u00e9 d&rsquo;affaires de l&rsquo;ambassade de France\u00a0apr\u00e8s une nouvelle provocation\u00a0:\u00a0Une escalade antialg\u00e9rienne !","datePublished":"2026-01-25T11:45:37+00:00","dateModified":"2026-01-25T11:45:39+00:00","mainEntityOfPage":{"@id":"https:\/\/lasentinelle.dz\/index.php\/2026\/01\/25\/alger-convoque-le-charge-daffaires-de-lambassade-de-france-apres-une-nouvelle-provocation-une-escalade-antialgerienne\/"},"wordCount":1192,"commentCount":0,"publisher":{"@id":"https:\/\/lasentinelle.dz\/#organization"},"image":{"@id":"https:\/\/lasentinelle.dz\/index.php\/2026\/01\/25\/alger-convoque-le-charge-daffaires-de-lambassade-de-france-apres-une-nouvelle-provocation-une-escalade-antialgerienne\/#primaryimage"},"thumbnailUrl":"https:\/\/lasentinelle.dz\/wp-content\/uploads\/2025\/01\/dz-mae.jpeg","articleSection":["\u00c0 la Une","Actualit\u00e9"],"inLanguage":"fr-FR","potentialAction":[{"@type":"CommentAction","name":"Comment","target":["https:\/\/lasentinelle.dz\/index.php\/2026\/01\/25\/alger-convoque-le-charge-daffaires-de-lambassade-de-france-apres-une-nouvelle-provocation-une-escalade-antialgerienne\/#respond"]}]},{"@type":"WebPage","@id":"https:\/\/lasentinelle.dz\/index.php\/2026\/01\/25\/alger-convoque-le-charge-daffaires-de-lambassade-de-france-apres-une-nouvelle-provocation-une-escalade-antialgerienne\/","url":"https:\/\/lasentinelle.dz\/index.php\/2026\/01\/25\/alger-convoque-le-charge-daffaires-de-lambassade-de-france-apres-une-nouvelle-provocation-une-escalade-antialgerienne\/","name":"Alger convoque\u00a0le charg\u00e9 d&rsquo;affaires de l&rsquo;ambassade de France\u00a0apr\u00e8s une nouvelle provocation\u00a0:\u00a0Une escalade antialg\u00e9rienne ! - La Sentinelle","isPartOf":{"@id":"https:\/\/lasentinelle.dz\/#website"},"primaryImageOfPage":{"@id":"https:\/\/lasentinelle.dz\/index.php\/2026\/01\/25\/alger-convoque-le-charge-daffaires-de-lambassade-de-france-apres-une-nouvelle-provocation-une-escalade-antialgerienne\/#primaryimage"},"image":{"@id":"https:\/\/lasentinelle.dz\/index.php\/2026\/01\/25\/alger-convoque-le-charge-daffaires-de-lambassade-de-france-apres-une-nouvelle-provocation-une-escalade-antialgerienne\/#primaryimage"},"thumbnailUrl":"https:\/\/lasentinelle.dz\/wp-content\/uploads\/2025\/01\/dz-mae.jpeg","datePublished":"2026-01-25T11:45:37+00:00","dateModified":"2026-01-25T11:45:39+00:00","breadcrumb":{"@id":"https:\/\/lasentinelle.dz\/index.php\/2026\/01\/25\/alger-convoque-le-charge-daffaires-de-lambassade-de-france-apres-une-nouvelle-provocation-une-escalade-antialgerienne\/#breadcrumb"},"inLanguage":"fr-FR","potentialAction":[{"@type":"ReadAction","target":["https:\/\/lasentinelle.dz\/index.php\/2026\/01\/25\/alger-convoque-le-charge-daffaires-de-lambassade-de-france-apres-une-nouvelle-provocation-une-escalade-antialgerienne\/"]}]},{"@type":"ImageObject","inLanguage":"fr-FR","@id":"https:\/\/lasentinelle.dz\/index.php\/2026\/01\/25\/alger-convoque-le-charge-daffaires-de-lambassade-de-france-apres-une-nouvelle-provocation-une-escalade-antialgerienne\/#primaryimage","url":"https:\/\/lasentinelle.dz\/wp-content\/uploads\/2025\/01\/dz-mae.jpeg","contentUrl":"https:\/\/lasentinelle.dz\/wp-content\/uploads\/2025\/01\/dz-mae.jpeg","width":2135,"height":1423,"caption":"????????????????????????????????????"},{"@type":"BreadcrumbList","@id":"https:\/\/lasentinelle.dz\/index.php\/2026\/01\/25\/alger-convoque-le-charge-daffaires-de-lambassade-de-france-apres-une-nouvelle-provocation-une-escalade-antialgerienne\/#breadcrumb","itemListElement":[{"@type":"ListItem","position":1,"name":"Accueil","item":"https:\/\/lasentinelle.dz\/"},{"@type":"ListItem","position":2,"name":"Alger convoque\u00a0le charg\u00e9 d&rsquo;affaires de l&rsquo;ambassade de France\u00a0apr\u00e8s une nouvelle provocation\u00a0:\u00a0Une escalade antialg\u00e9rienne !"}]},{"@type":"WebSite","@id":"https:\/\/lasentinelle.dz\/#website","url":"https:\/\/lasentinelle.dz\/","name":"La Sentinelle","description":"Quotidien national d&#039;information","publisher":{"@id":"https:\/\/lasentinelle.dz\/#organization"},"potentialAction":[{"@type":"SearchAction","target":{"@type":"EntryPoint","urlTemplate":"https:\/\/lasentinelle.dz\/?s={search_term_string}"},"query-input":{"@type":"PropertyValueSpecification","valueRequired":true,"valueName":"search_term_string"}}],"inLanguage":"fr-FR"},{"@type":"Organization","@id":"https:\/\/lasentinelle.dz\/#organization","name":"Quotidien La Sentinelle","url":"https:\/\/lasentinelle.dz\/","logo":{"@type":"ImageObject","inLanguage":"fr-FR","@id":"https:\/\/lasentinelle.dz\/#\/schema\/logo\/image\/","url":"https:\/\/lasentinelle.dz\/wp-content\/uploads\/2021\/09\/logo-sentinelleSLOGAN-1.png","contentUrl":"https:\/\/lasentinelle.dz\/wp-content\/uploads\/2021\/09\/logo-sentinelleSLOGAN-1.png","width":615,"height":142,"caption":"Quotidien La Sentinelle"},"image":{"@id":"https:\/\/lasentinelle.dz\/#\/schema\/logo\/image\/"},"sameAs":["https:\/\/www.facebook.com\/La-Sentinelle-104059864394773"]},{"@type":"Person","@id":"https:\/\/lasentinelle.dz\/#\/schema\/person\/729ee0024f24e0b8c5ec17232f8e8b41","name":"admin","image":{"@type":"ImageObject","inLanguage":"fr-FR","@id":"https:\/\/secure.gravatar.com\/avatar\/4c81fed838786e9b53f540bf46533e750f5d292099ae3b66cfc6fb1982e29df7?s=96&d=mm&r=g","url":"https:\/\/secure.gravatar.com\/avatar\/4c81fed838786e9b53f540bf46533e750f5d292099ae3b66cfc6fb1982e29df7?s=96&d=mm&r=g","contentUrl":"https:\/\/secure.gravatar.com\/avatar\/4c81fed838786e9b53f540bf46533e750f5d292099ae3b66cfc6fb1982e29df7?s=96&d=mm&r=g","caption":"admin"},"description":"admin","url":"https:\/\/lasentinelle.dz\/author\/admin\/"}]}},"_links":{"self":[{"href":"https:\/\/lasentinelle.dz\/index.php\/wp-json\/wp\/v2\/posts\/80025","targetHints":{"allow":["GET"]}}],"collection":[{"href":"https:\/\/lasentinelle.dz\/index.php\/wp-json\/wp\/v2\/posts"}],"about":[{"href":"https:\/\/lasentinelle.dz\/index.php\/wp-json\/wp\/v2\/types\/post"}],"author":[{"embeddable":true,"href":"https:\/\/lasentinelle.dz\/index.php\/wp-json\/wp\/v2\/users\/6"}],"replies":[{"embeddable":true,"href":"https:\/\/lasentinelle.dz\/index.php\/wp-json\/wp\/v2\/comments?post=80025"}],"version-history":[{"count":2,"href":"https:\/\/lasentinelle.dz\/index.php\/wp-json\/wp\/v2\/posts\/80025\/revisions"}],"predecessor-version":[{"id":80027,"href":"https:\/\/lasentinelle.dz\/index.php\/wp-json\/wp\/v2\/posts\/80025\/revisions\/80027"}],"wp:featuredmedia":[{"embeddable":true,"href":"https:\/\/lasentinelle.dz\/index.php\/wp-json\/wp\/v2\/media\/61591"}],"wp:attachment":[{"href":"https:\/\/lasentinelle.dz\/index.php\/wp-json\/wp\/v2\/media?parent=80025"}],"wp:term":[{"taxonomy":"category","embeddable":true,"href":"https:\/\/lasentinelle.dz\/index.php\/wp-json\/wp\/v2\/categories?post=80025"},{"taxonomy":"post_tag","embeddable":true,"href":"https:\/\/lasentinelle.dz\/index.php\/wp-json\/wp\/v2\/tags?post=80025"}],"curies":[{"name":"wp","href":"https:\/\/api.w.org\/{rel}","templated":true}]}}