{"id":80028,"date":"2026-01-25T12:48:55","date_gmt":"2026-01-25T11:48:55","guid":{"rendered":"https:\/\/lasentinelle.dz\/?p=80028"},"modified":"2026-01-25T12:48:56","modified_gmt":"2026-01-25T11:48:56","slug":"medias-et-communication-une-strategie-nationale-globale-en-gestation","status":"publish","type":"post","link":"https:\/\/lasentinelle.dz\/index.php\/2026\/01\/25\/medias-et-communication-une-strategie-nationale-globale-en-gestation\/","title":{"rendered":"M\u00e9dias et communication\u00a0: Une strat\u00e9gie nationale globale\u00a0en gestation"},"content":{"rendered":"\n<p>Le ministre de la Communication, Zoheir Bouamama, a annonc\u00e9 samedi la mise en place d&rsquo;un groupe de travail au sein de son minist\u00e8re charg\u00e9 d&rsquo;\u00e9laborer une strat\u00e9gie nationale globale de communication et d&rsquo;information. Cette initiative s&rsquo;inscrit dans le cadre des directives du pr\u00e9sident de la R\u00e9publique, Abdelmadjid Tebboune, visant \u00e0 d\u00e9velopper un syst\u00e8me m\u00e9diatique performant et avanc\u00e9, capable de transmettre une image pr\u00e9cise et fiable de l&rsquo;Alg\u00e9rie, tant au niveau national qu&rsquo;international, tout en renfor\u00e7ant une communication efficace et responsable avec la soci\u00e9t\u00e9. Ces d\u00e9clarations ont \u00e9t\u00e9 faites lors d&rsquo;une journ\u00e9e de formation destin\u00e9e aux journalistes sp\u00e9cialis\u00e9s dans les questions \u00e9ducatives, organis\u00e9e au si\u00e8ge du minist\u00e8re de la Communication \u00e0 Alger, en partenariat avec le minist\u00e8re de l&rsquo;\u00c9ducation nationale.&nbsp;Selon le ministre, l&rsquo;\u00e9laboration de cette strat\u00e9gie se fait avec la participation de l&rsquo;ensemble des institutions m\u00e9diatiques et des organismes gouvernementaux, afin de garantir l&rsquo;unification des efforts et la compl\u00e9mentarit\u00e9 dans le travail. \u00ab Cette d\u00e9marche refl\u00e8te une vision globale du d\u00e9veloppement professionnel et m\u00e9diatique, et assure la transmission efficace des messages nationaux \u00bb, a-t-il pr\u00e9cis\u00e9. Zoheir Bouamama a soulign\u00e9 que \u00ab la strat\u00e9gie nationale de l&rsquo;information ne se limite pas au seul minist\u00e8re de la Communication, mais englobe tous les secteurs gouvernementaux \u00bb. L&rsquo;objectif est d&rsquo;orienter les m\u00e9dias nationaux vers le professionnalisme, le respect des lois et la diffusion d&rsquo;une culture de la connaissance et de la conscience soci\u00e9tale, tout en mettant l&rsquo;accent sur le d\u00e9veloppement des m\u00e9dias sp\u00e9cialis\u00e9s, notamment dans les domaines \u00e9ducatif et p\u00e9dagogique. Le groupe de travail charg\u00e9 de cette mission rassemble des experts en m\u00e9dias, des chercheurs issus des facult\u00e9s de communication, des directeurs de laboratoires de recherche et des responsables de diff\u00e9rents secteurs gouvernementaux, dans le but de garantir l&rsquo;exhaustivit\u00e9 et l&rsquo;efficacit\u00e9 des propositions. \u00ab Les consultations ont abouti \u00e0 des suggestions et initiatives pr\u00e9cieuses, tandis que le minist\u00e8re continue de recevoir des propositions suppl\u00e9mentaires qui seront int\u00e9gr\u00e9es dans un plan d&rsquo;action complet destin\u00e9 \u00e0 \u00eatre pr\u00e9sent\u00e9 au gouvernement pour adoption en tant que strat\u00e9gie nationale officielle \u00bb, a indiqu\u00e9 le ministre. Il a insist\u00e9 sur le fait que la r\u00e9ussite de cette strat\u00e9gie n\u00e9cessite l&rsquo;adh\u00e9sion de toutes les parties concern\u00e9es \u2013 m\u00e9dias, institutions et soci\u00e9t\u00e9 civile \u2013 afin de garantir la p\u00e9rennit\u00e9 de l&rsquo;impact et l&rsquo;atteinte des r\u00e9sultats escompt\u00e9s. \u00ab Cette strat\u00e9gie n&rsquo;est pas constitu\u00e9e de plans temporaires, mais repr\u00e9sente une vision \u00e0 long terme pour renforcer le professionnalisme, r\u00e9aliser le d\u00e9veloppement humain et diffuser les valeurs nationales, conform\u00e9ment aux directives du pr\u00e9sident de la R\u00e9publique \u00bb, a-t-il affirm\u00e9.<\/p>\n\n\n\n<p>Le ministre a particuli\u00e8rement insist\u00e9 sur le r\u00f4le de la presse sp\u00e9cialis\u00e9e dans le domaine de l&rsquo;\u00e9ducation, appelant les journalistes \u00e0 \u00ab s&rsquo;adapter aux exigences de la nouvelle phase avec un haut professionnalisme en ad\u00e9quation avec les objectifs ambitieux fix\u00e9s par les pouvoirs publics pour promouvoir la qualit\u00e9 de la performance scolaire et renforcer la r\u00e9forme du syst\u00e8me \u00e9ducatif \u00bb. Il a soulign\u00e9 que les m\u00e9dias sp\u00e9cialis\u00e9s dans l&rsquo;\u00e9ducation \u00ab rev\u00eatent une grande importance dans la sensibilisation face aux d\u00e9fis auxquels est confront\u00e9 le syst\u00e8me \u00e9ducatif \u00bb, pr\u00e9cisant que ces m\u00e9dias \u00ab pr\u00e9sentent plusieurs caract\u00e9ristiques qui exigent, de la part des producteurs de contenus sp\u00e9cialis\u00e9s, une connaissance exacte des sujets trait\u00e9s, compte tenu de la sensibilit\u00e9 de ce domaine \u00bb. \u00ab Il ne s&rsquo;agit pas simplement de r\u00e9diger des articles, mais de traiter des dossiers qui se recoupent parfois avec le processus p\u00e9dagogique et ses sp\u00e9cificit\u00e9s, les programmes scolaires et leurs contenus, sans oublier les questions li\u00e9es \u00e0 la s\u00e9curit\u00e9 de l&rsquo;\u00e9ducation et ses implications \u00bb, a-t-il expliqu\u00e9.<\/p>\n\n\n\n<p><strong>1.065.000 candidats pour 40.500 postes d&rsquo;enseignants<\/strong><\/p>\n\n\n\n<p>De son c\u00f4t\u00e9, le ministre de l&rsquo;\u00c9ducation nationale, Mohamed Seghir Sadaoui, a r\u00e9v\u00e9l\u00e9 l&rsquo;enregistrement de 1.065.000 candidats pour le concours de recrutement d&rsquo;enseignants, qui propose 40.500 postes. Dans une d\u00e9claration en marge de la journ\u00e9e de formation, il a pr\u00e9cis\u00e9 que le processus de recrutement est soumis \u00e0 un syst\u00e8me num\u00e9rique int\u00e9gr\u00e9 garantissant la transparence et l&rsquo;\u00e9galit\u00e9 des chances, permettant aux candidats de suivre leurs dossiers et de corriger toute lacune dans les d\u00e9lais impartis. \u00ab Le classement et la notation des candidats se font automatiquement, selon des crit\u00e8res pr\u00e9cis, afin d&rsquo;attirer les comp\u00e9tences qualifi\u00e9es parmi les titulaires de dipl\u00f4mes form\u00e9s dans les \u00e9coles normales sup\u00e9rieures, les universit\u00e9s ou les instituts, pour contribuer au processus \u00e9ducatif \u00bb, a-t-il expliqu\u00e9.&nbsp;Concernant les r\u00e9formes du syst\u00e8me \u00e9ducatif, le ministre a insist\u00e9 sur le fait qu&rsquo;elles ne constituent pas une op\u00e9ration circonstancielle r\u00e9alis\u00e9e du jour au lendemain, mais un travail continu men\u00e9 avec prudence et la participation d&rsquo;experts sp\u00e9cialis\u00e9s sur le terrain. \u00ab La r\u00e9forme \u00e9ducative n&rsquo;est pas soumise \u00e0 des interpr\u00e9tations individuelles ou \u00e0 des traitements al\u00e9atoires \u00bb, a-t-il affirm\u00e9, ajoutant que celle-ci s&rsquo;effectue selon une \u00e9quation \u00e9quilibr\u00e9e reposant sur le renouvellement des connaissances scientifiques et l&rsquo;accompagnement de l&rsquo;\u00e9volution scientifique d&rsquo;une part, et la protection de l&rsquo;identit\u00e9 nationale d&rsquo;autre part. Mohamed Seghir Sadaoui a confirm\u00e9 que le minist\u00e8re de l&rsquo;\u00c9ducation nationale demeure \u00ab le gardien de l&rsquo;identit\u00e9 nationale \u00bb et que toutes les r\u00e9formes s&rsquo;inscrivent dans le respect de l&rsquo;identit\u00e9 nationale et des valeurs constitutionnelles.&nbsp;<\/p>\n\n\n\n<p>Chokri Hafed<\/p>\n","protected":false},"excerpt":{"rendered":"<p>Le ministre de la Communication, Zoheir Bouamama, a annonc\u00e9 samedi la mise en place d&rsquo;un groupe de travail au sein<\/p>\n","protected":false},"author":6,"featured_media":80029,"comment_status":"open","ping_status":"closed","sticky":false,"template":"","format":"standard","meta":{"colormag_page_container_layout":"default_layout","colormag_page_sidebar_layout":"default_layout","om_disable_all_campaigns":false,"_monsterinsights_skip_tracking":false,"_monsterinsights_sitenote_active":false,"_monsterinsights_sitenote_note":"","_monsterinsights_sitenote_category":0,"footnotes":"","_wpscppro_dont_share_socialmedia":false,"_wpscppro_custom_social_share_image":0,"_facebook_share_type":"default","_twitter_share_type":"default","_linkedin_share_type":"default","_pinterest_share_type":"default","_linkedin_share_type_page":"","_instagram_share_type":"default","_medium_share_type":"default","_threads_share_type":"default","_google_business_share_type":"default","_selected_social_profile":[],"_wpsp_enable_custom_social_template":false,"_wpsp_social_scheduling":{"enabled":false,"datetime":null,"platforms":[],"status":"template_only","dateOption":"today","timeOption":"now","customDays":"","customHours":"","customDate":"","customTime":"","schedulingType":"absolute"},"_wpsp_active_default_template":true},"categories":[27],"tags":[],"class_list":["post-80028","post","type-post","status-publish","format-standard","has-post-thumbnail","hentry","category-actualite"],"aioseo_notices":[],"yoast_head":"<!-- This site is optimized with the Yoast SEO plugin v27.5 - https:\/\/yoast.com\/product\/yoast-seo-wordpress\/ -->\n<title>M\u00e9dias et communication\u00a0: Une strat\u00e9gie nationale globale\u00a0en gestation - La Sentinelle<\/title>\n<meta name=\"robots\" content=\"index, follow, max-snippet:-1, max-image-preview:large, max-video-preview:-1\" \/>\n<link rel=\"canonical\" href=\"https:\/\/lasentinelle.dz\/index.php\/2026\/01\/25\/medias-et-communication-une-strategie-nationale-globale-en-gestation\/\" \/>\n<meta property=\"og:locale\" content=\"fr_FR\" \/>\n<meta property=\"og:type\" content=\"article\" \/>\n<meta property=\"og:title\" content=\"M\u00e9dias et communication\u00a0: Une strat\u00e9gie nationale globale\u00a0en gestation - La Sentinelle\" \/>\n<meta property=\"og:description\" content=\"Le ministre de la Communication, Zoheir Bouamama, a annonc\u00e9 samedi la mise en place d&rsquo;un groupe de travail au sein\" \/>\n<meta property=\"og:url\" content=\"https:\/\/lasentinelle.dz\/index.php\/2026\/01\/25\/medias-et-communication-une-strategie-nationale-globale-en-gestation\/\" \/>\n<meta property=\"og:site_name\" content=\"La Sentinelle\" \/>\n<meta property=\"article:publisher\" content=\"https:\/\/www.facebook.com\/La-Sentinelle-104059864394773\" \/>\n<meta property=\"article:published_time\" content=\"2026-01-25T11:48:55+00:00\" \/>\n<meta property=\"article:modified_time\" content=\"2026-01-25T11:48:56+00:00\" \/>\n<meta property=\"og:image\" content=\"https:\/\/lasentinelle.dz\/wp-content\/uploads\/2026\/01\/bouamama-1.webp\" \/>\n\t<meta property=\"og:image:width\" content=\"900\" \/>\n\t<meta property=\"og:image:height\" content=\"675\" \/>\n\t<meta property=\"og:image:type\" content=\"image\/webp\" \/>\n<meta name=\"author\" content=\"admin\" \/>\n<meta name=\"twitter:card\" content=\"summary_large_image\" \/>\n<meta name=\"twitter:label1\" content=\"\u00c9crit par\" \/>\n\t<meta name=\"twitter:data1\" content=\"admin\" \/>\n\t<meta name=\"twitter:label2\" content=\"Dur\u00e9e de lecture estim\u00e9e\" \/>\n\t<meta name=\"twitter:data2\" content=\"5 minutes\" \/>\n<script type=\"application\/ld+json\" class=\"yoast-schema-graph\">{\"@context\":\"https:\\\/\\\/schema.org\",\"@graph\":[{\"@type\":\"Article\",\"@id\":\"https:\\\/\\\/lasentinelle.dz\\\/index.php\\\/2026\\\/01\\\/25\\\/medias-et-communication-une-strategie-nationale-globale-en-gestation\\\/#article\",\"isPartOf\":{\"@id\":\"https:\\\/\\\/lasentinelle.dz\\\/index.php\\\/2026\\\/01\\\/25\\\/medias-et-communication-une-strategie-nationale-globale-en-gestation\\\/\"},\"author\":{\"name\":\"admin\",\"@id\":\"https:\\\/\\\/lasentinelle.dz\\\/#\\\/schema\\\/person\\\/729ee0024f24e0b8c5ec17232f8e8b41\"},\"headline\":\"M\u00e9dias et communication\u00a0: Une strat\u00e9gie nationale globale\u00a0en gestation\",\"datePublished\":\"2026-01-25T11:48:55+00:00\",\"dateModified\":\"2026-01-25T11:48:56+00:00\",\"mainEntityOfPage\":{\"@id\":\"https:\\\/\\\/lasentinelle.dz\\\/index.php\\\/2026\\\/01\\\/25\\\/medias-et-communication-une-strategie-nationale-globale-en-gestation\\\/\"},\"wordCount\":980,\"commentCount\":0,\"publisher\":{\"@id\":\"https:\\\/\\\/lasentinelle.dz\\\/#organization\"},\"image\":{\"@id\":\"https:\\\/\\\/lasentinelle.dz\\\/index.php\\\/2026\\\/01\\\/25\\\/medias-et-communication-une-strategie-nationale-globale-en-gestation\\\/#primaryimage\"},\"thumbnailUrl\":\"https:\\\/\\\/lasentinelle.dz\\\/wp-content\\\/uploads\\\/2026\\\/01\\\/bouamama-1.webp\",\"articleSection\":[\"Actualit\u00e9\"],\"inLanguage\":\"fr-FR\",\"potentialAction\":[{\"@type\":\"CommentAction\",\"name\":\"Comment\",\"target\":[\"https:\\\/\\\/lasentinelle.dz\\\/index.php\\\/2026\\\/01\\\/25\\\/medias-et-communication-une-strategie-nationale-globale-en-gestation\\\/#respond\"]}]},{\"@type\":\"WebPage\",\"@id\":\"https:\\\/\\\/lasentinelle.dz\\\/index.php\\\/2026\\\/01\\\/25\\\/medias-et-communication-une-strategie-nationale-globale-en-gestation\\\/\",\"url\":\"https:\\\/\\\/lasentinelle.dz\\\/index.php\\\/2026\\\/01\\\/25\\\/medias-et-communication-une-strategie-nationale-globale-en-gestation\\\/\",\"name\":\"M\u00e9dias et communication\u00a0: Une strat\u00e9gie nationale globale\u00a0en gestation - La Sentinelle\",\"isPartOf\":{\"@id\":\"https:\\\/\\\/lasentinelle.dz\\\/#website\"},\"primaryImageOfPage\":{\"@id\":\"https:\\\/\\\/lasentinelle.dz\\\/index.php\\\/2026\\\/01\\\/25\\\/medias-et-communication-une-strategie-nationale-globale-en-gestation\\\/#primaryimage\"},\"image\":{\"@id\":\"https:\\\/\\\/lasentinelle.dz\\\/index.php\\\/2026\\\/01\\\/25\\\/medias-et-communication-une-strategie-nationale-globale-en-gestation\\\/#primaryimage\"},\"thumbnailUrl\":\"https:\\\/\\\/lasentinelle.dz\\\/wp-content\\\/uploads\\\/2026\\\/01\\\/bouamama-1.webp\",\"datePublished\":\"2026-01-25T11:48:55+00:00\",\"dateModified\":\"2026-01-25T11:48:56+00:00\",\"breadcrumb\":{\"@id\":\"https:\\\/\\\/lasentinelle.dz\\\/index.php\\\/2026\\\/01\\\/25\\\/medias-et-communication-une-strategie-nationale-globale-en-gestation\\\/#breadcrumb\"},\"inLanguage\":\"fr-FR\",\"potentialAction\":[{\"@type\":\"ReadAction\",\"target\":[\"https:\\\/\\\/lasentinelle.dz\\\/index.php\\\/2026\\\/01\\\/25\\\/medias-et-communication-une-strategie-nationale-globale-en-gestation\\\/\"]}]},{\"@type\":\"ImageObject\",\"inLanguage\":\"fr-FR\",\"@id\":\"https:\\\/\\\/lasentinelle.dz\\\/index.php\\\/2026\\\/01\\\/25\\\/medias-et-communication-une-strategie-nationale-globale-en-gestation\\\/#primaryimage\",\"url\":\"https:\\\/\\\/lasentinelle.dz\\\/wp-content\\\/uploads\\\/2026\\\/01\\\/bouamama-1.webp\",\"contentUrl\":\"https:\\\/\\\/lasentinelle.dz\\\/wp-content\\\/uploads\\\/2026\\\/01\\\/bouamama-1.webp\",\"width\":900,\"height\":675},{\"@type\":\"BreadcrumbList\",\"@id\":\"https:\\\/\\\/lasentinelle.dz\\\/index.php\\\/2026\\\/01\\\/25\\\/medias-et-communication-une-strategie-nationale-globale-en-gestation\\\/#breadcrumb\",\"itemListElement\":[{\"@type\":\"ListItem\",\"position\":1,\"name\":\"Accueil\",\"item\":\"https:\\\/\\\/lasentinelle.dz\\\/\"},{\"@type\":\"ListItem\",\"position\":2,\"name\":\"M\u00e9dias et communication\u00a0: Une strat\u00e9gie nationale globale\u00a0en gestation\"}]},{\"@type\":\"WebSite\",\"@id\":\"https:\\\/\\\/lasentinelle.dz\\\/#website\",\"url\":\"https:\\\/\\\/lasentinelle.dz\\\/\",\"name\":\"La Sentinelle\",\"description\":\"Quotidien national d&#039;information\",\"publisher\":{\"@id\":\"https:\\\/\\\/lasentinelle.dz\\\/#organization\"},\"potentialAction\":[{\"@type\":\"SearchAction\",\"target\":{\"@type\":\"EntryPoint\",\"urlTemplate\":\"https:\\\/\\\/lasentinelle.dz\\\/?s={search_term_string}\"},\"query-input\":{\"@type\":\"PropertyValueSpecification\",\"valueRequired\":true,\"valueName\":\"search_term_string\"}}],\"inLanguage\":\"fr-FR\"},{\"@type\":\"Organization\",\"@id\":\"https:\\\/\\\/lasentinelle.dz\\\/#organization\",\"name\":\"Quotidien La Sentinelle\",\"url\":\"https:\\\/\\\/lasentinelle.dz\\\/\",\"logo\":{\"@type\":\"ImageObject\",\"inLanguage\":\"fr-FR\",\"@id\":\"https:\\\/\\\/lasentinelle.dz\\\/#\\\/schema\\\/logo\\\/image\\\/\",\"url\":\"https:\\\/\\\/lasentinelle.dz\\\/wp-content\\\/uploads\\\/2021\\\/09\\\/logo-sentinelleSLOGAN-1.png\",\"contentUrl\":\"https:\\\/\\\/lasentinelle.dz\\\/wp-content\\\/uploads\\\/2021\\\/09\\\/logo-sentinelleSLOGAN-1.png\",\"width\":615,\"height\":142,\"caption\":\"Quotidien La Sentinelle\"},\"image\":{\"@id\":\"https:\\\/\\\/lasentinelle.dz\\\/#\\\/schema\\\/logo\\\/image\\\/\"},\"sameAs\":[\"https:\\\/\\\/www.facebook.com\\\/La-Sentinelle-104059864394773\"]},{\"@type\":\"Person\",\"@id\":\"https:\\\/\\\/lasentinelle.dz\\\/#\\\/schema\\\/person\\\/729ee0024f24e0b8c5ec17232f8e8b41\",\"name\":\"admin\",\"image\":{\"@type\":\"ImageObject\",\"inLanguage\":\"fr-FR\",\"@id\":\"https:\\\/\\\/secure.gravatar.com\\\/avatar\\\/4c81fed838786e9b53f540bf46533e750f5d292099ae3b66cfc6fb1982e29df7?s=96&d=mm&r=g\",\"url\":\"https:\\\/\\\/secure.gravatar.com\\\/avatar\\\/4c81fed838786e9b53f540bf46533e750f5d292099ae3b66cfc6fb1982e29df7?s=96&d=mm&r=g\",\"contentUrl\":\"https:\\\/\\\/secure.gravatar.com\\\/avatar\\\/4c81fed838786e9b53f540bf46533e750f5d292099ae3b66cfc6fb1982e29df7?s=96&d=mm&r=g\",\"caption\":\"admin\"},\"description\":\"admin\",\"url\":\"https:\\\/\\\/lasentinelle.dz\\\/author\\\/admin\\\/\"}]}<\/script>\n<!-- \/ Yoast SEO plugin. -->","yoast_head_json":{"title":"M\u00e9dias et communication\u00a0: Une strat\u00e9gie nationale globale\u00a0en gestation - La Sentinelle","robots":{"index":"index","follow":"follow","max-snippet":"max-snippet:-1","max-image-preview":"max-image-preview:large","max-video-preview":"max-video-preview:-1"},"canonical":"https:\/\/lasentinelle.dz\/index.php\/2026\/01\/25\/medias-et-communication-une-strategie-nationale-globale-en-gestation\/","og_locale":"fr_FR","og_type":"article","og_title":"M\u00e9dias et communication\u00a0: Une strat\u00e9gie nationale globale\u00a0en gestation - La Sentinelle","og_description":"Le ministre de la Communication, Zoheir Bouamama, a annonc\u00e9 samedi la mise en place d&rsquo;un groupe de travail au sein","og_url":"https:\/\/lasentinelle.dz\/index.php\/2026\/01\/25\/medias-et-communication-une-strategie-nationale-globale-en-gestation\/","og_site_name":"La Sentinelle","article_publisher":"https:\/\/www.facebook.com\/La-Sentinelle-104059864394773","article_published_time":"2026-01-25T11:48:55+00:00","article_modified_time":"2026-01-25T11:48:56+00:00","og_image":[{"width":900,"height":675,"url":"https:\/\/lasentinelle.dz\/wp-content\/uploads\/2026\/01\/bouamama-1.webp","type":"image\/webp"}],"author":"admin","twitter_card":"summary_large_image","twitter_misc":{"\u00c9crit par":"admin","Dur\u00e9e de lecture estim\u00e9e":"5 minutes"},"schema":{"@context":"https:\/\/schema.org","@graph":[{"@type":"Article","@id":"https:\/\/lasentinelle.dz\/index.php\/2026\/01\/25\/medias-et-communication-une-strategie-nationale-globale-en-gestation\/#article","isPartOf":{"@id":"https:\/\/lasentinelle.dz\/index.php\/2026\/01\/25\/medias-et-communication-une-strategie-nationale-globale-en-gestation\/"},"author":{"name":"admin","@id":"https:\/\/lasentinelle.dz\/#\/schema\/person\/729ee0024f24e0b8c5ec17232f8e8b41"},"headline":"M\u00e9dias et communication\u00a0: Une strat\u00e9gie nationale globale\u00a0en gestation","datePublished":"2026-01-25T11:48:55+00:00","dateModified":"2026-01-25T11:48:56+00:00","mainEntityOfPage":{"@id":"https:\/\/lasentinelle.dz\/index.php\/2026\/01\/25\/medias-et-communication-une-strategie-nationale-globale-en-gestation\/"},"wordCount":980,"commentCount":0,"publisher":{"@id":"https:\/\/lasentinelle.dz\/#organization"},"image":{"@id":"https:\/\/lasentinelle.dz\/index.php\/2026\/01\/25\/medias-et-communication-une-strategie-nationale-globale-en-gestation\/#primaryimage"},"thumbnailUrl":"https:\/\/lasentinelle.dz\/wp-content\/uploads\/2026\/01\/bouamama-1.webp","articleSection":["Actualit\u00e9"],"inLanguage":"fr-FR","potentialAction":[{"@type":"CommentAction","name":"Comment","target":["https:\/\/lasentinelle.dz\/index.php\/2026\/01\/25\/medias-et-communication-une-strategie-nationale-globale-en-gestation\/#respond"]}]},{"@type":"WebPage","@id":"https:\/\/lasentinelle.dz\/index.php\/2026\/01\/25\/medias-et-communication-une-strategie-nationale-globale-en-gestation\/","url":"https:\/\/lasentinelle.dz\/index.php\/2026\/01\/25\/medias-et-communication-une-strategie-nationale-globale-en-gestation\/","name":"M\u00e9dias et communication\u00a0: Une strat\u00e9gie nationale globale\u00a0en gestation - La Sentinelle","isPartOf":{"@id":"https:\/\/lasentinelle.dz\/#website"},"primaryImageOfPage":{"@id":"https:\/\/lasentinelle.dz\/index.php\/2026\/01\/25\/medias-et-communication-une-strategie-nationale-globale-en-gestation\/#primaryimage"},"image":{"@id":"https:\/\/lasentinelle.dz\/index.php\/2026\/01\/25\/medias-et-communication-une-strategie-nationale-globale-en-gestation\/#primaryimage"},"thumbnailUrl":"https:\/\/lasentinelle.dz\/wp-content\/uploads\/2026\/01\/bouamama-1.webp","datePublished":"2026-01-25T11:48:55+00:00","dateModified":"2026-01-25T11:48:56+00:00","breadcrumb":{"@id":"https:\/\/lasentinelle.dz\/index.php\/2026\/01\/25\/medias-et-communication-une-strategie-nationale-globale-en-gestation\/#breadcrumb"},"inLanguage":"fr-FR","potentialAction":[{"@type":"ReadAction","target":["https:\/\/lasentinelle.dz\/index.php\/2026\/01\/25\/medias-et-communication-une-strategie-nationale-globale-en-gestation\/"]}]},{"@type":"ImageObject","inLanguage":"fr-FR","@id":"https:\/\/lasentinelle.dz\/index.php\/2026\/01\/25\/medias-et-communication-une-strategie-nationale-globale-en-gestation\/#primaryimage","url":"https:\/\/lasentinelle.dz\/wp-content\/uploads\/2026\/01\/bouamama-1.webp","contentUrl":"https:\/\/lasentinelle.dz\/wp-content\/uploads\/2026\/01\/bouamama-1.webp","width":900,"height":675},{"@type":"BreadcrumbList","@id":"https:\/\/lasentinelle.dz\/index.php\/2026\/01\/25\/medias-et-communication-une-strategie-nationale-globale-en-gestation\/#breadcrumb","itemListElement":[{"@type":"ListItem","position":1,"name":"Accueil","item":"https:\/\/lasentinelle.dz\/"},{"@type":"ListItem","position":2,"name":"M\u00e9dias et communication\u00a0: Une strat\u00e9gie nationale globale\u00a0en gestation"}]},{"@type":"WebSite","@id":"https:\/\/lasentinelle.dz\/#website","url":"https:\/\/lasentinelle.dz\/","name":"La Sentinelle","description":"Quotidien national d&#039;information","publisher":{"@id":"https:\/\/lasentinelle.dz\/#organization"},"potentialAction":[{"@type":"SearchAction","target":{"@type":"EntryPoint","urlTemplate":"https:\/\/lasentinelle.dz\/?s={search_term_string}"},"query-input":{"@type":"PropertyValueSpecification","valueRequired":true,"valueName":"search_term_string"}}],"inLanguage":"fr-FR"},{"@type":"Organization","@id":"https:\/\/lasentinelle.dz\/#organization","name":"Quotidien La Sentinelle","url":"https:\/\/lasentinelle.dz\/","logo":{"@type":"ImageObject","inLanguage":"fr-FR","@id":"https:\/\/lasentinelle.dz\/#\/schema\/logo\/image\/","url":"https:\/\/lasentinelle.dz\/wp-content\/uploads\/2021\/09\/logo-sentinelleSLOGAN-1.png","contentUrl":"https:\/\/lasentinelle.dz\/wp-content\/uploads\/2021\/09\/logo-sentinelleSLOGAN-1.png","width":615,"height":142,"caption":"Quotidien La Sentinelle"},"image":{"@id":"https:\/\/lasentinelle.dz\/#\/schema\/logo\/image\/"},"sameAs":["https:\/\/www.facebook.com\/La-Sentinelle-104059864394773"]},{"@type":"Person","@id":"https:\/\/lasentinelle.dz\/#\/schema\/person\/729ee0024f24e0b8c5ec17232f8e8b41","name":"admin","image":{"@type":"ImageObject","inLanguage":"fr-FR","@id":"https:\/\/secure.gravatar.com\/avatar\/4c81fed838786e9b53f540bf46533e750f5d292099ae3b66cfc6fb1982e29df7?s=96&d=mm&r=g","url":"https:\/\/secure.gravatar.com\/avatar\/4c81fed838786e9b53f540bf46533e750f5d292099ae3b66cfc6fb1982e29df7?s=96&d=mm&r=g","contentUrl":"https:\/\/secure.gravatar.com\/avatar\/4c81fed838786e9b53f540bf46533e750f5d292099ae3b66cfc6fb1982e29df7?s=96&d=mm&r=g","caption":"admin"},"description":"admin","url":"https:\/\/lasentinelle.dz\/author\/admin\/"}]}},"_links":{"self":[{"href":"https:\/\/lasentinelle.dz\/index.php\/wp-json\/wp\/v2\/posts\/80028","targetHints":{"allow":["GET"]}}],"collection":[{"href":"https:\/\/lasentinelle.dz\/index.php\/wp-json\/wp\/v2\/posts"}],"about":[{"href":"https:\/\/lasentinelle.dz\/index.php\/wp-json\/wp\/v2\/types\/post"}],"author":[{"embeddable":true,"href":"https:\/\/lasentinelle.dz\/index.php\/wp-json\/wp\/v2\/users\/6"}],"replies":[{"embeddable":true,"href":"https:\/\/lasentinelle.dz\/index.php\/wp-json\/wp\/v2\/comments?post=80028"}],"version-history":[{"count":1,"href":"https:\/\/lasentinelle.dz\/index.php\/wp-json\/wp\/v2\/posts\/80028\/revisions"}],"predecessor-version":[{"id":80030,"href":"https:\/\/lasentinelle.dz\/index.php\/wp-json\/wp\/v2\/posts\/80028\/revisions\/80030"}],"wp:featuredmedia":[{"embeddable":true,"href":"https:\/\/lasentinelle.dz\/index.php\/wp-json\/wp\/v2\/media\/80029"}],"wp:attachment":[{"href":"https:\/\/lasentinelle.dz\/index.php\/wp-json\/wp\/v2\/media?parent=80028"}],"wp:term":[{"taxonomy":"category","embeddable":true,"href":"https:\/\/lasentinelle.dz\/index.php\/wp-json\/wp\/v2\/categories?post=80028"},{"taxonomy":"post_tag","embeddable":true,"href":"https:\/\/lasentinelle.dz\/index.php\/wp-json\/wp\/v2\/tags?post=80028"}],"curies":[{"name":"wp","href":"https:\/\/api.w.org\/{rel}","templated":true}]}}