{"id":80034,"date":"2026-01-25T12:50:11","date_gmt":"2026-01-25T11:50:11","guid":{"rendered":"https:\/\/lasentinelle.dz\/?p=80034"},"modified":"2026-01-25T12:50:13","modified_gmt":"2026-01-25T11:50:13","slug":"amendement-technique-de-la-constitution-10-propositions-pour-renforcer-les-institutionsdemocratiques","status":"publish","type":"post","link":"https:\/\/lasentinelle.dz\/index.php\/2026\/01\/25\/amendement-technique-de-la-constitution-10-propositions-pour-renforcer-les-institutionsdemocratiques\/","title":{"rendered":"Amendement technique de la Constitution\u00a0:\u00a010 propositions pour renforcer les\u00a0institutionsd\u00e9mocratiques"},"content":{"rendered":"\n<p>Le Premier ministre Sifi Ghrieb a&nbsp;pris part&nbsp;samedi au Palais des Nations \u00e0 Alger l&rsquo;ouverture d&rsquo;une conf\u00e9rence nationale consacr\u00e9e aux projets d&rsquo;amendement technique de la Constitution et de la loi organique relative au r\u00e9gime \u00e9lectoral, en pr\u00e9sence du directeur de Cabinet de la Pr\u00e9sidence, Boualem Boualem, de membres du gouvernement, de chefs de partis politiques et du pr\u00e9sident par int\u00e9rim de l&rsquo;Autorit\u00e9 nationale ind\u00e9pendante des \u00e9lections (ANIE), Karim Khelfane.&nbsp;&nbsp;Cette rencontre s&rsquo;inscrit dans la volont\u00e9 de l&rsquo;\u00c9tat de poursuivre le renforcement du processus d\u00e9mocratique engag\u00e9 depuis l&rsquo;adoption de la Constitution de 2020, \u00e0 travers dix propositions d&rsquo;ajustements techniques visant \u00e0 am\u00e9liorer l&rsquo;efficacit\u00e9 institutionnelle sans toucher aux principes fondamentaux.&nbsp;Dans son allocution d&rsquo;ouverture, le Premier ministre a soulign\u00e9 que ces projets de r\u00e9forme constituent une \u00e9tape importante dans la consolidation d\u00e9mocratique du pays. \u00ab\u00a0Les amendements techniques renforcent l&rsquo;efficacit\u00e9 de la pr\u00e9paration permanente dans le cadre de la compl\u00e9mentarit\u00e9 fonctionnelle constructive, ainsi qu&rsquo;une institution d&rsquo;\u00c9tat d\u00e9mocratique et social solide, fond\u00e9e sur les constantes nationales et les principes de l\u00e9gitimit\u00e9, consacrant les droits et libert\u00e9s\u00a0\u00bb, a d\u00e9clar\u00e9 Sifi Ghrieb. Il a \u00e9galement rappel\u00e9 que la Constitution de 2020, initi\u00e9e par le pr\u00e9sident de la R\u00e9publique Abdelmadjid Tebboune, repr\u00e9sente \u00ab\u00a0une \u00e9tape historique et un acquis pour la nation, ainsi qu&rsquo;un pilier principal pour renforcer le processus d\u00e9mocratique\u00a0\u00bb.<\/p>\n\n\n\n<p>Le chef du gouvernement a insist\u00e9 sur le fait que l&rsquo;objectif principal de cet amendement technique est de \u00ab\u00a0pr\u00e9ciser et ajuster certaines dispositions proc\u00e9durales et d\u00e9tails pratiques, et combler les lacunes exprim\u00e9es par la r\u00e9alit\u00e9 du terrain\u00a0\u00bb, tout en renfor\u00e7ant \u00ab\u00a0l&rsquo;harmonie pr\u00e9cise entre les textes constitutionnels et l&rsquo;espace l\u00e9gislatif sans que ces points techniques ne portent atteinte \u00e0 l&rsquo;essence des constantes nationales ou aux principes constitutionnels \u00e9tablis\u00a0\u00bb. Cette d\u00e9marche, a-t-il ajout\u00e9, traduit \u00ab\u00a0le souci de l&rsquo;\u00c9tat d&rsquo;adopter une approche juridique pr\u00e9cise bas\u00e9e sur la stabilit\u00e9 et la continuit\u00e9\u00a0\u00bb.<\/p>\n\n\n\n<p><strong>Dix propositions pour moderniser le cadre institutionnel<\/strong><\/p>\n\n\n\n<p>Le directeur de Cabinet de la Pr\u00e9sidence de la R\u00e9publique a pr\u00e9sent\u00e9 un expos\u00e9 d\u00e9taill\u00e9 comportant dix propositions d&rsquo;amendements. Parmi les mesures phares figure l&rsquo;introduction de l&rsquo;obligation de justifier d&rsquo;un niveau d&rsquo;instruction pour se porter candidat \u00e0 la fonction de pr\u00e9sident de la R\u00e9publique, ainsi que la d\u00e9finition des modalit\u00e9s de prestation du serment constitutionnel en pr\u00e9cisant l&rsquo;instance devant laquelle il est pr\u00eat\u00e9 et la partie charg\u00e9e de le prononcer. Les propositions incluent \u00e9galement la possibilit\u00e9 pour le pr\u00e9sident de convoquer des \u00e9lections locales anticip\u00e9es \u00ab\u00a0la suppression de l&rsquo;obligation d&rsquo;obtenir l&rsquo;avis conforme du Conseil sup\u00e9rieur de la magistrature pour les nominations aux fonctions sup\u00e9rieures ou dans le cadre des mouvements annuels des pr\u00e9sidents de cours et des commissaires d&rsquo;Etat, \u00e9tant donn\u00e9 que le pr\u00e9sident de la R\u00e9publique est le pr\u00e9sident du Conseil sup\u00e9rieur de la magistrature\u00a0\u00bb. Il a aussi \u00e9t\u00e9 propos\u00e9 de \u00ab\u00a0porter le mandat du pr\u00e9sident du Conseil de la nation \u00e0 six ans, au lieu de trois ans, afin d&rsquo;assurer la continuit\u00e9 de l&rsquo;expertise et d&rsquo;\u00e9viter la rupture induite par le renouvellement partiel\u00a0\u00bb. Les propositions incluent \u00e9galement \u00ab\u00a0l&rsquo;am\u00e9lioration du cadre organisationnel de la session parlementaire ordinaire, avec davantage de souplesse pour son ouverture au mois de septembre, pour une dur\u00e9e de dix mois\u00a0\u00bb. Il a en outre \u00e9t\u00e9 propos\u00e9 de \u00ab\u00a0revoir la composition du Conseil sup\u00e9rieur de la magistrature, avec la suppression de trois cat\u00e9gories, \u00e0 savoir les membres d\u00e9sign\u00e9s par les pr\u00e9sidents des deux chambres du Parlement, la repr\u00e9sentation syndicale et le pr\u00e9sident du Conseil national des droits de l&rsquo;Homme, tout en int\u00e9grant le procureur g\u00e9n\u00e9ral pr\u00e8s la Cour supr\u00eame en tant que membre\u00a0\u00bb. S&rsquo;agissant de l&rsquo;Autorit\u00e9 nationale ind\u00e9pendante des \u00e9lections, \u00e0 laquelle la Constitution de 2020 a confi\u00e9 la mission de pr\u00e9parer, d&rsquo;organiser, de g\u00e9rer et de superviser l&rsquo;op\u00e9ration \u00e9lectorale sans toutefois d\u00e9finir son r\u00f4le de contr\u00f4le, \u00ab\u00a0il est propos\u00e9, pour combler ce vide, d&rsquo;\u00e9largir ses pr\u00e9rogatives en mati\u00e8re de contr\u00f4le et de confier la pr\u00e9paration mat\u00e9rielle et logistique \u00e0 l&rsquo;administration\u00a0\u00bb. Le projet d&rsquo;amendement technique de la Constitution propose, par ailleurs, \u00ab\u00a0l&rsquo;introduction d&rsquo;une disposition transitoire applicable le cas \u00e9ch\u00e9ant pour combler le vide constitutionnel et conf\u00e9rer un fondement au renouvellement par moiti\u00e9 des membres \u00e9lus du Conseil de la nation en cours de premier mandat apr\u00e8s la troisi\u00e8me ann\u00e9e, en cons\u00e9cration du principe de continuit\u00e9 des institutions de l&rsquo;Etat et afin d&rsquo;\u00e9viter toute rupture\u00a0\u00bb. Il est en outre propos\u00e9 \u00ab\u00a0l&rsquo;introduction d&rsquo;une disposition transitoire visant \u00e0 d\u00e9finir les d\u00e9lais de mise en conformit\u00e9 des institutions et instances dont le statut juridique ou la composition ont connu des changements, en pr\u00e9voyant que cette mise en conformit\u00e9 s&rsquo;effectue dans des d\u00e9lais raisonnables\u00a0\u00bb.&nbsp;<\/p>\n\n\n\n<p><strong>Le dialogue au c\u0153ur du processus de r\u00e9forme<\/strong><\/p>\n\n\n\n<p>Sifi Ghrieb a soulign\u00e9 l&rsquo;importance du dialogue et de la concertation dans cette d\u00e9marche de modernisation institutionnelle. \u00ab\u00a0Le succ\u00e8s des propositions de r\u00e9forme reste tributaire de l&rsquo;engagement de tous les acteurs, institutions et instances constitutionnelles, partis politiques, soci\u00e9t\u00e9 civile et m\u00e9dias, dans le cadre d&rsquo;un dialogue responsable et positif, et de l&rsquo;engagement envers le noble objectif de servir l&rsquo;int\u00e9r\u00eat national sup\u00e9rieur\u00a0\u00bb, a-t-il affirm\u00e9. Cette approche participative t\u00e9moigne de la volont\u00e9 des autorit\u00e9s d&rsquo;associer l&rsquo;ensemble des forces vives de la nation au processus de perfectionnement du cadre juridique et institutionnel. Le Premier ministre a \u00e9galement \u00e9voqu\u00e9 les amendements envisag\u00e9s pour la loi organique relative au r\u00e9gime \u00e9lectoral, pr\u00e9cisant qu&rsquo;ils visent \u00e0 \u00ab\u00a0am\u00e9liorer le cadre organisationnel du processus \u00e9lectoral et renforcer davantage sa cr\u00e9dibilit\u00e9 de mani\u00e8re pr\u00e9cise et int\u00e9gr\u00e9e, consacrer le principe d&rsquo;\u00e9galit\u00e9 des chances et garantir la transparence de toutes les \u00e9tapes du scrutin, de la pr\u00e9paration \u00e0 l&rsquo;annonce des r\u00e9sultats, ce qui renforce la confiance du citoyen dans les institutions \u00e9lues\u00a0\u00bb.&nbsp;Les travaux de la conf\u00e9rence ont donn\u00e9 lieu \u00e0 un d\u00e9bat approfondi entre les chefs de partis politiques pr\u00e9sents, qui ont entam\u00e9 l&rsquo;examen des diff\u00e9rentes propositions.&nbsp;<\/p>\n\n\n\n<p>Hocine Fadheli<\/p>\n","protected":false},"excerpt":{"rendered":"<p>Le Premier ministre Sifi Ghrieb a&nbsp;pris part&nbsp;samedi au Palais des Nations \u00e0 Alger l&rsquo;ouverture d&rsquo;une conf\u00e9rence nationale consacr\u00e9e aux projets<\/p>\n","protected":false},"author":6,"featured_media":79981,"comment_status":"open","ping_status":"closed","sticky":false,"template":"","format":"standard","meta":{"colormag_page_container_layout":"default_layout","colormag_page_sidebar_layout":"default_layout","om_disable_all_campaigns":false,"_monsterinsights_skip_tracking":false,"_monsterinsights_sitenote_active":false,"_monsterinsights_sitenote_note":"","_monsterinsights_sitenote_category":0,"footnotes":"","_wpscppro_dont_share_socialmedia":false,"_wpscppro_custom_social_share_image":0,"_facebook_share_type":"default","_twitter_share_type":"default","_linkedin_share_type":"default","_pinterest_share_type":"default","_linkedin_share_type_page":"","_instagram_share_type":"default","_medium_share_type":"default","_threads_share_type":"default","_google_business_share_type":"default","_selected_social_profile":[],"_wpsp_enable_custom_social_template":false,"_wpsp_social_scheduling":{"enabled":false,"datetime":null,"platforms":[],"status":"template_only","dateOption":"today","timeOption":"now","customDays":"","customHours":"","customDate":"","customTime":"","schedulingType":"absolute"},"_wpsp_active_default_template":true},"categories":[52,27],"tags":[],"class_list":["post-80034","post","type-post","status-publish","format-standard","has-post-thumbnail","hentry","category-a-la-une","category-actualite"],"aioseo_notices":[],"yoast_head":"<!-- This site is optimized with the Yoast SEO plugin v27.5 - https:\/\/yoast.com\/product\/yoast-seo-wordpress\/ -->\n<title>Amendement technique de la Constitution\u00a0:\u00a010 propositions pour renforcer les\u00a0institutionsd\u00e9mocratiques - La Sentinelle<\/title>\n<meta name=\"robots\" content=\"index, follow, max-snippet:-1, max-image-preview:large, max-video-preview:-1\" \/>\n<link rel=\"canonical\" href=\"https:\/\/lasentinelle.dz\/index.php\/2026\/01\/25\/amendement-technique-de-la-constitution-10-propositions-pour-renforcer-les-institutionsdemocratiques\/\" \/>\n<meta property=\"og:locale\" content=\"fr_FR\" \/>\n<meta property=\"og:type\" content=\"article\" \/>\n<meta property=\"og:title\" content=\"Amendement technique de la Constitution\u00a0:\u00a010 propositions pour renforcer les\u00a0institutionsd\u00e9mocratiques - La Sentinelle\" \/>\n<meta property=\"og:description\" content=\"Le Premier ministre Sifi Ghrieb a&nbsp;pris part&nbsp;samedi au Palais des Nations \u00e0 Alger l&rsquo;ouverture d&rsquo;une conf\u00e9rence nationale consacr\u00e9e aux projets\" \/>\n<meta property=\"og:url\" content=\"https:\/\/lasentinelle.dz\/index.php\/2026\/01\/25\/amendement-technique-de-la-constitution-10-propositions-pour-renforcer-les-institutionsdemocratiques\/\" \/>\n<meta property=\"og:site_name\" content=\"La Sentinelle\" \/>\n<meta property=\"article:publisher\" content=\"https:\/\/www.facebook.com\/La-Sentinelle-104059864394773\" \/>\n<meta property=\"article:published_time\" content=\"2026-01-25T11:50:11+00:00\" \/>\n<meta property=\"article:modified_time\" content=\"2026-01-25T11:50:13+00:00\" \/>\n<meta property=\"og:image\" content=\"https:\/\/lasentinelle.dz\/wp-content\/uploads\/2026\/01\/conference.jpeg\" \/>\n\t<meta property=\"og:image:width\" content=\"952\" \/>\n\t<meta property=\"og:image:height\" content=\"651\" \/>\n\t<meta property=\"og:image:type\" content=\"image\/jpeg\" \/>\n<meta name=\"author\" content=\"admin\" \/>\n<meta name=\"twitter:card\" content=\"summary_large_image\" \/>\n<meta name=\"twitter:label1\" content=\"\u00c9crit par\" \/>\n\t<meta name=\"twitter:data1\" content=\"admin\" \/>\n\t<meta name=\"twitter:label2\" content=\"Dur\u00e9e de lecture estim\u00e9e\" \/>\n\t<meta name=\"twitter:data2\" content=\"6 minutes\" \/>\n<script type=\"application\/ld+json\" class=\"yoast-schema-graph\">{\"@context\":\"https:\\\/\\\/schema.org\",\"@graph\":[{\"@type\":\"Article\",\"@id\":\"https:\\\/\\\/lasentinelle.dz\\\/index.php\\\/2026\\\/01\\\/25\\\/amendement-technique-de-la-constitution-10-propositions-pour-renforcer-les-institutionsdemocratiques\\\/#article\",\"isPartOf\":{\"@id\":\"https:\\\/\\\/lasentinelle.dz\\\/index.php\\\/2026\\\/01\\\/25\\\/amendement-technique-de-la-constitution-10-propositions-pour-renforcer-les-institutionsdemocratiques\\\/\"},\"author\":{\"name\":\"admin\",\"@id\":\"https:\\\/\\\/lasentinelle.dz\\\/#\\\/schema\\\/person\\\/729ee0024f24e0b8c5ec17232f8e8b41\"},\"headline\":\"Amendement technique de la Constitution\u00a0:\u00a010 propositions pour renforcer les\u00a0institutionsd\u00e9mocratiques\",\"datePublished\":\"2026-01-25T11:50:11+00:00\",\"dateModified\":\"2026-01-25T11:50:13+00:00\",\"mainEntityOfPage\":{\"@id\":\"https:\\\/\\\/lasentinelle.dz\\\/index.php\\\/2026\\\/01\\\/25\\\/amendement-technique-de-la-constitution-10-propositions-pour-renforcer-les-institutionsdemocratiques\\\/\"},\"wordCount\":1121,\"commentCount\":0,\"publisher\":{\"@id\":\"https:\\\/\\\/lasentinelle.dz\\\/#organization\"},\"image\":{\"@id\":\"https:\\\/\\\/lasentinelle.dz\\\/index.php\\\/2026\\\/01\\\/25\\\/amendement-technique-de-la-constitution-10-propositions-pour-renforcer-les-institutionsdemocratiques\\\/#primaryimage\"},\"thumbnailUrl\":\"https:\\\/\\\/lasentinelle.dz\\\/wp-content\\\/uploads\\\/2026\\\/01\\\/conference.jpeg\",\"articleSection\":[\"\u00c0 la Une\",\"Actualit\u00e9\"],\"inLanguage\":\"fr-FR\",\"potentialAction\":[{\"@type\":\"CommentAction\",\"name\":\"Comment\",\"target\":[\"https:\\\/\\\/lasentinelle.dz\\\/index.php\\\/2026\\\/01\\\/25\\\/amendement-technique-de-la-constitution-10-propositions-pour-renforcer-les-institutionsdemocratiques\\\/#respond\"]}]},{\"@type\":\"WebPage\",\"@id\":\"https:\\\/\\\/lasentinelle.dz\\\/index.php\\\/2026\\\/01\\\/25\\\/amendement-technique-de-la-constitution-10-propositions-pour-renforcer-les-institutionsdemocratiques\\\/\",\"url\":\"https:\\\/\\\/lasentinelle.dz\\\/index.php\\\/2026\\\/01\\\/25\\\/amendement-technique-de-la-constitution-10-propositions-pour-renforcer-les-institutionsdemocratiques\\\/\",\"name\":\"Amendement technique de la Constitution\u00a0:\u00a010 propositions pour renforcer les\u00a0institutionsd\u00e9mocratiques - La Sentinelle\",\"isPartOf\":{\"@id\":\"https:\\\/\\\/lasentinelle.dz\\\/#website\"},\"primaryImageOfPage\":{\"@id\":\"https:\\\/\\\/lasentinelle.dz\\\/index.php\\\/2026\\\/01\\\/25\\\/amendement-technique-de-la-constitution-10-propositions-pour-renforcer-les-institutionsdemocratiques\\\/#primaryimage\"},\"image\":{\"@id\":\"https:\\\/\\\/lasentinelle.dz\\\/index.php\\\/2026\\\/01\\\/25\\\/amendement-technique-de-la-constitution-10-propositions-pour-renforcer-les-institutionsdemocratiques\\\/#primaryimage\"},\"thumbnailUrl\":\"https:\\\/\\\/lasentinelle.dz\\\/wp-content\\\/uploads\\\/2026\\\/01\\\/conference.jpeg\",\"datePublished\":\"2026-01-25T11:50:11+00:00\",\"dateModified\":\"2026-01-25T11:50:13+00:00\",\"breadcrumb\":{\"@id\":\"https:\\\/\\\/lasentinelle.dz\\\/index.php\\\/2026\\\/01\\\/25\\\/amendement-technique-de-la-constitution-10-propositions-pour-renforcer-les-institutionsdemocratiques\\\/#breadcrumb\"},\"inLanguage\":\"fr-FR\",\"potentialAction\":[{\"@type\":\"ReadAction\",\"target\":[\"https:\\\/\\\/lasentinelle.dz\\\/index.php\\\/2026\\\/01\\\/25\\\/amendement-technique-de-la-constitution-10-propositions-pour-renforcer-les-institutionsdemocratiques\\\/\"]}]},{\"@type\":\"ImageObject\",\"inLanguage\":\"fr-FR\",\"@id\":\"https:\\\/\\\/lasentinelle.dz\\\/index.php\\\/2026\\\/01\\\/25\\\/amendement-technique-de-la-constitution-10-propositions-pour-renforcer-les-institutionsdemocratiques\\\/#primaryimage\",\"url\":\"https:\\\/\\\/lasentinelle.dz\\\/wp-content\\\/uploads\\\/2026\\\/01\\\/conference.jpeg\",\"contentUrl\":\"https:\\\/\\\/lasentinelle.dz\\\/wp-content\\\/uploads\\\/2026\\\/01\\\/conference.jpeg\",\"width\":952,\"height\":651},{\"@type\":\"BreadcrumbList\",\"@id\":\"https:\\\/\\\/lasentinelle.dz\\\/index.php\\\/2026\\\/01\\\/25\\\/amendement-technique-de-la-constitution-10-propositions-pour-renforcer-les-institutionsdemocratiques\\\/#breadcrumb\",\"itemListElement\":[{\"@type\":\"ListItem\",\"position\":1,\"name\":\"Accueil\",\"item\":\"https:\\\/\\\/lasentinelle.dz\\\/\"},{\"@type\":\"ListItem\",\"position\":2,\"name\":\"Amendement technique de la Constitution\u00a0:\u00a010 propositions pour renforcer les\u00a0institutionsd\u00e9mocratiques\"}]},{\"@type\":\"WebSite\",\"@id\":\"https:\\\/\\\/lasentinelle.dz\\\/#website\",\"url\":\"https:\\\/\\\/lasentinelle.dz\\\/\",\"name\":\"La Sentinelle\",\"description\":\"Quotidien national d&#039;information\",\"publisher\":{\"@id\":\"https:\\\/\\\/lasentinelle.dz\\\/#organization\"},\"potentialAction\":[{\"@type\":\"SearchAction\",\"target\":{\"@type\":\"EntryPoint\",\"urlTemplate\":\"https:\\\/\\\/lasentinelle.dz\\\/?s={search_term_string}\"},\"query-input\":{\"@type\":\"PropertyValueSpecification\",\"valueRequired\":true,\"valueName\":\"search_term_string\"}}],\"inLanguage\":\"fr-FR\"},{\"@type\":\"Organization\",\"@id\":\"https:\\\/\\\/lasentinelle.dz\\\/#organization\",\"name\":\"Quotidien La Sentinelle\",\"url\":\"https:\\\/\\\/lasentinelle.dz\\\/\",\"logo\":{\"@type\":\"ImageObject\",\"inLanguage\":\"fr-FR\",\"@id\":\"https:\\\/\\\/lasentinelle.dz\\\/#\\\/schema\\\/logo\\\/image\\\/\",\"url\":\"https:\\\/\\\/lasentinelle.dz\\\/wp-content\\\/uploads\\\/2021\\\/09\\\/logo-sentinelleSLOGAN-1.png\",\"contentUrl\":\"https:\\\/\\\/lasentinelle.dz\\\/wp-content\\\/uploads\\\/2021\\\/09\\\/logo-sentinelleSLOGAN-1.png\",\"width\":615,\"height\":142,\"caption\":\"Quotidien La Sentinelle\"},\"image\":{\"@id\":\"https:\\\/\\\/lasentinelle.dz\\\/#\\\/schema\\\/logo\\\/image\\\/\"},\"sameAs\":[\"https:\\\/\\\/www.facebook.com\\\/La-Sentinelle-104059864394773\"]},{\"@type\":\"Person\",\"@id\":\"https:\\\/\\\/lasentinelle.dz\\\/#\\\/schema\\\/person\\\/729ee0024f24e0b8c5ec17232f8e8b41\",\"name\":\"admin\",\"image\":{\"@type\":\"ImageObject\",\"inLanguage\":\"fr-FR\",\"@id\":\"https:\\\/\\\/secure.gravatar.com\\\/avatar\\\/4c81fed838786e9b53f540bf46533e750f5d292099ae3b66cfc6fb1982e29df7?s=96&d=mm&r=g\",\"url\":\"https:\\\/\\\/secure.gravatar.com\\\/avatar\\\/4c81fed838786e9b53f540bf46533e750f5d292099ae3b66cfc6fb1982e29df7?s=96&d=mm&r=g\",\"contentUrl\":\"https:\\\/\\\/secure.gravatar.com\\\/avatar\\\/4c81fed838786e9b53f540bf46533e750f5d292099ae3b66cfc6fb1982e29df7?s=96&d=mm&r=g\",\"caption\":\"admin\"},\"description\":\"admin\",\"url\":\"https:\\\/\\\/lasentinelle.dz\\\/author\\\/admin\\\/\"}]}<\/script>\n<!-- \/ Yoast SEO plugin. -->","yoast_head_json":{"title":"Amendement technique de la Constitution\u00a0:\u00a010 propositions pour renforcer les\u00a0institutionsd\u00e9mocratiques - La Sentinelle","robots":{"index":"index","follow":"follow","max-snippet":"max-snippet:-1","max-image-preview":"max-image-preview:large","max-video-preview":"max-video-preview:-1"},"canonical":"https:\/\/lasentinelle.dz\/index.php\/2026\/01\/25\/amendement-technique-de-la-constitution-10-propositions-pour-renforcer-les-institutionsdemocratiques\/","og_locale":"fr_FR","og_type":"article","og_title":"Amendement technique de la Constitution\u00a0:\u00a010 propositions pour renforcer les\u00a0institutionsd\u00e9mocratiques - La Sentinelle","og_description":"Le Premier ministre Sifi Ghrieb a&nbsp;pris part&nbsp;samedi au Palais des Nations \u00e0 Alger l&rsquo;ouverture d&rsquo;une conf\u00e9rence nationale consacr\u00e9e aux projets","og_url":"https:\/\/lasentinelle.dz\/index.php\/2026\/01\/25\/amendement-technique-de-la-constitution-10-propositions-pour-renforcer-les-institutionsdemocratiques\/","og_site_name":"La Sentinelle","article_publisher":"https:\/\/www.facebook.com\/La-Sentinelle-104059864394773","article_published_time":"2026-01-25T11:50:11+00:00","article_modified_time":"2026-01-25T11:50:13+00:00","og_image":[{"width":952,"height":651,"url":"https:\/\/lasentinelle.dz\/wp-content\/uploads\/2026\/01\/conference.jpeg","type":"image\/jpeg"}],"author":"admin","twitter_card":"summary_large_image","twitter_misc":{"\u00c9crit par":"admin","Dur\u00e9e de lecture estim\u00e9e":"6 minutes"},"schema":{"@context":"https:\/\/schema.org","@graph":[{"@type":"Article","@id":"https:\/\/lasentinelle.dz\/index.php\/2026\/01\/25\/amendement-technique-de-la-constitution-10-propositions-pour-renforcer-les-institutionsdemocratiques\/#article","isPartOf":{"@id":"https:\/\/lasentinelle.dz\/index.php\/2026\/01\/25\/amendement-technique-de-la-constitution-10-propositions-pour-renforcer-les-institutionsdemocratiques\/"},"author":{"name":"admin","@id":"https:\/\/lasentinelle.dz\/#\/schema\/person\/729ee0024f24e0b8c5ec17232f8e8b41"},"headline":"Amendement technique de la Constitution\u00a0:\u00a010 propositions pour renforcer les\u00a0institutionsd\u00e9mocratiques","datePublished":"2026-01-25T11:50:11+00:00","dateModified":"2026-01-25T11:50:13+00:00","mainEntityOfPage":{"@id":"https:\/\/lasentinelle.dz\/index.php\/2026\/01\/25\/amendement-technique-de-la-constitution-10-propositions-pour-renforcer-les-institutionsdemocratiques\/"},"wordCount":1121,"commentCount":0,"publisher":{"@id":"https:\/\/lasentinelle.dz\/#organization"},"image":{"@id":"https:\/\/lasentinelle.dz\/index.php\/2026\/01\/25\/amendement-technique-de-la-constitution-10-propositions-pour-renforcer-les-institutionsdemocratiques\/#primaryimage"},"thumbnailUrl":"https:\/\/lasentinelle.dz\/wp-content\/uploads\/2026\/01\/conference.jpeg","articleSection":["\u00c0 la Une","Actualit\u00e9"],"inLanguage":"fr-FR","potentialAction":[{"@type":"CommentAction","name":"Comment","target":["https:\/\/lasentinelle.dz\/index.php\/2026\/01\/25\/amendement-technique-de-la-constitution-10-propositions-pour-renforcer-les-institutionsdemocratiques\/#respond"]}]},{"@type":"WebPage","@id":"https:\/\/lasentinelle.dz\/index.php\/2026\/01\/25\/amendement-technique-de-la-constitution-10-propositions-pour-renforcer-les-institutionsdemocratiques\/","url":"https:\/\/lasentinelle.dz\/index.php\/2026\/01\/25\/amendement-technique-de-la-constitution-10-propositions-pour-renforcer-les-institutionsdemocratiques\/","name":"Amendement technique de la Constitution\u00a0:\u00a010 propositions pour renforcer les\u00a0institutionsd\u00e9mocratiques - La Sentinelle","isPartOf":{"@id":"https:\/\/lasentinelle.dz\/#website"},"primaryImageOfPage":{"@id":"https:\/\/lasentinelle.dz\/index.php\/2026\/01\/25\/amendement-technique-de-la-constitution-10-propositions-pour-renforcer-les-institutionsdemocratiques\/#primaryimage"},"image":{"@id":"https:\/\/lasentinelle.dz\/index.php\/2026\/01\/25\/amendement-technique-de-la-constitution-10-propositions-pour-renforcer-les-institutionsdemocratiques\/#primaryimage"},"thumbnailUrl":"https:\/\/lasentinelle.dz\/wp-content\/uploads\/2026\/01\/conference.jpeg","datePublished":"2026-01-25T11:50:11+00:00","dateModified":"2026-01-25T11:50:13+00:00","breadcrumb":{"@id":"https:\/\/lasentinelle.dz\/index.php\/2026\/01\/25\/amendement-technique-de-la-constitution-10-propositions-pour-renforcer-les-institutionsdemocratiques\/#breadcrumb"},"inLanguage":"fr-FR","potentialAction":[{"@type":"ReadAction","target":["https:\/\/lasentinelle.dz\/index.php\/2026\/01\/25\/amendement-technique-de-la-constitution-10-propositions-pour-renforcer-les-institutionsdemocratiques\/"]}]},{"@type":"ImageObject","inLanguage":"fr-FR","@id":"https:\/\/lasentinelle.dz\/index.php\/2026\/01\/25\/amendement-technique-de-la-constitution-10-propositions-pour-renforcer-les-institutionsdemocratiques\/#primaryimage","url":"https:\/\/lasentinelle.dz\/wp-content\/uploads\/2026\/01\/conference.jpeg","contentUrl":"https:\/\/lasentinelle.dz\/wp-content\/uploads\/2026\/01\/conference.jpeg","width":952,"height":651},{"@type":"BreadcrumbList","@id":"https:\/\/lasentinelle.dz\/index.php\/2026\/01\/25\/amendement-technique-de-la-constitution-10-propositions-pour-renforcer-les-institutionsdemocratiques\/#breadcrumb","itemListElement":[{"@type":"ListItem","position":1,"name":"Accueil","item":"https:\/\/lasentinelle.dz\/"},{"@type":"ListItem","position":2,"name":"Amendement technique de la Constitution\u00a0:\u00a010 propositions pour renforcer les\u00a0institutionsd\u00e9mocratiques"}]},{"@type":"WebSite","@id":"https:\/\/lasentinelle.dz\/#website","url":"https:\/\/lasentinelle.dz\/","name":"La Sentinelle","description":"Quotidien national d&#039;information","publisher":{"@id":"https:\/\/lasentinelle.dz\/#organization"},"potentialAction":[{"@type":"SearchAction","target":{"@type":"EntryPoint","urlTemplate":"https:\/\/lasentinelle.dz\/?s={search_term_string}"},"query-input":{"@type":"PropertyValueSpecification","valueRequired":true,"valueName":"search_term_string"}}],"inLanguage":"fr-FR"},{"@type":"Organization","@id":"https:\/\/lasentinelle.dz\/#organization","name":"Quotidien La Sentinelle","url":"https:\/\/lasentinelle.dz\/","logo":{"@type":"ImageObject","inLanguage":"fr-FR","@id":"https:\/\/lasentinelle.dz\/#\/schema\/logo\/image\/","url":"https:\/\/lasentinelle.dz\/wp-content\/uploads\/2021\/09\/logo-sentinelleSLOGAN-1.png","contentUrl":"https:\/\/lasentinelle.dz\/wp-content\/uploads\/2021\/09\/logo-sentinelleSLOGAN-1.png","width":615,"height":142,"caption":"Quotidien La Sentinelle"},"image":{"@id":"https:\/\/lasentinelle.dz\/#\/schema\/logo\/image\/"},"sameAs":["https:\/\/www.facebook.com\/La-Sentinelle-104059864394773"]},{"@type":"Person","@id":"https:\/\/lasentinelle.dz\/#\/schema\/person\/729ee0024f24e0b8c5ec17232f8e8b41","name":"admin","image":{"@type":"ImageObject","inLanguage":"fr-FR","@id":"https:\/\/secure.gravatar.com\/avatar\/4c81fed838786e9b53f540bf46533e750f5d292099ae3b66cfc6fb1982e29df7?s=96&d=mm&r=g","url":"https:\/\/secure.gravatar.com\/avatar\/4c81fed838786e9b53f540bf46533e750f5d292099ae3b66cfc6fb1982e29df7?s=96&d=mm&r=g","contentUrl":"https:\/\/secure.gravatar.com\/avatar\/4c81fed838786e9b53f540bf46533e750f5d292099ae3b66cfc6fb1982e29df7?s=96&d=mm&r=g","caption":"admin"},"description":"admin","url":"https:\/\/lasentinelle.dz\/author\/admin\/"}]}},"_links":{"self":[{"href":"https:\/\/lasentinelle.dz\/index.php\/wp-json\/wp\/v2\/posts\/80034","targetHints":{"allow":["GET"]}}],"collection":[{"href":"https:\/\/lasentinelle.dz\/index.php\/wp-json\/wp\/v2\/posts"}],"about":[{"href":"https:\/\/lasentinelle.dz\/index.php\/wp-json\/wp\/v2\/types\/post"}],"author":[{"embeddable":true,"href":"https:\/\/lasentinelle.dz\/index.php\/wp-json\/wp\/v2\/users\/6"}],"replies":[{"embeddable":true,"href":"https:\/\/lasentinelle.dz\/index.php\/wp-json\/wp\/v2\/comments?post=80034"}],"version-history":[{"count":1,"href":"https:\/\/lasentinelle.dz\/index.php\/wp-json\/wp\/v2\/posts\/80034\/revisions"}],"predecessor-version":[{"id":80035,"href":"https:\/\/lasentinelle.dz\/index.php\/wp-json\/wp\/v2\/posts\/80034\/revisions\/80035"}],"wp:featuredmedia":[{"embeddable":true,"href":"https:\/\/lasentinelle.dz\/index.php\/wp-json\/wp\/v2\/media\/79981"}],"wp:attachment":[{"href":"https:\/\/lasentinelle.dz\/index.php\/wp-json\/wp\/v2\/media?parent=80034"}],"wp:term":[{"taxonomy":"category","embeddable":true,"href":"https:\/\/lasentinelle.dz\/index.php\/wp-json\/wp\/v2\/categories?post=80034"},{"taxonomy":"post_tag","embeddable":true,"href":"https:\/\/lasentinelle.dz\/index.php\/wp-json\/wp\/v2\/tags?post=80034"}],"curies":[{"name":"wp","href":"https:\/\/api.w.org\/{rel}","templated":true}]}}