{"id":80037,"date":"2026-01-26T12:38:11","date_gmt":"2026-01-26T11:38:11","guid":{"rendered":"https:\/\/lasentinelle.dz\/?p=80037"},"modified":"2026-01-26T12:38:12","modified_gmt":"2026-01-26T11:38:12","slug":"bac-et-bem-verification-des-donnees-des-candidats-entre-le-26-janvier-et-le-9-fevrier","status":"publish","type":"post","link":"https:\/\/lasentinelle.dz\/index.php\/2026\/01\/26\/bac-et-bem-verification-des-donnees-des-candidats-entre-le-26-janvier-et-le-9-fevrier\/","title":{"rendered":"BAC et BEM\u00a0:\u00a0v\u00e9rification des donn\u00e9es des candidats entre le 26 janvier et le 9 f\u00e9vrier\u00a0"},"content":{"rendered":"\n<p>Le minist\u00e8re de l\u2019\u00c9ducation nationale a appel\u00e9, ce dimanche dans un communiqu\u00e9, l\u2019ensemble des candidats aux examens du Brevet d\u2019enseignement moyen (BEM) et du Baccalaur\u00e9at \u00e0 v\u00e9rifier l\u2019exactitude des donn\u00e9es enregistr\u00e9es sur les sites de l\u2019Office national des examens et concours, et ce avant le 10 f\u00e9vrier prochain.<\/p>\n\n\n\n<p>Le minist\u00e8re a pr\u00e9cis\u00e9 qu\u2019\u00ab il est demand\u00e9 \u00e0 tous les candidats aux examens du Brevet d\u2019enseignement moyen et du Baccalaur\u00e9at, session 2026, scolaris\u00e9s et libres, d\u2019acc\u00e9der aux sites de l\u2019Office national des examens et concours durant la p\u00e9riode allant de ce lundi 26 janvier 2026 jusqu\u2019au lundi 9 f\u00e9vrier prochain, afin de consulter les donn\u00e9es enregistr\u00e9es et de s\u2019assurer de leur exactitude \u00bb.<\/p>\n\n\n\n<p>Pour l\u2019examen du Brevet d\u2019enseignement moyen, les candidats doivent acc\u00e9der au site&nbsp;<strong>https:\/\/bem.onec.dz<\/strong>, et au site&nbsp;<strong>https:\/\/bac.onec.dz<\/strong>&nbsp;pour les concern\u00e9s par l\u2019examen du Baccalaur\u00e9at. Les candidats scolaris\u00e9s peuvent \u00e9galement consulter leurs informations via l\u2019espace des parents sur la plateforme num\u00e9rique du secteur de l\u2019\u00c9ducation nationale&nbsp;<strong>https:\/\/awlya.education.dz<\/strong>. \u00c0 ce propos, le minist\u00e8re avertit que \u00ab en cas de constatation d\u2019une erreur, les candidats scolaris\u00e9s doivent informer les chefs des \u00e9tablissements scolaires du type d\u2019erreur relev\u00e9e, tandis que les candidats libres doivent informer la direction de l\u2019\u00e9ducation \u00e0 laquelle ils sont inscrits ou le centre wilayal d\u2019enseignement et de formation \u00e0 distance auquel ils sont affili\u00e9s, selon le cas, avant le 10 f\u00e9vrier 2026, dernier d\u00e9lai \u00bb.<\/p>\n\n\n\n<p>Et \u00ab si l\u2019erreur concerne le nombre de tentatives d\u00e9clar\u00e9es ou l\u2019obtention ant\u00e9rieure du baccalaur\u00e9at, le candidat doit s\u2019acquitter du montant d\u00fb, selon le cas, via la plateforme de paiement \u00e9lectronique&nbsp;<strong>epay.education.dz<\/strong>, avant le lundi 9 f\u00e9vrier 2026, dernier d\u00e9lai \u00bb, selon le communiqu\u00e9 du minist\u00e8re.<\/p>\n\n\n\n<p>R.N.<\/p>\n","protected":false},"excerpt":{"rendered":"<p>Le minist\u00e8re de l\u2019\u00c9ducation nationale a appel\u00e9, ce dimanche dans un communiqu\u00e9, l\u2019ensemble des candidats aux examens du Brevet d\u2019enseignement<\/p>\n","protected":false},"author":6,"featured_media":19316,"comment_status":"open","ping_status":"closed","sticky":false,"template":"","format":"standard","meta":{"colormag_page_container_layout":"default_layout","colormag_page_sidebar_layout":"default_layout","om_disable_all_campaigns":false,"_monsterinsights_skip_tracking":false,"_monsterinsights_sitenote_active":false,"_monsterinsights_sitenote_note":"","_monsterinsights_sitenote_category":0,"footnotes":"","_wpscppro_dont_share_socialmedia":false,"_wpscppro_custom_social_share_image":0,"_facebook_share_type":"default","_twitter_share_type":"default","_linkedin_share_type":"default","_pinterest_share_type":"default","_linkedin_share_type_page":"","_instagram_share_type":"default","_medium_share_type":"default","_threads_share_type":"default","_google_business_share_type":"default","_selected_social_profile":[],"_wpsp_enable_custom_social_template":false,"_wpsp_social_scheduling":{"enabled":false,"datetime":null,"platforms":[],"status":"template_only","dateOption":"today","timeOption":"now","customDays":"","customHours":"","customDate":"","customTime":"","schedulingType":"absolute"},"_wpsp_active_default_template":true},"categories":[27],"tags":[],"class_list":["post-80037","post","type-post","status-publish","format-standard","has-post-thumbnail","hentry","category-actualite"],"aioseo_notices":[],"yoast_head":"<!-- This site is optimized with the Yoast SEO plugin v27.5 - https:\/\/yoast.com\/product\/yoast-seo-wordpress\/ -->\n<title>BAC et BEM\u00a0:\u00a0v\u00e9rification des donn\u00e9es des candidats entre le 26 janvier et le 9 f\u00e9vrier\u00a0 - La Sentinelle<\/title>\n<meta name=\"robots\" content=\"index, follow, max-snippet:-1, max-image-preview:large, max-video-preview:-1\" \/>\n<link rel=\"canonical\" href=\"https:\/\/lasentinelle.dz\/index.php\/2026\/01\/26\/bac-et-bem-verification-des-donnees-des-candidats-entre-le-26-janvier-et-le-9-fevrier\/\" \/>\n<meta property=\"og:locale\" content=\"fr_FR\" \/>\n<meta property=\"og:type\" content=\"article\" \/>\n<meta property=\"og:title\" content=\"BAC et BEM\u00a0:\u00a0v\u00e9rification des donn\u00e9es des candidats entre le 26 janvier et le 9 f\u00e9vrier\u00a0 - La Sentinelle\" \/>\n<meta property=\"og:description\" content=\"Le minist\u00e8re de l\u2019\u00c9ducation nationale a appel\u00e9, ce dimanche dans un communiqu\u00e9, l\u2019ensemble des candidats aux examens du Brevet d\u2019enseignement\" \/>\n<meta property=\"og:url\" content=\"https:\/\/lasentinelle.dz\/index.php\/2026\/01\/26\/bac-et-bem-verification-des-donnees-des-candidats-entre-le-26-janvier-et-le-9-fevrier\/\" \/>\n<meta property=\"og:site_name\" content=\"La Sentinelle\" \/>\n<meta property=\"article:publisher\" content=\"https:\/\/www.facebook.com\/La-Sentinelle-104059864394773\" \/>\n<meta property=\"article:published_time\" content=\"2026-01-26T11:38:11+00:00\" \/>\n<meta property=\"article:modified_time\" content=\"2026-01-26T11:38:12+00:00\" \/>\n<meta property=\"og:image\" content=\"https:\/\/lasentinelle.dz\/wp-content\/uploads\/2022\/04\/Ministere-education.png\" \/>\n\t<meta property=\"og:image:width\" content=\"1491\" \/>\n\t<meta property=\"og:image:height\" content=\"900\" \/>\n\t<meta property=\"og:image:type\" content=\"image\/png\" \/>\n<meta name=\"author\" content=\"admin\" \/>\n<meta name=\"twitter:card\" content=\"summary_large_image\" \/>\n<meta name=\"twitter:label1\" content=\"\u00c9crit par\" \/>\n\t<meta name=\"twitter:data1\" content=\"admin\" \/>\n\t<meta name=\"twitter:label2\" content=\"Dur\u00e9e de lecture estim\u00e9e\" \/>\n\t<meta name=\"twitter:data2\" content=\"2 minutes\" \/>\n<script type=\"application\/ld+json\" class=\"yoast-schema-graph\">{\"@context\":\"https:\\\/\\\/schema.org\",\"@graph\":[{\"@type\":\"Article\",\"@id\":\"https:\\\/\\\/lasentinelle.dz\\\/index.php\\\/2026\\\/01\\\/26\\\/bac-et-bem-verification-des-donnees-des-candidats-entre-le-26-janvier-et-le-9-fevrier\\\/#article\",\"isPartOf\":{\"@id\":\"https:\\\/\\\/lasentinelle.dz\\\/index.php\\\/2026\\\/01\\\/26\\\/bac-et-bem-verification-des-donnees-des-candidats-entre-le-26-janvier-et-le-9-fevrier\\\/\"},\"author\":{\"name\":\"admin\",\"@id\":\"https:\\\/\\\/lasentinelle.dz\\\/#\\\/schema\\\/person\\\/729ee0024f24e0b8c5ec17232f8e8b41\"},\"headline\":\"BAC et BEM\u00a0:\u00a0v\u00e9rification des donn\u00e9es des candidats entre le 26 janvier et le 9 f\u00e9vrier\u00a0\",\"datePublished\":\"2026-01-26T11:38:11+00:00\",\"dateModified\":\"2026-01-26T11:38:12+00:00\",\"mainEntityOfPage\":{\"@id\":\"https:\\\/\\\/lasentinelle.dz\\\/index.php\\\/2026\\\/01\\\/26\\\/bac-et-bem-verification-des-donnees-des-candidats-entre-le-26-janvier-et-le-9-fevrier\\\/\"},\"wordCount\":344,\"commentCount\":0,\"publisher\":{\"@id\":\"https:\\\/\\\/lasentinelle.dz\\\/#organization\"},\"image\":{\"@id\":\"https:\\\/\\\/lasentinelle.dz\\\/index.php\\\/2026\\\/01\\\/26\\\/bac-et-bem-verification-des-donnees-des-candidats-entre-le-26-janvier-et-le-9-fevrier\\\/#primaryimage\"},\"thumbnailUrl\":\"https:\\\/\\\/lasentinelle.dz\\\/wp-content\\\/uploads\\\/2022\\\/04\\\/Ministere-education.png\",\"articleSection\":[\"Actualit\u00e9\"],\"inLanguage\":\"fr-FR\",\"potentialAction\":[{\"@type\":\"CommentAction\",\"name\":\"Comment\",\"target\":[\"https:\\\/\\\/lasentinelle.dz\\\/index.php\\\/2026\\\/01\\\/26\\\/bac-et-bem-verification-des-donnees-des-candidats-entre-le-26-janvier-et-le-9-fevrier\\\/#respond\"]}]},{\"@type\":\"WebPage\",\"@id\":\"https:\\\/\\\/lasentinelle.dz\\\/index.php\\\/2026\\\/01\\\/26\\\/bac-et-bem-verification-des-donnees-des-candidats-entre-le-26-janvier-et-le-9-fevrier\\\/\",\"url\":\"https:\\\/\\\/lasentinelle.dz\\\/index.php\\\/2026\\\/01\\\/26\\\/bac-et-bem-verification-des-donnees-des-candidats-entre-le-26-janvier-et-le-9-fevrier\\\/\",\"name\":\"BAC et BEM\u00a0:\u00a0v\u00e9rification des donn\u00e9es des candidats entre le 26 janvier et le 9 f\u00e9vrier\u00a0 - La Sentinelle\",\"isPartOf\":{\"@id\":\"https:\\\/\\\/lasentinelle.dz\\\/#website\"},\"primaryImageOfPage\":{\"@id\":\"https:\\\/\\\/lasentinelle.dz\\\/index.php\\\/2026\\\/01\\\/26\\\/bac-et-bem-verification-des-donnees-des-candidats-entre-le-26-janvier-et-le-9-fevrier\\\/#primaryimage\"},\"image\":{\"@id\":\"https:\\\/\\\/lasentinelle.dz\\\/index.php\\\/2026\\\/01\\\/26\\\/bac-et-bem-verification-des-donnees-des-candidats-entre-le-26-janvier-et-le-9-fevrier\\\/#primaryimage\"},\"thumbnailUrl\":\"https:\\\/\\\/lasentinelle.dz\\\/wp-content\\\/uploads\\\/2022\\\/04\\\/Ministere-education.png\",\"datePublished\":\"2026-01-26T11:38:11+00:00\",\"dateModified\":\"2026-01-26T11:38:12+00:00\",\"breadcrumb\":{\"@id\":\"https:\\\/\\\/lasentinelle.dz\\\/index.php\\\/2026\\\/01\\\/26\\\/bac-et-bem-verification-des-donnees-des-candidats-entre-le-26-janvier-et-le-9-fevrier\\\/#breadcrumb\"},\"inLanguage\":\"fr-FR\",\"potentialAction\":[{\"@type\":\"ReadAction\",\"target\":[\"https:\\\/\\\/lasentinelle.dz\\\/index.php\\\/2026\\\/01\\\/26\\\/bac-et-bem-verification-des-donnees-des-candidats-entre-le-26-janvier-et-le-9-fevrier\\\/\"]}]},{\"@type\":\"ImageObject\",\"inLanguage\":\"fr-FR\",\"@id\":\"https:\\\/\\\/lasentinelle.dz\\\/index.php\\\/2026\\\/01\\\/26\\\/bac-et-bem-verification-des-donnees-des-candidats-entre-le-26-janvier-et-le-9-fevrier\\\/#primaryimage\",\"url\":\"https:\\\/\\\/lasentinelle.dz\\\/wp-content\\\/uploads\\\/2022\\\/04\\\/Ministere-education.png\",\"contentUrl\":\"https:\\\/\\\/lasentinelle.dz\\\/wp-content\\\/uploads\\\/2022\\\/04\\\/Ministere-education.png\",\"width\":1491,\"height\":900},{\"@type\":\"BreadcrumbList\",\"@id\":\"https:\\\/\\\/lasentinelle.dz\\\/index.php\\\/2026\\\/01\\\/26\\\/bac-et-bem-verification-des-donnees-des-candidats-entre-le-26-janvier-et-le-9-fevrier\\\/#breadcrumb\",\"itemListElement\":[{\"@type\":\"ListItem\",\"position\":1,\"name\":\"Accueil\",\"item\":\"https:\\\/\\\/lasentinelle.dz\\\/\"},{\"@type\":\"ListItem\",\"position\":2,\"name\":\"BAC et BEM\u00a0:\u00a0v\u00e9rification des donn\u00e9es des candidats entre le 26 janvier et le 9 f\u00e9vrier\u00a0\"}]},{\"@type\":\"WebSite\",\"@id\":\"https:\\\/\\\/lasentinelle.dz\\\/#website\",\"url\":\"https:\\\/\\\/lasentinelle.dz\\\/\",\"name\":\"La Sentinelle\",\"description\":\"Quotidien national d&#039;information\",\"publisher\":{\"@id\":\"https:\\\/\\\/lasentinelle.dz\\\/#organization\"},\"potentialAction\":[{\"@type\":\"SearchAction\",\"target\":{\"@type\":\"EntryPoint\",\"urlTemplate\":\"https:\\\/\\\/lasentinelle.dz\\\/?s={search_term_string}\"},\"query-input\":{\"@type\":\"PropertyValueSpecification\",\"valueRequired\":true,\"valueName\":\"search_term_string\"}}],\"inLanguage\":\"fr-FR\"},{\"@type\":\"Organization\",\"@id\":\"https:\\\/\\\/lasentinelle.dz\\\/#organization\",\"name\":\"Quotidien La Sentinelle\",\"url\":\"https:\\\/\\\/lasentinelle.dz\\\/\",\"logo\":{\"@type\":\"ImageObject\",\"inLanguage\":\"fr-FR\",\"@id\":\"https:\\\/\\\/lasentinelle.dz\\\/#\\\/schema\\\/logo\\\/image\\\/\",\"url\":\"https:\\\/\\\/lasentinelle.dz\\\/wp-content\\\/uploads\\\/2021\\\/09\\\/logo-sentinelleSLOGAN-1.png\",\"contentUrl\":\"https:\\\/\\\/lasentinelle.dz\\\/wp-content\\\/uploads\\\/2021\\\/09\\\/logo-sentinelleSLOGAN-1.png\",\"width\":615,\"height\":142,\"caption\":\"Quotidien La Sentinelle\"},\"image\":{\"@id\":\"https:\\\/\\\/lasentinelle.dz\\\/#\\\/schema\\\/logo\\\/image\\\/\"},\"sameAs\":[\"https:\\\/\\\/www.facebook.com\\\/La-Sentinelle-104059864394773\"]},{\"@type\":\"Person\",\"@id\":\"https:\\\/\\\/lasentinelle.dz\\\/#\\\/schema\\\/person\\\/729ee0024f24e0b8c5ec17232f8e8b41\",\"name\":\"admin\",\"image\":{\"@type\":\"ImageObject\",\"inLanguage\":\"fr-FR\",\"@id\":\"https:\\\/\\\/secure.gravatar.com\\\/avatar\\\/4c81fed838786e9b53f540bf46533e750f5d292099ae3b66cfc6fb1982e29df7?s=96&d=mm&r=g\",\"url\":\"https:\\\/\\\/secure.gravatar.com\\\/avatar\\\/4c81fed838786e9b53f540bf46533e750f5d292099ae3b66cfc6fb1982e29df7?s=96&d=mm&r=g\",\"contentUrl\":\"https:\\\/\\\/secure.gravatar.com\\\/avatar\\\/4c81fed838786e9b53f540bf46533e750f5d292099ae3b66cfc6fb1982e29df7?s=96&d=mm&r=g\",\"caption\":\"admin\"},\"description\":\"admin\",\"url\":\"https:\\\/\\\/lasentinelle.dz\\\/author\\\/admin\\\/\"}]}<\/script>\n<!-- \/ Yoast SEO plugin. -->","yoast_head_json":{"title":"BAC et BEM\u00a0:\u00a0v\u00e9rification des donn\u00e9es des candidats entre le 26 janvier et le 9 f\u00e9vrier\u00a0 - La Sentinelle","robots":{"index":"index","follow":"follow","max-snippet":"max-snippet:-1","max-image-preview":"max-image-preview:large","max-video-preview":"max-video-preview:-1"},"canonical":"https:\/\/lasentinelle.dz\/index.php\/2026\/01\/26\/bac-et-bem-verification-des-donnees-des-candidats-entre-le-26-janvier-et-le-9-fevrier\/","og_locale":"fr_FR","og_type":"article","og_title":"BAC et BEM\u00a0:\u00a0v\u00e9rification des donn\u00e9es des candidats entre le 26 janvier et le 9 f\u00e9vrier\u00a0 - La Sentinelle","og_description":"Le minist\u00e8re de l\u2019\u00c9ducation nationale a appel\u00e9, ce dimanche dans un communiqu\u00e9, l\u2019ensemble des candidats aux examens du Brevet d\u2019enseignement","og_url":"https:\/\/lasentinelle.dz\/index.php\/2026\/01\/26\/bac-et-bem-verification-des-donnees-des-candidats-entre-le-26-janvier-et-le-9-fevrier\/","og_site_name":"La Sentinelle","article_publisher":"https:\/\/www.facebook.com\/La-Sentinelle-104059864394773","article_published_time":"2026-01-26T11:38:11+00:00","article_modified_time":"2026-01-26T11:38:12+00:00","og_image":[{"width":1491,"height":900,"url":"https:\/\/lasentinelle.dz\/wp-content\/uploads\/2022\/04\/Ministere-education.png","type":"image\/png"}],"author":"admin","twitter_card":"summary_large_image","twitter_misc":{"\u00c9crit par":"admin","Dur\u00e9e de lecture estim\u00e9e":"2 minutes"},"schema":{"@context":"https:\/\/schema.org","@graph":[{"@type":"Article","@id":"https:\/\/lasentinelle.dz\/index.php\/2026\/01\/26\/bac-et-bem-verification-des-donnees-des-candidats-entre-le-26-janvier-et-le-9-fevrier\/#article","isPartOf":{"@id":"https:\/\/lasentinelle.dz\/index.php\/2026\/01\/26\/bac-et-bem-verification-des-donnees-des-candidats-entre-le-26-janvier-et-le-9-fevrier\/"},"author":{"name":"admin","@id":"https:\/\/lasentinelle.dz\/#\/schema\/person\/729ee0024f24e0b8c5ec17232f8e8b41"},"headline":"BAC et BEM\u00a0:\u00a0v\u00e9rification des donn\u00e9es des candidats entre le 26 janvier et le 9 f\u00e9vrier\u00a0","datePublished":"2026-01-26T11:38:11+00:00","dateModified":"2026-01-26T11:38:12+00:00","mainEntityOfPage":{"@id":"https:\/\/lasentinelle.dz\/index.php\/2026\/01\/26\/bac-et-bem-verification-des-donnees-des-candidats-entre-le-26-janvier-et-le-9-fevrier\/"},"wordCount":344,"commentCount":0,"publisher":{"@id":"https:\/\/lasentinelle.dz\/#organization"},"image":{"@id":"https:\/\/lasentinelle.dz\/index.php\/2026\/01\/26\/bac-et-bem-verification-des-donnees-des-candidats-entre-le-26-janvier-et-le-9-fevrier\/#primaryimage"},"thumbnailUrl":"https:\/\/lasentinelle.dz\/wp-content\/uploads\/2022\/04\/Ministere-education.png","articleSection":["Actualit\u00e9"],"inLanguage":"fr-FR","potentialAction":[{"@type":"CommentAction","name":"Comment","target":["https:\/\/lasentinelle.dz\/index.php\/2026\/01\/26\/bac-et-bem-verification-des-donnees-des-candidats-entre-le-26-janvier-et-le-9-fevrier\/#respond"]}]},{"@type":"WebPage","@id":"https:\/\/lasentinelle.dz\/index.php\/2026\/01\/26\/bac-et-bem-verification-des-donnees-des-candidats-entre-le-26-janvier-et-le-9-fevrier\/","url":"https:\/\/lasentinelle.dz\/index.php\/2026\/01\/26\/bac-et-bem-verification-des-donnees-des-candidats-entre-le-26-janvier-et-le-9-fevrier\/","name":"BAC et BEM\u00a0:\u00a0v\u00e9rification des donn\u00e9es des candidats entre le 26 janvier et le 9 f\u00e9vrier\u00a0 - La Sentinelle","isPartOf":{"@id":"https:\/\/lasentinelle.dz\/#website"},"primaryImageOfPage":{"@id":"https:\/\/lasentinelle.dz\/index.php\/2026\/01\/26\/bac-et-bem-verification-des-donnees-des-candidats-entre-le-26-janvier-et-le-9-fevrier\/#primaryimage"},"image":{"@id":"https:\/\/lasentinelle.dz\/index.php\/2026\/01\/26\/bac-et-bem-verification-des-donnees-des-candidats-entre-le-26-janvier-et-le-9-fevrier\/#primaryimage"},"thumbnailUrl":"https:\/\/lasentinelle.dz\/wp-content\/uploads\/2022\/04\/Ministere-education.png","datePublished":"2026-01-26T11:38:11+00:00","dateModified":"2026-01-26T11:38:12+00:00","breadcrumb":{"@id":"https:\/\/lasentinelle.dz\/index.php\/2026\/01\/26\/bac-et-bem-verification-des-donnees-des-candidats-entre-le-26-janvier-et-le-9-fevrier\/#breadcrumb"},"inLanguage":"fr-FR","potentialAction":[{"@type":"ReadAction","target":["https:\/\/lasentinelle.dz\/index.php\/2026\/01\/26\/bac-et-bem-verification-des-donnees-des-candidats-entre-le-26-janvier-et-le-9-fevrier\/"]}]},{"@type":"ImageObject","inLanguage":"fr-FR","@id":"https:\/\/lasentinelle.dz\/index.php\/2026\/01\/26\/bac-et-bem-verification-des-donnees-des-candidats-entre-le-26-janvier-et-le-9-fevrier\/#primaryimage","url":"https:\/\/lasentinelle.dz\/wp-content\/uploads\/2022\/04\/Ministere-education.png","contentUrl":"https:\/\/lasentinelle.dz\/wp-content\/uploads\/2022\/04\/Ministere-education.png","width":1491,"height":900},{"@type":"BreadcrumbList","@id":"https:\/\/lasentinelle.dz\/index.php\/2026\/01\/26\/bac-et-bem-verification-des-donnees-des-candidats-entre-le-26-janvier-et-le-9-fevrier\/#breadcrumb","itemListElement":[{"@type":"ListItem","position":1,"name":"Accueil","item":"https:\/\/lasentinelle.dz\/"},{"@type":"ListItem","position":2,"name":"BAC et BEM\u00a0:\u00a0v\u00e9rification des donn\u00e9es des candidats entre le 26 janvier et le 9 f\u00e9vrier\u00a0"}]},{"@type":"WebSite","@id":"https:\/\/lasentinelle.dz\/#website","url":"https:\/\/lasentinelle.dz\/","name":"La Sentinelle","description":"Quotidien national d&#039;information","publisher":{"@id":"https:\/\/lasentinelle.dz\/#organization"},"potentialAction":[{"@type":"SearchAction","target":{"@type":"EntryPoint","urlTemplate":"https:\/\/lasentinelle.dz\/?s={search_term_string}"},"query-input":{"@type":"PropertyValueSpecification","valueRequired":true,"valueName":"search_term_string"}}],"inLanguage":"fr-FR"},{"@type":"Organization","@id":"https:\/\/lasentinelle.dz\/#organization","name":"Quotidien La Sentinelle","url":"https:\/\/lasentinelle.dz\/","logo":{"@type":"ImageObject","inLanguage":"fr-FR","@id":"https:\/\/lasentinelle.dz\/#\/schema\/logo\/image\/","url":"https:\/\/lasentinelle.dz\/wp-content\/uploads\/2021\/09\/logo-sentinelleSLOGAN-1.png","contentUrl":"https:\/\/lasentinelle.dz\/wp-content\/uploads\/2021\/09\/logo-sentinelleSLOGAN-1.png","width":615,"height":142,"caption":"Quotidien La Sentinelle"},"image":{"@id":"https:\/\/lasentinelle.dz\/#\/schema\/logo\/image\/"},"sameAs":["https:\/\/www.facebook.com\/La-Sentinelle-104059864394773"]},{"@type":"Person","@id":"https:\/\/lasentinelle.dz\/#\/schema\/person\/729ee0024f24e0b8c5ec17232f8e8b41","name":"admin","image":{"@type":"ImageObject","inLanguage":"fr-FR","@id":"https:\/\/secure.gravatar.com\/avatar\/4c81fed838786e9b53f540bf46533e750f5d292099ae3b66cfc6fb1982e29df7?s=96&d=mm&r=g","url":"https:\/\/secure.gravatar.com\/avatar\/4c81fed838786e9b53f540bf46533e750f5d292099ae3b66cfc6fb1982e29df7?s=96&d=mm&r=g","contentUrl":"https:\/\/secure.gravatar.com\/avatar\/4c81fed838786e9b53f540bf46533e750f5d292099ae3b66cfc6fb1982e29df7?s=96&d=mm&r=g","caption":"admin"},"description":"admin","url":"https:\/\/lasentinelle.dz\/author\/admin\/"}]}},"_links":{"self":[{"href":"https:\/\/lasentinelle.dz\/index.php\/wp-json\/wp\/v2\/posts\/80037","targetHints":{"allow":["GET"]}}],"collection":[{"href":"https:\/\/lasentinelle.dz\/index.php\/wp-json\/wp\/v2\/posts"}],"about":[{"href":"https:\/\/lasentinelle.dz\/index.php\/wp-json\/wp\/v2\/types\/post"}],"author":[{"embeddable":true,"href":"https:\/\/lasentinelle.dz\/index.php\/wp-json\/wp\/v2\/users\/6"}],"replies":[{"embeddable":true,"href":"https:\/\/lasentinelle.dz\/index.php\/wp-json\/wp\/v2\/comments?post=80037"}],"version-history":[{"count":1,"href":"https:\/\/lasentinelle.dz\/index.php\/wp-json\/wp\/v2\/posts\/80037\/revisions"}],"predecessor-version":[{"id":80038,"href":"https:\/\/lasentinelle.dz\/index.php\/wp-json\/wp\/v2\/posts\/80037\/revisions\/80038"}],"wp:featuredmedia":[{"embeddable":true,"href":"https:\/\/lasentinelle.dz\/index.php\/wp-json\/wp\/v2\/media\/19316"}],"wp:attachment":[{"href":"https:\/\/lasentinelle.dz\/index.php\/wp-json\/wp\/v2\/media?parent=80037"}],"wp:term":[{"taxonomy":"category","embeddable":true,"href":"https:\/\/lasentinelle.dz\/index.php\/wp-json\/wp\/v2\/categories?post=80037"},{"taxonomy":"post_tag","embeddable":true,"href":"https:\/\/lasentinelle.dz\/index.php\/wp-json\/wp\/v2\/tags?post=80037"}],"curies":[{"name":"wp","href":"https:\/\/api.w.org\/{rel}","templated":true}]}}