{"id":80042,"date":"2026-01-26T12:44:51","date_gmt":"2026-01-26T11:44:51","guid":{"rendered":"https:\/\/lasentinelle.dz\/?p=80042"},"modified":"2026-01-26T12:44:51","modified_gmt":"2026-01-26T11:44:51","slug":"le-sonrep-appelle-lue-au-strict-respect-du-droit-du-peuple-sahraoui-a-lautodetermination","status":"publish","type":"post","link":"https:\/\/lasentinelle.dz\/index.php\/2026\/01\/26\/le-sonrep-appelle-lue-au-strict-respect-du-droit-du-peuple-sahraoui-a-lautodetermination\/","title":{"rendered":"Le SONREP appelle l&rsquo;UE au \u00ab\u00a0strict respect\u00a0\u00bb du droit du peuple sahraoui \u00e0 l&rsquo;autod\u00e9termination"},"content":{"rendered":"\n<p>L&rsquo;Observatoire sahraoui de surveillance des ressources naturelles et de la protection de l&rsquo;environnement (SONREP) a appel\u00e9 l&rsquo;Union europ\u00e9enne (UE) au \u00ab\u00a0strict respect\u00a0\u00bb du droit international, notamment du droit inali\u00e9nable du peuple sahraoui \u00e0 l&rsquo;autod\u00e9termination, mettant en garde contre le \u00ab\u00a0m\u00e9pris syst\u00e9matique\u00a0\u00bb des arr\u00eats pertinents des juridictions europ\u00e9ennes. \u00ab\u00a0L&rsquo;autod\u00e9termination n&rsquo;est pas une option politique n\u00e9gociable, mais un droit fondamental des peuples\u00a0\u00bb, souligne cette ONG dans des lettres adress\u00e9es aux ambassadeurs des Etats membres de l&rsquo;UE. Elle estime que l&rsquo;UE \u00ab\u00a0ne peut pas d\u00e9fendre le droit des peuples \u00e0 l&rsquo;autod\u00e9termination tout en ignorant les droits fondamentaux du peuple sahraoui\u00a0\u00bb. L&rsquo;Observatoire rappelle, dans ce contexte, que tous les arr\u00eats rendus par la Cour de justice de l&rsquo;Union europ\u00e9enne (CJUE) et la Cour internationale de Justice (CIJ) confirment que le Sahara occidental est \u00ab\u00a0un territoire distinct et s\u00e9par\u00e9 du Maroc\u00a0\u00bb, et que tout accord portant sur son territoire ou sur ses ressources naturelles requiert le consentement du peuple sahraoui. Le SONREP d\u00e9nonce, \u00e0 ce titre, les \u00ab\u00a0tentatives persistantes\u00a0\u00bb de l&rsquo;occupant marocain d&rsquo;imposer l&rsquo;inclusion du Sahara occidental dans ses accords commerciaux avec l&rsquo;UE. De son c\u00f4t\u00e9, l&rsquo;Observatoire international de surveillance des ressources naturelles du Sahara occidental (Western Sahara Resource Watch &#8211; WSRW), avait exhort\u00e9 jeudi dernier l&rsquo;UE \u00e0 veiller \u00e0 ce que sa position au Conseil d&rsquo;association UE-Maroc, pr\u00e9vu le 29 janvier \u00e0 Bruxelles, \u00ab\u00a0respecte pleinement\u00a0\u00bb le droit du peuple sahraoui \u00e0 l&rsquo;autod\u00e9termination et les arr\u00eats contraignants de la CJUE. Les r\u00e9centes manifestations d&rsquo;unit\u00e9 de l&rsquo;UE en d\u00e9fense du droit ont soulign\u00e9 \u00e0 juste titre que \u00ab\u00a0l&rsquo;autod\u00e9termination n&rsquo;est pas un choix politique discr\u00e9tionnaire, mais un principe fondamental du droit international\u00a0\u00bb, a \u00e9crit WSRW dans des lettres adress\u00e9es \u00e9galement aux ambassadeurs des Etats membres de l&rsquo;UE.<\/p>\n\n\n\n<p>APS<\/p>\n","protected":false},"excerpt":{"rendered":"<p>L&rsquo;Observatoire sahraoui de surveillance des ressources naturelles et de la protection de l&rsquo;environnement (SONREP) a appel\u00e9 l&rsquo;Union europ\u00e9enne (UE) au<\/p>\n","protected":false},"author":6,"featured_media":57408,"comment_status":"open","ping_status":"closed","sticky":false,"template":"","format":"standard","meta":{"colormag_page_container_layout":"default_layout","colormag_page_sidebar_layout":"default_layout","om_disable_all_campaigns":false,"_monsterinsights_skip_tracking":false,"_monsterinsights_sitenote_active":false,"_monsterinsights_sitenote_note":"","_monsterinsights_sitenote_category":0,"footnotes":"","_wpscppro_dont_share_socialmedia":false,"_wpscppro_custom_social_share_image":0,"_facebook_share_type":"default","_twitter_share_type":"default","_linkedin_share_type":"default","_pinterest_share_type":"default","_linkedin_share_type_page":"","_instagram_share_type":"default","_medium_share_type":"default","_threads_share_type":"default","_google_business_share_type":"default","_selected_social_profile":[],"_wpsp_enable_custom_social_template":false,"_wpsp_social_scheduling":{"enabled":false,"datetime":null,"platforms":[],"status":"template_only","dateOption":"today","timeOption":"now","customDays":"","customHours":"","customDate":"","customTime":"","schedulingType":"absolute"},"_wpsp_active_default_template":true},"categories":[37],"tags":[],"class_list":["post-80042","post","type-post","status-publish","format-standard","has-post-thumbnail","hentry","category-monde"],"aioseo_notices":[],"yoast_head":"<!-- This site is optimized with the Yoast SEO plugin v27.5 - https:\/\/yoast.com\/product\/yoast-seo-wordpress\/ -->\n<title>Le SONREP appelle l&rsquo;UE au \u00ab\u00a0strict respect\u00a0\u00bb du droit du peuple sahraoui \u00e0 l&rsquo;autod\u00e9termination - La Sentinelle<\/title>\n<meta name=\"robots\" content=\"index, follow, max-snippet:-1, max-image-preview:large, max-video-preview:-1\" \/>\n<link rel=\"canonical\" href=\"https:\/\/lasentinelle.dz\/index.php\/2026\/01\/26\/le-sonrep-appelle-lue-au-strict-respect-du-droit-du-peuple-sahraoui-a-lautodetermination\/\" \/>\n<meta property=\"og:locale\" content=\"fr_FR\" \/>\n<meta property=\"og:type\" content=\"article\" \/>\n<meta property=\"og:title\" content=\"Le SONREP appelle l&rsquo;UE au \u00ab\u00a0strict respect\u00a0\u00bb du droit du peuple sahraoui \u00e0 l&rsquo;autod\u00e9termination - La Sentinelle\" \/>\n<meta property=\"og:description\" content=\"L&rsquo;Observatoire sahraoui de surveillance des ressources naturelles et de la protection de l&rsquo;environnement (SONREP) a appel\u00e9 l&rsquo;Union europ\u00e9enne (UE) au\" \/>\n<meta property=\"og:url\" content=\"https:\/\/lasentinelle.dz\/index.php\/2026\/01\/26\/le-sonrep-appelle-lue-au-strict-respect-du-droit-du-peuple-sahraoui-a-lautodetermination\/\" \/>\n<meta property=\"og:site_name\" content=\"La Sentinelle\" \/>\n<meta property=\"article:publisher\" content=\"https:\/\/www.facebook.com\/La-Sentinelle-104059864394773\" \/>\n<meta property=\"article:published_time\" content=\"2026-01-26T11:44:51+00:00\" \/>\n<meta property=\"og:image\" content=\"https:\/\/lasentinelle.dz\/wp-content\/uploads\/2024\/09\/sahara-occidental.jpg\" \/>\n\t<meta property=\"og:image:width\" content=\"580\" \/>\n\t<meta property=\"og:image:height\" content=\"350\" \/>\n\t<meta property=\"og:image:type\" content=\"image\/jpeg\" \/>\n<meta name=\"author\" content=\"admin\" \/>\n<meta name=\"twitter:card\" content=\"summary_large_image\" \/>\n<meta name=\"twitter:label1\" content=\"\u00c9crit par\" \/>\n\t<meta name=\"twitter:data1\" content=\"admin\" \/>\n\t<meta name=\"twitter:label2\" content=\"Dur\u00e9e de lecture estim\u00e9e\" \/>\n\t<meta name=\"twitter:data2\" content=\"2 minutes\" \/>\n<script type=\"application\/ld+json\" class=\"yoast-schema-graph\">{\"@context\":\"https:\\\/\\\/schema.org\",\"@graph\":[{\"@type\":\"Article\",\"@id\":\"https:\\\/\\\/lasentinelle.dz\\\/index.php\\\/2026\\\/01\\\/26\\\/le-sonrep-appelle-lue-au-strict-respect-du-droit-du-peuple-sahraoui-a-lautodetermination\\\/#article\",\"isPartOf\":{\"@id\":\"https:\\\/\\\/lasentinelle.dz\\\/index.php\\\/2026\\\/01\\\/26\\\/le-sonrep-appelle-lue-au-strict-respect-du-droit-du-peuple-sahraoui-a-lautodetermination\\\/\"},\"author\":{\"name\":\"admin\",\"@id\":\"https:\\\/\\\/lasentinelle.dz\\\/#\\\/schema\\\/person\\\/729ee0024f24e0b8c5ec17232f8e8b41\"},\"headline\":\"Le SONREP appelle l&rsquo;UE au \u00ab\u00a0strict respect\u00a0\u00bb du droit du peuple sahraoui \u00e0 l&rsquo;autod\u00e9termination\",\"datePublished\":\"2026-01-26T11:44:51+00:00\",\"mainEntityOfPage\":{\"@id\":\"https:\\\/\\\/lasentinelle.dz\\\/index.php\\\/2026\\\/01\\\/26\\\/le-sonrep-appelle-lue-au-strict-respect-du-droit-du-peuple-sahraoui-a-lautodetermination\\\/\"},\"wordCount\":339,\"commentCount\":0,\"publisher\":{\"@id\":\"https:\\\/\\\/lasentinelle.dz\\\/#organization\"},\"image\":{\"@id\":\"https:\\\/\\\/lasentinelle.dz\\\/index.php\\\/2026\\\/01\\\/26\\\/le-sonrep-appelle-lue-au-strict-respect-du-droit-du-peuple-sahraoui-a-lautodetermination\\\/#primaryimage\"},\"thumbnailUrl\":\"https:\\\/\\\/lasentinelle.dz\\\/wp-content\\\/uploads\\\/2024\\\/09\\\/sahara-occidental.jpg\",\"articleSection\":[\"Monde\"],\"inLanguage\":\"fr-FR\",\"potentialAction\":[{\"@type\":\"CommentAction\",\"name\":\"Comment\",\"target\":[\"https:\\\/\\\/lasentinelle.dz\\\/index.php\\\/2026\\\/01\\\/26\\\/le-sonrep-appelle-lue-au-strict-respect-du-droit-du-peuple-sahraoui-a-lautodetermination\\\/#respond\"]}]},{\"@type\":\"WebPage\",\"@id\":\"https:\\\/\\\/lasentinelle.dz\\\/index.php\\\/2026\\\/01\\\/26\\\/le-sonrep-appelle-lue-au-strict-respect-du-droit-du-peuple-sahraoui-a-lautodetermination\\\/\",\"url\":\"https:\\\/\\\/lasentinelle.dz\\\/index.php\\\/2026\\\/01\\\/26\\\/le-sonrep-appelle-lue-au-strict-respect-du-droit-du-peuple-sahraoui-a-lautodetermination\\\/\",\"name\":\"Le SONREP appelle l&rsquo;UE au \u00ab\u00a0strict respect\u00a0\u00bb du droit du peuple sahraoui \u00e0 l&rsquo;autod\u00e9termination - La Sentinelle\",\"isPartOf\":{\"@id\":\"https:\\\/\\\/lasentinelle.dz\\\/#website\"},\"primaryImageOfPage\":{\"@id\":\"https:\\\/\\\/lasentinelle.dz\\\/index.php\\\/2026\\\/01\\\/26\\\/le-sonrep-appelle-lue-au-strict-respect-du-droit-du-peuple-sahraoui-a-lautodetermination\\\/#primaryimage\"},\"image\":{\"@id\":\"https:\\\/\\\/lasentinelle.dz\\\/index.php\\\/2026\\\/01\\\/26\\\/le-sonrep-appelle-lue-au-strict-respect-du-droit-du-peuple-sahraoui-a-lautodetermination\\\/#primaryimage\"},\"thumbnailUrl\":\"https:\\\/\\\/lasentinelle.dz\\\/wp-content\\\/uploads\\\/2024\\\/09\\\/sahara-occidental.jpg\",\"datePublished\":\"2026-01-26T11:44:51+00:00\",\"breadcrumb\":{\"@id\":\"https:\\\/\\\/lasentinelle.dz\\\/index.php\\\/2026\\\/01\\\/26\\\/le-sonrep-appelle-lue-au-strict-respect-du-droit-du-peuple-sahraoui-a-lautodetermination\\\/#breadcrumb\"},\"inLanguage\":\"fr-FR\",\"potentialAction\":[{\"@type\":\"ReadAction\",\"target\":[\"https:\\\/\\\/lasentinelle.dz\\\/index.php\\\/2026\\\/01\\\/26\\\/le-sonrep-appelle-lue-au-strict-respect-du-droit-du-peuple-sahraoui-a-lautodetermination\\\/\"]}]},{\"@type\":\"ImageObject\",\"inLanguage\":\"fr-FR\",\"@id\":\"https:\\\/\\\/lasentinelle.dz\\\/index.php\\\/2026\\\/01\\\/26\\\/le-sonrep-appelle-lue-au-strict-respect-du-droit-du-peuple-sahraoui-a-lautodetermination\\\/#primaryimage\",\"url\":\"https:\\\/\\\/lasentinelle.dz\\\/wp-content\\\/uploads\\\/2024\\\/09\\\/sahara-occidental.jpg\",\"contentUrl\":\"https:\\\/\\\/lasentinelle.dz\\\/wp-content\\\/uploads\\\/2024\\\/09\\\/sahara-occidental.jpg\",\"width\":580,\"height\":350},{\"@type\":\"BreadcrumbList\",\"@id\":\"https:\\\/\\\/lasentinelle.dz\\\/index.php\\\/2026\\\/01\\\/26\\\/le-sonrep-appelle-lue-au-strict-respect-du-droit-du-peuple-sahraoui-a-lautodetermination\\\/#breadcrumb\",\"itemListElement\":[{\"@type\":\"ListItem\",\"position\":1,\"name\":\"Accueil\",\"item\":\"https:\\\/\\\/lasentinelle.dz\\\/\"},{\"@type\":\"ListItem\",\"position\":2,\"name\":\"Le SONREP appelle l&rsquo;UE au \u00ab\u00a0strict respect\u00a0\u00bb du droit du peuple sahraoui \u00e0 l&rsquo;autod\u00e9termination\"}]},{\"@type\":\"WebSite\",\"@id\":\"https:\\\/\\\/lasentinelle.dz\\\/#website\",\"url\":\"https:\\\/\\\/lasentinelle.dz\\\/\",\"name\":\"La Sentinelle\",\"description\":\"Quotidien national d&#039;information\",\"publisher\":{\"@id\":\"https:\\\/\\\/lasentinelle.dz\\\/#organization\"},\"potentialAction\":[{\"@type\":\"SearchAction\",\"target\":{\"@type\":\"EntryPoint\",\"urlTemplate\":\"https:\\\/\\\/lasentinelle.dz\\\/?s={search_term_string}\"},\"query-input\":{\"@type\":\"PropertyValueSpecification\",\"valueRequired\":true,\"valueName\":\"search_term_string\"}}],\"inLanguage\":\"fr-FR\"},{\"@type\":\"Organization\",\"@id\":\"https:\\\/\\\/lasentinelle.dz\\\/#organization\",\"name\":\"Quotidien La Sentinelle\",\"url\":\"https:\\\/\\\/lasentinelle.dz\\\/\",\"logo\":{\"@type\":\"ImageObject\",\"inLanguage\":\"fr-FR\",\"@id\":\"https:\\\/\\\/lasentinelle.dz\\\/#\\\/schema\\\/logo\\\/image\\\/\",\"url\":\"https:\\\/\\\/lasentinelle.dz\\\/wp-content\\\/uploads\\\/2021\\\/09\\\/logo-sentinelleSLOGAN-1.png\",\"contentUrl\":\"https:\\\/\\\/lasentinelle.dz\\\/wp-content\\\/uploads\\\/2021\\\/09\\\/logo-sentinelleSLOGAN-1.png\",\"width\":615,\"height\":142,\"caption\":\"Quotidien La Sentinelle\"},\"image\":{\"@id\":\"https:\\\/\\\/lasentinelle.dz\\\/#\\\/schema\\\/logo\\\/image\\\/\"},\"sameAs\":[\"https:\\\/\\\/www.facebook.com\\\/La-Sentinelle-104059864394773\"]},{\"@type\":\"Person\",\"@id\":\"https:\\\/\\\/lasentinelle.dz\\\/#\\\/schema\\\/person\\\/729ee0024f24e0b8c5ec17232f8e8b41\",\"name\":\"admin\",\"image\":{\"@type\":\"ImageObject\",\"inLanguage\":\"fr-FR\",\"@id\":\"https:\\\/\\\/secure.gravatar.com\\\/avatar\\\/4c81fed838786e9b53f540bf46533e750f5d292099ae3b66cfc6fb1982e29df7?s=96&d=mm&r=g\",\"url\":\"https:\\\/\\\/secure.gravatar.com\\\/avatar\\\/4c81fed838786e9b53f540bf46533e750f5d292099ae3b66cfc6fb1982e29df7?s=96&d=mm&r=g\",\"contentUrl\":\"https:\\\/\\\/secure.gravatar.com\\\/avatar\\\/4c81fed838786e9b53f540bf46533e750f5d292099ae3b66cfc6fb1982e29df7?s=96&d=mm&r=g\",\"caption\":\"admin\"},\"description\":\"admin\",\"url\":\"https:\\\/\\\/lasentinelle.dz\\\/author\\\/admin\\\/\"}]}<\/script>\n<!-- \/ Yoast SEO plugin. -->","yoast_head_json":{"title":"Le SONREP appelle l&rsquo;UE au \u00ab\u00a0strict respect\u00a0\u00bb du droit du peuple sahraoui \u00e0 l&rsquo;autod\u00e9termination - La Sentinelle","robots":{"index":"index","follow":"follow","max-snippet":"max-snippet:-1","max-image-preview":"max-image-preview:large","max-video-preview":"max-video-preview:-1"},"canonical":"https:\/\/lasentinelle.dz\/index.php\/2026\/01\/26\/le-sonrep-appelle-lue-au-strict-respect-du-droit-du-peuple-sahraoui-a-lautodetermination\/","og_locale":"fr_FR","og_type":"article","og_title":"Le SONREP appelle l&rsquo;UE au \u00ab\u00a0strict respect\u00a0\u00bb du droit du peuple sahraoui \u00e0 l&rsquo;autod\u00e9termination - La Sentinelle","og_description":"L&rsquo;Observatoire sahraoui de surveillance des ressources naturelles et de la protection de l&rsquo;environnement (SONREP) a appel\u00e9 l&rsquo;Union europ\u00e9enne (UE) au","og_url":"https:\/\/lasentinelle.dz\/index.php\/2026\/01\/26\/le-sonrep-appelle-lue-au-strict-respect-du-droit-du-peuple-sahraoui-a-lautodetermination\/","og_site_name":"La Sentinelle","article_publisher":"https:\/\/www.facebook.com\/La-Sentinelle-104059864394773","article_published_time":"2026-01-26T11:44:51+00:00","og_image":[{"width":580,"height":350,"url":"https:\/\/lasentinelle.dz\/wp-content\/uploads\/2024\/09\/sahara-occidental.jpg","type":"image\/jpeg"}],"author":"admin","twitter_card":"summary_large_image","twitter_misc":{"\u00c9crit par":"admin","Dur\u00e9e de lecture estim\u00e9e":"2 minutes"},"schema":{"@context":"https:\/\/schema.org","@graph":[{"@type":"Article","@id":"https:\/\/lasentinelle.dz\/index.php\/2026\/01\/26\/le-sonrep-appelle-lue-au-strict-respect-du-droit-du-peuple-sahraoui-a-lautodetermination\/#article","isPartOf":{"@id":"https:\/\/lasentinelle.dz\/index.php\/2026\/01\/26\/le-sonrep-appelle-lue-au-strict-respect-du-droit-du-peuple-sahraoui-a-lautodetermination\/"},"author":{"name":"admin","@id":"https:\/\/lasentinelle.dz\/#\/schema\/person\/729ee0024f24e0b8c5ec17232f8e8b41"},"headline":"Le SONREP appelle l&rsquo;UE au \u00ab\u00a0strict respect\u00a0\u00bb du droit du peuple sahraoui \u00e0 l&rsquo;autod\u00e9termination","datePublished":"2026-01-26T11:44:51+00:00","mainEntityOfPage":{"@id":"https:\/\/lasentinelle.dz\/index.php\/2026\/01\/26\/le-sonrep-appelle-lue-au-strict-respect-du-droit-du-peuple-sahraoui-a-lautodetermination\/"},"wordCount":339,"commentCount":0,"publisher":{"@id":"https:\/\/lasentinelle.dz\/#organization"},"image":{"@id":"https:\/\/lasentinelle.dz\/index.php\/2026\/01\/26\/le-sonrep-appelle-lue-au-strict-respect-du-droit-du-peuple-sahraoui-a-lautodetermination\/#primaryimage"},"thumbnailUrl":"https:\/\/lasentinelle.dz\/wp-content\/uploads\/2024\/09\/sahara-occidental.jpg","articleSection":["Monde"],"inLanguage":"fr-FR","potentialAction":[{"@type":"CommentAction","name":"Comment","target":["https:\/\/lasentinelle.dz\/index.php\/2026\/01\/26\/le-sonrep-appelle-lue-au-strict-respect-du-droit-du-peuple-sahraoui-a-lautodetermination\/#respond"]}]},{"@type":"WebPage","@id":"https:\/\/lasentinelle.dz\/index.php\/2026\/01\/26\/le-sonrep-appelle-lue-au-strict-respect-du-droit-du-peuple-sahraoui-a-lautodetermination\/","url":"https:\/\/lasentinelle.dz\/index.php\/2026\/01\/26\/le-sonrep-appelle-lue-au-strict-respect-du-droit-du-peuple-sahraoui-a-lautodetermination\/","name":"Le SONREP appelle l&rsquo;UE au \u00ab\u00a0strict respect\u00a0\u00bb du droit du peuple sahraoui \u00e0 l&rsquo;autod\u00e9termination - La Sentinelle","isPartOf":{"@id":"https:\/\/lasentinelle.dz\/#website"},"primaryImageOfPage":{"@id":"https:\/\/lasentinelle.dz\/index.php\/2026\/01\/26\/le-sonrep-appelle-lue-au-strict-respect-du-droit-du-peuple-sahraoui-a-lautodetermination\/#primaryimage"},"image":{"@id":"https:\/\/lasentinelle.dz\/index.php\/2026\/01\/26\/le-sonrep-appelle-lue-au-strict-respect-du-droit-du-peuple-sahraoui-a-lautodetermination\/#primaryimage"},"thumbnailUrl":"https:\/\/lasentinelle.dz\/wp-content\/uploads\/2024\/09\/sahara-occidental.jpg","datePublished":"2026-01-26T11:44:51+00:00","breadcrumb":{"@id":"https:\/\/lasentinelle.dz\/index.php\/2026\/01\/26\/le-sonrep-appelle-lue-au-strict-respect-du-droit-du-peuple-sahraoui-a-lautodetermination\/#breadcrumb"},"inLanguage":"fr-FR","potentialAction":[{"@type":"ReadAction","target":["https:\/\/lasentinelle.dz\/index.php\/2026\/01\/26\/le-sonrep-appelle-lue-au-strict-respect-du-droit-du-peuple-sahraoui-a-lautodetermination\/"]}]},{"@type":"ImageObject","inLanguage":"fr-FR","@id":"https:\/\/lasentinelle.dz\/index.php\/2026\/01\/26\/le-sonrep-appelle-lue-au-strict-respect-du-droit-du-peuple-sahraoui-a-lautodetermination\/#primaryimage","url":"https:\/\/lasentinelle.dz\/wp-content\/uploads\/2024\/09\/sahara-occidental.jpg","contentUrl":"https:\/\/lasentinelle.dz\/wp-content\/uploads\/2024\/09\/sahara-occidental.jpg","width":580,"height":350},{"@type":"BreadcrumbList","@id":"https:\/\/lasentinelle.dz\/index.php\/2026\/01\/26\/le-sonrep-appelle-lue-au-strict-respect-du-droit-du-peuple-sahraoui-a-lautodetermination\/#breadcrumb","itemListElement":[{"@type":"ListItem","position":1,"name":"Accueil","item":"https:\/\/lasentinelle.dz\/"},{"@type":"ListItem","position":2,"name":"Le SONREP appelle l&rsquo;UE au \u00ab\u00a0strict respect\u00a0\u00bb du droit du peuple sahraoui \u00e0 l&rsquo;autod\u00e9termination"}]},{"@type":"WebSite","@id":"https:\/\/lasentinelle.dz\/#website","url":"https:\/\/lasentinelle.dz\/","name":"La Sentinelle","description":"Quotidien national d&#039;information","publisher":{"@id":"https:\/\/lasentinelle.dz\/#organization"},"potentialAction":[{"@type":"SearchAction","target":{"@type":"EntryPoint","urlTemplate":"https:\/\/lasentinelle.dz\/?s={search_term_string}"},"query-input":{"@type":"PropertyValueSpecification","valueRequired":true,"valueName":"search_term_string"}}],"inLanguage":"fr-FR"},{"@type":"Organization","@id":"https:\/\/lasentinelle.dz\/#organization","name":"Quotidien La Sentinelle","url":"https:\/\/lasentinelle.dz\/","logo":{"@type":"ImageObject","inLanguage":"fr-FR","@id":"https:\/\/lasentinelle.dz\/#\/schema\/logo\/image\/","url":"https:\/\/lasentinelle.dz\/wp-content\/uploads\/2021\/09\/logo-sentinelleSLOGAN-1.png","contentUrl":"https:\/\/lasentinelle.dz\/wp-content\/uploads\/2021\/09\/logo-sentinelleSLOGAN-1.png","width":615,"height":142,"caption":"Quotidien La Sentinelle"},"image":{"@id":"https:\/\/lasentinelle.dz\/#\/schema\/logo\/image\/"},"sameAs":["https:\/\/www.facebook.com\/La-Sentinelle-104059864394773"]},{"@type":"Person","@id":"https:\/\/lasentinelle.dz\/#\/schema\/person\/729ee0024f24e0b8c5ec17232f8e8b41","name":"admin","image":{"@type":"ImageObject","inLanguage":"fr-FR","@id":"https:\/\/secure.gravatar.com\/avatar\/4c81fed838786e9b53f540bf46533e750f5d292099ae3b66cfc6fb1982e29df7?s=96&d=mm&r=g","url":"https:\/\/secure.gravatar.com\/avatar\/4c81fed838786e9b53f540bf46533e750f5d292099ae3b66cfc6fb1982e29df7?s=96&d=mm&r=g","contentUrl":"https:\/\/secure.gravatar.com\/avatar\/4c81fed838786e9b53f540bf46533e750f5d292099ae3b66cfc6fb1982e29df7?s=96&d=mm&r=g","caption":"admin"},"description":"admin","url":"https:\/\/lasentinelle.dz\/author\/admin\/"}]}},"_links":{"self":[{"href":"https:\/\/lasentinelle.dz\/index.php\/wp-json\/wp\/v2\/posts\/80042","targetHints":{"allow":["GET"]}}],"collection":[{"href":"https:\/\/lasentinelle.dz\/index.php\/wp-json\/wp\/v2\/posts"}],"about":[{"href":"https:\/\/lasentinelle.dz\/index.php\/wp-json\/wp\/v2\/types\/post"}],"author":[{"embeddable":true,"href":"https:\/\/lasentinelle.dz\/index.php\/wp-json\/wp\/v2\/users\/6"}],"replies":[{"embeddable":true,"href":"https:\/\/lasentinelle.dz\/index.php\/wp-json\/wp\/v2\/comments?post=80042"}],"version-history":[{"count":2,"href":"https:\/\/lasentinelle.dz\/index.php\/wp-json\/wp\/v2\/posts\/80042\/revisions"}],"predecessor-version":[{"id":80044,"href":"https:\/\/lasentinelle.dz\/index.php\/wp-json\/wp\/v2\/posts\/80042\/revisions\/80044"}],"wp:featuredmedia":[{"embeddable":true,"href":"https:\/\/lasentinelle.dz\/index.php\/wp-json\/wp\/v2\/media\/57408"}],"wp:attachment":[{"href":"https:\/\/lasentinelle.dz\/index.php\/wp-json\/wp\/v2\/media?parent=80042"}],"wp:term":[{"taxonomy":"category","embeddable":true,"href":"https:\/\/lasentinelle.dz\/index.php\/wp-json\/wp\/v2\/categories?post=80042"},{"taxonomy":"post_tag","embeddable":true,"href":"https:\/\/lasentinelle.dz\/index.php\/wp-json\/wp\/v2\/tags?post=80042"}],"curies":[{"name":"wp","href":"https:\/\/api.w.org\/{rel}","templated":true}]}}