{"id":8005,"date":"2021-09-16T00:01:00","date_gmt":"2021-09-15T23:01:00","guid":{"rendered":"https:\/\/lasentinelle.dz\/?p=8005"},"modified":"2021-09-16T02:44:11","modified_gmt":"2021-09-16T01:44:11","slug":"proces-de-hamid-melzi-des-peines-de-3-a-12-ans-de-prison-requises","status":"publish","type":"post","link":"https:\/\/lasentinelle.dz\/index.php\/2021\/09\/16\/proces-de-hamid-melzi-des-peines-de-3-a-12-ans-de-prison-requises\/","title":{"rendered":"Proc\u00e8s de Hamid Melzi : Des peines de 3 \u00e0 12 ans de prison requises"},"content":{"rendered":"\n<p>Une peine de 7 ans de prison ferme et une amende de 4 millions de dinars a \u00e9t\u00e9 requise hier contre l\u2019ancien directeur g\u00e9n\u00e9ral de la r\u00e9sidence d\u2019Etat Sahel, Hamid Melzi. Le procureur de la R\u00e9publique pr\u00e8s le tribunal de Sidi M\u2019Hamed a \u00e9galement requis, dans la m\u00eame affaire, de peines de douze ans de prison ferme et une amende d&rsquo;un million de DA \u00e0 l&rsquo;encontre de l&rsquo;ancien Premier ministre Ahmed Ouyahia et huit ans de prison ferme et une amende d&rsquo;un million de DA \u00e0 l&rsquo;encontre de l&rsquo;ancien premier ministre Abdelmalek Sellal.&nbsp; Le r\u00e9quisitoire a \u00e9galement concern\u00e9 les enfants de Hamid Melzi, Mouloud, Ahmed et Salim \u00e0 l\u2019encontre desquels, le procureur a demand\u00e9 une peine de quatre ann\u00e9es de prison ferme assortie d\u2019une amende d\u2019une amende de 5 millions de dinars. Le procureur a, par ailleurs, r\u00e9clam\u00e9 une peine de trois ans de prison et une amende de 500.000 dinars \u00e0 l\u2019encontre de Walid, le quatri\u00e8me fils de Melzi.<\/p>\n\n\n\n<p>Le procureur a \u00e9galement requis des peines de prison \u00e0 l\u2019encontre des autres responsables impliqu\u00e9es&nbsp; et auditionn\u00e9s hier par le juge pr\u00e8s le tribunal de Sidi M\u2019Hamed \u00e0 l\u2019instar du l&rsquo;ex-Directeur g\u00e9n\u00e9ral de la compagnie a\u00e9rienne nationale Air Alg\u00e9rie, Bekhouche Allache, pour lequel il a demand\u00e9&nbsp; six ans de prison ferme et une amende de 2 millions de dinars. Une peine sept ans de prison ferme et une amende d&rsquo;un million de dinars a \u00e9t\u00e9 requise contre l&rsquo;ex-DG d&rsquo;Alg\u00e9rie T\u00e9l\u00e9com, Choudar Ahmed ainsi que quatre ans de prison ferme et une amende de 500.000 \u00e0 l\u2019encontre de l&rsquo;ex-directeur de l&rsquo;accueil et des r\u00e9sidences officielles, Fouad Cherit.<\/p>\n\n\n\n<p>Il est utile de rappeler qu\u2019au cours de la deuxi\u00e8me journ\u00e9e de ce proc\u00e8s, le juge a auditionn\u00e9 l\u2019accus\u00e9 Hamid Melzi dans l&rsquo;affaire de blanchiment d&rsquo;argent r\u00e9v\u00e9l\u00e9e par l&rsquo;enqu\u00eate. Ce dernier a donc \u00e9t\u00e9 interrog\u00e9 au sujet du rapport de ses enfants avec son activit\u00e9 et son poste d&rsquo;ancien directeur de la r\u00e9sidence d&rsquo;Etat depuis 1997. En r\u00e9ponse aux questions du juge, Melzi affirmait ne pas d\u00e9tenir de maison et assurait poss\u00e9der une seule voiture. Hamid Melzi a, notons-le, \u00e9tait mis en d\u00e9tention provisoire en 2019 et poursuivi pour plusieurs chefs d&rsquo;accusation dont notamment blanchiment d&rsquo;argent, transfert de biens provenant d\u2019activit\u00e9s criminelles, abus de fonction \u00e0 l&rsquo;effet d&rsquo;accorder d&rsquo;indu-privil\u00e8ges, incitation d&rsquo;agents publics \u00e0 exploiter leur influence en vue de violer les lois et r\u00e9glementations en vigueur, en plus de la conclusion de contrats en violation des dispositions l\u00e9gislatives et r\u00e9glementaires en vigueur.<\/p>\n\n\n\n<p>Rappelons \u00e9galement que pour sa part, l\u2019ancien Premier ministre Ahmed Ouyahia a&nbsp; ni\u00e9 tous les faits qui lui sont reproch\u00e9s et toutes les accusations port\u00e9es \u00e0 son encontre \u00e0 l\u2019instar de la dilapidation de deniers publics. Ouyahia a cat\u00e9goriquement rejet\u00e9 l\u2019accusation d\u2019avoir octroy\u00e9 d\u2019indus avantages ni avoir sign\u00e9 ou accord\u00e9 un quelconque march\u00e9 et a point\u00e9 du doigt l\u2019ancienne ministre des PTIC, entendue dans ce proc\u00e8s en tant que t\u00e9moin. M\u00eame parade pour Abdelmalek Sellal qui a affirm\u00e9 devant le juge qu\u2019il n\u2019\u00e9tait absolument pas concern\u00e9 par le dossier et qu\u2019il est pass\u00e9 de jour au lendemain de t\u00e9moin \u00e0 accus\u00e9 dans l\u2019affaire tout en assurant qu\u2019il s\u2019\u00e9tait au contraire efforc\u00e9 de pr\u00e9server l\u2019argent public.<\/p>\n\n\n\n<p><strong>Akli Amor<\/strong><\/p>\n","protected":false},"excerpt":{"rendered":"<p>Une peine de 7 ans de prison ferme et une amende de 4 millions de dinars a \u00e9t\u00e9 requise hier<\/p>\n","protected":false},"author":3,"featured_media":8014,"comment_status":"open","ping_status":"closed","sticky":false,"template":"","format":"standard","meta":{"colormag_page_container_layout":"default_layout","colormag_page_sidebar_layout":"default_layout","om_disable_all_campaigns":false,"_monsterinsights_skip_tracking":false,"_monsterinsights_sitenote_active":false,"_monsterinsights_sitenote_note":"","_monsterinsights_sitenote_category":0,"footnotes":"","_wpscppro_dont_share_socialmedia":false,"_wpscppro_custom_social_share_image":0,"_facebook_share_type":"","_twitter_share_type":"","_linkedin_share_type":"","_pinterest_share_type":"","_linkedin_share_type_page":"","_instagram_share_type":"","_medium_share_type":"","_threads_share_type":"","_google_business_share_type":"","_selected_social_profile":[],"_wpsp_enable_custom_social_template":false,"_wpsp_social_scheduling":{"enabled":false,"datetime":null,"platforms":[],"status":"template_only","dateOption":"today","timeOption":"now","customDays":"","customHours":"","customDate":"","customTime":"","schedulingType":"absolute"},"_wpsp_active_default_template":true},"categories":[52,27],"tags":[],"class_list":["post-8005","post","type-post","status-publish","format-standard","has-post-thumbnail","hentry","category-a-la-une","category-actualite"],"aioseo_notices":[],"yoast_head":"<!-- This site is optimized with the Yoast SEO plugin v27.5 - https:\/\/yoast.com\/product\/yoast-seo-wordpress\/ -->\n<title>Proc\u00e8s de Hamid Melzi : Des peines de 3 \u00e0 12 ans de prison requises - La Sentinelle<\/title>\n<meta name=\"robots\" content=\"index, follow, max-snippet:-1, max-image-preview:large, max-video-preview:-1\" \/>\n<link rel=\"canonical\" href=\"https:\/\/lasentinelle.dz\/index.php\/2021\/09\/16\/proces-de-hamid-melzi-des-peines-de-3-a-12-ans-de-prison-requises\/\" \/>\n<meta property=\"og:locale\" content=\"fr_FR\" \/>\n<meta property=\"og:type\" content=\"article\" \/>\n<meta property=\"og:title\" content=\"Proc\u00e8s de Hamid Melzi : Des peines de 3 \u00e0 12 ans de prison requises - La Sentinelle\" \/>\n<meta property=\"og:description\" content=\"Une peine de 7 ans de prison ferme et une amende de 4 millions de dinars a \u00e9t\u00e9 requise hier\" \/>\n<meta property=\"og:url\" content=\"https:\/\/lasentinelle.dz\/index.php\/2021\/09\/16\/proces-de-hamid-melzi-des-peines-de-3-a-12-ans-de-prison-requises\/\" \/>\n<meta property=\"og:site_name\" content=\"La Sentinelle\" \/>\n<meta property=\"article:publisher\" content=\"https:\/\/www.facebook.com\/La-Sentinelle-104059864394773\" \/>\n<meta property=\"article:published_time\" content=\"2021-09-15T23:01:00+00:00\" \/>\n<meta property=\"article:modified_time\" content=\"2021-09-16T01:44:11+00:00\" \/>\n<meta property=\"og:image\" content=\"https:\/\/lasentinelle.dz\/wp-content\/uploads\/2021\/09\/image_2021-09-15_181001.png\" \/>\n\t<meta property=\"og:image:width\" content=\"580\" \/>\n\t<meta property=\"og:image:height\" content=\"350\" \/>\n\t<meta property=\"og:image:type\" content=\"image\/png\" \/>\n<meta name=\"author\" content=\"La Sentinelle\" \/>\n<meta name=\"twitter:card\" content=\"summary_large_image\" \/>\n<meta name=\"twitter:label1\" content=\"\u00c9crit par\" \/>\n\t<meta name=\"twitter:data1\" content=\"La Sentinelle\" \/>\n\t<meta name=\"twitter:label2\" content=\"Dur\u00e9e de lecture estim\u00e9e\" \/>\n\t<meta name=\"twitter:data2\" content=\"3 minutes\" \/>\n<script type=\"application\/ld+json\" class=\"yoast-schema-graph\">{\"@context\":\"https:\\\/\\\/schema.org\",\"@graph\":[{\"@type\":\"Article\",\"@id\":\"https:\\\/\\\/lasentinelle.dz\\\/index.php\\\/2021\\\/09\\\/16\\\/proces-de-hamid-melzi-des-peines-de-3-a-12-ans-de-prison-requises\\\/#article\",\"isPartOf\":{\"@id\":\"https:\\\/\\\/lasentinelle.dz\\\/index.php\\\/2021\\\/09\\\/16\\\/proces-de-hamid-melzi-des-peines-de-3-a-12-ans-de-prison-requises\\\/\"},\"author\":{\"name\":\"La Sentinelle\",\"@id\":\"https:\\\/\\\/lasentinelle.dz\\\/#\\\/schema\\\/person\\\/d865044e22e70a75174ce8bcad3acfb3\"},\"headline\":\"Proc\u00e8s de Hamid Melzi : Des peines de 3 \u00e0 12 ans de prison requises\",\"datePublished\":\"2021-09-15T23:01:00+00:00\",\"dateModified\":\"2021-09-16T01:44:11+00:00\",\"mainEntityOfPage\":{\"@id\":\"https:\\\/\\\/lasentinelle.dz\\\/index.php\\\/2021\\\/09\\\/16\\\/proces-de-hamid-melzi-des-peines-de-3-a-12-ans-de-prison-requises\\\/\"},\"wordCount\":617,\"commentCount\":0,\"publisher\":{\"@id\":\"https:\\\/\\\/lasentinelle.dz\\\/#organization\"},\"image\":{\"@id\":\"https:\\\/\\\/lasentinelle.dz\\\/index.php\\\/2021\\\/09\\\/16\\\/proces-de-hamid-melzi-des-peines-de-3-a-12-ans-de-prison-requises\\\/#primaryimage\"},\"thumbnailUrl\":\"https:\\\/\\\/lasentinelle.dz\\\/wp-content\\\/uploads\\\/2021\\\/09\\\/image_2021-09-15_181001.png\",\"articleSection\":[\"\u00c0 la Une\",\"Actualit\u00e9\"],\"inLanguage\":\"fr-FR\",\"potentialAction\":[{\"@type\":\"CommentAction\",\"name\":\"Comment\",\"target\":[\"https:\\\/\\\/lasentinelle.dz\\\/index.php\\\/2021\\\/09\\\/16\\\/proces-de-hamid-melzi-des-peines-de-3-a-12-ans-de-prison-requises\\\/#respond\"]}]},{\"@type\":\"WebPage\",\"@id\":\"https:\\\/\\\/lasentinelle.dz\\\/index.php\\\/2021\\\/09\\\/16\\\/proces-de-hamid-melzi-des-peines-de-3-a-12-ans-de-prison-requises\\\/\",\"url\":\"https:\\\/\\\/lasentinelle.dz\\\/index.php\\\/2021\\\/09\\\/16\\\/proces-de-hamid-melzi-des-peines-de-3-a-12-ans-de-prison-requises\\\/\",\"name\":\"Proc\u00e8s de Hamid Melzi : Des peines de 3 \u00e0 12 ans de prison requises - La Sentinelle\",\"isPartOf\":{\"@id\":\"https:\\\/\\\/lasentinelle.dz\\\/#website\"},\"primaryImageOfPage\":{\"@id\":\"https:\\\/\\\/lasentinelle.dz\\\/index.php\\\/2021\\\/09\\\/16\\\/proces-de-hamid-melzi-des-peines-de-3-a-12-ans-de-prison-requises\\\/#primaryimage\"},\"image\":{\"@id\":\"https:\\\/\\\/lasentinelle.dz\\\/index.php\\\/2021\\\/09\\\/16\\\/proces-de-hamid-melzi-des-peines-de-3-a-12-ans-de-prison-requises\\\/#primaryimage\"},\"thumbnailUrl\":\"https:\\\/\\\/lasentinelle.dz\\\/wp-content\\\/uploads\\\/2021\\\/09\\\/image_2021-09-15_181001.png\",\"datePublished\":\"2021-09-15T23:01:00+00:00\",\"dateModified\":\"2021-09-16T01:44:11+00:00\",\"breadcrumb\":{\"@id\":\"https:\\\/\\\/lasentinelle.dz\\\/index.php\\\/2021\\\/09\\\/16\\\/proces-de-hamid-melzi-des-peines-de-3-a-12-ans-de-prison-requises\\\/#breadcrumb\"},\"inLanguage\":\"fr-FR\",\"potentialAction\":[{\"@type\":\"ReadAction\",\"target\":[\"https:\\\/\\\/lasentinelle.dz\\\/index.php\\\/2021\\\/09\\\/16\\\/proces-de-hamid-melzi-des-peines-de-3-a-12-ans-de-prison-requises\\\/\"]}]},{\"@type\":\"ImageObject\",\"inLanguage\":\"fr-FR\",\"@id\":\"https:\\\/\\\/lasentinelle.dz\\\/index.php\\\/2021\\\/09\\\/16\\\/proces-de-hamid-melzi-des-peines-de-3-a-12-ans-de-prison-requises\\\/#primaryimage\",\"url\":\"https:\\\/\\\/lasentinelle.dz\\\/wp-content\\\/uploads\\\/2021\\\/09\\\/image_2021-09-15_181001.png\",\"contentUrl\":\"https:\\\/\\\/lasentinelle.dz\\\/wp-content\\\/uploads\\\/2021\\\/09\\\/image_2021-09-15_181001.png\",\"width\":580,\"height\":350},{\"@type\":\"BreadcrumbList\",\"@id\":\"https:\\\/\\\/lasentinelle.dz\\\/index.php\\\/2021\\\/09\\\/16\\\/proces-de-hamid-melzi-des-peines-de-3-a-12-ans-de-prison-requises\\\/#breadcrumb\",\"itemListElement\":[{\"@type\":\"ListItem\",\"position\":1,\"name\":\"Accueil\",\"item\":\"https:\\\/\\\/lasentinelle.dz\\\/\"},{\"@type\":\"ListItem\",\"position\":2,\"name\":\"Proc\u00e8s de Hamid Melzi : Des peines de 3 \u00e0 12 ans de prison requises\"}]},{\"@type\":\"WebSite\",\"@id\":\"https:\\\/\\\/lasentinelle.dz\\\/#website\",\"url\":\"https:\\\/\\\/lasentinelle.dz\\\/\",\"name\":\"La Sentinelle\",\"description\":\"Quotidien national d&#039;information\",\"publisher\":{\"@id\":\"https:\\\/\\\/lasentinelle.dz\\\/#organization\"},\"potentialAction\":[{\"@type\":\"SearchAction\",\"target\":{\"@type\":\"EntryPoint\",\"urlTemplate\":\"https:\\\/\\\/lasentinelle.dz\\\/?s={search_term_string}\"},\"query-input\":{\"@type\":\"PropertyValueSpecification\",\"valueRequired\":true,\"valueName\":\"search_term_string\"}}],\"inLanguage\":\"fr-FR\"},{\"@type\":\"Organization\",\"@id\":\"https:\\\/\\\/lasentinelle.dz\\\/#organization\",\"name\":\"Quotidien La Sentinelle\",\"url\":\"https:\\\/\\\/lasentinelle.dz\\\/\",\"logo\":{\"@type\":\"ImageObject\",\"inLanguage\":\"fr-FR\",\"@id\":\"https:\\\/\\\/lasentinelle.dz\\\/#\\\/schema\\\/logo\\\/image\\\/\",\"url\":\"https:\\\/\\\/lasentinelle.dz\\\/wp-content\\\/uploads\\\/2021\\\/09\\\/logo-sentinelleSLOGAN-1.png\",\"contentUrl\":\"https:\\\/\\\/lasentinelle.dz\\\/wp-content\\\/uploads\\\/2021\\\/09\\\/logo-sentinelleSLOGAN-1.png\",\"width\":615,\"height\":142,\"caption\":\"Quotidien La Sentinelle\"},\"image\":{\"@id\":\"https:\\\/\\\/lasentinelle.dz\\\/#\\\/schema\\\/logo\\\/image\\\/\"},\"sameAs\":[\"https:\\\/\\\/www.facebook.com\\\/La-Sentinelle-104059864394773\"]},{\"@type\":\"Person\",\"@id\":\"https:\\\/\\\/lasentinelle.dz\\\/#\\\/schema\\\/person\\\/d865044e22e70a75174ce8bcad3acfb3\",\"name\":\"La Sentinelle\",\"image\":{\"@type\":\"ImageObject\",\"inLanguage\":\"fr-FR\",\"@id\":\"https:\\\/\\\/secure.gravatar.com\\\/avatar\\\/57de8e5d4b15d43fb361a71fbb36338450fe67865b528a43dd10ef7c51a20392?s=96&d=mm&r=g\",\"url\":\"https:\\\/\\\/secure.gravatar.com\\\/avatar\\\/57de8e5d4b15d43fb361a71fbb36338450fe67865b528a43dd10ef7c51a20392?s=96&d=mm&r=g\",\"contentUrl\":\"https:\\\/\\\/secure.gravatar.com\\\/avatar\\\/57de8e5d4b15d43fb361a71fbb36338450fe67865b528a43dd10ef7c51a20392?s=96&d=mm&r=g\",\"caption\":\"La Sentinelle\"},\"sameAs\":[\"http:\\\/\\\/www.lasentinelle.dz\"],\"url\":\"https:\\\/\\\/lasentinelle.dz\\\/author\\\/redaction\\\/\"}]}<\/script>\n<!-- \/ Yoast SEO plugin. -->","yoast_head_json":{"title":"Proc\u00e8s de Hamid Melzi : Des peines de 3 \u00e0 12 ans de prison requises - La Sentinelle","robots":{"index":"index","follow":"follow","max-snippet":"max-snippet:-1","max-image-preview":"max-image-preview:large","max-video-preview":"max-video-preview:-1"},"canonical":"https:\/\/lasentinelle.dz\/index.php\/2021\/09\/16\/proces-de-hamid-melzi-des-peines-de-3-a-12-ans-de-prison-requises\/","og_locale":"fr_FR","og_type":"article","og_title":"Proc\u00e8s de Hamid Melzi : Des peines de 3 \u00e0 12 ans de prison requises - La Sentinelle","og_description":"Une peine de 7 ans de prison ferme et une amende de 4 millions de dinars a \u00e9t\u00e9 requise hier","og_url":"https:\/\/lasentinelle.dz\/index.php\/2021\/09\/16\/proces-de-hamid-melzi-des-peines-de-3-a-12-ans-de-prison-requises\/","og_site_name":"La Sentinelle","article_publisher":"https:\/\/www.facebook.com\/La-Sentinelle-104059864394773","article_published_time":"2021-09-15T23:01:00+00:00","article_modified_time":"2021-09-16T01:44:11+00:00","og_image":[{"width":580,"height":350,"url":"https:\/\/lasentinelle.dz\/wp-content\/uploads\/2021\/09\/image_2021-09-15_181001.png","type":"image\/png"}],"author":"La Sentinelle","twitter_card":"summary_large_image","twitter_misc":{"\u00c9crit par":"La Sentinelle","Dur\u00e9e de lecture estim\u00e9e":"3 minutes"},"schema":{"@context":"https:\/\/schema.org","@graph":[{"@type":"Article","@id":"https:\/\/lasentinelle.dz\/index.php\/2021\/09\/16\/proces-de-hamid-melzi-des-peines-de-3-a-12-ans-de-prison-requises\/#article","isPartOf":{"@id":"https:\/\/lasentinelle.dz\/index.php\/2021\/09\/16\/proces-de-hamid-melzi-des-peines-de-3-a-12-ans-de-prison-requises\/"},"author":{"name":"La Sentinelle","@id":"https:\/\/lasentinelle.dz\/#\/schema\/person\/d865044e22e70a75174ce8bcad3acfb3"},"headline":"Proc\u00e8s de Hamid Melzi : Des peines de 3 \u00e0 12 ans de prison requises","datePublished":"2021-09-15T23:01:00+00:00","dateModified":"2021-09-16T01:44:11+00:00","mainEntityOfPage":{"@id":"https:\/\/lasentinelle.dz\/index.php\/2021\/09\/16\/proces-de-hamid-melzi-des-peines-de-3-a-12-ans-de-prison-requises\/"},"wordCount":617,"commentCount":0,"publisher":{"@id":"https:\/\/lasentinelle.dz\/#organization"},"image":{"@id":"https:\/\/lasentinelle.dz\/index.php\/2021\/09\/16\/proces-de-hamid-melzi-des-peines-de-3-a-12-ans-de-prison-requises\/#primaryimage"},"thumbnailUrl":"https:\/\/lasentinelle.dz\/wp-content\/uploads\/2021\/09\/image_2021-09-15_181001.png","articleSection":["\u00c0 la Une","Actualit\u00e9"],"inLanguage":"fr-FR","potentialAction":[{"@type":"CommentAction","name":"Comment","target":["https:\/\/lasentinelle.dz\/index.php\/2021\/09\/16\/proces-de-hamid-melzi-des-peines-de-3-a-12-ans-de-prison-requises\/#respond"]}]},{"@type":"WebPage","@id":"https:\/\/lasentinelle.dz\/index.php\/2021\/09\/16\/proces-de-hamid-melzi-des-peines-de-3-a-12-ans-de-prison-requises\/","url":"https:\/\/lasentinelle.dz\/index.php\/2021\/09\/16\/proces-de-hamid-melzi-des-peines-de-3-a-12-ans-de-prison-requises\/","name":"Proc\u00e8s de Hamid Melzi : Des peines de 3 \u00e0 12 ans de prison requises - La Sentinelle","isPartOf":{"@id":"https:\/\/lasentinelle.dz\/#website"},"primaryImageOfPage":{"@id":"https:\/\/lasentinelle.dz\/index.php\/2021\/09\/16\/proces-de-hamid-melzi-des-peines-de-3-a-12-ans-de-prison-requises\/#primaryimage"},"image":{"@id":"https:\/\/lasentinelle.dz\/index.php\/2021\/09\/16\/proces-de-hamid-melzi-des-peines-de-3-a-12-ans-de-prison-requises\/#primaryimage"},"thumbnailUrl":"https:\/\/lasentinelle.dz\/wp-content\/uploads\/2021\/09\/image_2021-09-15_181001.png","datePublished":"2021-09-15T23:01:00+00:00","dateModified":"2021-09-16T01:44:11+00:00","breadcrumb":{"@id":"https:\/\/lasentinelle.dz\/index.php\/2021\/09\/16\/proces-de-hamid-melzi-des-peines-de-3-a-12-ans-de-prison-requises\/#breadcrumb"},"inLanguage":"fr-FR","potentialAction":[{"@type":"ReadAction","target":["https:\/\/lasentinelle.dz\/index.php\/2021\/09\/16\/proces-de-hamid-melzi-des-peines-de-3-a-12-ans-de-prison-requises\/"]}]},{"@type":"ImageObject","inLanguage":"fr-FR","@id":"https:\/\/lasentinelle.dz\/index.php\/2021\/09\/16\/proces-de-hamid-melzi-des-peines-de-3-a-12-ans-de-prison-requises\/#primaryimage","url":"https:\/\/lasentinelle.dz\/wp-content\/uploads\/2021\/09\/image_2021-09-15_181001.png","contentUrl":"https:\/\/lasentinelle.dz\/wp-content\/uploads\/2021\/09\/image_2021-09-15_181001.png","width":580,"height":350},{"@type":"BreadcrumbList","@id":"https:\/\/lasentinelle.dz\/index.php\/2021\/09\/16\/proces-de-hamid-melzi-des-peines-de-3-a-12-ans-de-prison-requises\/#breadcrumb","itemListElement":[{"@type":"ListItem","position":1,"name":"Accueil","item":"https:\/\/lasentinelle.dz\/"},{"@type":"ListItem","position":2,"name":"Proc\u00e8s de Hamid Melzi : Des peines de 3 \u00e0 12 ans de prison requises"}]},{"@type":"WebSite","@id":"https:\/\/lasentinelle.dz\/#website","url":"https:\/\/lasentinelle.dz\/","name":"La Sentinelle","description":"Quotidien national d&#039;information","publisher":{"@id":"https:\/\/lasentinelle.dz\/#organization"},"potentialAction":[{"@type":"SearchAction","target":{"@type":"EntryPoint","urlTemplate":"https:\/\/lasentinelle.dz\/?s={search_term_string}"},"query-input":{"@type":"PropertyValueSpecification","valueRequired":true,"valueName":"search_term_string"}}],"inLanguage":"fr-FR"},{"@type":"Organization","@id":"https:\/\/lasentinelle.dz\/#organization","name":"Quotidien La Sentinelle","url":"https:\/\/lasentinelle.dz\/","logo":{"@type":"ImageObject","inLanguage":"fr-FR","@id":"https:\/\/lasentinelle.dz\/#\/schema\/logo\/image\/","url":"https:\/\/lasentinelle.dz\/wp-content\/uploads\/2021\/09\/logo-sentinelleSLOGAN-1.png","contentUrl":"https:\/\/lasentinelle.dz\/wp-content\/uploads\/2021\/09\/logo-sentinelleSLOGAN-1.png","width":615,"height":142,"caption":"Quotidien La Sentinelle"},"image":{"@id":"https:\/\/lasentinelle.dz\/#\/schema\/logo\/image\/"},"sameAs":["https:\/\/www.facebook.com\/La-Sentinelle-104059864394773"]},{"@type":"Person","@id":"https:\/\/lasentinelle.dz\/#\/schema\/person\/d865044e22e70a75174ce8bcad3acfb3","name":"La Sentinelle","image":{"@type":"ImageObject","inLanguage":"fr-FR","@id":"https:\/\/secure.gravatar.com\/avatar\/57de8e5d4b15d43fb361a71fbb36338450fe67865b528a43dd10ef7c51a20392?s=96&d=mm&r=g","url":"https:\/\/secure.gravatar.com\/avatar\/57de8e5d4b15d43fb361a71fbb36338450fe67865b528a43dd10ef7c51a20392?s=96&d=mm&r=g","contentUrl":"https:\/\/secure.gravatar.com\/avatar\/57de8e5d4b15d43fb361a71fbb36338450fe67865b528a43dd10ef7c51a20392?s=96&d=mm&r=g","caption":"La Sentinelle"},"sameAs":["http:\/\/www.lasentinelle.dz"],"url":"https:\/\/lasentinelle.dz\/author\/redaction\/"}]}},"_links":{"self":[{"href":"https:\/\/lasentinelle.dz\/index.php\/wp-json\/wp\/v2\/posts\/8005","targetHints":{"allow":["GET"]}}],"collection":[{"href":"https:\/\/lasentinelle.dz\/index.php\/wp-json\/wp\/v2\/posts"}],"about":[{"href":"https:\/\/lasentinelle.dz\/index.php\/wp-json\/wp\/v2\/types\/post"}],"author":[{"embeddable":true,"href":"https:\/\/lasentinelle.dz\/index.php\/wp-json\/wp\/v2\/users\/3"}],"replies":[{"embeddable":true,"href":"https:\/\/lasentinelle.dz\/index.php\/wp-json\/wp\/v2\/comments?post=8005"}],"version-history":[{"count":1,"href":"https:\/\/lasentinelle.dz\/index.php\/wp-json\/wp\/v2\/posts\/8005\/revisions"}],"predecessor-version":[{"id":8015,"href":"https:\/\/lasentinelle.dz\/index.php\/wp-json\/wp\/v2\/posts\/8005\/revisions\/8015"}],"wp:featuredmedia":[{"embeddable":true,"href":"https:\/\/lasentinelle.dz\/index.php\/wp-json\/wp\/v2\/media\/8014"}],"wp:attachment":[{"href":"https:\/\/lasentinelle.dz\/index.php\/wp-json\/wp\/v2\/media?parent=8005"}],"wp:term":[{"taxonomy":"category","embeddable":true,"href":"https:\/\/lasentinelle.dz\/index.php\/wp-json\/wp\/v2\/categories?post=8005"},{"taxonomy":"post_tag","embeddable":true,"href":"https:\/\/lasentinelle.dz\/index.php\/wp-json\/wp\/v2\/tags?post=8005"}],"curies":[{"name":"wp","href":"https:\/\/api.w.org\/{rel}","templated":true}]}}