{"id":80052,"date":"2026-01-26T12:47:29","date_gmt":"2026-01-26T11:47:29","guid":{"rendered":"https:\/\/lasentinelle.dz\/?p=80052"},"modified":"2026-01-26T12:47:30","modified_gmt":"2026-01-26T11:47:30","slug":"journees-du-cinema-algero-italien-la-bataille-dalger-en-ouverture","status":"publish","type":"post","link":"https:\/\/lasentinelle.dz\/index.php\/2026\/01\/26\/journees-du-cinema-algero-italien-la-bataille-dalger-en-ouverture\/","title":{"rendered":"Journ\u00e9es du cin\u00e9ma alg\u00e9ro-italien\u00a0: \u00ab\u00a0La Bataille d\u2019Alger\u00a0\u00bb en ouverture"},"content":{"rendered":"\n<p>Alger a renou\u00e9, samedi soir, avec l\u2019une des pages les plus fortes de sa m\u00e9moire cin\u00e9matographique et historique \u00e0 l\u2019occasion de l\u2019ouverture des Journ\u00e9es du cin\u00e9ma alg\u00e9ro-italien, un rendez-vous culturel plac\u00e9 sous le signe du dialogue entre les deux rives de la M\u00e9diterran\u00e9e.<\/p>\n\n\n\n<p>La manifestation s\u2019est ouverte \u00e0 la cin\u00e9math\u00e8que d\u2019Alger par la projection de&nbsp;<em>La bataille d\u2019Alger<\/em>&nbsp;(1966), chef-d\u2019\u0153uvre du r\u00e9alisateur italien Gillo Pontecorvo, film embl\u00e9matique devenu au fil des d\u00e9cennies un symbole universel de la lutte des peuples pour la libert\u00e9 et chef d\u2019\u0153uvre cin\u00e9matographique qui a inspir\u00e9 les plus grands cin\u00e9astes \u00e0 l\u2019image de Christopher Nolan ou encore Stanley Kubrik. La c\u00e9r\u00e9monie s\u2019est d\u00e9roul\u00e9e en pr\u00e9sence de l\u2019ambassadeur d\u2019Italie en Alg\u00e9rie, Alberto Cutillo, de la directrice de l\u2019Institut culturel italien d\u2019Alger, Antonia Grande, du directeur de la cin\u00e9math\u00e8que d\u2019Alger, Adel Mekhalfia, ainsi que de membres de la famille du moudjahid Yacef Saadi, figure centrale de la R\u00e9volution alg\u00e9rienne et producteur du film. Dans son intervention, l\u2019ambassadeur d\u2019Italie a soulign\u00e9 que&nbsp;<em>La bataille d\u2019Alger<\/em>&nbsp;demeure \u00ab un t\u00e9moignage cin\u00e9matographique majeur qui incarne la profondeur des liens historiques, culturels et humains entre l\u2019Alg\u00e9rie et l\u2019Italie \u00bb, rappelant que cette \u0153uvre a contribu\u00e9 \u00e0 faire conna\u00eetre au monde la r\u00e9alit\u00e9 de la lutte du peuple alg\u00e9rien. De son c\u00f4t\u00e9, Antonia Grande a mis en avant la port\u00e9e artistique et m\u00e9morielle de ce long m\u00e9trage, affirmant que \u00ab ce film d\u00e9passe le cadre du cin\u00e9ma pour devenir un langage universel de la m\u00e9moire et de la justice \u00bb, tout en se f\u00e9licitant de voir les jeunes g\u00e9n\u00e9rations alg\u00e9riennes et italiennes se r\u00e9approprier ce patrimoine commun. D\u2019une dur\u00e9e de 121 minutes,&nbsp;<em>La bataille d\u2019Alger<\/em>&nbsp;restitue avec un r\u00e9alisme saisissant l\u2019une des \u00e9pop\u00e9es majeures de la Guerre de lib\u00e9ration nationale, en mettant en lumi\u00e8re l\u2019organisation urbaine des r\u00e9seaux de moudjahidine, leur courage et leur sens du sacrifice, tout en exposant sans d\u00e9tour les m\u00e9thodes de torture et la violence de la r\u00e9pression coloniale fran\u00e7aise. Longtemps censur\u00e9 en France, o\u00f9 il est rest\u00e9 interdit de projection durant 38 ans, le film a pourtant connu une reconnaissance internationale exceptionnelle, couronn\u00e9e en 1966 par le Lion d\u2019or \u00e0 la Mostra de Venise, avant d\u2019\u00eatre class\u00e9 par le British Film Institute parmi \u00ab les cinquante meilleurs films de tous les temps \u00bb. Pour Adel Mekhalfia, directeur de la cin\u00e9math\u00e8que d\u2019Alger, la projection de ce film dans le cadre de ces journ\u00e9es \u00ab rev\u00eat une signification particuli\u00e8re, car elle rappelle le r\u00f4le du cin\u00e9ma comme outil de m\u00e9moire, de transmission et de r\u00e9sistance culturelle \u00bb. S\u2019\u00e9tendant jusqu\u2019\u00e0 lundi, les Journ\u00e9es du cin\u00e9ma alg\u00e9ro-italien proposent un programme riche qui met \u00e0 l\u2019honneur d\u2019autres regards italiens sur l\u2019Alg\u00e9rie et son histoire, avec notamment la projection de&nbsp;<em>Les mains libres<\/em>&nbsp;(1964) d\u2019Ennio Lorenzini, produit par Casbah-Films, et de&nbsp;<em>L\u2019\u00c9tranger<\/em>&nbsp;(1967) de Luchino Visconti, adaptation cin\u00e9matographique du roman \u00e9ponyme d\u2019Albert Camus. En parall\u00e8le, une exposition d\u2019affiches originales du film&nbsp;<em>La bataille d\u2019Alger<\/em>, en plusieurs langues, ainsi que de photographies retra\u00e7ant les moments marquants de son parcours international, est accessible dans le hall de la cin\u00e9math\u00e8que. Des master-class d\u00e9di\u00e9es aux techniques du son, de l\u2019image et du montage vid\u00e9o, anim\u00e9es par des professionnels, viennent enrichir ces journ\u00e9es, qui seront \u00e9galement ponctu\u00e9es de d\u00e9bats ouverts au public apr\u00e8s chaque projection. Organis\u00e9es sous l\u2019\u00e9gide du minist\u00e8re de la Culture et des Arts par le Centre alg\u00e9rien du cin\u00e9ma et Casbah-Films, en collaboration avec l\u2019Institut culturel italien d\u2019Alger, ces Journ\u00e9es du cin\u00e9ma alg\u00e9ro-italien se veulent un espace de r\u00e9flexion et de partage, c\u00e9l\u00e9brant un cin\u00e9ma engag\u00e9, porteur de m\u00e9moire et de dialogue entre les peuples.<\/p>\n\n\n\n<p>Mohand Seghir<\/p>\n","protected":false},"excerpt":{"rendered":"<p>Alger a renou\u00e9, samedi soir, avec l\u2019une des pages les plus fortes de sa m\u00e9moire cin\u00e9matographique et historique \u00e0 l\u2019occasion<\/p>\n","protected":false},"author":6,"featured_media":80053,"comment_status":"open","ping_status":"closed","sticky":false,"template":"","format":"standard","meta":{"colormag_page_container_layout":"default_layout","colormag_page_sidebar_layout":"default_layout","om_disable_all_campaigns":false,"_monsterinsights_skip_tracking":false,"_monsterinsights_sitenote_active":false,"_monsterinsights_sitenote_note":"","_monsterinsights_sitenote_category":0,"footnotes":"","_wpscppro_dont_share_socialmedia":false,"_wpscppro_custom_social_share_image":0,"_facebook_share_type":"default","_twitter_share_type":"default","_linkedin_share_type":"default","_pinterest_share_type":"default","_linkedin_share_type_page":"","_instagram_share_type":"default","_medium_share_type":"default","_threads_share_type":"default","_google_business_share_type":"default","_selected_social_profile":[],"_wpsp_enable_custom_social_template":false,"_wpsp_social_scheduling":{"enabled":false,"datetime":null,"platforms":[],"status":"template_only","dateOption":"today","timeOption":"now","customDays":"","customHours":"","customDate":"","customTime":"","schedulingType":"absolute"},"_wpsp_active_default_template":true},"categories":[36],"tags":[],"class_list":["post-80052","post","type-post","status-publish","format-standard","has-post-thumbnail","hentry","category-culture"],"aioseo_notices":[],"yoast_head":"<!-- This site is optimized with the Yoast SEO plugin v27.5 - https:\/\/yoast.com\/product\/yoast-seo-wordpress\/ -->\n<title>Journ\u00e9es du cin\u00e9ma alg\u00e9ro-italien\u00a0: \u00ab\u00a0La Bataille d\u2019Alger\u00a0\u00bb en ouverture - La Sentinelle<\/title>\n<meta name=\"robots\" content=\"index, follow, max-snippet:-1, max-image-preview:large, max-video-preview:-1\" \/>\n<link rel=\"canonical\" href=\"https:\/\/lasentinelle.dz\/index.php\/2026\/01\/26\/journees-du-cinema-algero-italien-la-bataille-dalger-en-ouverture\/\" \/>\n<meta property=\"og:locale\" content=\"fr_FR\" \/>\n<meta property=\"og:type\" content=\"article\" \/>\n<meta property=\"og:title\" content=\"Journ\u00e9es du cin\u00e9ma alg\u00e9ro-italien\u00a0: \u00ab\u00a0La Bataille d\u2019Alger\u00a0\u00bb en ouverture - La Sentinelle\" \/>\n<meta property=\"og:description\" content=\"Alger a renou\u00e9, samedi soir, avec l\u2019une des pages les plus fortes de sa m\u00e9moire cin\u00e9matographique et historique \u00e0 l\u2019occasion\" \/>\n<meta property=\"og:url\" content=\"https:\/\/lasentinelle.dz\/index.php\/2026\/01\/26\/journees-du-cinema-algero-italien-la-bataille-dalger-en-ouverture\/\" \/>\n<meta property=\"og:site_name\" content=\"La Sentinelle\" \/>\n<meta property=\"article:publisher\" content=\"https:\/\/www.facebook.com\/La-Sentinelle-104059864394773\" \/>\n<meta property=\"article:published_time\" content=\"2026-01-26T11:47:29+00:00\" \/>\n<meta property=\"article:modified_time\" content=\"2026-01-26T11:47:30+00:00\" \/>\n<meta property=\"og:image\" content=\"https:\/\/lasentinelle.dz\/wp-content\/uploads\/2026\/01\/affiche.jpg\" \/>\n\t<meta property=\"og:image:width\" content=\"684\" \/>\n\t<meta property=\"og:image:height\" content=\"906\" \/>\n\t<meta property=\"og:image:type\" content=\"image\/jpeg\" \/>\n<meta name=\"author\" content=\"admin\" \/>\n<meta name=\"twitter:card\" content=\"summary_large_image\" \/>\n<meta name=\"twitter:label1\" content=\"\u00c9crit par\" \/>\n\t<meta name=\"twitter:data1\" content=\"admin\" \/>\n\t<meta name=\"twitter:label2\" content=\"Dur\u00e9e de lecture estim\u00e9e\" \/>\n\t<meta name=\"twitter:data2\" content=\"4 minutes\" \/>\n<script type=\"application\/ld+json\" class=\"yoast-schema-graph\">{\"@context\":\"https:\\\/\\\/schema.org\",\"@graph\":[{\"@type\":\"Article\",\"@id\":\"https:\\\/\\\/lasentinelle.dz\\\/index.php\\\/2026\\\/01\\\/26\\\/journees-du-cinema-algero-italien-la-bataille-dalger-en-ouverture\\\/#article\",\"isPartOf\":{\"@id\":\"https:\\\/\\\/lasentinelle.dz\\\/index.php\\\/2026\\\/01\\\/26\\\/journees-du-cinema-algero-italien-la-bataille-dalger-en-ouverture\\\/\"},\"author\":{\"name\":\"admin\",\"@id\":\"https:\\\/\\\/lasentinelle.dz\\\/#\\\/schema\\\/person\\\/729ee0024f24e0b8c5ec17232f8e8b41\"},\"headline\":\"Journ\u00e9es du cin\u00e9ma alg\u00e9ro-italien\u00a0: \u00ab\u00a0La Bataille d\u2019Alger\u00a0\u00bb en ouverture\",\"datePublished\":\"2026-01-26T11:47:29+00:00\",\"dateModified\":\"2026-01-26T11:47:30+00:00\",\"mainEntityOfPage\":{\"@id\":\"https:\\\/\\\/lasentinelle.dz\\\/index.php\\\/2026\\\/01\\\/26\\\/journees-du-cinema-algero-italien-la-bataille-dalger-en-ouverture\\\/\"},\"wordCount\":726,\"commentCount\":0,\"publisher\":{\"@id\":\"https:\\\/\\\/lasentinelle.dz\\\/#organization\"},\"image\":{\"@id\":\"https:\\\/\\\/lasentinelle.dz\\\/index.php\\\/2026\\\/01\\\/26\\\/journees-du-cinema-algero-italien-la-bataille-dalger-en-ouverture\\\/#primaryimage\"},\"thumbnailUrl\":\"https:\\\/\\\/lasentinelle.dz\\\/wp-content\\\/uploads\\\/2026\\\/01\\\/affiche.jpg\",\"articleSection\":[\"Culture\"],\"inLanguage\":\"fr-FR\",\"potentialAction\":[{\"@type\":\"CommentAction\",\"name\":\"Comment\",\"target\":[\"https:\\\/\\\/lasentinelle.dz\\\/index.php\\\/2026\\\/01\\\/26\\\/journees-du-cinema-algero-italien-la-bataille-dalger-en-ouverture\\\/#respond\"]}]},{\"@type\":\"WebPage\",\"@id\":\"https:\\\/\\\/lasentinelle.dz\\\/index.php\\\/2026\\\/01\\\/26\\\/journees-du-cinema-algero-italien-la-bataille-dalger-en-ouverture\\\/\",\"url\":\"https:\\\/\\\/lasentinelle.dz\\\/index.php\\\/2026\\\/01\\\/26\\\/journees-du-cinema-algero-italien-la-bataille-dalger-en-ouverture\\\/\",\"name\":\"Journ\u00e9es du cin\u00e9ma alg\u00e9ro-italien\u00a0: \u00ab\u00a0La Bataille d\u2019Alger\u00a0\u00bb en ouverture - La Sentinelle\",\"isPartOf\":{\"@id\":\"https:\\\/\\\/lasentinelle.dz\\\/#website\"},\"primaryImageOfPage\":{\"@id\":\"https:\\\/\\\/lasentinelle.dz\\\/index.php\\\/2026\\\/01\\\/26\\\/journees-du-cinema-algero-italien-la-bataille-dalger-en-ouverture\\\/#primaryimage\"},\"image\":{\"@id\":\"https:\\\/\\\/lasentinelle.dz\\\/index.php\\\/2026\\\/01\\\/26\\\/journees-du-cinema-algero-italien-la-bataille-dalger-en-ouverture\\\/#primaryimage\"},\"thumbnailUrl\":\"https:\\\/\\\/lasentinelle.dz\\\/wp-content\\\/uploads\\\/2026\\\/01\\\/affiche.jpg\",\"datePublished\":\"2026-01-26T11:47:29+00:00\",\"dateModified\":\"2026-01-26T11:47:30+00:00\",\"breadcrumb\":{\"@id\":\"https:\\\/\\\/lasentinelle.dz\\\/index.php\\\/2026\\\/01\\\/26\\\/journees-du-cinema-algero-italien-la-bataille-dalger-en-ouverture\\\/#breadcrumb\"},\"inLanguage\":\"fr-FR\",\"potentialAction\":[{\"@type\":\"ReadAction\",\"target\":[\"https:\\\/\\\/lasentinelle.dz\\\/index.php\\\/2026\\\/01\\\/26\\\/journees-du-cinema-algero-italien-la-bataille-dalger-en-ouverture\\\/\"]}]},{\"@type\":\"ImageObject\",\"inLanguage\":\"fr-FR\",\"@id\":\"https:\\\/\\\/lasentinelle.dz\\\/index.php\\\/2026\\\/01\\\/26\\\/journees-du-cinema-algero-italien-la-bataille-dalger-en-ouverture\\\/#primaryimage\",\"url\":\"https:\\\/\\\/lasentinelle.dz\\\/wp-content\\\/uploads\\\/2026\\\/01\\\/affiche.jpg\",\"contentUrl\":\"https:\\\/\\\/lasentinelle.dz\\\/wp-content\\\/uploads\\\/2026\\\/01\\\/affiche.jpg\",\"width\":684,\"height\":906},{\"@type\":\"BreadcrumbList\",\"@id\":\"https:\\\/\\\/lasentinelle.dz\\\/index.php\\\/2026\\\/01\\\/26\\\/journees-du-cinema-algero-italien-la-bataille-dalger-en-ouverture\\\/#breadcrumb\",\"itemListElement\":[{\"@type\":\"ListItem\",\"position\":1,\"name\":\"Accueil\",\"item\":\"https:\\\/\\\/lasentinelle.dz\\\/\"},{\"@type\":\"ListItem\",\"position\":2,\"name\":\"Journ\u00e9es du cin\u00e9ma alg\u00e9ro-italien\u00a0: \u00ab\u00a0La Bataille d\u2019Alger\u00a0\u00bb en ouverture\"}]},{\"@type\":\"WebSite\",\"@id\":\"https:\\\/\\\/lasentinelle.dz\\\/#website\",\"url\":\"https:\\\/\\\/lasentinelle.dz\\\/\",\"name\":\"La Sentinelle\",\"description\":\"Quotidien national d&#039;information\",\"publisher\":{\"@id\":\"https:\\\/\\\/lasentinelle.dz\\\/#organization\"},\"potentialAction\":[{\"@type\":\"SearchAction\",\"target\":{\"@type\":\"EntryPoint\",\"urlTemplate\":\"https:\\\/\\\/lasentinelle.dz\\\/?s={search_term_string}\"},\"query-input\":{\"@type\":\"PropertyValueSpecification\",\"valueRequired\":true,\"valueName\":\"search_term_string\"}}],\"inLanguage\":\"fr-FR\"},{\"@type\":\"Organization\",\"@id\":\"https:\\\/\\\/lasentinelle.dz\\\/#organization\",\"name\":\"Quotidien La Sentinelle\",\"url\":\"https:\\\/\\\/lasentinelle.dz\\\/\",\"logo\":{\"@type\":\"ImageObject\",\"inLanguage\":\"fr-FR\",\"@id\":\"https:\\\/\\\/lasentinelle.dz\\\/#\\\/schema\\\/logo\\\/image\\\/\",\"url\":\"https:\\\/\\\/lasentinelle.dz\\\/wp-content\\\/uploads\\\/2021\\\/09\\\/logo-sentinelleSLOGAN-1.png\",\"contentUrl\":\"https:\\\/\\\/lasentinelle.dz\\\/wp-content\\\/uploads\\\/2021\\\/09\\\/logo-sentinelleSLOGAN-1.png\",\"width\":615,\"height\":142,\"caption\":\"Quotidien La Sentinelle\"},\"image\":{\"@id\":\"https:\\\/\\\/lasentinelle.dz\\\/#\\\/schema\\\/logo\\\/image\\\/\"},\"sameAs\":[\"https:\\\/\\\/www.facebook.com\\\/La-Sentinelle-104059864394773\"]},{\"@type\":\"Person\",\"@id\":\"https:\\\/\\\/lasentinelle.dz\\\/#\\\/schema\\\/person\\\/729ee0024f24e0b8c5ec17232f8e8b41\",\"name\":\"admin\",\"image\":{\"@type\":\"ImageObject\",\"inLanguage\":\"fr-FR\",\"@id\":\"https:\\\/\\\/secure.gravatar.com\\\/avatar\\\/4c81fed838786e9b53f540bf46533e750f5d292099ae3b66cfc6fb1982e29df7?s=96&d=mm&r=g\",\"url\":\"https:\\\/\\\/secure.gravatar.com\\\/avatar\\\/4c81fed838786e9b53f540bf46533e750f5d292099ae3b66cfc6fb1982e29df7?s=96&d=mm&r=g\",\"contentUrl\":\"https:\\\/\\\/secure.gravatar.com\\\/avatar\\\/4c81fed838786e9b53f540bf46533e750f5d292099ae3b66cfc6fb1982e29df7?s=96&d=mm&r=g\",\"caption\":\"admin\"},\"description\":\"admin\",\"url\":\"https:\\\/\\\/lasentinelle.dz\\\/author\\\/admin\\\/\"}]}<\/script>\n<!-- \/ Yoast SEO plugin. -->","yoast_head_json":{"title":"Journ\u00e9es du cin\u00e9ma alg\u00e9ro-italien\u00a0: \u00ab\u00a0La Bataille d\u2019Alger\u00a0\u00bb en ouverture - La Sentinelle","robots":{"index":"index","follow":"follow","max-snippet":"max-snippet:-1","max-image-preview":"max-image-preview:large","max-video-preview":"max-video-preview:-1"},"canonical":"https:\/\/lasentinelle.dz\/index.php\/2026\/01\/26\/journees-du-cinema-algero-italien-la-bataille-dalger-en-ouverture\/","og_locale":"fr_FR","og_type":"article","og_title":"Journ\u00e9es du cin\u00e9ma alg\u00e9ro-italien\u00a0: \u00ab\u00a0La Bataille d\u2019Alger\u00a0\u00bb en ouverture - La Sentinelle","og_description":"Alger a renou\u00e9, samedi soir, avec l\u2019une des pages les plus fortes de sa m\u00e9moire cin\u00e9matographique et historique \u00e0 l\u2019occasion","og_url":"https:\/\/lasentinelle.dz\/index.php\/2026\/01\/26\/journees-du-cinema-algero-italien-la-bataille-dalger-en-ouverture\/","og_site_name":"La Sentinelle","article_publisher":"https:\/\/www.facebook.com\/La-Sentinelle-104059864394773","article_published_time":"2026-01-26T11:47:29+00:00","article_modified_time":"2026-01-26T11:47:30+00:00","og_image":[{"width":684,"height":906,"url":"https:\/\/lasentinelle.dz\/wp-content\/uploads\/2026\/01\/affiche.jpg","type":"image\/jpeg"}],"author":"admin","twitter_card":"summary_large_image","twitter_misc":{"\u00c9crit par":"admin","Dur\u00e9e de lecture estim\u00e9e":"4 minutes"},"schema":{"@context":"https:\/\/schema.org","@graph":[{"@type":"Article","@id":"https:\/\/lasentinelle.dz\/index.php\/2026\/01\/26\/journees-du-cinema-algero-italien-la-bataille-dalger-en-ouverture\/#article","isPartOf":{"@id":"https:\/\/lasentinelle.dz\/index.php\/2026\/01\/26\/journees-du-cinema-algero-italien-la-bataille-dalger-en-ouverture\/"},"author":{"name":"admin","@id":"https:\/\/lasentinelle.dz\/#\/schema\/person\/729ee0024f24e0b8c5ec17232f8e8b41"},"headline":"Journ\u00e9es du cin\u00e9ma alg\u00e9ro-italien\u00a0: \u00ab\u00a0La Bataille d\u2019Alger\u00a0\u00bb en ouverture","datePublished":"2026-01-26T11:47:29+00:00","dateModified":"2026-01-26T11:47:30+00:00","mainEntityOfPage":{"@id":"https:\/\/lasentinelle.dz\/index.php\/2026\/01\/26\/journees-du-cinema-algero-italien-la-bataille-dalger-en-ouverture\/"},"wordCount":726,"commentCount":0,"publisher":{"@id":"https:\/\/lasentinelle.dz\/#organization"},"image":{"@id":"https:\/\/lasentinelle.dz\/index.php\/2026\/01\/26\/journees-du-cinema-algero-italien-la-bataille-dalger-en-ouverture\/#primaryimage"},"thumbnailUrl":"https:\/\/lasentinelle.dz\/wp-content\/uploads\/2026\/01\/affiche.jpg","articleSection":["Culture"],"inLanguage":"fr-FR","potentialAction":[{"@type":"CommentAction","name":"Comment","target":["https:\/\/lasentinelle.dz\/index.php\/2026\/01\/26\/journees-du-cinema-algero-italien-la-bataille-dalger-en-ouverture\/#respond"]}]},{"@type":"WebPage","@id":"https:\/\/lasentinelle.dz\/index.php\/2026\/01\/26\/journees-du-cinema-algero-italien-la-bataille-dalger-en-ouverture\/","url":"https:\/\/lasentinelle.dz\/index.php\/2026\/01\/26\/journees-du-cinema-algero-italien-la-bataille-dalger-en-ouverture\/","name":"Journ\u00e9es du cin\u00e9ma alg\u00e9ro-italien\u00a0: \u00ab\u00a0La Bataille d\u2019Alger\u00a0\u00bb en ouverture - La Sentinelle","isPartOf":{"@id":"https:\/\/lasentinelle.dz\/#website"},"primaryImageOfPage":{"@id":"https:\/\/lasentinelle.dz\/index.php\/2026\/01\/26\/journees-du-cinema-algero-italien-la-bataille-dalger-en-ouverture\/#primaryimage"},"image":{"@id":"https:\/\/lasentinelle.dz\/index.php\/2026\/01\/26\/journees-du-cinema-algero-italien-la-bataille-dalger-en-ouverture\/#primaryimage"},"thumbnailUrl":"https:\/\/lasentinelle.dz\/wp-content\/uploads\/2026\/01\/affiche.jpg","datePublished":"2026-01-26T11:47:29+00:00","dateModified":"2026-01-26T11:47:30+00:00","breadcrumb":{"@id":"https:\/\/lasentinelle.dz\/index.php\/2026\/01\/26\/journees-du-cinema-algero-italien-la-bataille-dalger-en-ouverture\/#breadcrumb"},"inLanguage":"fr-FR","potentialAction":[{"@type":"ReadAction","target":["https:\/\/lasentinelle.dz\/index.php\/2026\/01\/26\/journees-du-cinema-algero-italien-la-bataille-dalger-en-ouverture\/"]}]},{"@type":"ImageObject","inLanguage":"fr-FR","@id":"https:\/\/lasentinelle.dz\/index.php\/2026\/01\/26\/journees-du-cinema-algero-italien-la-bataille-dalger-en-ouverture\/#primaryimage","url":"https:\/\/lasentinelle.dz\/wp-content\/uploads\/2026\/01\/affiche.jpg","contentUrl":"https:\/\/lasentinelle.dz\/wp-content\/uploads\/2026\/01\/affiche.jpg","width":684,"height":906},{"@type":"BreadcrumbList","@id":"https:\/\/lasentinelle.dz\/index.php\/2026\/01\/26\/journees-du-cinema-algero-italien-la-bataille-dalger-en-ouverture\/#breadcrumb","itemListElement":[{"@type":"ListItem","position":1,"name":"Accueil","item":"https:\/\/lasentinelle.dz\/"},{"@type":"ListItem","position":2,"name":"Journ\u00e9es du cin\u00e9ma alg\u00e9ro-italien\u00a0: \u00ab\u00a0La Bataille d\u2019Alger\u00a0\u00bb en ouverture"}]},{"@type":"WebSite","@id":"https:\/\/lasentinelle.dz\/#website","url":"https:\/\/lasentinelle.dz\/","name":"La Sentinelle","description":"Quotidien national d&#039;information","publisher":{"@id":"https:\/\/lasentinelle.dz\/#organization"},"potentialAction":[{"@type":"SearchAction","target":{"@type":"EntryPoint","urlTemplate":"https:\/\/lasentinelle.dz\/?s={search_term_string}"},"query-input":{"@type":"PropertyValueSpecification","valueRequired":true,"valueName":"search_term_string"}}],"inLanguage":"fr-FR"},{"@type":"Organization","@id":"https:\/\/lasentinelle.dz\/#organization","name":"Quotidien La Sentinelle","url":"https:\/\/lasentinelle.dz\/","logo":{"@type":"ImageObject","inLanguage":"fr-FR","@id":"https:\/\/lasentinelle.dz\/#\/schema\/logo\/image\/","url":"https:\/\/lasentinelle.dz\/wp-content\/uploads\/2021\/09\/logo-sentinelleSLOGAN-1.png","contentUrl":"https:\/\/lasentinelle.dz\/wp-content\/uploads\/2021\/09\/logo-sentinelleSLOGAN-1.png","width":615,"height":142,"caption":"Quotidien La Sentinelle"},"image":{"@id":"https:\/\/lasentinelle.dz\/#\/schema\/logo\/image\/"},"sameAs":["https:\/\/www.facebook.com\/La-Sentinelle-104059864394773"]},{"@type":"Person","@id":"https:\/\/lasentinelle.dz\/#\/schema\/person\/729ee0024f24e0b8c5ec17232f8e8b41","name":"admin","image":{"@type":"ImageObject","inLanguage":"fr-FR","@id":"https:\/\/secure.gravatar.com\/avatar\/4c81fed838786e9b53f540bf46533e750f5d292099ae3b66cfc6fb1982e29df7?s=96&d=mm&r=g","url":"https:\/\/secure.gravatar.com\/avatar\/4c81fed838786e9b53f540bf46533e750f5d292099ae3b66cfc6fb1982e29df7?s=96&d=mm&r=g","contentUrl":"https:\/\/secure.gravatar.com\/avatar\/4c81fed838786e9b53f540bf46533e750f5d292099ae3b66cfc6fb1982e29df7?s=96&d=mm&r=g","caption":"admin"},"description":"admin","url":"https:\/\/lasentinelle.dz\/author\/admin\/"}]}},"_links":{"self":[{"href":"https:\/\/lasentinelle.dz\/index.php\/wp-json\/wp\/v2\/posts\/80052","targetHints":{"allow":["GET"]}}],"collection":[{"href":"https:\/\/lasentinelle.dz\/index.php\/wp-json\/wp\/v2\/posts"}],"about":[{"href":"https:\/\/lasentinelle.dz\/index.php\/wp-json\/wp\/v2\/types\/post"}],"author":[{"embeddable":true,"href":"https:\/\/lasentinelle.dz\/index.php\/wp-json\/wp\/v2\/users\/6"}],"replies":[{"embeddable":true,"href":"https:\/\/lasentinelle.dz\/index.php\/wp-json\/wp\/v2\/comments?post=80052"}],"version-history":[{"count":1,"href":"https:\/\/lasentinelle.dz\/index.php\/wp-json\/wp\/v2\/posts\/80052\/revisions"}],"predecessor-version":[{"id":80054,"href":"https:\/\/lasentinelle.dz\/index.php\/wp-json\/wp\/v2\/posts\/80052\/revisions\/80054"}],"wp:featuredmedia":[{"embeddable":true,"href":"https:\/\/lasentinelle.dz\/index.php\/wp-json\/wp\/v2\/media\/80053"}],"wp:attachment":[{"href":"https:\/\/lasentinelle.dz\/index.php\/wp-json\/wp\/v2\/media?parent=80052"}],"wp:term":[{"taxonomy":"category","embeddable":true,"href":"https:\/\/lasentinelle.dz\/index.php\/wp-json\/wp\/v2\/categories?post=80052"},{"taxonomy":"post_tag","embeddable":true,"href":"https:\/\/lasentinelle.dz\/index.php\/wp-json\/wp\/v2\/tags?post=80052"}],"curies":[{"name":"wp","href":"https:\/\/api.w.org\/{rel}","templated":true}]}}