{"id":8006,"date":"2021-09-16T00:01:00","date_gmt":"2021-09-15T23:01:00","guid":{"rendered":"https:\/\/lasentinelle.dz\/?p=8006"},"modified":"2021-09-15T18:07:56","modified_gmt":"2021-09-15T17:07:56","slug":"exploitation-du-gisement-de-fer-de-gara-djebilet-signature-dune-joint-venture-au-4e-trimestre-2021","status":"publish","type":"post","link":"https:\/\/lasentinelle.dz\/index.php\/2021\/09\/16\/exploitation-du-gisement-de-fer-de-gara-djebilet-signature-dune-joint-venture-au-4e-trimestre-2021\/","title":{"rendered":"Exploitation du gisement de fer de Gara Djebilet : Signature d\u2019une joint-venture au 4e trimestre 2021"},"content":{"rendered":"\n<p>La signature du contrat de joint-venture pour la r\u00e9alisation du projet d\u2019exploitation du gisement de fer de Gara Djebilet (Tindouf) entre la partie alg\u00e9rienne et le consortium chinois CMH est pr\u00e9vue au cours du quatri\u00e8me trimestre 2021, a affirm\u00e9 hier \u00e0 Bechar le directeur de ce grand projet minier Ahmed Ben-Abb\u00e8s.Le projet, dont la signature du contrat de joint-venture pour sa concr\u00e9tisation avec le consortium chinois qui regroupe trois grandes soci\u00e9t\u00e9s chinoises (CWE, MCC et Heyday Solar) est pr\u00e9vue au cours du quatri\u00e8me trimestre 2021, permettra de contribuer au d\u00e9veloppement \u00e9conomique d\u2019une grande partie du Sud-ouest du pays, mais aussi \u00e0 la relance de l\u2019\u00e9conomie nationale, au d\u00e9veloppement et \u00e0 la promotion du secteur des mines dans le pays, a indiqu\u00e9 M. Ben-Abb\u00e8s lors de la pr\u00e9sentation de ce projet aux autorit\u00e9s de la wilaya de Bechar.Cofinanc\u00e9 par l\u2019Alg\u00e9rie et la Chine, ce projet verra ensuite son lancement effectif en trois (3) \u00e9tapes, \u00e0 savoir 2021\/2024 avec la r\u00e9alisation de l\u2019unit\u00e9 pilote, la deuxi\u00e8me phase (2024-2027) sera d\u00e9di\u00e9e \u00e0 la production de 2 \u00e0 4 millions de tonnes de produits marchands, tandis que la troisi\u00e8me phas<\/p>\n\n\n\n<p>e (2027-2035 \u00e0 2040) verra la production de 40 \u00e0 50 millions de tonnes, dont 30 millions de tonnes de produits marchands, a-t-il expliqu\u00e9 \u00e0 l\u2019assistance compos\u00e9e de responsables locaux des diff\u00e9rents secteurs concern\u00e9s par cette r\u00e9alisation mini\u00e8re et de repr\u00e9sentants du consortium chinois CMH.<\/p>\n\n\n\n<p>Trois sites miniers sont concern\u00e9s par les phases d\u2019exploitation de ce gisement, dont les ressources sont estim\u00e9es \u00e0 plus de trois (3) milliards de tonnes, localis\u00e9s \u00e0 Gara Djebilet Ouest, Centre et Est, en plus du gisement de fer de Mechri Abdelaziz, situ\u00e9 \u00e0 200 km \u00e0 l\u2019est de Gara Djebilet, a soulign\u00e9 M. Ben-Abb\u00e8s.Dans la wilaya de Bechar, et dans le cadre de ce projet minier, il est pr\u00e9vu \u00e0 l\u2019horizon 2029-2030 la r\u00e9alisation de nombreuses installations et infrastructures de production sid\u00e9rurgiques, installations de stockage du minerai provenant des sites d\u2019exploitation de Gara Djebilet dans le but de son acheminement vers le nord du pays (Bethioua, wilaya d\u2019Oran), par camion \u00e9lectrique et par train sp\u00e9cial, sachant qu\u2019il est pr\u00e9vu la r\u00e9alisation de 1.700 km de voies ferr\u00e9es Bechar-Tindouf-Gara Djebilet, selon le m\u00eame cadre du secteur de l\u2019Energie et des mines.Outre ces infrastructures mini\u00e8res, il est aussi retenu au registre du m\u00eame projet, qui donnera lieu, dans sa phase de concr\u00e9tisation, la cr\u00e9ation de 3.000 \u00e0 5.000 emplois, la r\u00e9alisation de grandes op\u00e9rations d\u2019amen\u00e9es d\u2019eau \u00e0 travers un projet de transfert hydrique, tant pour les besoins des trois sites d\u2019exploitation de minerai de fer que pour r\u00e9pondre \u00e0 la demande des populations, de l\u2019agriculture et de l\u2019industrie en g\u00e9n\u00e9rale, a-t-on fait savoir lors de la pr\u00e9sentation du projet.<\/p>\n\n\n\n<p>La modernisation du r\u00e9seau routier des r\u00e9gions de Tindouf et Bechar, ainsi que le d\u00e9veloppement des petites et moyennes entreprises en lien avec l\u2019industrie mini\u00e8re et l\u2019exploitation des infrastructures et utilit\u00e9s en sous-traitance, sont les autres op\u00e9rations inscrites \u00e0 l\u2019actif de ce grand projet minier, qui s\u2019inscrit dans le cadre des engagements du pr\u00e9sident de la R\u00e9publique tendant \u00e0 la mobilisation et \u00e0 l\u2019exploitation du potentiel minier du pays, a soulign\u00e9 le wali de Bechar, Mohamed Sa\u00efd Ben-Kamou.\u00a0\u00bbCe projet vise \u00e0 garantir et \u00e0 s\u00e9curiser l&rsquo;approvisionnement des usines nationales de m\u00e9tallurgie et de sid\u00e9rurgie en mati\u00e8res brutes et \u00e0 promouvoir les recettes hors hydrocarbures \u00e0 travers l\u2019exportation\u00a0\u00bb, a soulign\u00e9 Rabhi Fadila, repr\u00e9sentante du minist\u00e8re de l\u2019Energie et des Mines lors de cette rencontre.<\/p>\n\n\n\n<p>APS<\/p>\n","protected":false},"excerpt":{"rendered":"<p>La signature du contrat de joint-venture pour la r\u00e9alisation du projet d\u2019exploitation du gisement de fer de Gara Djebilet (Tindouf)<\/p>\n","protected":false},"author":3,"featured_media":8008,"comment_status":"open","ping_status":"closed","sticky":false,"template":"","format":"standard","meta":{"colormag_page_container_layout":"default_layout","colormag_page_sidebar_layout":"default_layout","om_disable_all_campaigns":false,"_monsterinsights_skip_tracking":false,"_monsterinsights_sitenote_active":false,"_monsterinsights_sitenote_note":"","_monsterinsights_sitenote_category":0,"footnotes":"","_wpscppro_dont_share_socialmedia":false,"_wpscppro_custom_social_share_image":0,"_facebook_share_type":"","_twitter_share_type":"","_linkedin_share_type":"","_pinterest_share_type":"","_linkedin_share_type_page":"","_instagram_share_type":"","_medium_share_type":"","_threads_share_type":"","_google_business_share_type":"","_selected_social_profile":[],"_wpsp_enable_custom_social_template":false,"_wpsp_social_scheduling":{"enabled":false,"datetime":null,"platforms":[],"status":"template_only","dateOption":"today","timeOption":"now","customDays":"","customHours":"","customDate":"","customTime":"","schedulingType":"absolute"},"_wpsp_active_default_template":true},"categories":[27],"tags":[],"class_list":["post-8006","post","type-post","status-publish","format-standard","has-post-thumbnail","hentry","category-actualite"],"aioseo_notices":[],"yoast_head":"<!-- This site is optimized with the Yoast SEO plugin v27.5 - https:\/\/yoast.com\/product\/yoast-seo-wordpress\/ -->\n<title>Exploitation du gisement de fer de Gara Djebilet : Signature d\u2019une joint-venture au 4e trimestre 2021 - La Sentinelle<\/title>\n<meta name=\"robots\" content=\"index, follow, max-snippet:-1, max-image-preview:large, max-video-preview:-1\" \/>\n<link rel=\"canonical\" href=\"https:\/\/lasentinelle.dz\/index.php\/2021\/09\/16\/exploitation-du-gisement-de-fer-de-gara-djebilet-signature-dune-joint-venture-au-4e-trimestre-2021\/\" \/>\n<meta property=\"og:locale\" content=\"fr_FR\" \/>\n<meta property=\"og:type\" content=\"article\" \/>\n<meta property=\"og:title\" content=\"Exploitation du gisement de fer de Gara Djebilet : Signature d\u2019une joint-venture au 4e trimestre 2021 - La Sentinelle\" \/>\n<meta property=\"og:description\" content=\"La signature du contrat de joint-venture pour la r\u00e9alisation du projet d\u2019exploitation du gisement de fer de Gara Djebilet (Tindouf)\" \/>\n<meta property=\"og:url\" content=\"https:\/\/lasentinelle.dz\/index.php\/2021\/09\/16\/exploitation-du-gisement-de-fer-de-gara-djebilet-signature-dune-joint-venture-au-4e-trimestre-2021\/\" \/>\n<meta property=\"og:site_name\" content=\"La Sentinelle\" \/>\n<meta property=\"article:publisher\" content=\"https:\/\/www.facebook.com\/La-Sentinelle-104059864394773\" \/>\n<meta property=\"article:published_time\" content=\"2021-09-15T23:01:00+00:00\" \/>\n<meta property=\"og:image\" content=\"https:\/\/lasentinelle.dz\/wp-content\/uploads\/2021\/09\/image_2021-09-15_180745.png\" \/>\n\t<meta property=\"og:image:width\" content=\"855\" \/>\n\t<meta property=\"og:image:height\" content=\"516\" \/>\n\t<meta property=\"og:image:type\" content=\"image\/png\" \/>\n<meta name=\"author\" content=\"La Sentinelle\" \/>\n<meta name=\"twitter:card\" content=\"summary_large_image\" \/>\n<meta name=\"twitter:label1\" content=\"\u00c9crit par\" \/>\n\t<meta name=\"twitter:data1\" content=\"La Sentinelle\" \/>\n\t<meta name=\"twitter:label2\" content=\"Dur\u00e9e de lecture estim\u00e9e\" \/>\n\t<meta name=\"twitter:data2\" content=\"3 minutes\" \/>\n<script type=\"application\/ld+json\" class=\"yoast-schema-graph\">{\"@context\":\"https:\\\/\\\/schema.org\",\"@graph\":[{\"@type\":\"Article\",\"@id\":\"https:\\\/\\\/lasentinelle.dz\\\/index.php\\\/2021\\\/09\\\/16\\\/exploitation-du-gisement-de-fer-de-gara-djebilet-signature-dune-joint-venture-au-4e-trimestre-2021\\\/#article\",\"isPartOf\":{\"@id\":\"https:\\\/\\\/lasentinelle.dz\\\/index.php\\\/2021\\\/09\\\/16\\\/exploitation-du-gisement-de-fer-de-gara-djebilet-signature-dune-joint-venture-au-4e-trimestre-2021\\\/\"},\"author\":{\"name\":\"La Sentinelle\",\"@id\":\"https:\\\/\\\/lasentinelle.dz\\\/#\\\/schema\\\/person\\\/d865044e22e70a75174ce8bcad3acfb3\"},\"headline\":\"Exploitation du gisement de fer de Gara Djebilet : Signature d\u2019une joint-venture au 4e trimestre 2021\",\"datePublished\":\"2021-09-15T23:01:00+00:00\",\"mainEntityOfPage\":{\"@id\":\"https:\\\/\\\/lasentinelle.dz\\\/index.php\\\/2021\\\/09\\\/16\\\/exploitation-du-gisement-de-fer-de-gara-djebilet-signature-dune-joint-venture-au-4e-trimestre-2021\\\/\"},\"wordCount\":645,\"commentCount\":0,\"publisher\":{\"@id\":\"https:\\\/\\\/lasentinelle.dz\\\/#organization\"},\"image\":{\"@id\":\"https:\\\/\\\/lasentinelle.dz\\\/index.php\\\/2021\\\/09\\\/16\\\/exploitation-du-gisement-de-fer-de-gara-djebilet-signature-dune-joint-venture-au-4e-trimestre-2021\\\/#primaryimage\"},\"thumbnailUrl\":\"https:\\\/\\\/lasentinelle.dz\\\/wp-content\\\/uploads\\\/2021\\\/09\\\/image_2021-09-15_180745.png\",\"articleSection\":[\"Actualit\u00e9\"],\"inLanguage\":\"fr-FR\",\"potentialAction\":[{\"@type\":\"CommentAction\",\"name\":\"Comment\",\"target\":[\"https:\\\/\\\/lasentinelle.dz\\\/index.php\\\/2021\\\/09\\\/16\\\/exploitation-du-gisement-de-fer-de-gara-djebilet-signature-dune-joint-venture-au-4e-trimestre-2021\\\/#respond\"]}]},{\"@type\":\"WebPage\",\"@id\":\"https:\\\/\\\/lasentinelle.dz\\\/index.php\\\/2021\\\/09\\\/16\\\/exploitation-du-gisement-de-fer-de-gara-djebilet-signature-dune-joint-venture-au-4e-trimestre-2021\\\/\",\"url\":\"https:\\\/\\\/lasentinelle.dz\\\/index.php\\\/2021\\\/09\\\/16\\\/exploitation-du-gisement-de-fer-de-gara-djebilet-signature-dune-joint-venture-au-4e-trimestre-2021\\\/\",\"name\":\"Exploitation du gisement de fer de Gara Djebilet : Signature d\u2019une joint-venture au 4e trimestre 2021 - La Sentinelle\",\"isPartOf\":{\"@id\":\"https:\\\/\\\/lasentinelle.dz\\\/#website\"},\"primaryImageOfPage\":{\"@id\":\"https:\\\/\\\/lasentinelle.dz\\\/index.php\\\/2021\\\/09\\\/16\\\/exploitation-du-gisement-de-fer-de-gara-djebilet-signature-dune-joint-venture-au-4e-trimestre-2021\\\/#primaryimage\"},\"image\":{\"@id\":\"https:\\\/\\\/lasentinelle.dz\\\/index.php\\\/2021\\\/09\\\/16\\\/exploitation-du-gisement-de-fer-de-gara-djebilet-signature-dune-joint-venture-au-4e-trimestre-2021\\\/#primaryimage\"},\"thumbnailUrl\":\"https:\\\/\\\/lasentinelle.dz\\\/wp-content\\\/uploads\\\/2021\\\/09\\\/image_2021-09-15_180745.png\",\"datePublished\":\"2021-09-15T23:01:00+00:00\",\"breadcrumb\":{\"@id\":\"https:\\\/\\\/lasentinelle.dz\\\/index.php\\\/2021\\\/09\\\/16\\\/exploitation-du-gisement-de-fer-de-gara-djebilet-signature-dune-joint-venture-au-4e-trimestre-2021\\\/#breadcrumb\"},\"inLanguage\":\"fr-FR\",\"potentialAction\":[{\"@type\":\"ReadAction\",\"target\":[\"https:\\\/\\\/lasentinelle.dz\\\/index.php\\\/2021\\\/09\\\/16\\\/exploitation-du-gisement-de-fer-de-gara-djebilet-signature-dune-joint-venture-au-4e-trimestre-2021\\\/\"]}]},{\"@type\":\"ImageObject\",\"inLanguage\":\"fr-FR\",\"@id\":\"https:\\\/\\\/lasentinelle.dz\\\/index.php\\\/2021\\\/09\\\/16\\\/exploitation-du-gisement-de-fer-de-gara-djebilet-signature-dune-joint-venture-au-4e-trimestre-2021\\\/#primaryimage\",\"url\":\"https:\\\/\\\/lasentinelle.dz\\\/wp-content\\\/uploads\\\/2021\\\/09\\\/image_2021-09-15_180745.png\",\"contentUrl\":\"https:\\\/\\\/lasentinelle.dz\\\/wp-content\\\/uploads\\\/2021\\\/09\\\/image_2021-09-15_180745.png\",\"width\":855,\"height\":516},{\"@type\":\"BreadcrumbList\",\"@id\":\"https:\\\/\\\/lasentinelle.dz\\\/index.php\\\/2021\\\/09\\\/16\\\/exploitation-du-gisement-de-fer-de-gara-djebilet-signature-dune-joint-venture-au-4e-trimestre-2021\\\/#breadcrumb\",\"itemListElement\":[{\"@type\":\"ListItem\",\"position\":1,\"name\":\"Accueil\",\"item\":\"https:\\\/\\\/lasentinelle.dz\\\/\"},{\"@type\":\"ListItem\",\"position\":2,\"name\":\"Exploitation du gisement de fer de Gara Djebilet : Signature d\u2019une joint-venture au 4e trimestre 2021\"}]},{\"@type\":\"WebSite\",\"@id\":\"https:\\\/\\\/lasentinelle.dz\\\/#website\",\"url\":\"https:\\\/\\\/lasentinelle.dz\\\/\",\"name\":\"La Sentinelle\",\"description\":\"Quotidien national d&#039;information\",\"publisher\":{\"@id\":\"https:\\\/\\\/lasentinelle.dz\\\/#organization\"},\"potentialAction\":[{\"@type\":\"SearchAction\",\"target\":{\"@type\":\"EntryPoint\",\"urlTemplate\":\"https:\\\/\\\/lasentinelle.dz\\\/?s={search_term_string}\"},\"query-input\":{\"@type\":\"PropertyValueSpecification\",\"valueRequired\":true,\"valueName\":\"search_term_string\"}}],\"inLanguage\":\"fr-FR\"},{\"@type\":\"Organization\",\"@id\":\"https:\\\/\\\/lasentinelle.dz\\\/#organization\",\"name\":\"Quotidien La Sentinelle\",\"url\":\"https:\\\/\\\/lasentinelle.dz\\\/\",\"logo\":{\"@type\":\"ImageObject\",\"inLanguage\":\"fr-FR\",\"@id\":\"https:\\\/\\\/lasentinelle.dz\\\/#\\\/schema\\\/logo\\\/image\\\/\",\"url\":\"https:\\\/\\\/lasentinelle.dz\\\/wp-content\\\/uploads\\\/2021\\\/09\\\/logo-sentinelleSLOGAN-1.png\",\"contentUrl\":\"https:\\\/\\\/lasentinelle.dz\\\/wp-content\\\/uploads\\\/2021\\\/09\\\/logo-sentinelleSLOGAN-1.png\",\"width\":615,\"height\":142,\"caption\":\"Quotidien La Sentinelle\"},\"image\":{\"@id\":\"https:\\\/\\\/lasentinelle.dz\\\/#\\\/schema\\\/logo\\\/image\\\/\"},\"sameAs\":[\"https:\\\/\\\/www.facebook.com\\\/La-Sentinelle-104059864394773\"]},{\"@type\":\"Person\",\"@id\":\"https:\\\/\\\/lasentinelle.dz\\\/#\\\/schema\\\/person\\\/d865044e22e70a75174ce8bcad3acfb3\",\"name\":\"La Sentinelle\",\"image\":{\"@type\":\"ImageObject\",\"inLanguage\":\"fr-FR\",\"@id\":\"https:\\\/\\\/secure.gravatar.com\\\/avatar\\\/57de8e5d4b15d43fb361a71fbb36338450fe67865b528a43dd10ef7c51a20392?s=96&d=mm&r=g\",\"url\":\"https:\\\/\\\/secure.gravatar.com\\\/avatar\\\/57de8e5d4b15d43fb361a71fbb36338450fe67865b528a43dd10ef7c51a20392?s=96&d=mm&r=g\",\"contentUrl\":\"https:\\\/\\\/secure.gravatar.com\\\/avatar\\\/57de8e5d4b15d43fb361a71fbb36338450fe67865b528a43dd10ef7c51a20392?s=96&d=mm&r=g\",\"caption\":\"La Sentinelle\"},\"sameAs\":[\"http:\\\/\\\/www.lasentinelle.dz\"],\"url\":\"https:\\\/\\\/lasentinelle.dz\\\/author\\\/redaction\\\/\"}]}<\/script>\n<!-- \/ Yoast SEO plugin. -->","yoast_head_json":{"title":"Exploitation du gisement de fer de Gara Djebilet : Signature d\u2019une joint-venture au 4e trimestre 2021 - La Sentinelle","robots":{"index":"index","follow":"follow","max-snippet":"max-snippet:-1","max-image-preview":"max-image-preview:large","max-video-preview":"max-video-preview:-1"},"canonical":"https:\/\/lasentinelle.dz\/index.php\/2021\/09\/16\/exploitation-du-gisement-de-fer-de-gara-djebilet-signature-dune-joint-venture-au-4e-trimestre-2021\/","og_locale":"fr_FR","og_type":"article","og_title":"Exploitation du gisement de fer de Gara Djebilet : Signature d\u2019une joint-venture au 4e trimestre 2021 - La Sentinelle","og_description":"La signature du contrat de joint-venture pour la r\u00e9alisation du projet d\u2019exploitation du gisement de fer de Gara Djebilet (Tindouf)","og_url":"https:\/\/lasentinelle.dz\/index.php\/2021\/09\/16\/exploitation-du-gisement-de-fer-de-gara-djebilet-signature-dune-joint-venture-au-4e-trimestre-2021\/","og_site_name":"La Sentinelle","article_publisher":"https:\/\/www.facebook.com\/La-Sentinelle-104059864394773","article_published_time":"2021-09-15T23:01:00+00:00","og_image":[{"width":855,"height":516,"url":"https:\/\/lasentinelle.dz\/wp-content\/uploads\/2021\/09\/image_2021-09-15_180745.png","type":"image\/png"}],"author":"La Sentinelle","twitter_card":"summary_large_image","twitter_misc":{"\u00c9crit par":"La Sentinelle","Dur\u00e9e de lecture estim\u00e9e":"3 minutes"},"schema":{"@context":"https:\/\/schema.org","@graph":[{"@type":"Article","@id":"https:\/\/lasentinelle.dz\/index.php\/2021\/09\/16\/exploitation-du-gisement-de-fer-de-gara-djebilet-signature-dune-joint-venture-au-4e-trimestre-2021\/#article","isPartOf":{"@id":"https:\/\/lasentinelle.dz\/index.php\/2021\/09\/16\/exploitation-du-gisement-de-fer-de-gara-djebilet-signature-dune-joint-venture-au-4e-trimestre-2021\/"},"author":{"name":"La Sentinelle","@id":"https:\/\/lasentinelle.dz\/#\/schema\/person\/d865044e22e70a75174ce8bcad3acfb3"},"headline":"Exploitation du gisement de fer de Gara Djebilet : Signature d\u2019une joint-venture au 4e trimestre 2021","datePublished":"2021-09-15T23:01:00+00:00","mainEntityOfPage":{"@id":"https:\/\/lasentinelle.dz\/index.php\/2021\/09\/16\/exploitation-du-gisement-de-fer-de-gara-djebilet-signature-dune-joint-venture-au-4e-trimestre-2021\/"},"wordCount":645,"commentCount":0,"publisher":{"@id":"https:\/\/lasentinelle.dz\/#organization"},"image":{"@id":"https:\/\/lasentinelle.dz\/index.php\/2021\/09\/16\/exploitation-du-gisement-de-fer-de-gara-djebilet-signature-dune-joint-venture-au-4e-trimestre-2021\/#primaryimage"},"thumbnailUrl":"https:\/\/lasentinelle.dz\/wp-content\/uploads\/2021\/09\/image_2021-09-15_180745.png","articleSection":["Actualit\u00e9"],"inLanguage":"fr-FR","potentialAction":[{"@type":"CommentAction","name":"Comment","target":["https:\/\/lasentinelle.dz\/index.php\/2021\/09\/16\/exploitation-du-gisement-de-fer-de-gara-djebilet-signature-dune-joint-venture-au-4e-trimestre-2021\/#respond"]}]},{"@type":"WebPage","@id":"https:\/\/lasentinelle.dz\/index.php\/2021\/09\/16\/exploitation-du-gisement-de-fer-de-gara-djebilet-signature-dune-joint-venture-au-4e-trimestre-2021\/","url":"https:\/\/lasentinelle.dz\/index.php\/2021\/09\/16\/exploitation-du-gisement-de-fer-de-gara-djebilet-signature-dune-joint-venture-au-4e-trimestre-2021\/","name":"Exploitation du gisement de fer de Gara Djebilet : Signature d\u2019une joint-venture au 4e trimestre 2021 - La Sentinelle","isPartOf":{"@id":"https:\/\/lasentinelle.dz\/#website"},"primaryImageOfPage":{"@id":"https:\/\/lasentinelle.dz\/index.php\/2021\/09\/16\/exploitation-du-gisement-de-fer-de-gara-djebilet-signature-dune-joint-venture-au-4e-trimestre-2021\/#primaryimage"},"image":{"@id":"https:\/\/lasentinelle.dz\/index.php\/2021\/09\/16\/exploitation-du-gisement-de-fer-de-gara-djebilet-signature-dune-joint-venture-au-4e-trimestre-2021\/#primaryimage"},"thumbnailUrl":"https:\/\/lasentinelle.dz\/wp-content\/uploads\/2021\/09\/image_2021-09-15_180745.png","datePublished":"2021-09-15T23:01:00+00:00","breadcrumb":{"@id":"https:\/\/lasentinelle.dz\/index.php\/2021\/09\/16\/exploitation-du-gisement-de-fer-de-gara-djebilet-signature-dune-joint-venture-au-4e-trimestre-2021\/#breadcrumb"},"inLanguage":"fr-FR","potentialAction":[{"@type":"ReadAction","target":["https:\/\/lasentinelle.dz\/index.php\/2021\/09\/16\/exploitation-du-gisement-de-fer-de-gara-djebilet-signature-dune-joint-venture-au-4e-trimestre-2021\/"]}]},{"@type":"ImageObject","inLanguage":"fr-FR","@id":"https:\/\/lasentinelle.dz\/index.php\/2021\/09\/16\/exploitation-du-gisement-de-fer-de-gara-djebilet-signature-dune-joint-venture-au-4e-trimestre-2021\/#primaryimage","url":"https:\/\/lasentinelle.dz\/wp-content\/uploads\/2021\/09\/image_2021-09-15_180745.png","contentUrl":"https:\/\/lasentinelle.dz\/wp-content\/uploads\/2021\/09\/image_2021-09-15_180745.png","width":855,"height":516},{"@type":"BreadcrumbList","@id":"https:\/\/lasentinelle.dz\/index.php\/2021\/09\/16\/exploitation-du-gisement-de-fer-de-gara-djebilet-signature-dune-joint-venture-au-4e-trimestre-2021\/#breadcrumb","itemListElement":[{"@type":"ListItem","position":1,"name":"Accueil","item":"https:\/\/lasentinelle.dz\/"},{"@type":"ListItem","position":2,"name":"Exploitation du gisement de fer de Gara Djebilet : Signature d\u2019une joint-venture au 4e trimestre 2021"}]},{"@type":"WebSite","@id":"https:\/\/lasentinelle.dz\/#website","url":"https:\/\/lasentinelle.dz\/","name":"La Sentinelle","description":"Quotidien national d&#039;information","publisher":{"@id":"https:\/\/lasentinelle.dz\/#organization"},"potentialAction":[{"@type":"SearchAction","target":{"@type":"EntryPoint","urlTemplate":"https:\/\/lasentinelle.dz\/?s={search_term_string}"},"query-input":{"@type":"PropertyValueSpecification","valueRequired":true,"valueName":"search_term_string"}}],"inLanguage":"fr-FR"},{"@type":"Organization","@id":"https:\/\/lasentinelle.dz\/#organization","name":"Quotidien La Sentinelle","url":"https:\/\/lasentinelle.dz\/","logo":{"@type":"ImageObject","inLanguage":"fr-FR","@id":"https:\/\/lasentinelle.dz\/#\/schema\/logo\/image\/","url":"https:\/\/lasentinelle.dz\/wp-content\/uploads\/2021\/09\/logo-sentinelleSLOGAN-1.png","contentUrl":"https:\/\/lasentinelle.dz\/wp-content\/uploads\/2021\/09\/logo-sentinelleSLOGAN-1.png","width":615,"height":142,"caption":"Quotidien La Sentinelle"},"image":{"@id":"https:\/\/lasentinelle.dz\/#\/schema\/logo\/image\/"},"sameAs":["https:\/\/www.facebook.com\/La-Sentinelle-104059864394773"]},{"@type":"Person","@id":"https:\/\/lasentinelle.dz\/#\/schema\/person\/d865044e22e70a75174ce8bcad3acfb3","name":"La Sentinelle","image":{"@type":"ImageObject","inLanguage":"fr-FR","@id":"https:\/\/secure.gravatar.com\/avatar\/57de8e5d4b15d43fb361a71fbb36338450fe67865b528a43dd10ef7c51a20392?s=96&d=mm&r=g","url":"https:\/\/secure.gravatar.com\/avatar\/57de8e5d4b15d43fb361a71fbb36338450fe67865b528a43dd10ef7c51a20392?s=96&d=mm&r=g","contentUrl":"https:\/\/secure.gravatar.com\/avatar\/57de8e5d4b15d43fb361a71fbb36338450fe67865b528a43dd10ef7c51a20392?s=96&d=mm&r=g","caption":"La Sentinelle"},"sameAs":["http:\/\/www.lasentinelle.dz"],"url":"https:\/\/lasentinelle.dz\/author\/redaction\/"}]}},"_links":{"self":[{"href":"https:\/\/lasentinelle.dz\/index.php\/wp-json\/wp\/v2\/posts\/8006","targetHints":{"allow":["GET"]}}],"collection":[{"href":"https:\/\/lasentinelle.dz\/index.php\/wp-json\/wp\/v2\/posts"}],"about":[{"href":"https:\/\/lasentinelle.dz\/index.php\/wp-json\/wp\/v2\/types\/post"}],"author":[{"embeddable":true,"href":"https:\/\/lasentinelle.dz\/index.php\/wp-json\/wp\/v2\/users\/3"}],"replies":[{"embeddable":true,"href":"https:\/\/lasentinelle.dz\/index.php\/wp-json\/wp\/v2\/comments?post=8006"}],"version-history":[{"count":1,"href":"https:\/\/lasentinelle.dz\/index.php\/wp-json\/wp\/v2\/posts\/8006\/revisions"}],"predecessor-version":[{"id":8009,"href":"https:\/\/lasentinelle.dz\/index.php\/wp-json\/wp\/v2\/posts\/8006\/revisions\/8009"}],"wp:featuredmedia":[{"embeddable":true,"href":"https:\/\/lasentinelle.dz\/index.php\/wp-json\/wp\/v2\/media\/8008"}],"wp:attachment":[{"href":"https:\/\/lasentinelle.dz\/index.php\/wp-json\/wp\/v2\/media?parent=8006"}],"wp:term":[{"taxonomy":"category","embeddable":true,"href":"https:\/\/lasentinelle.dz\/index.php\/wp-json\/wp\/v2\/categories?post=8006"},{"taxonomy":"post_tag","embeddable":true,"href":"https:\/\/lasentinelle.dz\/index.php\/wp-json\/wp\/v2\/tags?post=8006"}],"curies":[{"name":"wp","href":"https:\/\/api.w.org\/{rel}","templated":true}]}}