{"id":80065,"date":"2026-01-26T12:52:47","date_gmt":"2026-01-26T11:52:47","guid":{"rendered":"https:\/\/lasentinelle.dz\/?p=80065"},"modified":"2026-01-26T12:52:48","modified_gmt":"2026-01-26T11:52:48","slug":"la-faf-dresse-le-bilan-de-lannee-2025-sous-le-signe-de-la-gouvernance-et-du-developpement-structurel","status":"publish","type":"post","link":"https:\/\/lasentinelle.dz\/index.php\/2026\/01\/26\/la-faf-dresse-le-bilan-de-lannee-2025-sous-le-signe-de-la-gouvernance-et-du-developpement-structurel\/","title":{"rendered":"La FAF dresse le bilan de l\u2019ann\u00e9e 2025\u00a0: Sous le signe de la gouvernance et du d\u00e9veloppement structurel"},"content":{"rendered":"\n<p>Le bureau f\u00e9d\u00e9ral de la F\u00e9d\u00e9ration alg\u00e9rienne de football a pr\u00e9sent\u00e9, jeudi au Centre technique national de Sidi Moussa, le bilan d\u00e9taill\u00e9 des activit\u00e9s r\u00e9alis\u00e9es au cours de l&rsquo;ann\u00e9e 2025, marqu\u00e9e par \u00ab d&rsquo;importants efforts ax\u00e9s sur l&rsquo;am\u00e9lioration de la gouvernance, le d\u00e9veloppement du football \u00e0 tous les niveaux, ainsi que le renforcement des structures organisationnelles et administratives \u00bb, selon le communiqu\u00e9 de l&rsquo;instance f\u00e9d\u00e9rale.&nbsp;<\/p>\n\n\n\n<p>Walid Sadi a pr\u00e9sid\u00e9 cette session ordinaire du bureau, constitu\u00e9e pour la premi\u00e8re ann\u00e9e de son mandat couvrant la p\u00e9riode 2025-2029. La pr\u00e9sentation du bilan intervient dans un contexte o\u00f9 la F\u00e9d\u00e9ration alg\u00e9rienne de football s&rsquo;engage r\u00e9solument dans une dynamique de transformation globale de ses structures et de ses politiques sportives. Sur le plan financier, la F\u00e9d\u00e9ration a enregistr\u00e9 une am\u00e9lioration sensible de ses ressources, directement li\u00e9e \u00e0 une gestion qu&rsquo;elle qualifie elle-m\u00eame de \u00ab responsable et rigoureuse \u00bb. Cette orientation traduit \u00ab la volont\u00e9 affirm\u00e9e d&rsquo;atteindre l&rsquo;objectif de l&rsquo;autofinancement \u00bb, selon les termes du communiqu\u00e9 f\u00e9d\u00e9ral. L&rsquo;attention port\u00e9e \u00e0 la r\u00e9forme du syst\u00e8me de comp\u00e9tition figure parmi les \u00e9l\u00e9ments centraux du travail r\u00e9alis\u00e9 au cours de cette premi\u00e8re ann\u00e9e. Le pr\u00e9sident Sadi a soulign\u00e9 que cette r\u00e9flexion strat\u00e9gique \u00ab t\u00e9moigne de la volont\u00e9 de rem\u00e9dier aux insuffisances constat\u00e9es sur le terrain, afin d&rsquo;assurer \u00e0 terme le bon d\u00e9roulement des comp\u00e9titions et de renforcer la cr\u00e9dibilit\u00e9 des instances. Le football professionnel a mobilis\u00e9 une part importante des efforts de la F\u00e9d\u00e9ration. Des mesures concr\u00e8tes ont \u00e9t\u00e9 mises en \u0153uvre visant \u00e0 \u00ab renforcer la structuration du football professionnel, d&rsquo;am\u00e9liorer la gouvernance des clubs et de promouvoir une gestion plus saine et durable, conforme aux exigences du professionnalisme et aux crit\u00e8res de la licence de club \u00bb. Parall\u00e8lement au football professionnel, le football amateur n&rsquo;a pas \u00e9t\u00e9 laiss\u00e9 de c\u00f4t\u00e9. La F\u00e9d\u00e9ration poursuit en effet \u00ab l&rsquo;accompagnement des ligues et des clubs amateurs en vue d&rsquo;am\u00e9liorer l&rsquo;organisation des comp\u00e9titions, les conditions de pratique et la formation, dans une logique de d\u00e9veloppement \u00e9quilibr\u00e9 sur l&rsquo;ensemble du territoire national \u00bb. Le football scolaire occupe une position strat\u00e9gique particuli\u00e8re dans la vision de la FAF. L&rsquo;instance f\u00e9d\u00e9rale y voit un \u00e9l\u00e9ment cl\u00e9 de d\u00e9tection des talents et un vecteur de transmission des valeurs \u00e9ducatives du sport. La F\u00e9d\u00e9ration poursuit ainsi sa collaboration avec les institutions scolaires concern\u00e9es, avec pour objectif de renforcer cette pratique \u00e0 la base. L&rsquo;organisation de la Coupe d&rsquo;Alg\u00e9rie scolaire 2025, d\u00e9clin\u00e9e aux niveaux primaire, coll\u00e8ge et lyc\u00e9e, illustre concr\u00e8tement cette orientation vers le d\u00e9veloppement de base, tandis que la participation aux tournois continentaux t\u00e9moigne de l&rsquo;ambition d&rsquo;int\u00e9grer le football scolaire alg\u00e9rien dans un contexte continental plus large.<\/p>\n\n\n\n<p>Sur le plan technique et sportif, la Direction Technique Nationale m\u00e8ne un travail approfondi destin\u00e9 \u00e0 am\u00e9liorer les performances globales des \u00e9quipes nationales et des joueurs. Cet effort s&rsquo;articule autour de trois axes majeurs : le renforcement de la formation des cadres techniques, la structuration des parcours de d\u00e9veloppement des joueurs et la mise en \u0153uvre d&rsquo;une approche globale fond\u00e9e sur la durabilit\u00e9 et l&rsquo;excellence. Ces orientations correspondent \u00e0 une vision long terme du d\u00e9veloppement du football alg\u00e9rien, qui d\u00e9passe les enjeux conjoncturels pour s&rsquo;inscrire dans une perspective de comp\u00e9titivit\u00e9 durable.<\/p>\n\n\n\n<p>En conclusion de son allocution, le pr\u00e9sident Sadi a insist\u00e9 sur le fait que \u00ab la stabilit\u00e9 de la F\u00e9d\u00e9ration est le fruit d&rsquo;un travail collectif, permettant aujourd&rsquo;hui la mise en \u0153uvre effective des diff\u00e9rents programmes de d\u00e9veloppement et le renforcement de la cr\u00e9dibilit\u00e9 de l&rsquo;instance \u00bb. Il a parall\u00e8lement appel\u00e9 l&rsquo;ensemble des composantes du football national et la famille de la presse sportive \u00e0 \u00ab \u0153uvrer conjointement dans l&rsquo;int\u00e9r\u00eat g\u00e9n\u00e9ral, afin que le football alg\u00e9rien demeure une activit\u00e9 sportive saine, f\u00e9d\u00e9ratrice et porteuse des valeurs de respect et de fair-play \u00bb.&nbsp;<\/p>\n\n\n\n<p>M. Dahleb<\/p>\n","protected":false},"excerpt":{"rendered":"<p>Le bureau f\u00e9d\u00e9ral de la F\u00e9d\u00e9ration alg\u00e9rienne de football a pr\u00e9sent\u00e9, jeudi au Centre technique national de Sidi Moussa, le<\/p>\n","protected":false},"author":6,"featured_media":80066,"comment_status":"open","ping_status":"closed","sticky":false,"template":"","format":"standard","meta":{"colormag_page_container_layout":"default_layout","colormag_page_sidebar_layout":"default_layout","om_disable_all_campaigns":false,"_monsterinsights_skip_tracking":false,"_monsterinsights_sitenote_active":false,"_monsterinsights_sitenote_note":"","_monsterinsights_sitenote_category":0,"footnotes":"","_wpscppro_dont_share_socialmedia":false,"_wpscppro_custom_social_share_image":0,"_facebook_share_type":"default","_twitter_share_type":"default","_linkedin_share_type":"default","_pinterest_share_type":"default","_linkedin_share_type_page":"","_instagram_share_type":"default","_medium_share_type":"default","_threads_share_type":"default","_google_business_share_type":"default","_selected_social_profile":[],"_wpsp_enable_custom_social_template":false,"_wpsp_social_scheduling":{"enabled":false,"datetime":null,"platforms":[],"status":"template_only","dateOption":"today","timeOption":"now","customDays":"","customHours":"","customDate":"","customTime":"","schedulingType":"absolute"},"_wpsp_active_default_template":true},"categories":[33],"tags":[],"class_list":["post-80065","post","type-post","status-publish","format-standard","has-post-thumbnail","hentry","category-sports"],"aioseo_notices":[],"yoast_head":"<!-- This site is optimized with the Yoast SEO plugin v27.5 - https:\/\/yoast.com\/product\/yoast-seo-wordpress\/ -->\n<title>La FAF dresse le bilan de l\u2019ann\u00e9e 2025\u00a0: Sous le signe de la gouvernance et du d\u00e9veloppement structurel - La Sentinelle<\/title>\n<meta name=\"robots\" content=\"index, follow, max-snippet:-1, max-image-preview:large, max-video-preview:-1\" \/>\n<link rel=\"canonical\" href=\"https:\/\/lasentinelle.dz\/index.php\/2026\/01\/26\/la-faf-dresse-le-bilan-de-lannee-2025-sous-le-signe-de-la-gouvernance-et-du-developpement-structurel\/\" \/>\n<meta property=\"og:locale\" content=\"fr_FR\" \/>\n<meta property=\"og:type\" content=\"article\" \/>\n<meta property=\"og:title\" content=\"La FAF dresse le bilan de l\u2019ann\u00e9e 2025\u00a0: Sous le signe de la gouvernance et du d\u00e9veloppement structurel - La Sentinelle\" \/>\n<meta property=\"og:description\" content=\"Le bureau f\u00e9d\u00e9ral de la F\u00e9d\u00e9ration alg\u00e9rienne de football a pr\u00e9sent\u00e9, jeudi au Centre technique national de Sidi Moussa, le\" \/>\n<meta property=\"og:url\" content=\"https:\/\/lasentinelle.dz\/index.php\/2026\/01\/26\/la-faf-dresse-le-bilan-de-lannee-2025-sous-le-signe-de-la-gouvernance-et-du-developpement-structurel\/\" \/>\n<meta property=\"og:site_name\" content=\"La Sentinelle\" \/>\n<meta property=\"article:publisher\" content=\"https:\/\/www.facebook.com\/La-Sentinelle-104059864394773\" \/>\n<meta property=\"article:published_time\" content=\"2026-01-26T11:52:47+00:00\" \/>\n<meta property=\"article:modified_time\" content=\"2026-01-26T11:52:48+00:00\" \/>\n<meta property=\"og:image\" content=\"https:\/\/lasentinelle.dz\/wp-content\/uploads\/2026\/01\/sadi.jpg\" \/>\n\t<meta property=\"og:image:width\" content=\"2156\" \/>\n\t<meta property=\"og:image:height\" content=\"1350\" \/>\n\t<meta property=\"og:image:type\" content=\"image\/jpeg\" \/>\n<meta name=\"author\" content=\"admin\" \/>\n<meta name=\"twitter:card\" content=\"summary_large_image\" \/>\n<meta name=\"twitter:label1\" content=\"\u00c9crit par\" \/>\n\t<meta name=\"twitter:data1\" content=\"admin\" \/>\n\t<meta name=\"twitter:label2\" content=\"Dur\u00e9e de lecture estim\u00e9e\" \/>\n\t<meta name=\"twitter:data2\" content=\"4 minutes\" \/>\n<script type=\"application\/ld+json\" class=\"yoast-schema-graph\">{\"@context\":\"https:\\\/\\\/schema.org\",\"@graph\":[{\"@type\":\"Article\",\"@id\":\"https:\\\/\\\/lasentinelle.dz\\\/index.php\\\/2026\\\/01\\\/26\\\/la-faf-dresse-le-bilan-de-lannee-2025-sous-le-signe-de-la-gouvernance-et-du-developpement-structurel\\\/#article\",\"isPartOf\":{\"@id\":\"https:\\\/\\\/lasentinelle.dz\\\/index.php\\\/2026\\\/01\\\/26\\\/la-faf-dresse-le-bilan-de-lannee-2025-sous-le-signe-de-la-gouvernance-et-du-developpement-structurel\\\/\"},\"author\":{\"name\":\"admin\",\"@id\":\"https:\\\/\\\/lasentinelle.dz\\\/#\\\/schema\\\/person\\\/729ee0024f24e0b8c5ec17232f8e8b41\"},\"headline\":\"La FAF dresse le bilan de l\u2019ann\u00e9e 2025\u00a0: Sous le signe de la gouvernance et du d\u00e9veloppement structurel\",\"datePublished\":\"2026-01-26T11:52:47+00:00\",\"dateModified\":\"2026-01-26T11:52:48+00:00\",\"mainEntityOfPage\":{\"@id\":\"https:\\\/\\\/lasentinelle.dz\\\/index.php\\\/2026\\\/01\\\/26\\\/la-faf-dresse-le-bilan-de-lannee-2025-sous-le-signe-de-la-gouvernance-et-du-developpement-structurel\\\/\"},\"wordCount\":748,\"commentCount\":0,\"publisher\":{\"@id\":\"https:\\\/\\\/lasentinelle.dz\\\/#organization\"},\"image\":{\"@id\":\"https:\\\/\\\/lasentinelle.dz\\\/index.php\\\/2026\\\/01\\\/26\\\/la-faf-dresse-le-bilan-de-lannee-2025-sous-le-signe-de-la-gouvernance-et-du-developpement-structurel\\\/#primaryimage\"},\"thumbnailUrl\":\"https:\\\/\\\/lasentinelle.dz\\\/wp-content\\\/uploads\\\/2026\\\/01\\\/sadi.jpg\",\"articleSection\":[\"Sports\"],\"inLanguage\":\"fr-FR\",\"potentialAction\":[{\"@type\":\"CommentAction\",\"name\":\"Comment\",\"target\":[\"https:\\\/\\\/lasentinelle.dz\\\/index.php\\\/2026\\\/01\\\/26\\\/la-faf-dresse-le-bilan-de-lannee-2025-sous-le-signe-de-la-gouvernance-et-du-developpement-structurel\\\/#respond\"]}]},{\"@type\":\"WebPage\",\"@id\":\"https:\\\/\\\/lasentinelle.dz\\\/index.php\\\/2026\\\/01\\\/26\\\/la-faf-dresse-le-bilan-de-lannee-2025-sous-le-signe-de-la-gouvernance-et-du-developpement-structurel\\\/\",\"url\":\"https:\\\/\\\/lasentinelle.dz\\\/index.php\\\/2026\\\/01\\\/26\\\/la-faf-dresse-le-bilan-de-lannee-2025-sous-le-signe-de-la-gouvernance-et-du-developpement-structurel\\\/\",\"name\":\"La FAF dresse le bilan de l\u2019ann\u00e9e 2025\u00a0: Sous le signe de la gouvernance et du d\u00e9veloppement structurel - La Sentinelle\",\"isPartOf\":{\"@id\":\"https:\\\/\\\/lasentinelle.dz\\\/#website\"},\"primaryImageOfPage\":{\"@id\":\"https:\\\/\\\/lasentinelle.dz\\\/index.php\\\/2026\\\/01\\\/26\\\/la-faf-dresse-le-bilan-de-lannee-2025-sous-le-signe-de-la-gouvernance-et-du-developpement-structurel\\\/#primaryimage\"},\"image\":{\"@id\":\"https:\\\/\\\/lasentinelle.dz\\\/index.php\\\/2026\\\/01\\\/26\\\/la-faf-dresse-le-bilan-de-lannee-2025-sous-le-signe-de-la-gouvernance-et-du-developpement-structurel\\\/#primaryimage\"},\"thumbnailUrl\":\"https:\\\/\\\/lasentinelle.dz\\\/wp-content\\\/uploads\\\/2026\\\/01\\\/sadi.jpg\",\"datePublished\":\"2026-01-26T11:52:47+00:00\",\"dateModified\":\"2026-01-26T11:52:48+00:00\",\"breadcrumb\":{\"@id\":\"https:\\\/\\\/lasentinelle.dz\\\/index.php\\\/2026\\\/01\\\/26\\\/la-faf-dresse-le-bilan-de-lannee-2025-sous-le-signe-de-la-gouvernance-et-du-developpement-structurel\\\/#breadcrumb\"},\"inLanguage\":\"fr-FR\",\"potentialAction\":[{\"@type\":\"ReadAction\",\"target\":[\"https:\\\/\\\/lasentinelle.dz\\\/index.php\\\/2026\\\/01\\\/26\\\/la-faf-dresse-le-bilan-de-lannee-2025-sous-le-signe-de-la-gouvernance-et-du-developpement-structurel\\\/\"]}]},{\"@type\":\"ImageObject\",\"inLanguage\":\"fr-FR\",\"@id\":\"https:\\\/\\\/lasentinelle.dz\\\/index.php\\\/2026\\\/01\\\/26\\\/la-faf-dresse-le-bilan-de-lannee-2025-sous-le-signe-de-la-gouvernance-et-du-developpement-structurel\\\/#primaryimage\",\"url\":\"https:\\\/\\\/lasentinelle.dz\\\/wp-content\\\/uploads\\\/2026\\\/01\\\/sadi.jpg\",\"contentUrl\":\"https:\\\/\\\/lasentinelle.dz\\\/wp-content\\\/uploads\\\/2026\\\/01\\\/sadi.jpg\",\"width\":2156,\"height\":1350},{\"@type\":\"BreadcrumbList\",\"@id\":\"https:\\\/\\\/lasentinelle.dz\\\/index.php\\\/2026\\\/01\\\/26\\\/la-faf-dresse-le-bilan-de-lannee-2025-sous-le-signe-de-la-gouvernance-et-du-developpement-structurel\\\/#breadcrumb\",\"itemListElement\":[{\"@type\":\"ListItem\",\"position\":1,\"name\":\"Accueil\",\"item\":\"https:\\\/\\\/lasentinelle.dz\\\/\"},{\"@type\":\"ListItem\",\"position\":2,\"name\":\"La FAF dresse le bilan de l\u2019ann\u00e9e 2025\u00a0: Sous le signe de la gouvernance et du d\u00e9veloppement structurel\"}]},{\"@type\":\"WebSite\",\"@id\":\"https:\\\/\\\/lasentinelle.dz\\\/#website\",\"url\":\"https:\\\/\\\/lasentinelle.dz\\\/\",\"name\":\"La Sentinelle\",\"description\":\"Quotidien national d&#039;information\",\"publisher\":{\"@id\":\"https:\\\/\\\/lasentinelle.dz\\\/#organization\"},\"potentialAction\":[{\"@type\":\"SearchAction\",\"target\":{\"@type\":\"EntryPoint\",\"urlTemplate\":\"https:\\\/\\\/lasentinelle.dz\\\/?s={search_term_string}\"},\"query-input\":{\"@type\":\"PropertyValueSpecification\",\"valueRequired\":true,\"valueName\":\"search_term_string\"}}],\"inLanguage\":\"fr-FR\"},{\"@type\":\"Organization\",\"@id\":\"https:\\\/\\\/lasentinelle.dz\\\/#organization\",\"name\":\"Quotidien La Sentinelle\",\"url\":\"https:\\\/\\\/lasentinelle.dz\\\/\",\"logo\":{\"@type\":\"ImageObject\",\"inLanguage\":\"fr-FR\",\"@id\":\"https:\\\/\\\/lasentinelle.dz\\\/#\\\/schema\\\/logo\\\/image\\\/\",\"url\":\"https:\\\/\\\/lasentinelle.dz\\\/wp-content\\\/uploads\\\/2021\\\/09\\\/logo-sentinelleSLOGAN-1.png\",\"contentUrl\":\"https:\\\/\\\/lasentinelle.dz\\\/wp-content\\\/uploads\\\/2021\\\/09\\\/logo-sentinelleSLOGAN-1.png\",\"width\":615,\"height\":142,\"caption\":\"Quotidien La Sentinelle\"},\"image\":{\"@id\":\"https:\\\/\\\/lasentinelle.dz\\\/#\\\/schema\\\/logo\\\/image\\\/\"},\"sameAs\":[\"https:\\\/\\\/www.facebook.com\\\/La-Sentinelle-104059864394773\"]},{\"@type\":\"Person\",\"@id\":\"https:\\\/\\\/lasentinelle.dz\\\/#\\\/schema\\\/person\\\/729ee0024f24e0b8c5ec17232f8e8b41\",\"name\":\"admin\",\"image\":{\"@type\":\"ImageObject\",\"inLanguage\":\"fr-FR\",\"@id\":\"https:\\\/\\\/secure.gravatar.com\\\/avatar\\\/4c81fed838786e9b53f540bf46533e750f5d292099ae3b66cfc6fb1982e29df7?s=96&d=mm&r=g\",\"url\":\"https:\\\/\\\/secure.gravatar.com\\\/avatar\\\/4c81fed838786e9b53f540bf46533e750f5d292099ae3b66cfc6fb1982e29df7?s=96&d=mm&r=g\",\"contentUrl\":\"https:\\\/\\\/secure.gravatar.com\\\/avatar\\\/4c81fed838786e9b53f540bf46533e750f5d292099ae3b66cfc6fb1982e29df7?s=96&d=mm&r=g\",\"caption\":\"admin\"},\"description\":\"admin\",\"url\":\"https:\\\/\\\/lasentinelle.dz\\\/author\\\/admin\\\/\"}]}<\/script>\n<!-- \/ Yoast SEO plugin. -->","yoast_head_json":{"title":"La FAF dresse le bilan de l\u2019ann\u00e9e 2025\u00a0: Sous le signe de la gouvernance et du d\u00e9veloppement structurel - La Sentinelle","robots":{"index":"index","follow":"follow","max-snippet":"max-snippet:-1","max-image-preview":"max-image-preview:large","max-video-preview":"max-video-preview:-1"},"canonical":"https:\/\/lasentinelle.dz\/index.php\/2026\/01\/26\/la-faf-dresse-le-bilan-de-lannee-2025-sous-le-signe-de-la-gouvernance-et-du-developpement-structurel\/","og_locale":"fr_FR","og_type":"article","og_title":"La FAF dresse le bilan de l\u2019ann\u00e9e 2025\u00a0: Sous le signe de la gouvernance et du d\u00e9veloppement structurel - La Sentinelle","og_description":"Le bureau f\u00e9d\u00e9ral de la F\u00e9d\u00e9ration alg\u00e9rienne de football a pr\u00e9sent\u00e9, jeudi au Centre technique national de Sidi Moussa, le","og_url":"https:\/\/lasentinelle.dz\/index.php\/2026\/01\/26\/la-faf-dresse-le-bilan-de-lannee-2025-sous-le-signe-de-la-gouvernance-et-du-developpement-structurel\/","og_site_name":"La Sentinelle","article_publisher":"https:\/\/www.facebook.com\/La-Sentinelle-104059864394773","article_published_time":"2026-01-26T11:52:47+00:00","article_modified_time":"2026-01-26T11:52:48+00:00","og_image":[{"width":2156,"height":1350,"url":"https:\/\/lasentinelle.dz\/wp-content\/uploads\/2026\/01\/sadi.jpg","type":"image\/jpeg"}],"author":"admin","twitter_card":"summary_large_image","twitter_misc":{"\u00c9crit par":"admin","Dur\u00e9e de lecture estim\u00e9e":"4 minutes"},"schema":{"@context":"https:\/\/schema.org","@graph":[{"@type":"Article","@id":"https:\/\/lasentinelle.dz\/index.php\/2026\/01\/26\/la-faf-dresse-le-bilan-de-lannee-2025-sous-le-signe-de-la-gouvernance-et-du-developpement-structurel\/#article","isPartOf":{"@id":"https:\/\/lasentinelle.dz\/index.php\/2026\/01\/26\/la-faf-dresse-le-bilan-de-lannee-2025-sous-le-signe-de-la-gouvernance-et-du-developpement-structurel\/"},"author":{"name":"admin","@id":"https:\/\/lasentinelle.dz\/#\/schema\/person\/729ee0024f24e0b8c5ec17232f8e8b41"},"headline":"La FAF dresse le bilan de l\u2019ann\u00e9e 2025\u00a0: Sous le signe de la gouvernance et du d\u00e9veloppement structurel","datePublished":"2026-01-26T11:52:47+00:00","dateModified":"2026-01-26T11:52:48+00:00","mainEntityOfPage":{"@id":"https:\/\/lasentinelle.dz\/index.php\/2026\/01\/26\/la-faf-dresse-le-bilan-de-lannee-2025-sous-le-signe-de-la-gouvernance-et-du-developpement-structurel\/"},"wordCount":748,"commentCount":0,"publisher":{"@id":"https:\/\/lasentinelle.dz\/#organization"},"image":{"@id":"https:\/\/lasentinelle.dz\/index.php\/2026\/01\/26\/la-faf-dresse-le-bilan-de-lannee-2025-sous-le-signe-de-la-gouvernance-et-du-developpement-structurel\/#primaryimage"},"thumbnailUrl":"https:\/\/lasentinelle.dz\/wp-content\/uploads\/2026\/01\/sadi.jpg","articleSection":["Sports"],"inLanguage":"fr-FR","potentialAction":[{"@type":"CommentAction","name":"Comment","target":["https:\/\/lasentinelle.dz\/index.php\/2026\/01\/26\/la-faf-dresse-le-bilan-de-lannee-2025-sous-le-signe-de-la-gouvernance-et-du-developpement-structurel\/#respond"]}]},{"@type":"WebPage","@id":"https:\/\/lasentinelle.dz\/index.php\/2026\/01\/26\/la-faf-dresse-le-bilan-de-lannee-2025-sous-le-signe-de-la-gouvernance-et-du-developpement-structurel\/","url":"https:\/\/lasentinelle.dz\/index.php\/2026\/01\/26\/la-faf-dresse-le-bilan-de-lannee-2025-sous-le-signe-de-la-gouvernance-et-du-developpement-structurel\/","name":"La FAF dresse le bilan de l\u2019ann\u00e9e 2025\u00a0: Sous le signe de la gouvernance et du d\u00e9veloppement structurel - La Sentinelle","isPartOf":{"@id":"https:\/\/lasentinelle.dz\/#website"},"primaryImageOfPage":{"@id":"https:\/\/lasentinelle.dz\/index.php\/2026\/01\/26\/la-faf-dresse-le-bilan-de-lannee-2025-sous-le-signe-de-la-gouvernance-et-du-developpement-structurel\/#primaryimage"},"image":{"@id":"https:\/\/lasentinelle.dz\/index.php\/2026\/01\/26\/la-faf-dresse-le-bilan-de-lannee-2025-sous-le-signe-de-la-gouvernance-et-du-developpement-structurel\/#primaryimage"},"thumbnailUrl":"https:\/\/lasentinelle.dz\/wp-content\/uploads\/2026\/01\/sadi.jpg","datePublished":"2026-01-26T11:52:47+00:00","dateModified":"2026-01-26T11:52:48+00:00","breadcrumb":{"@id":"https:\/\/lasentinelle.dz\/index.php\/2026\/01\/26\/la-faf-dresse-le-bilan-de-lannee-2025-sous-le-signe-de-la-gouvernance-et-du-developpement-structurel\/#breadcrumb"},"inLanguage":"fr-FR","potentialAction":[{"@type":"ReadAction","target":["https:\/\/lasentinelle.dz\/index.php\/2026\/01\/26\/la-faf-dresse-le-bilan-de-lannee-2025-sous-le-signe-de-la-gouvernance-et-du-developpement-structurel\/"]}]},{"@type":"ImageObject","inLanguage":"fr-FR","@id":"https:\/\/lasentinelle.dz\/index.php\/2026\/01\/26\/la-faf-dresse-le-bilan-de-lannee-2025-sous-le-signe-de-la-gouvernance-et-du-developpement-structurel\/#primaryimage","url":"https:\/\/lasentinelle.dz\/wp-content\/uploads\/2026\/01\/sadi.jpg","contentUrl":"https:\/\/lasentinelle.dz\/wp-content\/uploads\/2026\/01\/sadi.jpg","width":2156,"height":1350},{"@type":"BreadcrumbList","@id":"https:\/\/lasentinelle.dz\/index.php\/2026\/01\/26\/la-faf-dresse-le-bilan-de-lannee-2025-sous-le-signe-de-la-gouvernance-et-du-developpement-structurel\/#breadcrumb","itemListElement":[{"@type":"ListItem","position":1,"name":"Accueil","item":"https:\/\/lasentinelle.dz\/"},{"@type":"ListItem","position":2,"name":"La FAF dresse le bilan de l\u2019ann\u00e9e 2025\u00a0: Sous le signe de la gouvernance et du d\u00e9veloppement structurel"}]},{"@type":"WebSite","@id":"https:\/\/lasentinelle.dz\/#website","url":"https:\/\/lasentinelle.dz\/","name":"La Sentinelle","description":"Quotidien national d&#039;information","publisher":{"@id":"https:\/\/lasentinelle.dz\/#organization"},"potentialAction":[{"@type":"SearchAction","target":{"@type":"EntryPoint","urlTemplate":"https:\/\/lasentinelle.dz\/?s={search_term_string}"},"query-input":{"@type":"PropertyValueSpecification","valueRequired":true,"valueName":"search_term_string"}}],"inLanguage":"fr-FR"},{"@type":"Organization","@id":"https:\/\/lasentinelle.dz\/#organization","name":"Quotidien La Sentinelle","url":"https:\/\/lasentinelle.dz\/","logo":{"@type":"ImageObject","inLanguage":"fr-FR","@id":"https:\/\/lasentinelle.dz\/#\/schema\/logo\/image\/","url":"https:\/\/lasentinelle.dz\/wp-content\/uploads\/2021\/09\/logo-sentinelleSLOGAN-1.png","contentUrl":"https:\/\/lasentinelle.dz\/wp-content\/uploads\/2021\/09\/logo-sentinelleSLOGAN-1.png","width":615,"height":142,"caption":"Quotidien La Sentinelle"},"image":{"@id":"https:\/\/lasentinelle.dz\/#\/schema\/logo\/image\/"},"sameAs":["https:\/\/www.facebook.com\/La-Sentinelle-104059864394773"]},{"@type":"Person","@id":"https:\/\/lasentinelle.dz\/#\/schema\/person\/729ee0024f24e0b8c5ec17232f8e8b41","name":"admin","image":{"@type":"ImageObject","inLanguage":"fr-FR","@id":"https:\/\/secure.gravatar.com\/avatar\/4c81fed838786e9b53f540bf46533e750f5d292099ae3b66cfc6fb1982e29df7?s=96&d=mm&r=g","url":"https:\/\/secure.gravatar.com\/avatar\/4c81fed838786e9b53f540bf46533e750f5d292099ae3b66cfc6fb1982e29df7?s=96&d=mm&r=g","contentUrl":"https:\/\/secure.gravatar.com\/avatar\/4c81fed838786e9b53f540bf46533e750f5d292099ae3b66cfc6fb1982e29df7?s=96&d=mm&r=g","caption":"admin"},"description":"admin","url":"https:\/\/lasentinelle.dz\/author\/admin\/"}]}},"_links":{"self":[{"href":"https:\/\/lasentinelle.dz\/index.php\/wp-json\/wp\/v2\/posts\/80065","targetHints":{"allow":["GET"]}}],"collection":[{"href":"https:\/\/lasentinelle.dz\/index.php\/wp-json\/wp\/v2\/posts"}],"about":[{"href":"https:\/\/lasentinelle.dz\/index.php\/wp-json\/wp\/v2\/types\/post"}],"author":[{"embeddable":true,"href":"https:\/\/lasentinelle.dz\/index.php\/wp-json\/wp\/v2\/users\/6"}],"replies":[{"embeddable":true,"href":"https:\/\/lasentinelle.dz\/index.php\/wp-json\/wp\/v2\/comments?post=80065"}],"version-history":[{"count":1,"href":"https:\/\/lasentinelle.dz\/index.php\/wp-json\/wp\/v2\/posts\/80065\/revisions"}],"predecessor-version":[{"id":80067,"href":"https:\/\/lasentinelle.dz\/index.php\/wp-json\/wp\/v2\/posts\/80065\/revisions\/80067"}],"wp:featuredmedia":[{"embeddable":true,"href":"https:\/\/lasentinelle.dz\/index.php\/wp-json\/wp\/v2\/media\/80066"}],"wp:attachment":[{"href":"https:\/\/lasentinelle.dz\/index.php\/wp-json\/wp\/v2\/media?parent=80065"}],"wp:term":[{"taxonomy":"category","embeddable":true,"href":"https:\/\/lasentinelle.dz\/index.php\/wp-json\/wp\/v2\/categories?post=80065"},{"taxonomy":"post_tag","embeddable":true,"href":"https:\/\/lasentinelle.dz\/index.php\/wp-json\/wp\/v2\/tags?post=80065"}],"curies":[{"name":"wp","href":"https:\/\/api.w.org\/{rel}","templated":true}]}}