{"id":80071,"date":"2026-01-26T12:54:33","date_gmt":"2026-01-26T11:54:33","guid":{"rendered":"https:\/\/lasentinelle.dz\/?p=80071"},"modified":"2026-01-26T12:54:35","modified_gmt":"2026-01-26T11:54:35","slug":"universite-de-medea-session-de-formation-a-lentrepreneuriat","status":"publish","type":"post","link":"https:\/\/lasentinelle.dz\/index.php\/2026\/01\/26\/universite-de-medea-session-de-formation-a-lentrepreneuriat\/","title":{"rendered":"Universit\u00e9 de M\u00e9d\u00e9a\u00a0: Session de formation \u00e0 l\u2019entrepreneuriat"},"content":{"rendered":"\n<p>Plus d\u2019une quarantaine de responsables d\u2019incubateurs universitaires issus des \u00e9tablissements du centre du pays ont pris part, dimanche \u00e0 l\u2019universit\u00e9 Yahia Fares de M\u00e9d\u00e9a, \u00e0 une session de formation consacr\u00e9e \u00e0 l\u2019entrepreneuriat, aux start-up et aux incubateurs, organis\u00e9e dans le cadre de la coop\u00e9ration alg\u00e9ro-italienne dans le domaine de l\u2019enseignement sup\u00e9rieur et de l\u2019innovation. Cette rencontre s\u2019inscrit dans un partenariat avec l\u2019Agence de d\u00e9veloppement \u00e9conomique et financier de la r\u00e9gion italienne de Ligurie (FILSE), et intervient dans le prolongement d\u2019une premi\u00e8re session tenue r\u00e9cemment \u00e0 l\u2019universit\u00e9 de Tlemcen. \u00c9tendue sur deux jours, cette formation s\u2019inscrit dans la mise en \u0153uvre de la convention de partenariat sign\u00e9e entre le minist\u00e8re de l\u2019Enseignement sup\u00e9rieur et de la Recherche scientifique et l\u2019universit\u00e9 de G\u00eanes, visant \u00e0 renforcer les \u00e9changes acad\u00e9miques et le transfert d\u2019expertise en mati\u00e8re d\u2019innovation. Encadr\u00e9s par des experts de la FILSE et des cadres du minist\u00e8re, les ateliers propos\u00e9s ont port\u00e9 sur le d\u00e9veloppement de l\u2019\u00e9cosyst\u00e8me entrepreneurial universitaire, le fonctionnement des incubateurs, ainsi que les techniques de management et de gestion de projets innovants. Intervenant \u00e0 cette occasion, la directrice g\u00e9n\u00e9rale adjointe de la FILSE, Maria Nives Riggio, a soulign\u00e9 que ces ateliers ont pour objectif \u00ab de renforcer la coop\u00e9ration entre les universit\u00e9s alg\u00e9riennes et italiennes et de favoriser l\u2019\u00e9change d\u2019exp\u00e9riences dans les domaines de l\u2019entrepreneuriat, des start-up et des incubateurs \u00bb, ajoutant qu\u2019ils constituent \u00e9galement un espace de d\u00e9bat autour des pratiques manag\u00e9riales et des outils de pilotage des projets innovants. Pour sa part, la responsable du d\u00e9partement de la coop\u00e9ration au minist\u00e8re de l\u2019Enseignement sup\u00e9rieur et de la Recherche scientifique, Nada Nouri, a expliqu\u00e9 que la convention conclue avec le partenaire italien vise \u00e0 \u00ab consolider les relations universitaires entre les deux pays, \u00e0 mettre en place des cursus acad\u00e9miques communs et \u00e0 ouvrir la voie \u00e0 l\u2019accueil et \u00e0 l\u2019accompagnement de projets dans les domaines des start-up et de l\u2019entrepreneuriat \u00bb. Elle a \u00e9galement mis en avant l\u2019importance de ces initiatives pour renforcer l\u2019ouverture internationale des universit\u00e9s alg\u00e9riennes et am\u00e9liorer leur attractivit\u00e9. De son c\u00f4t\u00e9, le responsable de la coordination et du suivi de l\u2019innovation et des incubateurs universitaires au sein du m\u00eame minist\u00e8re, Ahmed Mir, a estim\u00e9 que l\u2019organisation de ces sessions de formation s\u2019inscrit dans une d\u00e9marche visant \u00ab \u00e0 am\u00e9liorer les performances des incubateurs universitaires et \u00e0 valoriser l\u2019environnement entrepreneurial en Alg\u00e9rie \u00bb, en dotant les responsables de structures d\u2019appui des comp\u00e9tences n\u00e9cessaires pour accompagner efficacement les porteurs de projets innovants. \u00c0 travers cette formation, les organisateurs entendent ainsi contribuer \u00e0 l\u2019\u00e9mergence d\u2019un \u00e9cosyst\u00e8me universitaire plus dynamique, capable de stimuler la cr\u00e9ation de start-up, de favoriser l\u2019innovation et de renforcer le r\u00f4le de l\u2019universit\u00e9 comme acteur central du d\u00e9veloppement \u00e9conomique.<\/p>\n\n\n\n<p>R.R.<\/p>\n","protected":false},"excerpt":{"rendered":"<p>Plus d\u2019une quarantaine de responsables d\u2019incubateurs universitaires issus des \u00e9tablissements du centre du pays ont pris part, dimanche \u00e0 l\u2019universit\u00e9<\/p>\n","protected":false},"author":6,"featured_media":47029,"comment_status":"open","ping_status":"closed","sticky":false,"template":"","format":"standard","meta":{"colormag_page_container_layout":"default_layout","colormag_page_sidebar_layout":"default_layout","om_disable_all_campaigns":false,"_monsterinsights_skip_tracking":false,"_monsterinsights_sitenote_active":false,"_monsterinsights_sitenote_note":"","_monsterinsights_sitenote_category":0,"footnotes":"","_wpscppro_dont_share_socialmedia":false,"_wpscppro_custom_social_share_image":0,"_facebook_share_type":"default","_twitter_share_type":"default","_linkedin_share_type":"default","_pinterest_share_type":"default","_linkedin_share_type_page":"","_instagram_share_type":"default","_medium_share_type":"default","_threads_share_type":"default","_google_business_share_type":"default","_selected_social_profile":[],"_wpsp_enable_custom_social_template":false,"_wpsp_social_scheduling":{"enabled":false,"datetime":null,"platforms":[],"status":"template_only","dateOption":"today","timeOption":"now","customDays":"","customHours":"","customDate":"","customTime":"","schedulingType":"absolute"},"_wpsp_active_default_template":true},"categories":[31],"tags":[],"class_list":["post-80071","post","type-post","status-publish","format-standard","has-post-thumbnail","hentry","category-regions"],"aioseo_notices":[],"yoast_head":"<!-- This site is optimized with the Yoast SEO plugin v27.5 - https:\/\/yoast.com\/product\/yoast-seo-wordpress\/ -->\n<title>Universit\u00e9 de M\u00e9d\u00e9a\u00a0: Session de formation \u00e0 l\u2019entrepreneuriat - La Sentinelle<\/title>\n<meta name=\"robots\" content=\"index, follow, max-snippet:-1, max-image-preview:large, max-video-preview:-1\" \/>\n<link rel=\"canonical\" href=\"https:\/\/lasentinelle.dz\/index.php\/2026\/01\/26\/universite-de-medea-session-de-formation-a-lentrepreneuriat\/\" \/>\n<meta property=\"og:locale\" content=\"fr_FR\" \/>\n<meta property=\"og:type\" content=\"article\" \/>\n<meta property=\"og:title\" content=\"Universit\u00e9 de M\u00e9d\u00e9a\u00a0: Session de formation \u00e0 l\u2019entrepreneuriat - La Sentinelle\" \/>\n<meta property=\"og:description\" content=\"Plus d\u2019une quarantaine de responsables d\u2019incubateurs universitaires issus des \u00e9tablissements du centre du pays ont pris part, dimanche \u00e0 l\u2019universit\u00e9\" \/>\n<meta property=\"og:url\" content=\"https:\/\/lasentinelle.dz\/index.php\/2026\/01\/26\/universite-de-medea-session-de-formation-a-lentrepreneuriat\/\" \/>\n<meta property=\"og:site_name\" content=\"La Sentinelle\" \/>\n<meta property=\"article:publisher\" content=\"https:\/\/www.facebook.com\/La-Sentinelle-104059864394773\" \/>\n<meta property=\"article:published_time\" content=\"2026-01-26T11:54:33+00:00\" \/>\n<meta property=\"article:modified_time\" content=\"2026-01-26T11:54:35+00:00\" \/>\n<meta property=\"og:image\" content=\"https:\/\/lasentinelle.dz\/wp-content\/uploads\/2023\/11\/entrepreneuriat.jpeg\" \/>\n\t<meta property=\"og:image:width\" content=\"869\" \/>\n\t<meta property=\"og:image:height\" content=\"546\" \/>\n\t<meta property=\"og:image:type\" content=\"image\/jpeg\" \/>\n<meta name=\"author\" content=\"admin\" \/>\n<meta name=\"twitter:card\" content=\"summary_large_image\" \/>\n<meta name=\"twitter:label1\" content=\"\u00c9crit par\" \/>\n\t<meta name=\"twitter:data1\" content=\"admin\" \/>\n\t<meta name=\"twitter:label2\" content=\"Dur\u00e9e de lecture estim\u00e9e\" \/>\n\t<meta name=\"twitter:data2\" content=\"3 minutes\" \/>\n<script type=\"application\/ld+json\" class=\"yoast-schema-graph\">{\"@context\":\"https:\\\/\\\/schema.org\",\"@graph\":[{\"@type\":\"Article\",\"@id\":\"https:\\\/\\\/lasentinelle.dz\\\/index.php\\\/2026\\\/01\\\/26\\\/universite-de-medea-session-de-formation-a-lentrepreneuriat\\\/#article\",\"isPartOf\":{\"@id\":\"https:\\\/\\\/lasentinelle.dz\\\/index.php\\\/2026\\\/01\\\/26\\\/universite-de-medea-session-de-formation-a-lentrepreneuriat\\\/\"},\"author\":{\"name\":\"admin\",\"@id\":\"https:\\\/\\\/lasentinelle.dz\\\/#\\\/schema\\\/person\\\/729ee0024f24e0b8c5ec17232f8e8b41\"},\"headline\":\"Universit\u00e9 de M\u00e9d\u00e9a\u00a0: Session de formation \u00e0 l\u2019entrepreneuriat\",\"datePublished\":\"2026-01-26T11:54:33+00:00\",\"dateModified\":\"2026-01-26T11:54:35+00:00\",\"mainEntityOfPage\":{\"@id\":\"https:\\\/\\\/lasentinelle.dz\\\/index.php\\\/2026\\\/01\\\/26\\\/universite-de-medea-session-de-formation-a-lentrepreneuriat\\\/\"},\"wordCount\":523,\"commentCount\":0,\"publisher\":{\"@id\":\"https:\\\/\\\/lasentinelle.dz\\\/#organization\"},\"image\":{\"@id\":\"https:\\\/\\\/lasentinelle.dz\\\/index.php\\\/2026\\\/01\\\/26\\\/universite-de-medea-session-de-formation-a-lentrepreneuriat\\\/#primaryimage\"},\"thumbnailUrl\":\"https:\\\/\\\/lasentinelle.dz\\\/wp-content\\\/uploads\\\/2023\\\/11\\\/entrepreneuriat.jpeg\",\"articleSection\":[\"R\u00e9gions\"],\"inLanguage\":\"fr-FR\",\"potentialAction\":[{\"@type\":\"CommentAction\",\"name\":\"Comment\",\"target\":[\"https:\\\/\\\/lasentinelle.dz\\\/index.php\\\/2026\\\/01\\\/26\\\/universite-de-medea-session-de-formation-a-lentrepreneuriat\\\/#respond\"]}]},{\"@type\":\"WebPage\",\"@id\":\"https:\\\/\\\/lasentinelle.dz\\\/index.php\\\/2026\\\/01\\\/26\\\/universite-de-medea-session-de-formation-a-lentrepreneuriat\\\/\",\"url\":\"https:\\\/\\\/lasentinelle.dz\\\/index.php\\\/2026\\\/01\\\/26\\\/universite-de-medea-session-de-formation-a-lentrepreneuriat\\\/\",\"name\":\"Universit\u00e9 de M\u00e9d\u00e9a\u00a0: Session de formation \u00e0 l\u2019entrepreneuriat - La Sentinelle\",\"isPartOf\":{\"@id\":\"https:\\\/\\\/lasentinelle.dz\\\/#website\"},\"primaryImageOfPage\":{\"@id\":\"https:\\\/\\\/lasentinelle.dz\\\/index.php\\\/2026\\\/01\\\/26\\\/universite-de-medea-session-de-formation-a-lentrepreneuriat\\\/#primaryimage\"},\"image\":{\"@id\":\"https:\\\/\\\/lasentinelle.dz\\\/index.php\\\/2026\\\/01\\\/26\\\/universite-de-medea-session-de-formation-a-lentrepreneuriat\\\/#primaryimage\"},\"thumbnailUrl\":\"https:\\\/\\\/lasentinelle.dz\\\/wp-content\\\/uploads\\\/2023\\\/11\\\/entrepreneuriat.jpeg\",\"datePublished\":\"2026-01-26T11:54:33+00:00\",\"dateModified\":\"2026-01-26T11:54:35+00:00\",\"breadcrumb\":{\"@id\":\"https:\\\/\\\/lasentinelle.dz\\\/index.php\\\/2026\\\/01\\\/26\\\/universite-de-medea-session-de-formation-a-lentrepreneuriat\\\/#breadcrumb\"},\"inLanguage\":\"fr-FR\",\"potentialAction\":[{\"@type\":\"ReadAction\",\"target\":[\"https:\\\/\\\/lasentinelle.dz\\\/index.php\\\/2026\\\/01\\\/26\\\/universite-de-medea-session-de-formation-a-lentrepreneuriat\\\/\"]}]},{\"@type\":\"ImageObject\",\"inLanguage\":\"fr-FR\",\"@id\":\"https:\\\/\\\/lasentinelle.dz\\\/index.php\\\/2026\\\/01\\\/26\\\/universite-de-medea-session-de-formation-a-lentrepreneuriat\\\/#primaryimage\",\"url\":\"https:\\\/\\\/lasentinelle.dz\\\/wp-content\\\/uploads\\\/2023\\\/11\\\/entrepreneuriat.jpeg\",\"contentUrl\":\"https:\\\/\\\/lasentinelle.dz\\\/wp-content\\\/uploads\\\/2023\\\/11\\\/entrepreneuriat.jpeg\",\"width\":869,\"height\":546},{\"@type\":\"BreadcrumbList\",\"@id\":\"https:\\\/\\\/lasentinelle.dz\\\/index.php\\\/2026\\\/01\\\/26\\\/universite-de-medea-session-de-formation-a-lentrepreneuriat\\\/#breadcrumb\",\"itemListElement\":[{\"@type\":\"ListItem\",\"position\":1,\"name\":\"Accueil\",\"item\":\"https:\\\/\\\/lasentinelle.dz\\\/\"},{\"@type\":\"ListItem\",\"position\":2,\"name\":\"Universit\u00e9 de M\u00e9d\u00e9a\u00a0: Session de formation \u00e0 l\u2019entrepreneuriat\"}]},{\"@type\":\"WebSite\",\"@id\":\"https:\\\/\\\/lasentinelle.dz\\\/#website\",\"url\":\"https:\\\/\\\/lasentinelle.dz\\\/\",\"name\":\"La Sentinelle\",\"description\":\"Quotidien national d&#039;information\",\"publisher\":{\"@id\":\"https:\\\/\\\/lasentinelle.dz\\\/#organization\"},\"potentialAction\":[{\"@type\":\"SearchAction\",\"target\":{\"@type\":\"EntryPoint\",\"urlTemplate\":\"https:\\\/\\\/lasentinelle.dz\\\/?s={search_term_string}\"},\"query-input\":{\"@type\":\"PropertyValueSpecification\",\"valueRequired\":true,\"valueName\":\"search_term_string\"}}],\"inLanguage\":\"fr-FR\"},{\"@type\":\"Organization\",\"@id\":\"https:\\\/\\\/lasentinelle.dz\\\/#organization\",\"name\":\"Quotidien La Sentinelle\",\"url\":\"https:\\\/\\\/lasentinelle.dz\\\/\",\"logo\":{\"@type\":\"ImageObject\",\"inLanguage\":\"fr-FR\",\"@id\":\"https:\\\/\\\/lasentinelle.dz\\\/#\\\/schema\\\/logo\\\/image\\\/\",\"url\":\"https:\\\/\\\/lasentinelle.dz\\\/wp-content\\\/uploads\\\/2021\\\/09\\\/logo-sentinelleSLOGAN-1.png\",\"contentUrl\":\"https:\\\/\\\/lasentinelle.dz\\\/wp-content\\\/uploads\\\/2021\\\/09\\\/logo-sentinelleSLOGAN-1.png\",\"width\":615,\"height\":142,\"caption\":\"Quotidien La Sentinelle\"},\"image\":{\"@id\":\"https:\\\/\\\/lasentinelle.dz\\\/#\\\/schema\\\/logo\\\/image\\\/\"},\"sameAs\":[\"https:\\\/\\\/www.facebook.com\\\/La-Sentinelle-104059864394773\"]},{\"@type\":\"Person\",\"@id\":\"https:\\\/\\\/lasentinelle.dz\\\/#\\\/schema\\\/person\\\/729ee0024f24e0b8c5ec17232f8e8b41\",\"name\":\"admin\",\"image\":{\"@type\":\"ImageObject\",\"inLanguage\":\"fr-FR\",\"@id\":\"https:\\\/\\\/secure.gravatar.com\\\/avatar\\\/4c81fed838786e9b53f540bf46533e750f5d292099ae3b66cfc6fb1982e29df7?s=96&d=mm&r=g\",\"url\":\"https:\\\/\\\/secure.gravatar.com\\\/avatar\\\/4c81fed838786e9b53f540bf46533e750f5d292099ae3b66cfc6fb1982e29df7?s=96&d=mm&r=g\",\"contentUrl\":\"https:\\\/\\\/secure.gravatar.com\\\/avatar\\\/4c81fed838786e9b53f540bf46533e750f5d292099ae3b66cfc6fb1982e29df7?s=96&d=mm&r=g\",\"caption\":\"admin\"},\"description\":\"admin\",\"url\":\"https:\\\/\\\/lasentinelle.dz\\\/author\\\/admin\\\/\"}]}<\/script>\n<!-- \/ Yoast SEO plugin. -->","yoast_head_json":{"title":"Universit\u00e9 de M\u00e9d\u00e9a\u00a0: Session de formation \u00e0 l\u2019entrepreneuriat - La Sentinelle","robots":{"index":"index","follow":"follow","max-snippet":"max-snippet:-1","max-image-preview":"max-image-preview:large","max-video-preview":"max-video-preview:-1"},"canonical":"https:\/\/lasentinelle.dz\/index.php\/2026\/01\/26\/universite-de-medea-session-de-formation-a-lentrepreneuriat\/","og_locale":"fr_FR","og_type":"article","og_title":"Universit\u00e9 de M\u00e9d\u00e9a\u00a0: Session de formation \u00e0 l\u2019entrepreneuriat - La Sentinelle","og_description":"Plus d\u2019une quarantaine de responsables d\u2019incubateurs universitaires issus des \u00e9tablissements du centre du pays ont pris part, dimanche \u00e0 l\u2019universit\u00e9","og_url":"https:\/\/lasentinelle.dz\/index.php\/2026\/01\/26\/universite-de-medea-session-de-formation-a-lentrepreneuriat\/","og_site_name":"La Sentinelle","article_publisher":"https:\/\/www.facebook.com\/La-Sentinelle-104059864394773","article_published_time":"2026-01-26T11:54:33+00:00","article_modified_time":"2026-01-26T11:54:35+00:00","og_image":[{"width":869,"height":546,"url":"https:\/\/lasentinelle.dz\/wp-content\/uploads\/2023\/11\/entrepreneuriat.jpeg","type":"image\/jpeg"}],"author":"admin","twitter_card":"summary_large_image","twitter_misc":{"\u00c9crit par":"admin","Dur\u00e9e de lecture estim\u00e9e":"3 minutes"},"schema":{"@context":"https:\/\/schema.org","@graph":[{"@type":"Article","@id":"https:\/\/lasentinelle.dz\/index.php\/2026\/01\/26\/universite-de-medea-session-de-formation-a-lentrepreneuriat\/#article","isPartOf":{"@id":"https:\/\/lasentinelle.dz\/index.php\/2026\/01\/26\/universite-de-medea-session-de-formation-a-lentrepreneuriat\/"},"author":{"name":"admin","@id":"https:\/\/lasentinelle.dz\/#\/schema\/person\/729ee0024f24e0b8c5ec17232f8e8b41"},"headline":"Universit\u00e9 de M\u00e9d\u00e9a\u00a0: Session de formation \u00e0 l\u2019entrepreneuriat","datePublished":"2026-01-26T11:54:33+00:00","dateModified":"2026-01-26T11:54:35+00:00","mainEntityOfPage":{"@id":"https:\/\/lasentinelle.dz\/index.php\/2026\/01\/26\/universite-de-medea-session-de-formation-a-lentrepreneuriat\/"},"wordCount":523,"commentCount":0,"publisher":{"@id":"https:\/\/lasentinelle.dz\/#organization"},"image":{"@id":"https:\/\/lasentinelle.dz\/index.php\/2026\/01\/26\/universite-de-medea-session-de-formation-a-lentrepreneuriat\/#primaryimage"},"thumbnailUrl":"https:\/\/lasentinelle.dz\/wp-content\/uploads\/2023\/11\/entrepreneuriat.jpeg","articleSection":["R\u00e9gions"],"inLanguage":"fr-FR","potentialAction":[{"@type":"CommentAction","name":"Comment","target":["https:\/\/lasentinelle.dz\/index.php\/2026\/01\/26\/universite-de-medea-session-de-formation-a-lentrepreneuriat\/#respond"]}]},{"@type":"WebPage","@id":"https:\/\/lasentinelle.dz\/index.php\/2026\/01\/26\/universite-de-medea-session-de-formation-a-lentrepreneuriat\/","url":"https:\/\/lasentinelle.dz\/index.php\/2026\/01\/26\/universite-de-medea-session-de-formation-a-lentrepreneuriat\/","name":"Universit\u00e9 de M\u00e9d\u00e9a\u00a0: Session de formation \u00e0 l\u2019entrepreneuriat - La Sentinelle","isPartOf":{"@id":"https:\/\/lasentinelle.dz\/#website"},"primaryImageOfPage":{"@id":"https:\/\/lasentinelle.dz\/index.php\/2026\/01\/26\/universite-de-medea-session-de-formation-a-lentrepreneuriat\/#primaryimage"},"image":{"@id":"https:\/\/lasentinelle.dz\/index.php\/2026\/01\/26\/universite-de-medea-session-de-formation-a-lentrepreneuriat\/#primaryimage"},"thumbnailUrl":"https:\/\/lasentinelle.dz\/wp-content\/uploads\/2023\/11\/entrepreneuriat.jpeg","datePublished":"2026-01-26T11:54:33+00:00","dateModified":"2026-01-26T11:54:35+00:00","breadcrumb":{"@id":"https:\/\/lasentinelle.dz\/index.php\/2026\/01\/26\/universite-de-medea-session-de-formation-a-lentrepreneuriat\/#breadcrumb"},"inLanguage":"fr-FR","potentialAction":[{"@type":"ReadAction","target":["https:\/\/lasentinelle.dz\/index.php\/2026\/01\/26\/universite-de-medea-session-de-formation-a-lentrepreneuriat\/"]}]},{"@type":"ImageObject","inLanguage":"fr-FR","@id":"https:\/\/lasentinelle.dz\/index.php\/2026\/01\/26\/universite-de-medea-session-de-formation-a-lentrepreneuriat\/#primaryimage","url":"https:\/\/lasentinelle.dz\/wp-content\/uploads\/2023\/11\/entrepreneuriat.jpeg","contentUrl":"https:\/\/lasentinelle.dz\/wp-content\/uploads\/2023\/11\/entrepreneuriat.jpeg","width":869,"height":546},{"@type":"BreadcrumbList","@id":"https:\/\/lasentinelle.dz\/index.php\/2026\/01\/26\/universite-de-medea-session-de-formation-a-lentrepreneuriat\/#breadcrumb","itemListElement":[{"@type":"ListItem","position":1,"name":"Accueil","item":"https:\/\/lasentinelle.dz\/"},{"@type":"ListItem","position":2,"name":"Universit\u00e9 de M\u00e9d\u00e9a\u00a0: Session de formation \u00e0 l\u2019entrepreneuriat"}]},{"@type":"WebSite","@id":"https:\/\/lasentinelle.dz\/#website","url":"https:\/\/lasentinelle.dz\/","name":"La Sentinelle","description":"Quotidien national d&#039;information","publisher":{"@id":"https:\/\/lasentinelle.dz\/#organization"},"potentialAction":[{"@type":"SearchAction","target":{"@type":"EntryPoint","urlTemplate":"https:\/\/lasentinelle.dz\/?s={search_term_string}"},"query-input":{"@type":"PropertyValueSpecification","valueRequired":true,"valueName":"search_term_string"}}],"inLanguage":"fr-FR"},{"@type":"Organization","@id":"https:\/\/lasentinelle.dz\/#organization","name":"Quotidien La Sentinelle","url":"https:\/\/lasentinelle.dz\/","logo":{"@type":"ImageObject","inLanguage":"fr-FR","@id":"https:\/\/lasentinelle.dz\/#\/schema\/logo\/image\/","url":"https:\/\/lasentinelle.dz\/wp-content\/uploads\/2021\/09\/logo-sentinelleSLOGAN-1.png","contentUrl":"https:\/\/lasentinelle.dz\/wp-content\/uploads\/2021\/09\/logo-sentinelleSLOGAN-1.png","width":615,"height":142,"caption":"Quotidien La Sentinelle"},"image":{"@id":"https:\/\/lasentinelle.dz\/#\/schema\/logo\/image\/"},"sameAs":["https:\/\/www.facebook.com\/La-Sentinelle-104059864394773"]},{"@type":"Person","@id":"https:\/\/lasentinelle.dz\/#\/schema\/person\/729ee0024f24e0b8c5ec17232f8e8b41","name":"admin","image":{"@type":"ImageObject","inLanguage":"fr-FR","@id":"https:\/\/secure.gravatar.com\/avatar\/4c81fed838786e9b53f540bf46533e750f5d292099ae3b66cfc6fb1982e29df7?s=96&d=mm&r=g","url":"https:\/\/secure.gravatar.com\/avatar\/4c81fed838786e9b53f540bf46533e750f5d292099ae3b66cfc6fb1982e29df7?s=96&d=mm&r=g","contentUrl":"https:\/\/secure.gravatar.com\/avatar\/4c81fed838786e9b53f540bf46533e750f5d292099ae3b66cfc6fb1982e29df7?s=96&d=mm&r=g","caption":"admin"},"description":"admin","url":"https:\/\/lasentinelle.dz\/author\/admin\/"}]}},"_links":{"self":[{"href":"https:\/\/lasentinelle.dz\/index.php\/wp-json\/wp\/v2\/posts\/80071","targetHints":{"allow":["GET"]}}],"collection":[{"href":"https:\/\/lasentinelle.dz\/index.php\/wp-json\/wp\/v2\/posts"}],"about":[{"href":"https:\/\/lasentinelle.dz\/index.php\/wp-json\/wp\/v2\/types\/post"}],"author":[{"embeddable":true,"href":"https:\/\/lasentinelle.dz\/index.php\/wp-json\/wp\/v2\/users\/6"}],"replies":[{"embeddable":true,"href":"https:\/\/lasentinelle.dz\/index.php\/wp-json\/wp\/v2\/comments?post=80071"}],"version-history":[{"count":1,"href":"https:\/\/lasentinelle.dz\/index.php\/wp-json\/wp\/v2\/posts\/80071\/revisions"}],"predecessor-version":[{"id":80072,"href":"https:\/\/lasentinelle.dz\/index.php\/wp-json\/wp\/v2\/posts\/80071\/revisions\/80072"}],"wp:featuredmedia":[{"embeddable":true,"href":"https:\/\/lasentinelle.dz\/index.php\/wp-json\/wp\/v2\/media\/47029"}],"wp:attachment":[{"href":"https:\/\/lasentinelle.dz\/index.php\/wp-json\/wp\/v2\/media?parent=80071"}],"wp:term":[{"taxonomy":"category","embeddable":true,"href":"https:\/\/lasentinelle.dz\/index.php\/wp-json\/wp\/v2\/categories?post=80071"},{"taxonomy":"post_tag","embeddable":true,"href":"https:\/\/lasentinelle.dz\/index.php\/wp-json\/wp\/v2\/tags?post=80071"}],"curies":[{"name":"wp","href":"https:\/\/api.w.org\/{rel}","templated":true}]}}