{"id":80077,"date":"2026-01-26T13:07:30","date_gmt":"2026-01-26T12:07:30","guid":{"rendered":"https:\/\/lasentinelle.dz\/?p=80077"},"modified":"2026-01-26T13:07:31","modified_gmt":"2026-01-26T12:07:31","slug":"port-dannaba-le-transport-ferroviaire-des-conteneurs-vides-relance","status":"publish","type":"post","link":"https:\/\/lasentinelle.dz\/index.php\/2026\/01\/26\/port-dannaba-le-transport-ferroviaire-des-conteneurs-vides-relance\/","title":{"rendered":"Port d\u2019Annaba\u00a0: Le transport ferroviaire des conteneurs vides relanc\u00e9"},"content":{"rendered":"\n<p>Le transport ferroviaire des conteneurs vides entre la zone de stockage de La\u00e2lalig et le port d\u2019Annaba a \u00e9t\u00e9 relanc\u00e9 et s\u2019inscrit dans le cadre de la modernisation logistique des infrastructures portuaires nationales. Annonc\u00e9e par le minist\u00e8re de l\u2019Int\u00e9rieur, des Collectivit\u00e9s locales et des Transports, cette op\u00e9ration vise \u00e0 d\u00e9sengorger durablement les ports et \u00e0 am\u00e9liorer la comp\u00e9titivit\u00e9 de la cha\u00eene logistique. Cette initiative s\u2019inscrit, selon le communiqu\u00e9 publi\u00e9 dimanche, dans \u00ab le cadre de l\u2019am\u00e9lioration des performances des infrastructures portuaires et du renforcement de leur efficacit\u00e9 op\u00e9rationnelle \u00bb, conform\u00e9ment aux instructions du ministre Sa\u00efd Sayoud, qui appelle \u00e0 \u00ab des solutions logistiques innovantes pour r\u00e9duire la pression sur les ports \u00bb. Inspir\u00e9e d\u2019une exp\u00e9rience d\u00e9j\u00e0 men\u00e9e au port d\u2019Alger, o\u00f9 les conteneurs ont \u00e9t\u00e9 achemin\u00e9s par rail vers la zone de Rouiba, la d\u00e9marche entend g\u00e9n\u00e9raliser les alternatives au transport routier. Le minist\u00e8re souligne que cette mesure constitue \u00ab une extension de l\u2019exp\u00e9rience pr\u00e9c\u00e9demment adopt\u00e9e au port d\u2019Alger \u00bb, avec pour objectif principal l\u2019am\u00e9lioration de la fluidit\u00e9 des mouvements portuaires et la r\u00e9duction des d\u00e9lais de traitement. Sur le plan \u00e9conomique, les retomb\u00e9es attendues sont significatives : le communiqu\u00e9 \u00e9voque \u00ab un impact positif direct sur la r\u00e9duction des co\u00fbts logistiques au profit des op\u00e9rateurs \u00e9conomiques \u00bb, tout en contribuant \u00e0 la diversification des modes de transport et \u00e0 l\u2019acc\u00e9l\u00e9ration de la sortie des conteneurs. Dans sa phase initiale, l\u2019op\u00e9ration pr\u00e9voit le transport quotidien de 10 \u00e0 25 conteneurs vides, avant une mont\u00e9e en puissance progressive pouvant atteindre 100 unit\u00e9s par jour. Jusqu\u2019\u00e0 dix rotations ferroviaires quotidiennes sont programm\u00e9es entre Annaba et La\u00e2lalig, renfor\u00e7ant ainsi l\u2019efficacit\u00e9 de la cha\u00eene de transport et de services portuaires. \u00c0 terme, cette relance du rail pourrait devenir un levier strat\u00e9gique pour am\u00e9liorer la performance logistique nationale et soutenir l\u2019activit\u00e9 \u00e9conomique r\u00e9gionale.<\/p>\n\n\n\n<p>R.E.<\/p>\n","protected":false},"excerpt":{"rendered":"<p>Le transport ferroviaire des conteneurs vides entre la zone de stockage de La\u00e2lalig et le port d\u2019Annaba a \u00e9t\u00e9 relanc\u00e9<\/p>\n","protected":false},"author":6,"featured_media":80078,"comment_status":"open","ping_status":"closed","sticky":false,"template":"","format":"standard","meta":{"colormag_page_container_layout":"default_layout","colormag_page_sidebar_layout":"default_layout","om_disable_all_campaigns":false,"_monsterinsights_skip_tracking":false,"_monsterinsights_sitenote_active":false,"_monsterinsights_sitenote_note":"","_monsterinsights_sitenote_category":0,"footnotes":"","_wpscppro_dont_share_socialmedia":false,"_wpscppro_custom_social_share_image":0,"_facebook_share_type":"default","_twitter_share_type":"default","_linkedin_share_type":"default","_pinterest_share_type":"default","_linkedin_share_type_page":"","_instagram_share_type":"default","_medium_share_type":"default","_threads_share_type":"default","_google_business_share_type":"default","_selected_social_profile":[],"_wpsp_enable_custom_social_template":false,"_wpsp_social_scheduling":{"enabled":false,"datetime":null,"platforms":[],"status":"template_only","dateOption":"today","timeOption":"now","customDays":"","customHours":"","customDate":"","customTime":"","schedulingType":"absolute"},"_wpsp_active_default_template":true},"categories":[29],"tags":[],"class_list":["post-80077","post","type-post","status-publish","format-standard","has-post-thumbnail","hentry","category-economie"],"aioseo_notices":[],"yoast_head":"<!-- This site is optimized with the Yoast SEO plugin v27.5 - https:\/\/yoast.com\/product\/yoast-seo-wordpress\/ -->\n<title>Port d\u2019Annaba\u00a0: Le transport ferroviaire des conteneurs vides relanc\u00e9 - La Sentinelle<\/title>\n<meta name=\"robots\" content=\"index, follow, max-snippet:-1, max-image-preview:large, max-video-preview:-1\" \/>\n<link rel=\"canonical\" href=\"https:\/\/lasentinelle.dz\/index.php\/2026\/01\/26\/port-dannaba-le-transport-ferroviaire-des-conteneurs-vides-relance\/\" \/>\n<meta property=\"og:locale\" content=\"fr_FR\" \/>\n<meta property=\"og:type\" content=\"article\" \/>\n<meta property=\"og:title\" content=\"Port d\u2019Annaba\u00a0: Le transport ferroviaire des conteneurs vides relanc\u00e9 - La Sentinelle\" \/>\n<meta property=\"og:description\" content=\"Le transport ferroviaire des conteneurs vides entre la zone de stockage de La\u00e2lalig et le port d\u2019Annaba a \u00e9t\u00e9 relanc\u00e9\" \/>\n<meta property=\"og:url\" content=\"https:\/\/lasentinelle.dz\/index.php\/2026\/01\/26\/port-dannaba-le-transport-ferroviaire-des-conteneurs-vides-relance\/\" \/>\n<meta property=\"og:site_name\" content=\"La Sentinelle\" \/>\n<meta property=\"article:publisher\" content=\"https:\/\/www.facebook.com\/La-Sentinelle-104059864394773\" \/>\n<meta property=\"article:published_time\" content=\"2026-01-26T12:07:30+00:00\" \/>\n<meta property=\"article:modified_time\" content=\"2026-01-26T12:07:31+00:00\" \/>\n<meta property=\"og:image\" content=\"https:\/\/lasentinelle.dz\/wp-content\/uploads\/2026\/01\/train-conteneur.jpeg\" \/>\n\t<meta property=\"og:image:width\" content=\"2048\" \/>\n\t<meta property=\"og:image:height\" content=\"1536\" \/>\n\t<meta property=\"og:image:type\" content=\"image\/jpeg\" \/>\n<meta name=\"author\" content=\"admin\" \/>\n<meta name=\"twitter:card\" content=\"summary_large_image\" \/>\n<meta name=\"twitter:label1\" content=\"\u00c9crit par\" \/>\n\t<meta name=\"twitter:data1\" content=\"admin\" \/>\n\t<meta name=\"twitter:label2\" content=\"Dur\u00e9e de lecture estim\u00e9e\" \/>\n\t<meta name=\"twitter:data2\" content=\"2 minutes\" \/>\n<script type=\"application\/ld+json\" class=\"yoast-schema-graph\">{\"@context\":\"https:\\\/\\\/schema.org\",\"@graph\":[{\"@type\":\"Article\",\"@id\":\"https:\\\/\\\/lasentinelle.dz\\\/index.php\\\/2026\\\/01\\\/26\\\/port-dannaba-le-transport-ferroviaire-des-conteneurs-vides-relance\\\/#article\",\"isPartOf\":{\"@id\":\"https:\\\/\\\/lasentinelle.dz\\\/index.php\\\/2026\\\/01\\\/26\\\/port-dannaba-le-transport-ferroviaire-des-conteneurs-vides-relance\\\/\"},\"author\":{\"name\":\"admin\",\"@id\":\"https:\\\/\\\/lasentinelle.dz\\\/#\\\/schema\\\/person\\\/729ee0024f24e0b8c5ec17232f8e8b41\"},\"headline\":\"Port d\u2019Annaba\u00a0: Le transport ferroviaire des conteneurs vides relanc\u00e9\",\"datePublished\":\"2026-01-26T12:07:30+00:00\",\"dateModified\":\"2026-01-26T12:07:31+00:00\",\"mainEntityOfPage\":{\"@id\":\"https:\\\/\\\/lasentinelle.dz\\\/index.php\\\/2026\\\/01\\\/26\\\/port-dannaba-le-transport-ferroviaire-des-conteneurs-vides-relance\\\/\"},\"wordCount\":353,\"commentCount\":0,\"publisher\":{\"@id\":\"https:\\\/\\\/lasentinelle.dz\\\/#organization\"},\"image\":{\"@id\":\"https:\\\/\\\/lasentinelle.dz\\\/index.php\\\/2026\\\/01\\\/26\\\/port-dannaba-le-transport-ferroviaire-des-conteneurs-vides-relance\\\/#primaryimage\"},\"thumbnailUrl\":\"https:\\\/\\\/lasentinelle.dz\\\/wp-content\\\/uploads\\\/2026\\\/01\\\/train-conteneur.jpeg\",\"articleSection\":[\"\u00c9conomie\"],\"inLanguage\":\"fr-FR\",\"potentialAction\":[{\"@type\":\"CommentAction\",\"name\":\"Comment\",\"target\":[\"https:\\\/\\\/lasentinelle.dz\\\/index.php\\\/2026\\\/01\\\/26\\\/port-dannaba-le-transport-ferroviaire-des-conteneurs-vides-relance\\\/#respond\"]}]},{\"@type\":\"WebPage\",\"@id\":\"https:\\\/\\\/lasentinelle.dz\\\/index.php\\\/2026\\\/01\\\/26\\\/port-dannaba-le-transport-ferroviaire-des-conteneurs-vides-relance\\\/\",\"url\":\"https:\\\/\\\/lasentinelle.dz\\\/index.php\\\/2026\\\/01\\\/26\\\/port-dannaba-le-transport-ferroviaire-des-conteneurs-vides-relance\\\/\",\"name\":\"Port d\u2019Annaba\u00a0: Le transport ferroviaire des conteneurs vides relanc\u00e9 - La Sentinelle\",\"isPartOf\":{\"@id\":\"https:\\\/\\\/lasentinelle.dz\\\/#website\"},\"primaryImageOfPage\":{\"@id\":\"https:\\\/\\\/lasentinelle.dz\\\/index.php\\\/2026\\\/01\\\/26\\\/port-dannaba-le-transport-ferroviaire-des-conteneurs-vides-relance\\\/#primaryimage\"},\"image\":{\"@id\":\"https:\\\/\\\/lasentinelle.dz\\\/index.php\\\/2026\\\/01\\\/26\\\/port-dannaba-le-transport-ferroviaire-des-conteneurs-vides-relance\\\/#primaryimage\"},\"thumbnailUrl\":\"https:\\\/\\\/lasentinelle.dz\\\/wp-content\\\/uploads\\\/2026\\\/01\\\/train-conteneur.jpeg\",\"datePublished\":\"2026-01-26T12:07:30+00:00\",\"dateModified\":\"2026-01-26T12:07:31+00:00\",\"breadcrumb\":{\"@id\":\"https:\\\/\\\/lasentinelle.dz\\\/index.php\\\/2026\\\/01\\\/26\\\/port-dannaba-le-transport-ferroviaire-des-conteneurs-vides-relance\\\/#breadcrumb\"},\"inLanguage\":\"fr-FR\",\"potentialAction\":[{\"@type\":\"ReadAction\",\"target\":[\"https:\\\/\\\/lasentinelle.dz\\\/index.php\\\/2026\\\/01\\\/26\\\/port-dannaba-le-transport-ferroviaire-des-conteneurs-vides-relance\\\/\"]}]},{\"@type\":\"ImageObject\",\"inLanguage\":\"fr-FR\",\"@id\":\"https:\\\/\\\/lasentinelle.dz\\\/index.php\\\/2026\\\/01\\\/26\\\/port-dannaba-le-transport-ferroviaire-des-conteneurs-vides-relance\\\/#primaryimage\",\"url\":\"https:\\\/\\\/lasentinelle.dz\\\/wp-content\\\/uploads\\\/2026\\\/01\\\/train-conteneur.jpeg\",\"contentUrl\":\"https:\\\/\\\/lasentinelle.dz\\\/wp-content\\\/uploads\\\/2026\\\/01\\\/train-conteneur.jpeg\",\"width\":2048,\"height\":1536},{\"@type\":\"BreadcrumbList\",\"@id\":\"https:\\\/\\\/lasentinelle.dz\\\/index.php\\\/2026\\\/01\\\/26\\\/port-dannaba-le-transport-ferroviaire-des-conteneurs-vides-relance\\\/#breadcrumb\",\"itemListElement\":[{\"@type\":\"ListItem\",\"position\":1,\"name\":\"Accueil\",\"item\":\"https:\\\/\\\/lasentinelle.dz\\\/\"},{\"@type\":\"ListItem\",\"position\":2,\"name\":\"Port d\u2019Annaba\u00a0: Le transport ferroviaire des conteneurs vides relanc\u00e9\"}]},{\"@type\":\"WebSite\",\"@id\":\"https:\\\/\\\/lasentinelle.dz\\\/#website\",\"url\":\"https:\\\/\\\/lasentinelle.dz\\\/\",\"name\":\"La Sentinelle\",\"description\":\"Quotidien national d&#039;information\",\"publisher\":{\"@id\":\"https:\\\/\\\/lasentinelle.dz\\\/#organization\"},\"potentialAction\":[{\"@type\":\"SearchAction\",\"target\":{\"@type\":\"EntryPoint\",\"urlTemplate\":\"https:\\\/\\\/lasentinelle.dz\\\/?s={search_term_string}\"},\"query-input\":{\"@type\":\"PropertyValueSpecification\",\"valueRequired\":true,\"valueName\":\"search_term_string\"}}],\"inLanguage\":\"fr-FR\"},{\"@type\":\"Organization\",\"@id\":\"https:\\\/\\\/lasentinelle.dz\\\/#organization\",\"name\":\"Quotidien La Sentinelle\",\"url\":\"https:\\\/\\\/lasentinelle.dz\\\/\",\"logo\":{\"@type\":\"ImageObject\",\"inLanguage\":\"fr-FR\",\"@id\":\"https:\\\/\\\/lasentinelle.dz\\\/#\\\/schema\\\/logo\\\/image\\\/\",\"url\":\"https:\\\/\\\/lasentinelle.dz\\\/wp-content\\\/uploads\\\/2021\\\/09\\\/logo-sentinelleSLOGAN-1.png\",\"contentUrl\":\"https:\\\/\\\/lasentinelle.dz\\\/wp-content\\\/uploads\\\/2021\\\/09\\\/logo-sentinelleSLOGAN-1.png\",\"width\":615,\"height\":142,\"caption\":\"Quotidien La Sentinelle\"},\"image\":{\"@id\":\"https:\\\/\\\/lasentinelle.dz\\\/#\\\/schema\\\/logo\\\/image\\\/\"},\"sameAs\":[\"https:\\\/\\\/www.facebook.com\\\/La-Sentinelle-104059864394773\"]},{\"@type\":\"Person\",\"@id\":\"https:\\\/\\\/lasentinelle.dz\\\/#\\\/schema\\\/person\\\/729ee0024f24e0b8c5ec17232f8e8b41\",\"name\":\"admin\",\"image\":{\"@type\":\"ImageObject\",\"inLanguage\":\"fr-FR\",\"@id\":\"https:\\\/\\\/secure.gravatar.com\\\/avatar\\\/4c81fed838786e9b53f540bf46533e750f5d292099ae3b66cfc6fb1982e29df7?s=96&d=mm&r=g\",\"url\":\"https:\\\/\\\/secure.gravatar.com\\\/avatar\\\/4c81fed838786e9b53f540bf46533e750f5d292099ae3b66cfc6fb1982e29df7?s=96&d=mm&r=g\",\"contentUrl\":\"https:\\\/\\\/secure.gravatar.com\\\/avatar\\\/4c81fed838786e9b53f540bf46533e750f5d292099ae3b66cfc6fb1982e29df7?s=96&d=mm&r=g\",\"caption\":\"admin\"},\"description\":\"admin\",\"url\":\"https:\\\/\\\/lasentinelle.dz\\\/author\\\/admin\\\/\"}]}<\/script>\n<!-- \/ Yoast SEO plugin. -->","yoast_head_json":{"title":"Port d\u2019Annaba\u00a0: Le transport ferroviaire des conteneurs vides relanc\u00e9 - La Sentinelle","robots":{"index":"index","follow":"follow","max-snippet":"max-snippet:-1","max-image-preview":"max-image-preview:large","max-video-preview":"max-video-preview:-1"},"canonical":"https:\/\/lasentinelle.dz\/index.php\/2026\/01\/26\/port-dannaba-le-transport-ferroviaire-des-conteneurs-vides-relance\/","og_locale":"fr_FR","og_type":"article","og_title":"Port d\u2019Annaba\u00a0: Le transport ferroviaire des conteneurs vides relanc\u00e9 - La Sentinelle","og_description":"Le transport ferroviaire des conteneurs vides entre la zone de stockage de La\u00e2lalig et le port d\u2019Annaba a \u00e9t\u00e9 relanc\u00e9","og_url":"https:\/\/lasentinelle.dz\/index.php\/2026\/01\/26\/port-dannaba-le-transport-ferroviaire-des-conteneurs-vides-relance\/","og_site_name":"La Sentinelle","article_publisher":"https:\/\/www.facebook.com\/La-Sentinelle-104059864394773","article_published_time":"2026-01-26T12:07:30+00:00","article_modified_time":"2026-01-26T12:07:31+00:00","og_image":[{"width":2048,"height":1536,"url":"https:\/\/lasentinelle.dz\/wp-content\/uploads\/2026\/01\/train-conteneur.jpeg","type":"image\/jpeg"}],"author":"admin","twitter_card":"summary_large_image","twitter_misc":{"\u00c9crit par":"admin","Dur\u00e9e de lecture estim\u00e9e":"2 minutes"},"schema":{"@context":"https:\/\/schema.org","@graph":[{"@type":"Article","@id":"https:\/\/lasentinelle.dz\/index.php\/2026\/01\/26\/port-dannaba-le-transport-ferroviaire-des-conteneurs-vides-relance\/#article","isPartOf":{"@id":"https:\/\/lasentinelle.dz\/index.php\/2026\/01\/26\/port-dannaba-le-transport-ferroviaire-des-conteneurs-vides-relance\/"},"author":{"name":"admin","@id":"https:\/\/lasentinelle.dz\/#\/schema\/person\/729ee0024f24e0b8c5ec17232f8e8b41"},"headline":"Port d\u2019Annaba\u00a0: Le transport ferroviaire des conteneurs vides relanc\u00e9","datePublished":"2026-01-26T12:07:30+00:00","dateModified":"2026-01-26T12:07:31+00:00","mainEntityOfPage":{"@id":"https:\/\/lasentinelle.dz\/index.php\/2026\/01\/26\/port-dannaba-le-transport-ferroviaire-des-conteneurs-vides-relance\/"},"wordCount":353,"commentCount":0,"publisher":{"@id":"https:\/\/lasentinelle.dz\/#organization"},"image":{"@id":"https:\/\/lasentinelle.dz\/index.php\/2026\/01\/26\/port-dannaba-le-transport-ferroviaire-des-conteneurs-vides-relance\/#primaryimage"},"thumbnailUrl":"https:\/\/lasentinelle.dz\/wp-content\/uploads\/2026\/01\/train-conteneur.jpeg","articleSection":["\u00c9conomie"],"inLanguage":"fr-FR","potentialAction":[{"@type":"CommentAction","name":"Comment","target":["https:\/\/lasentinelle.dz\/index.php\/2026\/01\/26\/port-dannaba-le-transport-ferroviaire-des-conteneurs-vides-relance\/#respond"]}]},{"@type":"WebPage","@id":"https:\/\/lasentinelle.dz\/index.php\/2026\/01\/26\/port-dannaba-le-transport-ferroviaire-des-conteneurs-vides-relance\/","url":"https:\/\/lasentinelle.dz\/index.php\/2026\/01\/26\/port-dannaba-le-transport-ferroviaire-des-conteneurs-vides-relance\/","name":"Port d\u2019Annaba\u00a0: Le transport ferroviaire des conteneurs vides relanc\u00e9 - La Sentinelle","isPartOf":{"@id":"https:\/\/lasentinelle.dz\/#website"},"primaryImageOfPage":{"@id":"https:\/\/lasentinelle.dz\/index.php\/2026\/01\/26\/port-dannaba-le-transport-ferroviaire-des-conteneurs-vides-relance\/#primaryimage"},"image":{"@id":"https:\/\/lasentinelle.dz\/index.php\/2026\/01\/26\/port-dannaba-le-transport-ferroviaire-des-conteneurs-vides-relance\/#primaryimage"},"thumbnailUrl":"https:\/\/lasentinelle.dz\/wp-content\/uploads\/2026\/01\/train-conteneur.jpeg","datePublished":"2026-01-26T12:07:30+00:00","dateModified":"2026-01-26T12:07:31+00:00","breadcrumb":{"@id":"https:\/\/lasentinelle.dz\/index.php\/2026\/01\/26\/port-dannaba-le-transport-ferroviaire-des-conteneurs-vides-relance\/#breadcrumb"},"inLanguage":"fr-FR","potentialAction":[{"@type":"ReadAction","target":["https:\/\/lasentinelle.dz\/index.php\/2026\/01\/26\/port-dannaba-le-transport-ferroviaire-des-conteneurs-vides-relance\/"]}]},{"@type":"ImageObject","inLanguage":"fr-FR","@id":"https:\/\/lasentinelle.dz\/index.php\/2026\/01\/26\/port-dannaba-le-transport-ferroviaire-des-conteneurs-vides-relance\/#primaryimage","url":"https:\/\/lasentinelle.dz\/wp-content\/uploads\/2026\/01\/train-conteneur.jpeg","contentUrl":"https:\/\/lasentinelle.dz\/wp-content\/uploads\/2026\/01\/train-conteneur.jpeg","width":2048,"height":1536},{"@type":"BreadcrumbList","@id":"https:\/\/lasentinelle.dz\/index.php\/2026\/01\/26\/port-dannaba-le-transport-ferroviaire-des-conteneurs-vides-relance\/#breadcrumb","itemListElement":[{"@type":"ListItem","position":1,"name":"Accueil","item":"https:\/\/lasentinelle.dz\/"},{"@type":"ListItem","position":2,"name":"Port d\u2019Annaba\u00a0: Le transport ferroviaire des conteneurs vides relanc\u00e9"}]},{"@type":"WebSite","@id":"https:\/\/lasentinelle.dz\/#website","url":"https:\/\/lasentinelle.dz\/","name":"La Sentinelle","description":"Quotidien national d&#039;information","publisher":{"@id":"https:\/\/lasentinelle.dz\/#organization"},"potentialAction":[{"@type":"SearchAction","target":{"@type":"EntryPoint","urlTemplate":"https:\/\/lasentinelle.dz\/?s={search_term_string}"},"query-input":{"@type":"PropertyValueSpecification","valueRequired":true,"valueName":"search_term_string"}}],"inLanguage":"fr-FR"},{"@type":"Organization","@id":"https:\/\/lasentinelle.dz\/#organization","name":"Quotidien La Sentinelle","url":"https:\/\/lasentinelle.dz\/","logo":{"@type":"ImageObject","inLanguage":"fr-FR","@id":"https:\/\/lasentinelle.dz\/#\/schema\/logo\/image\/","url":"https:\/\/lasentinelle.dz\/wp-content\/uploads\/2021\/09\/logo-sentinelleSLOGAN-1.png","contentUrl":"https:\/\/lasentinelle.dz\/wp-content\/uploads\/2021\/09\/logo-sentinelleSLOGAN-1.png","width":615,"height":142,"caption":"Quotidien La Sentinelle"},"image":{"@id":"https:\/\/lasentinelle.dz\/#\/schema\/logo\/image\/"},"sameAs":["https:\/\/www.facebook.com\/La-Sentinelle-104059864394773"]},{"@type":"Person","@id":"https:\/\/lasentinelle.dz\/#\/schema\/person\/729ee0024f24e0b8c5ec17232f8e8b41","name":"admin","image":{"@type":"ImageObject","inLanguage":"fr-FR","@id":"https:\/\/secure.gravatar.com\/avatar\/4c81fed838786e9b53f540bf46533e750f5d292099ae3b66cfc6fb1982e29df7?s=96&d=mm&r=g","url":"https:\/\/secure.gravatar.com\/avatar\/4c81fed838786e9b53f540bf46533e750f5d292099ae3b66cfc6fb1982e29df7?s=96&d=mm&r=g","contentUrl":"https:\/\/secure.gravatar.com\/avatar\/4c81fed838786e9b53f540bf46533e750f5d292099ae3b66cfc6fb1982e29df7?s=96&d=mm&r=g","caption":"admin"},"description":"admin","url":"https:\/\/lasentinelle.dz\/author\/admin\/"}]}},"_links":{"self":[{"href":"https:\/\/lasentinelle.dz\/index.php\/wp-json\/wp\/v2\/posts\/80077","targetHints":{"allow":["GET"]}}],"collection":[{"href":"https:\/\/lasentinelle.dz\/index.php\/wp-json\/wp\/v2\/posts"}],"about":[{"href":"https:\/\/lasentinelle.dz\/index.php\/wp-json\/wp\/v2\/types\/post"}],"author":[{"embeddable":true,"href":"https:\/\/lasentinelle.dz\/index.php\/wp-json\/wp\/v2\/users\/6"}],"replies":[{"embeddable":true,"href":"https:\/\/lasentinelle.dz\/index.php\/wp-json\/wp\/v2\/comments?post=80077"}],"version-history":[{"count":1,"href":"https:\/\/lasentinelle.dz\/index.php\/wp-json\/wp\/v2\/posts\/80077\/revisions"}],"predecessor-version":[{"id":80079,"href":"https:\/\/lasentinelle.dz\/index.php\/wp-json\/wp\/v2\/posts\/80077\/revisions\/80079"}],"wp:featuredmedia":[{"embeddable":true,"href":"https:\/\/lasentinelle.dz\/index.php\/wp-json\/wp\/v2\/media\/80078"}],"wp:attachment":[{"href":"https:\/\/lasentinelle.dz\/index.php\/wp-json\/wp\/v2\/media?parent=80077"}],"wp:term":[{"taxonomy":"category","embeddable":true,"href":"https:\/\/lasentinelle.dz\/index.php\/wp-json\/wp\/v2\/categories?post=80077"},{"taxonomy":"post_tag","embeddable":true,"href":"https:\/\/lasentinelle.dz\/index.php\/wp-json\/wp\/v2\/tags?post=80077"}],"curies":[{"name":"wp","href":"https:\/\/api.w.org\/{rel}","templated":true}]}}