{"id":80080,"date":"2026-01-26T13:08:36","date_gmt":"2026-01-26T12:08:36","guid":{"rendered":"https:\/\/lasentinelle.dz\/?p=80080"},"modified":"2026-01-26T13:08:38","modified_gmt":"2026-01-26T12:08:38","slug":"deuxieme-tranche-du-terminal-a-conteneurs-du-port-de-djen-djen-reception-du-projet-prevue-en-juin-2026","status":"publish","type":"post","link":"https:\/\/lasentinelle.dz\/index.php\/2026\/01\/26\/deuxieme-tranche-du-terminal-a-conteneurs-du-port-de-djen-djen-reception-du-projet-prevue-en-juin-2026\/","title":{"rendered":"Deuxi\u00e8me tranche du terminal \u00e0 conteneurs du port de Djen Djen\u00a0: R\u00e9ception du projet pr\u00e9vue en juin 2026"},"content":{"rendered":"\n<p>Le projet de r\u00e9alisation de la deuxi\u00e8me tranche du terminal \u00e0 conteneurs du port de Djen Djen, dans la wilaya de Jijel, affiche un taux d\u2019avancement jug\u00e9 satisfaisant, selon des sources portuaires. Cette infrastructure strat\u00e9gique est destin\u00e9e \u00e0 renforcer les capacit\u00e9s op\u00e9rationnelles de l\u2019\u00e9tablissement portuaire et \u00e0 soutenir la dynamique socio-\u00e9conomique locale et r\u00e9gionale. Selon les m\u00eames sources, le wali de Jijel accorde une attention particuli\u00e8re \u00e0 ce projet, qui rev\u00eat une importance majeure pour le d\u00e9veloppement \u00e9conomique de la wilaya, appel\u00e9e \u00e0 devenir un p\u00f4le industriel de premier plan, notamment gr\u00e2ce \u00e0 la pr\u00e9sence du complexe sid\u00e9rurgique alg\u00e9ro-qatari de Bellara. Cette importance explique les nombreuses visites d\u2019inspection effectu\u00e9es de mani\u00e8re r\u00e9guli\u00e8re par le chef de l\u2019ex\u00e9cutif local, afin de suivre de pr\u00e8s l\u2019\u00e9tat d\u2019avancement des travaux de cette infrastructure strat\u00e9gique. Lors de la derni\u00e8re visite d\u2019\u00e9valuation, le wali s\u2019est enquis du respect des d\u00e9lais contractuels ainsi que des normes de qualit\u00e9 exig\u00e9es. Les constats effectu\u00e9s \u00e0 cette occasion indiquent que le projet approche de sa phase d\u2019ach\u00e8vement. \u00c0 travers des instructions fermes, le premier responsable de la wilaya a exhort\u00e9 le ma\u00eetre d\u2019ouvrage, le bureau d\u2019\u00e9tudes et l\u2019entreprise de r\u00e9alisation \u00e0 achever l\u2019ensemble des travaux dans les d\u00e9lais impartis. Il a, dans ce sens, exig\u00e9 que le terminal soit enti\u00e8rement op\u00e9rationnel au plus tard au cours du deuxi\u00e8me trimestre de l\u2019ann\u00e9e 2026, soit au mois de juin prochain.<\/p>\n\n\n\n<p>Toujours selon nos sources, le wali a annonc\u00e9 qu\u2019il proc\u00e9dera personnellement \u00e0 la r\u00e9ception officielle du projet. Dans un souci d\u2019assurer un suivi rigoureux et d\u2019acc\u00e9l\u00e9rer le rythme des travaux, il a \u00e9galement d\u00e9cid\u00e9 d\u2019effectuer des visites hebdomadaires du chantier, en insistant sur la conformit\u00e9 technique, la s\u00e9curit\u00e9 et la qualit\u00e9 des r\u00e9alisations. Le responsable a, par ailleurs, soulign\u00e9 l\u2019importance strat\u00e9gique de cette infrastructure pour le renforcement du r\u00f4le du port de Djen Djen en tant que moteur du d\u00e9veloppement commercial et \u00e9conomique. La mise en exploitation de ce terminal \u00e0 conteneurs devrait contribuer \u00e0 l\u2019augmentation significative du volume de marchandises trait\u00e9es et \u00e0 la fluidification des \u00e9changes commerciaux, tout en attirant de nouveaux investisseurs susceptibles de participer \u00e0 la relance de l\u2019activit\u00e9 \u00e9conomique locale et r\u00e9gionale. Outre son impact \u00e9conomique, le projet est \u00e9galement appel\u00e9 \u00e0 g\u00e9n\u00e9rer des postes d\u2019emploi, directs et indirects, contribuant ainsi \u00e0 la r\u00e9duction du ch\u00f4mage. \u00c0 l\u2019issue de ces travaux de modernisation, notamment au niveau du terminal \u00e0 conteneurs, le port de Djen Djen devrait conna\u00eetre une nouvelle dynamique, favorisant le d\u00e9veloppement des secteurs du transport, de la logistique, des services et du commerce. Dans le cadre de cette modernisation, une \u00e9tude est \u00e9galement en cours pour l\u2019extension du port, visant \u00e0 accro\u00eetre ses capacit\u00e9s d\u2019accueil, \u00e0 optimiser l\u2019organisation des flux logistiques et commerciaux et \u00e0 consolider sa position en tant que pilier du d\u00e9veloppement de la wilaya. Il convient de rappeler que le port de Djen Djen figure parmi les plus grands ports de la M\u00e9diterran\u00e9e et constitue un levier strat\u00e9gique pour la promotion des exportations hors-hydrocarbures.<\/p>\n\n\n\n<p><strong>Sofia Chahine<\/strong><\/p>\n","protected":false},"excerpt":{"rendered":"<p>Le projet de r\u00e9alisation de la deuxi\u00e8me tranche du terminal \u00e0 conteneurs du port de Djen Djen, dans la wilaya<\/p>\n","protected":false},"author":6,"featured_media":63276,"comment_status":"open","ping_status":"closed","sticky":false,"template":"","format":"standard","meta":{"colormag_page_container_layout":"default_layout","colormag_page_sidebar_layout":"default_layout","om_disable_all_campaigns":false,"_monsterinsights_skip_tracking":false,"_monsterinsights_sitenote_active":false,"_monsterinsights_sitenote_note":"","_monsterinsights_sitenote_category":0,"footnotes":"","_wpscppro_dont_share_socialmedia":false,"_wpscppro_custom_social_share_image":0,"_facebook_share_type":"default","_twitter_share_type":"default","_linkedin_share_type":"default","_pinterest_share_type":"default","_linkedin_share_type_page":"","_instagram_share_type":"default","_medium_share_type":"default","_threads_share_type":"default","_google_business_share_type":"default","_selected_social_profile":[],"_wpsp_enable_custom_social_template":false,"_wpsp_social_scheduling":{"enabled":false,"datetime":null,"platforms":[],"status":"template_only","dateOption":"today","timeOption":"now","customDays":"","customHours":"","customDate":"","customTime":"","schedulingType":"absolute"},"_wpsp_active_default_template":true},"categories":[29],"tags":[],"class_list":["post-80080","post","type-post","status-publish","format-standard","has-post-thumbnail","hentry","category-economie"],"aioseo_notices":[],"yoast_head":"<!-- This site is optimized with the Yoast SEO plugin v27.5 - https:\/\/yoast.com\/product\/yoast-seo-wordpress\/ -->\n<title>Deuxi\u00e8me tranche du terminal \u00e0 conteneurs du port de Djen Djen\u00a0: R\u00e9ception du projet pr\u00e9vue en juin 2026 - La Sentinelle<\/title>\n<meta name=\"robots\" content=\"index, follow, max-snippet:-1, max-image-preview:large, max-video-preview:-1\" \/>\n<link rel=\"canonical\" href=\"https:\/\/lasentinelle.dz\/index.php\/2026\/01\/26\/deuxieme-tranche-du-terminal-a-conteneurs-du-port-de-djen-djen-reception-du-projet-prevue-en-juin-2026\/\" \/>\n<meta property=\"og:locale\" content=\"fr_FR\" \/>\n<meta property=\"og:type\" content=\"article\" \/>\n<meta property=\"og:title\" content=\"Deuxi\u00e8me tranche du terminal \u00e0 conteneurs du port de Djen Djen\u00a0: R\u00e9ception du projet pr\u00e9vue en juin 2026 - La Sentinelle\" \/>\n<meta property=\"og:description\" content=\"Le projet de r\u00e9alisation de la deuxi\u00e8me tranche du terminal \u00e0 conteneurs du port de Djen Djen, dans la wilaya\" \/>\n<meta property=\"og:url\" content=\"https:\/\/lasentinelle.dz\/index.php\/2026\/01\/26\/deuxieme-tranche-du-terminal-a-conteneurs-du-port-de-djen-djen-reception-du-projet-prevue-en-juin-2026\/\" \/>\n<meta property=\"og:site_name\" content=\"La Sentinelle\" \/>\n<meta property=\"article:publisher\" content=\"https:\/\/www.facebook.com\/La-Sentinelle-104059864394773\" \/>\n<meta property=\"article:published_time\" content=\"2026-01-26T12:08:36+00:00\" \/>\n<meta property=\"article:modified_time\" content=\"2026-01-26T12:08:38+00:00\" \/>\n<meta property=\"og:image\" content=\"https:\/\/lasentinelle.dz\/wp-content\/uploads\/2025\/02\/Port-de-Djendjen.jpg\" \/>\n\t<meta property=\"og:image:width\" content=\"1024\" \/>\n\t<meta property=\"og:image:height\" content=\"683\" \/>\n\t<meta property=\"og:image:type\" content=\"image\/jpeg\" \/>\n<meta name=\"author\" content=\"admin\" \/>\n<meta name=\"twitter:card\" content=\"summary_large_image\" \/>\n<meta name=\"twitter:label1\" content=\"\u00c9crit par\" \/>\n\t<meta name=\"twitter:data1\" content=\"admin\" \/>\n\t<meta name=\"twitter:label2\" content=\"Dur\u00e9e de lecture estim\u00e9e\" \/>\n\t<meta name=\"twitter:data2\" content=\"3 minutes\" \/>\n<script type=\"application\/ld+json\" class=\"yoast-schema-graph\">{\"@context\":\"https:\\\/\\\/schema.org\",\"@graph\":[{\"@type\":\"Article\",\"@id\":\"https:\\\/\\\/lasentinelle.dz\\\/index.php\\\/2026\\\/01\\\/26\\\/deuxieme-tranche-du-terminal-a-conteneurs-du-port-de-djen-djen-reception-du-projet-prevue-en-juin-2026\\\/#article\",\"isPartOf\":{\"@id\":\"https:\\\/\\\/lasentinelle.dz\\\/index.php\\\/2026\\\/01\\\/26\\\/deuxieme-tranche-du-terminal-a-conteneurs-du-port-de-djen-djen-reception-du-projet-prevue-en-juin-2026\\\/\"},\"author\":{\"name\":\"admin\",\"@id\":\"https:\\\/\\\/lasentinelle.dz\\\/#\\\/schema\\\/person\\\/729ee0024f24e0b8c5ec17232f8e8b41\"},\"headline\":\"Deuxi\u00e8me tranche du terminal \u00e0 conteneurs du port de Djen Djen\u00a0: R\u00e9ception du projet pr\u00e9vue en juin 2026\",\"datePublished\":\"2026-01-26T12:08:36+00:00\",\"dateModified\":\"2026-01-26T12:08:38+00:00\",\"mainEntityOfPage\":{\"@id\":\"https:\\\/\\\/lasentinelle.dz\\\/index.php\\\/2026\\\/01\\\/26\\\/deuxieme-tranche-du-terminal-a-conteneurs-du-port-de-djen-djen-reception-du-projet-prevue-en-juin-2026\\\/\"},\"wordCount\":579,\"commentCount\":0,\"publisher\":{\"@id\":\"https:\\\/\\\/lasentinelle.dz\\\/#organization\"},\"image\":{\"@id\":\"https:\\\/\\\/lasentinelle.dz\\\/index.php\\\/2026\\\/01\\\/26\\\/deuxieme-tranche-du-terminal-a-conteneurs-du-port-de-djen-djen-reception-du-projet-prevue-en-juin-2026\\\/#primaryimage\"},\"thumbnailUrl\":\"https:\\\/\\\/lasentinelle.dz\\\/wp-content\\\/uploads\\\/2025\\\/02\\\/Port-de-Djendjen.jpg\",\"articleSection\":[\"\u00c9conomie\"],\"inLanguage\":\"fr-FR\",\"potentialAction\":[{\"@type\":\"CommentAction\",\"name\":\"Comment\",\"target\":[\"https:\\\/\\\/lasentinelle.dz\\\/index.php\\\/2026\\\/01\\\/26\\\/deuxieme-tranche-du-terminal-a-conteneurs-du-port-de-djen-djen-reception-du-projet-prevue-en-juin-2026\\\/#respond\"]}]},{\"@type\":\"WebPage\",\"@id\":\"https:\\\/\\\/lasentinelle.dz\\\/index.php\\\/2026\\\/01\\\/26\\\/deuxieme-tranche-du-terminal-a-conteneurs-du-port-de-djen-djen-reception-du-projet-prevue-en-juin-2026\\\/\",\"url\":\"https:\\\/\\\/lasentinelle.dz\\\/index.php\\\/2026\\\/01\\\/26\\\/deuxieme-tranche-du-terminal-a-conteneurs-du-port-de-djen-djen-reception-du-projet-prevue-en-juin-2026\\\/\",\"name\":\"Deuxi\u00e8me tranche du terminal \u00e0 conteneurs du port de Djen Djen\u00a0: R\u00e9ception du projet pr\u00e9vue en juin 2026 - La Sentinelle\",\"isPartOf\":{\"@id\":\"https:\\\/\\\/lasentinelle.dz\\\/#website\"},\"primaryImageOfPage\":{\"@id\":\"https:\\\/\\\/lasentinelle.dz\\\/index.php\\\/2026\\\/01\\\/26\\\/deuxieme-tranche-du-terminal-a-conteneurs-du-port-de-djen-djen-reception-du-projet-prevue-en-juin-2026\\\/#primaryimage\"},\"image\":{\"@id\":\"https:\\\/\\\/lasentinelle.dz\\\/index.php\\\/2026\\\/01\\\/26\\\/deuxieme-tranche-du-terminal-a-conteneurs-du-port-de-djen-djen-reception-du-projet-prevue-en-juin-2026\\\/#primaryimage\"},\"thumbnailUrl\":\"https:\\\/\\\/lasentinelle.dz\\\/wp-content\\\/uploads\\\/2025\\\/02\\\/Port-de-Djendjen.jpg\",\"datePublished\":\"2026-01-26T12:08:36+00:00\",\"dateModified\":\"2026-01-26T12:08:38+00:00\",\"breadcrumb\":{\"@id\":\"https:\\\/\\\/lasentinelle.dz\\\/index.php\\\/2026\\\/01\\\/26\\\/deuxieme-tranche-du-terminal-a-conteneurs-du-port-de-djen-djen-reception-du-projet-prevue-en-juin-2026\\\/#breadcrumb\"},\"inLanguage\":\"fr-FR\",\"potentialAction\":[{\"@type\":\"ReadAction\",\"target\":[\"https:\\\/\\\/lasentinelle.dz\\\/index.php\\\/2026\\\/01\\\/26\\\/deuxieme-tranche-du-terminal-a-conteneurs-du-port-de-djen-djen-reception-du-projet-prevue-en-juin-2026\\\/\"]}]},{\"@type\":\"ImageObject\",\"inLanguage\":\"fr-FR\",\"@id\":\"https:\\\/\\\/lasentinelle.dz\\\/index.php\\\/2026\\\/01\\\/26\\\/deuxieme-tranche-du-terminal-a-conteneurs-du-port-de-djen-djen-reception-du-projet-prevue-en-juin-2026\\\/#primaryimage\",\"url\":\"https:\\\/\\\/lasentinelle.dz\\\/wp-content\\\/uploads\\\/2025\\\/02\\\/Port-de-Djendjen.jpg\",\"contentUrl\":\"https:\\\/\\\/lasentinelle.dz\\\/wp-content\\\/uploads\\\/2025\\\/02\\\/Port-de-Djendjen.jpg\",\"width\":1024,\"height\":683},{\"@type\":\"BreadcrumbList\",\"@id\":\"https:\\\/\\\/lasentinelle.dz\\\/index.php\\\/2026\\\/01\\\/26\\\/deuxieme-tranche-du-terminal-a-conteneurs-du-port-de-djen-djen-reception-du-projet-prevue-en-juin-2026\\\/#breadcrumb\",\"itemListElement\":[{\"@type\":\"ListItem\",\"position\":1,\"name\":\"Accueil\",\"item\":\"https:\\\/\\\/lasentinelle.dz\\\/\"},{\"@type\":\"ListItem\",\"position\":2,\"name\":\"Deuxi\u00e8me tranche du terminal \u00e0 conteneurs du port de Djen Djen\u00a0: R\u00e9ception du projet pr\u00e9vue en juin 2026\"}]},{\"@type\":\"WebSite\",\"@id\":\"https:\\\/\\\/lasentinelle.dz\\\/#website\",\"url\":\"https:\\\/\\\/lasentinelle.dz\\\/\",\"name\":\"La Sentinelle\",\"description\":\"Quotidien national d&#039;information\",\"publisher\":{\"@id\":\"https:\\\/\\\/lasentinelle.dz\\\/#organization\"},\"potentialAction\":[{\"@type\":\"SearchAction\",\"target\":{\"@type\":\"EntryPoint\",\"urlTemplate\":\"https:\\\/\\\/lasentinelle.dz\\\/?s={search_term_string}\"},\"query-input\":{\"@type\":\"PropertyValueSpecification\",\"valueRequired\":true,\"valueName\":\"search_term_string\"}}],\"inLanguage\":\"fr-FR\"},{\"@type\":\"Organization\",\"@id\":\"https:\\\/\\\/lasentinelle.dz\\\/#organization\",\"name\":\"Quotidien La Sentinelle\",\"url\":\"https:\\\/\\\/lasentinelle.dz\\\/\",\"logo\":{\"@type\":\"ImageObject\",\"inLanguage\":\"fr-FR\",\"@id\":\"https:\\\/\\\/lasentinelle.dz\\\/#\\\/schema\\\/logo\\\/image\\\/\",\"url\":\"https:\\\/\\\/lasentinelle.dz\\\/wp-content\\\/uploads\\\/2021\\\/09\\\/logo-sentinelleSLOGAN-1.png\",\"contentUrl\":\"https:\\\/\\\/lasentinelle.dz\\\/wp-content\\\/uploads\\\/2021\\\/09\\\/logo-sentinelleSLOGAN-1.png\",\"width\":615,\"height\":142,\"caption\":\"Quotidien La Sentinelle\"},\"image\":{\"@id\":\"https:\\\/\\\/lasentinelle.dz\\\/#\\\/schema\\\/logo\\\/image\\\/\"},\"sameAs\":[\"https:\\\/\\\/www.facebook.com\\\/La-Sentinelle-104059864394773\"]},{\"@type\":\"Person\",\"@id\":\"https:\\\/\\\/lasentinelle.dz\\\/#\\\/schema\\\/person\\\/729ee0024f24e0b8c5ec17232f8e8b41\",\"name\":\"admin\",\"image\":{\"@type\":\"ImageObject\",\"inLanguage\":\"fr-FR\",\"@id\":\"https:\\\/\\\/secure.gravatar.com\\\/avatar\\\/4c81fed838786e9b53f540bf46533e750f5d292099ae3b66cfc6fb1982e29df7?s=96&d=mm&r=g\",\"url\":\"https:\\\/\\\/secure.gravatar.com\\\/avatar\\\/4c81fed838786e9b53f540bf46533e750f5d292099ae3b66cfc6fb1982e29df7?s=96&d=mm&r=g\",\"contentUrl\":\"https:\\\/\\\/secure.gravatar.com\\\/avatar\\\/4c81fed838786e9b53f540bf46533e750f5d292099ae3b66cfc6fb1982e29df7?s=96&d=mm&r=g\",\"caption\":\"admin\"},\"description\":\"admin\",\"url\":\"https:\\\/\\\/lasentinelle.dz\\\/author\\\/admin\\\/\"}]}<\/script>\n<!-- \/ Yoast SEO plugin. -->","yoast_head_json":{"title":"Deuxi\u00e8me tranche du terminal \u00e0 conteneurs du port de Djen Djen\u00a0: R\u00e9ception du projet pr\u00e9vue en juin 2026 - La Sentinelle","robots":{"index":"index","follow":"follow","max-snippet":"max-snippet:-1","max-image-preview":"max-image-preview:large","max-video-preview":"max-video-preview:-1"},"canonical":"https:\/\/lasentinelle.dz\/index.php\/2026\/01\/26\/deuxieme-tranche-du-terminal-a-conteneurs-du-port-de-djen-djen-reception-du-projet-prevue-en-juin-2026\/","og_locale":"fr_FR","og_type":"article","og_title":"Deuxi\u00e8me tranche du terminal \u00e0 conteneurs du port de Djen Djen\u00a0: R\u00e9ception du projet pr\u00e9vue en juin 2026 - La Sentinelle","og_description":"Le projet de r\u00e9alisation de la deuxi\u00e8me tranche du terminal \u00e0 conteneurs du port de Djen Djen, dans la wilaya","og_url":"https:\/\/lasentinelle.dz\/index.php\/2026\/01\/26\/deuxieme-tranche-du-terminal-a-conteneurs-du-port-de-djen-djen-reception-du-projet-prevue-en-juin-2026\/","og_site_name":"La Sentinelle","article_publisher":"https:\/\/www.facebook.com\/La-Sentinelle-104059864394773","article_published_time":"2026-01-26T12:08:36+00:00","article_modified_time":"2026-01-26T12:08:38+00:00","og_image":[{"width":1024,"height":683,"url":"https:\/\/lasentinelle.dz\/wp-content\/uploads\/2025\/02\/Port-de-Djendjen.jpg","type":"image\/jpeg"}],"author":"admin","twitter_card":"summary_large_image","twitter_misc":{"\u00c9crit par":"admin","Dur\u00e9e de lecture estim\u00e9e":"3 minutes"},"schema":{"@context":"https:\/\/schema.org","@graph":[{"@type":"Article","@id":"https:\/\/lasentinelle.dz\/index.php\/2026\/01\/26\/deuxieme-tranche-du-terminal-a-conteneurs-du-port-de-djen-djen-reception-du-projet-prevue-en-juin-2026\/#article","isPartOf":{"@id":"https:\/\/lasentinelle.dz\/index.php\/2026\/01\/26\/deuxieme-tranche-du-terminal-a-conteneurs-du-port-de-djen-djen-reception-du-projet-prevue-en-juin-2026\/"},"author":{"name":"admin","@id":"https:\/\/lasentinelle.dz\/#\/schema\/person\/729ee0024f24e0b8c5ec17232f8e8b41"},"headline":"Deuxi\u00e8me tranche du terminal \u00e0 conteneurs du port de Djen Djen\u00a0: R\u00e9ception du projet pr\u00e9vue en juin 2026","datePublished":"2026-01-26T12:08:36+00:00","dateModified":"2026-01-26T12:08:38+00:00","mainEntityOfPage":{"@id":"https:\/\/lasentinelle.dz\/index.php\/2026\/01\/26\/deuxieme-tranche-du-terminal-a-conteneurs-du-port-de-djen-djen-reception-du-projet-prevue-en-juin-2026\/"},"wordCount":579,"commentCount":0,"publisher":{"@id":"https:\/\/lasentinelle.dz\/#organization"},"image":{"@id":"https:\/\/lasentinelle.dz\/index.php\/2026\/01\/26\/deuxieme-tranche-du-terminal-a-conteneurs-du-port-de-djen-djen-reception-du-projet-prevue-en-juin-2026\/#primaryimage"},"thumbnailUrl":"https:\/\/lasentinelle.dz\/wp-content\/uploads\/2025\/02\/Port-de-Djendjen.jpg","articleSection":["\u00c9conomie"],"inLanguage":"fr-FR","potentialAction":[{"@type":"CommentAction","name":"Comment","target":["https:\/\/lasentinelle.dz\/index.php\/2026\/01\/26\/deuxieme-tranche-du-terminal-a-conteneurs-du-port-de-djen-djen-reception-du-projet-prevue-en-juin-2026\/#respond"]}]},{"@type":"WebPage","@id":"https:\/\/lasentinelle.dz\/index.php\/2026\/01\/26\/deuxieme-tranche-du-terminal-a-conteneurs-du-port-de-djen-djen-reception-du-projet-prevue-en-juin-2026\/","url":"https:\/\/lasentinelle.dz\/index.php\/2026\/01\/26\/deuxieme-tranche-du-terminal-a-conteneurs-du-port-de-djen-djen-reception-du-projet-prevue-en-juin-2026\/","name":"Deuxi\u00e8me tranche du terminal \u00e0 conteneurs du port de Djen Djen\u00a0: R\u00e9ception du projet pr\u00e9vue en juin 2026 - La Sentinelle","isPartOf":{"@id":"https:\/\/lasentinelle.dz\/#website"},"primaryImageOfPage":{"@id":"https:\/\/lasentinelle.dz\/index.php\/2026\/01\/26\/deuxieme-tranche-du-terminal-a-conteneurs-du-port-de-djen-djen-reception-du-projet-prevue-en-juin-2026\/#primaryimage"},"image":{"@id":"https:\/\/lasentinelle.dz\/index.php\/2026\/01\/26\/deuxieme-tranche-du-terminal-a-conteneurs-du-port-de-djen-djen-reception-du-projet-prevue-en-juin-2026\/#primaryimage"},"thumbnailUrl":"https:\/\/lasentinelle.dz\/wp-content\/uploads\/2025\/02\/Port-de-Djendjen.jpg","datePublished":"2026-01-26T12:08:36+00:00","dateModified":"2026-01-26T12:08:38+00:00","breadcrumb":{"@id":"https:\/\/lasentinelle.dz\/index.php\/2026\/01\/26\/deuxieme-tranche-du-terminal-a-conteneurs-du-port-de-djen-djen-reception-du-projet-prevue-en-juin-2026\/#breadcrumb"},"inLanguage":"fr-FR","potentialAction":[{"@type":"ReadAction","target":["https:\/\/lasentinelle.dz\/index.php\/2026\/01\/26\/deuxieme-tranche-du-terminal-a-conteneurs-du-port-de-djen-djen-reception-du-projet-prevue-en-juin-2026\/"]}]},{"@type":"ImageObject","inLanguage":"fr-FR","@id":"https:\/\/lasentinelle.dz\/index.php\/2026\/01\/26\/deuxieme-tranche-du-terminal-a-conteneurs-du-port-de-djen-djen-reception-du-projet-prevue-en-juin-2026\/#primaryimage","url":"https:\/\/lasentinelle.dz\/wp-content\/uploads\/2025\/02\/Port-de-Djendjen.jpg","contentUrl":"https:\/\/lasentinelle.dz\/wp-content\/uploads\/2025\/02\/Port-de-Djendjen.jpg","width":1024,"height":683},{"@type":"BreadcrumbList","@id":"https:\/\/lasentinelle.dz\/index.php\/2026\/01\/26\/deuxieme-tranche-du-terminal-a-conteneurs-du-port-de-djen-djen-reception-du-projet-prevue-en-juin-2026\/#breadcrumb","itemListElement":[{"@type":"ListItem","position":1,"name":"Accueil","item":"https:\/\/lasentinelle.dz\/"},{"@type":"ListItem","position":2,"name":"Deuxi\u00e8me tranche du terminal \u00e0 conteneurs du port de Djen Djen\u00a0: R\u00e9ception du projet pr\u00e9vue en juin 2026"}]},{"@type":"WebSite","@id":"https:\/\/lasentinelle.dz\/#website","url":"https:\/\/lasentinelle.dz\/","name":"La Sentinelle","description":"Quotidien national d&#039;information","publisher":{"@id":"https:\/\/lasentinelle.dz\/#organization"},"potentialAction":[{"@type":"SearchAction","target":{"@type":"EntryPoint","urlTemplate":"https:\/\/lasentinelle.dz\/?s={search_term_string}"},"query-input":{"@type":"PropertyValueSpecification","valueRequired":true,"valueName":"search_term_string"}}],"inLanguage":"fr-FR"},{"@type":"Organization","@id":"https:\/\/lasentinelle.dz\/#organization","name":"Quotidien La Sentinelle","url":"https:\/\/lasentinelle.dz\/","logo":{"@type":"ImageObject","inLanguage":"fr-FR","@id":"https:\/\/lasentinelle.dz\/#\/schema\/logo\/image\/","url":"https:\/\/lasentinelle.dz\/wp-content\/uploads\/2021\/09\/logo-sentinelleSLOGAN-1.png","contentUrl":"https:\/\/lasentinelle.dz\/wp-content\/uploads\/2021\/09\/logo-sentinelleSLOGAN-1.png","width":615,"height":142,"caption":"Quotidien La Sentinelle"},"image":{"@id":"https:\/\/lasentinelle.dz\/#\/schema\/logo\/image\/"},"sameAs":["https:\/\/www.facebook.com\/La-Sentinelle-104059864394773"]},{"@type":"Person","@id":"https:\/\/lasentinelle.dz\/#\/schema\/person\/729ee0024f24e0b8c5ec17232f8e8b41","name":"admin","image":{"@type":"ImageObject","inLanguage":"fr-FR","@id":"https:\/\/secure.gravatar.com\/avatar\/4c81fed838786e9b53f540bf46533e750f5d292099ae3b66cfc6fb1982e29df7?s=96&d=mm&r=g","url":"https:\/\/secure.gravatar.com\/avatar\/4c81fed838786e9b53f540bf46533e750f5d292099ae3b66cfc6fb1982e29df7?s=96&d=mm&r=g","contentUrl":"https:\/\/secure.gravatar.com\/avatar\/4c81fed838786e9b53f540bf46533e750f5d292099ae3b66cfc6fb1982e29df7?s=96&d=mm&r=g","caption":"admin"},"description":"admin","url":"https:\/\/lasentinelle.dz\/author\/admin\/"}]}},"_links":{"self":[{"href":"https:\/\/lasentinelle.dz\/index.php\/wp-json\/wp\/v2\/posts\/80080","targetHints":{"allow":["GET"]}}],"collection":[{"href":"https:\/\/lasentinelle.dz\/index.php\/wp-json\/wp\/v2\/posts"}],"about":[{"href":"https:\/\/lasentinelle.dz\/index.php\/wp-json\/wp\/v2\/types\/post"}],"author":[{"embeddable":true,"href":"https:\/\/lasentinelle.dz\/index.php\/wp-json\/wp\/v2\/users\/6"}],"replies":[{"embeddable":true,"href":"https:\/\/lasentinelle.dz\/index.php\/wp-json\/wp\/v2\/comments?post=80080"}],"version-history":[{"count":1,"href":"https:\/\/lasentinelle.dz\/index.php\/wp-json\/wp\/v2\/posts\/80080\/revisions"}],"predecessor-version":[{"id":80081,"href":"https:\/\/lasentinelle.dz\/index.php\/wp-json\/wp\/v2\/posts\/80080\/revisions\/80081"}],"wp:featuredmedia":[{"embeddable":true,"href":"https:\/\/lasentinelle.dz\/index.php\/wp-json\/wp\/v2\/media\/63276"}],"wp:attachment":[{"href":"https:\/\/lasentinelle.dz\/index.php\/wp-json\/wp\/v2\/media?parent=80080"}],"wp:term":[{"taxonomy":"category","embeddable":true,"href":"https:\/\/lasentinelle.dz\/index.php\/wp-json\/wp\/v2\/categories?post=80080"},{"taxonomy":"post_tag","embeddable":true,"href":"https:\/\/lasentinelle.dz\/index.php\/wp-json\/wp\/v2\/tags?post=80080"}],"curies":[{"name":"wp","href":"https:\/\/api.w.org\/{rel}","templated":true}]}}