{"id":80082,"date":"2026-01-26T13:09:20","date_gmt":"2026-01-26T12:09:20","guid":{"rendered":"https:\/\/lasentinelle.dz\/?p=80082"},"modified":"2026-01-26T13:09:22","modified_gmt":"2026-01-26T12:09:22","slug":"valorisation-des-actifs-confisques-acs-integre-une-nouvelle-unite-de-transformation-de-plastique","status":"publish","type":"post","link":"https:\/\/lasentinelle.dz\/index.php\/2026\/01\/26\/valorisation-des-actifs-confisques-acs-integre-une-nouvelle-unite-de-transformation-de-plastique\/","title":{"rendered":"Valorisation des actifs confisqu\u00e9s\u00a0: ACS int\u00e8gre une nouvelle unit\u00e9 de transformation de plastique"},"content":{"rendered":"\n<p>La holding publique des industries chimiques (ACS) a marqu\u00e9 a annonc\u00e9 dimanche avoir proc\u00e9d\u00e9 la veille l&rsquo;int\u00e9gration officielle d&rsquo;une nouvelle unit\u00e9 de transformation de mati\u00e8res plastiques. Cette op\u00e9ration, qui intervient dans le cadre de la r\u00e9cup\u00e9ration et de la valorisation des actifs confisqu\u00e9s par les autorit\u00e9s, entre dans le cadre de la politique de dynamisation du tissu industriel national en r\u00e9habilitant des capacit\u00e9s de production existantes.<\/p>\n\n\n\n<p>La c\u00e9r\u00e9monie de remise des cl\u00e9s s&rsquo;est d\u00e9roul\u00e9e en wilaya de Tissemsilt. Selon le communiqu\u00e9 d&rsquo;ACS, \u00ab les actifs de l&rsquo;entreprise ont \u00e9t\u00e9 transf\u00e9r\u00e9s de la Direction des domaines de l&rsquo;\u00c9tat vers la holding ACS \u00bb, repr\u00e9sent\u00e9e par son PDG Samir Yahiaoui. Anciennement d\u00e9nomm\u00e9e Plastic Algeria Components (PAC), l&rsquo;unit\u00e9 a \u00e9t\u00e9 rebaptis\u00e9e General Plastic Injection (GPI) \u00e0 l&rsquo;occasion d&rsquo;une assembl\u00e9e g\u00e9n\u00e9rale extraordinaire convoqu\u00e9e \u00e0 cet effet. Cette restructuration administrative s&rsquo;accompagne d&rsquo;une r\u00e9affectation des responsabilit\u00e9s de gestion.<\/p>\n\n\n\n<p>Le groupe holding justifie cette acquisition par la n\u00e9cessit\u00e9 de \u00ab relancer l&rsquo;activit\u00e9 dans de bonnes conditions, pr\u00e9server les capacit\u00e9s de production et ouvrir une nouvelle phase de gestion et de d\u00e9veloppement \u00bb. Cette int\u00e9gration s&rsquo;inscrit dans une logique d&rsquo;optimisation des moyens de production et de renforcement des performances op\u00e9rationnelles. ACS entend en outre maintenir la continuit\u00e9 de l&#8217;emploi, pr\u00e9cisant dans son communiqu\u00e9 que l&rsquo;op\u00e9ration permettra de pr\u00e9server les postes d&#8217;emploi existants et de conserver les travailleurs pr\u00e9c\u00e9demment li\u00e9s \u00e0 l&rsquo;entreprise PAC.<\/p>\n\n\n\n<p>L&rsquo;int\u00e9gration de GPI dans le portefeuille d&rsquo;ACS repr\u00e9sente \u00ab une \u00e9tape cl\u00e9 dans le processus de r\u00e9habilitation de cette unit\u00e9 industrielle \u00bb. Le groupe affiche l&rsquo;ambition de mettre \u00e0 profit cette acquisition pour am\u00e9liorer la comp\u00e9titivit\u00e9 de sa branche plasturgie-injection, tout en cr\u00e9ant une dynamique nouvelle au niveau r\u00e9gional. Selon le communiqu\u00e9 du groupe, cette approche repose sur \u00ab la cr\u00e9ation de valeur ajout\u00e9e afin de soutenir le d\u00e9veloppement local dans la wilaya de Tissemsilt \u00bb.<\/p>\n\n\n\n<p>Par cette op\u00e9ration, ACS r\u00e9it\u00e8re \u00e9galement son attachement aux orientations des autorit\u00e9s publiques concernant la relance des actifs pr\u00e9c\u00e9demment confisqu\u00e9s. Le holding consid\u00e8re cette d\u00e9marche comme un vecteur de contribution au renforcement du tissu industriel et de l&rsquo;\u00e9conomie nationale, dans un contexte marqu\u00e9 par la volont\u00e9 gouvernementale de mobiliser les ressources existantes pour acc\u00e9l\u00e9rer la diversification \u00e9conomique.&nbsp;<\/p>\n\n\n\n<p><strong>Sabrina Aziouez<\/strong><\/p>\n","protected":false},"excerpt":{"rendered":"<p>La holding publique des industries chimiques (ACS) a marqu\u00e9 a annonc\u00e9 dimanche avoir proc\u00e9d\u00e9 la veille l&rsquo;int\u00e9gration officielle d&rsquo;une nouvelle<\/p>\n","protected":false},"author":6,"featured_media":80083,"comment_status":"open","ping_status":"closed","sticky":false,"template":"","format":"standard","meta":{"colormag_page_container_layout":"default_layout","colormag_page_sidebar_layout":"default_layout","om_disable_all_campaigns":false,"_monsterinsights_skip_tracking":false,"_monsterinsights_sitenote_active":false,"_monsterinsights_sitenote_note":"","_monsterinsights_sitenote_category":0,"footnotes":"","_wpscppro_dont_share_socialmedia":false,"_wpscppro_custom_social_share_image":0,"_facebook_share_type":"default","_twitter_share_type":"default","_linkedin_share_type":"default","_pinterest_share_type":"default","_linkedin_share_type_page":"","_instagram_share_type":"default","_medium_share_type":"default","_threads_share_type":"default","_google_business_share_type":"default","_selected_social_profile":[],"_wpsp_enable_custom_social_template":false,"_wpsp_social_scheduling":{"enabled":false,"datetime":null,"platforms":[],"status":"template_only","dateOption":"today","timeOption":"now","customDays":"","customHours":"","customDate":"","customTime":"","schedulingType":"absolute"},"_wpsp_active_default_template":true},"categories":[52,29],"tags":[],"class_list":["post-80082","post","type-post","status-publish","format-standard","has-post-thumbnail","hentry","category-a-la-une","category-economie"],"aioseo_notices":[],"yoast_head":"<!-- This site is optimized with the Yoast SEO plugin v27.5 - https:\/\/yoast.com\/product\/yoast-seo-wordpress\/ -->\n<title>Valorisation des actifs confisqu\u00e9s\u00a0: ACS int\u00e8gre une nouvelle unit\u00e9 de transformation de plastique - La Sentinelle<\/title>\n<meta name=\"robots\" content=\"index, follow, max-snippet:-1, max-image-preview:large, max-video-preview:-1\" \/>\n<link rel=\"canonical\" href=\"https:\/\/lasentinelle.dz\/index.php\/2026\/01\/26\/valorisation-des-actifs-confisques-acs-integre-une-nouvelle-unite-de-transformation-de-plastique\/\" \/>\n<meta property=\"og:locale\" content=\"fr_FR\" \/>\n<meta property=\"og:type\" content=\"article\" \/>\n<meta property=\"og:title\" content=\"Valorisation des actifs confisqu\u00e9s\u00a0: ACS int\u00e8gre une nouvelle unit\u00e9 de transformation de plastique - La Sentinelle\" \/>\n<meta property=\"og:description\" content=\"La holding publique des industries chimiques (ACS) a marqu\u00e9 a annonc\u00e9 dimanche avoir proc\u00e9d\u00e9 la veille l&rsquo;int\u00e9gration officielle d&rsquo;une nouvelle\" \/>\n<meta property=\"og:url\" content=\"https:\/\/lasentinelle.dz\/index.php\/2026\/01\/26\/valorisation-des-actifs-confisques-acs-integre-une-nouvelle-unite-de-transformation-de-plastique\/\" \/>\n<meta property=\"og:site_name\" content=\"La Sentinelle\" \/>\n<meta property=\"article:publisher\" content=\"https:\/\/www.facebook.com\/La-Sentinelle-104059864394773\" \/>\n<meta property=\"article:published_time\" content=\"2026-01-26T12:09:20+00:00\" \/>\n<meta property=\"article:modified_time\" content=\"2026-01-26T12:09:22+00:00\" \/>\n<meta property=\"og:image\" content=\"https:\/\/lasentinelle.dz\/wp-content\/uploads\/2026\/01\/ACS.jpg\" \/>\n\t<meta property=\"og:image:width\" content=\"1280\" \/>\n\t<meta property=\"og:image:height\" content=\"964\" \/>\n\t<meta property=\"og:image:type\" content=\"image\/jpeg\" \/>\n<meta name=\"author\" content=\"admin\" \/>\n<meta name=\"twitter:card\" content=\"summary_large_image\" \/>\n<meta name=\"twitter:label1\" content=\"\u00c9crit par\" \/>\n\t<meta name=\"twitter:data1\" content=\"admin\" \/>\n\t<meta name=\"twitter:label2\" content=\"Dur\u00e9e de lecture estim\u00e9e\" \/>\n\t<meta name=\"twitter:data2\" content=\"2 minutes\" \/>\n<script type=\"application\/ld+json\" class=\"yoast-schema-graph\">{\"@context\":\"https:\\\/\\\/schema.org\",\"@graph\":[{\"@type\":\"Article\",\"@id\":\"https:\\\/\\\/lasentinelle.dz\\\/index.php\\\/2026\\\/01\\\/26\\\/valorisation-des-actifs-confisques-acs-integre-une-nouvelle-unite-de-transformation-de-plastique\\\/#article\",\"isPartOf\":{\"@id\":\"https:\\\/\\\/lasentinelle.dz\\\/index.php\\\/2026\\\/01\\\/26\\\/valorisation-des-actifs-confisques-acs-integre-une-nouvelle-unite-de-transformation-de-plastique\\\/\"},\"author\":{\"name\":\"admin\",\"@id\":\"https:\\\/\\\/lasentinelle.dz\\\/#\\\/schema\\\/person\\\/729ee0024f24e0b8c5ec17232f8e8b41\"},\"headline\":\"Valorisation des actifs confisqu\u00e9s\u00a0: ACS int\u00e8gre une nouvelle unit\u00e9 de transformation de plastique\",\"datePublished\":\"2026-01-26T12:09:20+00:00\",\"dateModified\":\"2026-01-26T12:09:22+00:00\",\"mainEntityOfPage\":{\"@id\":\"https:\\\/\\\/lasentinelle.dz\\\/index.php\\\/2026\\\/01\\\/26\\\/valorisation-des-actifs-confisques-acs-integre-une-nouvelle-unite-de-transformation-de-plastique\\\/\"},\"wordCount\":446,\"commentCount\":0,\"publisher\":{\"@id\":\"https:\\\/\\\/lasentinelle.dz\\\/#organization\"},\"image\":{\"@id\":\"https:\\\/\\\/lasentinelle.dz\\\/index.php\\\/2026\\\/01\\\/26\\\/valorisation-des-actifs-confisques-acs-integre-une-nouvelle-unite-de-transformation-de-plastique\\\/#primaryimage\"},\"thumbnailUrl\":\"https:\\\/\\\/lasentinelle.dz\\\/wp-content\\\/uploads\\\/2026\\\/01\\\/ACS.jpg\",\"articleSection\":[\"\u00c0 la Une\",\"\u00c9conomie\"],\"inLanguage\":\"fr-FR\",\"potentialAction\":[{\"@type\":\"CommentAction\",\"name\":\"Comment\",\"target\":[\"https:\\\/\\\/lasentinelle.dz\\\/index.php\\\/2026\\\/01\\\/26\\\/valorisation-des-actifs-confisques-acs-integre-une-nouvelle-unite-de-transformation-de-plastique\\\/#respond\"]}]},{\"@type\":\"WebPage\",\"@id\":\"https:\\\/\\\/lasentinelle.dz\\\/index.php\\\/2026\\\/01\\\/26\\\/valorisation-des-actifs-confisques-acs-integre-une-nouvelle-unite-de-transformation-de-plastique\\\/\",\"url\":\"https:\\\/\\\/lasentinelle.dz\\\/index.php\\\/2026\\\/01\\\/26\\\/valorisation-des-actifs-confisques-acs-integre-une-nouvelle-unite-de-transformation-de-plastique\\\/\",\"name\":\"Valorisation des actifs confisqu\u00e9s\u00a0: ACS int\u00e8gre une nouvelle unit\u00e9 de transformation de plastique - La Sentinelle\",\"isPartOf\":{\"@id\":\"https:\\\/\\\/lasentinelle.dz\\\/#website\"},\"primaryImageOfPage\":{\"@id\":\"https:\\\/\\\/lasentinelle.dz\\\/index.php\\\/2026\\\/01\\\/26\\\/valorisation-des-actifs-confisques-acs-integre-une-nouvelle-unite-de-transformation-de-plastique\\\/#primaryimage\"},\"image\":{\"@id\":\"https:\\\/\\\/lasentinelle.dz\\\/index.php\\\/2026\\\/01\\\/26\\\/valorisation-des-actifs-confisques-acs-integre-une-nouvelle-unite-de-transformation-de-plastique\\\/#primaryimage\"},\"thumbnailUrl\":\"https:\\\/\\\/lasentinelle.dz\\\/wp-content\\\/uploads\\\/2026\\\/01\\\/ACS.jpg\",\"datePublished\":\"2026-01-26T12:09:20+00:00\",\"dateModified\":\"2026-01-26T12:09:22+00:00\",\"breadcrumb\":{\"@id\":\"https:\\\/\\\/lasentinelle.dz\\\/index.php\\\/2026\\\/01\\\/26\\\/valorisation-des-actifs-confisques-acs-integre-une-nouvelle-unite-de-transformation-de-plastique\\\/#breadcrumb\"},\"inLanguage\":\"fr-FR\",\"potentialAction\":[{\"@type\":\"ReadAction\",\"target\":[\"https:\\\/\\\/lasentinelle.dz\\\/index.php\\\/2026\\\/01\\\/26\\\/valorisation-des-actifs-confisques-acs-integre-une-nouvelle-unite-de-transformation-de-plastique\\\/\"]}]},{\"@type\":\"ImageObject\",\"inLanguage\":\"fr-FR\",\"@id\":\"https:\\\/\\\/lasentinelle.dz\\\/index.php\\\/2026\\\/01\\\/26\\\/valorisation-des-actifs-confisques-acs-integre-une-nouvelle-unite-de-transformation-de-plastique\\\/#primaryimage\",\"url\":\"https:\\\/\\\/lasentinelle.dz\\\/wp-content\\\/uploads\\\/2026\\\/01\\\/ACS.jpg\",\"contentUrl\":\"https:\\\/\\\/lasentinelle.dz\\\/wp-content\\\/uploads\\\/2026\\\/01\\\/ACS.jpg\",\"width\":1280,\"height\":964},{\"@type\":\"BreadcrumbList\",\"@id\":\"https:\\\/\\\/lasentinelle.dz\\\/index.php\\\/2026\\\/01\\\/26\\\/valorisation-des-actifs-confisques-acs-integre-une-nouvelle-unite-de-transformation-de-plastique\\\/#breadcrumb\",\"itemListElement\":[{\"@type\":\"ListItem\",\"position\":1,\"name\":\"Accueil\",\"item\":\"https:\\\/\\\/lasentinelle.dz\\\/\"},{\"@type\":\"ListItem\",\"position\":2,\"name\":\"Valorisation des actifs confisqu\u00e9s\u00a0: ACS int\u00e8gre une nouvelle unit\u00e9 de transformation de plastique\"}]},{\"@type\":\"WebSite\",\"@id\":\"https:\\\/\\\/lasentinelle.dz\\\/#website\",\"url\":\"https:\\\/\\\/lasentinelle.dz\\\/\",\"name\":\"La Sentinelle\",\"description\":\"Quotidien national d&#039;information\",\"publisher\":{\"@id\":\"https:\\\/\\\/lasentinelle.dz\\\/#organization\"},\"potentialAction\":[{\"@type\":\"SearchAction\",\"target\":{\"@type\":\"EntryPoint\",\"urlTemplate\":\"https:\\\/\\\/lasentinelle.dz\\\/?s={search_term_string}\"},\"query-input\":{\"@type\":\"PropertyValueSpecification\",\"valueRequired\":true,\"valueName\":\"search_term_string\"}}],\"inLanguage\":\"fr-FR\"},{\"@type\":\"Organization\",\"@id\":\"https:\\\/\\\/lasentinelle.dz\\\/#organization\",\"name\":\"Quotidien La Sentinelle\",\"url\":\"https:\\\/\\\/lasentinelle.dz\\\/\",\"logo\":{\"@type\":\"ImageObject\",\"inLanguage\":\"fr-FR\",\"@id\":\"https:\\\/\\\/lasentinelle.dz\\\/#\\\/schema\\\/logo\\\/image\\\/\",\"url\":\"https:\\\/\\\/lasentinelle.dz\\\/wp-content\\\/uploads\\\/2021\\\/09\\\/logo-sentinelleSLOGAN-1.png\",\"contentUrl\":\"https:\\\/\\\/lasentinelle.dz\\\/wp-content\\\/uploads\\\/2021\\\/09\\\/logo-sentinelleSLOGAN-1.png\",\"width\":615,\"height\":142,\"caption\":\"Quotidien La Sentinelle\"},\"image\":{\"@id\":\"https:\\\/\\\/lasentinelle.dz\\\/#\\\/schema\\\/logo\\\/image\\\/\"},\"sameAs\":[\"https:\\\/\\\/www.facebook.com\\\/La-Sentinelle-104059864394773\"]},{\"@type\":\"Person\",\"@id\":\"https:\\\/\\\/lasentinelle.dz\\\/#\\\/schema\\\/person\\\/729ee0024f24e0b8c5ec17232f8e8b41\",\"name\":\"admin\",\"image\":{\"@type\":\"ImageObject\",\"inLanguage\":\"fr-FR\",\"@id\":\"https:\\\/\\\/secure.gravatar.com\\\/avatar\\\/4c81fed838786e9b53f540bf46533e750f5d292099ae3b66cfc6fb1982e29df7?s=96&d=mm&r=g\",\"url\":\"https:\\\/\\\/secure.gravatar.com\\\/avatar\\\/4c81fed838786e9b53f540bf46533e750f5d292099ae3b66cfc6fb1982e29df7?s=96&d=mm&r=g\",\"contentUrl\":\"https:\\\/\\\/secure.gravatar.com\\\/avatar\\\/4c81fed838786e9b53f540bf46533e750f5d292099ae3b66cfc6fb1982e29df7?s=96&d=mm&r=g\",\"caption\":\"admin\"},\"description\":\"admin\",\"url\":\"https:\\\/\\\/lasentinelle.dz\\\/author\\\/admin\\\/\"}]}<\/script>\n<!-- \/ Yoast SEO plugin. -->","yoast_head_json":{"title":"Valorisation des actifs confisqu\u00e9s\u00a0: ACS int\u00e8gre une nouvelle unit\u00e9 de transformation de plastique - La Sentinelle","robots":{"index":"index","follow":"follow","max-snippet":"max-snippet:-1","max-image-preview":"max-image-preview:large","max-video-preview":"max-video-preview:-1"},"canonical":"https:\/\/lasentinelle.dz\/index.php\/2026\/01\/26\/valorisation-des-actifs-confisques-acs-integre-une-nouvelle-unite-de-transformation-de-plastique\/","og_locale":"fr_FR","og_type":"article","og_title":"Valorisation des actifs confisqu\u00e9s\u00a0: ACS int\u00e8gre une nouvelle unit\u00e9 de transformation de plastique - La Sentinelle","og_description":"La holding publique des industries chimiques (ACS) a marqu\u00e9 a annonc\u00e9 dimanche avoir proc\u00e9d\u00e9 la veille l&rsquo;int\u00e9gration officielle d&rsquo;une nouvelle","og_url":"https:\/\/lasentinelle.dz\/index.php\/2026\/01\/26\/valorisation-des-actifs-confisques-acs-integre-une-nouvelle-unite-de-transformation-de-plastique\/","og_site_name":"La Sentinelle","article_publisher":"https:\/\/www.facebook.com\/La-Sentinelle-104059864394773","article_published_time":"2026-01-26T12:09:20+00:00","article_modified_time":"2026-01-26T12:09:22+00:00","og_image":[{"width":1280,"height":964,"url":"https:\/\/lasentinelle.dz\/wp-content\/uploads\/2026\/01\/ACS.jpg","type":"image\/jpeg"}],"author":"admin","twitter_card":"summary_large_image","twitter_misc":{"\u00c9crit par":"admin","Dur\u00e9e de lecture estim\u00e9e":"2 minutes"},"schema":{"@context":"https:\/\/schema.org","@graph":[{"@type":"Article","@id":"https:\/\/lasentinelle.dz\/index.php\/2026\/01\/26\/valorisation-des-actifs-confisques-acs-integre-une-nouvelle-unite-de-transformation-de-plastique\/#article","isPartOf":{"@id":"https:\/\/lasentinelle.dz\/index.php\/2026\/01\/26\/valorisation-des-actifs-confisques-acs-integre-une-nouvelle-unite-de-transformation-de-plastique\/"},"author":{"name":"admin","@id":"https:\/\/lasentinelle.dz\/#\/schema\/person\/729ee0024f24e0b8c5ec17232f8e8b41"},"headline":"Valorisation des actifs confisqu\u00e9s\u00a0: ACS int\u00e8gre une nouvelle unit\u00e9 de transformation de plastique","datePublished":"2026-01-26T12:09:20+00:00","dateModified":"2026-01-26T12:09:22+00:00","mainEntityOfPage":{"@id":"https:\/\/lasentinelle.dz\/index.php\/2026\/01\/26\/valorisation-des-actifs-confisques-acs-integre-une-nouvelle-unite-de-transformation-de-plastique\/"},"wordCount":446,"commentCount":0,"publisher":{"@id":"https:\/\/lasentinelle.dz\/#organization"},"image":{"@id":"https:\/\/lasentinelle.dz\/index.php\/2026\/01\/26\/valorisation-des-actifs-confisques-acs-integre-une-nouvelle-unite-de-transformation-de-plastique\/#primaryimage"},"thumbnailUrl":"https:\/\/lasentinelle.dz\/wp-content\/uploads\/2026\/01\/ACS.jpg","articleSection":["\u00c0 la Une","\u00c9conomie"],"inLanguage":"fr-FR","potentialAction":[{"@type":"CommentAction","name":"Comment","target":["https:\/\/lasentinelle.dz\/index.php\/2026\/01\/26\/valorisation-des-actifs-confisques-acs-integre-une-nouvelle-unite-de-transformation-de-plastique\/#respond"]}]},{"@type":"WebPage","@id":"https:\/\/lasentinelle.dz\/index.php\/2026\/01\/26\/valorisation-des-actifs-confisques-acs-integre-une-nouvelle-unite-de-transformation-de-plastique\/","url":"https:\/\/lasentinelle.dz\/index.php\/2026\/01\/26\/valorisation-des-actifs-confisques-acs-integre-une-nouvelle-unite-de-transformation-de-plastique\/","name":"Valorisation des actifs confisqu\u00e9s\u00a0: ACS int\u00e8gre une nouvelle unit\u00e9 de transformation de plastique - La Sentinelle","isPartOf":{"@id":"https:\/\/lasentinelle.dz\/#website"},"primaryImageOfPage":{"@id":"https:\/\/lasentinelle.dz\/index.php\/2026\/01\/26\/valorisation-des-actifs-confisques-acs-integre-une-nouvelle-unite-de-transformation-de-plastique\/#primaryimage"},"image":{"@id":"https:\/\/lasentinelle.dz\/index.php\/2026\/01\/26\/valorisation-des-actifs-confisques-acs-integre-une-nouvelle-unite-de-transformation-de-plastique\/#primaryimage"},"thumbnailUrl":"https:\/\/lasentinelle.dz\/wp-content\/uploads\/2026\/01\/ACS.jpg","datePublished":"2026-01-26T12:09:20+00:00","dateModified":"2026-01-26T12:09:22+00:00","breadcrumb":{"@id":"https:\/\/lasentinelle.dz\/index.php\/2026\/01\/26\/valorisation-des-actifs-confisques-acs-integre-une-nouvelle-unite-de-transformation-de-plastique\/#breadcrumb"},"inLanguage":"fr-FR","potentialAction":[{"@type":"ReadAction","target":["https:\/\/lasentinelle.dz\/index.php\/2026\/01\/26\/valorisation-des-actifs-confisques-acs-integre-une-nouvelle-unite-de-transformation-de-plastique\/"]}]},{"@type":"ImageObject","inLanguage":"fr-FR","@id":"https:\/\/lasentinelle.dz\/index.php\/2026\/01\/26\/valorisation-des-actifs-confisques-acs-integre-une-nouvelle-unite-de-transformation-de-plastique\/#primaryimage","url":"https:\/\/lasentinelle.dz\/wp-content\/uploads\/2026\/01\/ACS.jpg","contentUrl":"https:\/\/lasentinelle.dz\/wp-content\/uploads\/2026\/01\/ACS.jpg","width":1280,"height":964},{"@type":"BreadcrumbList","@id":"https:\/\/lasentinelle.dz\/index.php\/2026\/01\/26\/valorisation-des-actifs-confisques-acs-integre-une-nouvelle-unite-de-transformation-de-plastique\/#breadcrumb","itemListElement":[{"@type":"ListItem","position":1,"name":"Accueil","item":"https:\/\/lasentinelle.dz\/"},{"@type":"ListItem","position":2,"name":"Valorisation des actifs confisqu\u00e9s\u00a0: ACS int\u00e8gre une nouvelle unit\u00e9 de transformation de plastique"}]},{"@type":"WebSite","@id":"https:\/\/lasentinelle.dz\/#website","url":"https:\/\/lasentinelle.dz\/","name":"La Sentinelle","description":"Quotidien national d&#039;information","publisher":{"@id":"https:\/\/lasentinelle.dz\/#organization"},"potentialAction":[{"@type":"SearchAction","target":{"@type":"EntryPoint","urlTemplate":"https:\/\/lasentinelle.dz\/?s={search_term_string}"},"query-input":{"@type":"PropertyValueSpecification","valueRequired":true,"valueName":"search_term_string"}}],"inLanguage":"fr-FR"},{"@type":"Organization","@id":"https:\/\/lasentinelle.dz\/#organization","name":"Quotidien La Sentinelle","url":"https:\/\/lasentinelle.dz\/","logo":{"@type":"ImageObject","inLanguage":"fr-FR","@id":"https:\/\/lasentinelle.dz\/#\/schema\/logo\/image\/","url":"https:\/\/lasentinelle.dz\/wp-content\/uploads\/2021\/09\/logo-sentinelleSLOGAN-1.png","contentUrl":"https:\/\/lasentinelle.dz\/wp-content\/uploads\/2021\/09\/logo-sentinelleSLOGAN-1.png","width":615,"height":142,"caption":"Quotidien La Sentinelle"},"image":{"@id":"https:\/\/lasentinelle.dz\/#\/schema\/logo\/image\/"},"sameAs":["https:\/\/www.facebook.com\/La-Sentinelle-104059864394773"]},{"@type":"Person","@id":"https:\/\/lasentinelle.dz\/#\/schema\/person\/729ee0024f24e0b8c5ec17232f8e8b41","name":"admin","image":{"@type":"ImageObject","inLanguage":"fr-FR","@id":"https:\/\/secure.gravatar.com\/avatar\/4c81fed838786e9b53f540bf46533e750f5d292099ae3b66cfc6fb1982e29df7?s=96&d=mm&r=g","url":"https:\/\/secure.gravatar.com\/avatar\/4c81fed838786e9b53f540bf46533e750f5d292099ae3b66cfc6fb1982e29df7?s=96&d=mm&r=g","contentUrl":"https:\/\/secure.gravatar.com\/avatar\/4c81fed838786e9b53f540bf46533e750f5d292099ae3b66cfc6fb1982e29df7?s=96&d=mm&r=g","caption":"admin"},"description":"admin","url":"https:\/\/lasentinelle.dz\/author\/admin\/"}]}},"_links":{"self":[{"href":"https:\/\/lasentinelle.dz\/index.php\/wp-json\/wp\/v2\/posts\/80082","targetHints":{"allow":["GET"]}}],"collection":[{"href":"https:\/\/lasentinelle.dz\/index.php\/wp-json\/wp\/v2\/posts"}],"about":[{"href":"https:\/\/lasentinelle.dz\/index.php\/wp-json\/wp\/v2\/types\/post"}],"author":[{"embeddable":true,"href":"https:\/\/lasentinelle.dz\/index.php\/wp-json\/wp\/v2\/users\/6"}],"replies":[{"embeddable":true,"href":"https:\/\/lasentinelle.dz\/index.php\/wp-json\/wp\/v2\/comments?post=80082"}],"version-history":[{"count":1,"href":"https:\/\/lasentinelle.dz\/index.php\/wp-json\/wp\/v2\/posts\/80082\/revisions"}],"predecessor-version":[{"id":80084,"href":"https:\/\/lasentinelle.dz\/index.php\/wp-json\/wp\/v2\/posts\/80082\/revisions\/80084"}],"wp:featuredmedia":[{"embeddable":true,"href":"https:\/\/lasentinelle.dz\/index.php\/wp-json\/wp\/v2\/media\/80083"}],"wp:attachment":[{"href":"https:\/\/lasentinelle.dz\/index.php\/wp-json\/wp\/v2\/media?parent=80082"}],"wp:term":[{"taxonomy":"category","embeddable":true,"href":"https:\/\/lasentinelle.dz\/index.php\/wp-json\/wp\/v2\/categories?post=80082"},{"taxonomy":"post_tag","embeddable":true,"href":"https:\/\/lasentinelle.dz\/index.php\/wp-json\/wp\/v2\/tags?post=80082"}],"curies":[{"name":"wp","href":"https:\/\/api.w.org\/{rel}","templated":true}]}}