{"id":80085,"date":"2026-01-26T13:36:11","date_gmt":"2026-01-26T12:36:11","guid":{"rendered":"https:\/\/lasentinelle.dz\/?p=80085"},"modified":"2026-01-26T13:36:12","modified_gmt":"2026-01-26T12:36:12","slug":"vaccination-contre-la-poliomyelite-la-troisieme-et-derniere-phase-lancee","status":"publish","type":"post","link":"https:\/\/lasentinelle.dz\/index.php\/2026\/01\/26\/vaccination-contre-la-poliomyelite-la-troisieme-et-derniere-phase-lancee\/","title":{"rendered":"Vaccination contre la poliomy\u00e9lite\u00a0: La troisi\u00e8me et derni\u00e8re phase lanc\u00e9e"},"content":{"rendered":"\n<p>Les autorit\u00e9s sanitaires lancent la phase finale de la campagne nationale de vaccination contre la poliomy\u00e9lite. Selon un communiqu\u00e9 du minist\u00e8re de la Sant\u00e9, la troisi\u00e8me et derni\u00e8re phase de cette campagne a effectivement d\u00e9but\u00e9 dimanche et s&rsquo;\u00e9tendra jusqu&rsquo;au samedi 31 janvier courant. Cette \u00e9tape rev\u00eat une importance capitale dans la strat\u00e9gie nationale de pr\u00e9vention sanitaire du pays, visant \u00e0 renforcer l&rsquo;immunit\u00e9 individuelle et collective chez les enfants. Comme l&rsquo;explique le minist\u00e8re de la Sant\u00e9 dans son communiqu\u00e9, cette d\u00e9marche \u00ab consiste \u00e0 administrer une dose compl\u00e9mentaire injectable du vaccin antipoliomy\u00e9litique inactiv\u00e9 (VPI), dans le cadre de la poursuite de la strat\u00e9gie nationale de pr\u00e9vention sanitaire et de renforcement de l&rsquo;immunit\u00e9 individuelle et collective chez les enfants \u00bb. Le minist\u00e8re souligne que \u00ab cette phase vient dans la continuit\u00e9 des efforts visant \u00e0 consolider la protection acquise pr\u00e9c\u00e9demment gr\u00e2ce au vaccin oral, et \u00e0 pr\u00e9venir des formes graves de la poliomy\u00e9lite, conform\u00e9ment aux engagements de l&rsquo;Alg\u00e9rie en mati\u00e8re de sant\u00e9 publique et de programmes de vaccination adopt\u00e9s \u00bb. Le vaccin injectable utilis\u00e9 dans cette campagne poss\u00e8de des caract\u00e9ristiques remarquables en mati\u00e8re de s\u00e9curit\u00e9 et d&rsquo;efficacit\u00e9. Selon les informations du minist\u00e8re de la Sant\u00e9, le VPI \u00ab fait partie, depuis 2015, du programme national de vaccination de routine, et se distingue par un niveau \u00e9lev\u00e9 d&rsquo;innocuit\u00e9 et d&rsquo;efficacit\u00e9, avec une absence quasi totale des effets secondaires \u00bb. Les autorit\u00e9s sanitaires ont \u00e9galement tenu \u00e0 mettre en avant les moyens humains et mat\u00e9riels mobilis\u00e9s pour assurer le succ\u00e8s de cette campagne. Le minist\u00e8re affirme avoir assur\u00e9 \u00ab la poursuite de la mobilisation globale des diff\u00e9rentes \u00e9quipes m\u00e9dicales et param\u00e9dicales et le d\u00e9ploiement des capacit\u00e9s humaines et logistiques n\u00e9cessaires, en sus de la coordination avec les diff\u00e9rents acteurs locaux, en vue de garantir le succ\u00e8s de cette phase dans les meilleures conditions organisationnelles et sanitaires \u00bb. Dans ce contexte, le minist\u00e8re de la Sant\u00e9 lance un appel direct aux parents et aux responsables familiaux. Il demande instamment \u00e0 \u00ab l&rsquo;ensemble des parents \u00bb d&rsquo;\u00ab emmener leurs enfants aux \u00e9tablissements sanitaires concern\u00e9s par la vaccination durant la p\u00e9riode indiqu\u00e9e, pour pr\u00e9server leur sant\u00e9, renforcer l&rsquo;immunit\u00e9 collective et assurer la protection de la soci\u00e9t\u00e9 contre cette maladie \u00bb. Cette campagne s&rsquo;inscrit dans le contexte plus large des engagements internationaux de l&rsquo;Alg\u00e9rie en mati\u00e8re de sant\u00e9 publique. La poliomy\u00e9lite, bien qu&rsquo;elle ait \u00e9t\u00e9 largement contr\u00f4l\u00e9e dans plusieurs r\u00e9gions du globe, reste une maladie contre laquelle la vigilance sanitaire demeure n\u00e9cessaire. \u00c0 travers cette campagne nationale et ses trois phases successives, l&rsquo;Alg\u00e9rie cherche \u00e0 consolider et pr\u00e9server son statut de pays exempt de la polio.<\/p>\n\n\n\n<p>Chokri Hafed<\/p>\n","protected":false},"excerpt":{"rendered":"<p>Les autorit\u00e9s sanitaires lancent la phase finale de la campagne nationale de vaccination contre la poliomy\u00e9lite. Selon un communiqu\u00e9 du<\/p>\n","protected":false},"author":6,"featured_media":78112,"comment_status":"open","ping_status":"closed","sticky":false,"template":"","format":"standard","meta":{"colormag_page_container_layout":"default_layout","colormag_page_sidebar_layout":"default_layout","om_disable_all_campaigns":false,"_monsterinsights_skip_tracking":false,"_monsterinsights_sitenote_active":false,"_monsterinsights_sitenote_note":"","_monsterinsights_sitenote_category":0,"footnotes":"","_wpscppro_dont_share_socialmedia":false,"_wpscppro_custom_social_share_image":0,"_facebook_share_type":"default","_twitter_share_type":"default","_linkedin_share_type":"default","_pinterest_share_type":"default","_linkedin_share_type_page":"","_instagram_share_type":"default","_medium_share_type":"default","_threads_share_type":"default","_google_business_share_type":"default","_selected_social_profile":[],"_wpsp_enable_custom_social_template":false,"_wpsp_social_scheduling":{"enabled":false,"datetime":null,"platforms":[],"status":"template_only","dateOption":"today","timeOption":"now","customDays":"","customHours":"","customDate":"","customTime":"","schedulingType":"absolute"},"_wpsp_active_default_template":true},"categories":[27],"tags":[],"class_list":["post-80085","post","type-post","status-publish","format-standard","has-post-thumbnail","hentry","category-actualite"],"aioseo_notices":[],"yoast_head":"<!-- This site is optimized with the Yoast SEO plugin v27.5 - https:\/\/yoast.com\/product\/yoast-seo-wordpress\/ -->\n<title>Vaccination contre la poliomy\u00e9lite\u00a0: La troisi\u00e8me et derni\u00e8re phase lanc\u00e9e - La Sentinelle<\/title>\n<meta name=\"robots\" content=\"index, follow, max-snippet:-1, max-image-preview:large, max-video-preview:-1\" \/>\n<link rel=\"canonical\" href=\"https:\/\/lasentinelle.dz\/index.php\/2026\/01\/26\/vaccination-contre-la-poliomyelite-la-troisieme-et-derniere-phase-lancee\/\" \/>\n<meta property=\"og:locale\" content=\"fr_FR\" \/>\n<meta property=\"og:type\" content=\"article\" \/>\n<meta property=\"og:title\" content=\"Vaccination contre la poliomy\u00e9lite\u00a0: La troisi\u00e8me et derni\u00e8re phase lanc\u00e9e - La Sentinelle\" \/>\n<meta property=\"og:description\" content=\"Les autorit\u00e9s sanitaires lancent la phase finale de la campagne nationale de vaccination contre la poliomy\u00e9lite. Selon un communiqu\u00e9 du\" \/>\n<meta property=\"og:url\" content=\"https:\/\/lasentinelle.dz\/index.php\/2026\/01\/26\/vaccination-contre-la-poliomyelite-la-troisieme-et-derniere-phase-lancee\/\" \/>\n<meta property=\"og:site_name\" content=\"La Sentinelle\" \/>\n<meta property=\"article:publisher\" content=\"https:\/\/www.facebook.com\/La-Sentinelle-104059864394773\" \/>\n<meta property=\"article:published_time\" content=\"2026-01-26T12:36:11+00:00\" \/>\n<meta property=\"article:modified_time\" content=\"2026-01-26T12:36:12+00:00\" \/>\n<meta property=\"og:image\" content=\"https:\/\/lasentinelle.dz\/wp-content\/uploads\/2025\/12\/vaccin-polio.webp\" \/>\n\t<meta property=\"og:image:width\" content=\"1000\" \/>\n\t<meta property=\"og:image:height\" content=\"681\" \/>\n\t<meta property=\"og:image:type\" content=\"image\/webp\" \/>\n<meta name=\"author\" content=\"admin\" \/>\n<meta name=\"twitter:card\" content=\"summary_large_image\" \/>\n<meta name=\"twitter:label1\" content=\"\u00c9crit par\" \/>\n\t<meta name=\"twitter:data1\" content=\"admin\" \/>\n\t<meta name=\"twitter:label2\" content=\"Dur\u00e9e de lecture estim\u00e9e\" \/>\n\t<meta name=\"twitter:data2\" content=\"3 minutes\" \/>\n<script type=\"application\/ld+json\" class=\"yoast-schema-graph\">{\"@context\":\"https:\\\/\\\/schema.org\",\"@graph\":[{\"@type\":\"Article\",\"@id\":\"https:\\\/\\\/lasentinelle.dz\\\/index.php\\\/2026\\\/01\\\/26\\\/vaccination-contre-la-poliomyelite-la-troisieme-et-derniere-phase-lancee\\\/#article\",\"isPartOf\":{\"@id\":\"https:\\\/\\\/lasentinelle.dz\\\/index.php\\\/2026\\\/01\\\/26\\\/vaccination-contre-la-poliomyelite-la-troisieme-et-derniere-phase-lancee\\\/\"},\"author\":{\"name\":\"admin\",\"@id\":\"https:\\\/\\\/lasentinelle.dz\\\/#\\\/schema\\\/person\\\/729ee0024f24e0b8c5ec17232f8e8b41\"},\"headline\":\"Vaccination contre la poliomy\u00e9lite\u00a0: La troisi\u00e8me et derni\u00e8re phase lanc\u00e9e\",\"datePublished\":\"2026-01-26T12:36:11+00:00\",\"dateModified\":\"2026-01-26T12:36:12+00:00\",\"mainEntityOfPage\":{\"@id\":\"https:\\\/\\\/lasentinelle.dz\\\/index.php\\\/2026\\\/01\\\/26\\\/vaccination-contre-la-poliomyelite-la-troisieme-et-derniere-phase-lancee\\\/\"},\"wordCount\":496,\"commentCount\":0,\"publisher\":{\"@id\":\"https:\\\/\\\/lasentinelle.dz\\\/#organization\"},\"image\":{\"@id\":\"https:\\\/\\\/lasentinelle.dz\\\/index.php\\\/2026\\\/01\\\/26\\\/vaccination-contre-la-poliomyelite-la-troisieme-et-derniere-phase-lancee\\\/#primaryimage\"},\"thumbnailUrl\":\"https:\\\/\\\/lasentinelle.dz\\\/wp-content\\\/uploads\\\/2025\\\/12\\\/vaccin-polio.webp\",\"articleSection\":[\"Actualit\u00e9\"],\"inLanguage\":\"fr-FR\",\"potentialAction\":[{\"@type\":\"CommentAction\",\"name\":\"Comment\",\"target\":[\"https:\\\/\\\/lasentinelle.dz\\\/index.php\\\/2026\\\/01\\\/26\\\/vaccination-contre-la-poliomyelite-la-troisieme-et-derniere-phase-lancee\\\/#respond\"]}]},{\"@type\":\"WebPage\",\"@id\":\"https:\\\/\\\/lasentinelle.dz\\\/index.php\\\/2026\\\/01\\\/26\\\/vaccination-contre-la-poliomyelite-la-troisieme-et-derniere-phase-lancee\\\/\",\"url\":\"https:\\\/\\\/lasentinelle.dz\\\/index.php\\\/2026\\\/01\\\/26\\\/vaccination-contre-la-poliomyelite-la-troisieme-et-derniere-phase-lancee\\\/\",\"name\":\"Vaccination contre la poliomy\u00e9lite\u00a0: La troisi\u00e8me et derni\u00e8re phase lanc\u00e9e - La Sentinelle\",\"isPartOf\":{\"@id\":\"https:\\\/\\\/lasentinelle.dz\\\/#website\"},\"primaryImageOfPage\":{\"@id\":\"https:\\\/\\\/lasentinelle.dz\\\/index.php\\\/2026\\\/01\\\/26\\\/vaccination-contre-la-poliomyelite-la-troisieme-et-derniere-phase-lancee\\\/#primaryimage\"},\"image\":{\"@id\":\"https:\\\/\\\/lasentinelle.dz\\\/index.php\\\/2026\\\/01\\\/26\\\/vaccination-contre-la-poliomyelite-la-troisieme-et-derniere-phase-lancee\\\/#primaryimage\"},\"thumbnailUrl\":\"https:\\\/\\\/lasentinelle.dz\\\/wp-content\\\/uploads\\\/2025\\\/12\\\/vaccin-polio.webp\",\"datePublished\":\"2026-01-26T12:36:11+00:00\",\"dateModified\":\"2026-01-26T12:36:12+00:00\",\"breadcrumb\":{\"@id\":\"https:\\\/\\\/lasentinelle.dz\\\/index.php\\\/2026\\\/01\\\/26\\\/vaccination-contre-la-poliomyelite-la-troisieme-et-derniere-phase-lancee\\\/#breadcrumb\"},\"inLanguage\":\"fr-FR\",\"potentialAction\":[{\"@type\":\"ReadAction\",\"target\":[\"https:\\\/\\\/lasentinelle.dz\\\/index.php\\\/2026\\\/01\\\/26\\\/vaccination-contre-la-poliomyelite-la-troisieme-et-derniere-phase-lancee\\\/\"]}]},{\"@type\":\"ImageObject\",\"inLanguage\":\"fr-FR\",\"@id\":\"https:\\\/\\\/lasentinelle.dz\\\/index.php\\\/2026\\\/01\\\/26\\\/vaccination-contre-la-poliomyelite-la-troisieme-et-derniere-phase-lancee\\\/#primaryimage\",\"url\":\"https:\\\/\\\/lasentinelle.dz\\\/wp-content\\\/uploads\\\/2025\\\/12\\\/vaccin-polio.webp\",\"contentUrl\":\"https:\\\/\\\/lasentinelle.dz\\\/wp-content\\\/uploads\\\/2025\\\/12\\\/vaccin-polio.webp\",\"width\":1000,\"height\":681},{\"@type\":\"BreadcrumbList\",\"@id\":\"https:\\\/\\\/lasentinelle.dz\\\/index.php\\\/2026\\\/01\\\/26\\\/vaccination-contre-la-poliomyelite-la-troisieme-et-derniere-phase-lancee\\\/#breadcrumb\",\"itemListElement\":[{\"@type\":\"ListItem\",\"position\":1,\"name\":\"Accueil\",\"item\":\"https:\\\/\\\/lasentinelle.dz\\\/\"},{\"@type\":\"ListItem\",\"position\":2,\"name\":\"Vaccination contre la poliomy\u00e9lite\u00a0: La troisi\u00e8me et derni\u00e8re phase lanc\u00e9e\"}]},{\"@type\":\"WebSite\",\"@id\":\"https:\\\/\\\/lasentinelle.dz\\\/#website\",\"url\":\"https:\\\/\\\/lasentinelle.dz\\\/\",\"name\":\"La Sentinelle\",\"description\":\"Quotidien national d&#039;information\",\"publisher\":{\"@id\":\"https:\\\/\\\/lasentinelle.dz\\\/#organization\"},\"potentialAction\":[{\"@type\":\"SearchAction\",\"target\":{\"@type\":\"EntryPoint\",\"urlTemplate\":\"https:\\\/\\\/lasentinelle.dz\\\/?s={search_term_string}\"},\"query-input\":{\"@type\":\"PropertyValueSpecification\",\"valueRequired\":true,\"valueName\":\"search_term_string\"}}],\"inLanguage\":\"fr-FR\"},{\"@type\":\"Organization\",\"@id\":\"https:\\\/\\\/lasentinelle.dz\\\/#organization\",\"name\":\"Quotidien La Sentinelle\",\"url\":\"https:\\\/\\\/lasentinelle.dz\\\/\",\"logo\":{\"@type\":\"ImageObject\",\"inLanguage\":\"fr-FR\",\"@id\":\"https:\\\/\\\/lasentinelle.dz\\\/#\\\/schema\\\/logo\\\/image\\\/\",\"url\":\"https:\\\/\\\/lasentinelle.dz\\\/wp-content\\\/uploads\\\/2021\\\/09\\\/logo-sentinelleSLOGAN-1.png\",\"contentUrl\":\"https:\\\/\\\/lasentinelle.dz\\\/wp-content\\\/uploads\\\/2021\\\/09\\\/logo-sentinelleSLOGAN-1.png\",\"width\":615,\"height\":142,\"caption\":\"Quotidien La Sentinelle\"},\"image\":{\"@id\":\"https:\\\/\\\/lasentinelle.dz\\\/#\\\/schema\\\/logo\\\/image\\\/\"},\"sameAs\":[\"https:\\\/\\\/www.facebook.com\\\/La-Sentinelle-104059864394773\"]},{\"@type\":\"Person\",\"@id\":\"https:\\\/\\\/lasentinelle.dz\\\/#\\\/schema\\\/person\\\/729ee0024f24e0b8c5ec17232f8e8b41\",\"name\":\"admin\",\"image\":{\"@type\":\"ImageObject\",\"inLanguage\":\"fr-FR\",\"@id\":\"https:\\\/\\\/secure.gravatar.com\\\/avatar\\\/4c81fed838786e9b53f540bf46533e750f5d292099ae3b66cfc6fb1982e29df7?s=96&d=mm&r=g\",\"url\":\"https:\\\/\\\/secure.gravatar.com\\\/avatar\\\/4c81fed838786e9b53f540bf46533e750f5d292099ae3b66cfc6fb1982e29df7?s=96&d=mm&r=g\",\"contentUrl\":\"https:\\\/\\\/secure.gravatar.com\\\/avatar\\\/4c81fed838786e9b53f540bf46533e750f5d292099ae3b66cfc6fb1982e29df7?s=96&d=mm&r=g\",\"caption\":\"admin\"},\"description\":\"admin\",\"url\":\"https:\\\/\\\/lasentinelle.dz\\\/author\\\/admin\\\/\"}]}<\/script>\n<!-- \/ Yoast SEO plugin. -->","yoast_head_json":{"title":"Vaccination contre la poliomy\u00e9lite\u00a0: La troisi\u00e8me et derni\u00e8re phase lanc\u00e9e - La Sentinelle","robots":{"index":"index","follow":"follow","max-snippet":"max-snippet:-1","max-image-preview":"max-image-preview:large","max-video-preview":"max-video-preview:-1"},"canonical":"https:\/\/lasentinelle.dz\/index.php\/2026\/01\/26\/vaccination-contre-la-poliomyelite-la-troisieme-et-derniere-phase-lancee\/","og_locale":"fr_FR","og_type":"article","og_title":"Vaccination contre la poliomy\u00e9lite\u00a0: La troisi\u00e8me et derni\u00e8re phase lanc\u00e9e - La Sentinelle","og_description":"Les autorit\u00e9s sanitaires lancent la phase finale de la campagne nationale de vaccination contre la poliomy\u00e9lite. Selon un communiqu\u00e9 du","og_url":"https:\/\/lasentinelle.dz\/index.php\/2026\/01\/26\/vaccination-contre-la-poliomyelite-la-troisieme-et-derniere-phase-lancee\/","og_site_name":"La Sentinelle","article_publisher":"https:\/\/www.facebook.com\/La-Sentinelle-104059864394773","article_published_time":"2026-01-26T12:36:11+00:00","article_modified_time":"2026-01-26T12:36:12+00:00","og_image":[{"width":1000,"height":681,"url":"https:\/\/lasentinelle.dz\/wp-content\/uploads\/2025\/12\/vaccin-polio.webp","type":"image\/webp"}],"author":"admin","twitter_card":"summary_large_image","twitter_misc":{"\u00c9crit par":"admin","Dur\u00e9e de lecture estim\u00e9e":"3 minutes"},"schema":{"@context":"https:\/\/schema.org","@graph":[{"@type":"Article","@id":"https:\/\/lasentinelle.dz\/index.php\/2026\/01\/26\/vaccination-contre-la-poliomyelite-la-troisieme-et-derniere-phase-lancee\/#article","isPartOf":{"@id":"https:\/\/lasentinelle.dz\/index.php\/2026\/01\/26\/vaccination-contre-la-poliomyelite-la-troisieme-et-derniere-phase-lancee\/"},"author":{"name":"admin","@id":"https:\/\/lasentinelle.dz\/#\/schema\/person\/729ee0024f24e0b8c5ec17232f8e8b41"},"headline":"Vaccination contre la poliomy\u00e9lite\u00a0: La troisi\u00e8me et derni\u00e8re phase lanc\u00e9e","datePublished":"2026-01-26T12:36:11+00:00","dateModified":"2026-01-26T12:36:12+00:00","mainEntityOfPage":{"@id":"https:\/\/lasentinelle.dz\/index.php\/2026\/01\/26\/vaccination-contre-la-poliomyelite-la-troisieme-et-derniere-phase-lancee\/"},"wordCount":496,"commentCount":0,"publisher":{"@id":"https:\/\/lasentinelle.dz\/#organization"},"image":{"@id":"https:\/\/lasentinelle.dz\/index.php\/2026\/01\/26\/vaccination-contre-la-poliomyelite-la-troisieme-et-derniere-phase-lancee\/#primaryimage"},"thumbnailUrl":"https:\/\/lasentinelle.dz\/wp-content\/uploads\/2025\/12\/vaccin-polio.webp","articleSection":["Actualit\u00e9"],"inLanguage":"fr-FR","potentialAction":[{"@type":"CommentAction","name":"Comment","target":["https:\/\/lasentinelle.dz\/index.php\/2026\/01\/26\/vaccination-contre-la-poliomyelite-la-troisieme-et-derniere-phase-lancee\/#respond"]}]},{"@type":"WebPage","@id":"https:\/\/lasentinelle.dz\/index.php\/2026\/01\/26\/vaccination-contre-la-poliomyelite-la-troisieme-et-derniere-phase-lancee\/","url":"https:\/\/lasentinelle.dz\/index.php\/2026\/01\/26\/vaccination-contre-la-poliomyelite-la-troisieme-et-derniere-phase-lancee\/","name":"Vaccination contre la poliomy\u00e9lite\u00a0: La troisi\u00e8me et derni\u00e8re phase lanc\u00e9e - La Sentinelle","isPartOf":{"@id":"https:\/\/lasentinelle.dz\/#website"},"primaryImageOfPage":{"@id":"https:\/\/lasentinelle.dz\/index.php\/2026\/01\/26\/vaccination-contre-la-poliomyelite-la-troisieme-et-derniere-phase-lancee\/#primaryimage"},"image":{"@id":"https:\/\/lasentinelle.dz\/index.php\/2026\/01\/26\/vaccination-contre-la-poliomyelite-la-troisieme-et-derniere-phase-lancee\/#primaryimage"},"thumbnailUrl":"https:\/\/lasentinelle.dz\/wp-content\/uploads\/2025\/12\/vaccin-polio.webp","datePublished":"2026-01-26T12:36:11+00:00","dateModified":"2026-01-26T12:36:12+00:00","breadcrumb":{"@id":"https:\/\/lasentinelle.dz\/index.php\/2026\/01\/26\/vaccination-contre-la-poliomyelite-la-troisieme-et-derniere-phase-lancee\/#breadcrumb"},"inLanguage":"fr-FR","potentialAction":[{"@type":"ReadAction","target":["https:\/\/lasentinelle.dz\/index.php\/2026\/01\/26\/vaccination-contre-la-poliomyelite-la-troisieme-et-derniere-phase-lancee\/"]}]},{"@type":"ImageObject","inLanguage":"fr-FR","@id":"https:\/\/lasentinelle.dz\/index.php\/2026\/01\/26\/vaccination-contre-la-poliomyelite-la-troisieme-et-derniere-phase-lancee\/#primaryimage","url":"https:\/\/lasentinelle.dz\/wp-content\/uploads\/2025\/12\/vaccin-polio.webp","contentUrl":"https:\/\/lasentinelle.dz\/wp-content\/uploads\/2025\/12\/vaccin-polio.webp","width":1000,"height":681},{"@type":"BreadcrumbList","@id":"https:\/\/lasentinelle.dz\/index.php\/2026\/01\/26\/vaccination-contre-la-poliomyelite-la-troisieme-et-derniere-phase-lancee\/#breadcrumb","itemListElement":[{"@type":"ListItem","position":1,"name":"Accueil","item":"https:\/\/lasentinelle.dz\/"},{"@type":"ListItem","position":2,"name":"Vaccination contre la poliomy\u00e9lite\u00a0: La troisi\u00e8me et derni\u00e8re phase lanc\u00e9e"}]},{"@type":"WebSite","@id":"https:\/\/lasentinelle.dz\/#website","url":"https:\/\/lasentinelle.dz\/","name":"La Sentinelle","description":"Quotidien national d&#039;information","publisher":{"@id":"https:\/\/lasentinelle.dz\/#organization"},"potentialAction":[{"@type":"SearchAction","target":{"@type":"EntryPoint","urlTemplate":"https:\/\/lasentinelle.dz\/?s={search_term_string}"},"query-input":{"@type":"PropertyValueSpecification","valueRequired":true,"valueName":"search_term_string"}}],"inLanguage":"fr-FR"},{"@type":"Organization","@id":"https:\/\/lasentinelle.dz\/#organization","name":"Quotidien La Sentinelle","url":"https:\/\/lasentinelle.dz\/","logo":{"@type":"ImageObject","inLanguage":"fr-FR","@id":"https:\/\/lasentinelle.dz\/#\/schema\/logo\/image\/","url":"https:\/\/lasentinelle.dz\/wp-content\/uploads\/2021\/09\/logo-sentinelleSLOGAN-1.png","contentUrl":"https:\/\/lasentinelle.dz\/wp-content\/uploads\/2021\/09\/logo-sentinelleSLOGAN-1.png","width":615,"height":142,"caption":"Quotidien La Sentinelle"},"image":{"@id":"https:\/\/lasentinelle.dz\/#\/schema\/logo\/image\/"},"sameAs":["https:\/\/www.facebook.com\/La-Sentinelle-104059864394773"]},{"@type":"Person","@id":"https:\/\/lasentinelle.dz\/#\/schema\/person\/729ee0024f24e0b8c5ec17232f8e8b41","name":"admin","image":{"@type":"ImageObject","inLanguage":"fr-FR","@id":"https:\/\/secure.gravatar.com\/avatar\/4c81fed838786e9b53f540bf46533e750f5d292099ae3b66cfc6fb1982e29df7?s=96&d=mm&r=g","url":"https:\/\/secure.gravatar.com\/avatar\/4c81fed838786e9b53f540bf46533e750f5d292099ae3b66cfc6fb1982e29df7?s=96&d=mm&r=g","contentUrl":"https:\/\/secure.gravatar.com\/avatar\/4c81fed838786e9b53f540bf46533e750f5d292099ae3b66cfc6fb1982e29df7?s=96&d=mm&r=g","caption":"admin"},"description":"admin","url":"https:\/\/lasentinelle.dz\/author\/admin\/"}]}},"_links":{"self":[{"href":"https:\/\/lasentinelle.dz\/index.php\/wp-json\/wp\/v2\/posts\/80085","targetHints":{"allow":["GET"]}}],"collection":[{"href":"https:\/\/lasentinelle.dz\/index.php\/wp-json\/wp\/v2\/posts"}],"about":[{"href":"https:\/\/lasentinelle.dz\/index.php\/wp-json\/wp\/v2\/types\/post"}],"author":[{"embeddable":true,"href":"https:\/\/lasentinelle.dz\/index.php\/wp-json\/wp\/v2\/users\/6"}],"replies":[{"embeddable":true,"href":"https:\/\/lasentinelle.dz\/index.php\/wp-json\/wp\/v2\/comments?post=80085"}],"version-history":[{"count":1,"href":"https:\/\/lasentinelle.dz\/index.php\/wp-json\/wp\/v2\/posts\/80085\/revisions"}],"predecessor-version":[{"id":80086,"href":"https:\/\/lasentinelle.dz\/index.php\/wp-json\/wp\/v2\/posts\/80085\/revisions\/80086"}],"wp:featuredmedia":[{"embeddable":true,"href":"https:\/\/lasentinelle.dz\/index.php\/wp-json\/wp\/v2\/media\/78112"}],"wp:attachment":[{"href":"https:\/\/lasentinelle.dz\/index.php\/wp-json\/wp\/v2\/media?parent=80085"}],"wp:term":[{"taxonomy":"category","embeddable":true,"href":"https:\/\/lasentinelle.dz\/index.php\/wp-json\/wp\/v2\/categories?post=80085"},{"taxonomy":"post_tag","embeddable":true,"href":"https:\/\/lasentinelle.dz\/index.php\/wp-json\/wp\/v2\/tags?post=80085"}],"curies":[{"name":"wp","href":"https:\/\/api.w.org\/{rel}","templated":true}]}}