{"id":80089,"date":"2026-01-26T13:37:41","date_gmt":"2026-01-26T12:37:41","guid":{"rendered":"https:\/\/lasentinelle.dz\/?p=80089"},"modified":"2026-01-26T13:37:42","modified_gmt":"2026-01-26T12:37:42","slug":"lutte-contre-la-violence-a-legard-des-femmes-lalgerie-realise-un-saut-qualitatif","status":"publish","type":"post","link":"https:\/\/lasentinelle.dz\/index.php\/2026\/01\/26\/lutte-contre-la-violence-a-legard-des-femmes-lalgerie-realise-un-saut-qualitatif\/","title":{"rendered":"Lutte contre la violence \u00e0 l\u2019\u00e9gard des femmes\u00a0: L\u2019Alg\u00e9rie r\u00e9alise un \u00ab\u00a0saut qualitatif\u00a0\u00bb"},"content":{"rendered":"\n<p>Derri\u00e8re les chiffres et les rapports, une dynamique politique et institutionnelle assum\u00e9e place la lutte contre les violences faites aux femmes et aux filles au rang de priorit\u00e9 nationale.<\/p>\n\n\n\n<p>La lutte contre les violences faites aux femmes et aux filles en Alg\u00e9rie n\u2019est plus seulement une d\u00e9claration d\u2019intention. Port\u00e9e au plus haut niveau de l\u2019\u00c9tat et soutenue par des partenaires onusiens, elle se traduit d\u00e9sormais par des avanc\u00e9es concr\u00e8tes, salu\u00e9es dans un rapport conjoint de l\u2019UNFPA et de l\u2019ONUDC, pr\u00e9sent\u00e9 dimanche \u00e0 Alger, qui met en lumi\u00e8re un \u00ab saut qualitatif \u00bb dans la r\u00e9ponse nationale \u00e0 ce fl\u00e9au. La pr\u00e9sentation des r\u00e9sultats de la deuxi\u00e8me phase du projet \u00ab Soutenir les efforts de la r\u00e9ponse alg\u00e9rienne dans la lutte contre la violence \u00e0 l\u2019\u00e9gard des femmes et des filles \u00bb a agi comme un r\u00e9v\u00e9lateur d\u2019une transformation profonde engag\u00e9e ces derni\u00e8res ann\u00e9es. \u00c9labor\u00e9 conjointement par le Fonds des Nations Unies pour la population (UNFPA) et l\u2019Office des Nations unies contre la drogue et le crime (ONUDC), le rapport dresse le constat d\u2019un bond significatif r\u00e9alis\u00e9 par l\u2019Alg\u00e9rie dans la pr\u00e9vention, la prise en charge et la protection des femmes et des filles victimes de violence, en droite ligne avec les orientations du pr\u00e9sident de la R\u00e9publique, Abdelmadjid Tebboune.<\/p>\n\n\n\n<p>Repr\u00e9sentant le minist\u00e8re des Affaires \u00e9trang\u00e8res lors de cette rencontre, Fethi Metref a soulign\u00e9 que les conclusions du rapport traduisent \u00ab le saut qualitatif r\u00e9alis\u00e9 par l\u2019Alg\u00e9rie dans la lutte contre la violence \u00e0 l\u2019\u00e9gard des femmes et des filles \u00bb. Il a rappel\u00e9 que ce projet repose sur un renforcement cibl\u00e9 des capacit\u00e9s des secteurs concern\u00e9s, notamment \u00e0 travers des formations sp\u00e9cialis\u00e9es et des ateliers d\u00e9di\u00e9s, tout en am\u00e9liorant la coordination entre les diff\u00e9rentes parties prenantes afin d\u2019assurer une meilleure prise en charge des victimes. Une approche globale qui, selon lui, \u00ab refl\u00e8te la volont\u00e9 politique supr\u00eame, s\u2019inscrivant en droite ligne avec les orientations du pr\u00e9sident de la R\u00e9publique, afin de consolider la r\u00e9ponse nationale face \u00e0 cette probl\u00e9matique, consid\u00e9r\u00e9e comme une violation grave des droits de l\u2019homme \u00bb. Au-del\u00e0 des m\u00e9canismes op\u00e9rationnels, le projet se veut \u00e9galement un cadre f\u00e9d\u00e9rateur. Fethi Metref a ainsi r\u00e9it\u00e9r\u00e9 \u00ab l\u2019engagement de l\u2019\u00c9tat \u00e0 lutter contre toutes les formes de violence \u00e0 l\u2019\u00e9gard des femmes et des filles \u00bb \u00e0 travers cette initiative conjointe rassemblant institutions nationales, agences onusiennes et partenaires internationaux, avec le soutien du gouvernement du Royaume des Pays-Bas. Il a, par ailleurs, rappel\u00e9 les acquis juridiques et institutionnels engrang\u00e9s par l\u2019Alg\u00e9rie ces derni\u00e8res ann\u00e9es, tant au niveau national qu\u2019international, en mati\u00e8re de protection des droits de la femme et de l\u2019enfant.<\/p>\n\n\n\n<p>Du c\u00f4t\u00e9 des Nations Unies, le constat est tout aussi \u00e9loquent. Cheffe du bureau de l\u2019UNFPA en Alg\u00e9rie, Faiza Bendriss a salu\u00e9 des r\u00e9sultats \u00ab tr\u00e8s positifs \u00bb qui, selon elle, \u00ab traduisent un bond remarquable en mati\u00e8re de prise en charge des femmes et des filles et de leur protection contre toutes les formes de violence \u00bb. Elle a mis en exergue le r\u00f4le moteur jou\u00e9 par le chef de l\u2019\u00c9tat, soulignant \u00ab l\u2019importance accord\u00e9e par le pr\u00e9sident de la R\u00e9publique \u00e0 ce projet, en appelant les diff\u00e9rents secteurs \u00e0 intensifier les efforts pour le faire aboutir \u00bb. Un leadership politique qui a permis, selon l\u2019UNFPA, d\u2019ancrer durablement la lutte contre les violences dans les politiques publiques. M\u00eame tonalit\u00e9 du c\u00f4t\u00e9 de l\u2019ONUDC. Son repr\u00e9sentant en Alg\u00e9rie, Yassine Beldjebel, a estim\u00e9 que les r\u00e9sultats du rapport \u00ab refl\u00e8tent clairement les efforts importants d\u00e9ploy\u00e9s par l\u2019Alg\u00e9rie pour consacrer une protection plus renforc\u00e9e aux femmes et aux filles victimes de violence \u00bb. Il a rappel\u00e9 que l\u2019Office onusien accompagne cette dynamique en fournissant expertise technique et programmes de formation, afin de permettre aux acteurs concern\u00e9s de \u00ab faire face efficacement \u00e0 ce ph\u00e9nom\u00e8ne \u00bb \u00e0 travers des r\u00e9ponses adapt\u00e9es et coordonn\u00e9es.<\/p>\n\n\n\n<p>Cette appr\u00e9ciation est partag\u00e9e par la coordinatrice r\u00e9sidente des Nations Unies en Alg\u00e9rie, Savina Claudia Ammassari, pour qui le rapport d\u00e9montre que le pays \u00ab est parvenu r\u00e9ellement \u00e0 renforcer ses capacit\u00e9s en mati\u00e8re de lutte contre la violence \u00e0 l\u2019\u00e9gard des femmes et des filles \u00bb. Une reconnaissance internationale qui conforte l\u2019Alg\u00e9rie dans son choix d\u2019aborder cette question comme un enjeu transversal, \u00e0 la crois\u00e9e des droits humains, de la justice sociale et du d\u00e9veloppement durable.<\/p>\n\n\n\n<p>En filigrane, ce rapport consacre une \u00e9volution de fond : la lutte contre les violences faites aux femmes et aux filles n\u2019est plus per\u00e7ue comme une probl\u00e9matique sectorielle, mais comme une responsabilit\u00e9 collective port\u00e9e par l\u2019\u00c9tat, ses institutions et ses partenaires. Si des d\u00e9fis demeurent, le \u00ab saut qualitatif \u00bb salu\u00e9 \u00e0 Alger marque une \u00e9tape d\u00e9cisive vers une soci\u00e9t\u00e9 o\u00f9 la protection des femmes et des filles devient une r\u00e9alit\u00e9 institutionnelle, et non plus une promesse.<\/p>\n\n\n\n<p>Lyna Larbi<\/p>\n","protected":false},"excerpt":{"rendered":"<p>Derri\u00e8re les chiffres et les rapports, une dynamique politique et institutionnelle assum\u00e9e place la lutte contre les violences faites aux<\/p>\n","protected":false},"author":6,"featured_media":80090,"comment_status":"open","ping_status":"closed","sticky":false,"template":"","format":"standard","meta":{"colormag_page_container_layout":"default_layout","colormag_page_sidebar_layout":"default_layout","om_disable_all_campaigns":false,"_monsterinsights_skip_tracking":false,"_monsterinsights_sitenote_active":false,"_monsterinsights_sitenote_note":"","_monsterinsights_sitenote_category":0,"footnotes":"","_wpscppro_dont_share_socialmedia":false,"_wpscppro_custom_social_share_image":0,"_facebook_share_type":"default","_twitter_share_type":"default","_linkedin_share_type":"default","_pinterest_share_type":"default","_linkedin_share_type_page":"","_instagram_share_type":"default","_medium_share_type":"default","_threads_share_type":"default","_google_business_share_type":"default","_selected_social_profile":[],"_wpsp_enable_custom_social_template":false,"_wpsp_social_scheduling":{"enabled":false,"datetime":null,"platforms":[],"status":"template_only","dateOption":"today","timeOption":"now","customDays":"","customHours":"","customDate":"","customTime":"","schedulingType":"absolute"},"_wpsp_active_default_template":true},"categories":[52,27],"tags":[],"class_list":["post-80089","post","type-post","status-publish","format-standard","has-post-thumbnail","hentry","category-a-la-une","category-actualite"],"aioseo_notices":[],"yoast_head":"<!-- This site is optimized with the Yoast SEO plugin v27.5 - https:\/\/yoast.com\/product\/yoast-seo-wordpress\/ -->\n<title>Lutte contre la violence \u00e0 l\u2019\u00e9gard des femmes\u00a0: L\u2019Alg\u00e9rie r\u00e9alise un \u00ab\u00a0saut qualitatif\u00a0\u00bb - La Sentinelle<\/title>\n<meta name=\"robots\" content=\"index, follow, max-snippet:-1, max-image-preview:large, max-video-preview:-1\" \/>\n<link rel=\"canonical\" href=\"https:\/\/lasentinelle.dz\/index.php\/2026\/01\/26\/lutte-contre-la-violence-a-legard-des-femmes-lalgerie-realise-un-saut-qualitatif\/\" \/>\n<meta property=\"og:locale\" content=\"fr_FR\" \/>\n<meta property=\"og:type\" content=\"article\" \/>\n<meta property=\"og:title\" content=\"Lutte contre la violence \u00e0 l\u2019\u00e9gard des femmes\u00a0: L\u2019Alg\u00e9rie r\u00e9alise un \u00ab\u00a0saut qualitatif\u00a0\u00bb - La Sentinelle\" \/>\n<meta property=\"og:description\" content=\"Derri\u00e8re les chiffres et les rapports, une dynamique politique et institutionnelle assum\u00e9e place la lutte contre les violences faites aux\" \/>\n<meta property=\"og:url\" content=\"https:\/\/lasentinelle.dz\/index.php\/2026\/01\/26\/lutte-contre-la-violence-a-legard-des-femmes-lalgerie-realise-un-saut-qualitatif\/\" \/>\n<meta property=\"og:site_name\" content=\"La Sentinelle\" \/>\n<meta property=\"article:publisher\" content=\"https:\/\/www.facebook.com\/La-Sentinelle-104059864394773\" \/>\n<meta property=\"article:published_time\" content=\"2026-01-26T12:37:41+00:00\" \/>\n<meta property=\"article:modified_time\" content=\"2026-01-26T12:37:42+00:00\" \/>\n<meta property=\"og:image\" content=\"https:\/\/lasentinelle.dz\/wp-content\/uploads\/2026\/01\/violence.webp\" \/>\n\t<meta property=\"og:image:width\" content=\"2560\" \/>\n\t<meta property=\"og:image:height\" content=\"1280\" \/>\n\t<meta property=\"og:image:type\" content=\"image\/webp\" \/>\n<meta name=\"author\" content=\"admin\" \/>\n<meta name=\"twitter:card\" content=\"summary_large_image\" \/>\n<meta name=\"twitter:label1\" content=\"\u00c9crit par\" \/>\n\t<meta name=\"twitter:data1\" content=\"admin\" \/>\n\t<meta name=\"twitter:label2\" content=\"Dur\u00e9e de lecture estim\u00e9e\" \/>\n\t<meta name=\"twitter:data2\" content=\"5 minutes\" \/>\n<script type=\"application\/ld+json\" class=\"yoast-schema-graph\">{\"@context\":\"https:\\\/\\\/schema.org\",\"@graph\":[{\"@type\":\"Article\",\"@id\":\"https:\\\/\\\/lasentinelle.dz\\\/index.php\\\/2026\\\/01\\\/26\\\/lutte-contre-la-violence-a-legard-des-femmes-lalgerie-realise-un-saut-qualitatif\\\/#article\",\"isPartOf\":{\"@id\":\"https:\\\/\\\/lasentinelle.dz\\\/index.php\\\/2026\\\/01\\\/26\\\/lutte-contre-la-violence-a-legard-des-femmes-lalgerie-realise-un-saut-qualitatif\\\/\"},\"author\":{\"name\":\"admin\",\"@id\":\"https:\\\/\\\/lasentinelle.dz\\\/#\\\/schema\\\/person\\\/729ee0024f24e0b8c5ec17232f8e8b41\"},\"headline\":\"Lutte contre la violence \u00e0 l\u2019\u00e9gard des femmes\u00a0: L\u2019Alg\u00e9rie r\u00e9alise un \u00ab\u00a0saut qualitatif\u00a0\u00bb\",\"datePublished\":\"2026-01-26T12:37:41+00:00\",\"dateModified\":\"2026-01-26T12:37:42+00:00\",\"mainEntityOfPage\":{\"@id\":\"https:\\\/\\\/lasentinelle.dz\\\/index.php\\\/2026\\\/01\\\/26\\\/lutte-contre-la-violence-a-legard-des-femmes-lalgerie-realise-un-saut-qualitatif\\\/\"},\"wordCount\":899,\"commentCount\":0,\"publisher\":{\"@id\":\"https:\\\/\\\/lasentinelle.dz\\\/#organization\"},\"image\":{\"@id\":\"https:\\\/\\\/lasentinelle.dz\\\/index.php\\\/2026\\\/01\\\/26\\\/lutte-contre-la-violence-a-legard-des-femmes-lalgerie-realise-un-saut-qualitatif\\\/#primaryimage\"},\"thumbnailUrl\":\"https:\\\/\\\/lasentinelle.dz\\\/wp-content\\\/uploads\\\/2026\\\/01\\\/violence.webp\",\"articleSection\":[\"\u00c0 la Une\",\"Actualit\u00e9\"],\"inLanguage\":\"fr-FR\",\"potentialAction\":[{\"@type\":\"CommentAction\",\"name\":\"Comment\",\"target\":[\"https:\\\/\\\/lasentinelle.dz\\\/index.php\\\/2026\\\/01\\\/26\\\/lutte-contre-la-violence-a-legard-des-femmes-lalgerie-realise-un-saut-qualitatif\\\/#respond\"]}]},{\"@type\":\"WebPage\",\"@id\":\"https:\\\/\\\/lasentinelle.dz\\\/index.php\\\/2026\\\/01\\\/26\\\/lutte-contre-la-violence-a-legard-des-femmes-lalgerie-realise-un-saut-qualitatif\\\/\",\"url\":\"https:\\\/\\\/lasentinelle.dz\\\/index.php\\\/2026\\\/01\\\/26\\\/lutte-contre-la-violence-a-legard-des-femmes-lalgerie-realise-un-saut-qualitatif\\\/\",\"name\":\"Lutte contre la violence \u00e0 l\u2019\u00e9gard des femmes\u00a0: L\u2019Alg\u00e9rie r\u00e9alise un \u00ab\u00a0saut qualitatif\u00a0\u00bb - La Sentinelle\",\"isPartOf\":{\"@id\":\"https:\\\/\\\/lasentinelle.dz\\\/#website\"},\"primaryImageOfPage\":{\"@id\":\"https:\\\/\\\/lasentinelle.dz\\\/index.php\\\/2026\\\/01\\\/26\\\/lutte-contre-la-violence-a-legard-des-femmes-lalgerie-realise-un-saut-qualitatif\\\/#primaryimage\"},\"image\":{\"@id\":\"https:\\\/\\\/lasentinelle.dz\\\/index.php\\\/2026\\\/01\\\/26\\\/lutte-contre-la-violence-a-legard-des-femmes-lalgerie-realise-un-saut-qualitatif\\\/#primaryimage\"},\"thumbnailUrl\":\"https:\\\/\\\/lasentinelle.dz\\\/wp-content\\\/uploads\\\/2026\\\/01\\\/violence.webp\",\"datePublished\":\"2026-01-26T12:37:41+00:00\",\"dateModified\":\"2026-01-26T12:37:42+00:00\",\"breadcrumb\":{\"@id\":\"https:\\\/\\\/lasentinelle.dz\\\/index.php\\\/2026\\\/01\\\/26\\\/lutte-contre-la-violence-a-legard-des-femmes-lalgerie-realise-un-saut-qualitatif\\\/#breadcrumb\"},\"inLanguage\":\"fr-FR\",\"potentialAction\":[{\"@type\":\"ReadAction\",\"target\":[\"https:\\\/\\\/lasentinelle.dz\\\/index.php\\\/2026\\\/01\\\/26\\\/lutte-contre-la-violence-a-legard-des-femmes-lalgerie-realise-un-saut-qualitatif\\\/\"]}]},{\"@type\":\"ImageObject\",\"inLanguage\":\"fr-FR\",\"@id\":\"https:\\\/\\\/lasentinelle.dz\\\/index.php\\\/2026\\\/01\\\/26\\\/lutte-contre-la-violence-a-legard-des-femmes-lalgerie-realise-un-saut-qualitatif\\\/#primaryimage\",\"url\":\"https:\\\/\\\/lasentinelle.dz\\\/wp-content\\\/uploads\\\/2026\\\/01\\\/violence.webp\",\"contentUrl\":\"https:\\\/\\\/lasentinelle.dz\\\/wp-content\\\/uploads\\\/2026\\\/01\\\/violence.webp\",\"width\":2560,\"height\":1280},{\"@type\":\"BreadcrumbList\",\"@id\":\"https:\\\/\\\/lasentinelle.dz\\\/index.php\\\/2026\\\/01\\\/26\\\/lutte-contre-la-violence-a-legard-des-femmes-lalgerie-realise-un-saut-qualitatif\\\/#breadcrumb\",\"itemListElement\":[{\"@type\":\"ListItem\",\"position\":1,\"name\":\"Accueil\",\"item\":\"https:\\\/\\\/lasentinelle.dz\\\/\"},{\"@type\":\"ListItem\",\"position\":2,\"name\":\"Lutte contre la violence \u00e0 l\u2019\u00e9gard des femmes\u00a0: L\u2019Alg\u00e9rie r\u00e9alise un \u00ab\u00a0saut qualitatif\u00a0\u00bb\"}]},{\"@type\":\"WebSite\",\"@id\":\"https:\\\/\\\/lasentinelle.dz\\\/#website\",\"url\":\"https:\\\/\\\/lasentinelle.dz\\\/\",\"name\":\"La Sentinelle\",\"description\":\"Quotidien national d&#039;information\",\"publisher\":{\"@id\":\"https:\\\/\\\/lasentinelle.dz\\\/#organization\"},\"potentialAction\":[{\"@type\":\"SearchAction\",\"target\":{\"@type\":\"EntryPoint\",\"urlTemplate\":\"https:\\\/\\\/lasentinelle.dz\\\/?s={search_term_string}\"},\"query-input\":{\"@type\":\"PropertyValueSpecification\",\"valueRequired\":true,\"valueName\":\"search_term_string\"}}],\"inLanguage\":\"fr-FR\"},{\"@type\":\"Organization\",\"@id\":\"https:\\\/\\\/lasentinelle.dz\\\/#organization\",\"name\":\"Quotidien La Sentinelle\",\"url\":\"https:\\\/\\\/lasentinelle.dz\\\/\",\"logo\":{\"@type\":\"ImageObject\",\"inLanguage\":\"fr-FR\",\"@id\":\"https:\\\/\\\/lasentinelle.dz\\\/#\\\/schema\\\/logo\\\/image\\\/\",\"url\":\"https:\\\/\\\/lasentinelle.dz\\\/wp-content\\\/uploads\\\/2021\\\/09\\\/logo-sentinelleSLOGAN-1.png\",\"contentUrl\":\"https:\\\/\\\/lasentinelle.dz\\\/wp-content\\\/uploads\\\/2021\\\/09\\\/logo-sentinelleSLOGAN-1.png\",\"width\":615,\"height\":142,\"caption\":\"Quotidien La Sentinelle\"},\"image\":{\"@id\":\"https:\\\/\\\/lasentinelle.dz\\\/#\\\/schema\\\/logo\\\/image\\\/\"},\"sameAs\":[\"https:\\\/\\\/www.facebook.com\\\/La-Sentinelle-104059864394773\"]},{\"@type\":\"Person\",\"@id\":\"https:\\\/\\\/lasentinelle.dz\\\/#\\\/schema\\\/person\\\/729ee0024f24e0b8c5ec17232f8e8b41\",\"name\":\"admin\",\"image\":{\"@type\":\"ImageObject\",\"inLanguage\":\"fr-FR\",\"@id\":\"https:\\\/\\\/secure.gravatar.com\\\/avatar\\\/4c81fed838786e9b53f540bf46533e750f5d292099ae3b66cfc6fb1982e29df7?s=96&d=mm&r=g\",\"url\":\"https:\\\/\\\/secure.gravatar.com\\\/avatar\\\/4c81fed838786e9b53f540bf46533e750f5d292099ae3b66cfc6fb1982e29df7?s=96&d=mm&r=g\",\"contentUrl\":\"https:\\\/\\\/secure.gravatar.com\\\/avatar\\\/4c81fed838786e9b53f540bf46533e750f5d292099ae3b66cfc6fb1982e29df7?s=96&d=mm&r=g\",\"caption\":\"admin\"},\"description\":\"admin\",\"url\":\"https:\\\/\\\/lasentinelle.dz\\\/author\\\/admin\\\/\"}]}<\/script>\n<!-- \/ Yoast SEO plugin. -->","yoast_head_json":{"title":"Lutte contre la violence \u00e0 l\u2019\u00e9gard des femmes\u00a0: L\u2019Alg\u00e9rie r\u00e9alise un \u00ab\u00a0saut qualitatif\u00a0\u00bb - La Sentinelle","robots":{"index":"index","follow":"follow","max-snippet":"max-snippet:-1","max-image-preview":"max-image-preview:large","max-video-preview":"max-video-preview:-1"},"canonical":"https:\/\/lasentinelle.dz\/index.php\/2026\/01\/26\/lutte-contre-la-violence-a-legard-des-femmes-lalgerie-realise-un-saut-qualitatif\/","og_locale":"fr_FR","og_type":"article","og_title":"Lutte contre la violence \u00e0 l\u2019\u00e9gard des femmes\u00a0: L\u2019Alg\u00e9rie r\u00e9alise un \u00ab\u00a0saut qualitatif\u00a0\u00bb - La Sentinelle","og_description":"Derri\u00e8re les chiffres et les rapports, une dynamique politique et institutionnelle assum\u00e9e place la lutte contre les violences faites aux","og_url":"https:\/\/lasentinelle.dz\/index.php\/2026\/01\/26\/lutte-contre-la-violence-a-legard-des-femmes-lalgerie-realise-un-saut-qualitatif\/","og_site_name":"La Sentinelle","article_publisher":"https:\/\/www.facebook.com\/La-Sentinelle-104059864394773","article_published_time":"2026-01-26T12:37:41+00:00","article_modified_time":"2026-01-26T12:37:42+00:00","og_image":[{"width":2560,"height":1280,"url":"https:\/\/lasentinelle.dz\/wp-content\/uploads\/2026\/01\/violence.webp","type":"image\/webp"}],"author":"admin","twitter_card":"summary_large_image","twitter_misc":{"\u00c9crit par":"admin","Dur\u00e9e de lecture estim\u00e9e":"5 minutes"},"schema":{"@context":"https:\/\/schema.org","@graph":[{"@type":"Article","@id":"https:\/\/lasentinelle.dz\/index.php\/2026\/01\/26\/lutte-contre-la-violence-a-legard-des-femmes-lalgerie-realise-un-saut-qualitatif\/#article","isPartOf":{"@id":"https:\/\/lasentinelle.dz\/index.php\/2026\/01\/26\/lutte-contre-la-violence-a-legard-des-femmes-lalgerie-realise-un-saut-qualitatif\/"},"author":{"name":"admin","@id":"https:\/\/lasentinelle.dz\/#\/schema\/person\/729ee0024f24e0b8c5ec17232f8e8b41"},"headline":"Lutte contre la violence \u00e0 l\u2019\u00e9gard des femmes\u00a0: L\u2019Alg\u00e9rie r\u00e9alise un \u00ab\u00a0saut qualitatif\u00a0\u00bb","datePublished":"2026-01-26T12:37:41+00:00","dateModified":"2026-01-26T12:37:42+00:00","mainEntityOfPage":{"@id":"https:\/\/lasentinelle.dz\/index.php\/2026\/01\/26\/lutte-contre-la-violence-a-legard-des-femmes-lalgerie-realise-un-saut-qualitatif\/"},"wordCount":899,"commentCount":0,"publisher":{"@id":"https:\/\/lasentinelle.dz\/#organization"},"image":{"@id":"https:\/\/lasentinelle.dz\/index.php\/2026\/01\/26\/lutte-contre-la-violence-a-legard-des-femmes-lalgerie-realise-un-saut-qualitatif\/#primaryimage"},"thumbnailUrl":"https:\/\/lasentinelle.dz\/wp-content\/uploads\/2026\/01\/violence.webp","articleSection":["\u00c0 la Une","Actualit\u00e9"],"inLanguage":"fr-FR","potentialAction":[{"@type":"CommentAction","name":"Comment","target":["https:\/\/lasentinelle.dz\/index.php\/2026\/01\/26\/lutte-contre-la-violence-a-legard-des-femmes-lalgerie-realise-un-saut-qualitatif\/#respond"]}]},{"@type":"WebPage","@id":"https:\/\/lasentinelle.dz\/index.php\/2026\/01\/26\/lutte-contre-la-violence-a-legard-des-femmes-lalgerie-realise-un-saut-qualitatif\/","url":"https:\/\/lasentinelle.dz\/index.php\/2026\/01\/26\/lutte-contre-la-violence-a-legard-des-femmes-lalgerie-realise-un-saut-qualitatif\/","name":"Lutte contre la violence \u00e0 l\u2019\u00e9gard des femmes\u00a0: L\u2019Alg\u00e9rie r\u00e9alise un \u00ab\u00a0saut qualitatif\u00a0\u00bb - La Sentinelle","isPartOf":{"@id":"https:\/\/lasentinelle.dz\/#website"},"primaryImageOfPage":{"@id":"https:\/\/lasentinelle.dz\/index.php\/2026\/01\/26\/lutte-contre-la-violence-a-legard-des-femmes-lalgerie-realise-un-saut-qualitatif\/#primaryimage"},"image":{"@id":"https:\/\/lasentinelle.dz\/index.php\/2026\/01\/26\/lutte-contre-la-violence-a-legard-des-femmes-lalgerie-realise-un-saut-qualitatif\/#primaryimage"},"thumbnailUrl":"https:\/\/lasentinelle.dz\/wp-content\/uploads\/2026\/01\/violence.webp","datePublished":"2026-01-26T12:37:41+00:00","dateModified":"2026-01-26T12:37:42+00:00","breadcrumb":{"@id":"https:\/\/lasentinelle.dz\/index.php\/2026\/01\/26\/lutte-contre-la-violence-a-legard-des-femmes-lalgerie-realise-un-saut-qualitatif\/#breadcrumb"},"inLanguage":"fr-FR","potentialAction":[{"@type":"ReadAction","target":["https:\/\/lasentinelle.dz\/index.php\/2026\/01\/26\/lutte-contre-la-violence-a-legard-des-femmes-lalgerie-realise-un-saut-qualitatif\/"]}]},{"@type":"ImageObject","inLanguage":"fr-FR","@id":"https:\/\/lasentinelle.dz\/index.php\/2026\/01\/26\/lutte-contre-la-violence-a-legard-des-femmes-lalgerie-realise-un-saut-qualitatif\/#primaryimage","url":"https:\/\/lasentinelle.dz\/wp-content\/uploads\/2026\/01\/violence.webp","contentUrl":"https:\/\/lasentinelle.dz\/wp-content\/uploads\/2026\/01\/violence.webp","width":2560,"height":1280},{"@type":"BreadcrumbList","@id":"https:\/\/lasentinelle.dz\/index.php\/2026\/01\/26\/lutte-contre-la-violence-a-legard-des-femmes-lalgerie-realise-un-saut-qualitatif\/#breadcrumb","itemListElement":[{"@type":"ListItem","position":1,"name":"Accueil","item":"https:\/\/lasentinelle.dz\/"},{"@type":"ListItem","position":2,"name":"Lutte contre la violence \u00e0 l\u2019\u00e9gard des femmes\u00a0: L\u2019Alg\u00e9rie r\u00e9alise un \u00ab\u00a0saut qualitatif\u00a0\u00bb"}]},{"@type":"WebSite","@id":"https:\/\/lasentinelle.dz\/#website","url":"https:\/\/lasentinelle.dz\/","name":"La Sentinelle","description":"Quotidien national d&#039;information","publisher":{"@id":"https:\/\/lasentinelle.dz\/#organization"},"potentialAction":[{"@type":"SearchAction","target":{"@type":"EntryPoint","urlTemplate":"https:\/\/lasentinelle.dz\/?s={search_term_string}"},"query-input":{"@type":"PropertyValueSpecification","valueRequired":true,"valueName":"search_term_string"}}],"inLanguage":"fr-FR"},{"@type":"Organization","@id":"https:\/\/lasentinelle.dz\/#organization","name":"Quotidien La Sentinelle","url":"https:\/\/lasentinelle.dz\/","logo":{"@type":"ImageObject","inLanguage":"fr-FR","@id":"https:\/\/lasentinelle.dz\/#\/schema\/logo\/image\/","url":"https:\/\/lasentinelle.dz\/wp-content\/uploads\/2021\/09\/logo-sentinelleSLOGAN-1.png","contentUrl":"https:\/\/lasentinelle.dz\/wp-content\/uploads\/2021\/09\/logo-sentinelleSLOGAN-1.png","width":615,"height":142,"caption":"Quotidien La Sentinelle"},"image":{"@id":"https:\/\/lasentinelle.dz\/#\/schema\/logo\/image\/"},"sameAs":["https:\/\/www.facebook.com\/La-Sentinelle-104059864394773"]},{"@type":"Person","@id":"https:\/\/lasentinelle.dz\/#\/schema\/person\/729ee0024f24e0b8c5ec17232f8e8b41","name":"admin","image":{"@type":"ImageObject","inLanguage":"fr-FR","@id":"https:\/\/secure.gravatar.com\/avatar\/4c81fed838786e9b53f540bf46533e750f5d292099ae3b66cfc6fb1982e29df7?s=96&d=mm&r=g","url":"https:\/\/secure.gravatar.com\/avatar\/4c81fed838786e9b53f540bf46533e750f5d292099ae3b66cfc6fb1982e29df7?s=96&d=mm&r=g","contentUrl":"https:\/\/secure.gravatar.com\/avatar\/4c81fed838786e9b53f540bf46533e750f5d292099ae3b66cfc6fb1982e29df7?s=96&d=mm&r=g","caption":"admin"},"description":"admin","url":"https:\/\/lasentinelle.dz\/author\/admin\/"}]}},"_links":{"self":[{"href":"https:\/\/lasentinelle.dz\/index.php\/wp-json\/wp\/v2\/posts\/80089","targetHints":{"allow":["GET"]}}],"collection":[{"href":"https:\/\/lasentinelle.dz\/index.php\/wp-json\/wp\/v2\/posts"}],"about":[{"href":"https:\/\/lasentinelle.dz\/index.php\/wp-json\/wp\/v2\/types\/post"}],"author":[{"embeddable":true,"href":"https:\/\/lasentinelle.dz\/index.php\/wp-json\/wp\/v2\/users\/6"}],"replies":[{"embeddable":true,"href":"https:\/\/lasentinelle.dz\/index.php\/wp-json\/wp\/v2\/comments?post=80089"}],"version-history":[{"count":1,"href":"https:\/\/lasentinelle.dz\/index.php\/wp-json\/wp\/v2\/posts\/80089\/revisions"}],"predecessor-version":[{"id":80091,"href":"https:\/\/lasentinelle.dz\/index.php\/wp-json\/wp\/v2\/posts\/80089\/revisions\/80091"}],"wp:featuredmedia":[{"embeddable":true,"href":"https:\/\/lasentinelle.dz\/index.php\/wp-json\/wp\/v2\/media\/80090"}],"wp:attachment":[{"href":"https:\/\/lasentinelle.dz\/index.php\/wp-json\/wp\/v2\/media?parent=80089"}],"wp:term":[{"taxonomy":"category","embeddable":true,"href":"https:\/\/lasentinelle.dz\/index.php\/wp-json\/wp\/v2\/categories?post=80089"},{"taxonomy":"post_tag","embeddable":true,"href":"https:\/\/lasentinelle.dz\/index.php\/wp-json\/wp\/v2\/tags?post=80089"}],"curies":[{"name":"wp","href":"https:\/\/api.w.org\/{rel}","templated":true}]}}