{"id":80095,"date":"2026-01-26T13:40:48","date_gmt":"2026-01-26T12:40:48","guid":{"rendered":"https:\/\/lasentinelle.dz\/?p=80095"},"modified":"2026-01-26T13:40:49","modified_gmt":"2026-01-26T12:40:49","slug":"amendement-technique-de-la-constitution-et-reforme-electorale-les-partis-saluent-un-dialogue-inedit","status":"publish","type":"post","link":"https:\/\/lasentinelle.dz\/index.php\/2026\/01\/26\/amendement-technique-de-la-constitution-et-reforme-electorale-les-partis-saluent-un-dialogue-inedit\/","title":{"rendered":"Amendement technique de la Constitution et r\u00e9forme \u00e9lectorale\u00a0: Les partis saluent un dialogue in\u00e9dit"},"content":{"rendered":"\n<p>Dans une atmosph\u00e8re qualifi\u00e9e de constructive et de transparente, les partis politiques ont exprim\u00e9 samedi leur satisfaction \u00e0 l\u2019issue de la conf\u00e9rence nationale consacr\u00e9e aux projets d\u2019amendement technique de la Constitution et de la loi organique relative au r\u00e9gime \u00e9lectoral. Organis\u00e9e au Palais des nations \u00e0 Alger et pr\u00e9sid\u00e9e par le directeur de cabinet de la Pr\u00e9sidence, Boualem Boualem, cette rencontre s\u2019inscrit dans la dynamique de dialogue et de concertation initi\u00e9e par le pr\u00e9sident de la R\u00e9publique, Abdelmadjid Tebboune, visant \u00e0 renforcer le processus d\u00e9mocratique et \u00e0 associer les formations politiques aux grandes d\u00e9cisions institutionnelles. Pour le secr\u00e9taire g\u00e9n\u00e9ral du Front de lib\u00e9ration nationale (FLN), Abdelkrim Benmbarek, cette conf\u00e9rence a \u00e9t\u00e9 marqu\u00e9e par la franchise et traduit \u00ab\u00a0l&rsquo;engagement du pr\u00e9sident de la R\u00e9publique, M. Abdelmadjid Tebboune, \u00e0 ancrer la culture du dialogue et de la concertation permanente, et \u00e0 renforcer le partenariat entre les pouvoirs publics et les partis politiques\u00a0\u00bb. Le FLN, a-t-il ajout\u00e9, a pr\u00e9sent\u00e9 \u00ab\u00a0de nombreuses propositions tenant compte des exigences de la prochaine \u00e9tape\u00a0\u00bb, saluant \u00ab\u00a0l&rsquo;esprit de responsabilit\u00e9 dont ont fait preuve les diff\u00e9rentes formations politiques participant \u00e0 la conf\u00e9rence\u00a0\u00bb. Le Rassemblement national d\u00e9mocratique (RND), par la voix de son secr\u00e9taire g\u00e9n\u00e9ral Monder Bouden, a \u00e9galement mis en avant \u00ab\u00a0le courage des institutions de l&rsquo;\u00c9tat \u00e0 ouvrir la voie au dialogue, afin de rem\u00e9dier aux insuffisances relev\u00e9es lors de l&rsquo;application de la Constitution de 2020\u00a0\u00bb. Selon lui, les \u00e9changes entre pouvoirs publics et partis politiques ont \u00e9t\u00e9 \u00ab\u00a0riches\u00a0\u00bb, et les propositions concernant l&rsquo;amendement technique de la Constitution et la loi \u00e9lectorale sont jug\u00e9es \u00ab\u00a0logiques\u00a0\u00bb. Fateh Boutbig, pr\u00e9sident du Front El-Moustakbal, a soulign\u00e9 que cette rencontre s\u2019inscrit dans le cadre des r\u00e9formes engag\u00e9es par le pr\u00e9sident de la R\u00e9publique, lesquelles \u00ab\u00a0traduisent son engagement \u00e0 associer les partis politiques \u00e0 l&rsquo;\u00e9laboration des lois r\u00e9gissant la vie politique\u00a0\u00bb, pr\u00e9cisant que les points propos\u00e9s sont \u00ab\u00a0importants et ne portent pas atteinte \u00e0 l&rsquo;essence de la Constitution\u00a0\u00bb. Abdelkader Bengrina, \u00e0 la t\u00eate du Mouvement El-Bina, a de son c\u00f4t\u00e9 affirm\u00e9 que la conf\u00e9rence \u00ab\u00a0a d\u00e9menti les mensonges que certaines voix tentent de v\u00e9hiculer sur l&rsquo;Alg\u00e9rie\u00a0\u00bb, relevant que \u00ab\u00a0cette rencontre a r\u00e9uni les Alg\u00e9riens, qu&rsquo;ils soient repr\u00e9sentants des pouvoirs publics ou des partis politiques de toutes ob\u00e9diences confondues\u00a0\u00bb. Pour Djamel Benabdeslam, pr\u00e9sident du Front de l\u2019Alg\u00e9rie Nouvelle (FAN), les conclusions de la conf\u00e9rence \u00ab\u00a0\u00e9tablissent une tradition de partenariat entre les partis politiques et les diff\u00e9rentes autorit\u00e9s du pays\u00a0\u00bb, et les amendements propos\u00e9s aux deux projets sont \u00ab\u00a0opportuns et indispensables\u00a0\u00bb.<\/p>\n\n\n\n<p>Abdelali Hassani Cherif, pr\u00e9sident du Mouvement de la soci\u00e9t\u00e9 pour la paix (MSP), a consid\u00e9r\u00e9 la rencontre comme une opportunit\u00e9 de \u00ab\u00a0s&rsquo;orienter vers une r\u00e9forme politique profonde contribuant au renforcement de la stabilit\u00e9 et servant les int\u00e9r\u00eats de la patrie dans cette conjoncture sensible que traverse le pays\u00a0\u00bb. Dans le m\u00eame esprit, le premier secr\u00e9taire national du Front des forces socialistes (FFS), Youcef Aouchiche, a pr\u00e9sent\u00e9 les principales propositions de sa formation visant \u00e0 \u00ab\u00a0r\u00e9former la gouvernance du syst\u00e8me \u00e9lectoral\u00a0\u00bb, notamment \u00e0 travers la loi organique relative au r\u00e9gime \u00e9lectoral.<strong>&nbsp;Notons que&nbsp;<\/strong>dans une allocution prononc\u00e9e lors d&rsquo;une conf\u00e9rence nationale sur les projets d&rsquo;amendement technique de la Constitution et de la loi organique relative au r\u00e9gime \u00e9lectoral, M. Boualem Boualem a pr\u00e9cis\u00e9 que \u00ab\u00a0les amendements techniques annonc\u00e9s auparavant par le pr\u00e9sident de la R\u00e9publique, M. Abdelmadjid Tebboune, constituent un apport qualitatif visant \u00e0 renforcer l&rsquo;efficacit\u00e9 des pouvoirs et des institutions constitutionnelles et \u00e0 garantir davantage de protection des droits et des libert\u00e9s\u00a0\u00bb.<\/p>\n\n\n\n<p>L&rsquo;amendement constitutionnel constitue un outil r\u00e9pondant aux exigences et changements actuels, tandis que l&rsquo;amendement technique de la Constitution \u00ab\u00a0est un instrument d&rsquo;habilitation constitutionnelle visant \u00e0 combler les lacunes constitutionnelles, en vue de traiter les ambigu\u00eft\u00e9s ou les contradictions entre les textes qui surgissent lors de leur application effective\u00a0\u00bb, a-t-il pr\u00e9cis\u00e9.<\/p>\n\n\n\n<p>Depuis la promulgation de la Constitution de 2020, il y a plus de cinq ans, ainsi que le parach\u00e8vement de l&rsquo;\u00e9dification constitutionnelle qui en d\u00e9coule, a ajout\u00e9 M. Boualem Boualem, \u00ab\u00a0la pratique sur le terrain en mati\u00e8re d&rsquo;organisation et de fonctionnement de certaines institutions constitutionnelles et des organismes publics a mis en \u00e9vidence la n\u00e9cessit\u00e9 d&rsquo;am\u00e9liorer certains aspects purement techniques des dispositions constitutionnelles, portant notamment sur 10 points objet de propositions pouvant \u00eatre soumises \u00e0 d\u00e9bat\u00a0\u00bb.&nbsp;Aux c\u00f4t\u00e9s des repr\u00e9sentants des partis, la conf\u00e9rence a r\u00e9uni plusieurs figures de l\u2019\u00c9tat : le Premier ministre Sifi Ghrieb, le pr\u00e9sident par int\u00e9rim de l\u2019ANIE Karim Khelfane, le ministre de l\u2019Int\u00e9rieur, des Collectivit\u00e9s locales et des Transports Sa\u00efd Sayoud, le ministre de la Justice Lotfi Boudjemaa, ainsi que de nombreux conseillers de la Pr\u00e9sidence. Ensemble, ces acteurs ont engag\u00e9 un dialogue approfondi sur les amendements \u00e0 apporter \u00e0 la Constitution de 2020 et sur la modernisation du cadre l\u00e9gal des \u00e9lections, dans l\u2019optique de consolider la transparence du processus d\u00e9mocratique.<\/p>\n\n\n\n<p>Hocine Fadheli<\/p>\n","protected":false},"excerpt":{"rendered":"<p>Dans une atmosph\u00e8re qualifi\u00e9e de constructive et de transparente, les partis politiques ont exprim\u00e9 samedi leur satisfaction \u00e0 l\u2019issue de<\/p>\n","protected":false},"author":6,"featured_media":80096,"comment_status":"open","ping_status":"closed","sticky":false,"template":"","format":"standard","meta":{"colormag_page_container_layout":"default_layout","colormag_page_sidebar_layout":"default_layout","om_disable_all_campaigns":false,"_monsterinsights_skip_tracking":false,"_monsterinsights_sitenote_active":false,"_monsterinsights_sitenote_note":"","_monsterinsights_sitenote_category":0,"footnotes":"","_wpscppro_dont_share_socialmedia":false,"_wpscppro_custom_social_share_image":0,"_facebook_share_type":"default","_twitter_share_type":"default","_linkedin_share_type":"default","_pinterest_share_type":"default","_linkedin_share_type_page":"","_instagram_share_type":"default","_medium_share_type":"default","_threads_share_type":"default","_google_business_share_type":"default","_selected_social_profile":[],"_wpsp_enable_custom_social_template":false,"_wpsp_social_scheduling":{"enabled":false,"datetime":null,"platforms":[],"status":"template_only","dateOption":"today","timeOption":"now","customDays":"","customHours":"","customDate":"","customTime":"","schedulingType":"absolute"},"_wpsp_active_default_template":true},"categories":[52,28],"tags":[],"class_list":["post-80095","post","type-post","status-publish","format-standard","has-post-thumbnail","hentry","category-a-la-une","category-politique"],"aioseo_notices":[],"yoast_head":"<!-- This site is optimized with the Yoast SEO plugin v27.5 - https:\/\/yoast.com\/product\/yoast-seo-wordpress\/ -->\n<title>Amendement technique de la Constitution et r\u00e9forme \u00e9lectorale\u00a0: Les partis saluent un dialogue in\u00e9dit - La Sentinelle<\/title>\n<meta name=\"robots\" content=\"index, follow, max-snippet:-1, max-image-preview:large, max-video-preview:-1\" \/>\n<link rel=\"canonical\" href=\"https:\/\/lasentinelle.dz\/index.php\/2026\/01\/26\/amendement-technique-de-la-constitution-et-reforme-electorale-les-partis-saluent-un-dialogue-inedit\/\" \/>\n<meta property=\"og:locale\" content=\"fr_FR\" \/>\n<meta property=\"og:type\" content=\"article\" \/>\n<meta property=\"og:title\" content=\"Amendement technique de la Constitution et r\u00e9forme \u00e9lectorale\u00a0: Les partis saluent un dialogue in\u00e9dit - La Sentinelle\" \/>\n<meta property=\"og:description\" content=\"Dans une atmosph\u00e8re qualifi\u00e9e de constructive et de transparente, les partis politiques ont exprim\u00e9 samedi leur satisfaction \u00e0 l\u2019issue de\" \/>\n<meta property=\"og:url\" content=\"https:\/\/lasentinelle.dz\/index.php\/2026\/01\/26\/amendement-technique-de-la-constitution-et-reforme-electorale-les-partis-saluent-un-dialogue-inedit\/\" \/>\n<meta property=\"og:site_name\" content=\"La Sentinelle\" \/>\n<meta property=\"article:publisher\" content=\"https:\/\/www.facebook.com\/La-Sentinelle-104059864394773\" \/>\n<meta property=\"article:published_time\" content=\"2026-01-26T12:40:48+00:00\" \/>\n<meta property=\"article:modified_time\" content=\"2026-01-26T12:40:49+00:00\" \/>\n<meta property=\"og:image\" content=\"https:\/\/lasentinelle.dz\/wp-content\/uploads\/2026\/01\/621716327_1323161889845535_680932280494503258_n.jpeg\" \/>\n\t<meta property=\"og:image:width\" content=\"976\" \/>\n\t<meta property=\"og:image:height\" content=\"678\" \/>\n\t<meta property=\"og:image:type\" content=\"image\/jpeg\" \/>\n<meta name=\"author\" content=\"admin\" \/>\n<meta name=\"twitter:card\" content=\"summary_large_image\" \/>\n<meta name=\"twitter:label1\" content=\"\u00c9crit par\" \/>\n\t<meta name=\"twitter:data1\" content=\"admin\" \/>\n\t<meta name=\"twitter:label2\" content=\"Dur\u00e9e de lecture estim\u00e9e\" \/>\n\t<meta name=\"twitter:data2\" content=\"5 minutes\" \/>\n<script type=\"application\/ld+json\" class=\"yoast-schema-graph\">{\"@context\":\"https:\\\/\\\/schema.org\",\"@graph\":[{\"@type\":\"Article\",\"@id\":\"https:\\\/\\\/lasentinelle.dz\\\/index.php\\\/2026\\\/01\\\/26\\\/amendement-technique-de-la-constitution-et-reforme-electorale-les-partis-saluent-un-dialogue-inedit\\\/#article\",\"isPartOf\":{\"@id\":\"https:\\\/\\\/lasentinelle.dz\\\/index.php\\\/2026\\\/01\\\/26\\\/amendement-technique-de-la-constitution-et-reforme-electorale-les-partis-saluent-un-dialogue-inedit\\\/\"},\"author\":{\"name\":\"admin\",\"@id\":\"https:\\\/\\\/lasentinelle.dz\\\/#\\\/schema\\\/person\\\/729ee0024f24e0b8c5ec17232f8e8b41\"},\"headline\":\"Amendement technique de la Constitution et r\u00e9forme \u00e9lectorale\u00a0: Les partis saluent un dialogue in\u00e9dit\",\"datePublished\":\"2026-01-26T12:40:48+00:00\",\"dateModified\":\"2026-01-26T12:40:49+00:00\",\"mainEntityOfPage\":{\"@id\":\"https:\\\/\\\/lasentinelle.dz\\\/index.php\\\/2026\\\/01\\\/26\\\/amendement-technique-de-la-constitution-et-reforme-electorale-les-partis-saluent-un-dialogue-inedit\\\/\"},\"wordCount\":908,\"commentCount\":0,\"publisher\":{\"@id\":\"https:\\\/\\\/lasentinelle.dz\\\/#organization\"},\"image\":{\"@id\":\"https:\\\/\\\/lasentinelle.dz\\\/index.php\\\/2026\\\/01\\\/26\\\/amendement-technique-de-la-constitution-et-reforme-electorale-les-partis-saluent-un-dialogue-inedit\\\/#primaryimage\"},\"thumbnailUrl\":\"https:\\\/\\\/lasentinelle.dz\\\/wp-content\\\/uploads\\\/2026\\\/01\\\/621716327_1323161889845535_680932280494503258_n.jpeg\",\"articleSection\":[\"\u00c0 la Une\",\"Politique\"],\"inLanguage\":\"fr-FR\",\"potentialAction\":[{\"@type\":\"CommentAction\",\"name\":\"Comment\",\"target\":[\"https:\\\/\\\/lasentinelle.dz\\\/index.php\\\/2026\\\/01\\\/26\\\/amendement-technique-de-la-constitution-et-reforme-electorale-les-partis-saluent-un-dialogue-inedit\\\/#respond\"]}]},{\"@type\":\"WebPage\",\"@id\":\"https:\\\/\\\/lasentinelle.dz\\\/index.php\\\/2026\\\/01\\\/26\\\/amendement-technique-de-la-constitution-et-reforme-electorale-les-partis-saluent-un-dialogue-inedit\\\/\",\"url\":\"https:\\\/\\\/lasentinelle.dz\\\/index.php\\\/2026\\\/01\\\/26\\\/amendement-technique-de-la-constitution-et-reforme-electorale-les-partis-saluent-un-dialogue-inedit\\\/\",\"name\":\"Amendement technique de la Constitution et r\u00e9forme \u00e9lectorale\u00a0: Les partis saluent un dialogue in\u00e9dit - La Sentinelle\",\"isPartOf\":{\"@id\":\"https:\\\/\\\/lasentinelle.dz\\\/#website\"},\"primaryImageOfPage\":{\"@id\":\"https:\\\/\\\/lasentinelle.dz\\\/index.php\\\/2026\\\/01\\\/26\\\/amendement-technique-de-la-constitution-et-reforme-electorale-les-partis-saluent-un-dialogue-inedit\\\/#primaryimage\"},\"image\":{\"@id\":\"https:\\\/\\\/lasentinelle.dz\\\/index.php\\\/2026\\\/01\\\/26\\\/amendement-technique-de-la-constitution-et-reforme-electorale-les-partis-saluent-un-dialogue-inedit\\\/#primaryimage\"},\"thumbnailUrl\":\"https:\\\/\\\/lasentinelle.dz\\\/wp-content\\\/uploads\\\/2026\\\/01\\\/621716327_1323161889845535_680932280494503258_n.jpeg\",\"datePublished\":\"2026-01-26T12:40:48+00:00\",\"dateModified\":\"2026-01-26T12:40:49+00:00\",\"breadcrumb\":{\"@id\":\"https:\\\/\\\/lasentinelle.dz\\\/index.php\\\/2026\\\/01\\\/26\\\/amendement-technique-de-la-constitution-et-reforme-electorale-les-partis-saluent-un-dialogue-inedit\\\/#breadcrumb\"},\"inLanguage\":\"fr-FR\",\"potentialAction\":[{\"@type\":\"ReadAction\",\"target\":[\"https:\\\/\\\/lasentinelle.dz\\\/index.php\\\/2026\\\/01\\\/26\\\/amendement-technique-de-la-constitution-et-reforme-electorale-les-partis-saluent-un-dialogue-inedit\\\/\"]}]},{\"@type\":\"ImageObject\",\"inLanguage\":\"fr-FR\",\"@id\":\"https:\\\/\\\/lasentinelle.dz\\\/index.php\\\/2026\\\/01\\\/26\\\/amendement-technique-de-la-constitution-et-reforme-electorale-les-partis-saluent-un-dialogue-inedit\\\/#primaryimage\",\"url\":\"https:\\\/\\\/lasentinelle.dz\\\/wp-content\\\/uploads\\\/2026\\\/01\\\/621716327_1323161889845535_680932280494503258_n.jpeg\",\"contentUrl\":\"https:\\\/\\\/lasentinelle.dz\\\/wp-content\\\/uploads\\\/2026\\\/01\\\/621716327_1323161889845535_680932280494503258_n.jpeg\",\"width\":976,\"height\":678},{\"@type\":\"BreadcrumbList\",\"@id\":\"https:\\\/\\\/lasentinelle.dz\\\/index.php\\\/2026\\\/01\\\/26\\\/amendement-technique-de-la-constitution-et-reforme-electorale-les-partis-saluent-un-dialogue-inedit\\\/#breadcrumb\",\"itemListElement\":[{\"@type\":\"ListItem\",\"position\":1,\"name\":\"Accueil\",\"item\":\"https:\\\/\\\/lasentinelle.dz\\\/\"},{\"@type\":\"ListItem\",\"position\":2,\"name\":\"Amendement technique de la Constitution et r\u00e9forme \u00e9lectorale\u00a0: Les partis saluent un dialogue in\u00e9dit\"}]},{\"@type\":\"WebSite\",\"@id\":\"https:\\\/\\\/lasentinelle.dz\\\/#website\",\"url\":\"https:\\\/\\\/lasentinelle.dz\\\/\",\"name\":\"La Sentinelle\",\"description\":\"Quotidien national d&#039;information\",\"publisher\":{\"@id\":\"https:\\\/\\\/lasentinelle.dz\\\/#organization\"},\"potentialAction\":[{\"@type\":\"SearchAction\",\"target\":{\"@type\":\"EntryPoint\",\"urlTemplate\":\"https:\\\/\\\/lasentinelle.dz\\\/?s={search_term_string}\"},\"query-input\":{\"@type\":\"PropertyValueSpecification\",\"valueRequired\":true,\"valueName\":\"search_term_string\"}}],\"inLanguage\":\"fr-FR\"},{\"@type\":\"Organization\",\"@id\":\"https:\\\/\\\/lasentinelle.dz\\\/#organization\",\"name\":\"Quotidien La Sentinelle\",\"url\":\"https:\\\/\\\/lasentinelle.dz\\\/\",\"logo\":{\"@type\":\"ImageObject\",\"inLanguage\":\"fr-FR\",\"@id\":\"https:\\\/\\\/lasentinelle.dz\\\/#\\\/schema\\\/logo\\\/image\\\/\",\"url\":\"https:\\\/\\\/lasentinelle.dz\\\/wp-content\\\/uploads\\\/2021\\\/09\\\/logo-sentinelleSLOGAN-1.png\",\"contentUrl\":\"https:\\\/\\\/lasentinelle.dz\\\/wp-content\\\/uploads\\\/2021\\\/09\\\/logo-sentinelleSLOGAN-1.png\",\"width\":615,\"height\":142,\"caption\":\"Quotidien La Sentinelle\"},\"image\":{\"@id\":\"https:\\\/\\\/lasentinelle.dz\\\/#\\\/schema\\\/logo\\\/image\\\/\"},\"sameAs\":[\"https:\\\/\\\/www.facebook.com\\\/La-Sentinelle-104059864394773\"]},{\"@type\":\"Person\",\"@id\":\"https:\\\/\\\/lasentinelle.dz\\\/#\\\/schema\\\/person\\\/729ee0024f24e0b8c5ec17232f8e8b41\",\"name\":\"admin\",\"image\":{\"@type\":\"ImageObject\",\"inLanguage\":\"fr-FR\",\"@id\":\"https:\\\/\\\/secure.gravatar.com\\\/avatar\\\/4c81fed838786e9b53f540bf46533e750f5d292099ae3b66cfc6fb1982e29df7?s=96&d=mm&r=g\",\"url\":\"https:\\\/\\\/secure.gravatar.com\\\/avatar\\\/4c81fed838786e9b53f540bf46533e750f5d292099ae3b66cfc6fb1982e29df7?s=96&d=mm&r=g\",\"contentUrl\":\"https:\\\/\\\/secure.gravatar.com\\\/avatar\\\/4c81fed838786e9b53f540bf46533e750f5d292099ae3b66cfc6fb1982e29df7?s=96&d=mm&r=g\",\"caption\":\"admin\"},\"description\":\"admin\",\"url\":\"https:\\\/\\\/lasentinelle.dz\\\/author\\\/admin\\\/\"}]}<\/script>\n<!-- \/ Yoast SEO plugin. -->","yoast_head_json":{"title":"Amendement technique de la Constitution et r\u00e9forme \u00e9lectorale\u00a0: Les partis saluent un dialogue in\u00e9dit - La Sentinelle","robots":{"index":"index","follow":"follow","max-snippet":"max-snippet:-1","max-image-preview":"max-image-preview:large","max-video-preview":"max-video-preview:-1"},"canonical":"https:\/\/lasentinelle.dz\/index.php\/2026\/01\/26\/amendement-technique-de-la-constitution-et-reforme-electorale-les-partis-saluent-un-dialogue-inedit\/","og_locale":"fr_FR","og_type":"article","og_title":"Amendement technique de la Constitution et r\u00e9forme \u00e9lectorale\u00a0: Les partis saluent un dialogue in\u00e9dit - La Sentinelle","og_description":"Dans une atmosph\u00e8re qualifi\u00e9e de constructive et de transparente, les partis politiques ont exprim\u00e9 samedi leur satisfaction \u00e0 l\u2019issue de","og_url":"https:\/\/lasentinelle.dz\/index.php\/2026\/01\/26\/amendement-technique-de-la-constitution-et-reforme-electorale-les-partis-saluent-un-dialogue-inedit\/","og_site_name":"La Sentinelle","article_publisher":"https:\/\/www.facebook.com\/La-Sentinelle-104059864394773","article_published_time":"2026-01-26T12:40:48+00:00","article_modified_time":"2026-01-26T12:40:49+00:00","og_image":[{"width":976,"height":678,"url":"https:\/\/lasentinelle.dz\/wp-content\/uploads\/2026\/01\/621716327_1323161889845535_680932280494503258_n.jpeg","type":"image\/jpeg"}],"author":"admin","twitter_card":"summary_large_image","twitter_misc":{"\u00c9crit par":"admin","Dur\u00e9e de lecture estim\u00e9e":"5 minutes"},"schema":{"@context":"https:\/\/schema.org","@graph":[{"@type":"Article","@id":"https:\/\/lasentinelle.dz\/index.php\/2026\/01\/26\/amendement-technique-de-la-constitution-et-reforme-electorale-les-partis-saluent-un-dialogue-inedit\/#article","isPartOf":{"@id":"https:\/\/lasentinelle.dz\/index.php\/2026\/01\/26\/amendement-technique-de-la-constitution-et-reforme-electorale-les-partis-saluent-un-dialogue-inedit\/"},"author":{"name":"admin","@id":"https:\/\/lasentinelle.dz\/#\/schema\/person\/729ee0024f24e0b8c5ec17232f8e8b41"},"headline":"Amendement technique de la Constitution et r\u00e9forme \u00e9lectorale\u00a0: Les partis saluent un dialogue in\u00e9dit","datePublished":"2026-01-26T12:40:48+00:00","dateModified":"2026-01-26T12:40:49+00:00","mainEntityOfPage":{"@id":"https:\/\/lasentinelle.dz\/index.php\/2026\/01\/26\/amendement-technique-de-la-constitution-et-reforme-electorale-les-partis-saluent-un-dialogue-inedit\/"},"wordCount":908,"commentCount":0,"publisher":{"@id":"https:\/\/lasentinelle.dz\/#organization"},"image":{"@id":"https:\/\/lasentinelle.dz\/index.php\/2026\/01\/26\/amendement-technique-de-la-constitution-et-reforme-electorale-les-partis-saluent-un-dialogue-inedit\/#primaryimage"},"thumbnailUrl":"https:\/\/lasentinelle.dz\/wp-content\/uploads\/2026\/01\/621716327_1323161889845535_680932280494503258_n.jpeg","articleSection":["\u00c0 la Une","Politique"],"inLanguage":"fr-FR","potentialAction":[{"@type":"CommentAction","name":"Comment","target":["https:\/\/lasentinelle.dz\/index.php\/2026\/01\/26\/amendement-technique-de-la-constitution-et-reforme-electorale-les-partis-saluent-un-dialogue-inedit\/#respond"]}]},{"@type":"WebPage","@id":"https:\/\/lasentinelle.dz\/index.php\/2026\/01\/26\/amendement-technique-de-la-constitution-et-reforme-electorale-les-partis-saluent-un-dialogue-inedit\/","url":"https:\/\/lasentinelle.dz\/index.php\/2026\/01\/26\/amendement-technique-de-la-constitution-et-reforme-electorale-les-partis-saluent-un-dialogue-inedit\/","name":"Amendement technique de la Constitution et r\u00e9forme \u00e9lectorale\u00a0: Les partis saluent un dialogue in\u00e9dit - La Sentinelle","isPartOf":{"@id":"https:\/\/lasentinelle.dz\/#website"},"primaryImageOfPage":{"@id":"https:\/\/lasentinelle.dz\/index.php\/2026\/01\/26\/amendement-technique-de-la-constitution-et-reforme-electorale-les-partis-saluent-un-dialogue-inedit\/#primaryimage"},"image":{"@id":"https:\/\/lasentinelle.dz\/index.php\/2026\/01\/26\/amendement-technique-de-la-constitution-et-reforme-electorale-les-partis-saluent-un-dialogue-inedit\/#primaryimage"},"thumbnailUrl":"https:\/\/lasentinelle.dz\/wp-content\/uploads\/2026\/01\/621716327_1323161889845535_680932280494503258_n.jpeg","datePublished":"2026-01-26T12:40:48+00:00","dateModified":"2026-01-26T12:40:49+00:00","breadcrumb":{"@id":"https:\/\/lasentinelle.dz\/index.php\/2026\/01\/26\/amendement-technique-de-la-constitution-et-reforme-electorale-les-partis-saluent-un-dialogue-inedit\/#breadcrumb"},"inLanguage":"fr-FR","potentialAction":[{"@type":"ReadAction","target":["https:\/\/lasentinelle.dz\/index.php\/2026\/01\/26\/amendement-technique-de-la-constitution-et-reforme-electorale-les-partis-saluent-un-dialogue-inedit\/"]}]},{"@type":"ImageObject","inLanguage":"fr-FR","@id":"https:\/\/lasentinelle.dz\/index.php\/2026\/01\/26\/amendement-technique-de-la-constitution-et-reforme-electorale-les-partis-saluent-un-dialogue-inedit\/#primaryimage","url":"https:\/\/lasentinelle.dz\/wp-content\/uploads\/2026\/01\/621716327_1323161889845535_680932280494503258_n.jpeg","contentUrl":"https:\/\/lasentinelle.dz\/wp-content\/uploads\/2026\/01\/621716327_1323161889845535_680932280494503258_n.jpeg","width":976,"height":678},{"@type":"BreadcrumbList","@id":"https:\/\/lasentinelle.dz\/index.php\/2026\/01\/26\/amendement-technique-de-la-constitution-et-reforme-electorale-les-partis-saluent-un-dialogue-inedit\/#breadcrumb","itemListElement":[{"@type":"ListItem","position":1,"name":"Accueil","item":"https:\/\/lasentinelle.dz\/"},{"@type":"ListItem","position":2,"name":"Amendement technique de la Constitution et r\u00e9forme \u00e9lectorale\u00a0: Les partis saluent un dialogue in\u00e9dit"}]},{"@type":"WebSite","@id":"https:\/\/lasentinelle.dz\/#website","url":"https:\/\/lasentinelle.dz\/","name":"La Sentinelle","description":"Quotidien national d&#039;information","publisher":{"@id":"https:\/\/lasentinelle.dz\/#organization"},"potentialAction":[{"@type":"SearchAction","target":{"@type":"EntryPoint","urlTemplate":"https:\/\/lasentinelle.dz\/?s={search_term_string}"},"query-input":{"@type":"PropertyValueSpecification","valueRequired":true,"valueName":"search_term_string"}}],"inLanguage":"fr-FR"},{"@type":"Organization","@id":"https:\/\/lasentinelle.dz\/#organization","name":"Quotidien La Sentinelle","url":"https:\/\/lasentinelle.dz\/","logo":{"@type":"ImageObject","inLanguage":"fr-FR","@id":"https:\/\/lasentinelle.dz\/#\/schema\/logo\/image\/","url":"https:\/\/lasentinelle.dz\/wp-content\/uploads\/2021\/09\/logo-sentinelleSLOGAN-1.png","contentUrl":"https:\/\/lasentinelle.dz\/wp-content\/uploads\/2021\/09\/logo-sentinelleSLOGAN-1.png","width":615,"height":142,"caption":"Quotidien La Sentinelle"},"image":{"@id":"https:\/\/lasentinelle.dz\/#\/schema\/logo\/image\/"},"sameAs":["https:\/\/www.facebook.com\/La-Sentinelle-104059864394773"]},{"@type":"Person","@id":"https:\/\/lasentinelle.dz\/#\/schema\/person\/729ee0024f24e0b8c5ec17232f8e8b41","name":"admin","image":{"@type":"ImageObject","inLanguage":"fr-FR","@id":"https:\/\/secure.gravatar.com\/avatar\/4c81fed838786e9b53f540bf46533e750f5d292099ae3b66cfc6fb1982e29df7?s=96&d=mm&r=g","url":"https:\/\/secure.gravatar.com\/avatar\/4c81fed838786e9b53f540bf46533e750f5d292099ae3b66cfc6fb1982e29df7?s=96&d=mm&r=g","contentUrl":"https:\/\/secure.gravatar.com\/avatar\/4c81fed838786e9b53f540bf46533e750f5d292099ae3b66cfc6fb1982e29df7?s=96&d=mm&r=g","caption":"admin"},"description":"admin","url":"https:\/\/lasentinelle.dz\/author\/admin\/"}]}},"_links":{"self":[{"href":"https:\/\/lasentinelle.dz\/index.php\/wp-json\/wp\/v2\/posts\/80095","targetHints":{"allow":["GET"]}}],"collection":[{"href":"https:\/\/lasentinelle.dz\/index.php\/wp-json\/wp\/v2\/posts"}],"about":[{"href":"https:\/\/lasentinelle.dz\/index.php\/wp-json\/wp\/v2\/types\/post"}],"author":[{"embeddable":true,"href":"https:\/\/lasentinelle.dz\/index.php\/wp-json\/wp\/v2\/users\/6"}],"replies":[{"embeddable":true,"href":"https:\/\/lasentinelle.dz\/index.php\/wp-json\/wp\/v2\/comments?post=80095"}],"version-history":[{"count":1,"href":"https:\/\/lasentinelle.dz\/index.php\/wp-json\/wp\/v2\/posts\/80095\/revisions"}],"predecessor-version":[{"id":80097,"href":"https:\/\/lasentinelle.dz\/index.php\/wp-json\/wp\/v2\/posts\/80095\/revisions\/80097"}],"wp:featuredmedia":[{"embeddable":true,"href":"https:\/\/lasentinelle.dz\/index.php\/wp-json\/wp\/v2\/media\/80096"}],"wp:attachment":[{"href":"https:\/\/lasentinelle.dz\/index.php\/wp-json\/wp\/v2\/media?parent=80095"}],"wp:term":[{"taxonomy":"category","embeddable":true,"href":"https:\/\/lasentinelle.dz\/index.php\/wp-json\/wp\/v2\/categories?post=80095"},{"taxonomy":"post_tag","embeddable":true,"href":"https:\/\/lasentinelle.dz\/index.php\/wp-json\/wp\/v2\/tags?post=80095"}],"curies":[{"name":"wp","href":"https:\/\/api.w.org\/{rel}","templated":true}]}}