{"id":80098,"date":"2026-01-26T13:41:35","date_gmt":"2026-01-26T12:41:35","guid":{"rendered":"https:\/\/lasentinelle.dz\/?p=80098"},"modified":"2026-01-26T13:41:37","modified_gmt":"2026-01-26T12:41:37","slug":"exhibition-dun-drapeau-israelien-a-la-frontiere-algero-marocaine-au-dela-de-la-provocation-un-acte-de-soumission-du-makhzen","status":"publish","type":"post","link":"https:\/\/lasentinelle.dz\/index.php\/2026\/01\/26\/exhibition-dun-drapeau-israelien-a-la-frontiere-algero-marocaine-au-dela-de-la-provocation-un-acte-de-soumission-du-makhzen\/","title":{"rendered":"Exhibition d\u2019un drapeau isra\u00e9lien \u00e0 la fronti\u00e8re alg\u00e9ro-marocaine\u00a0: Au-del\u00e0 de la provocation, un acte de soumission du Makhzen"},"content":{"rendered":"\n<p>La fronti\u00e8re alg\u00e9ro-marocaine a \u00e9t\u00e9, une fois de plus, le th\u00e9\u00e2tre d\u2019une provocation in\u00e9dite et lourde de sens. Jeudi 22 janvier, pr\u00e8s de la ville de Sa\u00efdia, du c\u00f4t\u00e9 marocain, une femme, identifi\u00e9e comme touriste isra\u00e9lienne, a brandi le drapeau de l\u2019entit\u00e9 sioniste face aux Alg\u00e9riens pr\u00e9sents de l\u2019autre c\u00f4t\u00e9 de la ligne frontali\u00e8re. La sc\u00e8ne, relay\u00e9e sur les r\u00e9seaux sociaux, a \u00e9t\u00e9 applaudie par \u00e9nergum\u00e8nes, des Marocains et des touristes isra\u00e9liens pr\u00e9sents, r\u00e9v\u00e9lant, la soumission totale du r\u00e9gime marocain \u00e0 l\u2019entit\u00e9 sioniste, qui s\u2019installe toujours plus ouvertement au Maroc.<\/p>\n\n\n\n<p>Cet acte ne peut \u00eatre interpr\u00e9t\u00e9 comme un geste isol\u00e9. Il s\u2019inscrit dans la longue liste des provocations r\u00e9p\u00e9t\u00e9es du Makhzen \u00e0 l\u2019encontre de l\u2019Alg\u00e9rie, marquant une escalade inqui\u00e9tante dans les relations d\u00e9j\u00e0 extr\u00eamement tendues entre les deux pays voisins. L\u2019exhibition ostentatoire d\u2019un symbole associ\u00e9 \u00e0 l\u2019occupation et aux crimes contre l\u2019humanit\u00e9 contre le peuple palestinien constitue non seulement une provocation pour l\u2019Alg\u00e9rie mais aussi une manifestation claire de l\u2019ing\u00e9rence sioniste au Maroc, qui tend vers une v\u00e9ritable occupation id\u00e9ologique et \u00e9conomique, facilit\u00e9e par l\u2019alliance scell\u00e9e depuis la normalisation de 2020. Depuis cette date, le royaume ch\u00e9rifien a multipli\u00e9 les coop\u00e9rations militaires et s\u00e9curitaires avec l\u2019entit\u00e9 sioniste, permettant m\u00eame \u00e0 des soldats isra\u00e9liens de fouler le sol marocain. Les entreprises isra\u00e9liennes ont investi dans des projets strat\u00e9giques, notamment dans le secteur militaire, et la politique de normalisation de Rabat, renforc\u00e9e pendant le g\u00e9nocide de Ghaza en 2023, traduit une adh\u00e9sion sans r\u00e9serve \u00e0 l\u2019agenda de l\u2019entit\u00e9 sioniste, au d\u00e9triment de la souverainet\u00e9 r\u00e9gionale et de la paix.<\/p>\n\n\n\n<p>Face \u00e0 cette provocation, les Alg\u00e9riens pr\u00e9sents ont r\u00e9agi avec dignit\u00e9 et solidarit\u00e9 en brandissant le drapeau palestinien, un geste symbolique largement salu\u00e9 par la communaut\u00e9 internationale et par les d\u00e9fenseurs de la cause palestinienne. Ce face-\u00e0-face illustre, selon le Front marocain de soutien \u00e0 la Palestine et de lutte contre la normalisation, \u00ab la violation flagrante d\u2019un espace frontalier et l\u2019alignement du Maroc sur l\u2019occupation isra\u00e9lienne \u00bb, condamnant fermement la normalisation officielle et non officielle, contraire \u00e0 la volont\u00e9 populaire marocaine solidaire de la Palestine.<\/p>\n\n\n\n<p>L\u2019incident intervient dans un contexte tendu, o\u00f9 les m\u00e9dias et r\u00e9seaux sociaux marocains multiplient les campagnes contre l\u2019Alg\u00e9rie. Ces attaques m\u00e9diatiques et ces gestes provocateurs traduisent une strat\u00e9gie d\u00e9lib\u00e9r\u00e9e pour tenter en vain d\u2019intimider l\u2019Alg\u00e9rie et redorer l\u2019image d\u2019un royaume de plus en plus discr\u00e9dit\u00e9 aux yeux de l\u2019opinion arabe et internationale.<\/p>\n\n\n\n<p>Au Maroc, cette exhibition a suscit\u00e9 l\u2019indignation et traduit la rupture totale du r\u00e9gime du Makhzen avec la population. Le comit\u00e9 local contre la normalisation a annonc\u00e9 une action de protestation sur les lieux de l\u2019incident, rappelant que \u00ab l\u2019emprisonnement des militants solidaires de la Palestine ne fera jamais taire la voix de la conscience populaire \u00bb. La provocation du 22 janvier est un indicateur inqui\u00e9tant de l\u2019influence croissante de l\u2019entit\u00e9 sioniste sur le Maroc et de la complicit\u00e9 de ses autorit\u00e9s dans l\u2019occupation de facto de leur territoire par des int\u00e9r\u00eats \u00e9trangers.<\/p>\n\n\n\n<p>Alors que la r\u00e9gion reste marqu\u00e9e par des tensions g\u00e9opolitiques, cet incident souligne l\u2019urgence pour l\u2019Alg\u00e9rie de rester vigilante, de r\u00e9affirmer sa souverainet\u00e9 face aux alliances qui menacent la paix et la stabilit\u00e9 dans le Maghreb.<\/p>\n\n\n\n<p>Salim Amokrane<\/p>\n","protected":false},"excerpt":{"rendered":"<p>La fronti\u00e8re alg\u00e9ro-marocaine a \u00e9t\u00e9, une fois de plus, le th\u00e9\u00e2tre d\u2019une provocation in\u00e9dite et lourde de sens. Jeudi 22<\/p>\n","protected":false},"author":6,"featured_media":80099,"comment_status":"open","ping_status":"closed","sticky":false,"template":"","format":"standard","meta":{"colormag_page_container_layout":"default_layout","colormag_page_sidebar_layout":"default_layout","om_disable_all_campaigns":false,"_monsterinsights_skip_tracking":false,"_monsterinsights_sitenote_active":false,"_monsterinsights_sitenote_note":"","_monsterinsights_sitenote_category":0,"footnotes":"","_wpscppro_dont_share_socialmedia":false,"_wpscppro_custom_social_share_image":0,"_facebook_share_type":"default","_twitter_share_type":"default","_linkedin_share_type":"default","_pinterest_share_type":"default","_linkedin_share_type_page":"","_instagram_share_type":"default","_medium_share_type":"default","_threads_share_type":"default","_google_business_share_type":"default","_selected_social_profile":[],"_wpsp_enable_custom_social_template":false,"_wpsp_social_scheduling":{"enabled":false,"datetime":null,"platforms":[],"status":"template_only","dateOption":"today","timeOption":"now","customDays":"","customHours":"","customDate":"","customTime":"","schedulingType":"absolute"},"_wpsp_active_default_template":true},"categories":[52,27],"tags":[],"class_list":["post-80098","post","type-post","status-publish","format-standard","has-post-thumbnail","hentry","category-a-la-une","category-actualite"],"aioseo_notices":[],"yoast_head":"<!-- This site is optimized with the Yoast SEO plugin v27.5 - https:\/\/yoast.com\/product\/yoast-seo-wordpress\/ -->\n<title>Exhibition d\u2019un drapeau isra\u00e9lien \u00e0 la fronti\u00e8re alg\u00e9ro-marocaine\u00a0: Au-del\u00e0 de la provocation, un acte de soumission du Makhzen - La Sentinelle<\/title>\n<meta name=\"robots\" content=\"index, follow, max-snippet:-1, max-image-preview:large, max-video-preview:-1\" \/>\n<link rel=\"canonical\" href=\"https:\/\/lasentinelle.dz\/index.php\/2026\/01\/26\/exhibition-dun-drapeau-israelien-a-la-frontiere-algero-marocaine-au-dela-de-la-provocation-un-acte-de-soumission-du-makhzen\/\" \/>\n<meta property=\"og:locale\" content=\"fr_FR\" \/>\n<meta property=\"og:type\" content=\"article\" \/>\n<meta property=\"og:title\" content=\"Exhibition d\u2019un drapeau isra\u00e9lien \u00e0 la fronti\u00e8re alg\u00e9ro-marocaine\u00a0: Au-del\u00e0 de la provocation, un acte de soumission du Makhzen - La Sentinelle\" \/>\n<meta property=\"og:description\" content=\"La fronti\u00e8re alg\u00e9ro-marocaine a \u00e9t\u00e9, une fois de plus, le th\u00e9\u00e2tre d\u2019une provocation in\u00e9dite et lourde de sens. Jeudi 22\" \/>\n<meta property=\"og:url\" content=\"https:\/\/lasentinelle.dz\/index.php\/2026\/01\/26\/exhibition-dun-drapeau-israelien-a-la-frontiere-algero-marocaine-au-dela-de-la-provocation-un-acte-de-soumission-du-makhzen\/\" \/>\n<meta property=\"og:site_name\" content=\"La Sentinelle\" \/>\n<meta property=\"article:publisher\" content=\"https:\/\/www.facebook.com\/La-Sentinelle-104059864394773\" \/>\n<meta property=\"article:published_time\" content=\"2026-01-26T12:41:35+00:00\" \/>\n<meta property=\"article:modified_time\" content=\"2026-01-26T12:41:37+00:00\" \/>\n<meta property=\"og:image\" content=\"https:\/\/lasentinelle.dz\/wp-content\/uploads\/2026\/01\/exhibition.jpeg\" \/>\n\t<meta property=\"og:image:width\" content=\"1320\" \/>\n\t<meta property=\"og:image:height\" content=\"978\" \/>\n\t<meta property=\"og:image:type\" content=\"image\/jpeg\" \/>\n<meta name=\"author\" content=\"admin\" \/>\n<meta name=\"twitter:card\" content=\"summary_large_image\" \/>\n<meta name=\"twitter:label1\" content=\"\u00c9crit par\" \/>\n\t<meta name=\"twitter:data1\" content=\"admin\" \/>\n\t<meta name=\"twitter:label2\" content=\"Dur\u00e9e de lecture estim\u00e9e\" \/>\n\t<meta name=\"twitter:data2\" content=\"3 minutes\" \/>\n<script type=\"application\/ld+json\" class=\"yoast-schema-graph\">{\"@context\":\"https:\\\/\\\/schema.org\",\"@graph\":[{\"@type\":\"Article\",\"@id\":\"https:\\\/\\\/lasentinelle.dz\\\/index.php\\\/2026\\\/01\\\/26\\\/exhibition-dun-drapeau-israelien-a-la-frontiere-algero-marocaine-au-dela-de-la-provocation-un-acte-de-soumission-du-makhzen\\\/#article\",\"isPartOf\":{\"@id\":\"https:\\\/\\\/lasentinelle.dz\\\/index.php\\\/2026\\\/01\\\/26\\\/exhibition-dun-drapeau-israelien-a-la-frontiere-algero-marocaine-au-dela-de-la-provocation-un-acte-de-soumission-du-makhzen\\\/\"},\"author\":{\"name\":\"admin\",\"@id\":\"https:\\\/\\\/lasentinelle.dz\\\/#\\\/schema\\\/person\\\/729ee0024f24e0b8c5ec17232f8e8b41\"},\"headline\":\"Exhibition d\u2019un drapeau isra\u00e9lien \u00e0 la fronti\u00e8re alg\u00e9ro-marocaine\u00a0: Au-del\u00e0 de la provocation, un acte de soumission du Makhzen\",\"datePublished\":\"2026-01-26T12:41:35+00:00\",\"dateModified\":\"2026-01-26T12:41:37+00:00\",\"mainEntityOfPage\":{\"@id\":\"https:\\\/\\\/lasentinelle.dz\\\/index.php\\\/2026\\\/01\\\/26\\\/exhibition-dun-drapeau-israelien-a-la-frontiere-algero-marocaine-au-dela-de-la-provocation-un-acte-de-soumission-du-makhzen\\\/\"},\"wordCount\":642,\"commentCount\":0,\"publisher\":{\"@id\":\"https:\\\/\\\/lasentinelle.dz\\\/#organization\"},\"image\":{\"@id\":\"https:\\\/\\\/lasentinelle.dz\\\/index.php\\\/2026\\\/01\\\/26\\\/exhibition-dun-drapeau-israelien-a-la-frontiere-algero-marocaine-au-dela-de-la-provocation-un-acte-de-soumission-du-makhzen\\\/#primaryimage\"},\"thumbnailUrl\":\"https:\\\/\\\/lasentinelle.dz\\\/wp-content\\\/uploads\\\/2026\\\/01\\\/exhibition.jpeg\",\"articleSection\":[\"\u00c0 la Une\",\"Actualit\u00e9\"],\"inLanguage\":\"fr-FR\",\"potentialAction\":[{\"@type\":\"CommentAction\",\"name\":\"Comment\",\"target\":[\"https:\\\/\\\/lasentinelle.dz\\\/index.php\\\/2026\\\/01\\\/26\\\/exhibition-dun-drapeau-israelien-a-la-frontiere-algero-marocaine-au-dela-de-la-provocation-un-acte-de-soumission-du-makhzen\\\/#respond\"]}]},{\"@type\":\"WebPage\",\"@id\":\"https:\\\/\\\/lasentinelle.dz\\\/index.php\\\/2026\\\/01\\\/26\\\/exhibition-dun-drapeau-israelien-a-la-frontiere-algero-marocaine-au-dela-de-la-provocation-un-acte-de-soumission-du-makhzen\\\/\",\"url\":\"https:\\\/\\\/lasentinelle.dz\\\/index.php\\\/2026\\\/01\\\/26\\\/exhibition-dun-drapeau-israelien-a-la-frontiere-algero-marocaine-au-dela-de-la-provocation-un-acte-de-soumission-du-makhzen\\\/\",\"name\":\"Exhibition d\u2019un drapeau isra\u00e9lien \u00e0 la fronti\u00e8re alg\u00e9ro-marocaine\u00a0: Au-del\u00e0 de la provocation, un acte de soumission du Makhzen - La Sentinelle\",\"isPartOf\":{\"@id\":\"https:\\\/\\\/lasentinelle.dz\\\/#website\"},\"primaryImageOfPage\":{\"@id\":\"https:\\\/\\\/lasentinelle.dz\\\/index.php\\\/2026\\\/01\\\/26\\\/exhibition-dun-drapeau-israelien-a-la-frontiere-algero-marocaine-au-dela-de-la-provocation-un-acte-de-soumission-du-makhzen\\\/#primaryimage\"},\"image\":{\"@id\":\"https:\\\/\\\/lasentinelle.dz\\\/index.php\\\/2026\\\/01\\\/26\\\/exhibition-dun-drapeau-israelien-a-la-frontiere-algero-marocaine-au-dela-de-la-provocation-un-acte-de-soumission-du-makhzen\\\/#primaryimage\"},\"thumbnailUrl\":\"https:\\\/\\\/lasentinelle.dz\\\/wp-content\\\/uploads\\\/2026\\\/01\\\/exhibition.jpeg\",\"datePublished\":\"2026-01-26T12:41:35+00:00\",\"dateModified\":\"2026-01-26T12:41:37+00:00\",\"breadcrumb\":{\"@id\":\"https:\\\/\\\/lasentinelle.dz\\\/index.php\\\/2026\\\/01\\\/26\\\/exhibition-dun-drapeau-israelien-a-la-frontiere-algero-marocaine-au-dela-de-la-provocation-un-acte-de-soumission-du-makhzen\\\/#breadcrumb\"},\"inLanguage\":\"fr-FR\",\"potentialAction\":[{\"@type\":\"ReadAction\",\"target\":[\"https:\\\/\\\/lasentinelle.dz\\\/index.php\\\/2026\\\/01\\\/26\\\/exhibition-dun-drapeau-israelien-a-la-frontiere-algero-marocaine-au-dela-de-la-provocation-un-acte-de-soumission-du-makhzen\\\/\"]}]},{\"@type\":\"ImageObject\",\"inLanguage\":\"fr-FR\",\"@id\":\"https:\\\/\\\/lasentinelle.dz\\\/index.php\\\/2026\\\/01\\\/26\\\/exhibition-dun-drapeau-israelien-a-la-frontiere-algero-marocaine-au-dela-de-la-provocation-un-acte-de-soumission-du-makhzen\\\/#primaryimage\",\"url\":\"https:\\\/\\\/lasentinelle.dz\\\/wp-content\\\/uploads\\\/2026\\\/01\\\/exhibition.jpeg\",\"contentUrl\":\"https:\\\/\\\/lasentinelle.dz\\\/wp-content\\\/uploads\\\/2026\\\/01\\\/exhibition.jpeg\",\"width\":1320,\"height\":978},{\"@type\":\"BreadcrumbList\",\"@id\":\"https:\\\/\\\/lasentinelle.dz\\\/index.php\\\/2026\\\/01\\\/26\\\/exhibition-dun-drapeau-israelien-a-la-frontiere-algero-marocaine-au-dela-de-la-provocation-un-acte-de-soumission-du-makhzen\\\/#breadcrumb\",\"itemListElement\":[{\"@type\":\"ListItem\",\"position\":1,\"name\":\"Accueil\",\"item\":\"https:\\\/\\\/lasentinelle.dz\\\/\"},{\"@type\":\"ListItem\",\"position\":2,\"name\":\"Exhibition d\u2019un drapeau isra\u00e9lien \u00e0 la fronti\u00e8re alg\u00e9ro-marocaine\u00a0: Au-del\u00e0 de la provocation, un acte de soumission du Makhzen\"}]},{\"@type\":\"WebSite\",\"@id\":\"https:\\\/\\\/lasentinelle.dz\\\/#website\",\"url\":\"https:\\\/\\\/lasentinelle.dz\\\/\",\"name\":\"La Sentinelle\",\"description\":\"Quotidien national d&#039;information\",\"publisher\":{\"@id\":\"https:\\\/\\\/lasentinelle.dz\\\/#organization\"},\"potentialAction\":[{\"@type\":\"SearchAction\",\"target\":{\"@type\":\"EntryPoint\",\"urlTemplate\":\"https:\\\/\\\/lasentinelle.dz\\\/?s={search_term_string}\"},\"query-input\":{\"@type\":\"PropertyValueSpecification\",\"valueRequired\":true,\"valueName\":\"search_term_string\"}}],\"inLanguage\":\"fr-FR\"},{\"@type\":\"Organization\",\"@id\":\"https:\\\/\\\/lasentinelle.dz\\\/#organization\",\"name\":\"Quotidien La Sentinelle\",\"url\":\"https:\\\/\\\/lasentinelle.dz\\\/\",\"logo\":{\"@type\":\"ImageObject\",\"inLanguage\":\"fr-FR\",\"@id\":\"https:\\\/\\\/lasentinelle.dz\\\/#\\\/schema\\\/logo\\\/image\\\/\",\"url\":\"https:\\\/\\\/lasentinelle.dz\\\/wp-content\\\/uploads\\\/2021\\\/09\\\/logo-sentinelleSLOGAN-1.png\",\"contentUrl\":\"https:\\\/\\\/lasentinelle.dz\\\/wp-content\\\/uploads\\\/2021\\\/09\\\/logo-sentinelleSLOGAN-1.png\",\"width\":615,\"height\":142,\"caption\":\"Quotidien La Sentinelle\"},\"image\":{\"@id\":\"https:\\\/\\\/lasentinelle.dz\\\/#\\\/schema\\\/logo\\\/image\\\/\"},\"sameAs\":[\"https:\\\/\\\/www.facebook.com\\\/La-Sentinelle-104059864394773\"]},{\"@type\":\"Person\",\"@id\":\"https:\\\/\\\/lasentinelle.dz\\\/#\\\/schema\\\/person\\\/729ee0024f24e0b8c5ec17232f8e8b41\",\"name\":\"admin\",\"image\":{\"@type\":\"ImageObject\",\"inLanguage\":\"fr-FR\",\"@id\":\"https:\\\/\\\/secure.gravatar.com\\\/avatar\\\/4c81fed838786e9b53f540bf46533e750f5d292099ae3b66cfc6fb1982e29df7?s=96&d=mm&r=g\",\"url\":\"https:\\\/\\\/secure.gravatar.com\\\/avatar\\\/4c81fed838786e9b53f540bf46533e750f5d292099ae3b66cfc6fb1982e29df7?s=96&d=mm&r=g\",\"contentUrl\":\"https:\\\/\\\/secure.gravatar.com\\\/avatar\\\/4c81fed838786e9b53f540bf46533e750f5d292099ae3b66cfc6fb1982e29df7?s=96&d=mm&r=g\",\"caption\":\"admin\"},\"description\":\"admin\",\"url\":\"https:\\\/\\\/lasentinelle.dz\\\/author\\\/admin\\\/\"}]}<\/script>\n<!-- \/ Yoast SEO plugin. -->","yoast_head_json":{"title":"Exhibition d\u2019un drapeau isra\u00e9lien \u00e0 la fronti\u00e8re alg\u00e9ro-marocaine\u00a0: Au-del\u00e0 de la provocation, un acte de soumission du Makhzen - La Sentinelle","robots":{"index":"index","follow":"follow","max-snippet":"max-snippet:-1","max-image-preview":"max-image-preview:large","max-video-preview":"max-video-preview:-1"},"canonical":"https:\/\/lasentinelle.dz\/index.php\/2026\/01\/26\/exhibition-dun-drapeau-israelien-a-la-frontiere-algero-marocaine-au-dela-de-la-provocation-un-acte-de-soumission-du-makhzen\/","og_locale":"fr_FR","og_type":"article","og_title":"Exhibition d\u2019un drapeau isra\u00e9lien \u00e0 la fronti\u00e8re alg\u00e9ro-marocaine\u00a0: Au-del\u00e0 de la provocation, un acte de soumission du Makhzen - La Sentinelle","og_description":"La fronti\u00e8re alg\u00e9ro-marocaine a \u00e9t\u00e9, une fois de plus, le th\u00e9\u00e2tre d\u2019une provocation in\u00e9dite et lourde de sens. Jeudi 22","og_url":"https:\/\/lasentinelle.dz\/index.php\/2026\/01\/26\/exhibition-dun-drapeau-israelien-a-la-frontiere-algero-marocaine-au-dela-de-la-provocation-un-acte-de-soumission-du-makhzen\/","og_site_name":"La Sentinelle","article_publisher":"https:\/\/www.facebook.com\/La-Sentinelle-104059864394773","article_published_time":"2026-01-26T12:41:35+00:00","article_modified_time":"2026-01-26T12:41:37+00:00","og_image":[{"width":1320,"height":978,"url":"https:\/\/lasentinelle.dz\/wp-content\/uploads\/2026\/01\/exhibition.jpeg","type":"image\/jpeg"}],"author":"admin","twitter_card":"summary_large_image","twitter_misc":{"\u00c9crit par":"admin","Dur\u00e9e de lecture estim\u00e9e":"3 minutes"},"schema":{"@context":"https:\/\/schema.org","@graph":[{"@type":"Article","@id":"https:\/\/lasentinelle.dz\/index.php\/2026\/01\/26\/exhibition-dun-drapeau-israelien-a-la-frontiere-algero-marocaine-au-dela-de-la-provocation-un-acte-de-soumission-du-makhzen\/#article","isPartOf":{"@id":"https:\/\/lasentinelle.dz\/index.php\/2026\/01\/26\/exhibition-dun-drapeau-israelien-a-la-frontiere-algero-marocaine-au-dela-de-la-provocation-un-acte-de-soumission-du-makhzen\/"},"author":{"name":"admin","@id":"https:\/\/lasentinelle.dz\/#\/schema\/person\/729ee0024f24e0b8c5ec17232f8e8b41"},"headline":"Exhibition d\u2019un drapeau isra\u00e9lien \u00e0 la fronti\u00e8re alg\u00e9ro-marocaine\u00a0: Au-del\u00e0 de la provocation, un acte de soumission du Makhzen","datePublished":"2026-01-26T12:41:35+00:00","dateModified":"2026-01-26T12:41:37+00:00","mainEntityOfPage":{"@id":"https:\/\/lasentinelle.dz\/index.php\/2026\/01\/26\/exhibition-dun-drapeau-israelien-a-la-frontiere-algero-marocaine-au-dela-de-la-provocation-un-acte-de-soumission-du-makhzen\/"},"wordCount":642,"commentCount":0,"publisher":{"@id":"https:\/\/lasentinelle.dz\/#organization"},"image":{"@id":"https:\/\/lasentinelle.dz\/index.php\/2026\/01\/26\/exhibition-dun-drapeau-israelien-a-la-frontiere-algero-marocaine-au-dela-de-la-provocation-un-acte-de-soumission-du-makhzen\/#primaryimage"},"thumbnailUrl":"https:\/\/lasentinelle.dz\/wp-content\/uploads\/2026\/01\/exhibition.jpeg","articleSection":["\u00c0 la Une","Actualit\u00e9"],"inLanguage":"fr-FR","potentialAction":[{"@type":"CommentAction","name":"Comment","target":["https:\/\/lasentinelle.dz\/index.php\/2026\/01\/26\/exhibition-dun-drapeau-israelien-a-la-frontiere-algero-marocaine-au-dela-de-la-provocation-un-acte-de-soumission-du-makhzen\/#respond"]}]},{"@type":"WebPage","@id":"https:\/\/lasentinelle.dz\/index.php\/2026\/01\/26\/exhibition-dun-drapeau-israelien-a-la-frontiere-algero-marocaine-au-dela-de-la-provocation-un-acte-de-soumission-du-makhzen\/","url":"https:\/\/lasentinelle.dz\/index.php\/2026\/01\/26\/exhibition-dun-drapeau-israelien-a-la-frontiere-algero-marocaine-au-dela-de-la-provocation-un-acte-de-soumission-du-makhzen\/","name":"Exhibition d\u2019un drapeau isra\u00e9lien \u00e0 la fronti\u00e8re alg\u00e9ro-marocaine\u00a0: Au-del\u00e0 de la provocation, un acte de soumission du Makhzen - La Sentinelle","isPartOf":{"@id":"https:\/\/lasentinelle.dz\/#website"},"primaryImageOfPage":{"@id":"https:\/\/lasentinelle.dz\/index.php\/2026\/01\/26\/exhibition-dun-drapeau-israelien-a-la-frontiere-algero-marocaine-au-dela-de-la-provocation-un-acte-de-soumission-du-makhzen\/#primaryimage"},"image":{"@id":"https:\/\/lasentinelle.dz\/index.php\/2026\/01\/26\/exhibition-dun-drapeau-israelien-a-la-frontiere-algero-marocaine-au-dela-de-la-provocation-un-acte-de-soumission-du-makhzen\/#primaryimage"},"thumbnailUrl":"https:\/\/lasentinelle.dz\/wp-content\/uploads\/2026\/01\/exhibition.jpeg","datePublished":"2026-01-26T12:41:35+00:00","dateModified":"2026-01-26T12:41:37+00:00","breadcrumb":{"@id":"https:\/\/lasentinelle.dz\/index.php\/2026\/01\/26\/exhibition-dun-drapeau-israelien-a-la-frontiere-algero-marocaine-au-dela-de-la-provocation-un-acte-de-soumission-du-makhzen\/#breadcrumb"},"inLanguage":"fr-FR","potentialAction":[{"@type":"ReadAction","target":["https:\/\/lasentinelle.dz\/index.php\/2026\/01\/26\/exhibition-dun-drapeau-israelien-a-la-frontiere-algero-marocaine-au-dela-de-la-provocation-un-acte-de-soumission-du-makhzen\/"]}]},{"@type":"ImageObject","inLanguage":"fr-FR","@id":"https:\/\/lasentinelle.dz\/index.php\/2026\/01\/26\/exhibition-dun-drapeau-israelien-a-la-frontiere-algero-marocaine-au-dela-de-la-provocation-un-acte-de-soumission-du-makhzen\/#primaryimage","url":"https:\/\/lasentinelle.dz\/wp-content\/uploads\/2026\/01\/exhibition.jpeg","contentUrl":"https:\/\/lasentinelle.dz\/wp-content\/uploads\/2026\/01\/exhibition.jpeg","width":1320,"height":978},{"@type":"BreadcrumbList","@id":"https:\/\/lasentinelle.dz\/index.php\/2026\/01\/26\/exhibition-dun-drapeau-israelien-a-la-frontiere-algero-marocaine-au-dela-de-la-provocation-un-acte-de-soumission-du-makhzen\/#breadcrumb","itemListElement":[{"@type":"ListItem","position":1,"name":"Accueil","item":"https:\/\/lasentinelle.dz\/"},{"@type":"ListItem","position":2,"name":"Exhibition d\u2019un drapeau isra\u00e9lien \u00e0 la fronti\u00e8re alg\u00e9ro-marocaine\u00a0: Au-del\u00e0 de la provocation, un acte de soumission du Makhzen"}]},{"@type":"WebSite","@id":"https:\/\/lasentinelle.dz\/#website","url":"https:\/\/lasentinelle.dz\/","name":"La Sentinelle","description":"Quotidien national d&#039;information","publisher":{"@id":"https:\/\/lasentinelle.dz\/#organization"},"potentialAction":[{"@type":"SearchAction","target":{"@type":"EntryPoint","urlTemplate":"https:\/\/lasentinelle.dz\/?s={search_term_string}"},"query-input":{"@type":"PropertyValueSpecification","valueRequired":true,"valueName":"search_term_string"}}],"inLanguage":"fr-FR"},{"@type":"Organization","@id":"https:\/\/lasentinelle.dz\/#organization","name":"Quotidien La Sentinelle","url":"https:\/\/lasentinelle.dz\/","logo":{"@type":"ImageObject","inLanguage":"fr-FR","@id":"https:\/\/lasentinelle.dz\/#\/schema\/logo\/image\/","url":"https:\/\/lasentinelle.dz\/wp-content\/uploads\/2021\/09\/logo-sentinelleSLOGAN-1.png","contentUrl":"https:\/\/lasentinelle.dz\/wp-content\/uploads\/2021\/09\/logo-sentinelleSLOGAN-1.png","width":615,"height":142,"caption":"Quotidien La Sentinelle"},"image":{"@id":"https:\/\/lasentinelle.dz\/#\/schema\/logo\/image\/"},"sameAs":["https:\/\/www.facebook.com\/La-Sentinelle-104059864394773"]},{"@type":"Person","@id":"https:\/\/lasentinelle.dz\/#\/schema\/person\/729ee0024f24e0b8c5ec17232f8e8b41","name":"admin","image":{"@type":"ImageObject","inLanguage":"fr-FR","@id":"https:\/\/secure.gravatar.com\/avatar\/4c81fed838786e9b53f540bf46533e750f5d292099ae3b66cfc6fb1982e29df7?s=96&d=mm&r=g","url":"https:\/\/secure.gravatar.com\/avatar\/4c81fed838786e9b53f540bf46533e750f5d292099ae3b66cfc6fb1982e29df7?s=96&d=mm&r=g","contentUrl":"https:\/\/secure.gravatar.com\/avatar\/4c81fed838786e9b53f540bf46533e750f5d292099ae3b66cfc6fb1982e29df7?s=96&d=mm&r=g","caption":"admin"},"description":"admin","url":"https:\/\/lasentinelle.dz\/author\/admin\/"}]}},"_links":{"self":[{"href":"https:\/\/lasentinelle.dz\/index.php\/wp-json\/wp\/v2\/posts\/80098","targetHints":{"allow":["GET"]}}],"collection":[{"href":"https:\/\/lasentinelle.dz\/index.php\/wp-json\/wp\/v2\/posts"}],"about":[{"href":"https:\/\/lasentinelle.dz\/index.php\/wp-json\/wp\/v2\/types\/post"}],"author":[{"embeddable":true,"href":"https:\/\/lasentinelle.dz\/index.php\/wp-json\/wp\/v2\/users\/6"}],"replies":[{"embeddable":true,"href":"https:\/\/lasentinelle.dz\/index.php\/wp-json\/wp\/v2\/comments?post=80098"}],"version-history":[{"count":1,"href":"https:\/\/lasentinelle.dz\/index.php\/wp-json\/wp\/v2\/posts\/80098\/revisions"}],"predecessor-version":[{"id":80100,"href":"https:\/\/lasentinelle.dz\/index.php\/wp-json\/wp\/v2\/posts\/80098\/revisions\/80100"}],"wp:featuredmedia":[{"embeddable":true,"href":"https:\/\/lasentinelle.dz\/index.php\/wp-json\/wp\/v2\/media\/80099"}],"wp:attachment":[{"href":"https:\/\/lasentinelle.dz\/index.php\/wp-json\/wp\/v2\/media?parent=80098"}],"wp:term":[{"taxonomy":"category","embeddable":true,"href":"https:\/\/lasentinelle.dz\/index.php\/wp-json\/wp\/v2\/categories?post=80098"},{"taxonomy":"post_tag","embeddable":true,"href":"https:\/\/lasentinelle.dz\/index.php\/wp-json\/wp\/v2\/tags?post=80098"}],"curies":[{"name":"wp","href":"https:\/\/api.w.org\/{rel}","templated":true}]}}