{"id":80103,"date":"2026-01-26T13:43:35","date_gmt":"2026-01-26T12:43:35","guid":{"rendered":"https:\/\/lasentinelle.dz\/?p=80103"},"modified":"2026-01-26T13:43:35","modified_gmt":"2026-01-26T12:43:35","slug":"modernisation-agricole-le-conseil-national-de-la-mecanisation-agricole-installe","status":"publish","type":"post","link":"https:\/\/lasentinelle.dz\/index.php\/2026\/01\/26\/modernisation-agricole-le-conseil-national-de-la-mecanisation-agricole-installe\/","title":{"rendered":"Modernisation agricole\u00a0: Le Conseil national de la m\u00e9canisation agricole install\u00e9"},"content":{"rendered":"\n<p>Le Premier ministre, Sifi Ghrieb, a proc\u00e9d\u00e9 dimanche \u00e0 l\u2019installation du Conseil national de la m\u00e9canisation agricole, conform\u00e9ment aux instructions du pr\u00e9sident de la R\u00e9publique, Abdelmadjid Tebboune, visant \u00e0 moderniser le secteur agricole et \u00e0 renforcer ses capacit\u00e9s de production. Selon un communiqu\u00e9 des services du Premier ministre, cette nouvelle instance regroupe les repr\u00e9sentants des secteurs concern\u00e9s, les associations professionnelles d\u2019agriculteurs ainsi que des op\u00e9rateurs \u00e9conomiques locaux producteurs de mat\u00e9riel agricole, t\u00e9moignant de la volont\u00e9 de l\u2019\u00c9tat de mobiliser l\u2019ensemble des acteurs autour de la m\u00e9canisation. Dans le cadre de cette installation, le Premier ministre a donn\u00e9 des instructions pour \u00ab doter ce conseil d\u2019un plan d\u2019action, pr\u00e9voyant notamment le recensement complet des besoins des agriculteurs en mat\u00e9riel agricole, en tenant compte des sp\u00e9cificit\u00e9s de chaque fili\u00e8re agricole et en veillant \u00e0 identifier les besoins prioritaires li\u00e9s aux saisons agricoles 2025-2026 et 2026-2027 afin d\u2019en garantir la r\u00e9ussite \u00bb. L\u2019objectif est de pr\u00e9parer le terrain pour des campagnes agricoles plus efficaces, d\u2019accro\u00eetre la productivit\u00e9 et de s\u00e9curiser les r\u00e9coltes nationales.<\/p>\n\n\n\n<p>Le plan d\u2019action devra \u00e9galement pr\u00e9voir \u00ab les mesures n\u00e9cessaires au renforcement et \u00e0 la diversification de la production locale de mat\u00e9riel agricole afin de r\u00e9pondre aux besoins exprim\u00e9s, conform\u00e9ment aux normes d\u2019utilisation en vigueur et selon les sp\u00e9cificit\u00e9s de chaque r\u00e9gion agricole \u00bb. Le communiqu\u00e9 pr\u00e9cise en outre que le Conseil prendra en charge \u00ab les pr\u00e9occupations soulev\u00e9es en mati\u00e8re de renforcement des capacit\u00e9s nationales de maintenance du mat\u00e9riel agricole et de disponibilit\u00e9 des pi\u00e8ces de rechange, \u00e0 travers la mise en place et le d\u00e9veloppement d\u2019un r\u00e9seau national de maintenance du mat\u00e9riel agricole, garantissant l\u2019efficacit\u00e9 dans l\u2019utilisation du parc national de mat\u00e9riel agricole \u00bb.<\/p>\n\n\n\n<p>Le Conseil national de la m\u00e9canisation agricole tiendra r\u00e9guli\u00e8rement des r\u00e9unions pour \u00ab \u00e9valuer l\u2019\u00e9tat de mise en \u0153uvre du plan d\u2019action et assurer une prise en charge efficace et rapide des besoins identifi\u00e9s dans le domaine de la m\u00e9canisation agricole \u00bb, conclut le communiqu\u00e9, confirmant le r\u00f4le central de cette instance dans la modernisation du secteur.<\/p>\n\n\n\n<p>Cette installation s\u2019inscrit dans le prolongement des d\u00e9cisions strat\u00e9giques du pr\u00e9sident de la R\u00e9publique prises lors d\u2019une r\u00e9union de travail tenue la semaine derni\u00e8re d\u00e9di\u00e9e \u00e0 la m\u00e9canisation agricole. Le Pr\u00e9sident de la R\u00e9publique a alors d\u00e9cid\u00e9 de cr\u00e9er des coop\u00e9ratives sp\u00e9cialis\u00e9es dans la location de mat\u00e9riel agricole, de tous types, au profit des agriculteurs, dans le but d\u2019\u00e9largir les superficies cultiv\u00e9es et d\u2019augmenter la productivit\u00e9 de la production agricole nationale. Il a \u00e9galement d\u00e9cid\u00e9 de la cr\u00e9ation d\u2019un Conseil national de la m\u00e9canisation agricole , destin\u00e9 \u00e0 coordonner et orienter la strat\u00e9gie nationale en mati\u00e8re d\u2019\u00e9quipements agricoles. Cette r\u00e9union avait rassembl\u00e9 le Directeur de Cabinet de la Pr\u00e9sidence, le Premier ministre, le ministre de l\u2019Agriculture, du D\u00e9veloppement rural et de la P\u00eache, le ministre de l\u2019Industrie, le ministre du Commerce ext\u00e9rieur et de la Promotion des exportations, ainsi que des responsables d\u2019entreprises et d\u2019institutions alg\u00e9riennes de fabrication et de production de mat\u00e9riel agricole. L\u2019objectif \u00e9tait de mobiliser toutes les parties prenantes pour augmenter les superficies cultiv\u00e9es, am\u00e9liorer la productivit\u00e9 par hectare et renforcer la souverainet\u00e9 alimentaire du pays.<\/p>\n\n\n\n<p>Ces d\u00e9cisions s\u2019inscrivent \u00e9galement dans le prolongement de la feuille de route fix\u00e9e lors du Conseil des ministres du 11 janvier 2026, consacr\u00e9e \u00e0 l\u2019organisation du secteur agricole et \u00e0 l\u2019augmentation des capacit\u00e9s de production c\u00e9r\u00e9ali\u00e8re. Le pr\u00e9sident Tebboune avait alors soulign\u00e9 la n\u00e9cessit\u00e9 d\u2019adopter des m\u00e9thodes scientifiques \u00e0 chaque \u00e9tape de la culture et de mobiliser pleinement experts et ing\u00e9nieurs agronomes pour atteindre les objectifs fix\u00e9s.<\/p>\n\n\n\n<p>Amar Malki<\/p>\n","protected":false},"excerpt":{"rendered":"<p>Le Premier ministre, Sifi Ghrieb, a proc\u00e9d\u00e9 dimanche \u00e0 l\u2019installation du Conseil national de la m\u00e9canisation agricole, conform\u00e9ment aux instructions<\/p>\n","protected":false},"author":6,"featured_media":80104,"comment_status":"open","ping_status":"closed","sticky":false,"template":"","format":"standard","meta":{"colormag_page_container_layout":"default_layout","colormag_page_sidebar_layout":"default_layout","om_disable_all_campaigns":false,"_monsterinsights_skip_tracking":false,"_monsterinsights_sitenote_active":false,"_monsterinsights_sitenote_note":"","_monsterinsights_sitenote_category":0,"footnotes":"","_wpscppro_dont_share_socialmedia":false,"_wpscppro_custom_social_share_image":0,"_facebook_share_type":"default","_twitter_share_type":"default","_linkedin_share_type":"default","_pinterest_share_type":"default","_linkedin_share_type_page":"","_instagram_share_type":"default","_medium_share_type":"default","_threads_share_type":"default","_google_business_share_type":"default","_selected_social_profile":[],"_wpsp_enable_custom_social_template":false,"_wpsp_social_scheduling":{"enabled":false,"datetime":null,"platforms":[],"status":"template_only","dateOption":"today","timeOption":"now","customDays":"","customHours":"","customDate":"","customTime":"","schedulingType":"absolute"},"_wpsp_active_default_template":true},"categories":[27],"tags":[],"class_list":["post-80103","post","type-post","status-publish","format-standard","has-post-thumbnail","hentry","category-actualite"],"aioseo_notices":[],"yoast_head":"<!-- This site is optimized with the Yoast SEO plugin v27.5 - https:\/\/yoast.com\/product\/yoast-seo-wordpress\/ -->\n<title>Modernisation agricole\u00a0: Le Conseil national de la m\u00e9canisation agricole install\u00e9 - La Sentinelle<\/title>\n<meta name=\"robots\" content=\"index, follow, max-snippet:-1, max-image-preview:large, max-video-preview:-1\" \/>\n<link rel=\"canonical\" href=\"https:\/\/lasentinelle.dz\/index.php\/2026\/01\/26\/modernisation-agricole-le-conseil-national-de-la-mecanisation-agricole-installe\/\" \/>\n<meta property=\"og:locale\" content=\"fr_FR\" \/>\n<meta property=\"og:type\" content=\"article\" \/>\n<meta property=\"og:title\" content=\"Modernisation agricole\u00a0: Le Conseil national de la m\u00e9canisation agricole install\u00e9 - La Sentinelle\" \/>\n<meta property=\"og:description\" content=\"Le Premier ministre, Sifi Ghrieb, a proc\u00e9d\u00e9 dimanche \u00e0 l\u2019installation du Conseil national de la m\u00e9canisation agricole, conform\u00e9ment aux instructions\" \/>\n<meta property=\"og:url\" content=\"https:\/\/lasentinelle.dz\/index.php\/2026\/01\/26\/modernisation-agricole-le-conseil-national-de-la-mecanisation-agricole-installe\/\" \/>\n<meta property=\"og:site_name\" content=\"La Sentinelle\" \/>\n<meta property=\"article:publisher\" content=\"https:\/\/www.facebook.com\/La-Sentinelle-104059864394773\" \/>\n<meta property=\"article:published_time\" content=\"2026-01-26T12:43:35+00:00\" \/>\n<meta property=\"og:image\" content=\"https:\/\/lasentinelle.dz\/wp-content\/uploads\/2026\/01\/spm-post-1769339999.jpeg\" \/>\n\t<meta property=\"og:image:width\" content=\"740\" \/>\n\t<meta property=\"og:image:height\" content=\"360\" \/>\n\t<meta property=\"og:image:type\" content=\"image\/jpeg\" \/>\n<meta name=\"author\" content=\"admin\" \/>\n<meta name=\"twitter:card\" content=\"summary_large_image\" \/>\n<meta name=\"twitter:label1\" content=\"\u00c9crit par\" \/>\n\t<meta name=\"twitter:data1\" content=\"admin\" \/>\n\t<meta name=\"twitter:label2\" content=\"Dur\u00e9e de lecture estim\u00e9e\" \/>\n\t<meta name=\"twitter:data2\" content=\"4 minutes\" \/>\n<script type=\"application\/ld+json\" class=\"yoast-schema-graph\">{\"@context\":\"https:\\\/\\\/schema.org\",\"@graph\":[{\"@type\":\"Article\",\"@id\":\"https:\\\/\\\/lasentinelle.dz\\\/index.php\\\/2026\\\/01\\\/26\\\/modernisation-agricole-le-conseil-national-de-la-mecanisation-agricole-installe\\\/#article\",\"isPartOf\":{\"@id\":\"https:\\\/\\\/lasentinelle.dz\\\/index.php\\\/2026\\\/01\\\/26\\\/modernisation-agricole-le-conseil-national-de-la-mecanisation-agricole-installe\\\/\"},\"author\":{\"name\":\"admin\",\"@id\":\"https:\\\/\\\/lasentinelle.dz\\\/#\\\/schema\\\/person\\\/729ee0024f24e0b8c5ec17232f8e8b41\"},\"headline\":\"Modernisation agricole\u00a0: Le Conseil national de la m\u00e9canisation agricole install\u00e9\",\"datePublished\":\"2026-01-26T12:43:35+00:00\",\"mainEntityOfPage\":{\"@id\":\"https:\\\/\\\/lasentinelle.dz\\\/index.php\\\/2026\\\/01\\\/26\\\/modernisation-agricole-le-conseil-national-de-la-mecanisation-agricole-installe\\\/\"},\"wordCount\":695,\"commentCount\":0,\"publisher\":{\"@id\":\"https:\\\/\\\/lasentinelle.dz\\\/#organization\"},\"image\":{\"@id\":\"https:\\\/\\\/lasentinelle.dz\\\/index.php\\\/2026\\\/01\\\/26\\\/modernisation-agricole-le-conseil-national-de-la-mecanisation-agricole-installe\\\/#primaryimage\"},\"thumbnailUrl\":\"https:\\\/\\\/lasentinelle.dz\\\/wp-content\\\/uploads\\\/2026\\\/01\\\/spm-post-1769339999.jpeg\",\"articleSection\":[\"Actualit\u00e9\"],\"inLanguage\":\"fr-FR\",\"potentialAction\":[{\"@type\":\"CommentAction\",\"name\":\"Comment\",\"target\":[\"https:\\\/\\\/lasentinelle.dz\\\/index.php\\\/2026\\\/01\\\/26\\\/modernisation-agricole-le-conseil-national-de-la-mecanisation-agricole-installe\\\/#respond\"]}]},{\"@type\":\"WebPage\",\"@id\":\"https:\\\/\\\/lasentinelle.dz\\\/index.php\\\/2026\\\/01\\\/26\\\/modernisation-agricole-le-conseil-national-de-la-mecanisation-agricole-installe\\\/\",\"url\":\"https:\\\/\\\/lasentinelle.dz\\\/index.php\\\/2026\\\/01\\\/26\\\/modernisation-agricole-le-conseil-national-de-la-mecanisation-agricole-installe\\\/\",\"name\":\"Modernisation agricole\u00a0: Le Conseil national de la m\u00e9canisation agricole install\u00e9 - La Sentinelle\",\"isPartOf\":{\"@id\":\"https:\\\/\\\/lasentinelle.dz\\\/#website\"},\"primaryImageOfPage\":{\"@id\":\"https:\\\/\\\/lasentinelle.dz\\\/index.php\\\/2026\\\/01\\\/26\\\/modernisation-agricole-le-conseil-national-de-la-mecanisation-agricole-installe\\\/#primaryimage\"},\"image\":{\"@id\":\"https:\\\/\\\/lasentinelle.dz\\\/index.php\\\/2026\\\/01\\\/26\\\/modernisation-agricole-le-conseil-national-de-la-mecanisation-agricole-installe\\\/#primaryimage\"},\"thumbnailUrl\":\"https:\\\/\\\/lasentinelle.dz\\\/wp-content\\\/uploads\\\/2026\\\/01\\\/spm-post-1769339999.jpeg\",\"datePublished\":\"2026-01-26T12:43:35+00:00\",\"breadcrumb\":{\"@id\":\"https:\\\/\\\/lasentinelle.dz\\\/index.php\\\/2026\\\/01\\\/26\\\/modernisation-agricole-le-conseil-national-de-la-mecanisation-agricole-installe\\\/#breadcrumb\"},\"inLanguage\":\"fr-FR\",\"potentialAction\":[{\"@type\":\"ReadAction\",\"target\":[\"https:\\\/\\\/lasentinelle.dz\\\/index.php\\\/2026\\\/01\\\/26\\\/modernisation-agricole-le-conseil-national-de-la-mecanisation-agricole-installe\\\/\"]}]},{\"@type\":\"ImageObject\",\"inLanguage\":\"fr-FR\",\"@id\":\"https:\\\/\\\/lasentinelle.dz\\\/index.php\\\/2026\\\/01\\\/26\\\/modernisation-agricole-le-conseil-national-de-la-mecanisation-agricole-installe\\\/#primaryimage\",\"url\":\"https:\\\/\\\/lasentinelle.dz\\\/wp-content\\\/uploads\\\/2026\\\/01\\\/spm-post-1769339999.jpeg\",\"contentUrl\":\"https:\\\/\\\/lasentinelle.dz\\\/wp-content\\\/uploads\\\/2026\\\/01\\\/spm-post-1769339999.jpeg\",\"width\":740,\"height\":360},{\"@type\":\"BreadcrumbList\",\"@id\":\"https:\\\/\\\/lasentinelle.dz\\\/index.php\\\/2026\\\/01\\\/26\\\/modernisation-agricole-le-conseil-national-de-la-mecanisation-agricole-installe\\\/#breadcrumb\",\"itemListElement\":[{\"@type\":\"ListItem\",\"position\":1,\"name\":\"Accueil\",\"item\":\"https:\\\/\\\/lasentinelle.dz\\\/\"},{\"@type\":\"ListItem\",\"position\":2,\"name\":\"Modernisation agricole\u00a0: Le Conseil national de la m\u00e9canisation agricole install\u00e9\"}]},{\"@type\":\"WebSite\",\"@id\":\"https:\\\/\\\/lasentinelle.dz\\\/#website\",\"url\":\"https:\\\/\\\/lasentinelle.dz\\\/\",\"name\":\"La Sentinelle\",\"description\":\"Quotidien national d&#039;information\",\"publisher\":{\"@id\":\"https:\\\/\\\/lasentinelle.dz\\\/#organization\"},\"potentialAction\":[{\"@type\":\"SearchAction\",\"target\":{\"@type\":\"EntryPoint\",\"urlTemplate\":\"https:\\\/\\\/lasentinelle.dz\\\/?s={search_term_string}\"},\"query-input\":{\"@type\":\"PropertyValueSpecification\",\"valueRequired\":true,\"valueName\":\"search_term_string\"}}],\"inLanguage\":\"fr-FR\"},{\"@type\":\"Organization\",\"@id\":\"https:\\\/\\\/lasentinelle.dz\\\/#organization\",\"name\":\"Quotidien La Sentinelle\",\"url\":\"https:\\\/\\\/lasentinelle.dz\\\/\",\"logo\":{\"@type\":\"ImageObject\",\"inLanguage\":\"fr-FR\",\"@id\":\"https:\\\/\\\/lasentinelle.dz\\\/#\\\/schema\\\/logo\\\/image\\\/\",\"url\":\"https:\\\/\\\/lasentinelle.dz\\\/wp-content\\\/uploads\\\/2021\\\/09\\\/logo-sentinelleSLOGAN-1.png\",\"contentUrl\":\"https:\\\/\\\/lasentinelle.dz\\\/wp-content\\\/uploads\\\/2021\\\/09\\\/logo-sentinelleSLOGAN-1.png\",\"width\":615,\"height\":142,\"caption\":\"Quotidien La Sentinelle\"},\"image\":{\"@id\":\"https:\\\/\\\/lasentinelle.dz\\\/#\\\/schema\\\/logo\\\/image\\\/\"},\"sameAs\":[\"https:\\\/\\\/www.facebook.com\\\/La-Sentinelle-104059864394773\"]},{\"@type\":\"Person\",\"@id\":\"https:\\\/\\\/lasentinelle.dz\\\/#\\\/schema\\\/person\\\/729ee0024f24e0b8c5ec17232f8e8b41\",\"name\":\"admin\",\"image\":{\"@type\":\"ImageObject\",\"inLanguage\":\"fr-FR\",\"@id\":\"https:\\\/\\\/secure.gravatar.com\\\/avatar\\\/4c81fed838786e9b53f540bf46533e750f5d292099ae3b66cfc6fb1982e29df7?s=96&d=mm&r=g\",\"url\":\"https:\\\/\\\/secure.gravatar.com\\\/avatar\\\/4c81fed838786e9b53f540bf46533e750f5d292099ae3b66cfc6fb1982e29df7?s=96&d=mm&r=g\",\"contentUrl\":\"https:\\\/\\\/secure.gravatar.com\\\/avatar\\\/4c81fed838786e9b53f540bf46533e750f5d292099ae3b66cfc6fb1982e29df7?s=96&d=mm&r=g\",\"caption\":\"admin\"},\"description\":\"admin\",\"url\":\"https:\\\/\\\/lasentinelle.dz\\\/author\\\/admin\\\/\"}]}<\/script>\n<!-- \/ Yoast SEO plugin. -->","yoast_head_json":{"title":"Modernisation agricole\u00a0: Le Conseil national de la m\u00e9canisation agricole install\u00e9 - La Sentinelle","robots":{"index":"index","follow":"follow","max-snippet":"max-snippet:-1","max-image-preview":"max-image-preview:large","max-video-preview":"max-video-preview:-1"},"canonical":"https:\/\/lasentinelle.dz\/index.php\/2026\/01\/26\/modernisation-agricole-le-conseil-national-de-la-mecanisation-agricole-installe\/","og_locale":"fr_FR","og_type":"article","og_title":"Modernisation agricole\u00a0: Le Conseil national de la m\u00e9canisation agricole install\u00e9 - La Sentinelle","og_description":"Le Premier ministre, Sifi Ghrieb, a proc\u00e9d\u00e9 dimanche \u00e0 l\u2019installation du Conseil national de la m\u00e9canisation agricole, conform\u00e9ment aux instructions","og_url":"https:\/\/lasentinelle.dz\/index.php\/2026\/01\/26\/modernisation-agricole-le-conseil-national-de-la-mecanisation-agricole-installe\/","og_site_name":"La Sentinelle","article_publisher":"https:\/\/www.facebook.com\/La-Sentinelle-104059864394773","article_published_time":"2026-01-26T12:43:35+00:00","og_image":[{"width":740,"height":360,"url":"https:\/\/lasentinelle.dz\/wp-content\/uploads\/2026\/01\/spm-post-1769339999.jpeg","type":"image\/jpeg"}],"author":"admin","twitter_card":"summary_large_image","twitter_misc":{"\u00c9crit par":"admin","Dur\u00e9e de lecture estim\u00e9e":"4 minutes"},"schema":{"@context":"https:\/\/schema.org","@graph":[{"@type":"Article","@id":"https:\/\/lasentinelle.dz\/index.php\/2026\/01\/26\/modernisation-agricole-le-conseil-national-de-la-mecanisation-agricole-installe\/#article","isPartOf":{"@id":"https:\/\/lasentinelle.dz\/index.php\/2026\/01\/26\/modernisation-agricole-le-conseil-national-de-la-mecanisation-agricole-installe\/"},"author":{"name":"admin","@id":"https:\/\/lasentinelle.dz\/#\/schema\/person\/729ee0024f24e0b8c5ec17232f8e8b41"},"headline":"Modernisation agricole\u00a0: Le Conseil national de la m\u00e9canisation agricole install\u00e9","datePublished":"2026-01-26T12:43:35+00:00","mainEntityOfPage":{"@id":"https:\/\/lasentinelle.dz\/index.php\/2026\/01\/26\/modernisation-agricole-le-conseil-national-de-la-mecanisation-agricole-installe\/"},"wordCount":695,"commentCount":0,"publisher":{"@id":"https:\/\/lasentinelle.dz\/#organization"},"image":{"@id":"https:\/\/lasentinelle.dz\/index.php\/2026\/01\/26\/modernisation-agricole-le-conseil-national-de-la-mecanisation-agricole-installe\/#primaryimage"},"thumbnailUrl":"https:\/\/lasentinelle.dz\/wp-content\/uploads\/2026\/01\/spm-post-1769339999.jpeg","articleSection":["Actualit\u00e9"],"inLanguage":"fr-FR","potentialAction":[{"@type":"CommentAction","name":"Comment","target":["https:\/\/lasentinelle.dz\/index.php\/2026\/01\/26\/modernisation-agricole-le-conseil-national-de-la-mecanisation-agricole-installe\/#respond"]}]},{"@type":"WebPage","@id":"https:\/\/lasentinelle.dz\/index.php\/2026\/01\/26\/modernisation-agricole-le-conseil-national-de-la-mecanisation-agricole-installe\/","url":"https:\/\/lasentinelle.dz\/index.php\/2026\/01\/26\/modernisation-agricole-le-conseil-national-de-la-mecanisation-agricole-installe\/","name":"Modernisation agricole\u00a0: Le Conseil national de la m\u00e9canisation agricole install\u00e9 - La Sentinelle","isPartOf":{"@id":"https:\/\/lasentinelle.dz\/#website"},"primaryImageOfPage":{"@id":"https:\/\/lasentinelle.dz\/index.php\/2026\/01\/26\/modernisation-agricole-le-conseil-national-de-la-mecanisation-agricole-installe\/#primaryimage"},"image":{"@id":"https:\/\/lasentinelle.dz\/index.php\/2026\/01\/26\/modernisation-agricole-le-conseil-national-de-la-mecanisation-agricole-installe\/#primaryimage"},"thumbnailUrl":"https:\/\/lasentinelle.dz\/wp-content\/uploads\/2026\/01\/spm-post-1769339999.jpeg","datePublished":"2026-01-26T12:43:35+00:00","breadcrumb":{"@id":"https:\/\/lasentinelle.dz\/index.php\/2026\/01\/26\/modernisation-agricole-le-conseil-national-de-la-mecanisation-agricole-installe\/#breadcrumb"},"inLanguage":"fr-FR","potentialAction":[{"@type":"ReadAction","target":["https:\/\/lasentinelle.dz\/index.php\/2026\/01\/26\/modernisation-agricole-le-conseil-national-de-la-mecanisation-agricole-installe\/"]}]},{"@type":"ImageObject","inLanguage":"fr-FR","@id":"https:\/\/lasentinelle.dz\/index.php\/2026\/01\/26\/modernisation-agricole-le-conseil-national-de-la-mecanisation-agricole-installe\/#primaryimage","url":"https:\/\/lasentinelle.dz\/wp-content\/uploads\/2026\/01\/spm-post-1769339999.jpeg","contentUrl":"https:\/\/lasentinelle.dz\/wp-content\/uploads\/2026\/01\/spm-post-1769339999.jpeg","width":740,"height":360},{"@type":"BreadcrumbList","@id":"https:\/\/lasentinelle.dz\/index.php\/2026\/01\/26\/modernisation-agricole-le-conseil-national-de-la-mecanisation-agricole-installe\/#breadcrumb","itemListElement":[{"@type":"ListItem","position":1,"name":"Accueil","item":"https:\/\/lasentinelle.dz\/"},{"@type":"ListItem","position":2,"name":"Modernisation agricole\u00a0: Le Conseil national de la m\u00e9canisation agricole install\u00e9"}]},{"@type":"WebSite","@id":"https:\/\/lasentinelle.dz\/#website","url":"https:\/\/lasentinelle.dz\/","name":"La Sentinelle","description":"Quotidien national d&#039;information","publisher":{"@id":"https:\/\/lasentinelle.dz\/#organization"},"potentialAction":[{"@type":"SearchAction","target":{"@type":"EntryPoint","urlTemplate":"https:\/\/lasentinelle.dz\/?s={search_term_string}"},"query-input":{"@type":"PropertyValueSpecification","valueRequired":true,"valueName":"search_term_string"}}],"inLanguage":"fr-FR"},{"@type":"Organization","@id":"https:\/\/lasentinelle.dz\/#organization","name":"Quotidien La Sentinelle","url":"https:\/\/lasentinelle.dz\/","logo":{"@type":"ImageObject","inLanguage":"fr-FR","@id":"https:\/\/lasentinelle.dz\/#\/schema\/logo\/image\/","url":"https:\/\/lasentinelle.dz\/wp-content\/uploads\/2021\/09\/logo-sentinelleSLOGAN-1.png","contentUrl":"https:\/\/lasentinelle.dz\/wp-content\/uploads\/2021\/09\/logo-sentinelleSLOGAN-1.png","width":615,"height":142,"caption":"Quotidien La Sentinelle"},"image":{"@id":"https:\/\/lasentinelle.dz\/#\/schema\/logo\/image\/"},"sameAs":["https:\/\/www.facebook.com\/La-Sentinelle-104059864394773"]},{"@type":"Person","@id":"https:\/\/lasentinelle.dz\/#\/schema\/person\/729ee0024f24e0b8c5ec17232f8e8b41","name":"admin","image":{"@type":"ImageObject","inLanguage":"fr-FR","@id":"https:\/\/secure.gravatar.com\/avatar\/4c81fed838786e9b53f540bf46533e750f5d292099ae3b66cfc6fb1982e29df7?s=96&d=mm&r=g","url":"https:\/\/secure.gravatar.com\/avatar\/4c81fed838786e9b53f540bf46533e750f5d292099ae3b66cfc6fb1982e29df7?s=96&d=mm&r=g","contentUrl":"https:\/\/secure.gravatar.com\/avatar\/4c81fed838786e9b53f540bf46533e750f5d292099ae3b66cfc6fb1982e29df7?s=96&d=mm&r=g","caption":"admin"},"description":"admin","url":"https:\/\/lasentinelle.dz\/author\/admin\/"}]}},"_links":{"self":[{"href":"https:\/\/lasentinelle.dz\/index.php\/wp-json\/wp\/v2\/posts\/80103","targetHints":{"allow":["GET"]}}],"collection":[{"href":"https:\/\/lasentinelle.dz\/index.php\/wp-json\/wp\/v2\/posts"}],"about":[{"href":"https:\/\/lasentinelle.dz\/index.php\/wp-json\/wp\/v2\/types\/post"}],"author":[{"embeddable":true,"href":"https:\/\/lasentinelle.dz\/index.php\/wp-json\/wp\/v2\/users\/6"}],"replies":[{"embeddable":true,"href":"https:\/\/lasentinelle.dz\/index.php\/wp-json\/wp\/v2\/comments?post=80103"}],"version-history":[{"count":1,"href":"https:\/\/lasentinelle.dz\/index.php\/wp-json\/wp\/v2\/posts\/80103\/revisions"}],"predecessor-version":[{"id":80105,"href":"https:\/\/lasentinelle.dz\/index.php\/wp-json\/wp\/v2\/posts\/80103\/revisions\/80105"}],"wp:featuredmedia":[{"embeddable":true,"href":"https:\/\/lasentinelle.dz\/index.php\/wp-json\/wp\/v2\/media\/80104"}],"wp:attachment":[{"href":"https:\/\/lasentinelle.dz\/index.php\/wp-json\/wp\/v2\/media?parent=80103"}],"wp:term":[{"taxonomy":"category","embeddable":true,"href":"https:\/\/lasentinelle.dz\/index.php\/wp-json\/wp\/v2\/categories?post=80103"},{"taxonomy":"post_tag","embeddable":true,"href":"https:\/\/lasentinelle.dz\/index.php\/wp-json\/wp\/v2\/tags?post=80103"}],"curies":[{"name":"wp","href":"https:\/\/api.w.org\/{rel}","templated":true}]}}