{"id":80106,"date":"2026-01-26T13:44:24","date_gmt":"2026-01-26T12:44:24","guid":{"rendered":"https:\/\/lasentinelle.dz\/?p=80106"},"modified":"2026-01-26T13:44:26","modified_gmt":"2026-01-26T12:44:26","slug":"exploitation-miniere-et-infrastructures-strategiques-tebboune-hausse-le-ton","status":"publish","type":"post","link":"https:\/\/lasentinelle.dz\/index.php\/2026\/01\/26\/exploitation-miniere-et-infrastructures-strategiques-tebboune-hausse-le-ton\/","title":{"rendered":"Exploitation mini\u00e8re et infrastructures strat\u00e9giques\u00a0: Tebboune hausse le ton\u00a0!"},"content":{"rendered":"\n<p><strong>Le pr\u00e9sident de la R\u00e9publique a insist\u00e9 dimanche sur l\u2019acc\u00e9l\u00e9ration de la r\u00e9alisation des projets miniers, notamment de la mine de zinc d\u2019Oued Amizour, ainsi que des infrastructures strat\u00e9giques.&nbsp;<\/strong><\/p>\n\n\n\n<p>Lors d&rsquo;un conseil des ministres tenu dimanche, le pr\u00e9sident de la R\u00e9publique Abdelmadjid Tebboune, commandant supr\u00eame des forces arm\u00e9es et ministre de la D\u00e9fense nationale, a adress\u00e9 des directives fermes au gouvernement pour acc\u00e9l\u00e9rer l&rsquo;ex\u00e9cution de grands projets structurants. Tebboune a rappel\u00e9 avec insistance que les promesses doivent devenir des r\u00e9alit\u00e9s.<\/p>\n\n\n\n<p>Le chef de l&rsquo;\u00c9tat, apr\u00e8s examen du rapport d&rsquo;activit\u00e9 du gouvernement sur les deux derni\u00e8res semaines, a formul\u00e9 des ordres clairs \u00e0 ses ministres : arr\u00eater de tergiverser et passer \u00e0 l&rsquo;action. Dans ce contexte, plusieurs chantiers majeurs ont \u00e9t\u00e9 pass\u00e9s en revue, r\u00e9v\u00e9lant un Tebboune exigeant. Il a dans ce sens ordonn\u00e9 au Premier ministre d\u2019assurer un suivi de pr\u00e8s de l\u2019application sur le terrain des d\u00e9cisions du Conseil des ministres.<\/p>\n\n\n\n<p>Le chef de l&rsquo;\u00c9tat a \u00e9galement approuv\u00e9 un soutien suppl\u00e9mentaire de dix millions de centimes aux frais de p\u00e8lerinage des Alg\u00e9riens cette ann\u00e9e, ramenant la charge totale \u00e0 82 millions de centimes au lieu de 92 millions. Mais c&rsquo;est surtout sur les grands chantiers miniers et logistiques que Tebboune a s\u2019est montr\u00e9 exigeant.<\/p>\n\n\n\n<p><strong>Lancement de la mine de zinc en mars 2026<\/strong><\/p>\n\n\n\n<p>Le lancement imm\u00e9diat de la mine de zinc et de plomb d&rsquo;Amizour, dans la wilaya de B\u00e9ja\u00efa, figure parmi les priorit\u00e9s pr\u00e9sidentielles. Le chef de l&rsquo;\u00c9tat a exig\u00e9 que \u00ab ce projet \u00e9conomique prometteur \u00bb d\u00e9marre effectivement \u00ab en mars 2026 \u00bb, compte tenu des d\u00e9bouch\u00e9s commerciaux et de l&#8217;emploi qu&rsquo;il g\u00e9n\u00e9rera. Ce gisement extraordinaire repr\u00e9sente l&rsquo;une des plus grandes r\u00e9serves de zinc et de plomb au niveau mondial. C&rsquo;est l&rsquo;une des cinq plus grandes mines au monde. Les r\u00e9serves sont estim\u00e9es \u00e0 pr\u00e8s de 34 millions de tonnes de minerai, avec une capacit\u00e9 de production pr\u00e9visionnelle de deux millions de tonnes par an . Le projet vise \u00ab une extraction annuelle de 170 000 tonnes de zinc et de 30 000 tonnes de plomb, avec un potentiel de mont\u00e9e en puissance \u00e0 250 000 tonnes de zinc par an . Pour un investissement global de 471 millions de dollars s&rsquo;\u00e9tendant sur 234 hectares, ce projet est qualifi\u00e9 de strat\u00e9gique pour l&rsquo;\u00e9conomie nationale.<\/p>\n\n\n\n<p>Tebboune a ordonn\u00e9 une dynamique acc\u00e9l\u00e9r\u00e9e. Le calendrier s&rsquo;inscrit dans une dynamique d&rsquo;acc\u00e9l\u00e9ration, impuls\u00e9e par le pr\u00e9sident de la R\u00e9publique \u00bb qui ordonn\u00e9 d&rsquo; \u00ab adopter le syst\u00e8me de travail en \u00e9quipe 24\/24 \u00bb pour faire avancer les travaux.&nbsp;<\/p>\n\n\n\n<p>Intimement li\u00e9 \u00e0 la strat\u00e9gie de diversification mini\u00e8re et notamment le Projet phosphate int\u00e9gr\u00e9, le projet de chemin de fer minier traverse une phase critique. Le projet \u00ab ait l&rsquo;objet de travaux de d\u00e9doublement, de correction et de modernisation entre Annaba et la mine de Bled El Hadba, au sud de T\u00e9bessa, sur 422 km, en traversant cinq wilayas \u00bb. Ce corridor ferroviaire incarne la vision nationale d&rsquo;un r\u00e9seau d&rsquo;infrastructure capable de fluidifier les cha\u00eenes d&rsquo;approvisionnement.<\/p>\n\n\n\n<p>Le pr\u00e9sident a exig\u00e9 du ministre des Travaux publics des rapports mensuels de suivi, avec un ach\u00e8vement fix\u00e9 \u00e0 la fin 2026 et une mise en exploitation \u00ab au premier trimestre 2027 \u00bb au maximum. Cette deadline est ambitieuse et r\u00e9v\u00e8le une d\u00e9termination \u00e0 transformer l&rsquo;Alg\u00e9rie en puissance mini\u00e8re exportatrice rapidement. Tebboune a ordonn\u00e9 au gouvernement \u00ab une mobilisation quotidienne du projet et de r\u00e9soudre toutes les difficult\u00e9s devant lui \u00bb, pr\u00e9cisant que \u00ab les travaux passeront \u00e0 la vitesse maximale avec travail sans arr\u00eat \u00bb.<\/p>\n\n\n\n<p>L&rsquo;extension du port phosphatier d&rsquo;Annaba qui s\u2019inscrit dans la m\u00eame veine progresse sous le regard vigilant de la pr\u00e9sidence. Ce projet strat\u00e9gique comprend la r\u00e9alisation d&rsquo;une plate-forme de base, l&rsquo;allongement de 1.400m de la digue principale, la construction d&rsquo;un quai min\u00e9ralier de 1.600m de long pour un tirant d&rsquo;eau de 16 m, ainsi que l&rsquo;am\u00e9nagement de terrains, \u00e0 l&rsquo;arri\u00e8re du quai, sur une superficie de 82 hectares.<\/p>\n\n\n\n<p>Tebboune a ordonn\u00e9 \u00ab la coordination entre les secteurs des Travaux publics, de l&rsquo;Int\u00e9rieur et du Transport \u00bb pour \u00ab doubler la cadence et compl\u00e9ter le projet avec la fin de l&rsquo;ann\u00e9e 2026 \u00bb. Le port doit permettre l&rsquo;accostage de gros navires charg\u00e9s de cargaisons importantes et am\u00e9liorer le flux des exportations vers les march\u00e9s mondiaux. Le projet s&rsquo;inscrit dans \u00ab le soutien de la cha\u00eene nationale du phosphate, au c\u0153ur de la strat\u00e9gie gouvernementale.<\/p>\n\n\n\n<p><strong>Agriculture et p\u00eache&nbsp;<\/strong><\/p>\n\n\n\n<p>Au-del\u00e0 de la transformation mini\u00e8re, le pr\u00e9sident a r\u00e9affirm\u00e9 son engagement envers le secteur de la p\u00eache maritime. Il a soulign\u00e9 que \u00ab le d\u00e9veloppement du secteur de la p\u00eache maritime et de l&rsquo;aquaculture est une demande nationale et une priorit\u00e9 \u00bb en raison de \u00ab l&rsquo;importance en mati\u00e8re de renforcement des piliers de la s\u00e9curit\u00e9 alimentaire \u00bb. Tebboune a ordonn\u00e9 d&rsquo; \u00ab augmenter les efforts pour augmenter la production \u00bb halieutique, pr\u00e9cisant que \u00ab l&rsquo;Alg\u00e9rie n&rsquo;exploitait pas ses quotas complets \u00bb. Le pr\u00e9sident a annonc\u00e9 \u00ab la poursuite de l&rsquo;engagement de l&rsquo;\u00c9tat avec les p\u00eacheurs et leur encouragement par l&rsquo;accompagnement et la jouissance des facilit\u00e9s et des incitations pour augmenter les quotas de p\u00eache alg\u00e9rienne \u00bb. Il a ordonn\u00e9 \u00ab l&rsquo;implication de la f\u00e9d\u00e9ration des p\u00eacheurs par consultation et coordination avec eux dans chaque d\u00e9cision concernant le secteur \u00bb. Dans le domaine agricole, Tebboune a instruit le ministre de l&rsquo;Agriculture \u00ab d&rsquo;adopter la m\u00e9canisation moderne pour augmenter la production d&rsquo;arbres fruitiers \u00bb, en particulier \u00ab les arbres \u00e0 haut rendement \u00e9conomique, comme les arganiers \u00bb.<\/p>\n\n\n\n<p><strong>L\u2019EN f\u00e9licit\u00e9e<\/strong><\/p>\n\n\n\n<p>Symboliquement, le pr\u00e9sident de la R\u00e9publique a tenu \u00e0 f\u00e9liciter chaleureusement l&rsquo;\u00e9quipe nationale de football pour sa participation \u00e0 la derni\u00e8re Coupe d&rsquo;Afrique des nations. Il a charg\u00e9 le ministre des Sports de \u00ab transmettre ses chaleureuses f\u00e9licitations \u00e0 l&rsquo;\u00e9quipe nationale et son staff technique et scientifique \u00bb, en particulier \u00ab \u00e0 l&rsquo;entra\u00eeneur Vladimir Petkovi\u0107 \u00bb, en lui souhaitant \u00ab une carri\u00e8re r\u00e9ussie \u00e0 la prochaine Coupe du monde \u00bb. Le chef de l&rsquo;\u00c9tat a aussi \u00ab salu\u00e9 les foules alg\u00e9riennes, en particulier les supporters de notre communaut\u00e9 \u00e0 l&rsquo;\u00e9tranger qui se sont d\u00e9plac\u00e9s massivement de diff\u00e9rents pays du monde \u00bb pour soutenir la s\u00e9lection lors de la Coupe d&rsquo;Afrique.<\/p>\n\n\n\n<p>Le Conseil des ministres a \u00e9galement approuv\u00e9 des nominations et des fins de mandat dans des postes minist\u00e9riels de haut niveau.<\/p>\n\n\n\n<p>Samir Benisid<\/p>\n","protected":false},"excerpt":{"rendered":"<p>Le pr\u00e9sident de la R\u00e9publique a insist\u00e9 dimanche sur l\u2019acc\u00e9l\u00e9ration de la r\u00e9alisation des projets miniers, notamment de la mine<\/p>\n","protected":false},"author":6,"featured_media":80107,"comment_status":"open","ping_status":"closed","sticky":false,"template":"","format":"standard","meta":{"colormag_page_container_layout":"default_layout","colormag_page_sidebar_layout":"default_layout","om_disable_all_campaigns":false,"_monsterinsights_skip_tracking":false,"_monsterinsights_sitenote_active":false,"_monsterinsights_sitenote_note":"","_monsterinsights_sitenote_category":0,"footnotes":"","_wpscppro_dont_share_socialmedia":false,"_wpscppro_custom_social_share_image":0,"_facebook_share_type":"default","_twitter_share_type":"default","_linkedin_share_type":"default","_pinterest_share_type":"default","_linkedin_share_type_page":"","_instagram_share_type":"default","_medium_share_type":"default","_threads_share_type":"default","_google_business_share_type":"default","_selected_social_profile":[],"_wpsp_enable_custom_social_template":false,"_wpsp_social_scheduling":{"enabled":false,"datetime":null,"platforms":[],"status":"template_only","dateOption":"today","timeOption":"now","customDays":"","customHours":"","customDate":"","customTime":"","schedulingType":"absolute"},"_wpsp_active_default_template":true},"categories":[52,27],"tags":[],"class_list":["post-80106","post","type-post","status-publish","format-standard","has-post-thumbnail","hentry","category-a-la-une","category-actualite"],"aioseo_notices":[],"yoast_head":"<!-- This site is optimized with the Yoast SEO plugin v27.5 - https:\/\/yoast.com\/product\/yoast-seo-wordpress\/ -->\n<title>Exploitation mini\u00e8re et infrastructures strat\u00e9giques\u00a0: Tebboune hausse le ton\u00a0! - La Sentinelle<\/title>\n<meta name=\"robots\" content=\"index, follow, max-snippet:-1, max-image-preview:large, max-video-preview:-1\" \/>\n<link rel=\"canonical\" href=\"https:\/\/lasentinelle.dz\/index.php\/2026\/01\/26\/exploitation-miniere-et-infrastructures-strategiques-tebboune-hausse-le-ton\/\" \/>\n<meta property=\"og:locale\" content=\"fr_FR\" \/>\n<meta property=\"og:type\" content=\"article\" \/>\n<meta property=\"og:title\" content=\"Exploitation mini\u00e8re et infrastructures strat\u00e9giques\u00a0: Tebboune hausse le ton\u00a0! - La Sentinelle\" \/>\n<meta property=\"og:description\" content=\"Le pr\u00e9sident de la R\u00e9publique a insist\u00e9 dimanche sur l\u2019acc\u00e9l\u00e9ration de la r\u00e9alisation des projets miniers, notamment de la mine\" \/>\n<meta property=\"og:url\" content=\"https:\/\/lasentinelle.dz\/index.php\/2026\/01\/26\/exploitation-miniere-et-infrastructures-strategiques-tebboune-hausse-le-ton\/\" \/>\n<meta property=\"og:site_name\" content=\"La Sentinelle\" \/>\n<meta property=\"article:publisher\" content=\"https:\/\/www.facebook.com\/La-Sentinelle-104059864394773\" \/>\n<meta property=\"article:published_time\" content=\"2026-01-26T12:44:24+00:00\" \/>\n<meta property=\"article:modified_time\" content=\"2026-01-26T12:44:26+00:00\" \/>\n<meta property=\"og:image\" content=\"https:\/\/lasentinelle.dz\/wp-content\/uploads\/2026\/01\/Tebboune-1.jpg\" \/>\n\t<meta property=\"og:image:width\" content=\"2048\" \/>\n\t<meta property=\"og:image:height\" content=\"1366\" \/>\n\t<meta property=\"og:image:type\" content=\"image\/jpeg\" \/>\n<meta name=\"author\" content=\"admin\" \/>\n<meta name=\"twitter:card\" content=\"summary_large_image\" \/>\n<meta name=\"twitter:label1\" content=\"\u00c9crit par\" \/>\n\t<meta name=\"twitter:data1\" content=\"admin\" \/>\n\t<meta name=\"twitter:label2\" content=\"Dur\u00e9e de lecture estim\u00e9e\" \/>\n\t<meta name=\"twitter:data2\" content=\"6 minutes\" \/>\n<script type=\"application\/ld+json\" class=\"yoast-schema-graph\">{\"@context\":\"https:\\\/\\\/schema.org\",\"@graph\":[{\"@type\":\"Article\",\"@id\":\"https:\\\/\\\/lasentinelle.dz\\\/index.php\\\/2026\\\/01\\\/26\\\/exploitation-miniere-et-infrastructures-strategiques-tebboune-hausse-le-ton\\\/#article\",\"isPartOf\":{\"@id\":\"https:\\\/\\\/lasentinelle.dz\\\/index.php\\\/2026\\\/01\\\/26\\\/exploitation-miniere-et-infrastructures-strategiques-tebboune-hausse-le-ton\\\/\"},\"author\":{\"name\":\"admin\",\"@id\":\"https:\\\/\\\/lasentinelle.dz\\\/#\\\/schema\\\/person\\\/729ee0024f24e0b8c5ec17232f8e8b41\"},\"headline\":\"Exploitation mini\u00e8re et infrastructures strat\u00e9giques\u00a0: Tebboune hausse le ton\u00a0!\",\"datePublished\":\"2026-01-26T12:44:24+00:00\",\"dateModified\":\"2026-01-26T12:44:26+00:00\",\"mainEntityOfPage\":{\"@id\":\"https:\\\/\\\/lasentinelle.dz\\\/index.php\\\/2026\\\/01\\\/26\\\/exploitation-miniere-et-infrastructures-strategiques-tebboune-hausse-le-ton\\\/\"},\"wordCount\":1149,\"commentCount\":0,\"publisher\":{\"@id\":\"https:\\\/\\\/lasentinelle.dz\\\/#organization\"},\"image\":{\"@id\":\"https:\\\/\\\/lasentinelle.dz\\\/index.php\\\/2026\\\/01\\\/26\\\/exploitation-miniere-et-infrastructures-strategiques-tebboune-hausse-le-ton\\\/#primaryimage\"},\"thumbnailUrl\":\"https:\\\/\\\/lasentinelle.dz\\\/wp-content\\\/uploads\\\/2026\\\/01\\\/Tebboune-1.jpg\",\"articleSection\":[\"\u00c0 la Une\",\"Actualit\u00e9\"],\"inLanguage\":\"fr-FR\",\"potentialAction\":[{\"@type\":\"CommentAction\",\"name\":\"Comment\",\"target\":[\"https:\\\/\\\/lasentinelle.dz\\\/index.php\\\/2026\\\/01\\\/26\\\/exploitation-miniere-et-infrastructures-strategiques-tebboune-hausse-le-ton\\\/#respond\"]}]},{\"@type\":\"WebPage\",\"@id\":\"https:\\\/\\\/lasentinelle.dz\\\/index.php\\\/2026\\\/01\\\/26\\\/exploitation-miniere-et-infrastructures-strategiques-tebboune-hausse-le-ton\\\/\",\"url\":\"https:\\\/\\\/lasentinelle.dz\\\/index.php\\\/2026\\\/01\\\/26\\\/exploitation-miniere-et-infrastructures-strategiques-tebboune-hausse-le-ton\\\/\",\"name\":\"Exploitation mini\u00e8re et infrastructures strat\u00e9giques\u00a0: Tebboune hausse le ton\u00a0! - La Sentinelle\",\"isPartOf\":{\"@id\":\"https:\\\/\\\/lasentinelle.dz\\\/#website\"},\"primaryImageOfPage\":{\"@id\":\"https:\\\/\\\/lasentinelle.dz\\\/index.php\\\/2026\\\/01\\\/26\\\/exploitation-miniere-et-infrastructures-strategiques-tebboune-hausse-le-ton\\\/#primaryimage\"},\"image\":{\"@id\":\"https:\\\/\\\/lasentinelle.dz\\\/index.php\\\/2026\\\/01\\\/26\\\/exploitation-miniere-et-infrastructures-strategiques-tebboune-hausse-le-ton\\\/#primaryimage\"},\"thumbnailUrl\":\"https:\\\/\\\/lasentinelle.dz\\\/wp-content\\\/uploads\\\/2026\\\/01\\\/Tebboune-1.jpg\",\"datePublished\":\"2026-01-26T12:44:24+00:00\",\"dateModified\":\"2026-01-26T12:44:26+00:00\",\"breadcrumb\":{\"@id\":\"https:\\\/\\\/lasentinelle.dz\\\/index.php\\\/2026\\\/01\\\/26\\\/exploitation-miniere-et-infrastructures-strategiques-tebboune-hausse-le-ton\\\/#breadcrumb\"},\"inLanguage\":\"fr-FR\",\"potentialAction\":[{\"@type\":\"ReadAction\",\"target\":[\"https:\\\/\\\/lasentinelle.dz\\\/index.php\\\/2026\\\/01\\\/26\\\/exploitation-miniere-et-infrastructures-strategiques-tebboune-hausse-le-ton\\\/\"]}]},{\"@type\":\"ImageObject\",\"inLanguage\":\"fr-FR\",\"@id\":\"https:\\\/\\\/lasentinelle.dz\\\/index.php\\\/2026\\\/01\\\/26\\\/exploitation-miniere-et-infrastructures-strategiques-tebboune-hausse-le-ton\\\/#primaryimage\",\"url\":\"https:\\\/\\\/lasentinelle.dz\\\/wp-content\\\/uploads\\\/2026\\\/01\\\/Tebboune-1.jpg\",\"contentUrl\":\"https:\\\/\\\/lasentinelle.dz\\\/wp-content\\\/uploads\\\/2026\\\/01\\\/Tebboune-1.jpg\",\"width\":2048,\"height\":1366},{\"@type\":\"BreadcrumbList\",\"@id\":\"https:\\\/\\\/lasentinelle.dz\\\/index.php\\\/2026\\\/01\\\/26\\\/exploitation-miniere-et-infrastructures-strategiques-tebboune-hausse-le-ton\\\/#breadcrumb\",\"itemListElement\":[{\"@type\":\"ListItem\",\"position\":1,\"name\":\"Accueil\",\"item\":\"https:\\\/\\\/lasentinelle.dz\\\/\"},{\"@type\":\"ListItem\",\"position\":2,\"name\":\"Exploitation mini\u00e8re et infrastructures strat\u00e9giques\u00a0: Tebboune hausse le ton\u00a0!\"}]},{\"@type\":\"WebSite\",\"@id\":\"https:\\\/\\\/lasentinelle.dz\\\/#website\",\"url\":\"https:\\\/\\\/lasentinelle.dz\\\/\",\"name\":\"La Sentinelle\",\"description\":\"Quotidien national d&#039;information\",\"publisher\":{\"@id\":\"https:\\\/\\\/lasentinelle.dz\\\/#organization\"},\"potentialAction\":[{\"@type\":\"SearchAction\",\"target\":{\"@type\":\"EntryPoint\",\"urlTemplate\":\"https:\\\/\\\/lasentinelle.dz\\\/?s={search_term_string}\"},\"query-input\":{\"@type\":\"PropertyValueSpecification\",\"valueRequired\":true,\"valueName\":\"search_term_string\"}}],\"inLanguage\":\"fr-FR\"},{\"@type\":\"Organization\",\"@id\":\"https:\\\/\\\/lasentinelle.dz\\\/#organization\",\"name\":\"Quotidien La Sentinelle\",\"url\":\"https:\\\/\\\/lasentinelle.dz\\\/\",\"logo\":{\"@type\":\"ImageObject\",\"inLanguage\":\"fr-FR\",\"@id\":\"https:\\\/\\\/lasentinelle.dz\\\/#\\\/schema\\\/logo\\\/image\\\/\",\"url\":\"https:\\\/\\\/lasentinelle.dz\\\/wp-content\\\/uploads\\\/2021\\\/09\\\/logo-sentinelleSLOGAN-1.png\",\"contentUrl\":\"https:\\\/\\\/lasentinelle.dz\\\/wp-content\\\/uploads\\\/2021\\\/09\\\/logo-sentinelleSLOGAN-1.png\",\"width\":615,\"height\":142,\"caption\":\"Quotidien La Sentinelle\"},\"image\":{\"@id\":\"https:\\\/\\\/lasentinelle.dz\\\/#\\\/schema\\\/logo\\\/image\\\/\"},\"sameAs\":[\"https:\\\/\\\/www.facebook.com\\\/La-Sentinelle-104059864394773\"]},{\"@type\":\"Person\",\"@id\":\"https:\\\/\\\/lasentinelle.dz\\\/#\\\/schema\\\/person\\\/729ee0024f24e0b8c5ec17232f8e8b41\",\"name\":\"admin\",\"image\":{\"@type\":\"ImageObject\",\"inLanguage\":\"fr-FR\",\"@id\":\"https:\\\/\\\/secure.gravatar.com\\\/avatar\\\/4c81fed838786e9b53f540bf46533e750f5d292099ae3b66cfc6fb1982e29df7?s=96&d=mm&r=g\",\"url\":\"https:\\\/\\\/secure.gravatar.com\\\/avatar\\\/4c81fed838786e9b53f540bf46533e750f5d292099ae3b66cfc6fb1982e29df7?s=96&d=mm&r=g\",\"contentUrl\":\"https:\\\/\\\/secure.gravatar.com\\\/avatar\\\/4c81fed838786e9b53f540bf46533e750f5d292099ae3b66cfc6fb1982e29df7?s=96&d=mm&r=g\",\"caption\":\"admin\"},\"description\":\"admin\",\"url\":\"https:\\\/\\\/lasentinelle.dz\\\/author\\\/admin\\\/\"}]}<\/script>\n<!-- \/ Yoast SEO plugin. -->","yoast_head_json":{"title":"Exploitation mini\u00e8re et infrastructures strat\u00e9giques\u00a0: Tebboune hausse le ton\u00a0! - La Sentinelle","robots":{"index":"index","follow":"follow","max-snippet":"max-snippet:-1","max-image-preview":"max-image-preview:large","max-video-preview":"max-video-preview:-1"},"canonical":"https:\/\/lasentinelle.dz\/index.php\/2026\/01\/26\/exploitation-miniere-et-infrastructures-strategiques-tebboune-hausse-le-ton\/","og_locale":"fr_FR","og_type":"article","og_title":"Exploitation mini\u00e8re et infrastructures strat\u00e9giques\u00a0: Tebboune hausse le ton\u00a0! - La Sentinelle","og_description":"Le pr\u00e9sident de la R\u00e9publique a insist\u00e9 dimanche sur l\u2019acc\u00e9l\u00e9ration de la r\u00e9alisation des projets miniers, notamment de la mine","og_url":"https:\/\/lasentinelle.dz\/index.php\/2026\/01\/26\/exploitation-miniere-et-infrastructures-strategiques-tebboune-hausse-le-ton\/","og_site_name":"La Sentinelle","article_publisher":"https:\/\/www.facebook.com\/La-Sentinelle-104059864394773","article_published_time":"2026-01-26T12:44:24+00:00","article_modified_time":"2026-01-26T12:44:26+00:00","og_image":[{"width":2048,"height":1366,"url":"https:\/\/lasentinelle.dz\/wp-content\/uploads\/2026\/01\/Tebboune-1.jpg","type":"image\/jpeg"}],"author":"admin","twitter_card":"summary_large_image","twitter_misc":{"\u00c9crit par":"admin","Dur\u00e9e de lecture estim\u00e9e":"6 minutes"},"schema":{"@context":"https:\/\/schema.org","@graph":[{"@type":"Article","@id":"https:\/\/lasentinelle.dz\/index.php\/2026\/01\/26\/exploitation-miniere-et-infrastructures-strategiques-tebboune-hausse-le-ton\/#article","isPartOf":{"@id":"https:\/\/lasentinelle.dz\/index.php\/2026\/01\/26\/exploitation-miniere-et-infrastructures-strategiques-tebboune-hausse-le-ton\/"},"author":{"name":"admin","@id":"https:\/\/lasentinelle.dz\/#\/schema\/person\/729ee0024f24e0b8c5ec17232f8e8b41"},"headline":"Exploitation mini\u00e8re et infrastructures strat\u00e9giques\u00a0: Tebboune hausse le ton\u00a0!","datePublished":"2026-01-26T12:44:24+00:00","dateModified":"2026-01-26T12:44:26+00:00","mainEntityOfPage":{"@id":"https:\/\/lasentinelle.dz\/index.php\/2026\/01\/26\/exploitation-miniere-et-infrastructures-strategiques-tebboune-hausse-le-ton\/"},"wordCount":1149,"commentCount":0,"publisher":{"@id":"https:\/\/lasentinelle.dz\/#organization"},"image":{"@id":"https:\/\/lasentinelle.dz\/index.php\/2026\/01\/26\/exploitation-miniere-et-infrastructures-strategiques-tebboune-hausse-le-ton\/#primaryimage"},"thumbnailUrl":"https:\/\/lasentinelle.dz\/wp-content\/uploads\/2026\/01\/Tebboune-1.jpg","articleSection":["\u00c0 la Une","Actualit\u00e9"],"inLanguage":"fr-FR","potentialAction":[{"@type":"CommentAction","name":"Comment","target":["https:\/\/lasentinelle.dz\/index.php\/2026\/01\/26\/exploitation-miniere-et-infrastructures-strategiques-tebboune-hausse-le-ton\/#respond"]}]},{"@type":"WebPage","@id":"https:\/\/lasentinelle.dz\/index.php\/2026\/01\/26\/exploitation-miniere-et-infrastructures-strategiques-tebboune-hausse-le-ton\/","url":"https:\/\/lasentinelle.dz\/index.php\/2026\/01\/26\/exploitation-miniere-et-infrastructures-strategiques-tebboune-hausse-le-ton\/","name":"Exploitation mini\u00e8re et infrastructures strat\u00e9giques\u00a0: Tebboune hausse le ton\u00a0! - La Sentinelle","isPartOf":{"@id":"https:\/\/lasentinelle.dz\/#website"},"primaryImageOfPage":{"@id":"https:\/\/lasentinelle.dz\/index.php\/2026\/01\/26\/exploitation-miniere-et-infrastructures-strategiques-tebboune-hausse-le-ton\/#primaryimage"},"image":{"@id":"https:\/\/lasentinelle.dz\/index.php\/2026\/01\/26\/exploitation-miniere-et-infrastructures-strategiques-tebboune-hausse-le-ton\/#primaryimage"},"thumbnailUrl":"https:\/\/lasentinelle.dz\/wp-content\/uploads\/2026\/01\/Tebboune-1.jpg","datePublished":"2026-01-26T12:44:24+00:00","dateModified":"2026-01-26T12:44:26+00:00","breadcrumb":{"@id":"https:\/\/lasentinelle.dz\/index.php\/2026\/01\/26\/exploitation-miniere-et-infrastructures-strategiques-tebboune-hausse-le-ton\/#breadcrumb"},"inLanguage":"fr-FR","potentialAction":[{"@type":"ReadAction","target":["https:\/\/lasentinelle.dz\/index.php\/2026\/01\/26\/exploitation-miniere-et-infrastructures-strategiques-tebboune-hausse-le-ton\/"]}]},{"@type":"ImageObject","inLanguage":"fr-FR","@id":"https:\/\/lasentinelle.dz\/index.php\/2026\/01\/26\/exploitation-miniere-et-infrastructures-strategiques-tebboune-hausse-le-ton\/#primaryimage","url":"https:\/\/lasentinelle.dz\/wp-content\/uploads\/2026\/01\/Tebboune-1.jpg","contentUrl":"https:\/\/lasentinelle.dz\/wp-content\/uploads\/2026\/01\/Tebboune-1.jpg","width":2048,"height":1366},{"@type":"BreadcrumbList","@id":"https:\/\/lasentinelle.dz\/index.php\/2026\/01\/26\/exploitation-miniere-et-infrastructures-strategiques-tebboune-hausse-le-ton\/#breadcrumb","itemListElement":[{"@type":"ListItem","position":1,"name":"Accueil","item":"https:\/\/lasentinelle.dz\/"},{"@type":"ListItem","position":2,"name":"Exploitation mini\u00e8re et infrastructures strat\u00e9giques\u00a0: Tebboune hausse le ton\u00a0!"}]},{"@type":"WebSite","@id":"https:\/\/lasentinelle.dz\/#website","url":"https:\/\/lasentinelle.dz\/","name":"La Sentinelle","description":"Quotidien national d&#039;information","publisher":{"@id":"https:\/\/lasentinelle.dz\/#organization"},"potentialAction":[{"@type":"SearchAction","target":{"@type":"EntryPoint","urlTemplate":"https:\/\/lasentinelle.dz\/?s={search_term_string}"},"query-input":{"@type":"PropertyValueSpecification","valueRequired":true,"valueName":"search_term_string"}}],"inLanguage":"fr-FR"},{"@type":"Organization","@id":"https:\/\/lasentinelle.dz\/#organization","name":"Quotidien La Sentinelle","url":"https:\/\/lasentinelle.dz\/","logo":{"@type":"ImageObject","inLanguage":"fr-FR","@id":"https:\/\/lasentinelle.dz\/#\/schema\/logo\/image\/","url":"https:\/\/lasentinelle.dz\/wp-content\/uploads\/2021\/09\/logo-sentinelleSLOGAN-1.png","contentUrl":"https:\/\/lasentinelle.dz\/wp-content\/uploads\/2021\/09\/logo-sentinelleSLOGAN-1.png","width":615,"height":142,"caption":"Quotidien La Sentinelle"},"image":{"@id":"https:\/\/lasentinelle.dz\/#\/schema\/logo\/image\/"},"sameAs":["https:\/\/www.facebook.com\/La-Sentinelle-104059864394773"]},{"@type":"Person","@id":"https:\/\/lasentinelle.dz\/#\/schema\/person\/729ee0024f24e0b8c5ec17232f8e8b41","name":"admin","image":{"@type":"ImageObject","inLanguage":"fr-FR","@id":"https:\/\/secure.gravatar.com\/avatar\/4c81fed838786e9b53f540bf46533e750f5d292099ae3b66cfc6fb1982e29df7?s=96&d=mm&r=g","url":"https:\/\/secure.gravatar.com\/avatar\/4c81fed838786e9b53f540bf46533e750f5d292099ae3b66cfc6fb1982e29df7?s=96&d=mm&r=g","contentUrl":"https:\/\/secure.gravatar.com\/avatar\/4c81fed838786e9b53f540bf46533e750f5d292099ae3b66cfc6fb1982e29df7?s=96&d=mm&r=g","caption":"admin"},"description":"admin","url":"https:\/\/lasentinelle.dz\/author\/admin\/"}]}},"_links":{"self":[{"href":"https:\/\/lasentinelle.dz\/index.php\/wp-json\/wp\/v2\/posts\/80106","targetHints":{"allow":["GET"]}}],"collection":[{"href":"https:\/\/lasentinelle.dz\/index.php\/wp-json\/wp\/v2\/posts"}],"about":[{"href":"https:\/\/lasentinelle.dz\/index.php\/wp-json\/wp\/v2\/types\/post"}],"author":[{"embeddable":true,"href":"https:\/\/lasentinelle.dz\/index.php\/wp-json\/wp\/v2\/users\/6"}],"replies":[{"embeddable":true,"href":"https:\/\/lasentinelle.dz\/index.php\/wp-json\/wp\/v2\/comments?post=80106"}],"version-history":[{"count":1,"href":"https:\/\/lasentinelle.dz\/index.php\/wp-json\/wp\/v2\/posts\/80106\/revisions"}],"predecessor-version":[{"id":80108,"href":"https:\/\/lasentinelle.dz\/index.php\/wp-json\/wp\/v2\/posts\/80106\/revisions\/80108"}],"wp:featuredmedia":[{"embeddable":true,"href":"https:\/\/lasentinelle.dz\/index.php\/wp-json\/wp\/v2\/media\/80107"}],"wp:attachment":[{"href":"https:\/\/lasentinelle.dz\/index.php\/wp-json\/wp\/v2\/media?parent=80106"}],"wp:term":[{"taxonomy":"category","embeddable":true,"href":"https:\/\/lasentinelle.dz\/index.php\/wp-json\/wp\/v2\/categories?post=80106"},{"taxonomy":"post_tag","embeddable":true,"href":"https:\/\/lasentinelle.dz\/index.php\/wp-json\/wp\/v2\/tags?post=80106"}],"curies":[{"name":"wp","href":"https:\/\/api.w.org\/{rel}","templated":true}]}}