{"id":80109,"date":"2026-01-27T12:42:04","date_gmt":"2026-01-27T11:42:04","guid":{"rendered":"https:\/\/lasentinelle.dz\/?p=80109"},"modified":"2026-01-27T12:42:05","modified_gmt":"2026-01-27T11:42:05","slug":"abdelghani-ait-said-nomme-pdg-dalgerie-telecom","status":"publish","type":"post","link":"https:\/\/lasentinelle.dz\/index.php\/2026\/01\/27\/abdelghani-ait-said-nomme-pdg-dalgerie-telecom\/","title":{"rendered":"Abdelghani A\u00eft Sa\u00efd nomm\u00e9 PDG d\u2019Alg\u00e9rie T\u00e9l\u00e9com"},"content":{"rendered":"\n<p>Abdelghani A\u00eft Sa\u00efd a \u00e9t\u00e9 install\u00e9 lundi dans ses fonctions de pr\u00e9sident-directeur g\u00e9n\u00e9ral d&rsquo;Alg\u00e9rie T\u00e9l\u00e9com par le ministre de la Poste et des T\u00e9l\u00e9communications, Sid Ali Zerrouki. Il succ\u00e8de ainsi \u00e0 Adel Bentoumi, limog\u00e9 le 25 d\u00e9cembre dernier. La c\u00e9r\u00e9monie d&rsquo;installation s&rsquo;est d\u00e9roul\u00e9e en pr\u00e9sence des responsables des \u00e9tablissements et organismes relevant du secteur, ainsi que des membres du Conseil d&rsquo;administration d&rsquo;Alg\u00e9rie T\u00e9l\u00e9com, a indiqu\u00e9 le minist\u00e8re dans un communiqu\u00e9. Ancien chef de division achats, moyens et patrimoine au sein de l&rsquo;op\u00e9rateur historique de la t\u00e9l\u00e9phonie en Alg\u00e9rie, le nouveau PDG a re\u00e7u les f\u00e9licitations du ministre qui lui a souhait\u00e9 plein succ\u00e8s dans l&rsquo;exercice de ses fonctions. Sid Ali Zerrouki a \u00e9galement soulign\u00e9 le r\u00f4le pivot d&rsquo;Alg\u00e9rie T\u00e9l\u00e9com dans le secteur alg\u00e9rien des t\u00e9l\u00e9communications. Cette nomination s&rsquo;inscrit dans la vague de changements \u00e0 la t\u00eate des grands groupes publics alg\u00e9riens, notamment Sonatrach, Madar, Sonarem, la SNS, Alg\u00e9rie Poste et Logitrans.<\/p>\n","protected":false},"excerpt":{"rendered":"<p>Abdelghani A\u00eft Sa\u00efd a \u00e9t\u00e9 install\u00e9 lundi dans ses fonctions de pr\u00e9sident-directeur g\u00e9n\u00e9ral d&rsquo;Alg\u00e9rie T\u00e9l\u00e9com par le ministre de la<\/p>\n","protected":false},"author":6,"featured_media":80110,"comment_status":"open","ping_status":"closed","sticky":false,"template":"","format":"standard","meta":{"colormag_page_container_layout":"default_layout","colormag_page_sidebar_layout":"default_layout","om_disable_all_campaigns":false,"_monsterinsights_skip_tracking":false,"_monsterinsights_sitenote_active":false,"_monsterinsights_sitenote_note":"","_monsterinsights_sitenote_category":0,"footnotes":"","_wpscppro_dont_share_socialmedia":false,"_wpscppro_custom_social_share_image":0,"_facebook_share_type":"default","_twitter_share_type":"default","_linkedin_share_type":"default","_pinterest_share_type":"default","_linkedin_share_type_page":"","_instagram_share_type":"default","_medium_share_type":"default","_threads_share_type":"default","_google_business_share_type":"default","_selected_social_profile":[],"_wpsp_enable_custom_social_template":false,"_wpsp_social_scheduling":{"enabled":false,"datetime":null,"platforms":[],"status":"template_only","dateOption":"today","timeOption":"now","customDays":"","customHours":"","customDate":"","customTime":"","schedulingType":"absolute"},"_wpsp_active_default_template":true},"categories":[29],"tags":[],"class_list":["post-80109","post","type-post","status-publish","format-standard","has-post-thumbnail","hentry","category-economie"],"aioseo_notices":[],"yoast_head":"<!-- This site is optimized with the Yoast SEO plugin v27.5 - https:\/\/yoast.com\/product\/yoast-seo-wordpress\/ -->\n<title>Abdelghani A\u00eft Sa\u00efd nomm\u00e9 PDG d\u2019Alg\u00e9rie T\u00e9l\u00e9com - La Sentinelle<\/title>\n<meta name=\"robots\" content=\"index, follow, max-snippet:-1, max-image-preview:large, max-video-preview:-1\" \/>\n<link rel=\"canonical\" href=\"https:\/\/lasentinelle.dz\/index.php\/2026\/01\/27\/abdelghani-ait-said-nomme-pdg-dalgerie-telecom\/\" \/>\n<meta property=\"og:locale\" content=\"fr_FR\" \/>\n<meta property=\"og:type\" content=\"article\" \/>\n<meta property=\"og:title\" content=\"Abdelghani A\u00eft Sa\u00efd nomm\u00e9 PDG d\u2019Alg\u00e9rie T\u00e9l\u00e9com - La Sentinelle\" \/>\n<meta property=\"og:description\" content=\"Abdelghani A\u00eft Sa\u00efd a \u00e9t\u00e9 install\u00e9 lundi dans ses fonctions de pr\u00e9sident-directeur g\u00e9n\u00e9ral d&rsquo;Alg\u00e9rie T\u00e9l\u00e9com par le ministre de la\" \/>\n<meta property=\"og:url\" content=\"https:\/\/lasentinelle.dz\/index.php\/2026\/01\/27\/abdelghani-ait-said-nomme-pdg-dalgerie-telecom\/\" \/>\n<meta property=\"og:site_name\" content=\"La Sentinelle\" \/>\n<meta property=\"article:publisher\" content=\"https:\/\/www.facebook.com\/La-Sentinelle-104059864394773\" \/>\n<meta property=\"article:published_time\" content=\"2026-01-27T11:42:04+00:00\" \/>\n<meta property=\"article:modified_time\" content=\"2026-01-27T11:42:05+00:00\" \/>\n<meta property=\"og:image\" content=\"https:\/\/lasentinelle.dz\/wp-content\/uploads\/2026\/01\/Abdelghani-Ait-Said.webp\" \/>\n\t<meta property=\"og:image:width\" content=\"1080\" \/>\n\t<meta property=\"og:image:height\" content=\"696\" \/>\n\t<meta property=\"og:image:type\" content=\"image\/webp\" \/>\n<meta name=\"author\" content=\"admin\" \/>\n<meta name=\"twitter:card\" content=\"summary_large_image\" \/>\n<meta name=\"twitter:label1\" content=\"\u00c9crit par\" \/>\n\t<meta name=\"twitter:data1\" content=\"admin\" \/>\n\t<meta name=\"twitter:label2\" content=\"Dur\u00e9e de lecture estim\u00e9e\" \/>\n\t<meta name=\"twitter:data2\" content=\"1 minute\" \/>\n<script type=\"application\/ld+json\" class=\"yoast-schema-graph\">{\"@context\":\"https:\\\/\\\/schema.org\",\"@graph\":[{\"@type\":\"Article\",\"@id\":\"https:\\\/\\\/lasentinelle.dz\\\/index.php\\\/2026\\\/01\\\/27\\\/abdelghani-ait-said-nomme-pdg-dalgerie-telecom\\\/#article\",\"isPartOf\":{\"@id\":\"https:\\\/\\\/lasentinelle.dz\\\/index.php\\\/2026\\\/01\\\/27\\\/abdelghani-ait-said-nomme-pdg-dalgerie-telecom\\\/\"},\"author\":{\"name\":\"admin\",\"@id\":\"https:\\\/\\\/lasentinelle.dz\\\/#\\\/schema\\\/person\\\/729ee0024f24e0b8c5ec17232f8e8b41\"},\"headline\":\"Abdelghani A\u00eft Sa\u00efd nomm\u00e9 PDG d\u2019Alg\u00e9rie T\u00e9l\u00e9com\",\"datePublished\":\"2026-01-27T11:42:04+00:00\",\"dateModified\":\"2026-01-27T11:42:05+00:00\",\"mainEntityOfPage\":{\"@id\":\"https:\\\/\\\/lasentinelle.dz\\\/index.php\\\/2026\\\/01\\\/27\\\/abdelghani-ait-said-nomme-pdg-dalgerie-telecom\\\/\"},\"wordCount\":208,\"commentCount\":0,\"publisher\":{\"@id\":\"https:\\\/\\\/lasentinelle.dz\\\/#organization\"},\"image\":{\"@id\":\"https:\\\/\\\/lasentinelle.dz\\\/index.php\\\/2026\\\/01\\\/27\\\/abdelghani-ait-said-nomme-pdg-dalgerie-telecom\\\/#primaryimage\"},\"thumbnailUrl\":\"https:\\\/\\\/lasentinelle.dz\\\/wp-content\\\/uploads\\\/2026\\\/01\\\/Abdelghani-Ait-Said.webp\",\"articleSection\":[\"\u00c9conomie\"],\"inLanguage\":\"fr-FR\",\"potentialAction\":[{\"@type\":\"CommentAction\",\"name\":\"Comment\",\"target\":[\"https:\\\/\\\/lasentinelle.dz\\\/index.php\\\/2026\\\/01\\\/27\\\/abdelghani-ait-said-nomme-pdg-dalgerie-telecom\\\/#respond\"]}]},{\"@type\":\"WebPage\",\"@id\":\"https:\\\/\\\/lasentinelle.dz\\\/index.php\\\/2026\\\/01\\\/27\\\/abdelghani-ait-said-nomme-pdg-dalgerie-telecom\\\/\",\"url\":\"https:\\\/\\\/lasentinelle.dz\\\/index.php\\\/2026\\\/01\\\/27\\\/abdelghani-ait-said-nomme-pdg-dalgerie-telecom\\\/\",\"name\":\"Abdelghani A\u00eft Sa\u00efd nomm\u00e9 PDG d\u2019Alg\u00e9rie T\u00e9l\u00e9com - La Sentinelle\",\"isPartOf\":{\"@id\":\"https:\\\/\\\/lasentinelle.dz\\\/#website\"},\"primaryImageOfPage\":{\"@id\":\"https:\\\/\\\/lasentinelle.dz\\\/index.php\\\/2026\\\/01\\\/27\\\/abdelghani-ait-said-nomme-pdg-dalgerie-telecom\\\/#primaryimage\"},\"image\":{\"@id\":\"https:\\\/\\\/lasentinelle.dz\\\/index.php\\\/2026\\\/01\\\/27\\\/abdelghani-ait-said-nomme-pdg-dalgerie-telecom\\\/#primaryimage\"},\"thumbnailUrl\":\"https:\\\/\\\/lasentinelle.dz\\\/wp-content\\\/uploads\\\/2026\\\/01\\\/Abdelghani-Ait-Said.webp\",\"datePublished\":\"2026-01-27T11:42:04+00:00\",\"dateModified\":\"2026-01-27T11:42:05+00:00\",\"breadcrumb\":{\"@id\":\"https:\\\/\\\/lasentinelle.dz\\\/index.php\\\/2026\\\/01\\\/27\\\/abdelghani-ait-said-nomme-pdg-dalgerie-telecom\\\/#breadcrumb\"},\"inLanguage\":\"fr-FR\",\"potentialAction\":[{\"@type\":\"ReadAction\",\"target\":[\"https:\\\/\\\/lasentinelle.dz\\\/index.php\\\/2026\\\/01\\\/27\\\/abdelghani-ait-said-nomme-pdg-dalgerie-telecom\\\/\"]}]},{\"@type\":\"ImageObject\",\"inLanguage\":\"fr-FR\",\"@id\":\"https:\\\/\\\/lasentinelle.dz\\\/index.php\\\/2026\\\/01\\\/27\\\/abdelghani-ait-said-nomme-pdg-dalgerie-telecom\\\/#primaryimage\",\"url\":\"https:\\\/\\\/lasentinelle.dz\\\/wp-content\\\/uploads\\\/2026\\\/01\\\/Abdelghani-Ait-Said.webp\",\"contentUrl\":\"https:\\\/\\\/lasentinelle.dz\\\/wp-content\\\/uploads\\\/2026\\\/01\\\/Abdelghani-Ait-Said.webp\",\"width\":1080,\"height\":696},{\"@type\":\"BreadcrumbList\",\"@id\":\"https:\\\/\\\/lasentinelle.dz\\\/index.php\\\/2026\\\/01\\\/27\\\/abdelghani-ait-said-nomme-pdg-dalgerie-telecom\\\/#breadcrumb\",\"itemListElement\":[{\"@type\":\"ListItem\",\"position\":1,\"name\":\"Accueil\",\"item\":\"https:\\\/\\\/lasentinelle.dz\\\/\"},{\"@type\":\"ListItem\",\"position\":2,\"name\":\"Abdelghani A\u00eft Sa\u00efd nomm\u00e9 PDG d\u2019Alg\u00e9rie T\u00e9l\u00e9com\"}]},{\"@type\":\"WebSite\",\"@id\":\"https:\\\/\\\/lasentinelle.dz\\\/#website\",\"url\":\"https:\\\/\\\/lasentinelle.dz\\\/\",\"name\":\"La Sentinelle\",\"description\":\"Quotidien national d&#039;information\",\"publisher\":{\"@id\":\"https:\\\/\\\/lasentinelle.dz\\\/#organization\"},\"potentialAction\":[{\"@type\":\"SearchAction\",\"target\":{\"@type\":\"EntryPoint\",\"urlTemplate\":\"https:\\\/\\\/lasentinelle.dz\\\/?s={search_term_string}\"},\"query-input\":{\"@type\":\"PropertyValueSpecification\",\"valueRequired\":true,\"valueName\":\"search_term_string\"}}],\"inLanguage\":\"fr-FR\"},{\"@type\":\"Organization\",\"@id\":\"https:\\\/\\\/lasentinelle.dz\\\/#organization\",\"name\":\"Quotidien La Sentinelle\",\"url\":\"https:\\\/\\\/lasentinelle.dz\\\/\",\"logo\":{\"@type\":\"ImageObject\",\"inLanguage\":\"fr-FR\",\"@id\":\"https:\\\/\\\/lasentinelle.dz\\\/#\\\/schema\\\/logo\\\/image\\\/\",\"url\":\"https:\\\/\\\/lasentinelle.dz\\\/wp-content\\\/uploads\\\/2021\\\/09\\\/logo-sentinelleSLOGAN-1.png\",\"contentUrl\":\"https:\\\/\\\/lasentinelle.dz\\\/wp-content\\\/uploads\\\/2021\\\/09\\\/logo-sentinelleSLOGAN-1.png\",\"width\":615,\"height\":142,\"caption\":\"Quotidien La Sentinelle\"},\"image\":{\"@id\":\"https:\\\/\\\/lasentinelle.dz\\\/#\\\/schema\\\/logo\\\/image\\\/\"},\"sameAs\":[\"https:\\\/\\\/www.facebook.com\\\/La-Sentinelle-104059864394773\"]},{\"@type\":\"Person\",\"@id\":\"https:\\\/\\\/lasentinelle.dz\\\/#\\\/schema\\\/person\\\/729ee0024f24e0b8c5ec17232f8e8b41\",\"name\":\"admin\",\"image\":{\"@type\":\"ImageObject\",\"inLanguage\":\"fr-FR\",\"@id\":\"https:\\\/\\\/secure.gravatar.com\\\/avatar\\\/4c81fed838786e9b53f540bf46533e750f5d292099ae3b66cfc6fb1982e29df7?s=96&d=mm&r=g\",\"url\":\"https:\\\/\\\/secure.gravatar.com\\\/avatar\\\/4c81fed838786e9b53f540bf46533e750f5d292099ae3b66cfc6fb1982e29df7?s=96&d=mm&r=g\",\"contentUrl\":\"https:\\\/\\\/secure.gravatar.com\\\/avatar\\\/4c81fed838786e9b53f540bf46533e750f5d292099ae3b66cfc6fb1982e29df7?s=96&d=mm&r=g\",\"caption\":\"admin\"},\"description\":\"admin\",\"url\":\"https:\\\/\\\/lasentinelle.dz\\\/author\\\/admin\\\/\"}]}<\/script>\n<!-- \/ Yoast SEO plugin. -->","yoast_head_json":{"title":"Abdelghani A\u00eft Sa\u00efd nomm\u00e9 PDG d\u2019Alg\u00e9rie T\u00e9l\u00e9com - La Sentinelle","robots":{"index":"index","follow":"follow","max-snippet":"max-snippet:-1","max-image-preview":"max-image-preview:large","max-video-preview":"max-video-preview:-1"},"canonical":"https:\/\/lasentinelle.dz\/index.php\/2026\/01\/27\/abdelghani-ait-said-nomme-pdg-dalgerie-telecom\/","og_locale":"fr_FR","og_type":"article","og_title":"Abdelghani A\u00eft Sa\u00efd nomm\u00e9 PDG d\u2019Alg\u00e9rie T\u00e9l\u00e9com - La Sentinelle","og_description":"Abdelghani A\u00eft Sa\u00efd a \u00e9t\u00e9 install\u00e9 lundi dans ses fonctions de pr\u00e9sident-directeur g\u00e9n\u00e9ral d&rsquo;Alg\u00e9rie T\u00e9l\u00e9com par le ministre de la","og_url":"https:\/\/lasentinelle.dz\/index.php\/2026\/01\/27\/abdelghani-ait-said-nomme-pdg-dalgerie-telecom\/","og_site_name":"La Sentinelle","article_publisher":"https:\/\/www.facebook.com\/La-Sentinelle-104059864394773","article_published_time":"2026-01-27T11:42:04+00:00","article_modified_time":"2026-01-27T11:42:05+00:00","og_image":[{"width":1080,"height":696,"url":"https:\/\/lasentinelle.dz\/wp-content\/uploads\/2026\/01\/Abdelghani-Ait-Said.webp","type":"image\/webp"}],"author":"admin","twitter_card":"summary_large_image","twitter_misc":{"\u00c9crit par":"admin","Dur\u00e9e de lecture estim\u00e9e":"1 minute"},"schema":{"@context":"https:\/\/schema.org","@graph":[{"@type":"Article","@id":"https:\/\/lasentinelle.dz\/index.php\/2026\/01\/27\/abdelghani-ait-said-nomme-pdg-dalgerie-telecom\/#article","isPartOf":{"@id":"https:\/\/lasentinelle.dz\/index.php\/2026\/01\/27\/abdelghani-ait-said-nomme-pdg-dalgerie-telecom\/"},"author":{"name":"admin","@id":"https:\/\/lasentinelle.dz\/#\/schema\/person\/729ee0024f24e0b8c5ec17232f8e8b41"},"headline":"Abdelghani A\u00eft Sa\u00efd nomm\u00e9 PDG d\u2019Alg\u00e9rie T\u00e9l\u00e9com","datePublished":"2026-01-27T11:42:04+00:00","dateModified":"2026-01-27T11:42:05+00:00","mainEntityOfPage":{"@id":"https:\/\/lasentinelle.dz\/index.php\/2026\/01\/27\/abdelghani-ait-said-nomme-pdg-dalgerie-telecom\/"},"wordCount":208,"commentCount":0,"publisher":{"@id":"https:\/\/lasentinelle.dz\/#organization"},"image":{"@id":"https:\/\/lasentinelle.dz\/index.php\/2026\/01\/27\/abdelghani-ait-said-nomme-pdg-dalgerie-telecom\/#primaryimage"},"thumbnailUrl":"https:\/\/lasentinelle.dz\/wp-content\/uploads\/2026\/01\/Abdelghani-Ait-Said.webp","articleSection":["\u00c9conomie"],"inLanguage":"fr-FR","potentialAction":[{"@type":"CommentAction","name":"Comment","target":["https:\/\/lasentinelle.dz\/index.php\/2026\/01\/27\/abdelghani-ait-said-nomme-pdg-dalgerie-telecom\/#respond"]}]},{"@type":"WebPage","@id":"https:\/\/lasentinelle.dz\/index.php\/2026\/01\/27\/abdelghani-ait-said-nomme-pdg-dalgerie-telecom\/","url":"https:\/\/lasentinelle.dz\/index.php\/2026\/01\/27\/abdelghani-ait-said-nomme-pdg-dalgerie-telecom\/","name":"Abdelghani A\u00eft Sa\u00efd nomm\u00e9 PDG d\u2019Alg\u00e9rie T\u00e9l\u00e9com - La Sentinelle","isPartOf":{"@id":"https:\/\/lasentinelle.dz\/#website"},"primaryImageOfPage":{"@id":"https:\/\/lasentinelle.dz\/index.php\/2026\/01\/27\/abdelghani-ait-said-nomme-pdg-dalgerie-telecom\/#primaryimage"},"image":{"@id":"https:\/\/lasentinelle.dz\/index.php\/2026\/01\/27\/abdelghani-ait-said-nomme-pdg-dalgerie-telecom\/#primaryimage"},"thumbnailUrl":"https:\/\/lasentinelle.dz\/wp-content\/uploads\/2026\/01\/Abdelghani-Ait-Said.webp","datePublished":"2026-01-27T11:42:04+00:00","dateModified":"2026-01-27T11:42:05+00:00","breadcrumb":{"@id":"https:\/\/lasentinelle.dz\/index.php\/2026\/01\/27\/abdelghani-ait-said-nomme-pdg-dalgerie-telecom\/#breadcrumb"},"inLanguage":"fr-FR","potentialAction":[{"@type":"ReadAction","target":["https:\/\/lasentinelle.dz\/index.php\/2026\/01\/27\/abdelghani-ait-said-nomme-pdg-dalgerie-telecom\/"]}]},{"@type":"ImageObject","inLanguage":"fr-FR","@id":"https:\/\/lasentinelle.dz\/index.php\/2026\/01\/27\/abdelghani-ait-said-nomme-pdg-dalgerie-telecom\/#primaryimage","url":"https:\/\/lasentinelle.dz\/wp-content\/uploads\/2026\/01\/Abdelghani-Ait-Said.webp","contentUrl":"https:\/\/lasentinelle.dz\/wp-content\/uploads\/2026\/01\/Abdelghani-Ait-Said.webp","width":1080,"height":696},{"@type":"BreadcrumbList","@id":"https:\/\/lasentinelle.dz\/index.php\/2026\/01\/27\/abdelghani-ait-said-nomme-pdg-dalgerie-telecom\/#breadcrumb","itemListElement":[{"@type":"ListItem","position":1,"name":"Accueil","item":"https:\/\/lasentinelle.dz\/"},{"@type":"ListItem","position":2,"name":"Abdelghani A\u00eft Sa\u00efd nomm\u00e9 PDG d\u2019Alg\u00e9rie T\u00e9l\u00e9com"}]},{"@type":"WebSite","@id":"https:\/\/lasentinelle.dz\/#website","url":"https:\/\/lasentinelle.dz\/","name":"La Sentinelle","description":"Quotidien national d&#039;information","publisher":{"@id":"https:\/\/lasentinelle.dz\/#organization"},"potentialAction":[{"@type":"SearchAction","target":{"@type":"EntryPoint","urlTemplate":"https:\/\/lasentinelle.dz\/?s={search_term_string}"},"query-input":{"@type":"PropertyValueSpecification","valueRequired":true,"valueName":"search_term_string"}}],"inLanguage":"fr-FR"},{"@type":"Organization","@id":"https:\/\/lasentinelle.dz\/#organization","name":"Quotidien La Sentinelle","url":"https:\/\/lasentinelle.dz\/","logo":{"@type":"ImageObject","inLanguage":"fr-FR","@id":"https:\/\/lasentinelle.dz\/#\/schema\/logo\/image\/","url":"https:\/\/lasentinelle.dz\/wp-content\/uploads\/2021\/09\/logo-sentinelleSLOGAN-1.png","contentUrl":"https:\/\/lasentinelle.dz\/wp-content\/uploads\/2021\/09\/logo-sentinelleSLOGAN-1.png","width":615,"height":142,"caption":"Quotidien La Sentinelle"},"image":{"@id":"https:\/\/lasentinelle.dz\/#\/schema\/logo\/image\/"},"sameAs":["https:\/\/www.facebook.com\/La-Sentinelle-104059864394773"]},{"@type":"Person","@id":"https:\/\/lasentinelle.dz\/#\/schema\/person\/729ee0024f24e0b8c5ec17232f8e8b41","name":"admin","image":{"@type":"ImageObject","inLanguage":"fr-FR","@id":"https:\/\/secure.gravatar.com\/avatar\/4c81fed838786e9b53f540bf46533e750f5d292099ae3b66cfc6fb1982e29df7?s=96&d=mm&r=g","url":"https:\/\/secure.gravatar.com\/avatar\/4c81fed838786e9b53f540bf46533e750f5d292099ae3b66cfc6fb1982e29df7?s=96&d=mm&r=g","contentUrl":"https:\/\/secure.gravatar.com\/avatar\/4c81fed838786e9b53f540bf46533e750f5d292099ae3b66cfc6fb1982e29df7?s=96&d=mm&r=g","caption":"admin"},"description":"admin","url":"https:\/\/lasentinelle.dz\/author\/admin\/"}]}},"_links":{"self":[{"href":"https:\/\/lasentinelle.dz\/index.php\/wp-json\/wp\/v2\/posts\/80109","targetHints":{"allow":["GET"]}}],"collection":[{"href":"https:\/\/lasentinelle.dz\/index.php\/wp-json\/wp\/v2\/posts"}],"about":[{"href":"https:\/\/lasentinelle.dz\/index.php\/wp-json\/wp\/v2\/types\/post"}],"author":[{"embeddable":true,"href":"https:\/\/lasentinelle.dz\/index.php\/wp-json\/wp\/v2\/users\/6"}],"replies":[{"embeddable":true,"href":"https:\/\/lasentinelle.dz\/index.php\/wp-json\/wp\/v2\/comments?post=80109"}],"version-history":[{"count":1,"href":"https:\/\/lasentinelle.dz\/index.php\/wp-json\/wp\/v2\/posts\/80109\/revisions"}],"predecessor-version":[{"id":80111,"href":"https:\/\/lasentinelle.dz\/index.php\/wp-json\/wp\/v2\/posts\/80109\/revisions\/80111"}],"wp:featuredmedia":[{"embeddable":true,"href":"https:\/\/lasentinelle.dz\/index.php\/wp-json\/wp\/v2\/media\/80110"}],"wp:attachment":[{"href":"https:\/\/lasentinelle.dz\/index.php\/wp-json\/wp\/v2\/media?parent=80109"}],"wp:term":[{"taxonomy":"category","embeddable":true,"href":"https:\/\/lasentinelle.dz\/index.php\/wp-json\/wp\/v2\/categories?post=80109"},{"taxonomy":"post_tag","embeddable":true,"href":"https:\/\/lasentinelle.dz\/index.php\/wp-json\/wp\/v2\/tags?post=80109"}],"curies":[{"name":"wp","href":"https:\/\/api.w.org\/{rel}","templated":true}]}}