{"id":80117,"date":"2026-01-27T12:56:45","date_gmt":"2026-01-27T11:56:45","guid":{"rendered":"https:\/\/lasentinelle.dz\/?p=80117"},"modified":"2026-01-27T12:56:46","modified_gmt":"2026-01-27T11:56:46","slug":"soudan-les-enfants-ont-besoin-dune-paix-et-dune-stabilite-durables-unicef","status":"publish","type":"post","link":"https:\/\/lasentinelle.dz\/index.php\/2026\/01\/27\/soudan-les-enfants-ont-besoin-dune-paix-et-dune-stabilite-durables-unicef\/","title":{"rendered":"Soudan\u00a0: Les enfants ont besoin d&rsquo;une paix et d&rsquo;une stabilit\u00e9 durables (UNICEF)"},"content":{"rendered":"\n<p>Le Fonds des Nations unies pour l&rsquo;enfance (UNICEF) a soulign\u00e9, lundi, que les enfants au Soudan ont besoin d&rsquo;une paix et d&rsquo;une stabilit\u00e9 durables, alors que les vagues de d\u00e9placements se poursuivent en raison du conflit persistant dans plusieurs r\u00e9gions du pays et de la d\u00e9t\u00e9rioration de la situation humanitaire.&nbsp;Dans une publication sur les r\u00e9seaux sociaux, l&rsquo;agence onusienne a indiqu\u00e9 que \u00ab\u00a0depuis pr\u00e8s de trois ans, les enfants du Soudan ont souffert &#8211; et continuent de souffrir &#8211; d&rsquo;une catastrophe humanitaire provoqu\u00e9e par le conflit, les d\u00e9placements, les maladies et la faim\u00a0\u00bb, soulignant que \u00ab\u00a0les enfants ont d\u00e9sormais besoin d&rsquo;une paix et d&rsquo;une stabilit\u00e9 durables\u00a0\u00bb.&nbsp;Dans ce contexte, l&rsquo;UNICEF a pr\u00e9cis\u00e9 que le pays a connu \u00ab\u00a0le d\u00e9placement interne de 9,5 millions de personnes dans 18 Etats, ce qui en fait la plus grande crise de d\u00e9placement interne au monde\u00a0\u00bb. Depuis avril 2023, le Soudan est le th\u00e9\u00e2tre d&rsquo;un conflit entre l&rsquo;arm\u00e9e soudanaise et les Forces de soutien rapide, ayant fait des milliers de morts et provoqu\u00e9 le d\u00e9placement de millions de personnes.&nbsp;De son c\u00f4t\u00e9, l&rsquo;Organisation internationale pour les migrations (OIM) a annonc\u00e9 le d\u00e9placement de 655 personnes des villes de Kadugli et de Delendj, dans l&rsquo;Etat du Kordofan du Sud, au sud du Soudan, sur une p\u00e9riode de trois jours, en raison de l&rsquo;ins\u00e9curit\u00e9 persistante.&nbsp;Dans un communiqu\u00e9 publi\u00e9 dimanche, l&rsquo;agence onusienne a pr\u00e9cis\u00e9 que \u00ab\u00a0415 personnes ont \u00e9t\u00e9 d\u00e9plac\u00e9es de la ville de Delendj en raison de l&rsquo;ins\u00e9curit\u00e9 entre le 22 et le 24 janvier courant, tandis que 240 personnes ont \u00e9t\u00e9 contraintes de fuir la ville de Kadugli, chef-lieu de l&rsquo;Etat du Kordofan du Sud, \u00e0 la suite de la d\u00e9t\u00e9rioration de la situation s\u00e9curitaire durant la m\u00eame p\u00e9riode\u00a0\u00bb.&nbsp;L&rsquo;OIM a indiqu\u00e9 que les personnes d\u00e9plac\u00e9es se sont dirig\u00e9es vers des zones de l&rsquo;Etat du Nil Blanc (sud), soulignant que \u00ab\u00a0la situation demeure tendue et instable\u00a0\u00bb et qu&rsquo;elle \u00ab\u00a0continuera de suivre de pr\u00e8s l&rsquo;\u00e9volution des \u00e9v\u00e9nements\u00a0\u00bb.Depuis avril 2023, le Soudan est en proie \u00e0 un conflit opposant l&rsquo;arm\u00e9e soudanaise aux Forces de soutien rapide, ayant fait des dizaines de milliers de morts et provoqu\u00e9 le d\u00e9placement de millions de personnes.<\/p>\n\n\n\n<p>R.I. avec APS<\/p>\n","protected":false},"excerpt":{"rendered":"<p>Le Fonds des Nations unies pour l&rsquo;enfance (UNICEF) a soulign\u00e9, lundi, que les enfants au Soudan ont besoin d&rsquo;une paix<\/p>\n","protected":false},"author":6,"featured_media":72411,"comment_status":"open","ping_status":"closed","sticky":false,"template":"","format":"standard","meta":{"colormag_page_container_layout":"default_layout","colormag_page_sidebar_layout":"default_layout","om_disable_all_campaigns":false,"_monsterinsights_skip_tracking":false,"_monsterinsights_sitenote_active":false,"_monsterinsights_sitenote_note":"","_monsterinsights_sitenote_category":0,"footnotes":"","_wpscppro_dont_share_socialmedia":false,"_wpscppro_custom_social_share_image":0,"_facebook_share_type":"default","_twitter_share_type":"default","_linkedin_share_type":"default","_pinterest_share_type":"default","_linkedin_share_type_page":"","_instagram_share_type":"default","_medium_share_type":"default","_threads_share_type":"default","_google_business_share_type":"default","_selected_social_profile":[],"_wpsp_enable_custom_social_template":false,"_wpsp_social_scheduling":{"enabled":false,"datetime":null,"platforms":[],"status":"template_only","dateOption":"today","timeOption":"now","customDays":"","customHours":"","customDate":"","customTime":"","schedulingType":"absolute"},"_wpsp_active_default_template":true},"categories":[37],"tags":[],"class_list":["post-80117","post","type-post","status-publish","format-standard","has-post-thumbnail","hentry","category-monde"],"aioseo_notices":[],"yoast_head":"<!-- This site is optimized with the Yoast SEO plugin v27.5 - https:\/\/yoast.com\/product\/yoast-seo-wordpress\/ -->\n<title>Soudan\u00a0: Les enfants ont besoin d&rsquo;une paix et d&rsquo;une stabilit\u00e9 durables (UNICEF) - La Sentinelle<\/title>\n<meta name=\"robots\" content=\"index, follow, max-snippet:-1, max-image-preview:large, max-video-preview:-1\" \/>\n<link rel=\"canonical\" href=\"https:\/\/lasentinelle.dz\/index.php\/2026\/01\/27\/soudan-les-enfants-ont-besoin-dune-paix-et-dune-stabilite-durables-unicef\/\" \/>\n<meta property=\"og:locale\" content=\"fr_FR\" \/>\n<meta property=\"og:type\" content=\"article\" \/>\n<meta property=\"og:title\" content=\"Soudan\u00a0: Les enfants ont besoin d&rsquo;une paix et d&rsquo;une stabilit\u00e9 durables (UNICEF) - La Sentinelle\" \/>\n<meta property=\"og:description\" content=\"Le Fonds des Nations unies pour l&rsquo;enfance (UNICEF) a soulign\u00e9, lundi, que les enfants au Soudan ont besoin d&rsquo;une paix\" \/>\n<meta property=\"og:url\" content=\"https:\/\/lasentinelle.dz\/index.php\/2026\/01\/27\/soudan-les-enfants-ont-besoin-dune-paix-et-dune-stabilite-durables-unicef\/\" \/>\n<meta property=\"og:site_name\" content=\"La Sentinelle\" \/>\n<meta property=\"article:publisher\" content=\"https:\/\/www.facebook.com\/La-Sentinelle-104059864394773\" \/>\n<meta property=\"article:published_time\" content=\"2026-01-27T11:56:45+00:00\" \/>\n<meta property=\"article:modified_time\" content=\"2026-01-27T11:56:46+00:00\" \/>\n<meta property=\"og:image\" content=\"https:\/\/lasentinelle.dz\/wp-content\/uploads\/2025\/08\/soudan.jpg\" \/>\n\t<meta property=\"og:image:width\" content=\"1200\" \/>\n\t<meta property=\"og:image:height\" content=\"675\" \/>\n\t<meta property=\"og:image:type\" content=\"image\/jpeg\" \/>\n<meta name=\"author\" content=\"admin\" \/>\n<meta name=\"twitter:card\" content=\"summary_large_image\" \/>\n<meta name=\"twitter:label1\" content=\"\u00c9crit par\" \/>\n\t<meta name=\"twitter:data1\" content=\"admin\" \/>\n\t<meta name=\"twitter:label2\" content=\"Dur\u00e9e de lecture estim\u00e9e\" \/>\n\t<meta name=\"twitter:data2\" content=\"3 minutes\" \/>\n<script type=\"application\/ld+json\" class=\"yoast-schema-graph\">{\"@context\":\"https:\\\/\\\/schema.org\",\"@graph\":[{\"@type\":\"Article\",\"@id\":\"https:\\\/\\\/lasentinelle.dz\\\/index.php\\\/2026\\\/01\\\/27\\\/soudan-les-enfants-ont-besoin-dune-paix-et-dune-stabilite-durables-unicef\\\/#article\",\"isPartOf\":{\"@id\":\"https:\\\/\\\/lasentinelle.dz\\\/index.php\\\/2026\\\/01\\\/27\\\/soudan-les-enfants-ont-besoin-dune-paix-et-dune-stabilite-durables-unicef\\\/\"},\"author\":{\"name\":\"admin\",\"@id\":\"https:\\\/\\\/lasentinelle.dz\\\/#\\\/schema\\\/person\\\/729ee0024f24e0b8c5ec17232f8e8b41\"},\"headline\":\"Soudan\u00a0: Les enfants ont besoin d&rsquo;une paix et d&rsquo;une stabilit\u00e9 durables (UNICEF)\",\"datePublished\":\"2026-01-27T11:56:45+00:00\",\"dateModified\":\"2026-01-27T11:56:46+00:00\",\"mainEntityOfPage\":{\"@id\":\"https:\\\/\\\/lasentinelle.dz\\\/index.php\\\/2026\\\/01\\\/27\\\/soudan-les-enfants-ont-besoin-dune-paix-et-dune-stabilite-durables-unicef\\\/\"},\"wordCount\":426,\"commentCount\":0,\"publisher\":{\"@id\":\"https:\\\/\\\/lasentinelle.dz\\\/#organization\"},\"image\":{\"@id\":\"https:\\\/\\\/lasentinelle.dz\\\/index.php\\\/2026\\\/01\\\/27\\\/soudan-les-enfants-ont-besoin-dune-paix-et-dune-stabilite-durables-unicef\\\/#primaryimage\"},\"thumbnailUrl\":\"https:\\\/\\\/lasentinelle.dz\\\/wp-content\\\/uploads\\\/2025\\\/08\\\/soudan.jpg\",\"articleSection\":[\"Monde\"],\"inLanguage\":\"fr-FR\",\"potentialAction\":[{\"@type\":\"CommentAction\",\"name\":\"Comment\",\"target\":[\"https:\\\/\\\/lasentinelle.dz\\\/index.php\\\/2026\\\/01\\\/27\\\/soudan-les-enfants-ont-besoin-dune-paix-et-dune-stabilite-durables-unicef\\\/#respond\"]}]},{\"@type\":\"WebPage\",\"@id\":\"https:\\\/\\\/lasentinelle.dz\\\/index.php\\\/2026\\\/01\\\/27\\\/soudan-les-enfants-ont-besoin-dune-paix-et-dune-stabilite-durables-unicef\\\/\",\"url\":\"https:\\\/\\\/lasentinelle.dz\\\/index.php\\\/2026\\\/01\\\/27\\\/soudan-les-enfants-ont-besoin-dune-paix-et-dune-stabilite-durables-unicef\\\/\",\"name\":\"Soudan\u00a0: Les enfants ont besoin d&rsquo;une paix et d&rsquo;une stabilit\u00e9 durables (UNICEF) - La Sentinelle\",\"isPartOf\":{\"@id\":\"https:\\\/\\\/lasentinelle.dz\\\/#website\"},\"primaryImageOfPage\":{\"@id\":\"https:\\\/\\\/lasentinelle.dz\\\/index.php\\\/2026\\\/01\\\/27\\\/soudan-les-enfants-ont-besoin-dune-paix-et-dune-stabilite-durables-unicef\\\/#primaryimage\"},\"image\":{\"@id\":\"https:\\\/\\\/lasentinelle.dz\\\/index.php\\\/2026\\\/01\\\/27\\\/soudan-les-enfants-ont-besoin-dune-paix-et-dune-stabilite-durables-unicef\\\/#primaryimage\"},\"thumbnailUrl\":\"https:\\\/\\\/lasentinelle.dz\\\/wp-content\\\/uploads\\\/2025\\\/08\\\/soudan.jpg\",\"datePublished\":\"2026-01-27T11:56:45+00:00\",\"dateModified\":\"2026-01-27T11:56:46+00:00\",\"breadcrumb\":{\"@id\":\"https:\\\/\\\/lasentinelle.dz\\\/index.php\\\/2026\\\/01\\\/27\\\/soudan-les-enfants-ont-besoin-dune-paix-et-dune-stabilite-durables-unicef\\\/#breadcrumb\"},\"inLanguage\":\"fr-FR\",\"potentialAction\":[{\"@type\":\"ReadAction\",\"target\":[\"https:\\\/\\\/lasentinelle.dz\\\/index.php\\\/2026\\\/01\\\/27\\\/soudan-les-enfants-ont-besoin-dune-paix-et-dune-stabilite-durables-unicef\\\/\"]}]},{\"@type\":\"ImageObject\",\"inLanguage\":\"fr-FR\",\"@id\":\"https:\\\/\\\/lasentinelle.dz\\\/index.php\\\/2026\\\/01\\\/27\\\/soudan-les-enfants-ont-besoin-dune-paix-et-dune-stabilite-durables-unicef\\\/#primaryimage\",\"url\":\"https:\\\/\\\/lasentinelle.dz\\\/wp-content\\\/uploads\\\/2025\\\/08\\\/soudan.jpg\",\"contentUrl\":\"https:\\\/\\\/lasentinelle.dz\\\/wp-content\\\/uploads\\\/2025\\\/08\\\/soudan.jpg\",\"width\":1200,\"height\":675},{\"@type\":\"BreadcrumbList\",\"@id\":\"https:\\\/\\\/lasentinelle.dz\\\/index.php\\\/2026\\\/01\\\/27\\\/soudan-les-enfants-ont-besoin-dune-paix-et-dune-stabilite-durables-unicef\\\/#breadcrumb\",\"itemListElement\":[{\"@type\":\"ListItem\",\"position\":1,\"name\":\"Accueil\",\"item\":\"https:\\\/\\\/lasentinelle.dz\\\/\"},{\"@type\":\"ListItem\",\"position\":2,\"name\":\"Soudan\u00a0: Les enfants ont besoin d&rsquo;une paix et d&rsquo;une stabilit\u00e9 durables (UNICEF)\"}]},{\"@type\":\"WebSite\",\"@id\":\"https:\\\/\\\/lasentinelle.dz\\\/#website\",\"url\":\"https:\\\/\\\/lasentinelle.dz\\\/\",\"name\":\"La Sentinelle\",\"description\":\"Quotidien national d&#039;information\",\"publisher\":{\"@id\":\"https:\\\/\\\/lasentinelle.dz\\\/#organization\"},\"potentialAction\":[{\"@type\":\"SearchAction\",\"target\":{\"@type\":\"EntryPoint\",\"urlTemplate\":\"https:\\\/\\\/lasentinelle.dz\\\/?s={search_term_string}\"},\"query-input\":{\"@type\":\"PropertyValueSpecification\",\"valueRequired\":true,\"valueName\":\"search_term_string\"}}],\"inLanguage\":\"fr-FR\"},{\"@type\":\"Organization\",\"@id\":\"https:\\\/\\\/lasentinelle.dz\\\/#organization\",\"name\":\"Quotidien La Sentinelle\",\"url\":\"https:\\\/\\\/lasentinelle.dz\\\/\",\"logo\":{\"@type\":\"ImageObject\",\"inLanguage\":\"fr-FR\",\"@id\":\"https:\\\/\\\/lasentinelle.dz\\\/#\\\/schema\\\/logo\\\/image\\\/\",\"url\":\"https:\\\/\\\/lasentinelle.dz\\\/wp-content\\\/uploads\\\/2021\\\/09\\\/logo-sentinelleSLOGAN-1.png\",\"contentUrl\":\"https:\\\/\\\/lasentinelle.dz\\\/wp-content\\\/uploads\\\/2021\\\/09\\\/logo-sentinelleSLOGAN-1.png\",\"width\":615,\"height\":142,\"caption\":\"Quotidien La Sentinelle\"},\"image\":{\"@id\":\"https:\\\/\\\/lasentinelle.dz\\\/#\\\/schema\\\/logo\\\/image\\\/\"},\"sameAs\":[\"https:\\\/\\\/www.facebook.com\\\/La-Sentinelle-104059864394773\"]},{\"@type\":\"Person\",\"@id\":\"https:\\\/\\\/lasentinelle.dz\\\/#\\\/schema\\\/person\\\/729ee0024f24e0b8c5ec17232f8e8b41\",\"name\":\"admin\",\"image\":{\"@type\":\"ImageObject\",\"inLanguage\":\"fr-FR\",\"@id\":\"https:\\\/\\\/secure.gravatar.com\\\/avatar\\\/4c81fed838786e9b53f540bf46533e750f5d292099ae3b66cfc6fb1982e29df7?s=96&d=mm&r=g\",\"url\":\"https:\\\/\\\/secure.gravatar.com\\\/avatar\\\/4c81fed838786e9b53f540bf46533e750f5d292099ae3b66cfc6fb1982e29df7?s=96&d=mm&r=g\",\"contentUrl\":\"https:\\\/\\\/secure.gravatar.com\\\/avatar\\\/4c81fed838786e9b53f540bf46533e750f5d292099ae3b66cfc6fb1982e29df7?s=96&d=mm&r=g\",\"caption\":\"admin\"},\"description\":\"admin\",\"url\":\"https:\\\/\\\/lasentinelle.dz\\\/author\\\/admin\\\/\"}]}<\/script>\n<!-- \/ Yoast SEO plugin. -->","yoast_head_json":{"title":"Soudan\u00a0: Les enfants ont besoin d&rsquo;une paix et d&rsquo;une stabilit\u00e9 durables (UNICEF) - La Sentinelle","robots":{"index":"index","follow":"follow","max-snippet":"max-snippet:-1","max-image-preview":"max-image-preview:large","max-video-preview":"max-video-preview:-1"},"canonical":"https:\/\/lasentinelle.dz\/index.php\/2026\/01\/27\/soudan-les-enfants-ont-besoin-dune-paix-et-dune-stabilite-durables-unicef\/","og_locale":"fr_FR","og_type":"article","og_title":"Soudan\u00a0: Les enfants ont besoin d&rsquo;une paix et d&rsquo;une stabilit\u00e9 durables (UNICEF) - La Sentinelle","og_description":"Le Fonds des Nations unies pour l&rsquo;enfance (UNICEF) a soulign\u00e9, lundi, que les enfants au Soudan ont besoin d&rsquo;une paix","og_url":"https:\/\/lasentinelle.dz\/index.php\/2026\/01\/27\/soudan-les-enfants-ont-besoin-dune-paix-et-dune-stabilite-durables-unicef\/","og_site_name":"La Sentinelle","article_publisher":"https:\/\/www.facebook.com\/La-Sentinelle-104059864394773","article_published_time":"2026-01-27T11:56:45+00:00","article_modified_time":"2026-01-27T11:56:46+00:00","og_image":[{"width":1200,"height":675,"url":"https:\/\/lasentinelle.dz\/wp-content\/uploads\/2025\/08\/soudan.jpg","type":"image\/jpeg"}],"author":"admin","twitter_card":"summary_large_image","twitter_misc":{"\u00c9crit par":"admin","Dur\u00e9e de lecture estim\u00e9e":"3 minutes"},"schema":{"@context":"https:\/\/schema.org","@graph":[{"@type":"Article","@id":"https:\/\/lasentinelle.dz\/index.php\/2026\/01\/27\/soudan-les-enfants-ont-besoin-dune-paix-et-dune-stabilite-durables-unicef\/#article","isPartOf":{"@id":"https:\/\/lasentinelle.dz\/index.php\/2026\/01\/27\/soudan-les-enfants-ont-besoin-dune-paix-et-dune-stabilite-durables-unicef\/"},"author":{"name":"admin","@id":"https:\/\/lasentinelle.dz\/#\/schema\/person\/729ee0024f24e0b8c5ec17232f8e8b41"},"headline":"Soudan\u00a0: Les enfants ont besoin d&rsquo;une paix et d&rsquo;une stabilit\u00e9 durables (UNICEF)","datePublished":"2026-01-27T11:56:45+00:00","dateModified":"2026-01-27T11:56:46+00:00","mainEntityOfPage":{"@id":"https:\/\/lasentinelle.dz\/index.php\/2026\/01\/27\/soudan-les-enfants-ont-besoin-dune-paix-et-dune-stabilite-durables-unicef\/"},"wordCount":426,"commentCount":0,"publisher":{"@id":"https:\/\/lasentinelle.dz\/#organization"},"image":{"@id":"https:\/\/lasentinelle.dz\/index.php\/2026\/01\/27\/soudan-les-enfants-ont-besoin-dune-paix-et-dune-stabilite-durables-unicef\/#primaryimage"},"thumbnailUrl":"https:\/\/lasentinelle.dz\/wp-content\/uploads\/2025\/08\/soudan.jpg","articleSection":["Monde"],"inLanguage":"fr-FR","potentialAction":[{"@type":"CommentAction","name":"Comment","target":["https:\/\/lasentinelle.dz\/index.php\/2026\/01\/27\/soudan-les-enfants-ont-besoin-dune-paix-et-dune-stabilite-durables-unicef\/#respond"]}]},{"@type":"WebPage","@id":"https:\/\/lasentinelle.dz\/index.php\/2026\/01\/27\/soudan-les-enfants-ont-besoin-dune-paix-et-dune-stabilite-durables-unicef\/","url":"https:\/\/lasentinelle.dz\/index.php\/2026\/01\/27\/soudan-les-enfants-ont-besoin-dune-paix-et-dune-stabilite-durables-unicef\/","name":"Soudan\u00a0: Les enfants ont besoin d&rsquo;une paix et d&rsquo;une stabilit\u00e9 durables (UNICEF) - La Sentinelle","isPartOf":{"@id":"https:\/\/lasentinelle.dz\/#website"},"primaryImageOfPage":{"@id":"https:\/\/lasentinelle.dz\/index.php\/2026\/01\/27\/soudan-les-enfants-ont-besoin-dune-paix-et-dune-stabilite-durables-unicef\/#primaryimage"},"image":{"@id":"https:\/\/lasentinelle.dz\/index.php\/2026\/01\/27\/soudan-les-enfants-ont-besoin-dune-paix-et-dune-stabilite-durables-unicef\/#primaryimage"},"thumbnailUrl":"https:\/\/lasentinelle.dz\/wp-content\/uploads\/2025\/08\/soudan.jpg","datePublished":"2026-01-27T11:56:45+00:00","dateModified":"2026-01-27T11:56:46+00:00","breadcrumb":{"@id":"https:\/\/lasentinelle.dz\/index.php\/2026\/01\/27\/soudan-les-enfants-ont-besoin-dune-paix-et-dune-stabilite-durables-unicef\/#breadcrumb"},"inLanguage":"fr-FR","potentialAction":[{"@type":"ReadAction","target":["https:\/\/lasentinelle.dz\/index.php\/2026\/01\/27\/soudan-les-enfants-ont-besoin-dune-paix-et-dune-stabilite-durables-unicef\/"]}]},{"@type":"ImageObject","inLanguage":"fr-FR","@id":"https:\/\/lasentinelle.dz\/index.php\/2026\/01\/27\/soudan-les-enfants-ont-besoin-dune-paix-et-dune-stabilite-durables-unicef\/#primaryimage","url":"https:\/\/lasentinelle.dz\/wp-content\/uploads\/2025\/08\/soudan.jpg","contentUrl":"https:\/\/lasentinelle.dz\/wp-content\/uploads\/2025\/08\/soudan.jpg","width":1200,"height":675},{"@type":"BreadcrumbList","@id":"https:\/\/lasentinelle.dz\/index.php\/2026\/01\/27\/soudan-les-enfants-ont-besoin-dune-paix-et-dune-stabilite-durables-unicef\/#breadcrumb","itemListElement":[{"@type":"ListItem","position":1,"name":"Accueil","item":"https:\/\/lasentinelle.dz\/"},{"@type":"ListItem","position":2,"name":"Soudan\u00a0: Les enfants ont besoin d&rsquo;une paix et d&rsquo;une stabilit\u00e9 durables (UNICEF)"}]},{"@type":"WebSite","@id":"https:\/\/lasentinelle.dz\/#website","url":"https:\/\/lasentinelle.dz\/","name":"La Sentinelle","description":"Quotidien national d&#039;information","publisher":{"@id":"https:\/\/lasentinelle.dz\/#organization"},"potentialAction":[{"@type":"SearchAction","target":{"@type":"EntryPoint","urlTemplate":"https:\/\/lasentinelle.dz\/?s={search_term_string}"},"query-input":{"@type":"PropertyValueSpecification","valueRequired":true,"valueName":"search_term_string"}}],"inLanguage":"fr-FR"},{"@type":"Organization","@id":"https:\/\/lasentinelle.dz\/#organization","name":"Quotidien La Sentinelle","url":"https:\/\/lasentinelle.dz\/","logo":{"@type":"ImageObject","inLanguage":"fr-FR","@id":"https:\/\/lasentinelle.dz\/#\/schema\/logo\/image\/","url":"https:\/\/lasentinelle.dz\/wp-content\/uploads\/2021\/09\/logo-sentinelleSLOGAN-1.png","contentUrl":"https:\/\/lasentinelle.dz\/wp-content\/uploads\/2021\/09\/logo-sentinelleSLOGAN-1.png","width":615,"height":142,"caption":"Quotidien La Sentinelle"},"image":{"@id":"https:\/\/lasentinelle.dz\/#\/schema\/logo\/image\/"},"sameAs":["https:\/\/www.facebook.com\/La-Sentinelle-104059864394773"]},{"@type":"Person","@id":"https:\/\/lasentinelle.dz\/#\/schema\/person\/729ee0024f24e0b8c5ec17232f8e8b41","name":"admin","image":{"@type":"ImageObject","inLanguage":"fr-FR","@id":"https:\/\/secure.gravatar.com\/avatar\/4c81fed838786e9b53f540bf46533e750f5d292099ae3b66cfc6fb1982e29df7?s=96&d=mm&r=g","url":"https:\/\/secure.gravatar.com\/avatar\/4c81fed838786e9b53f540bf46533e750f5d292099ae3b66cfc6fb1982e29df7?s=96&d=mm&r=g","contentUrl":"https:\/\/secure.gravatar.com\/avatar\/4c81fed838786e9b53f540bf46533e750f5d292099ae3b66cfc6fb1982e29df7?s=96&d=mm&r=g","caption":"admin"},"description":"admin","url":"https:\/\/lasentinelle.dz\/author\/admin\/"}]}},"_links":{"self":[{"href":"https:\/\/lasentinelle.dz\/index.php\/wp-json\/wp\/v2\/posts\/80117","targetHints":{"allow":["GET"]}}],"collection":[{"href":"https:\/\/lasentinelle.dz\/index.php\/wp-json\/wp\/v2\/posts"}],"about":[{"href":"https:\/\/lasentinelle.dz\/index.php\/wp-json\/wp\/v2\/types\/post"}],"author":[{"embeddable":true,"href":"https:\/\/lasentinelle.dz\/index.php\/wp-json\/wp\/v2\/users\/6"}],"replies":[{"embeddable":true,"href":"https:\/\/lasentinelle.dz\/index.php\/wp-json\/wp\/v2\/comments?post=80117"}],"version-history":[{"count":2,"href":"https:\/\/lasentinelle.dz\/index.php\/wp-json\/wp\/v2\/posts\/80117\/revisions"}],"predecessor-version":[{"id":80119,"href":"https:\/\/lasentinelle.dz\/index.php\/wp-json\/wp\/v2\/posts\/80117\/revisions\/80119"}],"wp:featuredmedia":[{"embeddable":true,"href":"https:\/\/lasentinelle.dz\/index.php\/wp-json\/wp\/v2\/media\/72411"}],"wp:attachment":[{"href":"https:\/\/lasentinelle.dz\/index.php\/wp-json\/wp\/v2\/media?parent=80117"}],"wp:term":[{"taxonomy":"category","embeddable":true,"href":"https:\/\/lasentinelle.dz\/index.php\/wp-json\/wp\/v2\/categories?post=80117"},{"taxonomy":"post_tag","embeddable":true,"href":"https:\/\/lasentinelle.dz\/index.php\/wp-json\/wp\/v2\/tags?post=80117"}],"curies":[{"name":"wp","href":"https:\/\/api.w.org\/{rel}","templated":true}]}}