{"id":80120,"date":"2026-01-27T12:57:29","date_gmt":"2026-01-27T11:57:29","guid":{"rendered":"https:\/\/lasentinelle.dz\/?p=80120"},"modified":"2026-01-27T12:57:31","modified_gmt":"2026-01-27T11:57:31","slug":"acceleration-de-la-colonisation-et-des-projets-dannexion-sionistes-al-qods-lance-un-cri-dalarme","status":"publish","type":"post","link":"https:\/\/lasentinelle.dz\/index.php\/2026\/01\/27\/acceleration-de-la-colonisation-et-des-projets-dannexion-sionistes-al-qods-lance-un-cri-dalarme\/","title":{"rendered":"Acc\u00e9l\u00e9ration de la colonisation et des projets d\u2019annexion sionistes\u00a0: Al-Qods lance un cri d\u2019alarme\u00a0!"},"content":{"rendered":"\n<p>Alors que le g\u00e9nocide se poursuit dans la bande de Ghaza avec plus de 71.660 martyrs, l&rsquo;entit\u00e9 sioniste acc\u00e9l\u00e8re sa colonisation d&rsquo;Al-Qods : nouvelles routes de contournement, d\u00e9molitions massives et violations quotidiennes qui transforment la ville sainte en archipel de ghettos palestiniens isol\u00e9s.<\/p>\n\n\n\n<p>La machine coloniale sioniste ne conna\u00eet aucun r\u00e9pit. Profitant du g\u00e9nocide perp\u00e9tr\u00e9 contre le peuple palestinien \u00e0 Ghaza, l&rsquo;occupation multiplie les projets d&rsquo;annexion autour d&rsquo;Al-Qods avec une brutalit\u00e9 assum\u00e9e. Le gouvernorat d&rsquo;Al-Qods a lanc\u00e9 lundi un cri d&rsquo;alarme face \u00e0 \u00ab\u00a0une dangereuse escalade du rythme des projets coloniaux\u00a0\u00bb visant \u00e0 boucler l&rsquo;\u00e9tranglement de la ville sainte. En ligne de mire : l&rsquo;approbation imminente du budget pour la construction de la route \u00ab\u00a045\u00a0\u00bb, cyniquement baptis\u00e9e \u00ab\u00a0route du Broyeur\u00a0\u00bb, qui d\u00e9vorera 280 dounoums de terres palestiniennes au nord d&rsquo;Al-Qods. Dans un communiqu\u00e9 au ton grave, le gouvernorat a d\u00e9nonc\u00e9 un projet qui \u00ab\u00a0ne constitue pas un simple d\u00e9veloppement des infrastructures, mais s&rsquo;inscrit dans le cadre d&rsquo;une strat\u00e9gie coloniale globale visant \u00e0 renforcer le r\u00e9seau des colonies et \u00e0 imposer un contr\u00f4le total sur Al-Qods et ses environs\u00a0\u00bb. Cette nouvelle art\u00e8re reliera les colonies du nord de la ville et de l&rsquo;est de Ramallah aux axes routiers coloniaux existants, tandis que d&rsquo;importants fonds sont \u00e9galement allou\u00e9s au pr\u00e9tendu \u00ab\u00a0d\u00e9veloppement\u00a0\u00bb de la route coloniale \u00ab\u00a0437\u00a0\u00bb. Le message est limpide : il s&rsquo;agit d&rsquo;un maillage territorial destin\u00e9 \u00e0 faciliter les d\u00e9placements des colons tout en fragmentant d\u00e9finitivement l&rsquo;espace de vie palestinien. Le gouvernorat a soulign\u00e9 une \u00ab\u00a0progression coloniale acc\u00e9l\u00e9r\u00e9e, du stade de la planification \u00e0 celui de l&rsquo;ex\u00e9cution\u00a0\u00bb, profitant sans vergogne de la conjoncture r\u00e9gionale et particuli\u00e8rement \u00ab\u00a0des r\u00e9percussions de la guerre g\u00e9nocidaire men\u00e9e contre le peuple palestinien dans la bande de Ghaza\u00a0\u00bb. Pendant que les regards du monde se d\u00e9tournent, hypnotis\u00e9s par l&rsquo;horreur du g\u00e9nocide \u00e0 Ghaza o\u00f9 le bilan s&rsquo;est alourdi lundi \u00e0 71.660 martyrs et 171.419 bless\u00e9s selon les autorit\u00e9s sanitaires palestiniennes, l&rsquo;occupation multiplie les faits accomplis sur le terrain d&rsquo;Al-Qods. Depuis l&rsquo;entr\u00e9e en vigueur du cessez-le-feu du 10 octobre dernier, 486 Palestiniens sont encore tomb\u00e9s en martyrs \u00e0 Ghaza et 1.341 autres ont \u00e9t\u00e9 bless\u00e9s, tandis que 714 corps ont \u00e9t\u00e9 extraits des d\u00e9combres.<\/p>\n\n\n\n<p>Les autorit\u00e9s coloniales poursuivent l&rsquo;application du plan dit de la \u00ab\u00a0Grande Jerusalem\u00a0\u00bb, destin\u00e9 \u00e0 annexer les colonies aux limites de la municipalit\u00e9 de l&rsquo;occupation. L&rsquo;objectif avou\u00e9 : \u00ab\u00a0isoler Al-Qods de son environnement palestinien et transformer les localit\u00e9s de la ville en \u00eelots fragment\u00e9s et enclav\u00e9s\u00a0\u00bb, tout en offrant aux colons \u00ab\u00a0un r\u00e9seau de routes rapides et s\u00e9curis\u00e9es qui leur est destin\u00e9\u00a0\u00bb. Une cartographie de l&rsquo;apartheid qui redessine la g\u00e9ographie de la ville sainte pour effacer toute continuit\u00e9 territoriale palestinienne.<\/p>\n\n\n\n<p>Sur le terrain, l&rsquo;escalade prend des formes toujours plus violentes. Lundi soir, les forces d&rsquo;occupation ont pris d&rsquo;assaut le camp de Qalandiya, au nord-est d&rsquo;Al-Qods occup\u00e9e, tirant des grenades assourdissantes et des bombes lacrymog\u00e8nes. Plus t\u00f4t dans la journ\u00e9e, une vaste agression militaire avait cibl\u00e9 Kafr Aqab et les abords du camp, sous pr\u00e9texte de \u00ab\u00a0renforcer le contr\u00f4le le long du mur de s\u00e9paration et d&rsquo;expansion raciste\u00a0\u00bb. Le gouvernorat d&rsquo;Al-Qods a pr\u00e9cis\u00e9 que les forces d&rsquo;occupation ont \u00ab\u00a0pris d&rsquo;assaut plusieurs immeubles r\u00e9sidentiels\u00a0\u00bb et \u00ab\u00a0proc\u00e9d\u00e9 \u00e0 l&rsquo;\u00e9vacuation forc\u00e9e de certains d&rsquo;entre eux\u00a0\u00bb, d\u00e9ployant snipers sur les toits et balcons tout en d\u00e9molissant des installations palestiniennes. Des engins militaires ont m\u00eame ras\u00e9 des sections du mur de l&rsquo;apartheid \u00e0 l&rsquo;extr\u00e9mit\u00e9 de la rue de l&rsquo;A\u00e9roport pour permettre l&rsquo;entr\u00e9e de dizaines de v\u00e9hicules militaires, ciblant notamment une parcelle officiellement enregistr\u00e9e au nom des \u00ab\u00a0Terres de l&rsquo;a\u00e9roport \u2013 Tr\u00e9sor du Royaume hach\u00e9mite de Jordanie\u00a0\u00bb.<\/p>\n\n\n\n<p><strong>Le Liban saisit le Conseil de s\u00e9curit\u00e9<\/strong><\/p>\n\n\n\n<p>Cette fr\u00e9n\u00e9sie coloniale \u00e0 Al-Qods s&rsquo;inscrit dans une dynamique r\u00e9gionale marqu\u00e9e par l&rsquo;impunit\u00e9 totale de l&rsquo;occupation. Au Liban, le minist\u00e8re des Affaires \u00e9trang\u00e8res a saisi lundi le Conseil de s\u00e9curit\u00e9 de l&rsquo;ONU d&rsquo;une plainte accompagn\u00e9e de trois tableaux recensant 2.036 violations sionistes de la souverainet\u00e9 libanaise entre octobre et d\u00e9cembre 2025 : 542 en octobre, 691 en novembre et 803 en d\u00e9cembre. L&rsquo;arm\u00e9e d&rsquo;occupation a d&rsquo;ailleurs effectu\u00e9 lundi au moins 23 frappes a\u00e9riennes sur le sud du Liban, ciblant la r\u00e9gion montagneuse de Jabbour, la vall\u00e9e de Wadi Burghuz et la ville de Meidoun, en violation flagrante du cessez-le-feu cens\u00e9 \u00eatre en vigueur depuis fin novembre 2024. L&rsquo;entit\u00e9 sioniste demeure d\u00e9ploy\u00e9e en cinq points libanais et poursuit ses attaques contre la Force int\u00e9rimaire des Nations unies (Finul).<\/p>\n\n\n\n<p>Beyrouth a rappel\u00e9 que ces actes \u00ab\u00a0constituent une atteinte \u00e0 la souverainet\u00e9 et \u00e0 l&rsquo;int\u00e9grit\u00e9 territoriale du Liban, ainsi qu&rsquo;une violation manifeste\u00a0\u00bb de la r\u00e9solution 1701 du Conseil de s\u00e9curit\u00e9, exigeant le retrait complet des forces d&rsquo;occupation \u00ab\u00a0au-del\u00e0 des fronti\u00e8res internationalement reconnues\u00a0\u00bb et la fin \u00ab\u00a0des menaces contre l&rsquo;unit\u00e9 territoriale et l&rsquo;ind\u00e9pendance politique du Liban\u00a0\u00bb. Mais comme \u00e0 Al-Qods, l&rsquo;occupation avance masqu\u00e9e derri\u00e8re les fum\u00e9es de Ghaza, sachant que le monde regarde ailleurs. Le gouvernorat d&rsquo;Al-Qods l&rsquo;a dit clairement : les autorit\u00e9s coloniales \u00ab\u00a0exploitent les diff\u00e9rentes circonstances r\u00e9gionales pour acc\u00e9l\u00e9rer la mise en \u0153uvre de ces plans, ce qui traduit une intensification des violations et des crimes commis \u00e0 l&rsquo;encontre d&rsquo;Al-Qods\u00a0\u00bb. Un constat gla\u00e7ant qui r\u00e9sume la strat\u00e9gie coloniale : profiter du chaos pour tenter de graver dans le b\u00e9ton et le bitume l&rsquo;effacement de la Palestine&nbsp;!<\/p>\n\n\n\n<p>Lyes Sa\u00efdi<\/p>\n","protected":false},"excerpt":{"rendered":"<p>Alors que le g\u00e9nocide se poursuit dans la bande de Ghaza avec plus de 71.660 martyrs, l&rsquo;entit\u00e9 sioniste acc\u00e9l\u00e8re sa<\/p>\n","protected":false},"author":6,"featured_media":80121,"comment_status":"open","ping_status":"closed","sticky":false,"template":"","format":"standard","meta":{"colormag_page_container_layout":"default_layout","colormag_page_sidebar_layout":"default_layout","om_disable_all_campaigns":false,"_monsterinsights_skip_tracking":false,"_monsterinsights_sitenote_active":false,"_monsterinsights_sitenote_note":"","_monsterinsights_sitenote_category":0,"footnotes":"","_wpscppro_dont_share_socialmedia":false,"_wpscppro_custom_social_share_image":0,"_facebook_share_type":"default","_twitter_share_type":"default","_linkedin_share_type":"default","_pinterest_share_type":"default","_linkedin_share_type_page":"","_instagram_share_type":"default","_medium_share_type":"default","_threads_share_type":"default","_google_business_share_type":"default","_selected_social_profile":[],"_wpsp_enable_custom_social_template":false,"_wpsp_social_scheduling":{"enabled":false,"datetime":null,"platforms":[],"status":"template_only","dateOption":"today","timeOption":"now","customDays":"","customHours":"","customDate":"","customTime":"","schedulingType":"absolute"},"_wpsp_active_default_template":true},"categories":[52,37],"tags":[],"class_list":["post-80120","post","type-post","status-publish","format-standard","has-post-thumbnail","hentry","category-a-la-une","category-monde"],"aioseo_notices":[],"yoast_head":"<!-- This site is optimized with the Yoast SEO plugin v27.5 - https:\/\/yoast.com\/product\/yoast-seo-wordpress\/ -->\n<title>Acc\u00e9l\u00e9ration de la colonisation et des projets d\u2019annexion sionistes\u00a0: Al-Qods lance un cri d\u2019alarme\u00a0! - La Sentinelle<\/title>\n<meta name=\"robots\" content=\"index, follow, max-snippet:-1, max-image-preview:large, max-video-preview:-1\" \/>\n<link rel=\"canonical\" href=\"https:\/\/lasentinelle.dz\/index.php\/2026\/01\/27\/acceleration-de-la-colonisation-et-des-projets-dannexion-sionistes-al-qods-lance-un-cri-dalarme\/\" \/>\n<meta property=\"og:locale\" content=\"fr_FR\" \/>\n<meta property=\"og:type\" content=\"article\" \/>\n<meta property=\"og:title\" content=\"Acc\u00e9l\u00e9ration de la colonisation et des projets d\u2019annexion sionistes\u00a0: Al-Qods lance un cri d\u2019alarme\u00a0! - La Sentinelle\" \/>\n<meta property=\"og:description\" content=\"Alors que le g\u00e9nocide se poursuit dans la bande de Ghaza avec plus de 71.660 martyrs, l&rsquo;entit\u00e9 sioniste acc\u00e9l\u00e8re sa\" \/>\n<meta property=\"og:url\" content=\"https:\/\/lasentinelle.dz\/index.php\/2026\/01\/27\/acceleration-de-la-colonisation-et-des-projets-dannexion-sionistes-al-qods-lance-un-cri-dalarme\/\" \/>\n<meta property=\"og:site_name\" content=\"La Sentinelle\" \/>\n<meta property=\"article:publisher\" content=\"https:\/\/www.facebook.com\/La-Sentinelle-104059864394773\" \/>\n<meta property=\"article:published_time\" content=\"2026-01-27T11:57:29+00:00\" \/>\n<meta property=\"article:modified_time\" content=\"2026-01-27T11:57:31+00:00\" \/>\n<meta property=\"og:image\" content=\"https:\/\/lasentinelle.dz\/wp-content\/uploads\/2026\/01\/Al-Qods.jpg\" \/>\n\t<meta property=\"og:image:width\" content=\"745\" \/>\n\t<meta property=\"og:image:height\" content=\"470\" \/>\n\t<meta property=\"og:image:type\" content=\"image\/jpeg\" \/>\n<meta name=\"author\" content=\"admin\" \/>\n<meta name=\"twitter:card\" content=\"summary_large_image\" \/>\n<meta name=\"twitter:label1\" content=\"\u00c9crit par\" \/>\n\t<meta name=\"twitter:data1\" content=\"admin\" \/>\n\t<meta name=\"twitter:label2\" content=\"Dur\u00e9e de lecture estim\u00e9e\" \/>\n\t<meta name=\"twitter:data2\" content=\"5 minutes\" \/>\n<script type=\"application\/ld+json\" class=\"yoast-schema-graph\">{\"@context\":\"https:\\\/\\\/schema.org\",\"@graph\":[{\"@type\":\"Article\",\"@id\":\"https:\\\/\\\/lasentinelle.dz\\\/index.php\\\/2026\\\/01\\\/27\\\/acceleration-de-la-colonisation-et-des-projets-dannexion-sionistes-al-qods-lance-un-cri-dalarme\\\/#article\",\"isPartOf\":{\"@id\":\"https:\\\/\\\/lasentinelle.dz\\\/index.php\\\/2026\\\/01\\\/27\\\/acceleration-de-la-colonisation-et-des-projets-dannexion-sionistes-al-qods-lance-un-cri-dalarme\\\/\"},\"author\":{\"name\":\"admin\",\"@id\":\"https:\\\/\\\/lasentinelle.dz\\\/#\\\/schema\\\/person\\\/729ee0024f24e0b8c5ec17232f8e8b41\"},\"headline\":\"Acc\u00e9l\u00e9ration de la colonisation et des projets d\u2019annexion sionistes\u00a0: Al-Qods lance un cri d\u2019alarme\u00a0!\",\"datePublished\":\"2026-01-27T11:57:29+00:00\",\"dateModified\":\"2026-01-27T11:57:31+00:00\",\"mainEntityOfPage\":{\"@id\":\"https:\\\/\\\/lasentinelle.dz\\\/index.php\\\/2026\\\/01\\\/27\\\/acceleration-de-la-colonisation-et-des-projets-dannexion-sionistes-al-qods-lance-un-cri-dalarme\\\/\"},\"wordCount\":1002,\"commentCount\":0,\"publisher\":{\"@id\":\"https:\\\/\\\/lasentinelle.dz\\\/#organization\"},\"image\":{\"@id\":\"https:\\\/\\\/lasentinelle.dz\\\/index.php\\\/2026\\\/01\\\/27\\\/acceleration-de-la-colonisation-et-des-projets-dannexion-sionistes-al-qods-lance-un-cri-dalarme\\\/#primaryimage\"},\"thumbnailUrl\":\"https:\\\/\\\/lasentinelle.dz\\\/wp-content\\\/uploads\\\/2026\\\/01\\\/Al-Qods.jpg\",\"articleSection\":[\"\u00c0 la Une\",\"Monde\"],\"inLanguage\":\"fr-FR\",\"potentialAction\":[{\"@type\":\"CommentAction\",\"name\":\"Comment\",\"target\":[\"https:\\\/\\\/lasentinelle.dz\\\/index.php\\\/2026\\\/01\\\/27\\\/acceleration-de-la-colonisation-et-des-projets-dannexion-sionistes-al-qods-lance-un-cri-dalarme\\\/#respond\"]}]},{\"@type\":\"WebPage\",\"@id\":\"https:\\\/\\\/lasentinelle.dz\\\/index.php\\\/2026\\\/01\\\/27\\\/acceleration-de-la-colonisation-et-des-projets-dannexion-sionistes-al-qods-lance-un-cri-dalarme\\\/\",\"url\":\"https:\\\/\\\/lasentinelle.dz\\\/index.php\\\/2026\\\/01\\\/27\\\/acceleration-de-la-colonisation-et-des-projets-dannexion-sionistes-al-qods-lance-un-cri-dalarme\\\/\",\"name\":\"Acc\u00e9l\u00e9ration de la colonisation et des projets d\u2019annexion sionistes\u00a0: Al-Qods lance un cri d\u2019alarme\u00a0! - La Sentinelle\",\"isPartOf\":{\"@id\":\"https:\\\/\\\/lasentinelle.dz\\\/#website\"},\"primaryImageOfPage\":{\"@id\":\"https:\\\/\\\/lasentinelle.dz\\\/index.php\\\/2026\\\/01\\\/27\\\/acceleration-de-la-colonisation-et-des-projets-dannexion-sionistes-al-qods-lance-un-cri-dalarme\\\/#primaryimage\"},\"image\":{\"@id\":\"https:\\\/\\\/lasentinelle.dz\\\/index.php\\\/2026\\\/01\\\/27\\\/acceleration-de-la-colonisation-et-des-projets-dannexion-sionistes-al-qods-lance-un-cri-dalarme\\\/#primaryimage\"},\"thumbnailUrl\":\"https:\\\/\\\/lasentinelle.dz\\\/wp-content\\\/uploads\\\/2026\\\/01\\\/Al-Qods.jpg\",\"datePublished\":\"2026-01-27T11:57:29+00:00\",\"dateModified\":\"2026-01-27T11:57:31+00:00\",\"breadcrumb\":{\"@id\":\"https:\\\/\\\/lasentinelle.dz\\\/index.php\\\/2026\\\/01\\\/27\\\/acceleration-de-la-colonisation-et-des-projets-dannexion-sionistes-al-qods-lance-un-cri-dalarme\\\/#breadcrumb\"},\"inLanguage\":\"fr-FR\",\"potentialAction\":[{\"@type\":\"ReadAction\",\"target\":[\"https:\\\/\\\/lasentinelle.dz\\\/index.php\\\/2026\\\/01\\\/27\\\/acceleration-de-la-colonisation-et-des-projets-dannexion-sionistes-al-qods-lance-un-cri-dalarme\\\/\"]}]},{\"@type\":\"ImageObject\",\"inLanguage\":\"fr-FR\",\"@id\":\"https:\\\/\\\/lasentinelle.dz\\\/index.php\\\/2026\\\/01\\\/27\\\/acceleration-de-la-colonisation-et-des-projets-dannexion-sionistes-al-qods-lance-un-cri-dalarme\\\/#primaryimage\",\"url\":\"https:\\\/\\\/lasentinelle.dz\\\/wp-content\\\/uploads\\\/2026\\\/01\\\/Al-Qods.jpg\",\"contentUrl\":\"https:\\\/\\\/lasentinelle.dz\\\/wp-content\\\/uploads\\\/2026\\\/01\\\/Al-Qods.jpg\",\"width\":745,\"height\":470},{\"@type\":\"BreadcrumbList\",\"@id\":\"https:\\\/\\\/lasentinelle.dz\\\/index.php\\\/2026\\\/01\\\/27\\\/acceleration-de-la-colonisation-et-des-projets-dannexion-sionistes-al-qods-lance-un-cri-dalarme\\\/#breadcrumb\",\"itemListElement\":[{\"@type\":\"ListItem\",\"position\":1,\"name\":\"Accueil\",\"item\":\"https:\\\/\\\/lasentinelle.dz\\\/\"},{\"@type\":\"ListItem\",\"position\":2,\"name\":\"Acc\u00e9l\u00e9ration de la colonisation et des projets d\u2019annexion sionistes\u00a0: Al-Qods lance un cri d\u2019alarme\u00a0!\"}]},{\"@type\":\"WebSite\",\"@id\":\"https:\\\/\\\/lasentinelle.dz\\\/#website\",\"url\":\"https:\\\/\\\/lasentinelle.dz\\\/\",\"name\":\"La Sentinelle\",\"description\":\"Quotidien national d&#039;information\",\"publisher\":{\"@id\":\"https:\\\/\\\/lasentinelle.dz\\\/#organization\"},\"potentialAction\":[{\"@type\":\"SearchAction\",\"target\":{\"@type\":\"EntryPoint\",\"urlTemplate\":\"https:\\\/\\\/lasentinelle.dz\\\/?s={search_term_string}\"},\"query-input\":{\"@type\":\"PropertyValueSpecification\",\"valueRequired\":true,\"valueName\":\"search_term_string\"}}],\"inLanguage\":\"fr-FR\"},{\"@type\":\"Organization\",\"@id\":\"https:\\\/\\\/lasentinelle.dz\\\/#organization\",\"name\":\"Quotidien La Sentinelle\",\"url\":\"https:\\\/\\\/lasentinelle.dz\\\/\",\"logo\":{\"@type\":\"ImageObject\",\"inLanguage\":\"fr-FR\",\"@id\":\"https:\\\/\\\/lasentinelle.dz\\\/#\\\/schema\\\/logo\\\/image\\\/\",\"url\":\"https:\\\/\\\/lasentinelle.dz\\\/wp-content\\\/uploads\\\/2021\\\/09\\\/logo-sentinelleSLOGAN-1.png\",\"contentUrl\":\"https:\\\/\\\/lasentinelle.dz\\\/wp-content\\\/uploads\\\/2021\\\/09\\\/logo-sentinelleSLOGAN-1.png\",\"width\":615,\"height\":142,\"caption\":\"Quotidien La Sentinelle\"},\"image\":{\"@id\":\"https:\\\/\\\/lasentinelle.dz\\\/#\\\/schema\\\/logo\\\/image\\\/\"},\"sameAs\":[\"https:\\\/\\\/www.facebook.com\\\/La-Sentinelle-104059864394773\"]},{\"@type\":\"Person\",\"@id\":\"https:\\\/\\\/lasentinelle.dz\\\/#\\\/schema\\\/person\\\/729ee0024f24e0b8c5ec17232f8e8b41\",\"name\":\"admin\",\"image\":{\"@type\":\"ImageObject\",\"inLanguage\":\"fr-FR\",\"@id\":\"https:\\\/\\\/secure.gravatar.com\\\/avatar\\\/4c81fed838786e9b53f540bf46533e750f5d292099ae3b66cfc6fb1982e29df7?s=96&d=mm&r=g\",\"url\":\"https:\\\/\\\/secure.gravatar.com\\\/avatar\\\/4c81fed838786e9b53f540bf46533e750f5d292099ae3b66cfc6fb1982e29df7?s=96&d=mm&r=g\",\"contentUrl\":\"https:\\\/\\\/secure.gravatar.com\\\/avatar\\\/4c81fed838786e9b53f540bf46533e750f5d292099ae3b66cfc6fb1982e29df7?s=96&d=mm&r=g\",\"caption\":\"admin\"},\"description\":\"admin\",\"url\":\"https:\\\/\\\/lasentinelle.dz\\\/author\\\/admin\\\/\"}]}<\/script>\n<!-- \/ Yoast SEO plugin. -->","yoast_head_json":{"title":"Acc\u00e9l\u00e9ration de la colonisation et des projets d\u2019annexion sionistes\u00a0: Al-Qods lance un cri d\u2019alarme\u00a0! - La Sentinelle","robots":{"index":"index","follow":"follow","max-snippet":"max-snippet:-1","max-image-preview":"max-image-preview:large","max-video-preview":"max-video-preview:-1"},"canonical":"https:\/\/lasentinelle.dz\/index.php\/2026\/01\/27\/acceleration-de-la-colonisation-et-des-projets-dannexion-sionistes-al-qods-lance-un-cri-dalarme\/","og_locale":"fr_FR","og_type":"article","og_title":"Acc\u00e9l\u00e9ration de la colonisation et des projets d\u2019annexion sionistes\u00a0: Al-Qods lance un cri d\u2019alarme\u00a0! - La Sentinelle","og_description":"Alors que le g\u00e9nocide se poursuit dans la bande de Ghaza avec plus de 71.660 martyrs, l&rsquo;entit\u00e9 sioniste acc\u00e9l\u00e8re sa","og_url":"https:\/\/lasentinelle.dz\/index.php\/2026\/01\/27\/acceleration-de-la-colonisation-et-des-projets-dannexion-sionistes-al-qods-lance-un-cri-dalarme\/","og_site_name":"La Sentinelle","article_publisher":"https:\/\/www.facebook.com\/La-Sentinelle-104059864394773","article_published_time":"2026-01-27T11:57:29+00:00","article_modified_time":"2026-01-27T11:57:31+00:00","og_image":[{"width":745,"height":470,"url":"https:\/\/lasentinelle.dz\/wp-content\/uploads\/2026\/01\/Al-Qods.jpg","type":"image\/jpeg"}],"author":"admin","twitter_card":"summary_large_image","twitter_misc":{"\u00c9crit par":"admin","Dur\u00e9e de lecture estim\u00e9e":"5 minutes"},"schema":{"@context":"https:\/\/schema.org","@graph":[{"@type":"Article","@id":"https:\/\/lasentinelle.dz\/index.php\/2026\/01\/27\/acceleration-de-la-colonisation-et-des-projets-dannexion-sionistes-al-qods-lance-un-cri-dalarme\/#article","isPartOf":{"@id":"https:\/\/lasentinelle.dz\/index.php\/2026\/01\/27\/acceleration-de-la-colonisation-et-des-projets-dannexion-sionistes-al-qods-lance-un-cri-dalarme\/"},"author":{"name":"admin","@id":"https:\/\/lasentinelle.dz\/#\/schema\/person\/729ee0024f24e0b8c5ec17232f8e8b41"},"headline":"Acc\u00e9l\u00e9ration de la colonisation et des projets d\u2019annexion sionistes\u00a0: Al-Qods lance un cri d\u2019alarme\u00a0!","datePublished":"2026-01-27T11:57:29+00:00","dateModified":"2026-01-27T11:57:31+00:00","mainEntityOfPage":{"@id":"https:\/\/lasentinelle.dz\/index.php\/2026\/01\/27\/acceleration-de-la-colonisation-et-des-projets-dannexion-sionistes-al-qods-lance-un-cri-dalarme\/"},"wordCount":1002,"commentCount":0,"publisher":{"@id":"https:\/\/lasentinelle.dz\/#organization"},"image":{"@id":"https:\/\/lasentinelle.dz\/index.php\/2026\/01\/27\/acceleration-de-la-colonisation-et-des-projets-dannexion-sionistes-al-qods-lance-un-cri-dalarme\/#primaryimage"},"thumbnailUrl":"https:\/\/lasentinelle.dz\/wp-content\/uploads\/2026\/01\/Al-Qods.jpg","articleSection":["\u00c0 la Une","Monde"],"inLanguage":"fr-FR","potentialAction":[{"@type":"CommentAction","name":"Comment","target":["https:\/\/lasentinelle.dz\/index.php\/2026\/01\/27\/acceleration-de-la-colonisation-et-des-projets-dannexion-sionistes-al-qods-lance-un-cri-dalarme\/#respond"]}]},{"@type":"WebPage","@id":"https:\/\/lasentinelle.dz\/index.php\/2026\/01\/27\/acceleration-de-la-colonisation-et-des-projets-dannexion-sionistes-al-qods-lance-un-cri-dalarme\/","url":"https:\/\/lasentinelle.dz\/index.php\/2026\/01\/27\/acceleration-de-la-colonisation-et-des-projets-dannexion-sionistes-al-qods-lance-un-cri-dalarme\/","name":"Acc\u00e9l\u00e9ration de la colonisation et des projets d\u2019annexion sionistes\u00a0: Al-Qods lance un cri d\u2019alarme\u00a0! - La Sentinelle","isPartOf":{"@id":"https:\/\/lasentinelle.dz\/#website"},"primaryImageOfPage":{"@id":"https:\/\/lasentinelle.dz\/index.php\/2026\/01\/27\/acceleration-de-la-colonisation-et-des-projets-dannexion-sionistes-al-qods-lance-un-cri-dalarme\/#primaryimage"},"image":{"@id":"https:\/\/lasentinelle.dz\/index.php\/2026\/01\/27\/acceleration-de-la-colonisation-et-des-projets-dannexion-sionistes-al-qods-lance-un-cri-dalarme\/#primaryimage"},"thumbnailUrl":"https:\/\/lasentinelle.dz\/wp-content\/uploads\/2026\/01\/Al-Qods.jpg","datePublished":"2026-01-27T11:57:29+00:00","dateModified":"2026-01-27T11:57:31+00:00","breadcrumb":{"@id":"https:\/\/lasentinelle.dz\/index.php\/2026\/01\/27\/acceleration-de-la-colonisation-et-des-projets-dannexion-sionistes-al-qods-lance-un-cri-dalarme\/#breadcrumb"},"inLanguage":"fr-FR","potentialAction":[{"@type":"ReadAction","target":["https:\/\/lasentinelle.dz\/index.php\/2026\/01\/27\/acceleration-de-la-colonisation-et-des-projets-dannexion-sionistes-al-qods-lance-un-cri-dalarme\/"]}]},{"@type":"ImageObject","inLanguage":"fr-FR","@id":"https:\/\/lasentinelle.dz\/index.php\/2026\/01\/27\/acceleration-de-la-colonisation-et-des-projets-dannexion-sionistes-al-qods-lance-un-cri-dalarme\/#primaryimage","url":"https:\/\/lasentinelle.dz\/wp-content\/uploads\/2026\/01\/Al-Qods.jpg","contentUrl":"https:\/\/lasentinelle.dz\/wp-content\/uploads\/2026\/01\/Al-Qods.jpg","width":745,"height":470},{"@type":"BreadcrumbList","@id":"https:\/\/lasentinelle.dz\/index.php\/2026\/01\/27\/acceleration-de-la-colonisation-et-des-projets-dannexion-sionistes-al-qods-lance-un-cri-dalarme\/#breadcrumb","itemListElement":[{"@type":"ListItem","position":1,"name":"Accueil","item":"https:\/\/lasentinelle.dz\/"},{"@type":"ListItem","position":2,"name":"Acc\u00e9l\u00e9ration de la colonisation et des projets d\u2019annexion sionistes\u00a0: Al-Qods lance un cri d\u2019alarme\u00a0!"}]},{"@type":"WebSite","@id":"https:\/\/lasentinelle.dz\/#website","url":"https:\/\/lasentinelle.dz\/","name":"La Sentinelle","description":"Quotidien national d&#039;information","publisher":{"@id":"https:\/\/lasentinelle.dz\/#organization"},"potentialAction":[{"@type":"SearchAction","target":{"@type":"EntryPoint","urlTemplate":"https:\/\/lasentinelle.dz\/?s={search_term_string}"},"query-input":{"@type":"PropertyValueSpecification","valueRequired":true,"valueName":"search_term_string"}}],"inLanguage":"fr-FR"},{"@type":"Organization","@id":"https:\/\/lasentinelle.dz\/#organization","name":"Quotidien La Sentinelle","url":"https:\/\/lasentinelle.dz\/","logo":{"@type":"ImageObject","inLanguage":"fr-FR","@id":"https:\/\/lasentinelle.dz\/#\/schema\/logo\/image\/","url":"https:\/\/lasentinelle.dz\/wp-content\/uploads\/2021\/09\/logo-sentinelleSLOGAN-1.png","contentUrl":"https:\/\/lasentinelle.dz\/wp-content\/uploads\/2021\/09\/logo-sentinelleSLOGAN-1.png","width":615,"height":142,"caption":"Quotidien La Sentinelle"},"image":{"@id":"https:\/\/lasentinelle.dz\/#\/schema\/logo\/image\/"},"sameAs":["https:\/\/www.facebook.com\/La-Sentinelle-104059864394773"]},{"@type":"Person","@id":"https:\/\/lasentinelle.dz\/#\/schema\/person\/729ee0024f24e0b8c5ec17232f8e8b41","name":"admin","image":{"@type":"ImageObject","inLanguage":"fr-FR","@id":"https:\/\/secure.gravatar.com\/avatar\/4c81fed838786e9b53f540bf46533e750f5d292099ae3b66cfc6fb1982e29df7?s=96&d=mm&r=g","url":"https:\/\/secure.gravatar.com\/avatar\/4c81fed838786e9b53f540bf46533e750f5d292099ae3b66cfc6fb1982e29df7?s=96&d=mm&r=g","contentUrl":"https:\/\/secure.gravatar.com\/avatar\/4c81fed838786e9b53f540bf46533e750f5d292099ae3b66cfc6fb1982e29df7?s=96&d=mm&r=g","caption":"admin"},"description":"admin","url":"https:\/\/lasentinelle.dz\/author\/admin\/"}]}},"_links":{"self":[{"href":"https:\/\/lasentinelle.dz\/index.php\/wp-json\/wp\/v2\/posts\/80120","targetHints":{"allow":["GET"]}}],"collection":[{"href":"https:\/\/lasentinelle.dz\/index.php\/wp-json\/wp\/v2\/posts"}],"about":[{"href":"https:\/\/lasentinelle.dz\/index.php\/wp-json\/wp\/v2\/types\/post"}],"author":[{"embeddable":true,"href":"https:\/\/lasentinelle.dz\/index.php\/wp-json\/wp\/v2\/users\/6"}],"replies":[{"embeddable":true,"href":"https:\/\/lasentinelle.dz\/index.php\/wp-json\/wp\/v2\/comments?post=80120"}],"version-history":[{"count":1,"href":"https:\/\/lasentinelle.dz\/index.php\/wp-json\/wp\/v2\/posts\/80120\/revisions"}],"predecessor-version":[{"id":80122,"href":"https:\/\/lasentinelle.dz\/index.php\/wp-json\/wp\/v2\/posts\/80120\/revisions\/80122"}],"wp:featuredmedia":[{"embeddable":true,"href":"https:\/\/lasentinelle.dz\/index.php\/wp-json\/wp\/v2\/media\/80121"}],"wp:attachment":[{"href":"https:\/\/lasentinelle.dz\/index.php\/wp-json\/wp\/v2\/media?parent=80120"}],"wp:term":[{"taxonomy":"category","embeddable":true,"href":"https:\/\/lasentinelle.dz\/index.php\/wp-json\/wp\/v2\/categories?post=80120"},{"taxonomy":"post_tag","embeddable":true,"href":"https:\/\/lasentinelle.dz\/index.php\/wp-json\/wp\/v2\/tags?post=80120"}],"curies":[{"name":"wp","href":"https:\/\/api.w.org\/{rel}","templated":true}]}}