{"id":80123,"date":"2026-01-27T12:58:17","date_gmt":"2026-01-27T11:58:17","guid":{"rendered":"https:\/\/lasentinelle.dz\/?p=80123"},"modified":"2026-01-27T12:58:18","modified_gmt":"2026-01-27T11:58:18","slug":"aarc-ouverture-des-candidatures-pour-le-tres-court-film-lab","status":"publish","type":"post","link":"https:\/\/lasentinelle.dz\/index.php\/2026\/01\/27\/aarc-ouverture-des-candidatures-pour-le-tres-court-film-lab\/","title":{"rendered":"AARC\u00a0: Ouverture des candidatures pour le \u00ab\u00a0Tr\u00e8s court film Lab"},"content":{"rendered":"\n<p>L&rsquo;Agence alg\u00e9rienne pour le rayonnement culturel (AARC) vient d&rsquo;annoncer l&rsquo;ouverture des candidatures pour la premi\u00e8re \u00e9dition du \u00ab\u00a0Tr\u00e8s court film Lab\u00a0\u00bb, une initiative qui s&rsquo;inscrit pleinement dans la dynamique de d\u00e9veloppement de l&rsquo;industrie cin\u00e9matographique alg\u00e9rienne. Cet atelier d\u00e9di\u00e9 \u00e0 la cr\u00e9ation de films tr\u00e8s courts repr\u00e9sente une nouvelle \u00e9tape dans les efforts d\u00e9ploy\u00e9s par les institutions culturelles pour professionnaliser le secteur audiovisuel et offrir aux jeunes talents des opportunit\u00e9s concr\u00e8tes de formation et de production. Selon le communiqu\u00e9 publi\u00e9 lundi par l&rsquo;AARC, \u00ab\u00a0six participants seront s\u00e9lectionn\u00e9s pour suivre une formation dans le cadre d&rsquo;un atelier cr\u00e9atif, pr\u00e9vu du 1er au 30 avril prochain \u00e0 Dar Abdelatif\u00a0\u00bb. Cette r\u00e9sidence d&rsquo;un mois s&rsquo;annonce comme une exp\u00e9rience immersive compl\u00e8te, loin des formations th\u00e9oriques classiques. Les heureux \u00e9lus b\u00e9n\u00e9ficieront d&rsquo;un accompagnement sur l&rsquo;ensemble de la cha\u00eene de cr\u00e9ation cin\u00e9matographique, allant de l&rsquo;\u00e9criture du sc\u00e9nario jusqu&rsquo;\u00e0 la post-production, en passant par toutes les \u00e9tapes de la r\u00e9alisation. L&rsquo;encadrement de cet atelier a \u00e9t\u00e9 confi\u00e9 \u00e0 deux figures reconnues du cin\u00e9ma alg\u00e9rien, Ismail Soufit et Aissa Djouam\u00e2a, qui animeront \u00e0 la fois l&rsquo;atelier pratique et une master-class.&nbsp;&nbsp;L&rsquo;ambition du projet ne se limite pas \u00e0 la formation. Les organisateurs pr\u00e9cisent que \u00ab\u00a0six courts m\u00e9trages d&rsquo;une dur\u00e9e de 1 \u00e0 5 minutes seront produits et auront l&rsquo;opportunit\u00e9 de participer \u00e0 des festivals et \u00e9v\u00e9nements nationaux et internationaux\u00a0\u00bb.&nbsp;<\/p>\n\n\n\n<p>M.S.<\/p>\n","protected":false},"excerpt":{"rendered":"<p>L&rsquo;Agence alg\u00e9rienne pour le rayonnement culturel (AARC) vient d&rsquo;annoncer l&rsquo;ouverture des candidatures pour la premi\u00e8re \u00e9dition du \u00ab\u00a0Tr\u00e8s court film<\/p>\n","protected":false},"author":6,"featured_media":67745,"comment_status":"open","ping_status":"closed","sticky":false,"template":"","format":"standard","meta":{"colormag_page_container_layout":"default_layout","colormag_page_sidebar_layout":"default_layout","om_disable_all_campaigns":false,"_monsterinsights_skip_tracking":false,"_monsterinsights_sitenote_active":false,"_monsterinsights_sitenote_note":"","_monsterinsights_sitenote_category":0,"footnotes":"","_wpscppro_dont_share_socialmedia":false,"_wpscppro_custom_social_share_image":0,"_facebook_share_type":"default","_twitter_share_type":"default","_linkedin_share_type":"default","_pinterest_share_type":"default","_linkedin_share_type_page":"","_instagram_share_type":"default","_medium_share_type":"default","_threads_share_type":"default","_google_business_share_type":"default","_selected_social_profile":[],"_wpsp_enable_custom_social_template":false,"_wpsp_social_scheduling":{"enabled":false,"datetime":null,"platforms":[],"status":"template_only","dateOption":"today","timeOption":"now","customDays":"","customHours":"","customDate":"","customTime":"","schedulingType":"absolute"},"_wpsp_active_default_template":true},"categories":[36],"tags":[],"class_list":["post-80123","post","type-post","status-publish","format-standard","has-post-thumbnail","hentry","category-culture"],"aioseo_notices":[],"yoast_head":"<!-- This site is optimized with the Yoast SEO plugin v27.5 - https:\/\/yoast.com\/product\/yoast-seo-wordpress\/ -->\n<title>AARC\u00a0: Ouverture des candidatures pour le \u00ab\u00a0Tr\u00e8s court film Lab - La Sentinelle<\/title>\n<meta name=\"robots\" content=\"index, follow, max-snippet:-1, max-image-preview:large, max-video-preview:-1\" \/>\n<link rel=\"canonical\" href=\"https:\/\/lasentinelle.dz\/index.php\/2026\/01\/27\/aarc-ouverture-des-candidatures-pour-le-tres-court-film-lab\/\" \/>\n<meta property=\"og:locale\" content=\"fr_FR\" \/>\n<meta property=\"og:type\" content=\"article\" \/>\n<meta property=\"og:title\" content=\"AARC\u00a0: Ouverture des candidatures pour le \u00ab\u00a0Tr\u00e8s court film Lab - La Sentinelle\" \/>\n<meta property=\"og:description\" content=\"L&rsquo;Agence alg\u00e9rienne pour le rayonnement culturel (AARC) vient d&rsquo;annoncer l&rsquo;ouverture des candidatures pour la premi\u00e8re \u00e9dition du \u00ab\u00a0Tr\u00e8s court film\" \/>\n<meta property=\"og:url\" content=\"https:\/\/lasentinelle.dz\/index.php\/2026\/01\/27\/aarc-ouverture-des-candidatures-pour-le-tres-court-film-lab\/\" \/>\n<meta property=\"og:site_name\" content=\"La Sentinelle\" \/>\n<meta property=\"article:publisher\" content=\"https:\/\/www.facebook.com\/La-Sentinelle-104059864394773\" \/>\n<meta property=\"article:published_time\" content=\"2026-01-27T11:58:17+00:00\" \/>\n<meta property=\"article:modified_time\" content=\"2026-01-27T11:58:18+00:00\" \/>\n<meta property=\"og:image\" content=\"https:\/\/lasentinelle.dz\/wp-content\/uploads\/2025\/05\/AARC.png\" \/>\n\t<meta property=\"og:image:width\" content=\"600\" \/>\n\t<meta property=\"og:image:height\" content=\"433\" \/>\n\t<meta property=\"og:image:type\" content=\"image\/png\" \/>\n<meta name=\"author\" content=\"admin\" \/>\n<meta name=\"twitter:card\" content=\"summary_large_image\" \/>\n<meta name=\"twitter:label1\" content=\"\u00c9crit par\" \/>\n\t<meta name=\"twitter:data1\" content=\"admin\" \/>\n\t<meta name=\"twitter:label2\" content=\"Dur\u00e9e de lecture estim\u00e9e\" \/>\n\t<meta name=\"twitter:data2\" content=\"2 minutes\" \/>\n<script type=\"application\/ld+json\" class=\"yoast-schema-graph\">{\"@context\":\"https:\\\/\\\/schema.org\",\"@graph\":[{\"@type\":\"Article\",\"@id\":\"https:\\\/\\\/lasentinelle.dz\\\/index.php\\\/2026\\\/01\\\/27\\\/aarc-ouverture-des-candidatures-pour-le-tres-court-film-lab\\\/#article\",\"isPartOf\":{\"@id\":\"https:\\\/\\\/lasentinelle.dz\\\/index.php\\\/2026\\\/01\\\/27\\\/aarc-ouverture-des-candidatures-pour-le-tres-court-film-lab\\\/\"},\"author\":{\"name\":\"admin\",\"@id\":\"https:\\\/\\\/lasentinelle.dz\\\/#\\\/schema\\\/person\\\/729ee0024f24e0b8c5ec17232f8e8b41\"},\"headline\":\"AARC\u00a0: Ouverture des candidatures pour le \u00ab\u00a0Tr\u00e8s court film Lab\",\"datePublished\":\"2026-01-27T11:58:17+00:00\",\"dateModified\":\"2026-01-27T11:58:18+00:00\",\"mainEntityOfPage\":{\"@id\":\"https:\\\/\\\/lasentinelle.dz\\\/index.php\\\/2026\\\/01\\\/27\\\/aarc-ouverture-des-candidatures-pour-le-tres-court-film-lab\\\/\"},\"wordCount\":279,\"commentCount\":0,\"publisher\":{\"@id\":\"https:\\\/\\\/lasentinelle.dz\\\/#organization\"},\"image\":{\"@id\":\"https:\\\/\\\/lasentinelle.dz\\\/index.php\\\/2026\\\/01\\\/27\\\/aarc-ouverture-des-candidatures-pour-le-tres-court-film-lab\\\/#primaryimage\"},\"thumbnailUrl\":\"https:\\\/\\\/lasentinelle.dz\\\/wp-content\\\/uploads\\\/2025\\\/05\\\/AARC.png\",\"articleSection\":[\"Culture\"],\"inLanguage\":\"fr-FR\",\"potentialAction\":[{\"@type\":\"CommentAction\",\"name\":\"Comment\",\"target\":[\"https:\\\/\\\/lasentinelle.dz\\\/index.php\\\/2026\\\/01\\\/27\\\/aarc-ouverture-des-candidatures-pour-le-tres-court-film-lab\\\/#respond\"]}]},{\"@type\":\"WebPage\",\"@id\":\"https:\\\/\\\/lasentinelle.dz\\\/index.php\\\/2026\\\/01\\\/27\\\/aarc-ouverture-des-candidatures-pour-le-tres-court-film-lab\\\/\",\"url\":\"https:\\\/\\\/lasentinelle.dz\\\/index.php\\\/2026\\\/01\\\/27\\\/aarc-ouverture-des-candidatures-pour-le-tres-court-film-lab\\\/\",\"name\":\"AARC\u00a0: Ouverture des candidatures pour le \u00ab\u00a0Tr\u00e8s court film Lab - La Sentinelle\",\"isPartOf\":{\"@id\":\"https:\\\/\\\/lasentinelle.dz\\\/#website\"},\"primaryImageOfPage\":{\"@id\":\"https:\\\/\\\/lasentinelle.dz\\\/index.php\\\/2026\\\/01\\\/27\\\/aarc-ouverture-des-candidatures-pour-le-tres-court-film-lab\\\/#primaryimage\"},\"image\":{\"@id\":\"https:\\\/\\\/lasentinelle.dz\\\/index.php\\\/2026\\\/01\\\/27\\\/aarc-ouverture-des-candidatures-pour-le-tres-court-film-lab\\\/#primaryimage\"},\"thumbnailUrl\":\"https:\\\/\\\/lasentinelle.dz\\\/wp-content\\\/uploads\\\/2025\\\/05\\\/AARC.png\",\"datePublished\":\"2026-01-27T11:58:17+00:00\",\"dateModified\":\"2026-01-27T11:58:18+00:00\",\"breadcrumb\":{\"@id\":\"https:\\\/\\\/lasentinelle.dz\\\/index.php\\\/2026\\\/01\\\/27\\\/aarc-ouverture-des-candidatures-pour-le-tres-court-film-lab\\\/#breadcrumb\"},\"inLanguage\":\"fr-FR\",\"potentialAction\":[{\"@type\":\"ReadAction\",\"target\":[\"https:\\\/\\\/lasentinelle.dz\\\/index.php\\\/2026\\\/01\\\/27\\\/aarc-ouverture-des-candidatures-pour-le-tres-court-film-lab\\\/\"]}]},{\"@type\":\"ImageObject\",\"inLanguage\":\"fr-FR\",\"@id\":\"https:\\\/\\\/lasentinelle.dz\\\/index.php\\\/2026\\\/01\\\/27\\\/aarc-ouverture-des-candidatures-pour-le-tres-court-film-lab\\\/#primaryimage\",\"url\":\"https:\\\/\\\/lasentinelle.dz\\\/wp-content\\\/uploads\\\/2025\\\/05\\\/AARC.png\",\"contentUrl\":\"https:\\\/\\\/lasentinelle.dz\\\/wp-content\\\/uploads\\\/2025\\\/05\\\/AARC.png\",\"width\":600,\"height\":433},{\"@type\":\"BreadcrumbList\",\"@id\":\"https:\\\/\\\/lasentinelle.dz\\\/index.php\\\/2026\\\/01\\\/27\\\/aarc-ouverture-des-candidatures-pour-le-tres-court-film-lab\\\/#breadcrumb\",\"itemListElement\":[{\"@type\":\"ListItem\",\"position\":1,\"name\":\"Accueil\",\"item\":\"https:\\\/\\\/lasentinelle.dz\\\/\"},{\"@type\":\"ListItem\",\"position\":2,\"name\":\"AARC\u00a0: Ouverture des candidatures pour le \u00ab\u00a0Tr\u00e8s court film Lab\"}]},{\"@type\":\"WebSite\",\"@id\":\"https:\\\/\\\/lasentinelle.dz\\\/#website\",\"url\":\"https:\\\/\\\/lasentinelle.dz\\\/\",\"name\":\"La Sentinelle\",\"description\":\"Quotidien national d&#039;information\",\"publisher\":{\"@id\":\"https:\\\/\\\/lasentinelle.dz\\\/#organization\"},\"potentialAction\":[{\"@type\":\"SearchAction\",\"target\":{\"@type\":\"EntryPoint\",\"urlTemplate\":\"https:\\\/\\\/lasentinelle.dz\\\/?s={search_term_string}\"},\"query-input\":{\"@type\":\"PropertyValueSpecification\",\"valueRequired\":true,\"valueName\":\"search_term_string\"}}],\"inLanguage\":\"fr-FR\"},{\"@type\":\"Organization\",\"@id\":\"https:\\\/\\\/lasentinelle.dz\\\/#organization\",\"name\":\"Quotidien La Sentinelle\",\"url\":\"https:\\\/\\\/lasentinelle.dz\\\/\",\"logo\":{\"@type\":\"ImageObject\",\"inLanguage\":\"fr-FR\",\"@id\":\"https:\\\/\\\/lasentinelle.dz\\\/#\\\/schema\\\/logo\\\/image\\\/\",\"url\":\"https:\\\/\\\/lasentinelle.dz\\\/wp-content\\\/uploads\\\/2021\\\/09\\\/logo-sentinelleSLOGAN-1.png\",\"contentUrl\":\"https:\\\/\\\/lasentinelle.dz\\\/wp-content\\\/uploads\\\/2021\\\/09\\\/logo-sentinelleSLOGAN-1.png\",\"width\":615,\"height\":142,\"caption\":\"Quotidien La Sentinelle\"},\"image\":{\"@id\":\"https:\\\/\\\/lasentinelle.dz\\\/#\\\/schema\\\/logo\\\/image\\\/\"},\"sameAs\":[\"https:\\\/\\\/www.facebook.com\\\/La-Sentinelle-104059864394773\"]},{\"@type\":\"Person\",\"@id\":\"https:\\\/\\\/lasentinelle.dz\\\/#\\\/schema\\\/person\\\/729ee0024f24e0b8c5ec17232f8e8b41\",\"name\":\"admin\",\"image\":{\"@type\":\"ImageObject\",\"inLanguage\":\"fr-FR\",\"@id\":\"https:\\\/\\\/secure.gravatar.com\\\/avatar\\\/4c81fed838786e9b53f540bf46533e750f5d292099ae3b66cfc6fb1982e29df7?s=96&d=mm&r=g\",\"url\":\"https:\\\/\\\/secure.gravatar.com\\\/avatar\\\/4c81fed838786e9b53f540bf46533e750f5d292099ae3b66cfc6fb1982e29df7?s=96&d=mm&r=g\",\"contentUrl\":\"https:\\\/\\\/secure.gravatar.com\\\/avatar\\\/4c81fed838786e9b53f540bf46533e750f5d292099ae3b66cfc6fb1982e29df7?s=96&d=mm&r=g\",\"caption\":\"admin\"},\"description\":\"admin\",\"url\":\"https:\\\/\\\/lasentinelle.dz\\\/author\\\/admin\\\/\"}]}<\/script>\n<!-- \/ Yoast SEO plugin. -->","yoast_head_json":{"title":"AARC\u00a0: Ouverture des candidatures pour le \u00ab\u00a0Tr\u00e8s court film Lab - La Sentinelle","robots":{"index":"index","follow":"follow","max-snippet":"max-snippet:-1","max-image-preview":"max-image-preview:large","max-video-preview":"max-video-preview:-1"},"canonical":"https:\/\/lasentinelle.dz\/index.php\/2026\/01\/27\/aarc-ouverture-des-candidatures-pour-le-tres-court-film-lab\/","og_locale":"fr_FR","og_type":"article","og_title":"AARC\u00a0: Ouverture des candidatures pour le \u00ab\u00a0Tr\u00e8s court film Lab - La Sentinelle","og_description":"L&rsquo;Agence alg\u00e9rienne pour le rayonnement culturel (AARC) vient d&rsquo;annoncer l&rsquo;ouverture des candidatures pour la premi\u00e8re \u00e9dition du \u00ab\u00a0Tr\u00e8s court film","og_url":"https:\/\/lasentinelle.dz\/index.php\/2026\/01\/27\/aarc-ouverture-des-candidatures-pour-le-tres-court-film-lab\/","og_site_name":"La Sentinelle","article_publisher":"https:\/\/www.facebook.com\/La-Sentinelle-104059864394773","article_published_time":"2026-01-27T11:58:17+00:00","article_modified_time":"2026-01-27T11:58:18+00:00","og_image":[{"width":600,"height":433,"url":"https:\/\/lasentinelle.dz\/wp-content\/uploads\/2025\/05\/AARC.png","type":"image\/png"}],"author":"admin","twitter_card":"summary_large_image","twitter_misc":{"\u00c9crit par":"admin","Dur\u00e9e de lecture estim\u00e9e":"2 minutes"},"schema":{"@context":"https:\/\/schema.org","@graph":[{"@type":"Article","@id":"https:\/\/lasentinelle.dz\/index.php\/2026\/01\/27\/aarc-ouverture-des-candidatures-pour-le-tres-court-film-lab\/#article","isPartOf":{"@id":"https:\/\/lasentinelle.dz\/index.php\/2026\/01\/27\/aarc-ouverture-des-candidatures-pour-le-tres-court-film-lab\/"},"author":{"name":"admin","@id":"https:\/\/lasentinelle.dz\/#\/schema\/person\/729ee0024f24e0b8c5ec17232f8e8b41"},"headline":"AARC\u00a0: Ouverture des candidatures pour le \u00ab\u00a0Tr\u00e8s court film Lab","datePublished":"2026-01-27T11:58:17+00:00","dateModified":"2026-01-27T11:58:18+00:00","mainEntityOfPage":{"@id":"https:\/\/lasentinelle.dz\/index.php\/2026\/01\/27\/aarc-ouverture-des-candidatures-pour-le-tres-court-film-lab\/"},"wordCount":279,"commentCount":0,"publisher":{"@id":"https:\/\/lasentinelle.dz\/#organization"},"image":{"@id":"https:\/\/lasentinelle.dz\/index.php\/2026\/01\/27\/aarc-ouverture-des-candidatures-pour-le-tres-court-film-lab\/#primaryimage"},"thumbnailUrl":"https:\/\/lasentinelle.dz\/wp-content\/uploads\/2025\/05\/AARC.png","articleSection":["Culture"],"inLanguage":"fr-FR","potentialAction":[{"@type":"CommentAction","name":"Comment","target":["https:\/\/lasentinelle.dz\/index.php\/2026\/01\/27\/aarc-ouverture-des-candidatures-pour-le-tres-court-film-lab\/#respond"]}]},{"@type":"WebPage","@id":"https:\/\/lasentinelle.dz\/index.php\/2026\/01\/27\/aarc-ouverture-des-candidatures-pour-le-tres-court-film-lab\/","url":"https:\/\/lasentinelle.dz\/index.php\/2026\/01\/27\/aarc-ouverture-des-candidatures-pour-le-tres-court-film-lab\/","name":"AARC\u00a0: Ouverture des candidatures pour le \u00ab\u00a0Tr\u00e8s court film Lab - La Sentinelle","isPartOf":{"@id":"https:\/\/lasentinelle.dz\/#website"},"primaryImageOfPage":{"@id":"https:\/\/lasentinelle.dz\/index.php\/2026\/01\/27\/aarc-ouverture-des-candidatures-pour-le-tres-court-film-lab\/#primaryimage"},"image":{"@id":"https:\/\/lasentinelle.dz\/index.php\/2026\/01\/27\/aarc-ouverture-des-candidatures-pour-le-tres-court-film-lab\/#primaryimage"},"thumbnailUrl":"https:\/\/lasentinelle.dz\/wp-content\/uploads\/2025\/05\/AARC.png","datePublished":"2026-01-27T11:58:17+00:00","dateModified":"2026-01-27T11:58:18+00:00","breadcrumb":{"@id":"https:\/\/lasentinelle.dz\/index.php\/2026\/01\/27\/aarc-ouverture-des-candidatures-pour-le-tres-court-film-lab\/#breadcrumb"},"inLanguage":"fr-FR","potentialAction":[{"@type":"ReadAction","target":["https:\/\/lasentinelle.dz\/index.php\/2026\/01\/27\/aarc-ouverture-des-candidatures-pour-le-tres-court-film-lab\/"]}]},{"@type":"ImageObject","inLanguage":"fr-FR","@id":"https:\/\/lasentinelle.dz\/index.php\/2026\/01\/27\/aarc-ouverture-des-candidatures-pour-le-tres-court-film-lab\/#primaryimage","url":"https:\/\/lasentinelle.dz\/wp-content\/uploads\/2025\/05\/AARC.png","contentUrl":"https:\/\/lasentinelle.dz\/wp-content\/uploads\/2025\/05\/AARC.png","width":600,"height":433},{"@type":"BreadcrumbList","@id":"https:\/\/lasentinelle.dz\/index.php\/2026\/01\/27\/aarc-ouverture-des-candidatures-pour-le-tres-court-film-lab\/#breadcrumb","itemListElement":[{"@type":"ListItem","position":1,"name":"Accueil","item":"https:\/\/lasentinelle.dz\/"},{"@type":"ListItem","position":2,"name":"AARC\u00a0: Ouverture des candidatures pour le \u00ab\u00a0Tr\u00e8s court film Lab"}]},{"@type":"WebSite","@id":"https:\/\/lasentinelle.dz\/#website","url":"https:\/\/lasentinelle.dz\/","name":"La Sentinelle","description":"Quotidien national d&#039;information","publisher":{"@id":"https:\/\/lasentinelle.dz\/#organization"},"potentialAction":[{"@type":"SearchAction","target":{"@type":"EntryPoint","urlTemplate":"https:\/\/lasentinelle.dz\/?s={search_term_string}"},"query-input":{"@type":"PropertyValueSpecification","valueRequired":true,"valueName":"search_term_string"}}],"inLanguage":"fr-FR"},{"@type":"Organization","@id":"https:\/\/lasentinelle.dz\/#organization","name":"Quotidien La Sentinelle","url":"https:\/\/lasentinelle.dz\/","logo":{"@type":"ImageObject","inLanguage":"fr-FR","@id":"https:\/\/lasentinelle.dz\/#\/schema\/logo\/image\/","url":"https:\/\/lasentinelle.dz\/wp-content\/uploads\/2021\/09\/logo-sentinelleSLOGAN-1.png","contentUrl":"https:\/\/lasentinelle.dz\/wp-content\/uploads\/2021\/09\/logo-sentinelleSLOGAN-1.png","width":615,"height":142,"caption":"Quotidien La Sentinelle"},"image":{"@id":"https:\/\/lasentinelle.dz\/#\/schema\/logo\/image\/"},"sameAs":["https:\/\/www.facebook.com\/La-Sentinelle-104059864394773"]},{"@type":"Person","@id":"https:\/\/lasentinelle.dz\/#\/schema\/person\/729ee0024f24e0b8c5ec17232f8e8b41","name":"admin","image":{"@type":"ImageObject","inLanguage":"fr-FR","@id":"https:\/\/secure.gravatar.com\/avatar\/4c81fed838786e9b53f540bf46533e750f5d292099ae3b66cfc6fb1982e29df7?s=96&d=mm&r=g","url":"https:\/\/secure.gravatar.com\/avatar\/4c81fed838786e9b53f540bf46533e750f5d292099ae3b66cfc6fb1982e29df7?s=96&d=mm&r=g","contentUrl":"https:\/\/secure.gravatar.com\/avatar\/4c81fed838786e9b53f540bf46533e750f5d292099ae3b66cfc6fb1982e29df7?s=96&d=mm&r=g","caption":"admin"},"description":"admin","url":"https:\/\/lasentinelle.dz\/author\/admin\/"}]}},"_links":{"self":[{"href":"https:\/\/lasentinelle.dz\/index.php\/wp-json\/wp\/v2\/posts\/80123","targetHints":{"allow":["GET"]}}],"collection":[{"href":"https:\/\/lasentinelle.dz\/index.php\/wp-json\/wp\/v2\/posts"}],"about":[{"href":"https:\/\/lasentinelle.dz\/index.php\/wp-json\/wp\/v2\/types\/post"}],"author":[{"embeddable":true,"href":"https:\/\/lasentinelle.dz\/index.php\/wp-json\/wp\/v2\/users\/6"}],"replies":[{"embeddable":true,"href":"https:\/\/lasentinelle.dz\/index.php\/wp-json\/wp\/v2\/comments?post=80123"}],"version-history":[{"count":2,"href":"https:\/\/lasentinelle.dz\/index.php\/wp-json\/wp\/v2\/posts\/80123\/revisions"}],"predecessor-version":[{"id":80125,"href":"https:\/\/lasentinelle.dz\/index.php\/wp-json\/wp\/v2\/posts\/80123\/revisions\/80125"}],"wp:featuredmedia":[{"embeddable":true,"href":"https:\/\/lasentinelle.dz\/index.php\/wp-json\/wp\/v2\/media\/67745"}],"wp:attachment":[{"href":"https:\/\/lasentinelle.dz\/index.php\/wp-json\/wp\/v2\/media?parent=80123"}],"wp:term":[{"taxonomy":"category","embeddable":true,"href":"https:\/\/lasentinelle.dz\/index.php\/wp-json\/wp\/v2\/categories?post=80123"},{"taxonomy":"post_tag","embeddable":true,"href":"https:\/\/lasentinelle.dz\/index.php\/wp-json\/wp\/v2\/tags?post=80123"}],"curies":[{"name":"wp","href":"https:\/\/api.w.org\/{rel}","templated":true}]}}