{"id":80129,"date":"2026-01-27T12:59:33","date_gmt":"2026-01-27T11:59:33","guid":{"rendered":"https:\/\/lasentinelle.dz\/?p=80129"},"modified":"2026-01-27T12:59:34","modified_gmt":"2026-01-27T11:59:34","slug":"le-haut-conseil-islamique-ressuscite-son-heritage-mouloud-kacem-nait-belkacem-un-pilier-de-la-pensee-algerienne","status":"publish","type":"post","link":"https:\/\/lasentinelle.dz\/index.php\/2026\/01\/27\/le-haut-conseil-islamique-ressuscite-son-heritage-mouloud-kacem-nait-belkacem-un-pilier-de-la-pensee-algerienne\/","title":{"rendered":"Le Haut Conseil islamique ressuscite son h\u00e9ritage\u00a0: Mouloud Kacem Na\u00eft Belkacem, un pilier de la pens\u00e9e alg\u00e9rienne"},"content":{"rendered":"\n<p>Le Haut Conseil islamique rend hommage \u00e0 la pens\u00e9e d&rsquo;un g\u00e9ant intellectuel qui a tent\u00e9 de marier tradition et modernit\u00e9, alors que son h\u00e9ritage p\u00e9dagogique reste largement inexploit\u00e9 dans les programmes officiels.<\/p>\n\n\n\n<p>La Maison de la culture Mouloud-Mammeri a accueilli dimanche un colloque singulier. Pas de pol\u00e9miques m\u00e9diatiques, pas de d\u00e9bats enflamm\u00e9s, mais une assembl\u00e9e d&rsquo;universitaires et de responsables r\u00e9unis pour ressusciter la m\u00e9moire d&rsquo;un homme dont le nom reste myst\u00e9rieusement absent des manuels scolaires : Mouloud Kacem Na\u00eft Belkacem. Organis\u00e9e par le Haut Conseil islamique en pr\u00e9sence du wali Aboubakr Essedik Boucetta, cette rencontre scientifique a tent\u00e9 de r\u00e9pondre \u00e0 une question importante : pourquoi un \u00ab\u00a0pilier de la pens\u00e9e alg\u00e9rienne contemporaine\u00a0\u00bb demeure-t-il si m\u00e9connu des nouvelles g\u00e9n\u00e9rations ? La r\u00e9ponse se dessine dans les communications pr\u00e9sent\u00e9es lors des deux s\u00e9ances de travaux. Car Mouloud Kacem Na\u00eft Belkacem incarnait une posture intellectuelle devenue rare : celle du pont. Le pr\u00e9sident du Haut Conseil islamique, Dr. Mabrouk Zaid El Kheir, a d&#8217;embl\u00e9e pos\u00e9 le diagnostic en affirmant que revisiter la pens\u00e9e du d\u00e9funt revient \u00e0 \u00e9voquer \u00ab\u00a0une \u00e9cole int\u00e9gr\u00e9e qui s&rsquo;est distingu\u00e9e par sa capacit\u00e9 exceptionnelle \u00e0 \u00e9laborer un projet \u00e9ducatif et culturel conciliant l&rsquo;authenticit\u00e9 de la r\u00e9f\u00e9rence et les imp\u00e9ratifs de la modernit\u00e9\u00a0\u00bb. Une formule qui r\u00e9sume tout le d\u00e9fi alg\u00e9rien : comment \u00eatre soi sans se fermer au monde, comment avancer sans renier ses racines ?<\/p>\n\n\n\n<p>L&rsquo;enseignant Mohamed Esseghir Belallam a livr\u00e9 un t\u00e9moignage personnel \u00e9clairant sur le g\u00e9nie de son ma\u00eetre, soulignant qu&rsquo;il \u00ab\u00a0a su conjuguer ouverture et conservatisme\u00a0\u00bb. Cette alliance paradoxale explique peut-\u00eatre pourquoi Kacem Na\u00eft Belkacem d\u00e9range encore. Dans une \u00e9poque polaris\u00e9e o\u00f9 chacun campe sur ses positions, son approche nuanc\u00e9e tranche. Les interventions du Dr. Mouloud Aouimer et du Dr. Sa\u00efd Bouizri ont pr\u00e9cis\u00e9ment explor\u00e9 cette m\u00e9thode, analysant \u00ab\u00a0la critique intellectuelle et la mod\u00e9ration agissante en tant qu&rsquo;outils de construction d&rsquo;une personnalit\u00e9 nationale \u00e9quilibr\u00e9e\u00a0\u00bb. Autrement dit : ni rupture brutale avec la tradition, ni crispation identitaire paralysante.<\/p>\n\n\n\n<p>La seconde s\u00e9ance a plong\u00e9 dans les dimensions p\u00e9dagogiques de son \u0153uvre, r\u00e9v\u00e9lant un penseur qui ne se contentait pas de th\u00e9ories abstraites mais proposait une architecture concr\u00e8te pour l&rsquo;enseignement. Ses r\u00e9flexions sur \u00ab\u00a0l&rsquo;enseignement authentique\u00a0\u00bb et le \u00ab\u00a0discours civilisationnel\u00a0\u00bb visaient \u00e0 forger des Alg\u00e9riens capables de naviguer entre plusieurs univers culturels sans perdre leur boussole int\u00e9rieure. Un projet qui r\u00e9sonne \u00e9trangement avec les d\u00e9fis actuels de l&rsquo;\u00e9cole alg\u00e9rienne, tiraill\u00e9e entre arabisation, ouverture sur les langues \u00e9trang\u00e8res et pr\u00e9servation de tamazight.<\/p>\n\n\n\n<p>Les participants ont conclu que la pens\u00e9e de Mouloud Kacem Na\u00eft Belkacem constitue un \u00ab\u00a0capital \u00e9ducatif pr\u00e9cieux, contribuant au renforcement de la conscience culturelle et \u00e0 la formation d&rsquo;une g\u00e9n\u00e9ration fi\u00e8re de son appartenance, capable d&rsquo;affronter les d\u00e9fis prospectifs avec une vision claire\u00a0\u00bb. Reste que ce capital demeure largement inexploit\u00e9. D&rsquo;o\u00f9 les recommandations finales appelant \u00e0 int\u00e9grer cet h\u00e9ritage dans les programmes culturels, \u00e9ducatifs et de l&rsquo;enseignement religieux. Un v\u0153u pieux ou une v\u00e9ritable volont\u00e9 de r\u00e9habilitation ? L&rsquo;avenir le dira, mais une chose est certaine : en c\u00e9l\u00e9brant Mouloud Kacem Na\u00eft Belkacem, le Haut Conseil islamique envoie un signal symbolique fort. Celui d&rsquo;une Alg\u00e9rie qui peut enfin accepter la complexit\u00e9 de son identit\u00e9 sans en faire un champ de bataille id\u00e9ologique. Le d\u00e9funt penseur l&rsquo;avait compris : l&rsquo;authenticit\u00e9 n&rsquo;est pas dans le repli, mais dans la capacit\u00e9 \u00e0 dialoguer avec soi-m\u00eame et avec le monde. Une le\u00e7on qui n&rsquo;a pas pris une ride.<\/p>\n\n\n\n<p>Mohand Seghir<\/p>\n","protected":false},"excerpt":{"rendered":"<p>Le Haut Conseil islamique rend hommage \u00e0 la pens\u00e9e d&rsquo;un g\u00e9ant intellectuel qui a tent\u00e9 de marier tradition et modernit\u00e9,<\/p>\n","protected":false},"author":6,"featured_media":80130,"comment_status":"open","ping_status":"closed","sticky":false,"template":"","format":"standard","meta":{"colormag_page_container_layout":"default_layout","colormag_page_sidebar_layout":"default_layout","om_disable_all_campaigns":false,"_monsterinsights_skip_tracking":false,"_monsterinsights_sitenote_active":false,"_monsterinsights_sitenote_note":"","_monsterinsights_sitenote_category":0,"footnotes":"","_wpscppro_dont_share_socialmedia":false,"_wpscppro_custom_social_share_image":0,"_facebook_share_type":"default","_twitter_share_type":"default","_linkedin_share_type":"default","_pinterest_share_type":"default","_linkedin_share_type_page":"","_instagram_share_type":"default","_medium_share_type":"default","_threads_share_type":"default","_google_business_share_type":"default","_selected_social_profile":[],"_wpsp_enable_custom_social_template":false,"_wpsp_social_scheduling":{"enabled":false,"datetime":null,"platforms":[],"status":"template_only","dateOption":"today","timeOption":"now","customDays":"","customHours":"","customDate":"","customTime":"","schedulingType":"absolute"},"_wpsp_active_default_template":true},"categories":[36],"tags":[],"class_list":["post-80129","post","type-post","status-publish","format-standard","has-post-thumbnail","hentry","category-culture"],"aioseo_notices":[],"yoast_head":"<!-- This site is optimized with the Yoast SEO plugin v27.5 - https:\/\/yoast.com\/product\/yoast-seo-wordpress\/ -->\n<title>Le Haut Conseil islamique ressuscite son h\u00e9ritage\u00a0: Mouloud Kacem Na\u00eft Belkacem, un pilier de la pens\u00e9e alg\u00e9rienne - La Sentinelle<\/title>\n<meta name=\"robots\" content=\"index, follow, max-snippet:-1, max-image-preview:large, max-video-preview:-1\" \/>\n<link rel=\"canonical\" href=\"https:\/\/lasentinelle.dz\/index.php\/2026\/01\/27\/le-haut-conseil-islamique-ressuscite-son-heritage-mouloud-kacem-nait-belkacem-un-pilier-de-la-pensee-algerienne\/\" \/>\n<meta property=\"og:locale\" content=\"fr_FR\" \/>\n<meta property=\"og:type\" content=\"article\" \/>\n<meta property=\"og:title\" content=\"Le Haut Conseil islamique ressuscite son h\u00e9ritage\u00a0: Mouloud Kacem Na\u00eft Belkacem, un pilier de la pens\u00e9e alg\u00e9rienne - La Sentinelle\" \/>\n<meta property=\"og:description\" content=\"Le Haut Conseil islamique rend hommage \u00e0 la pens\u00e9e d&rsquo;un g\u00e9ant intellectuel qui a tent\u00e9 de marier tradition et modernit\u00e9,\" \/>\n<meta property=\"og:url\" content=\"https:\/\/lasentinelle.dz\/index.php\/2026\/01\/27\/le-haut-conseil-islamique-ressuscite-son-heritage-mouloud-kacem-nait-belkacem-un-pilier-de-la-pensee-algerienne\/\" \/>\n<meta property=\"og:site_name\" content=\"La Sentinelle\" \/>\n<meta property=\"article:publisher\" content=\"https:\/\/www.facebook.com\/La-Sentinelle-104059864394773\" \/>\n<meta property=\"article:published_time\" content=\"2026-01-27T11:59:33+00:00\" \/>\n<meta property=\"article:modified_time\" content=\"2026-01-27T11:59:34+00:00\" \/>\n<meta property=\"og:image\" content=\"https:\/\/lasentinelle.dz\/wp-content\/uploads\/2026\/01\/colloque.webp\" \/>\n\t<meta property=\"og:image:width\" content=\"1040\" \/>\n\t<meta property=\"og:image:height\" content=\"725\" \/>\n\t<meta property=\"og:image:type\" content=\"image\/webp\" \/>\n<meta name=\"author\" content=\"admin\" \/>\n<meta name=\"twitter:card\" content=\"summary_large_image\" \/>\n<meta name=\"twitter:label1\" content=\"\u00c9crit par\" \/>\n\t<meta name=\"twitter:data1\" content=\"admin\" \/>\n\t<meta name=\"twitter:label2\" content=\"Dur\u00e9e de lecture estim\u00e9e\" \/>\n\t<meta name=\"twitter:data2\" content=\"4 minutes\" \/>\n<script type=\"application\/ld+json\" class=\"yoast-schema-graph\">{\"@context\":\"https:\\\/\\\/schema.org\",\"@graph\":[{\"@type\":\"Article\",\"@id\":\"https:\\\/\\\/lasentinelle.dz\\\/index.php\\\/2026\\\/01\\\/27\\\/le-haut-conseil-islamique-ressuscite-son-heritage-mouloud-kacem-nait-belkacem-un-pilier-de-la-pensee-algerienne\\\/#article\",\"isPartOf\":{\"@id\":\"https:\\\/\\\/lasentinelle.dz\\\/index.php\\\/2026\\\/01\\\/27\\\/le-haut-conseil-islamique-ressuscite-son-heritage-mouloud-kacem-nait-belkacem-un-pilier-de-la-pensee-algerienne\\\/\"},\"author\":{\"name\":\"admin\",\"@id\":\"https:\\\/\\\/lasentinelle.dz\\\/#\\\/schema\\\/person\\\/729ee0024f24e0b8c5ec17232f8e8b41\"},\"headline\":\"Le Haut Conseil islamique ressuscite son h\u00e9ritage\u00a0: Mouloud Kacem Na\u00eft Belkacem, un pilier de la pens\u00e9e alg\u00e9rienne\",\"datePublished\":\"2026-01-27T11:59:33+00:00\",\"dateModified\":\"2026-01-27T11:59:34+00:00\",\"mainEntityOfPage\":{\"@id\":\"https:\\\/\\\/lasentinelle.dz\\\/index.php\\\/2026\\\/01\\\/27\\\/le-haut-conseil-islamique-ressuscite-son-heritage-mouloud-kacem-nait-belkacem-un-pilier-de-la-pensee-algerienne\\\/\"},\"wordCount\":673,\"commentCount\":0,\"publisher\":{\"@id\":\"https:\\\/\\\/lasentinelle.dz\\\/#organization\"},\"image\":{\"@id\":\"https:\\\/\\\/lasentinelle.dz\\\/index.php\\\/2026\\\/01\\\/27\\\/le-haut-conseil-islamique-ressuscite-son-heritage-mouloud-kacem-nait-belkacem-un-pilier-de-la-pensee-algerienne\\\/#primaryimage\"},\"thumbnailUrl\":\"https:\\\/\\\/lasentinelle.dz\\\/wp-content\\\/uploads\\\/2026\\\/01\\\/colloque.webp\",\"articleSection\":[\"Culture\"],\"inLanguage\":\"fr-FR\",\"potentialAction\":[{\"@type\":\"CommentAction\",\"name\":\"Comment\",\"target\":[\"https:\\\/\\\/lasentinelle.dz\\\/index.php\\\/2026\\\/01\\\/27\\\/le-haut-conseil-islamique-ressuscite-son-heritage-mouloud-kacem-nait-belkacem-un-pilier-de-la-pensee-algerienne\\\/#respond\"]}]},{\"@type\":\"WebPage\",\"@id\":\"https:\\\/\\\/lasentinelle.dz\\\/index.php\\\/2026\\\/01\\\/27\\\/le-haut-conseil-islamique-ressuscite-son-heritage-mouloud-kacem-nait-belkacem-un-pilier-de-la-pensee-algerienne\\\/\",\"url\":\"https:\\\/\\\/lasentinelle.dz\\\/index.php\\\/2026\\\/01\\\/27\\\/le-haut-conseil-islamique-ressuscite-son-heritage-mouloud-kacem-nait-belkacem-un-pilier-de-la-pensee-algerienne\\\/\",\"name\":\"Le Haut Conseil islamique ressuscite son h\u00e9ritage\u00a0: Mouloud Kacem Na\u00eft Belkacem, un pilier de la pens\u00e9e alg\u00e9rienne - La Sentinelle\",\"isPartOf\":{\"@id\":\"https:\\\/\\\/lasentinelle.dz\\\/#website\"},\"primaryImageOfPage\":{\"@id\":\"https:\\\/\\\/lasentinelle.dz\\\/index.php\\\/2026\\\/01\\\/27\\\/le-haut-conseil-islamique-ressuscite-son-heritage-mouloud-kacem-nait-belkacem-un-pilier-de-la-pensee-algerienne\\\/#primaryimage\"},\"image\":{\"@id\":\"https:\\\/\\\/lasentinelle.dz\\\/index.php\\\/2026\\\/01\\\/27\\\/le-haut-conseil-islamique-ressuscite-son-heritage-mouloud-kacem-nait-belkacem-un-pilier-de-la-pensee-algerienne\\\/#primaryimage\"},\"thumbnailUrl\":\"https:\\\/\\\/lasentinelle.dz\\\/wp-content\\\/uploads\\\/2026\\\/01\\\/colloque.webp\",\"datePublished\":\"2026-01-27T11:59:33+00:00\",\"dateModified\":\"2026-01-27T11:59:34+00:00\",\"breadcrumb\":{\"@id\":\"https:\\\/\\\/lasentinelle.dz\\\/index.php\\\/2026\\\/01\\\/27\\\/le-haut-conseil-islamique-ressuscite-son-heritage-mouloud-kacem-nait-belkacem-un-pilier-de-la-pensee-algerienne\\\/#breadcrumb\"},\"inLanguage\":\"fr-FR\",\"potentialAction\":[{\"@type\":\"ReadAction\",\"target\":[\"https:\\\/\\\/lasentinelle.dz\\\/index.php\\\/2026\\\/01\\\/27\\\/le-haut-conseil-islamique-ressuscite-son-heritage-mouloud-kacem-nait-belkacem-un-pilier-de-la-pensee-algerienne\\\/\"]}]},{\"@type\":\"ImageObject\",\"inLanguage\":\"fr-FR\",\"@id\":\"https:\\\/\\\/lasentinelle.dz\\\/index.php\\\/2026\\\/01\\\/27\\\/le-haut-conseil-islamique-ressuscite-son-heritage-mouloud-kacem-nait-belkacem-un-pilier-de-la-pensee-algerienne\\\/#primaryimage\",\"url\":\"https:\\\/\\\/lasentinelle.dz\\\/wp-content\\\/uploads\\\/2026\\\/01\\\/colloque.webp\",\"contentUrl\":\"https:\\\/\\\/lasentinelle.dz\\\/wp-content\\\/uploads\\\/2026\\\/01\\\/colloque.webp\",\"width\":1040,\"height\":725},{\"@type\":\"BreadcrumbList\",\"@id\":\"https:\\\/\\\/lasentinelle.dz\\\/index.php\\\/2026\\\/01\\\/27\\\/le-haut-conseil-islamique-ressuscite-son-heritage-mouloud-kacem-nait-belkacem-un-pilier-de-la-pensee-algerienne\\\/#breadcrumb\",\"itemListElement\":[{\"@type\":\"ListItem\",\"position\":1,\"name\":\"Accueil\",\"item\":\"https:\\\/\\\/lasentinelle.dz\\\/\"},{\"@type\":\"ListItem\",\"position\":2,\"name\":\"Le Haut Conseil islamique ressuscite son h\u00e9ritage\u00a0: Mouloud Kacem Na\u00eft Belkacem, un pilier de la pens\u00e9e alg\u00e9rienne\"}]},{\"@type\":\"WebSite\",\"@id\":\"https:\\\/\\\/lasentinelle.dz\\\/#website\",\"url\":\"https:\\\/\\\/lasentinelle.dz\\\/\",\"name\":\"La Sentinelle\",\"description\":\"Quotidien national d&#039;information\",\"publisher\":{\"@id\":\"https:\\\/\\\/lasentinelle.dz\\\/#organization\"},\"potentialAction\":[{\"@type\":\"SearchAction\",\"target\":{\"@type\":\"EntryPoint\",\"urlTemplate\":\"https:\\\/\\\/lasentinelle.dz\\\/?s={search_term_string}\"},\"query-input\":{\"@type\":\"PropertyValueSpecification\",\"valueRequired\":true,\"valueName\":\"search_term_string\"}}],\"inLanguage\":\"fr-FR\"},{\"@type\":\"Organization\",\"@id\":\"https:\\\/\\\/lasentinelle.dz\\\/#organization\",\"name\":\"Quotidien La Sentinelle\",\"url\":\"https:\\\/\\\/lasentinelle.dz\\\/\",\"logo\":{\"@type\":\"ImageObject\",\"inLanguage\":\"fr-FR\",\"@id\":\"https:\\\/\\\/lasentinelle.dz\\\/#\\\/schema\\\/logo\\\/image\\\/\",\"url\":\"https:\\\/\\\/lasentinelle.dz\\\/wp-content\\\/uploads\\\/2021\\\/09\\\/logo-sentinelleSLOGAN-1.png\",\"contentUrl\":\"https:\\\/\\\/lasentinelle.dz\\\/wp-content\\\/uploads\\\/2021\\\/09\\\/logo-sentinelleSLOGAN-1.png\",\"width\":615,\"height\":142,\"caption\":\"Quotidien La Sentinelle\"},\"image\":{\"@id\":\"https:\\\/\\\/lasentinelle.dz\\\/#\\\/schema\\\/logo\\\/image\\\/\"},\"sameAs\":[\"https:\\\/\\\/www.facebook.com\\\/La-Sentinelle-104059864394773\"]},{\"@type\":\"Person\",\"@id\":\"https:\\\/\\\/lasentinelle.dz\\\/#\\\/schema\\\/person\\\/729ee0024f24e0b8c5ec17232f8e8b41\",\"name\":\"admin\",\"image\":{\"@type\":\"ImageObject\",\"inLanguage\":\"fr-FR\",\"@id\":\"https:\\\/\\\/secure.gravatar.com\\\/avatar\\\/4c81fed838786e9b53f540bf46533e750f5d292099ae3b66cfc6fb1982e29df7?s=96&d=mm&r=g\",\"url\":\"https:\\\/\\\/secure.gravatar.com\\\/avatar\\\/4c81fed838786e9b53f540bf46533e750f5d292099ae3b66cfc6fb1982e29df7?s=96&d=mm&r=g\",\"contentUrl\":\"https:\\\/\\\/secure.gravatar.com\\\/avatar\\\/4c81fed838786e9b53f540bf46533e750f5d292099ae3b66cfc6fb1982e29df7?s=96&d=mm&r=g\",\"caption\":\"admin\"},\"description\":\"admin\",\"url\":\"https:\\\/\\\/lasentinelle.dz\\\/author\\\/admin\\\/\"}]}<\/script>\n<!-- \/ Yoast SEO plugin. -->","yoast_head_json":{"title":"Le Haut Conseil islamique ressuscite son h\u00e9ritage\u00a0: Mouloud Kacem Na\u00eft Belkacem, un pilier de la pens\u00e9e alg\u00e9rienne - La Sentinelle","robots":{"index":"index","follow":"follow","max-snippet":"max-snippet:-1","max-image-preview":"max-image-preview:large","max-video-preview":"max-video-preview:-1"},"canonical":"https:\/\/lasentinelle.dz\/index.php\/2026\/01\/27\/le-haut-conseil-islamique-ressuscite-son-heritage-mouloud-kacem-nait-belkacem-un-pilier-de-la-pensee-algerienne\/","og_locale":"fr_FR","og_type":"article","og_title":"Le Haut Conseil islamique ressuscite son h\u00e9ritage\u00a0: Mouloud Kacem Na\u00eft Belkacem, un pilier de la pens\u00e9e alg\u00e9rienne - La Sentinelle","og_description":"Le Haut Conseil islamique rend hommage \u00e0 la pens\u00e9e d&rsquo;un g\u00e9ant intellectuel qui a tent\u00e9 de marier tradition et modernit\u00e9,","og_url":"https:\/\/lasentinelle.dz\/index.php\/2026\/01\/27\/le-haut-conseil-islamique-ressuscite-son-heritage-mouloud-kacem-nait-belkacem-un-pilier-de-la-pensee-algerienne\/","og_site_name":"La Sentinelle","article_publisher":"https:\/\/www.facebook.com\/La-Sentinelle-104059864394773","article_published_time":"2026-01-27T11:59:33+00:00","article_modified_time":"2026-01-27T11:59:34+00:00","og_image":[{"width":1040,"height":725,"url":"https:\/\/lasentinelle.dz\/wp-content\/uploads\/2026\/01\/colloque.webp","type":"image\/webp"}],"author":"admin","twitter_card":"summary_large_image","twitter_misc":{"\u00c9crit par":"admin","Dur\u00e9e de lecture estim\u00e9e":"4 minutes"},"schema":{"@context":"https:\/\/schema.org","@graph":[{"@type":"Article","@id":"https:\/\/lasentinelle.dz\/index.php\/2026\/01\/27\/le-haut-conseil-islamique-ressuscite-son-heritage-mouloud-kacem-nait-belkacem-un-pilier-de-la-pensee-algerienne\/#article","isPartOf":{"@id":"https:\/\/lasentinelle.dz\/index.php\/2026\/01\/27\/le-haut-conseil-islamique-ressuscite-son-heritage-mouloud-kacem-nait-belkacem-un-pilier-de-la-pensee-algerienne\/"},"author":{"name":"admin","@id":"https:\/\/lasentinelle.dz\/#\/schema\/person\/729ee0024f24e0b8c5ec17232f8e8b41"},"headline":"Le Haut Conseil islamique ressuscite son h\u00e9ritage\u00a0: Mouloud Kacem Na\u00eft Belkacem, un pilier de la pens\u00e9e alg\u00e9rienne","datePublished":"2026-01-27T11:59:33+00:00","dateModified":"2026-01-27T11:59:34+00:00","mainEntityOfPage":{"@id":"https:\/\/lasentinelle.dz\/index.php\/2026\/01\/27\/le-haut-conseil-islamique-ressuscite-son-heritage-mouloud-kacem-nait-belkacem-un-pilier-de-la-pensee-algerienne\/"},"wordCount":673,"commentCount":0,"publisher":{"@id":"https:\/\/lasentinelle.dz\/#organization"},"image":{"@id":"https:\/\/lasentinelle.dz\/index.php\/2026\/01\/27\/le-haut-conseil-islamique-ressuscite-son-heritage-mouloud-kacem-nait-belkacem-un-pilier-de-la-pensee-algerienne\/#primaryimage"},"thumbnailUrl":"https:\/\/lasentinelle.dz\/wp-content\/uploads\/2026\/01\/colloque.webp","articleSection":["Culture"],"inLanguage":"fr-FR","potentialAction":[{"@type":"CommentAction","name":"Comment","target":["https:\/\/lasentinelle.dz\/index.php\/2026\/01\/27\/le-haut-conseil-islamique-ressuscite-son-heritage-mouloud-kacem-nait-belkacem-un-pilier-de-la-pensee-algerienne\/#respond"]}]},{"@type":"WebPage","@id":"https:\/\/lasentinelle.dz\/index.php\/2026\/01\/27\/le-haut-conseil-islamique-ressuscite-son-heritage-mouloud-kacem-nait-belkacem-un-pilier-de-la-pensee-algerienne\/","url":"https:\/\/lasentinelle.dz\/index.php\/2026\/01\/27\/le-haut-conseil-islamique-ressuscite-son-heritage-mouloud-kacem-nait-belkacem-un-pilier-de-la-pensee-algerienne\/","name":"Le Haut Conseil islamique ressuscite son h\u00e9ritage\u00a0: Mouloud Kacem Na\u00eft Belkacem, un pilier de la pens\u00e9e alg\u00e9rienne - La Sentinelle","isPartOf":{"@id":"https:\/\/lasentinelle.dz\/#website"},"primaryImageOfPage":{"@id":"https:\/\/lasentinelle.dz\/index.php\/2026\/01\/27\/le-haut-conseil-islamique-ressuscite-son-heritage-mouloud-kacem-nait-belkacem-un-pilier-de-la-pensee-algerienne\/#primaryimage"},"image":{"@id":"https:\/\/lasentinelle.dz\/index.php\/2026\/01\/27\/le-haut-conseil-islamique-ressuscite-son-heritage-mouloud-kacem-nait-belkacem-un-pilier-de-la-pensee-algerienne\/#primaryimage"},"thumbnailUrl":"https:\/\/lasentinelle.dz\/wp-content\/uploads\/2026\/01\/colloque.webp","datePublished":"2026-01-27T11:59:33+00:00","dateModified":"2026-01-27T11:59:34+00:00","breadcrumb":{"@id":"https:\/\/lasentinelle.dz\/index.php\/2026\/01\/27\/le-haut-conseil-islamique-ressuscite-son-heritage-mouloud-kacem-nait-belkacem-un-pilier-de-la-pensee-algerienne\/#breadcrumb"},"inLanguage":"fr-FR","potentialAction":[{"@type":"ReadAction","target":["https:\/\/lasentinelle.dz\/index.php\/2026\/01\/27\/le-haut-conseil-islamique-ressuscite-son-heritage-mouloud-kacem-nait-belkacem-un-pilier-de-la-pensee-algerienne\/"]}]},{"@type":"ImageObject","inLanguage":"fr-FR","@id":"https:\/\/lasentinelle.dz\/index.php\/2026\/01\/27\/le-haut-conseil-islamique-ressuscite-son-heritage-mouloud-kacem-nait-belkacem-un-pilier-de-la-pensee-algerienne\/#primaryimage","url":"https:\/\/lasentinelle.dz\/wp-content\/uploads\/2026\/01\/colloque.webp","contentUrl":"https:\/\/lasentinelle.dz\/wp-content\/uploads\/2026\/01\/colloque.webp","width":1040,"height":725},{"@type":"BreadcrumbList","@id":"https:\/\/lasentinelle.dz\/index.php\/2026\/01\/27\/le-haut-conseil-islamique-ressuscite-son-heritage-mouloud-kacem-nait-belkacem-un-pilier-de-la-pensee-algerienne\/#breadcrumb","itemListElement":[{"@type":"ListItem","position":1,"name":"Accueil","item":"https:\/\/lasentinelle.dz\/"},{"@type":"ListItem","position":2,"name":"Le Haut Conseil islamique ressuscite son h\u00e9ritage\u00a0: Mouloud Kacem Na\u00eft Belkacem, un pilier de la pens\u00e9e alg\u00e9rienne"}]},{"@type":"WebSite","@id":"https:\/\/lasentinelle.dz\/#website","url":"https:\/\/lasentinelle.dz\/","name":"La Sentinelle","description":"Quotidien national d&#039;information","publisher":{"@id":"https:\/\/lasentinelle.dz\/#organization"},"potentialAction":[{"@type":"SearchAction","target":{"@type":"EntryPoint","urlTemplate":"https:\/\/lasentinelle.dz\/?s={search_term_string}"},"query-input":{"@type":"PropertyValueSpecification","valueRequired":true,"valueName":"search_term_string"}}],"inLanguage":"fr-FR"},{"@type":"Organization","@id":"https:\/\/lasentinelle.dz\/#organization","name":"Quotidien La Sentinelle","url":"https:\/\/lasentinelle.dz\/","logo":{"@type":"ImageObject","inLanguage":"fr-FR","@id":"https:\/\/lasentinelle.dz\/#\/schema\/logo\/image\/","url":"https:\/\/lasentinelle.dz\/wp-content\/uploads\/2021\/09\/logo-sentinelleSLOGAN-1.png","contentUrl":"https:\/\/lasentinelle.dz\/wp-content\/uploads\/2021\/09\/logo-sentinelleSLOGAN-1.png","width":615,"height":142,"caption":"Quotidien La Sentinelle"},"image":{"@id":"https:\/\/lasentinelle.dz\/#\/schema\/logo\/image\/"},"sameAs":["https:\/\/www.facebook.com\/La-Sentinelle-104059864394773"]},{"@type":"Person","@id":"https:\/\/lasentinelle.dz\/#\/schema\/person\/729ee0024f24e0b8c5ec17232f8e8b41","name":"admin","image":{"@type":"ImageObject","inLanguage":"fr-FR","@id":"https:\/\/secure.gravatar.com\/avatar\/4c81fed838786e9b53f540bf46533e750f5d292099ae3b66cfc6fb1982e29df7?s=96&d=mm&r=g","url":"https:\/\/secure.gravatar.com\/avatar\/4c81fed838786e9b53f540bf46533e750f5d292099ae3b66cfc6fb1982e29df7?s=96&d=mm&r=g","contentUrl":"https:\/\/secure.gravatar.com\/avatar\/4c81fed838786e9b53f540bf46533e750f5d292099ae3b66cfc6fb1982e29df7?s=96&d=mm&r=g","caption":"admin"},"description":"admin","url":"https:\/\/lasentinelle.dz\/author\/admin\/"}]}},"_links":{"self":[{"href":"https:\/\/lasentinelle.dz\/index.php\/wp-json\/wp\/v2\/posts\/80129","targetHints":{"allow":["GET"]}}],"collection":[{"href":"https:\/\/lasentinelle.dz\/index.php\/wp-json\/wp\/v2\/posts"}],"about":[{"href":"https:\/\/lasentinelle.dz\/index.php\/wp-json\/wp\/v2\/types\/post"}],"author":[{"embeddable":true,"href":"https:\/\/lasentinelle.dz\/index.php\/wp-json\/wp\/v2\/users\/6"}],"replies":[{"embeddable":true,"href":"https:\/\/lasentinelle.dz\/index.php\/wp-json\/wp\/v2\/comments?post=80129"}],"version-history":[{"count":1,"href":"https:\/\/lasentinelle.dz\/index.php\/wp-json\/wp\/v2\/posts\/80129\/revisions"}],"predecessor-version":[{"id":80131,"href":"https:\/\/lasentinelle.dz\/index.php\/wp-json\/wp\/v2\/posts\/80129\/revisions\/80131"}],"wp:featuredmedia":[{"embeddable":true,"href":"https:\/\/lasentinelle.dz\/index.php\/wp-json\/wp\/v2\/media\/80130"}],"wp:attachment":[{"href":"https:\/\/lasentinelle.dz\/index.php\/wp-json\/wp\/v2\/media?parent=80129"}],"wp:term":[{"taxonomy":"category","embeddable":true,"href":"https:\/\/lasentinelle.dz\/index.php\/wp-json\/wp\/v2\/categories?post=80129"},{"taxonomy":"post_tag","embeddable":true,"href":"https:\/\/lasentinelle.dz\/index.php\/wp-json\/wp\/v2\/tags?post=80129"}],"curies":[{"name":"wp","href":"https:\/\/api.w.org\/{rel}","templated":true}]}}