{"id":80132,"date":"2026-01-27T13:01:08","date_gmt":"2026-01-27T12:01:08","guid":{"rendered":"https:\/\/lasentinelle.dz\/?p=80132"},"modified":"2026-01-27T13:01:09","modified_gmt":"2026-01-27T12:01:09","slug":"can-de-handball-les-verts-dos-au-mur","status":"publish","type":"post","link":"https:\/\/lasentinelle.dz\/index.php\/2026\/01\/27\/can-de-handball-les-verts-dos-au-mur\/","title":{"rendered":"CAN de handball\u00a0: Les Verts dos au mur"},"content":{"rendered":"\n<p>Le sc\u00e9nario redout\u00e9 s&rsquo;est confirm\u00e9 dans toute sa brutalit\u00e9. Face \u00e0 l&rsquo;Egypte, triple tenante du titre et rouleau compresseur du handball africain, la s\u00e9lection alg\u00e9rienne masculine a \u00e9t\u00e9 balay\u00e9e 42-28 dimanche \u00e0 Kigali lors de l&rsquo;ouverture du groupe 1 du tour principal de la 27e Coupe d&rsquo;Afrique des nations. Quatorze buts d&rsquo;\u00e9cart qui ne refl\u00e8tent que partiellement la domination \u00e9crasante des Pharaons, d\u00e9j\u00e0 largement en t\u00eate \u00e0 la pause avec dix longueurs d&rsquo;avance sur des Verts t\u00e9tanis\u00e9s. Cette d\u00e9faite, aussi pr\u00e9visible soit-elle face au mastodonte \u00e9gyptien, place d\u00e9sormais l&rsquo;Alg\u00e9rie dans une situation critique \u00e0 la veille du choc d\u00e9cisif contre l&rsquo;Angola. D\u00e8s l&rsquo;entame, les hommes de Bouchekriou ont \u00e9t\u00e9 submerg\u00e9s par l&rsquo;intensit\u00e9 et la vitesse de jeu impos\u00e9es par les Egyptiens. La mi-temps refl\u00e9tait d\u00e9j\u00e0 un naufrage collectif avec un score sans appel de 20-10 en faveur des champions continentaux. Incapables de rivaliser physiquement et tactiquement, les Alg\u00e9riens ont poursuivi leur descente aux enfers en seconde p\u00e9riode, encaissant 22 buts suppl\u00e9mentaires tout en n&rsquo;en inscrivant que 18. Une impuissance offensive coupl\u00e9e \u00e0 une d\u00e9fense aux abois qui a permis \u00e0 l&rsquo;Egypte de d\u00e9rouler tranquillement son handball de haut niveau et de conforter son statut de favori num\u00e9ro un de la comp\u00e9tition. Cette d\u00e9faite fait les affaires de l&rsquo;Angola qui a valid\u00e9 son statut de deuxi\u00e8me force du groupe en dominant le Nigeria 27-24 lors du match d&rsquo;ouverture disput\u00e9 plus t\u00f4t dans la journ\u00e9e. Les Angolais, solides en premi\u00e8re p\u00e9riode avec trois buts d&rsquo;avance \u00e0 la pause, ont g\u00e9r\u00e9 leur avantage pour s&rsquo;imposer de trois longueurs et prendre provisoirement la deuxi\u00e8me place du classement avec deux points, \u00e0 \u00e9galit\u00e9 avec les Nig\u00e9rians mais avec une meilleure diff\u00e9rence de buts. L&rsquo;Egypte tr\u00f4ne logiquement en t\u00eate avec quatre points apr\u00e8s deux matchs, tandis que l&rsquo;Alg\u00e9rie ferme la marche avec z\u00e9ro unit\u00e9 au compteur, dos au mur avant m\u00eame d&rsquo;avoir pu lancer sa campagne africaine.<\/p>\n\n\n\n<p>Car tout se jouera mardi lors de la deuxi\u00e8me et derni\u00e8re journ\u00e9e du tour principal. A 10h30, les Verts affronteront l&rsquo;Angola dans un match aux allures de finale pour l&rsquo;honneur et l&rsquo;espoir math\u00e9matique d&rsquo;accrocher une place en demi-finales. La mission s&rsquo;annonce p\u00e9rilleuse face \u00e0 des Angolais en confiance apr\u00e8s leur succ\u00e8s sur le Nigeria et qui poss\u00e8dent les armes pour priver l&rsquo;Alg\u00e9rie de tout espoir continental. Mais dans un tournoi o\u00f9 seuls les deux premiers de chaque groupe se qualifient pour le dernier carr\u00e9 pr\u00e9vu le jeudi 29 janvier, les Alg\u00e9riens n&rsquo;ont plus le choix : il faudra gagner largement et esp\u00e9rer que l&rsquo;Egypte fasse le travail contre le Nigeria \u00e0 15h30.<\/p>\n\n\n\n<p>M.D.<\/p>\n","protected":false},"excerpt":{"rendered":"<p>Le sc\u00e9nario redout\u00e9 s&rsquo;est confirm\u00e9 dans toute sa brutalit\u00e9. Face \u00e0 l&rsquo;Egypte, triple tenante du titre et rouleau compresseur du<\/p>\n","protected":false},"author":6,"featured_media":80001,"comment_status":"open","ping_status":"closed","sticky":false,"template":"","format":"standard","meta":{"colormag_page_container_layout":"default_layout","colormag_page_sidebar_layout":"default_layout","om_disable_all_campaigns":false,"_monsterinsights_skip_tracking":false,"_monsterinsights_sitenote_active":false,"_monsterinsights_sitenote_note":"","_monsterinsights_sitenote_category":0,"footnotes":"","_wpscppro_dont_share_socialmedia":false,"_wpscppro_custom_social_share_image":0,"_facebook_share_type":"default","_twitter_share_type":"default","_linkedin_share_type":"default","_pinterest_share_type":"default","_linkedin_share_type_page":"","_instagram_share_type":"default","_medium_share_type":"default","_threads_share_type":"default","_google_business_share_type":"default","_selected_social_profile":[],"_wpsp_enable_custom_social_template":false,"_wpsp_social_scheduling":{"enabled":false,"datetime":null,"platforms":[],"status":"template_only","dateOption":"today","timeOption":"now","customDays":"","customHours":"","customDate":"","customTime":"","schedulingType":"absolute"},"_wpsp_active_default_template":true},"categories":[33],"tags":[],"class_list":["post-80132","post","type-post","status-publish","format-standard","has-post-thumbnail","hentry","category-sports"],"aioseo_notices":[],"yoast_head":"<!-- This site is optimized with the Yoast SEO plugin v27.5 - https:\/\/yoast.com\/product\/yoast-seo-wordpress\/ -->\n<title>CAN de handball\u00a0: Les Verts dos au mur - La Sentinelle<\/title>\n<meta name=\"robots\" content=\"index, follow, max-snippet:-1, max-image-preview:large, max-video-preview:-1\" \/>\n<link rel=\"canonical\" href=\"https:\/\/lasentinelle.dz\/index.php\/2026\/01\/27\/can-de-handball-les-verts-dos-au-mur\/\" \/>\n<meta property=\"og:locale\" content=\"fr_FR\" \/>\n<meta property=\"og:type\" content=\"article\" \/>\n<meta property=\"og:title\" content=\"CAN de handball\u00a0: Les Verts dos au mur - La Sentinelle\" \/>\n<meta property=\"og:description\" content=\"Le sc\u00e9nario redout\u00e9 s&rsquo;est confirm\u00e9 dans toute sa brutalit\u00e9. Face \u00e0 l&rsquo;Egypte, triple tenante du titre et rouleau compresseur du\" \/>\n<meta property=\"og:url\" content=\"https:\/\/lasentinelle.dz\/index.php\/2026\/01\/27\/can-de-handball-les-verts-dos-au-mur\/\" \/>\n<meta property=\"og:site_name\" content=\"La Sentinelle\" \/>\n<meta property=\"article:publisher\" content=\"https:\/\/www.facebook.com\/La-Sentinelle-104059864394773\" \/>\n<meta property=\"article:published_time\" content=\"2026-01-27T12:01:08+00:00\" \/>\n<meta property=\"article:modified_time\" content=\"2026-01-27T12:01:09+00:00\" \/>\n<meta property=\"og:image\" content=\"https:\/\/lasentinelle.dz\/wp-content\/uploads\/2026\/01\/handball-3.jpeg\" \/>\n\t<meta property=\"og:image:width\" content=\"2048\" \/>\n\t<meta property=\"og:image:height\" content=\"1728\" \/>\n\t<meta property=\"og:image:type\" content=\"image\/jpeg\" \/>\n<meta name=\"author\" content=\"admin\" \/>\n<meta name=\"twitter:card\" content=\"summary_large_image\" \/>\n<meta name=\"twitter:label1\" content=\"\u00c9crit par\" \/>\n\t<meta name=\"twitter:data1\" content=\"admin\" \/>\n\t<meta name=\"twitter:label2\" content=\"Dur\u00e9e de lecture estim\u00e9e\" \/>\n\t<meta name=\"twitter:data2\" content=\"3 minutes\" \/>\n<script type=\"application\/ld+json\" class=\"yoast-schema-graph\">{\"@context\":\"https:\\\/\\\/schema.org\",\"@graph\":[{\"@type\":\"Article\",\"@id\":\"https:\\\/\\\/lasentinelle.dz\\\/index.php\\\/2026\\\/01\\\/27\\\/can-de-handball-les-verts-dos-au-mur\\\/#article\",\"isPartOf\":{\"@id\":\"https:\\\/\\\/lasentinelle.dz\\\/index.php\\\/2026\\\/01\\\/27\\\/can-de-handball-les-verts-dos-au-mur\\\/\"},\"author\":{\"name\":\"admin\",\"@id\":\"https:\\\/\\\/lasentinelle.dz\\\/#\\\/schema\\\/person\\\/729ee0024f24e0b8c5ec17232f8e8b41\"},\"headline\":\"CAN de handball\u00a0: Les Verts dos au mur\",\"datePublished\":\"2026-01-27T12:01:08+00:00\",\"dateModified\":\"2026-01-27T12:01:09+00:00\",\"mainEntityOfPage\":{\"@id\":\"https:\\\/\\\/lasentinelle.dz\\\/index.php\\\/2026\\\/01\\\/27\\\/can-de-handball-les-verts-dos-au-mur\\\/\"},\"wordCount\":500,\"commentCount\":0,\"publisher\":{\"@id\":\"https:\\\/\\\/lasentinelle.dz\\\/#organization\"},\"image\":{\"@id\":\"https:\\\/\\\/lasentinelle.dz\\\/index.php\\\/2026\\\/01\\\/27\\\/can-de-handball-les-verts-dos-au-mur\\\/#primaryimage\"},\"thumbnailUrl\":\"https:\\\/\\\/lasentinelle.dz\\\/wp-content\\\/uploads\\\/2026\\\/01\\\/handball-3.jpeg\",\"articleSection\":[\"Sports\"],\"inLanguage\":\"fr-FR\",\"potentialAction\":[{\"@type\":\"CommentAction\",\"name\":\"Comment\",\"target\":[\"https:\\\/\\\/lasentinelle.dz\\\/index.php\\\/2026\\\/01\\\/27\\\/can-de-handball-les-verts-dos-au-mur\\\/#respond\"]}]},{\"@type\":\"WebPage\",\"@id\":\"https:\\\/\\\/lasentinelle.dz\\\/index.php\\\/2026\\\/01\\\/27\\\/can-de-handball-les-verts-dos-au-mur\\\/\",\"url\":\"https:\\\/\\\/lasentinelle.dz\\\/index.php\\\/2026\\\/01\\\/27\\\/can-de-handball-les-verts-dos-au-mur\\\/\",\"name\":\"CAN de handball\u00a0: Les Verts dos au mur - La Sentinelle\",\"isPartOf\":{\"@id\":\"https:\\\/\\\/lasentinelle.dz\\\/#website\"},\"primaryImageOfPage\":{\"@id\":\"https:\\\/\\\/lasentinelle.dz\\\/index.php\\\/2026\\\/01\\\/27\\\/can-de-handball-les-verts-dos-au-mur\\\/#primaryimage\"},\"image\":{\"@id\":\"https:\\\/\\\/lasentinelle.dz\\\/index.php\\\/2026\\\/01\\\/27\\\/can-de-handball-les-verts-dos-au-mur\\\/#primaryimage\"},\"thumbnailUrl\":\"https:\\\/\\\/lasentinelle.dz\\\/wp-content\\\/uploads\\\/2026\\\/01\\\/handball-3.jpeg\",\"datePublished\":\"2026-01-27T12:01:08+00:00\",\"dateModified\":\"2026-01-27T12:01:09+00:00\",\"breadcrumb\":{\"@id\":\"https:\\\/\\\/lasentinelle.dz\\\/index.php\\\/2026\\\/01\\\/27\\\/can-de-handball-les-verts-dos-au-mur\\\/#breadcrumb\"},\"inLanguage\":\"fr-FR\",\"potentialAction\":[{\"@type\":\"ReadAction\",\"target\":[\"https:\\\/\\\/lasentinelle.dz\\\/index.php\\\/2026\\\/01\\\/27\\\/can-de-handball-les-verts-dos-au-mur\\\/\"]}]},{\"@type\":\"ImageObject\",\"inLanguage\":\"fr-FR\",\"@id\":\"https:\\\/\\\/lasentinelle.dz\\\/index.php\\\/2026\\\/01\\\/27\\\/can-de-handball-les-verts-dos-au-mur\\\/#primaryimage\",\"url\":\"https:\\\/\\\/lasentinelle.dz\\\/wp-content\\\/uploads\\\/2026\\\/01\\\/handball-3.jpeg\",\"contentUrl\":\"https:\\\/\\\/lasentinelle.dz\\\/wp-content\\\/uploads\\\/2026\\\/01\\\/handball-3.jpeg\",\"width\":2048,\"height\":1728},{\"@type\":\"BreadcrumbList\",\"@id\":\"https:\\\/\\\/lasentinelle.dz\\\/index.php\\\/2026\\\/01\\\/27\\\/can-de-handball-les-verts-dos-au-mur\\\/#breadcrumb\",\"itemListElement\":[{\"@type\":\"ListItem\",\"position\":1,\"name\":\"Accueil\",\"item\":\"https:\\\/\\\/lasentinelle.dz\\\/\"},{\"@type\":\"ListItem\",\"position\":2,\"name\":\"CAN de handball\u00a0: Les Verts dos au mur\"}]},{\"@type\":\"WebSite\",\"@id\":\"https:\\\/\\\/lasentinelle.dz\\\/#website\",\"url\":\"https:\\\/\\\/lasentinelle.dz\\\/\",\"name\":\"La Sentinelle\",\"description\":\"Quotidien national d&#039;information\",\"publisher\":{\"@id\":\"https:\\\/\\\/lasentinelle.dz\\\/#organization\"},\"potentialAction\":[{\"@type\":\"SearchAction\",\"target\":{\"@type\":\"EntryPoint\",\"urlTemplate\":\"https:\\\/\\\/lasentinelle.dz\\\/?s={search_term_string}\"},\"query-input\":{\"@type\":\"PropertyValueSpecification\",\"valueRequired\":true,\"valueName\":\"search_term_string\"}}],\"inLanguage\":\"fr-FR\"},{\"@type\":\"Organization\",\"@id\":\"https:\\\/\\\/lasentinelle.dz\\\/#organization\",\"name\":\"Quotidien La Sentinelle\",\"url\":\"https:\\\/\\\/lasentinelle.dz\\\/\",\"logo\":{\"@type\":\"ImageObject\",\"inLanguage\":\"fr-FR\",\"@id\":\"https:\\\/\\\/lasentinelle.dz\\\/#\\\/schema\\\/logo\\\/image\\\/\",\"url\":\"https:\\\/\\\/lasentinelle.dz\\\/wp-content\\\/uploads\\\/2021\\\/09\\\/logo-sentinelleSLOGAN-1.png\",\"contentUrl\":\"https:\\\/\\\/lasentinelle.dz\\\/wp-content\\\/uploads\\\/2021\\\/09\\\/logo-sentinelleSLOGAN-1.png\",\"width\":615,\"height\":142,\"caption\":\"Quotidien La Sentinelle\"},\"image\":{\"@id\":\"https:\\\/\\\/lasentinelle.dz\\\/#\\\/schema\\\/logo\\\/image\\\/\"},\"sameAs\":[\"https:\\\/\\\/www.facebook.com\\\/La-Sentinelle-104059864394773\"]},{\"@type\":\"Person\",\"@id\":\"https:\\\/\\\/lasentinelle.dz\\\/#\\\/schema\\\/person\\\/729ee0024f24e0b8c5ec17232f8e8b41\",\"name\":\"admin\",\"image\":{\"@type\":\"ImageObject\",\"inLanguage\":\"fr-FR\",\"@id\":\"https:\\\/\\\/secure.gravatar.com\\\/avatar\\\/4c81fed838786e9b53f540bf46533e750f5d292099ae3b66cfc6fb1982e29df7?s=96&d=mm&r=g\",\"url\":\"https:\\\/\\\/secure.gravatar.com\\\/avatar\\\/4c81fed838786e9b53f540bf46533e750f5d292099ae3b66cfc6fb1982e29df7?s=96&d=mm&r=g\",\"contentUrl\":\"https:\\\/\\\/secure.gravatar.com\\\/avatar\\\/4c81fed838786e9b53f540bf46533e750f5d292099ae3b66cfc6fb1982e29df7?s=96&d=mm&r=g\",\"caption\":\"admin\"},\"description\":\"admin\",\"url\":\"https:\\\/\\\/lasentinelle.dz\\\/author\\\/admin\\\/\"}]}<\/script>\n<!-- \/ Yoast SEO plugin. -->","yoast_head_json":{"title":"CAN de handball\u00a0: Les Verts dos au mur - La Sentinelle","robots":{"index":"index","follow":"follow","max-snippet":"max-snippet:-1","max-image-preview":"max-image-preview:large","max-video-preview":"max-video-preview:-1"},"canonical":"https:\/\/lasentinelle.dz\/index.php\/2026\/01\/27\/can-de-handball-les-verts-dos-au-mur\/","og_locale":"fr_FR","og_type":"article","og_title":"CAN de handball\u00a0: Les Verts dos au mur - La Sentinelle","og_description":"Le sc\u00e9nario redout\u00e9 s&rsquo;est confirm\u00e9 dans toute sa brutalit\u00e9. Face \u00e0 l&rsquo;Egypte, triple tenante du titre et rouleau compresseur du","og_url":"https:\/\/lasentinelle.dz\/index.php\/2026\/01\/27\/can-de-handball-les-verts-dos-au-mur\/","og_site_name":"La Sentinelle","article_publisher":"https:\/\/www.facebook.com\/La-Sentinelle-104059864394773","article_published_time":"2026-01-27T12:01:08+00:00","article_modified_time":"2026-01-27T12:01:09+00:00","og_image":[{"width":2048,"height":1728,"url":"https:\/\/lasentinelle.dz\/wp-content\/uploads\/2026\/01\/handball-3.jpeg","type":"image\/jpeg"}],"author":"admin","twitter_card":"summary_large_image","twitter_misc":{"\u00c9crit par":"admin","Dur\u00e9e de lecture estim\u00e9e":"3 minutes"},"schema":{"@context":"https:\/\/schema.org","@graph":[{"@type":"Article","@id":"https:\/\/lasentinelle.dz\/index.php\/2026\/01\/27\/can-de-handball-les-verts-dos-au-mur\/#article","isPartOf":{"@id":"https:\/\/lasentinelle.dz\/index.php\/2026\/01\/27\/can-de-handball-les-verts-dos-au-mur\/"},"author":{"name":"admin","@id":"https:\/\/lasentinelle.dz\/#\/schema\/person\/729ee0024f24e0b8c5ec17232f8e8b41"},"headline":"CAN de handball\u00a0: Les Verts dos au mur","datePublished":"2026-01-27T12:01:08+00:00","dateModified":"2026-01-27T12:01:09+00:00","mainEntityOfPage":{"@id":"https:\/\/lasentinelle.dz\/index.php\/2026\/01\/27\/can-de-handball-les-verts-dos-au-mur\/"},"wordCount":500,"commentCount":0,"publisher":{"@id":"https:\/\/lasentinelle.dz\/#organization"},"image":{"@id":"https:\/\/lasentinelle.dz\/index.php\/2026\/01\/27\/can-de-handball-les-verts-dos-au-mur\/#primaryimage"},"thumbnailUrl":"https:\/\/lasentinelle.dz\/wp-content\/uploads\/2026\/01\/handball-3.jpeg","articleSection":["Sports"],"inLanguage":"fr-FR","potentialAction":[{"@type":"CommentAction","name":"Comment","target":["https:\/\/lasentinelle.dz\/index.php\/2026\/01\/27\/can-de-handball-les-verts-dos-au-mur\/#respond"]}]},{"@type":"WebPage","@id":"https:\/\/lasentinelle.dz\/index.php\/2026\/01\/27\/can-de-handball-les-verts-dos-au-mur\/","url":"https:\/\/lasentinelle.dz\/index.php\/2026\/01\/27\/can-de-handball-les-verts-dos-au-mur\/","name":"CAN de handball\u00a0: Les Verts dos au mur - La Sentinelle","isPartOf":{"@id":"https:\/\/lasentinelle.dz\/#website"},"primaryImageOfPage":{"@id":"https:\/\/lasentinelle.dz\/index.php\/2026\/01\/27\/can-de-handball-les-verts-dos-au-mur\/#primaryimage"},"image":{"@id":"https:\/\/lasentinelle.dz\/index.php\/2026\/01\/27\/can-de-handball-les-verts-dos-au-mur\/#primaryimage"},"thumbnailUrl":"https:\/\/lasentinelle.dz\/wp-content\/uploads\/2026\/01\/handball-3.jpeg","datePublished":"2026-01-27T12:01:08+00:00","dateModified":"2026-01-27T12:01:09+00:00","breadcrumb":{"@id":"https:\/\/lasentinelle.dz\/index.php\/2026\/01\/27\/can-de-handball-les-verts-dos-au-mur\/#breadcrumb"},"inLanguage":"fr-FR","potentialAction":[{"@type":"ReadAction","target":["https:\/\/lasentinelle.dz\/index.php\/2026\/01\/27\/can-de-handball-les-verts-dos-au-mur\/"]}]},{"@type":"ImageObject","inLanguage":"fr-FR","@id":"https:\/\/lasentinelle.dz\/index.php\/2026\/01\/27\/can-de-handball-les-verts-dos-au-mur\/#primaryimage","url":"https:\/\/lasentinelle.dz\/wp-content\/uploads\/2026\/01\/handball-3.jpeg","contentUrl":"https:\/\/lasentinelle.dz\/wp-content\/uploads\/2026\/01\/handball-3.jpeg","width":2048,"height":1728},{"@type":"BreadcrumbList","@id":"https:\/\/lasentinelle.dz\/index.php\/2026\/01\/27\/can-de-handball-les-verts-dos-au-mur\/#breadcrumb","itemListElement":[{"@type":"ListItem","position":1,"name":"Accueil","item":"https:\/\/lasentinelle.dz\/"},{"@type":"ListItem","position":2,"name":"CAN de handball\u00a0: Les Verts dos au mur"}]},{"@type":"WebSite","@id":"https:\/\/lasentinelle.dz\/#website","url":"https:\/\/lasentinelle.dz\/","name":"La Sentinelle","description":"Quotidien national d&#039;information","publisher":{"@id":"https:\/\/lasentinelle.dz\/#organization"},"potentialAction":[{"@type":"SearchAction","target":{"@type":"EntryPoint","urlTemplate":"https:\/\/lasentinelle.dz\/?s={search_term_string}"},"query-input":{"@type":"PropertyValueSpecification","valueRequired":true,"valueName":"search_term_string"}}],"inLanguage":"fr-FR"},{"@type":"Organization","@id":"https:\/\/lasentinelle.dz\/#organization","name":"Quotidien La Sentinelle","url":"https:\/\/lasentinelle.dz\/","logo":{"@type":"ImageObject","inLanguage":"fr-FR","@id":"https:\/\/lasentinelle.dz\/#\/schema\/logo\/image\/","url":"https:\/\/lasentinelle.dz\/wp-content\/uploads\/2021\/09\/logo-sentinelleSLOGAN-1.png","contentUrl":"https:\/\/lasentinelle.dz\/wp-content\/uploads\/2021\/09\/logo-sentinelleSLOGAN-1.png","width":615,"height":142,"caption":"Quotidien La Sentinelle"},"image":{"@id":"https:\/\/lasentinelle.dz\/#\/schema\/logo\/image\/"},"sameAs":["https:\/\/www.facebook.com\/La-Sentinelle-104059864394773"]},{"@type":"Person","@id":"https:\/\/lasentinelle.dz\/#\/schema\/person\/729ee0024f24e0b8c5ec17232f8e8b41","name":"admin","image":{"@type":"ImageObject","inLanguage":"fr-FR","@id":"https:\/\/secure.gravatar.com\/avatar\/4c81fed838786e9b53f540bf46533e750f5d292099ae3b66cfc6fb1982e29df7?s=96&d=mm&r=g","url":"https:\/\/secure.gravatar.com\/avatar\/4c81fed838786e9b53f540bf46533e750f5d292099ae3b66cfc6fb1982e29df7?s=96&d=mm&r=g","contentUrl":"https:\/\/secure.gravatar.com\/avatar\/4c81fed838786e9b53f540bf46533e750f5d292099ae3b66cfc6fb1982e29df7?s=96&d=mm&r=g","caption":"admin"},"description":"admin","url":"https:\/\/lasentinelle.dz\/author\/admin\/"}]}},"_links":{"self":[{"href":"https:\/\/lasentinelle.dz\/index.php\/wp-json\/wp\/v2\/posts\/80132","targetHints":{"allow":["GET"]}}],"collection":[{"href":"https:\/\/lasentinelle.dz\/index.php\/wp-json\/wp\/v2\/posts"}],"about":[{"href":"https:\/\/lasentinelle.dz\/index.php\/wp-json\/wp\/v2\/types\/post"}],"author":[{"embeddable":true,"href":"https:\/\/lasentinelle.dz\/index.php\/wp-json\/wp\/v2\/users\/6"}],"replies":[{"embeddable":true,"href":"https:\/\/lasentinelle.dz\/index.php\/wp-json\/wp\/v2\/comments?post=80132"}],"version-history":[{"count":1,"href":"https:\/\/lasentinelle.dz\/index.php\/wp-json\/wp\/v2\/posts\/80132\/revisions"}],"predecessor-version":[{"id":80133,"href":"https:\/\/lasentinelle.dz\/index.php\/wp-json\/wp\/v2\/posts\/80132\/revisions\/80133"}],"wp:featuredmedia":[{"embeddable":true,"href":"https:\/\/lasentinelle.dz\/index.php\/wp-json\/wp\/v2\/media\/80001"}],"wp:attachment":[{"href":"https:\/\/lasentinelle.dz\/index.php\/wp-json\/wp\/v2\/media?parent=80132"}],"wp:term":[{"taxonomy":"category","embeddable":true,"href":"https:\/\/lasentinelle.dz\/index.php\/wp-json\/wp\/v2\/categories?post=80132"},{"taxonomy":"post_tag","embeddable":true,"href":"https:\/\/lasentinelle.dz\/index.php\/wp-json\/wp\/v2\/tags?post=80132"}],"curies":[{"name":"wp","href":"https:\/\/api.w.org\/{rel}","templated":true}]}}