{"id":80134,"date":"2026-01-27T13:02:02","date_gmt":"2026-01-27T12:02:02","guid":{"rendered":"https:\/\/lasentinelle.dz\/?p=80134"},"modified":"2026-01-27T13:02:02","modified_gmt":"2026-01-27T12:02:02","slug":"equipe-nationale-bennacer-rechute-atal-sur-le-billard","status":"publish","type":"post","link":"https:\/\/lasentinelle.dz\/index.php\/2026\/01\/27\/equipe-nationale-bennacer-rechute-atal-sur-le-billard\/","title":{"rendered":"\u00c9quipe nationale\u00a0: Bennacer rechute, Atal sur le billard\u00a0"},"content":{"rendered":"\n<p>Les mauvaises nouvelles s&rsquo;accumulent pour l&rsquo;\u00e9quipe nationale alg\u00e9rienne de football.&nbsp;<\/p>\n\n\n\n<p>Alors que le milieu de terrain Isma\u00ebl Bennacer s&rsquo;est bless\u00e9 de nouveau dimanche d\u00e8s son retour \u00e0 la comp\u00e9tition avec le Dinamo Zagreb, \u00e0 peine 23 minutes apr\u00e8s \u00eatre entr\u00e9 en jeu lors de la victoire face \u00e0 Osijek (3-0) en championnat croate, c&rsquo;est au tour du d\u00e9fenseur international Youcef Atal de subir un terrible coup du sort. Le lat\u00e9ral droit d&rsquo;Al-Sadd SC, victime d&rsquo;une rupture du tendon d&rsquo;Achille du pied droit samedi lors de la Supercoupe qataro-\u00e9mirati face \u00e0 Al-Ahly Duba\u00ef (3-2), subira une intervention chirurgicale dans les prochains jours, a annonc\u00e9 lundi son club qatari. Une double tuile qui complique la t\u00e2che s\u00e9lectionneur national Vladimir Petkovic \u00e0 quelques mois des \u00e9ch\u00e9ances cruciales.<\/p>\n\n\n\n<p>Titularis\u00e9 par l&rsquo;entra\u00eeneur Mario Kovacevic pour marquer son grand retour sur les terrains apr\u00e8s plusieurs jours d&rsquo;absence dues \u00e0 une blessure contract\u00e9e lors de la CAN 2025, Bennacer, \u00e2g\u00e9 de 28&nbsp;&nbsp;ans, nourrissait l&rsquo;espoir de retrouver enfin le rythme de la comp\u00e9tition et de mettre d\u00e9finitivement derri\u00e8re lui les p\u00e9pins physiques qui ont \u00e9maill\u00e9 sa saison. Mais le destin en a d\u00e9cid\u00e9 autrement. D\u00e8s la 23<sup>e<\/sup>&nbsp;minute de jeu lors du d\u00e9placement du Dinamo Zagreb \u00e0 Osijek dimanche, le milieu de terrain alg\u00e9rien a ressenti une g\u00eane musculaire et a imm\u00e9diatement alert\u00e9 le staff m\u00e9dical, avant de c\u00e9der sa place au jeune Luka Stojkovic. Selon plusieurs m\u00e9dias croates et sp\u00e9cialis\u00e9s, Bennacer souffre de nouveau de la cuisse, la m\u00eame zone qui l&rsquo;avait \u00e9loign\u00e9 des terrains depuis la phase finale de la CAN 2025 disput\u00e9e au Maroc le mois dernier.<\/p>\n\n\n\n<p>Cette nouvelle blessure constitue un coup dur pour le milieu de terrain form\u00e9 \u00e0 Arsenal, dont le parcours r\u00e9cent ressemble \u00e0 un v\u00e9ritable chemin de croix. Titularis\u00e9 lors des deux premiers matchs de l&rsquo;\u00e9quipe nationale alg\u00e9rienne \u00e0 la CAN 2025 face au Soudan (3-0) et au Burkina Faso (1-0), Bennacer s&rsquo;\u00e9tait bless\u00e9 en huiti\u00e8me de finale lors de la rencontre face \u00e0 la R\u00e9publique d\u00e9mocratique du Congo (1-0, apr\u00e8s prolongation). Cette blessure musculaire l&rsquo;avait contraint \u00e0 d\u00e9clarer forfait pour le quart de finale remport\u00e9 par les Fennecs face au Nigeria (2-0). Le joueur passera dans les prochaines 48 heures des examens m\u00e9dicaux approfondis afin de d\u00e9terminer avec pr\u00e9cision la nature exacte de sa blessure et d&rsquo;\u00e9valuer la dur\u00e9e de son indisponibilit\u00e9.<\/p>\n\n\n\n<p>Arriv\u00e9 au Dinamo Zagreb en septembre 2025 sous la forme d&rsquo;un pr\u00eat avec option d&rsquo;achat en provenance de l&rsquo;AC Milan, Bennacer esp\u00e9rait relancer sa carri\u00e8re dans le championnat croate apr\u00e8s une saison 2024-2025 compliqu\u00e9e. Lors du pr\u00e9c\u00e9dent exercice, il avait \u00e9volu\u00e9 en pr\u00eat durant la seconde partie de saison avec l&rsquo;Olympique Marseille.&nbsp;<\/p>\n\n\n\n<p><strong>Atal victime d&rsquo;une rupture du tendon d&rsquo;Achille&nbsp;<\/strong><\/p>\n\n\n\n<p>Si la situation de Bennacer inqui\u00e8te, celle de Youcef Atal s&rsquo;av\u00e8re encore plus dramatique. Le d\u00e9fenseur alg\u00e9rien, \u00e2g\u00e9 de 29 ans, a \u00e9t\u00e9 victime samedi d&rsquo;une rupture du tendon d&rsquo;Achille du pied droit lors de la Supercoupe qataro-\u00e9mirati disput\u00e9e au stade Jassim Bin Hamad \u00e0 Doha. \u00ab\u00a0Le club annonce que Youcef Atal a contract\u00e9 une blessure, \u00e0 savoir une rupture du tendon d&rsquo;Achille de son pied droit. Il sera op\u00e9r\u00e9 dans les prochains jours, et la dur\u00e9e de son indisponibilit\u00e9 d\u00e9pendra de l&rsquo;\u00e9volution de son \u00e9tat de sant\u00e9\u00a0\u00bb, a pr\u00e9cis\u00e9 Al-Sadd SC dans un communiqu\u00e9 publi\u00e9 lundi sur son site officiel. Le lat\u00e9ral droit alg\u00e9rien s&rsquo;est bless\u00e9 tout seul en tentant de frapper le ballon, une sc\u00e8ne qui t\u00e9moigne de la violence de la l\u00e9sion. Touch\u00e9 en toute fin de premi\u00e8re p\u00e9riode, il a c\u00e9d\u00e9 sa place en d\u00e9but de seconde mi-temps, \u00e0 la 46<sup>e<\/sup>&nbsp;&nbsp;minute. Il s&rsquo;agit d&rsquo;un coup extr\u00eamement dur pour Youcef Atal, d&rsquo;autant que ce type de blessure n\u00e9cessite g\u00e9n\u00e9ralement une p\u00e9riode de r\u00e9\u00e9ducation longue de six \u00e0 neuf mois minimum. Le d\u00e9fenseur risque donc fort de manquer la prochaine Coupe du monde 2026, un tournoi qu&rsquo;il esp\u00e9rait disputer avec les Fennecs apr\u00e8s avoir particip\u00e9 \u00e0 la derni\u00e8re CAN 2025, m\u00eame si sa contribution s&rsquo;\u00e9tait limit\u00e9e \u00e0 un seul match face \u00e0 la Guin\u00e9e \u00e9quatoriale (3-1) en cl\u00f4ture de la phase de groupes. Cette rupture du tendon d&rsquo;Achille constitue donc une terrible d\u00e9sillusion pour un joueur qui avait retrouv\u00e9 du temps de jeu et de la confiance sous le maillot d&rsquo;Al-Sadd SC. La double absence prolong\u00e9e de Bennacer et Atal repr\u00e9sente un casse-t\u00eate majeur pour Vladimir Petkovic, qui devra composer sans deux cadres potentiels de son effectif dans les mois \u00e0 venir.<\/p>\n\n\n\n<p>M. Dahleb<\/p>\n","protected":false},"excerpt":{"rendered":"<p>Les mauvaises nouvelles s&rsquo;accumulent pour l&rsquo;\u00e9quipe nationale alg\u00e9rienne de football.&nbsp; Alors que le milieu de terrain Isma\u00ebl Bennacer s&rsquo;est bless\u00e9<\/p>\n","protected":false},"author":6,"featured_media":80135,"comment_status":"open","ping_status":"closed","sticky":false,"template":"","format":"standard","meta":{"colormag_page_container_layout":"default_layout","colormag_page_sidebar_layout":"default_layout","om_disable_all_campaigns":false,"_monsterinsights_skip_tracking":false,"_monsterinsights_sitenote_active":false,"_monsterinsights_sitenote_note":"","_monsterinsights_sitenote_category":0,"footnotes":"","_wpscppro_dont_share_socialmedia":false,"_wpscppro_custom_social_share_image":0,"_facebook_share_type":"default","_twitter_share_type":"default","_linkedin_share_type":"default","_pinterest_share_type":"default","_linkedin_share_type_page":"","_instagram_share_type":"default","_medium_share_type":"default","_threads_share_type":"default","_google_business_share_type":"default","_selected_social_profile":[],"_wpsp_enable_custom_social_template":false,"_wpsp_social_scheduling":{"enabled":false,"datetime":null,"platforms":[],"status":"template_only","dateOption":"today","timeOption":"now","customDays":"","customHours":"","customDate":"","customTime":"","schedulingType":"absolute"},"_wpsp_active_default_template":true},"categories":[33],"tags":[],"class_list":["post-80134","post","type-post","status-publish","format-standard","has-post-thumbnail","hentry","category-sports"],"aioseo_notices":[],"yoast_head":"<!-- This site is optimized with the Yoast SEO plugin v27.5 - https:\/\/yoast.com\/product\/yoast-seo-wordpress\/ -->\n<title>\u00c9quipe nationale\u00a0: Bennacer rechute, Atal sur le billard\u00a0 - La Sentinelle<\/title>\n<meta name=\"robots\" content=\"index, follow, max-snippet:-1, max-image-preview:large, max-video-preview:-1\" \/>\n<link rel=\"canonical\" href=\"https:\/\/lasentinelle.dz\/index.php\/2026\/01\/27\/equipe-nationale-bennacer-rechute-atal-sur-le-billard\/\" \/>\n<meta property=\"og:locale\" content=\"fr_FR\" \/>\n<meta property=\"og:type\" content=\"article\" \/>\n<meta property=\"og:title\" content=\"\u00c9quipe nationale\u00a0: Bennacer rechute, Atal sur le billard\u00a0 - La Sentinelle\" \/>\n<meta property=\"og:description\" content=\"Les mauvaises nouvelles s&rsquo;accumulent pour l&rsquo;\u00e9quipe nationale alg\u00e9rienne de football.&nbsp; Alors que le milieu de terrain Isma\u00ebl Bennacer s&rsquo;est bless\u00e9\" \/>\n<meta property=\"og:url\" content=\"https:\/\/lasentinelle.dz\/index.php\/2026\/01\/27\/equipe-nationale-bennacer-rechute-atal-sur-le-billard\/\" \/>\n<meta property=\"og:site_name\" content=\"La Sentinelle\" \/>\n<meta property=\"article:publisher\" content=\"https:\/\/www.facebook.com\/La-Sentinelle-104059864394773\" \/>\n<meta property=\"article:published_time\" content=\"2026-01-27T12:02:02+00:00\" \/>\n<meta property=\"og:image\" content=\"https:\/\/lasentinelle.dz\/wp-content\/uploads\/2026\/01\/atal.jpg\" \/>\n\t<meta property=\"og:image:width\" content=\"1280\" \/>\n\t<meta property=\"og:image:height\" content=\"720\" \/>\n\t<meta property=\"og:image:type\" content=\"image\/jpeg\" \/>\n<meta name=\"author\" content=\"admin\" \/>\n<meta name=\"twitter:card\" content=\"summary_large_image\" \/>\n<meta name=\"twitter:label1\" content=\"\u00c9crit par\" \/>\n\t<meta name=\"twitter:data1\" content=\"admin\" \/>\n\t<meta name=\"twitter:label2\" content=\"Dur\u00e9e de lecture estim\u00e9e\" \/>\n\t<meta name=\"twitter:data2\" content=\"4 minutes\" \/>\n<script type=\"application\/ld+json\" class=\"yoast-schema-graph\">{\"@context\":\"https:\\\/\\\/schema.org\",\"@graph\":[{\"@type\":\"Article\",\"@id\":\"https:\\\/\\\/lasentinelle.dz\\\/index.php\\\/2026\\\/01\\\/27\\\/equipe-nationale-bennacer-rechute-atal-sur-le-billard\\\/#article\",\"isPartOf\":{\"@id\":\"https:\\\/\\\/lasentinelle.dz\\\/index.php\\\/2026\\\/01\\\/27\\\/equipe-nationale-bennacer-rechute-atal-sur-le-billard\\\/\"},\"author\":{\"name\":\"admin\",\"@id\":\"https:\\\/\\\/lasentinelle.dz\\\/#\\\/schema\\\/person\\\/729ee0024f24e0b8c5ec17232f8e8b41\"},\"headline\":\"\u00c9quipe nationale\u00a0: Bennacer rechute, Atal sur le billard\u00a0\",\"datePublished\":\"2026-01-27T12:02:02+00:00\",\"mainEntityOfPage\":{\"@id\":\"https:\\\/\\\/lasentinelle.dz\\\/index.php\\\/2026\\\/01\\\/27\\\/equipe-nationale-bennacer-rechute-atal-sur-le-billard\\\/\"},\"wordCount\":838,\"commentCount\":0,\"publisher\":{\"@id\":\"https:\\\/\\\/lasentinelle.dz\\\/#organization\"},\"image\":{\"@id\":\"https:\\\/\\\/lasentinelle.dz\\\/index.php\\\/2026\\\/01\\\/27\\\/equipe-nationale-bennacer-rechute-atal-sur-le-billard\\\/#primaryimage\"},\"thumbnailUrl\":\"https:\\\/\\\/lasentinelle.dz\\\/wp-content\\\/uploads\\\/2026\\\/01\\\/atal.jpg\",\"articleSection\":[\"Sports\"],\"inLanguage\":\"fr-FR\",\"potentialAction\":[{\"@type\":\"CommentAction\",\"name\":\"Comment\",\"target\":[\"https:\\\/\\\/lasentinelle.dz\\\/index.php\\\/2026\\\/01\\\/27\\\/equipe-nationale-bennacer-rechute-atal-sur-le-billard\\\/#respond\"]}]},{\"@type\":\"WebPage\",\"@id\":\"https:\\\/\\\/lasentinelle.dz\\\/index.php\\\/2026\\\/01\\\/27\\\/equipe-nationale-bennacer-rechute-atal-sur-le-billard\\\/\",\"url\":\"https:\\\/\\\/lasentinelle.dz\\\/index.php\\\/2026\\\/01\\\/27\\\/equipe-nationale-bennacer-rechute-atal-sur-le-billard\\\/\",\"name\":\"\u00c9quipe nationale\u00a0: Bennacer rechute, Atal sur le billard\u00a0 - La Sentinelle\",\"isPartOf\":{\"@id\":\"https:\\\/\\\/lasentinelle.dz\\\/#website\"},\"primaryImageOfPage\":{\"@id\":\"https:\\\/\\\/lasentinelle.dz\\\/index.php\\\/2026\\\/01\\\/27\\\/equipe-nationale-bennacer-rechute-atal-sur-le-billard\\\/#primaryimage\"},\"image\":{\"@id\":\"https:\\\/\\\/lasentinelle.dz\\\/index.php\\\/2026\\\/01\\\/27\\\/equipe-nationale-bennacer-rechute-atal-sur-le-billard\\\/#primaryimage\"},\"thumbnailUrl\":\"https:\\\/\\\/lasentinelle.dz\\\/wp-content\\\/uploads\\\/2026\\\/01\\\/atal.jpg\",\"datePublished\":\"2026-01-27T12:02:02+00:00\",\"breadcrumb\":{\"@id\":\"https:\\\/\\\/lasentinelle.dz\\\/index.php\\\/2026\\\/01\\\/27\\\/equipe-nationale-bennacer-rechute-atal-sur-le-billard\\\/#breadcrumb\"},\"inLanguage\":\"fr-FR\",\"potentialAction\":[{\"@type\":\"ReadAction\",\"target\":[\"https:\\\/\\\/lasentinelle.dz\\\/index.php\\\/2026\\\/01\\\/27\\\/equipe-nationale-bennacer-rechute-atal-sur-le-billard\\\/\"]}]},{\"@type\":\"ImageObject\",\"inLanguage\":\"fr-FR\",\"@id\":\"https:\\\/\\\/lasentinelle.dz\\\/index.php\\\/2026\\\/01\\\/27\\\/equipe-nationale-bennacer-rechute-atal-sur-le-billard\\\/#primaryimage\",\"url\":\"https:\\\/\\\/lasentinelle.dz\\\/wp-content\\\/uploads\\\/2026\\\/01\\\/atal.jpg\",\"contentUrl\":\"https:\\\/\\\/lasentinelle.dz\\\/wp-content\\\/uploads\\\/2026\\\/01\\\/atal.jpg\",\"width\":1280,\"height\":720},{\"@type\":\"BreadcrumbList\",\"@id\":\"https:\\\/\\\/lasentinelle.dz\\\/index.php\\\/2026\\\/01\\\/27\\\/equipe-nationale-bennacer-rechute-atal-sur-le-billard\\\/#breadcrumb\",\"itemListElement\":[{\"@type\":\"ListItem\",\"position\":1,\"name\":\"Accueil\",\"item\":\"https:\\\/\\\/lasentinelle.dz\\\/\"},{\"@type\":\"ListItem\",\"position\":2,\"name\":\"\u00c9quipe nationale\u00a0: Bennacer rechute, Atal sur le billard\u00a0\"}]},{\"@type\":\"WebSite\",\"@id\":\"https:\\\/\\\/lasentinelle.dz\\\/#website\",\"url\":\"https:\\\/\\\/lasentinelle.dz\\\/\",\"name\":\"La Sentinelle\",\"description\":\"Quotidien national d&#039;information\",\"publisher\":{\"@id\":\"https:\\\/\\\/lasentinelle.dz\\\/#organization\"},\"potentialAction\":[{\"@type\":\"SearchAction\",\"target\":{\"@type\":\"EntryPoint\",\"urlTemplate\":\"https:\\\/\\\/lasentinelle.dz\\\/?s={search_term_string}\"},\"query-input\":{\"@type\":\"PropertyValueSpecification\",\"valueRequired\":true,\"valueName\":\"search_term_string\"}}],\"inLanguage\":\"fr-FR\"},{\"@type\":\"Organization\",\"@id\":\"https:\\\/\\\/lasentinelle.dz\\\/#organization\",\"name\":\"Quotidien La Sentinelle\",\"url\":\"https:\\\/\\\/lasentinelle.dz\\\/\",\"logo\":{\"@type\":\"ImageObject\",\"inLanguage\":\"fr-FR\",\"@id\":\"https:\\\/\\\/lasentinelle.dz\\\/#\\\/schema\\\/logo\\\/image\\\/\",\"url\":\"https:\\\/\\\/lasentinelle.dz\\\/wp-content\\\/uploads\\\/2021\\\/09\\\/logo-sentinelleSLOGAN-1.png\",\"contentUrl\":\"https:\\\/\\\/lasentinelle.dz\\\/wp-content\\\/uploads\\\/2021\\\/09\\\/logo-sentinelleSLOGAN-1.png\",\"width\":615,\"height\":142,\"caption\":\"Quotidien La Sentinelle\"},\"image\":{\"@id\":\"https:\\\/\\\/lasentinelle.dz\\\/#\\\/schema\\\/logo\\\/image\\\/\"},\"sameAs\":[\"https:\\\/\\\/www.facebook.com\\\/La-Sentinelle-104059864394773\"]},{\"@type\":\"Person\",\"@id\":\"https:\\\/\\\/lasentinelle.dz\\\/#\\\/schema\\\/person\\\/729ee0024f24e0b8c5ec17232f8e8b41\",\"name\":\"admin\",\"image\":{\"@type\":\"ImageObject\",\"inLanguage\":\"fr-FR\",\"@id\":\"https:\\\/\\\/secure.gravatar.com\\\/avatar\\\/4c81fed838786e9b53f540bf46533e750f5d292099ae3b66cfc6fb1982e29df7?s=96&d=mm&r=g\",\"url\":\"https:\\\/\\\/secure.gravatar.com\\\/avatar\\\/4c81fed838786e9b53f540bf46533e750f5d292099ae3b66cfc6fb1982e29df7?s=96&d=mm&r=g\",\"contentUrl\":\"https:\\\/\\\/secure.gravatar.com\\\/avatar\\\/4c81fed838786e9b53f540bf46533e750f5d292099ae3b66cfc6fb1982e29df7?s=96&d=mm&r=g\",\"caption\":\"admin\"},\"description\":\"admin\",\"url\":\"https:\\\/\\\/lasentinelle.dz\\\/author\\\/admin\\\/\"}]}<\/script>\n<!-- \/ Yoast SEO plugin. -->","yoast_head_json":{"title":"\u00c9quipe nationale\u00a0: Bennacer rechute, Atal sur le billard\u00a0 - La Sentinelle","robots":{"index":"index","follow":"follow","max-snippet":"max-snippet:-1","max-image-preview":"max-image-preview:large","max-video-preview":"max-video-preview:-1"},"canonical":"https:\/\/lasentinelle.dz\/index.php\/2026\/01\/27\/equipe-nationale-bennacer-rechute-atal-sur-le-billard\/","og_locale":"fr_FR","og_type":"article","og_title":"\u00c9quipe nationale\u00a0: Bennacer rechute, Atal sur le billard\u00a0 - La Sentinelle","og_description":"Les mauvaises nouvelles s&rsquo;accumulent pour l&rsquo;\u00e9quipe nationale alg\u00e9rienne de football.&nbsp; Alors que le milieu de terrain Isma\u00ebl Bennacer s&rsquo;est bless\u00e9","og_url":"https:\/\/lasentinelle.dz\/index.php\/2026\/01\/27\/equipe-nationale-bennacer-rechute-atal-sur-le-billard\/","og_site_name":"La Sentinelle","article_publisher":"https:\/\/www.facebook.com\/La-Sentinelle-104059864394773","article_published_time":"2026-01-27T12:02:02+00:00","og_image":[{"width":1280,"height":720,"url":"https:\/\/lasentinelle.dz\/wp-content\/uploads\/2026\/01\/atal.jpg","type":"image\/jpeg"}],"author":"admin","twitter_card":"summary_large_image","twitter_misc":{"\u00c9crit par":"admin","Dur\u00e9e de lecture estim\u00e9e":"4 minutes"},"schema":{"@context":"https:\/\/schema.org","@graph":[{"@type":"Article","@id":"https:\/\/lasentinelle.dz\/index.php\/2026\/01\/27\/equipe-nationale-bennacer-rechute-atal-sur-le-billard\/#article","isPartOf":{"@id":"https:\/\/lasentinelle.dz\/index.php\/2026\/01\/27\/equipe-nationale-bennacer-rechute-atal-sur-le-billard\/"},"author":{"name":"admin","@id":"https:\/\/lasentinelle.dz\/#\/schema\/person\/729ee0024f24e0b8c5ec17232f8e8b41"},"headline":"\u00c9quipe nationale\u00a0: Bennacer rechute, Atal sur le billard\u00a0","datePublished":"2026-01-27T12:02:02+00:00","mainEntityOfPage":{"@id":"https:\/\/lasentinelle.dz\/index.php\/2026\/01\/27\/equipe-nationale-bennacer-rechute-atal-sur-le-billard\/"},"wordCount":838,"commentCount":0,"publisher":{"@id":"https:\/\/lasentinelle.dz\/#organization"},"image":{"@id":"https:\/\/lasentinelle.dz\/index.php\/2026\/01\/27\/equipe-nationale-bennacer-rechute-atal-sur-le-billard\/#primaryimage"},"thumbnailUrl":"https:\/\/lasentinelle.dz\/wp-content\/uploads\/2026\/01\/atal.jpg","articleSection":["Sports"],"inLanguage":"fr-FR","potentialAction":[{"@type":"CommentAction","name":"Comment","target":["https:\/\/lasentinelle.dz\/index.php\/2026\/01\/27\/equipe-nationale-bennacer-rechute-atal-sur-le-billard\/#respond"]}]},{"@type":"WebPage","@id":"https:\/\/lasentinelle.dz\/index.php\/2026\/01\/27\/equipe-nationale-bennacer-rechute-atal-sur-le-billard\/","url":"https:\/\/lasentinelle.dz\/index.php\/2026\/01\/27\/equipe-nationale-bennacer-rechute-atal-sur-le-billard\/","name":"\u00c9quipe nationale\u00a0: Bennacer rechute, Atal sur le billard\u00a0 - La Sentinelle","isPartOf":{"@id":"https:\/\/lasentinelle.dz\/#website"},"primaryImageOfPage":{"@id":"https:\/\/lasentinelle.dz\/index.php\/2026\/01\/27\/equipe-nationale-bennacer-rechute-atal-sur-le-billard\/#primaryimage"},"image":{"@id":"https:\/\/lasentinelle.dz\/index.php\/2026\/01\/27\/equipe-nationale-bennacer-rechute-atal-sur-le-billard\/#primaryimage"},"thumbnailUrl":"https:\/\/lasentinelle.dz\/wp-content\/uploads\/2026\/01\/atal.jpg","datePublished":"2026-01-27T12:02:02+00:00","breadcrumb":{"@id":"https:\/\/lasentinelle.dz\/index.php\/2026\/01\/27\/equipe-nationale-bennacer-rechute-atal-sur-le-billard\/#breadcrumb"},"inLanguage":"fr-FR","potentialAction":[{"@type":"ReadAction","target":["https:\/\/lasentinelle.dz\/index.php\/2026\/01\/27\/equipe-nationale-bennacer-rechute-atal-sur-le-billard\/"]}]},{"@type":"ImageObject","inLanguage":"fr-FR","@id":"https:\/\/lasentinelle.dz\/index.php\/2026\/01\/27\/equipe-nationale-bennacer-rechute-atal-sur-le-billard\/#primaryimage","url":"https:\/\/lasentinelle.dz\/wp-content\/uploads\/2026\/01\/atal.jpg","contentUrl":"https:\/\/lasentinelle.dz\/wp-content\/uploads\/2026\/01\/atal.jpg","width":1280,"height":720},{"@type":"BreadcrumbList","@id":"https:\/\/lasentinelle.dz\/index.php\/2026\/01\/27\/equipe-nationale-bennacer-rechute-atal-sur-le-billard\/#breadcrumb","itemListElement":[{"@type":"ListItem","position":1,"name":"Accueil","item":"https:\/\/lasentinelle.dz\/"},{"@type":"ListItem","position":2,"name":"\u00c9quipe nationale\u00a0: Bennacer rechute, Atal sur le billard\u00a0"}]},{"@type":"WebSite","@id":"https:\/\/lasentinelle.dz\/#website","url":"https:\/\/lasentinelle.dz\/","name":"La Sentinelle","description":"Quotidien national d&#039;information","publisher":{"@id":"https:\/\/lasentinelle.dz\/#organization"},"potentialAction":[{"@type":"SearchAction","target":{"@type":"EntryPoint","urlTemplate":"https:\/\/lasentinelle.dz\/?s={search_term_string}"},"query-input":{"@type":"PropertyValueSpecification","valueRequired":true,"valueName":"search_term_string"}}],"inLanguage":"fr-FR"},{"@type":"Organization","@id":"https:\/\/lasentinelle.dz\/#organization","name":"Quotidien La Sentinelle","url":"https:\/\/lasentinelle.dz\/","logo":{"@type":"ImageObject","inLanguage":"fr-FR","@id":"https:\/\/lasentinelle.dz\/#\/schema\/logo\/image\/","url":"https:\/\/lasentinelle.dz\/wp-content\/uploads\/2021\/09\/logo-sentinelleSLOGAN-1.png","contentUrl":"https:\/\/lasentinelle.dz\/wp-content\/uploads\/2021\/09\/logo-sentinelleSLOGAN-1.png","width":615,"height":142,"caption":"Quotidien La Sentinelle"},"image":{"@id":"https:\/\/lasentinelle.dz\/#\/schema\/logo\/image\/"},"sameAs":["https:\/\/www.facebook.com\/La-Sentinelle-104059864394773"]},{"@type":"Person","@id":"https:\/\/lasentinelle.dz\/#\/schema\/person\/729ee0024f24e0b8c5ec17232f8e8b41","name":"admin","image":{"@type":"ImageObject","inLanguage":"fr-FR","@id":"https:\/\/secure.gravatar.com\/avatar\/4c81fed838786e9b53f540bf46533e750f5d292099ae3b66cfc6fb1982e29df7?s=96&d=mm&r=g","url":"https:\/\/secure.gravatar.com\/avatar\/4c81fed838786e9b53f540bf46533e750f5d292099ae3b66cfc6fb1982e29df7?s=96&d=mm&r=g","contentUrl":"https:\/\/secure.gravatar.com\/avatar\/4c81fed838786e9b53f540bf46533e750f5d292099ae3b66cfc6fb1982e29df7?s=96&d=mm&r=g","caption":"admin"},"description":"admin","url":"https:\/\/lasentinelle.dz\/author\/admin\/"}]}},"_links":{"self":[{"href":"https:\/\/lasentinelle.dz\/index.php\/wp-json\/wp\/v2\/posts\/80134","targetHints":{"allow":["GET"]}}],"collection":[{"href":"https:\/\/lasentinelle.dz\/index.php\/wp-json\/wp\/v2\/posts"}],"about":[{"href":"https:\/\/lasentinelle.dz\/index.php\/wp-json\/wp\/v2\/types\/post"}],"author":[{"embeddable":true,"href":"https:\/\/lasentinelle.dz\/index.php\/wp-json\/wp\/v2\/users\/6"}],"replies":[{"embeddable":true,"href":"https:\/\/lasentinelle.dz\/index.php\/wp-json\/wp\/v2\/comments?post=80134"}],"version-history":[{"count":1,"href":"https:\/\/lasentinelle.dz\/index.php\/wp-json\/wp\/v2\/posts\/80134\/revisions"}],"predecessor-version":[{"id":80136,"href":"https:\/\/lasentinelle.dz\/index.php\/wp-json\/wp\/v2\/posts\/80134\/revisions\/80136"}],"wp:featuredmedia":[{"embeddable":true,"href":"https:\/\/lasentinelle.dz\/index.php\/wp-json\/wp\/v2\/media\/80135"}],"wp:attachment":[{"href":"https:\/\/lasentinelle.dz\/index.php\/wp-json\/wp\/v2\/media?parent=80134"}],"wp:term":[{"taxonomy":"category","embeddable":true,"href":"https:\/\/lasentinelle.dz\/index.php\/wp-json\/wp\/v2\/categories?post=80134"},{"taxonomy":"post_tag","embeddable":true,"href":"https:\/\/lasentinelle.dz\/index.php\/wp-json\/wp\/v2\/tags?post=80134"}],"curies":[{"name":"wp","href":"https:\/\/api.w.org\/{rel}","templated":true}]}}