{"id":80137,"date":"2026-01-27T13:03:05","date_gmt":"2026-01-27T12:03:05","guid":{"rendered":"https:\/\/lasentinelle.dz\/?p=80137"},"modified":"2026-01-27T13:03:06","modified_gmt":"2026-01-27T12:03:06","slug":"de-graves-derives-gangrenent-le-football-africain-le-senegal-denonce-la-mainmise-marocaine-sur-la-caf","status":"publish","type":"post","link":"https:\/\/lasentinelle.dz\/index.php\/2026\/01\/27\/de-graves-derives-gangrenent-le-football-africain-le-senegal-denonce-la-mainmise-marocaine-sur-la-caf\/","title":{"rendered":"De graves d\u00e9rives gangr\u00e8nent le football africain\u00a0:\u00a0Le S\u00e9n\u00e9gal d\u00e9nonce la mainmise marocaine sur la CAF\u00a0"},"content":{"rendered":"\n<p>Une semaine apr\u00e8s la finale chaotique de la CAN 2025, le pr\u00e9sident de la F\u00e9d\u00e9ration s\u00e9n\u00e9galaise de football, Abdoulaye Fall, a rompu le silence pour d\u00e9noncer avec une virulence in\u00e9dite l&rsquo;influence disproportionn\u00e9e du Maroc sur la Conf\u00e9d\u00e9ration africaine de football.&nbsp;<\/p>\n\n\n\n<p>Lors de la journ\u00e9e \u00ab\u00a0Sargal Abdoulaye Fall\u00a0\u00bb organis\u00e9e samedi par la D\u00e9l\u00e9gation g\u00e9n\u00e9rale \u00e0 l&rsquo;entrepreneuriat rapide des femmes et des jeunes, le dirigeant s\u00e9n\u00e9galais a accus\u00e9 le royaume ch\u00e9rifien de \u00ab\u00a0tenir la CAF\u00a0\u00bb et d&rsquo;exercer un contr\u00f4le total sur les instances du football africain, r\u00e9v\u00e9lant au passage une s\u00e9rie de man\u0153uvres et d&rsquo;incidents troublants qui ont \u00e9maill\u00e9 le parcours des Lions de la Teranga jusqu&rsquo;\u00e0 leur sacre continental. Des accusations qui interviennent dans un contexte o\u00f9 ni la CAF ni la FIFA n&rsquo;ont f\u00e9licit\u00e9 le S\u00e9n\u00e9gal pour son titre, une situation \u00e9trange qui alimente les soup\u00e7ons de manipulation et met en lumi\u00e8re les graves d\u00e9rives qui menacent l&rsquo;int\u00e9grit\u00e9 du football africain sous l&rsquo;influence du pr\u00e9sident de la F\u00e9d\u00e9ration royale marocaine de football, Fouzi Lekjaa.<\/p>\n\n\n\n<p>\u00ab\u00a0Le Maroc tient la CAF, il faut se le dire. Ils tiennent tout en main et d\u00e9cident de tout\u00a0\u00bb, a d\u00e9clar\u00e9 sans d\u00e9tour Abdoulaye Fall, dont les propos ont \u00e9t\u00e9 rapport\u00e9s par le quotidien s\u00e9n\u00e9galais Le Soleil. Le patron du football s\u00e9n\u00e9galais, qui n&rsquo;a pas m\u00e2ch\u00e9 ses mots, a poursuivi en affirmant qu&rsquo;il n&rsquo;y avait \u00ab\u00a0pas un pays qui s&rsquo;est oppos\u00e9 au Maroc comme le S\u00e9n\u00e9gal l&rsquo;a fait\u00a0\u00bb, soulignant que le royaume disposait de moyens consid\u00e9rables et que \u00ab\u00a0beaucoup de pays n&rsquo;osent pas aller contre leur volont\u00e9\u00a0\u00bb. Ces d\u00e9clarations explosives viennent confirmer ce que l&rsquo;Alg\u00e9rie d\u00e9nonce depuis plusieurs ann\u00e9es concernant l&#8217;emprise marocaine sur les instances continentales.<\/p>\n\n\n\n<p>La col\u00e8re d&rsquo;Abdoulaye Fall trouve son origine dans la finale du 18 janvier dernier, qui a oppos\u00e9 le S\u00e9n\u00e9gal au Maroc \u00e0 Rabat et s&rsquo;est achev\u00e9e par la victoire des Lions de la Teranga (1-0) apr\u00e8s prolongation. Ce match restera dans les annales comme l&rsquo;un des plus controvers\u00e9s de l&rsquo;histoire de la CAN, marqu\u00e9 par des d\u00e9cisions arbitrales scandaleuses et des incidents graves. Dans les arr\u00eats de jeu du temps r\u00e9glementaire, l&rsquo;arbitre a refus\u00e9 un but parfaitement valide au S\u00e9n\u00e9gal avant d&rsquo;accorder un penalty plus que litigieux au Maroc, d\u00e9clenchant la fureur des joueurs s\u00e9n\u00e9galais qui ont quitt\u00e9 le terrain pendant quinze minutes en signe de protestation. Le silence assourdissant de la CAF et de la FIFA apr\u00e8s cette finale chaotique, leur refus de f\u00e9liciter officiellement le S\u00e9n\u00e9gal pour son deuxi\u00e8me sacre africain, constituent des signaux inqui\u00e9tants qui t\u00e9moignent d&rsquo;une gouvernance compromise et d&rsquo;une mainmise marocaine qui ne dit pas son nom.<\/p>\n\n\n\n<p>Le pr\u00e9sident de la FSF a lev\u00e9 le voile sur les man\u0153uvres marocaines qui ont pr\u00e9c\u00e9d\u00e9 la finale, r\u00e9v\u00e9lant des tentatives d&rsquo;espionnage et de d\u00e9stabilisation parfaitement orchestr\u00e9es. Il a ainsi d\u00e9voil\u00e9 que la FRMF avait cherch\u00e9 \u00e0 imposer aux Lions de la Teranga de s&rsquo;entra\u00eener au complexe Mohamed VI \u00e0 Rabat la veille de la finale. \u00ab\u00a0Quand Abdoulaye Sow (secr\u00e9taire g\u00e9n\u00e9ral de la FSF) m&rsquo;en a inform\u00e9, je lui ai dit clairement : on n&rsquo;y va pas\u00a0\u00bb, a-t-il racont\u00e9, expliquant les raisons de son refus cat\u00e9gorique : \u00ab\u00a0Tu es totalement \u00e0 d\u00e9couvert. Le moindre d\u00e9tail peut \u00eatre observ\u00e9\u00a0\u00bb. Cette r\u00e9v\u00e9lation met en lumi\u00e8re une strat\u00e9gie d\u00e9lib\u00e9r\u00e9e visant \u00e0 placer l&rsquo;\u00e9quipe adverse dans un environnement contr\u00f4l\u00e9 par l&rsquo;adversaire, permettant potentiellement d&rsquo;observer les s\u00e9ances d&rsquo;entra\u00eenement, les tactiques et l&rsquo;\u00e9tat d&rsquo;esprit des joueurs \u00e0 quelques heures d&rsquo;une rencontre cruciale.<\/p>\n\n\n\n<p>Le dirigeant s\u00e9n\u00e9galais a \u00e9galement \u00e9voqu\u00e9 l&rsquo;incident survenu \u00e0 la gare ferroviaire de Rabat, o\u00f9 aucun dispositif de s\u00e9curit\u00e9 n&rsquo;avait \u00e9t\u00e9 d\u00e9ploy\u00e9 lors de l&rsquo;arriv\u00e9e de la d\u00e9l\u00e9gation s\u00e9n\u00e9galaise, mettant en danger les joueurs et l&rsquo;encadrement technique. Le s\u00e9lectionneur Pape Thiaw avait d&rsquo;ailleurs d\u00e9plor\u00e9 que ses joueurs avaient \u00e9t\u00e9 \u00ab\u00a0en danger\u00a0\u00bb dans ce contexte chaotique. Selon Fall, une rencontre organis\u00e9e entre le pr\u00e9sident de la FRMF et d&rsquo;autres responsables n&rsquo;a abouti \u00e0 rien de concret, chacun se renvoyant la responsabilit\u00e9. \u00ab\u00a0\u00c0 ce moment-l\u00e0, j&rsquo;ai compris qu&rsquo;on me menait en bateau\u00a0\u00bb, a-t-il confi\u00e9, r\u00e9v\u00e9lant ainsi une strat\u00e9gie d&rsquo;enfumage et de d\u00e9responsabilisation parfaitement rod\u00e9e.<\/p>\n\n\n\n<p>Mais l&rsquo;accusation la plus grave concerne la d\u00e9signation de l&rsquo;arbitre de la finale. \u00ab\u00a0Le r\u00e8glement pr\u00e9voit un d\u00e9lai minimum pour pouvoir r\u00e9cuser un arbitre, mais nous n&rsquo;avons \u00e9t\u00e9 inform\u00e9s que la veille de la finale, \u00e0 22 heures\u00a0\u00bb, a d\u00e9plor\u00e9 Abdoulaye Fall, mettant en avant la \u00ab\u00a0r\u00e9sistance\u00a0\u00bb du S\u00e9n\u00e9gal contre la mainmise du Maroc sur la CAF, une r\u00e9sistance que peu de pays osent afficher. Cette technique du fait accompli, qui consiste \u00e0 annoncer tardivement des d\u00e9cisions cruciales pour emp\u00eacher toute contestation, avait \u00e9galement \u00e9t\u00e9 appliqu\u00e9e lors du quart de finale entre le Maroc et le Cameroun, l&rsquo;arbitre ayant \u00e9t\u00e9 d\u00e9sign\u00e9 dans la soir\u00e9e pr\u00e9c\u00e9dant le jour du match. Cette m\u00e9thode syst\u00e9matique r\u00e9v\u00e8le une manipulation organis\u00e9e des proc\u00e9dures pour favoriser le pays h\u00f4te.<\/p>\n\n\n\n<p><strong>L&rsquo;obsession de la serviette : quand la superstition vire au scandale<\/strong><\/p>\n\n\n\n<p>Au-del\u00e0 des dysfonctionnements institutionnels, c&rsquo;est un incident particuli\u00e8rement surr\u00e9aliste qui a achev\u00e9 de ternir l&rsquo;image du football marocain et africain : l&rsquo;affaire de la serviette. Durant toute la finale, les Marocains \u2013 joueurs, stadiers et ramasseurs de balles \u2013 se sont acharn\u00e9s \u00e0 subtiliser au gardien s\u00e9n\u00e9galais \u00c9douard Mendy sa serviette, qu&rsquo;il utilisait simplement pour essuyer ses gants. Cette obsession a atteint un sommet d&rsquo;absurdit\u00e9 lorsque le gardien rempla\u00e7ant du S\u00e9n\u00e9gal a \u00e9t\u00e9 malmen\u00e9 et tra\u00een\u00e9 sur la pelouse alors qu&rsquo;il veillait sur le pr\u00e9cieux bout de tissu pendant que son co\u00e9quipier d\u00e9fendait les buts s\u00e9n\u00e9galais. Les images de cette sc\u00e8ne lunaire ont fait le tour du monde, suscitant l&rsquo;incompr\u00e9hension g\u00e9n\u00e9rale et des parodies virales jusqu&rsquo;en Chine, pays o\u00f9 le football n&rsquo;est pourtant pas la pr\u00e9occupation premi\u00e8re.<\/p>\n\n\n\n<p>Le scandale a pris une ampleur internationale et tourne \u00e0 l\u2019obsession vu qu\u2019une semaine plus tard, la sc\u00e8ne s&rsquo;est reproduite \u00e0 Casablanca lors du match de Coupe de la Conf\u00e9d\u00e9ration africaine opposant le Wydad \u00e0 l&rsquo;AS Maniema de R\u00e9publique d\u00e9mocratique du Congo. Les agents de s\u00e9curit\u00e9 du stade Mohammed V ont \u00e9t\u00e9 film\u00e9s tentant de d\u00e9rober la serviette du gardien congolais, prouvant que ce comportement n&rsquo;\u00e9tait pas un incident isol\u00e9 mais bien une pratique r\u00e9currente. \u00ab\u00a0Le serviette gate a repris au Wydad\u00a0\u00bb, a titr\u00e9 le site fran\u00e7ais Sofoot, parlant d&rsquo;un \u00ab\u00a0d\u00e9tail en apparence, mais devenu un symbole depuis la finale chaotique Maroc-S\u00e9n\u00e9gal, entre suspicion de magie noire ou technique de d\u00e9stabilisation\u00a0\u00bb. Le site Goal a enfonc\u00e9 le clou en titrant : \u00ab\u00a0Apr\u00e8s la CAN, le Maroc est encore au c\u0153ur d&rsquo;une nouvelle affaire de serviettes\u00a0\u00bb.<\/p>\n\n\n\n<p>Sur les r\u00e9seaux sociaux, la consternation est g\u00e9n\u00e9rale. \u00ab\u00a0Lors du match entre le Wydad marocain et Maniema en Coupe d&rsquo;Afrique des clubs, un stadier marocain a tent\u00e9 de voler la serviette du gardien de Maniema. La CAF doit sanctionner le Maroc et lui interdire de jouer toute comp\u00e9tition africaine. C&rsquo;est quoi leur d\u00e9lire ?\u00a0\u00bb, s&rsquo;est interrog\u00e9 Kiluba Oswald, panafricaniste congolais, sur le r\u00e9seau X. Malgr\u00e9 tous ces manquements et ces d\u00e9rapages qui entachent gravement l&rsquo;image du football africain, ni la FIFA ni la CAF n&rsquo;ont estim\u00e9 n\u00e9cessaire de sanctionner le Maroc ou, du moins, de le rappeler \u00e0 l&rsquo;ordre. Ce silence complice devient d&rsquo;autant plus assourdissant que la CAF n&rsquo;a pas h\u00e9sit\u00e9 \u00e0 infliger une sanction record \u00e0 l&rsquo;Alg\u00e9rie pour des incidents bien moins graves. Cette inaction d\u00e9lib\u00e9r\u00e9e des instances dirigeantes confirme les accusations d&rsquo;Abdoulaye Fall et soul\u00e8ve de s\u00e9rieuses questions sur l&rsquo;int\u00e9grit\u00e9 de la gouvernance du football africain, d\u00e9sormais otage d&rsquo;int\u00e9r\u00eats particuliers qui menacent sa cr\u00e9dibilit\u00e9 sur la sc\u00e8ne internationale.<\/p>\n\n\n\n<p>Moncef Dahleb<\/p>\n","protected":false},"excerpt":{"rendered":"<p>Une semaine apr\u00e8s la finale chaotique de la CAN 2025, le pr\u00e9sident de la F\u00e9d\u00e9ration s\u00e9n\u00e9galaise de football, Abdoulaye Fall,<\/p>\n","protected":false},"author":6,"featured_media":80138,"comment_status":"open","ping_status":"closed","sticky":false,"template":"","format":"standard","meta":{"colormag_page_container_layout":"default_layout","colormag_page_sidebar_layout":"default_layout","om_disable_all_campaigns":false,"_monsterinsights_skip_tracking":false,"_monsterinsights_sitenote_active":false,"_monsterinsights_sitenote_note":"","_monsterinsights_sitenote_category":0,"footnotes":"","_wpscppro_dont_share_socialmedia":false,"_wpscppro_custom_social_share_image":0,"_facebook_share_type":"default","_twitter_share_type":"default","_linkedin_share_type":"default","_pinterest_share_type":"default","_linkedin_share_type_page":"","_instagram_share_type":"default","_medium_share_type":"default","_threads_share_type":"default","_google_business_share_type":"default","_selected_social_profile":[],"_wpsp_enable_custom_social_template":false,"_wpsp_social_scheduling":{"enabled":false,"datetime":null,"platforms":[],"status":"template_only","dateOption":"today","timeOption":"now","customDays":"","customHours":"","customDate":"","customTime":"","schedulingType":"absolute"},"_wpsp_active_default_template":true},"categories":[33],"tags":[],"class_list":["post-80137","post","type-post","status-publish","format-standard","has-post-thumbnail","hentry","category-sports"],"aioseo_notices":[],"yoast_head":"<!-- This site is optimized with the Yoast SEO plugin v27.5 - https:\/\/yoast.com\/product\/yoast-seo-wordpress\/ -->\n<title>De graves d\u00e9rives gangr\u00e8nent le football africain\u00a0:\u00a0Le S\u00e9n\u00e9gal d\u00e9nonce la mainmise marocaine sur la CAF\u00a0 - La Sentinelle<\/title>\n<meta name=\"robots\" content=\"index, follow, max-snippet:-1, max-image-preview:large, max-video-preview:-1\" \/>\n<link rel=\"canonical\" href=\"https:\/\/lasentinelle.dz\/index.php\/2026\/01\/27\/de-graves-derives-gangrenent-le-football-africain-le-senegal-denonce-la-mainmise-marocaine-sur-la-caf\/\" \/>\n<meta property=\"og:locale\" content=\"fr_FR\" \/>\n<meta property=\"og:type\" content=\"article\" \/>\n<meta property=\"og:title\" content=\"De graves d\u00e9rives gangr\u00e8nent le football africain\u00a0:\u00a0Le S\u00e9n\u00e9gal d\u00e9nonce la mainmise marocaine sur la CAF\u00a0 - La Sentinelle\" \/>\n<meta property=\"og:description\" content=\"Une semaine apr\u00e8s la finale chaotique de la CAN 2025, le pr\u00e9sident de la F\u00e9d\u00e9ration s\u00e9n\u00e9galaise de football, Abdoulaye Fall,\" \/>\n<meta property=\"og:url\" content=\"https:\/\/lasentinelle.dz\/index.php\/2026\/01\/27\/de-graves-derives-gangrenent-le-football-africain-le-senegal-denonce-la-mainmise-marocaine-sur-la-caf\/\" \/>\n<meta property=\"og:site_name\" content=\"La Sentinelle\" \/>\n<meta property=\"article:publisher\" content=\"https:\/\/www.facebook.com\/La-Sentinelle-104059864394773\" \/>\n<meta property=\"article:published_time\" content=\"2026-01-27T12:03:05+00:00\" \/>\n<meta property=\"article:modified_time\" content=\"2026-01-27T12:03:06+00:00\" \/>\n<meta property=\"og:image\" content=\"https:\/\/lasentinelle.dz\/wp-content\/uploads\/2026\/01\/lakjaa-motsepe.webp\" \/>\n\t<meta property=\"og:image:width\" content=\"950\" \/>\n\t<meta property=\"og:image:height\" content=\"563\" \/>\n\t<meta property=\"og:image:type\" content=\"image\/webp\" \/>\n<meta name=\"author\" content=\"admin\" \/>\n<meta name=\"twitter:card\" content=\"summary_large_image\" \/>\n<meta name=\"twitter:label1\" content=\"\u00c9crit par\" \/>\n\t<meta name=\"twitter:data1\" content=\"admin\" \/>\n\t<meta name=\"twitter:label2\" content=\"Dur\u00e9e de lecture estim\u00e9e\" \/>\n\t<meta name=\"twitter:data2\" content=\"7 minutes\" \/>\n<script type=\"application\/ld+json\" class=\"yoast-schema-graph\">{\"@context\":\"https:\\\/\\\/schema.org\",\"@graph\":[{\"@type\":\"Article\",\"@id\":\"https:\\\/\\\/lasentinelle.dz\\\/index.php\\\/2026\\\/01\\\/27\\\/de-graves-derives-gangrenent-le-football-africain-le-senegal-denonce-la-mainmise-marocaine-sur-la-caf\\\/#article\",\"isPartOf\":{\"@id\":\"https:\\\/\\\/lasentinelle.dz\\\/index.php\\\/2026\\\/01\\\/27\\\/de-graves-derives-gangrenent-le-football-africain-le-senegal-denonce-la-mainmise-marocaine-sur-la-caf\\\/\"},\"author\":{\"name\":\"admin\",\"@id\":\"https:\\\/\\\/lasentinelle.dz\\\/#\\\/schema\\\/person\\\/729ee0024f24e0b8c5ec17232f8e8b41\"},\"headline\":\"De graves d\u00e9rives gangr\u00e8nent le football africain\u00a0:\u00a0Le S\u00e9n\u00e9gal d\u00e9nonce la mainmise marocaine sur la CAF\u00a0\",\"datePublished\":\"2026-01-27T12:03:05+00:00\",\"dateModified\":\"2026-01-27T12:03:06+00:00\",\"mainEntityOfPage\":{\"@id\":\"https:\\\/\\\/lasentinelle.dz\\\/index.php\\\/2026\\\/01\\\/27\\\/de-graves-derives-gangrenent-le-football-africain-le-senegal-denonce-la-mainmise-marocaine-sur-la-caf\\\/\"},\"wordCount\":1486,\"commentCount\":0,\"publisher\":{\"@id\":\"https:\\\/\\\/lasentinelle.dz\\\/#organization\"},\"image\":{\"@id\":\"https:\\\/\\\/lasentinelle.dz\\\/index.php\\\/2026\\\/01\\\/27\\\/de-graves-derives-gangrenent-le-football-africain-le-senegal-denonce-la-mainmise-marocaine-sur-la-caf\\\/#primaryimage\"},\"thumbnailUrl\":\"https:\\\/\\\/lasentinelle.dz\\\/wp-content\\\/uploads\\\/2026\\\/01\\\/lakjaa-motsepe.webp\",\"articleSection\":[\"Sports\"],\"inLanguage\":\"fr-FR\",\"potentialAction\":[{\"@type\":\"CommentAction\",\"name\":\"Comment\",\"target\":[\"https:\\\/\\\/lasentinelle.dz\\\/index.php\\\/2026\\\/01\\\/27\\\/de-graves-derives-gangrenent-le-football-africain-le-senegal-denonce-la-mainmise-marocaine-sur-la-caf\\\/#respond\"]}]},{\"@type\":\"WebPage\",\"@id\":\"https:\\\/\\\/lasentinelle.dz\\\/index.php\\\/2026\\\/01\\\/27\\\/de-graves-derives-gangrenent-le-football-africain-le-senegal-denonce-la-mainmise-marocaine-sur-la-caf\\\/\",\"url\":\"https:\\\/\\\/lasentinelle.dz\\\/index.php\\\/2026\\\/01\\\/27\\\/de-graves-derives-gangrenent-le-football-africain-le-senegal-denonce-la-mainmise-marocaine-sur-la-caf\\\/\",\"name\":\"De graves d\u00e9rives gangr\u00e8nent le football africain\u00a0:\u00a0Le S\u00e9n\u00e9gal d\u00e9nonce la mainmise marocaine sur la CAF\u00a0 - La Sentinelle\",\"isPartOf\":{\"@id\":\"https:\\\/\\\/lasentinelle.dz\\\/#website\"},\"primaryImageOfPage\":{\"@id\":\"https:\\\/\\\/lasentinelle.dz\\\/index.php\\\/2026\\\/01\\\/27\\\/de-graves-derives-gangrenent-le-football-africain-le-senegal-denonce-la-mainmise-marocaine-sur-la-caf\\\/#primaryimage\"},\"image\":{\"@id\":\"https:\\\/\\\/lasentinelle.dz\\\/index.php\\\/2026\\\/01\\\/27\\\/de-graves-derives-gangrenent-le-football-africain-le-senegal-denonce-la-mainmise-marocaine-sur-la-caf\\\/#primaryimage\"},\"thumbnailUrl\":\"https:\\\/\\\/lasentinelle.dz\\\/wp-content\\\/uploads\\\/2026\\\/01\\\/lakjaa-motsepe.webp\",\"datePublished\":\"2026-01-27T12:03:05+00:00\",\"dateModified\":\"2026-01-27T12:03:06+00:00\",\"breadcrumb\":{\"@id\":\"https:\\\/\\\/lasentinelle.dz\\\/index.php\\\/2026\\\/01\\\/27\\\/de-graves-derives-gangrenent-le-football-africain-le-senegal-denonce-la-mainmise-marocaine-sur-la-caf\\\/#breadcrumb\"},\"inLanguage\":\"fr-FR\",\"potentialAction\":[{\"@type\":\"ReadAction\",\"target\":[\"https:\\\/\\\/lasentinelle.dz\\\/index.php\\\/2026\\\/01\\\/27\\\/de-graves-derives-gangrenent-le-football-africain-le-senegal-denonce-la-mainmise-marocaine-sur-la-caf\\\/\"]}]},{\"@type\":\"ImageObject\",\"inLanguage\":\"fr-FR\",\"@id\":\"https:\\\/\\\/lasentinelle.dz\\\/index.php\\\/2026\\\/01\\\/27\\\/de-graves-derives-gangrenent-le-football-africain-le-senegal-denonce-la-mainmise-marocaine-sur-la-caf\\\/#primaryimage\",\"url\":\"https:\\\/\\\/lasentinelle.dz\\\/wp-content\\\/uploads\\\/2026\\\/01\\\/lakjaa-motsepe.webp\",\"contentUrl\":\"https:\\\/\\\/lasentinelle.dz\\\/wp-content\\\/uploads\\\/2026\\\/01\\\/lakjaa-motsepe.webp\",\"width\":950,\"height\":563},{\"@type\":\"BreadcrumbList\",\"@id\":\"https:\\\/\\\/lasentinelle.dz\\\/index.php\\\/2026\\\/01\\\/27\\\/de-graves-derives-gangrenent-le-football-africain-le-senegal-denonce-la-mainmise-marocaine-sur-la-caf\\\/#breadcrumb\",\"itemListElement\":[{\"@type\":\"ListItem\",\"position\":1,\"name\":\"Accueil\",\"item\":\"https:\\\/\\\/lasentinelle.dz\\\/\"},{\"@type\":\"ListItem\",\"position\":2,\"name\":\"De graves d\u00e9rives gangr\u00e8nent le football africain\u00a0:\u00a0Le S\u00e9n\u00e9gal d\u00e9nonce la mainmise marocaine sur la CAF\u00a0\"}]},{\"@type\":\"WebSite\",\"@id\":\"https:\\\/\\\/lasentinelle.dz\\\/#website\",\"url\":\"https:\\\/\\\/lasentinelle.dz\\\/\",\"name\":\"La Sentinelle\",\"description\":\"Quotidien national d&#039;information\",\"publisher\":{\"@id\":\"https:\\\/\\\/lasentinelle.dz\\\/#organization\"},\"potentialAction\":[{\"@type\":\"SearchAction\",\"target\":{\"@type\":\"EntryPoint\",\"urlTemplate\":\"https:\\\/\\\/lasentinelle.dz\\\/?s={search_term_string}\"},\"query-input\":{\"@type\":\"PropertyValueSpecification\",\"valueRequired\":true,\"valueName\":\"search_term_string\"}}],\"inLanguage\":\"fr-FR\"},{\"@type\":\"Organization\",\"@id\":\"https:\\\/\\\/lasentinelle.dz\\\/#organization\",\"name\":\"Quotidien La Sentinelle\",\"url\":\"https:\\\/\\\/lasentinelle.dz\\\/\",\"logo\":{\"@type\":\"ImageObject\",\"inLanguage\":\"fr-FR\",\"@id\":\"https:\\\/\\\/lasentinelle.dz\\\/#\\\/schema\\\/logo\\\/image\\\/\",\"url\":\"https:\\\/\\\/lasentinelle.dz\\\/wp-content\\\/uploads\\\/2021\\\/09\\\/logo-sentinelleSLOGAN-1.png\",\"contentUrl\":\"https:\\\/\\\/lasentinelle.dz\\\/wp-content\\\/uploads\\\/2021\\\/09\\\/logo-sentinelleSLOGAN-1.png\",\"width\":615,\"height\":142,\"caption\":\"Quotidien La Sentinelle\"},\"image\":{\"@id\":\"https:\\\/\\\/lasentinelle.dz\\\/#\\\/schema\\\/logo\\\/image\\\/\"},\"sameAs\":[\"https:\\\/\\\/www.facebook.com\\\/La-Sentinelle-104059864394773\"]},{\"@type\":\"Person\",\"@id\":\"https:\\\/\\\/lasentinelle.dz\\\/#\\\/schema\\\/person\\\/729ee0024f24e0b8c5ec17232f8e8b41\",\"name\":\"admin\",\"image\":{\"@type\":\"ImageObject\",\"inLanguage\":\"fr-FR\",\"@id\":\"https:\\\/\\\/secure.gravatar.com\\\/avatar\\\/4c81fed838786e9b53f540bf46533e750f5d292099ae3b66cfc6fb1982e29df7?s=96&d=mm&r=g\",\"url\":\"https:\\\/\\\/secure.gravatar.com\\\/avatar\\\/4c81fed838786e9b53f540bf46533e750f5d292099ae3b66cfc6fb1982e29df7?s=96&d=mm&r=g\",\"contentUrl\":\"https:\\\/\\\/secure.gravatar.com\\\/avatar\\\/4c81fed838786e9b53f540bf46533e750f5d292099ae3b66cfc6fb1982e29df7?s=96&d=mm&r=g\",\"caption\":\"admin\"},\"description\":\"admin\",\"url\":\"https:\\\/\\\/lasentinelle.dz\\\/author\\\/admin\\\/\"}]}<\/script>\n<!-- \/ Yoast SEO plugin. -->","yoast_head_json":{"title":"De graves d\u00e9rives gangr\u00e8nent le football africain\u00a0:\u00a0Le S\u00e9n\u00e9gal d\u00e9nonce la mainmise marocaine sur la CAF\u00a0 - La Sentinelle","robots":{"index":"index","follow":"follow","max-snippet":"max-snippet:-1","max-image-preview":"max-image-preview:large","max-video-preview":"max-video-preview:-1"},"canonical":"https:\/\/lasentinelle.dz\/index.php\/2026\/01\/27\/de-graves-derives-gangrenent-le-football-africain-le-senegal-denonce-la-mainmise-marocaine-sur-la-caf\/","og_locale":"fr_FR","og_type":"article","og_title":"De graves d\u00e9rives gangr\u00e8nent le football africain\u00a0:\u00a0Le S\u00e9n\u00e9gal d\u00e9nonce la mainmise marocaine sur la CAF\u00a0 - La Sentinelle","og_description":"Une semaine apr\u00e8s la finale chaotique de la CAN 2025, le pr\u00e9sident de la F\u00e9d\u00e9ration s\u00e9n\u00e9galaise de football, Abdoulaye Fall,","og_url":"https:\/\/lasentinelle.dz\/index.php\/2026\/01\/27\/de-graves-derives-gangrenent-le-football-africain-le-senegal-denonce-la-mainmise-marocaine-sur-la-caf\/","og_site_name":"La Sentinelle","article_publisher":"https:\/\/www.facebook.com\/La-Sentinelle-104059864394773","article_published_time":"2026-01-27T12:03:05+00:00","article_modified_time":"2026-01-27T12:03:06+00:00","og_image":[{"width":950,"height":563,"url":"https:\/\/lasentinelle.dz\/wp-content\/uploads\/2026\/01\/lakjaa-motsepe.webp","type":"image\/webp"}],"author":"admin","twitter_card":"summary_large_image","twitter_misc":{"\u00c9crit par":"admin","Dur\u00e9e de lecture estim\u00e9e":"7 minutes"},"schema":{"@context":"https:\/\/schema.org","@graph":[{"@type":"Article","@id":"https:\/\/lasentinelle.dz\/index.php\/2026\/01\/27\/de-graves-derives-gangrenent-le-football-africain-le-senegal-denonce-la-mainmise-marocaine-sur-la-caf\/#article","isPartOf":{"@id":"https:\/\/lasentinelle.dz\/index.php\/2026\/01\/27\/de-graves-derives-gangrenent-le-football-africain-le-senegal-denonce-la-mainmise-marocaine-sur-la-caf\/"},"author":{"name":"admin","@id":"https:\/\/lasentinelle.dz\/#\/schema\/person\/729ee0024f24e0b8c5ec17232f8e8b41"},"headline":"De graves d\u00e9rives gangr\u00e8nent le football africain\u00a0:\u00a0Le S\u00e9n\u00e9gal d\u00e9nonce la mainmise marocaine sur la CAF\u00a0","datePublished":"2026-01-27T12:03:05+00:00","dateModified":"2026-01-27T12:03:06+00:00","mainEntityOfPage":{"@id":"https:\/\/lasentinelle.dz\/index.php\/2026\/01\/27\/de-graves-derives-gangrenent-le-football-africain-le-senegal-denonce-la-mainmise-marocaine-sur-la-caf\/"},"wordCount":1486,"commentCount":0,"publisher":{"@id":"https:\/\/lasentinelle.dz\/#organization"},"image":{"@id":"https:\/\/lasentinelle.dz\/index.php\/2026\/01\/27\/de-graves-derives-gangrenent-le-football-africain-le-senegal-denonce-la-mainmise-marocaine-sur-la-caf\/#primaryimage"},"thumbnailUrl":"https:\/\/lasentinelle.dz\/wp-content\/uploads\/2026\/01\/lakjaa-motsepe.webp","articleSection":["Sports"],"inLanguage":"fr-FR","potentialAction":[{"@type":"CommentAction","name":"Comment","target":["https:\/\/lasentinelle.dz\/index.php\/2026\/01\/27\/de-graves-derives-gangrenent-le-football-africain-le-senegal-denonce-la-mainmise-marocaine-sur-la-caf\/#respond"]}]},{"@type":"WebPage","@id":"https:\/\/lasentinelle.dz\/index.php\/2026\/01\/27\/de-graves-derives-gangrenent-le-football-africain-le-senegal-denonce-la-mainmise-marocaine-sur-la-caf\/","url":"https:\/\/lasentinelle.dz\/index.php\/2026\/01\/27\/de-graves-derives-gangrenent-le-football-africain-le-senegal-denonce-la-mainmise-marocaine-sur-la-caf\/","name":"De graves d\u00e9rives gangr\u00e8nent le football africain\u00a0:\u00a0Le S\u00e9n\u00e9gal d\u00e9nonce la mainmise marocaine sur la CAF\u00a0 - La Sentinelle","isPartOf":{"@id":"https:\/\/lasentinelle.dz\/#website"},"primaryImageOfPage":{"@id":"https:\/\/lasentinelle.dz\/index.php\/2026\/01\/27\/de-graves-derives-gangrenent-le-football-africain-le-senegal-denonce-la-mainmise-marocaine-sur-la-caf\/#primaryimage"},"image":{"@id":"https:\/\/lasentinelle.dz\/index.php\/2026\/01\/27\/de-graves-derives-gangrenent-le-football-africain-le-senegal-denonce-la-mainmise-marocaine-sur-la-caf\/#primaryimage"},"thumbnailUrl":"https:\/\/lasentinelle.dz\/wp-content\/uploads\/2026\/01\/lakjaa-motsepe.webp","datePublished":"2026-01-27T12:03:05+00:00","dateModified":"2026-01-27T12:03:06+00:00","breadcrumb":{"@id":"https:\/\/lasentinelle.dz\/index.php\/2026\/01\/27\/de-graves-derives-gangrenent-le-football-africain-le-senegal-denonce-la-mainmise-marocaine-sur-la-caf\/#breadcrumb"},"inLanguage":"fr-FR","potentialAction":[{"@type":"ReadAction","target":["https:\/\/lasentinelle.dz\/index.php\/2026\/01\/27\/de-graves-derives-gangrenent-le-football-africain-le-senegal-denonce-la-mainmise-marocaine-sur-la-caf\/"]}]},{"@type":"ImageObject","inLanguage":"fr-FR","@id":"https:\/\/lasentinelle.dz\/index.php\/2026\/01\/27\/de-graves-derives-gangrenent-le-football-africain-le-senegal-denonce-la-mainmise-marocaine-sur-la-caf\/#primaryimage","url":"https:\/\/lasentinelle.dz\/wp-content\/uploads\/2026\/01\/lakjaa-motsepe.webp","contentUrl":"https:\/\/lasentinelle.dz\/wp-content\/uploads\/2026\/01\/lakjaa-motsepe.webp","width":950,"height":563},{"@type":"BreadcrumbList","@id":"https:\/\/lasentinelle.dz\/index.php\/2026\/01\/27\/de-graves-derives-gangrenent-le-football-africain-le-senegal-denonce-la-mainmise-marocaine-sur-la-caf\/#breadcrumb","itemListElement":[{"@type":"ListItem","position":1,"name":"Accueil","item":"https:\/\/lasentinelle.dz\/"},{"@type":"ListItem","position":2,"name":"De graves d\u00e9rives gangr\u00e8nent le football africain\u00a0:\u00a0Le S\u00e9n\u00e9gal d\u00e9nonce la mainmise marocaine sur la CAF\u00a0"}]},{"@type":"WebSite","@id":"https:\/\/lasentinelle.dz\/#website","url":"https:\/\/lasentinelle.dz\/","name":"La Sentinelle","description":"Quotidien national d&#039;information","publisher":{"@id":"https:\/\/lasentinelle.dz\/#organization"},"potentialAction":[{"@type":"SearchAction","target":{"@type":"EntryPoint","urlTemplate":"https:\/\/lasentinelle.dz\/?s={search_term_string}"},"query-input":{"@type":"PropertyValueSpecification","valueRequired":true,"valueName":"search_term_string"}}],"inLanguage":"fr-FR"},{"@type":"Organization","@id":"https:\/\/lasentinelle.dz\/#organization","name":"Quotidien La Sentinelle","url":"https:\/\/lasentinelle.dz\/","logo":{"@type":"ImageObject","inLanguage":"fr-FR","@id":"https:\/\/lasentinelle.dz\/#\/schema\/logo\/image\/","url":"https:\/\/lasentinelle.dz\/wp-content\/uploads\/2021\/09\/logo-sentinelleSLOGAN-1.png","contentUrl":"https:\/\/lasentinelle.dz\/wp-content\/uploads\/2021\/09\/logo-sentinelleSLOGAN-1.png","width":615,"height":142,"caption":"Quotidien La Sentinelle"},"image":{"@id":"https:\/\/lasentinelle.dz\/#\/schema\/logo\/image\/"},"sameAs":["https:\/\/www.facebook.com\/La-Sentinelle-104059864394773"]},{"@type":"Person","@id":"https:\/\/lasentinelle.dz\/#\/schema\/person\/729ee0024f24e0b8c5ec17232f8e8b41","name":"admin","image":{"@type":"ImageObject","inLanguage":"fr-FR","@id":"https:\/\/secure.gravatar.com\/avatar\/4c81fed838786e9b53f540bf46533e750f5d292099ae3b66cfc6fb1982e29df7?s=96&d=mm&r=g","url":"https:\/\/secure.gravatar.com\/avatar\/4c81fed838786e9b53f540bf46533e750f5d292099ae3b66cfc6fb1982e29df7?s=96&d=mm&r=g","contentUrl":"https:\/\/secure.gravatar.com\/avatar\/4c81fed838786e9b53f540bf46533e750f5d292099ae3b66cfc6fb1982e29df7?s=96&d=mm&r=g","caption":"admin"},"description":"admin","url":"https:\/\/lasentinelle.dz\/author\/admin\/"}]}},"_links":{"self":[{"href":"https:\/\/lasentinelle.dz\/index.php\/wp-json\/wp\/v2\/posts\/80137","targetHints":{"allow":["GET"]}}],"collection":[{"href":"https:\/\/lasentinelle.dz\/index.php\/wp-json\/wp\/v2\/posts"}],"about":[{"href":"https:\/\/lasentinelle.dz\/index.php\/wp-json\/wp\/v2\/types\/post"}],"author":[{"embeddable":true,"href":"https:\/\/lasentinelle.dz\/index.php\/wp-json\/wp\/v2\/users\/6"}],"replies":[{"embeddable":true,"href":"https:\/\/lasentinelle.dz\/index.php\/wp-json\/wp\/v2\/comments?post=80137"}],"version-history":[{"count":1,"href":"https:\/\/lasentinelle.dz\/index.php\/wp-json\/wp\/v2\/posts\/80137\/revisions"}],"predecessor-version":[{"id":80139,"href":"https:\/\/lasentinelle.dz\/index.php\/wp-json\/wp\/v2\/posts\/80137\/revisions\/80139"}],"wp:featuredmedia":[{"embeddable":true,"href":"https:\/\/lasentinelle.dz\/index.php\/wp-json\/wp\/v2\/media\/80138"}],"wp:attachment":[{"href":"https:\/\/lasentinelle.dz\/index.php\/wp-json\/wp\/v2\/media?parent=80137"}],"wp:term":[{"taxonomy":"category","embeddable":true,"href":"https:\/\/lasentinelle.dz\/index.php\/wp-json\/wp\/v2\/categories?post=80137"},{"taxonomy":"post_tag","embeddable":true,"href":"https:\/\/lasentinelle.dz\/index.php\/wp-json\/wp\/v2\/tags?post=80137"}],"curies":[{"name":"wp","href":"https:\/\/api.w.org\/{rel}","templated":true}]}}