{"id":80140,"date":"2026-01-27T13:03:46","date_gmt":"2026-01-27T12:03:46","guid":{"rendered":"https:\/\/lasentinelle.dz\/?p=80140"},"modified":"2026-01-27T13:03:47","modified_gmt":"2026-01-27T12:03:47","slug":"coupe-de-la-confederation-africaine-le-crb-retrouve-des-couleurs","status":"publish","type":"post","link":"https:\/\/lasentinelle.dz\/index.php\/2026\/01\/27\/coupe-de-la-confederation-africaine-le-crb-retrouve-des-couleurs\/","title":{"rendered":"Coupe de la Conf\u00e9d\u00e9ration africaine\u00a0: Le CRB retrouve des couleurs\u00a0"},"content":{"rendered":"\n<p>Le CR Belouizdad a effac\u00e9 la gifle congolaise en dominant les Sud-Africains de Stellenbosch 2-0 dimanche soir \u00e0 Baraki, s&#8217;emparant de la t\u00eate du groupe C de la Coupe de la Conf\u00e9d\u00e9ration avec six points, deux mois apr\u00e8s l&rsquo;humiliation subie \u00e0 Brazzaville face \u00e0 Otoho d&rsquo;Oyo.<\/p>\n\n\n\n<p>Il y a deux mois, le CR Belouizdad quittait Brazzaville la t\u00eate basse, assomm\u00e9 par une correction quatre buts \u00e0 un inflig\u00e9e par les Congolais d&rsquo;Otoho d&rsquo;Oyo lors de la deuxi\u00e8me journ\u00e9e de la phase de poules. Cette d\u00e9b\u00e2cle avait jet\u00e9 un froid sur les ambitions continentales du Chabab, alimentant les doutes sur la capacit\u00e9 du club de La\u00e2quiba \u00e0 rivaliser avec les coriaces formations africaines. Dimanche soir au stade Nelson-Mandela de Baraki, les Belouizdadis ont apport\u00e9 une r\u00e9ponse sans \u00e9quivoque en dominant les Sud-Africains de Stellenbosch deux buts \u00e0 z\u00e9ro, une victoire pr\u00e9cieuse qui leur permet de s&#8217;emparer du tr\u00f4ne du groupe C avec six unit\u00e9s, deux longueurs d&rsquo;avance sur leurs adversaires du soir et les Tanzaniens de Singida Black Stars.<\/p>\n\n\n\n<p>Le sc\u00e9nario de la rencontre aurait pu \u00eatre \u00e9crit par les strat\u00e8ges du Chabab tant il correspondait \u00e0 leurs besoins : entamer tambour battant pour installer le doute dans les rangs adverses et ne jamais rel\u00e2cher la pression. D\u00e8s la cinqui\u00e8me minute, l&rsquo;attaquant Abdennour Belhocini justifiait cette approche offensive en crucifiant le portier sud-africain Oscarine Masuluke d&rsquo;un tir imparable en pleine surface, id\u00e9alement servi par Lotfi Boussouar. Un \u00e9clair de lucidit\u00e9 qui a illumin\u00e9 le d\u00e9but de match et offert au CRB la s\u00e9r\u00e9nit\u00e9 n\u00e9cessaire pour construire son succ\u00e8s. Ce but pr\u00e9coce refl\u00e9tait la d\u00e9termination d&rsquo;une \u00e9quipe d\u00e9cid\u00e9e \u00e0 tourner d\u00e9finitivement la page congolaise et \u00e0 reprendre son destin continental en main.<\/p>\n\n\n\n<p>Mais si l&rsquo;entame fut parfaite, la suite du match r\u00e9v\u00e9la les limites actuelles du Chabab devant le but. En seconde p\u00e9riode, le Chaba multiplia les occasions pour se mettre d\u00e9finitivement \u00e0 l&rsquo;abri, sans toutefois faire preuve de suffisamment de lucidit\u00e9 face aux buts. Cette st\u00e9rilit\u00e9 offensive aurait pu co\u00fbter cher face \u00e0 une formation sud-africaine venue chercher au moins un point et capable de punir \u00e0 tout moment. Il fallut attendre le temps additionnel et un penalty obtenu par le Tunisien Mohamed Ali Ben Hammouda, transform\u00e9 avec sang-froid par Farid El-Mellali \u00e0 la 94<sup>e<\/sup>&nbsp;minute, pour sceller d\u00e9finitivement le sort de la rencontre. Un soulagement pour les hommes de La\u00e2quiba qui auraient d\u00fb tuer le match bien avant.<\/p>\n\n\n\n<p>Cette victoire intervient dans un contexte particulier pour le CRB puisqu&rsquo;elle marque les grands d\u00e9buts de la nouvelle recrue hivernale, le milieu de terrain Salim Boukhanchouche, transfuge de l&rsquo;USM Alger. Align\u00e9 d&rsquo;entr\u00e9e, l&rsquo;ex-Usmiste a sign\u00e9 une prestation appliqu\u00e9e, apportant son exp\u00e9rience et sa vision de jeu au milieu belouizdadi. Un recrutement qui t\u00e9moigne des ambitions du club de La\u00e2quiba, d\u00e9cid\u00e9 \u00e0 se renforcer pour aller au bout de l&rsquo;aventure continentale. Avec cette victoire, le CRB r\u00e9alise une excellente op\u00e9ration comptable en prenant la t\u00eate du groupe avec six points, devan\u00e7ant Stellenbosch et Singida Black Stars, tous deux \u00e0 quatre unit\u00e9s. Les Tanzaniens ont d&rsquo;ailleurs confirm\u00e9 leur solidit\u00e9 en s&rsquo;imposant un peu plus t\u00f4t dans la journ\u00e9e \u00e0 domicile face \u00e0 Otoho d&rsquo;Oyo un but \u00e0 z\u00e9ro, condamnant les Congolais \u00e0 fermer la marche du groupe avec seulement trois points. Cette configuration laisse le groupe C compl\u00e8tement ouvert \u00e0 quatre journ\u00e9es de la fin de la phase de poules, avec trois formations s\u00e9par\u00e9es par deux petits points. Rien n&rsquo;est donc acquis pour le Chabab qui devra confirmer lors du d\u00e9placement p\u00e9rilleux en Afrique du Sud pour affronter Stellenbosch, pr\u00e9vu entre le 30 janvier et le 1er f\u00e9vrier lors de la quatri\u00e8me journ\u00e9e. Un match retour qui s&rsquo;annonce br\u00fblant puisque les Sud-Africains auront \u00e0 c\u0153ur de prendre leur revanche et de reprendre la t\u00eate du groupe devant leur public.<\/p>\n\n\n\n<p>Cette performance belouizdadie intervient 24 heures apr\u00e8s la d\u00e9monstration de l&rsquo;autre repr\u00e9sentant alg\u00e9rien dans la comp\u00e9tition, l&rsquo;USM Alger, qui a domin\u00e9 les Maliens du Djoliba AC deux buts \u00e0 z\u00e9ro samedi soir au stade du 5-Juillet. Les Rouge et Noir, port\u00e9s par les r\u00e9alisations de Zakaria Draoui \u00e0 la 13<sup>e<\/sup>&nbsp;minute et Ahmed Khaldi \u00e0 la 83<sup>e<\/sup>&nbsp;minute d&rsquo;une belle frappe enroul\u00e9e du pied gauche, ont sign\u00e9 une troisi\u00e8me victoire en autant de matchs. Avec neuf points au compteur, l&rsquo;USMA caracole en t\u00eate du groupe A avec six longueurs d&rsquo;avance sur le FC San Pedro et l&rsquo;Olympique Club Safi, tous deux \u00e0 trois unit\u00e9s. Les Usmistes, qui affronteront le Djoliba AC \u00e0 Bamako le 1er f\u00e9vrier prochain, semblent en ballotage tr\u00e8s favorable pour la qualification aux quarts de finale.<\/p>\n\n\n\n<p>Moncef Dahleb<\/p>\n","protected":false},"excerpt":{"rendered":"<p>Le CR Belouizdad a effac\u00e9 la gifle congolaise en dominant les Sud-Africains de Stellenbosch 2-0 dimanche soir \u00e0 Baraki, s&#8217;emparant<\/p>\n","protected":false},"author":6,"featured_media":80141,"comment_status":"open","ping_status":"closed","sticky":false,"template":"","format":"standard","meta":{"colormag_page_container_layout":"default_layout","colormag_page_sidebar_layout":"default_layout","om_disable_all_campaigns":false,"_monsterinsights_skip_tracking":false,"_monsterinsights_sitenote_active":false,"_monsterinsights_sitenote_note":"","_monsterinsights_sitenote_category":0,"footnotes":"","_wpscppro_dont_share_socialmedia":false,"_wpscppro_custom_social_share_image":0,"_facebook_share_type":"default","_twitter_share_type":"default","_linkedin_share_type":"default","_pinterest_share_type":"default","_linkedin_share_type_page":"","_instagram_share_type":"default","_medium_share_type":"default","_threads_share_type":"default","_google_business_share_type":"default","_selected_social_profile":[],"_wpsp_enable_custom_social_template":false,"_wpsp_social_scheduling":{"enabled":false,"datetime":null,"platforms":[],"status":"template_only","dateOption":"today","timeOption":"now","customDays":"","customHours":"","customDate":"","customTime":"","schedulingType":"absolute"},"_wpsp_active_default_template":true},"categories":[52,33],"tags":[],"class_list":["post-80140","post","type-post","status-publish","format-standard","has-post-thumbnail","hentry","category-a-la-une","category-sports"],"aioseo_notices":[],"yoast_head":"<!-- This site is optimized with the Yoast SEO plugin v27.5 - https:\/\/yoast.com\/product\/yoast-seo-wordpress\/ -->\n<title>Coupe de la Conf\u00e9d\u00e9ration africaine\u00a0: Le CRB retrouve des couleurs\u00a0 - La Sentinelle<\/title>\n<meta name=\"robots\" content=\"index, follow, max-snippet:-1, max-image-preview:large, max-video-preview:-1\" \/>\n<link rel=\"canonical\" href=\"https:\/\/lasentinelle.dz\/index.php\/2026\/01\/27\/coupe-de-la-confederation-africaine-le-crb-retrouve-des-couleurs\/\" \/>\n<meta property=\"og:locale\" content=\"fr_FR\" \/>\n<meta property=\"og:type\" content=\"article\" \/>\n<meta property=\"og:title\" content=\"Coupe de la Conf\u00e9d\u00e9ration africaine\u00a0: Le CRB retrouve des couleurs\u00a0 - La Sentinelle\" \/>\n<meta property=\"og:description\" content=\"Le CR Belouizdad a effac\u00e9 la gifle congolaise en dominant les Sud-Africains de Stellenbosch 2-0 dimanche soir \u00e0 Baraki, s&#8217;emparant\" \/>\n<meta property=\"og:url\" content=\"https:\/\/lasentinelle.dz\/index.php\/2026\/01\/27\/coupe-de-la-confederation-africaine-le-crb-retrouve-des-couleurs\/\" \/>\n<meta property=\"og:site_name\" content=\"La Sentinelle\" \/>\n<meta property=\"article:publisher\" content=\"https:\/\/www.facebook.com\/La-Sentinelle-104059864394773\" \/>\n<meta property=\"article:published_time\" content=\"2026-01-27T12:03:46+00:00\" \/>\n<meta property=\"article:modified_time\" content=\"2026-01-27T12:03:47+00:00\" \/>\n<meta property=\"og:image\" content=\"https:\/\/lasentinelle.dz\/wp-content\/uploads\/2026\/01\/CRB.jpg\" \/>\n\t<meta property=\"og:image:width\" content=\"1140\" \/>\n\t<meta property=\"og:image:height\" content=\"760\" \/>\n\t<meta property=\"og:image:type\" content=\"image\/jpeg\" \/>\n<meta name=\"author\" content=\"admin\" \/>\n<meta name=\"twitter:card\" content=\"summary_large_image\" \/>\n<meta name=\"twitter:label1\" content=\"\u00c9crit par\" \/>\n\t<meta name=\"twitter:data1\" content=\"admin\" \/>\n\t<meta name=\"twitter:label2\" content=\"Dur\u00e9e de lecture estim\u00e9e\" \/>\n\t<meta name=\"twitter:data2\" content=\"5 minutes\" \/>\n<script type=\"application\/ld+json\" class=\"yoast-schema-graph\">{\"@context\":\"https:\\\/\\\/schema.org\",\"@graph\":[{\"@type\":\"Article\",\"@id\":\"https:\\\/\\\/lasentinelle.dz\\\/index.php\\\/2026\\\/01\\\/27\\\/coupe-de-la-confederation-africaine-le-crb-retrouve-des-couleurs\\\/#article\",\"isPartOf\":{\"@id\":\"https:\\\/\\\/lasentinelle.dz\\\/index.php\\\/2026\\\/01\\\/27\\\/coupe-de-la-confederation-africaine-le-crb-retrouve-des-couleurs\\\/\"},\"author\":{\"name\":\"admin\",\"@id\":\"https:\\\/\\\/lasentinelle.dz\\\/#\\\/schema\\\/person\\\/729ee0024f24e0b8c5ec17232f8e8b41\"},\"headline\":\"Coupe de la Conf\u00e9d\u00e9ration africaine\u00a0: Le CRB retrouve des couleurs\u00a0\",\"datePublished\":\"2026-01-27T12:03:46+00:00\",\"dateModified\":\"2026-01-27T12:03:47+00:00\",\"mainEntityOfPage\":{\"@id\":\"https:\\\/\\\/lasentinelle.dz\\\/index.php\\\/2026\\\/01\\\/27\\\/coupe-de-la-confederation-africaine-le-crb-retrouve-des-couleurs\\\/\"},\"wordCount\":853,\"commentCount\":0,\"publisher\":{\"@id\":\"https:\\\/\\\/lasentinelle.dz\\\/#organization\"},\"image\":{\"@id\":\"https:\\\/\\\/lasentinelle.dz\\\/index.php\\\/2026\\\/01\\\/27\\\/coupe-de-la-confederation-africaine-le-crb-retrouve-des-couleurs\\\/#primaryimage\"},\"thumbnailUrl\":\"https:\\\/\\\/lasentinelle.dz\\\/wp-content\\\/uploads\\\/2026\\\/01\\\/CRB.jpg\",\"articleSection\":[\"\u00c0 la Une\",\"Sports\"],\"inLanguage\":\"fr-FR\",\"potentialAction\":[{\"@type\":\"CommentAction\",\"name\":\"Comment\",\"target\":[\"https:\\\/\\\/lasentinelle.dz\\\/index.php\\\/2026\\\/01\\\/27\\\/coupe-de-la-confederation-africaine-le-crb-retrouve-des-couleurs\\\/#respond\"]}]},{\"@type\":\"WebPage\",\"@id\":\"https:\\\/\\\/lasentinelle.dz\\\/index.php\\\/2026\\\/01\\\/27\\\/coupe-de-la-confederation-africaine-le-crb-retrouve-des-couleurs\\\/\",\"url\":\"https:\\\/\\\/lasentinelle.dz\\\/index.php\\\/2026\\\/01\\\/27\\\/coupe-de-la-confederation-africaine-le-crb-retrouve-des-couleurs\\\/\",\"name\":\"Coupe de la Conf\u00e9d\u00e9ration africaine\u00a0: Le CRB retrouve des couleurs\u00a0 - La Sentinelle\",\"isPartOf\":{\"@id\":\"https:\\\/\\\/lasentinelle.dz\\\/#website\"},\"primaryImageOfPage\":{\"@id\":\"https:\\\/\\\/lasentinelle.dz\\\/index.php\\\/2026\\\/01\\\/27\\\/coupe-de-la-confederation-africaine-le-crb-retrouve-des-couleurs\\\/#primaryimage\"},\"image\":{\"@id\":\"https:\\\/\\\/lasentinelle.dz\\\/index.php\\\/2026\\\/01\\\/27\\\/coupe-de-la-confederation-africaine-le-crb-retrouve-des-couleurs\\\/#primaryimage\"},\"thumbnailUrl\":\"https:\\\/\\\/lasentinelle.dz\\\/wp-content\\\/uploads\\\/2026\\\/01\\\/CRB.jpg\",\"datePublished\":\"2026-01-27T12:03:46+00:00\",\"dateModified\":\"2026-01-27T12:03:47+00:00\",\"breadcrumb\":{\"@id\":\"https:\\\/\\\/lasentinelle.dz\\\/index.php\\\/2026\\\/01\\\/27\\\/coupe-de-la-confederation-africaine-le-crb-retrouve-des-couleurs\\\/#breadcrumb\"},\"inLanguage\":\"fr-FR\",\"potentialAction\":[{\"@type\":\"ReadAction\",\"target\":[\"https:\\\/\\\/lasentinelle.dz\\\/index.php\\\/2026\\\/01\\\/27\\\/coupe-de-la-confederation-africaine-le-crb-retrouve-des-couleurs\\\/\"]}]},{\"@type\":\"ImageObject\",\"inLanguage\":\"fr-FR\",\"@id\":\"https:\\\/\\\/lasentinelle.dz\\\/index.php\\\/2026\\\/01\\\/27\\\/coupe-de-la-confederation-africaine-le-crb-retrouve-des-couleurs\\\/#primaryimage\",\"url\":\"https:\\\/\\\/lasentinelle.dz\\\/wp-content\\\/uploads\\\/2026\\\/01\\\/CRB.jpg\",\"contentUrl\":\"https:\\\/\\\/lasentinelle.dz\\\/wp-content\\\/uploads\\\/2026\\\/01\\\/CRB.jpg\",\"width\":1140,\"height\":760},{\"@type\":\"BreadcrumbList\",\"@id\":\"https:\\\/\\\/lasentinelle.dz\\\/index.php\\\/2026\\\/01\\\/27\\\/coupe-de-la-confederation-africaine-le-crb-retrouve-des-couleurs\\\/#breadcrumb\",\"itemListElement\":[{\"@type\":\"ListItem\",\"position\":1,\"name\":\"Accueil\",\"item\":\"https:\\\/\\\/lasentinelle.dz\\\/\"},{\"@type\":\"ListItem\",\"position\":2,\"name\":\"Coupe de la Conf\u00e9d\u00e9ration africaine\u00a0: Le CRB retrouve des couleurs\u00a0\"}]},{\"@type\":\"WebSite\",\"@id\":\"https:\\\/\\\/lasentinelle.dz\\\/#website\",\"url\":\"https:\\\/\\\/lasentinelle.dz\\\/\",\"name\":\"La Sentinelle\",\"description\":\"Quotidien national d&#039;information\",\"publisher\":{\"@id\":\"https:\\\/\\\/lasentinelle.dz\\\/#organization\"},\"potentialAction\":[{\"@type\":\"SearchAction\",\"target\":{\"@type\":\"EntryPoint\",\"urlTemplate\":\"https:\\\/\\\/lasentinelle.dz\\\/?s={search_term_string}\"},\"query-input\":{\"@type\":\"PropertyValueSpecification\",\"valueRequired\":true,\"valueName\":\"search_term_string\"}}],\"inLanguage\":\"fr-FR\"},{\"@type\":\"Organization\",\"@id\":\"https:\\\/\\\/lasentinelle.dz\\\/#organization\",\"name\":\"Quotidien La Sentinelle\",\"url\":\"https:\\\/\\\/lasentinelle.dz\\\/\",\"logo\":{\"@type\":\"ImageObject\",\"inLanguage\":\"fr-FR\",\"@id\":\"https:\\\/\\\/lasentinelle.dz\\\/#\\\/schema\\\/logo\\\/image\\\/\",\"url\":\"https:\\\/\\\/lasentinelle.dz\\\/wp-content\\\/uploads\\\/2021\\\/09\\\/logo-sentinelleSLOGAN-1.png\",\"contentUrl\":\"https:\\\/\\\/lasentinelle.dz\\\/wp-content\\\/uploads\\\/2021\\\/09\\\/logo-sentinelleSLOGAN-1.png\",\"width\":615,\"height\":142,\"caption\":\"Quotidien La Sentinelle\"},\"image\":{\"@id\":\"https:\\\/\\\/lasentinelle.dz\\\/#\\\/schema\\\/logo\\\/image\\\/\"},\"sameAs\":[\"https:\\\/\\\/www.facebook.com\\\/La-Sentinelle-104059864394773\"]},{\"@type\":\"Person\",\"@id\":\"https:\\\/\\\/lasentinelle.dz\\\/#\\\/schema\\\/person\\\/729ee0024f24e0b8c5ec17232f8e8b41\",\"name\":\"admin\",\"image\":{\"@type\":\"ImageObject\",\"inLanguage\":\"fr-FR\",\"@id\":\"https:\\\/\\\/secure.gravatar.com\\\/avatar\\\/4c81fed838786e9b53f540bf46533e750f5d292099ae3b66cfc6fb1982e29df7?s=96&d=mm&r=g\",\"url\":\"https:\\\/\\\/secure.gravatar.com\\\/avatar\\\/4c81fed838786e9b53f540bf46533e750f5d292099ae3b66cfc6fb1982e29df7?s=96&d=mm&r=g\",\"contentUrl\":\"https:\\\/\\\/secure.gravatar.com\\\/avatar\\\/4c81fed838786e9b53f540bf46533e750f5d292099ae3b66cfc6fb1982e29df7?s=96&d=mm&r=g\",\"caption\":\"admin\"},\"description\":\"admin\",\"url\":\"https:\\\/\\\/lasentinelle.dz\\\/author\\\/admin\\\/\"}]}<\/script>\n<!-- \/ Yoast SEO plugin. -->","yoast_head_json":{"title":"Coupe de la Conf\u00e9d\u00e9ration africaine\u00a0: Le CRB retrouve des couleurs\u00a0 - La Sentinelle","robots":{"index":"index","follow":"follow","max-snippet":"max-snippet:-1","max-image-preview":"max-image-preview:large","max-video-preview":"max-video-preview:-1"},"canonical":"https:\/\/lasentinelle.dz\/index.php\/2026\/01\/27\/coupe-de-la-confederation-africaine-le-crb-retrouve-des-couleurs\/","og_locale":"fr_FR","og_type":"article","og_title":"Coupe de la Conf\u00e9d\u00e9ration africaine\u00a0: Le CRB retrouve des couleurs\u00a0 - La Sentinelle","og_description":"Le CR Belouizdad a effac\u00e9 la gifle congolaise en dominant les Sud-Africains de Stellenbosch 2-0 dimanche soir \u00e0 Baraki, s&#8217;emparant","og_url":"https:\/\/lasentinelle.dz\/index.php\/2026\/01\/27\/coupe-de-la-confederation-africaine-le-crb-retrouve-des-couleurs\/","og_site_name":"La Sentinelle","article_publisher":"https:\/\/www.facebook.com\/La-Sentinelle-104059864394773","article_published_time":"2026-01-27T12:03:46+00:00","article_modified_time":"2026-01-27T12:03:47+00:00","og_image":[{"width":1140,"height":760,"url":"https:\/\/lasentinelle.dz\/wp-content\/uploads\/2026\/01\/CRB.jpg","type":"image\/jpeg"}],"author":"admin","twitter_card":"summary_large_image","twitter_misc":{"\u00c9crit par":"admin","Dur\u00e9e de lecture estim\u00e9e":"5 minutes"},"schema":{"@context":"https:\/\/schema.org","@graph":[{"@type":"Article","@id":"https:\/\/lasentinelle.dz\/index.php\/2026\/01\/27\/coupe-de-la-confederation-africaine-le-crb-retrouve-des-couleurs\/#article","isPartOf":{"@id":"https:\/\/lasentinelle.dz\/index.php\/2026\/01\/27\/coupe-de-la-confederation-africaine-le-crb-retrouve-des-couleurs\/"},"author":{"name":"admin","@id":"https:\/\/lasentinelle.dz\/#\/schema\/person\/729ee0024f24e0b8c5ec17232f8e8b41"},"headline":"Coupe de la Conf\u00e9d\u00e9ration africaine\u00a0: Le CRB retrouve des couleurs\u00a0","datePublished":"2026-01-27T12:03:46+00:00","dateModified":"2026-01-27T12:03:47+00:00","mainEntityOfPage":{"@id":"https:\/\/lasentinelle.dz\/index.php\/2026\/01\/27\/coupe-de-la-confederation-africaine-le-crb-retrouve-des-couleurs\/"},"wordCount":853,"commentCount":0,"publisher":{"@id":"https:\/\/lasentinelle.dz\/#organization"},"image":{"@id":"https:\/\/lasentinelle.dz\/index.php\/2026\/01\/27\/coupe-de-la-confederation-africaine-le-crb-retrouve-des-couleurs\/#primaryimage"},"thumbnailUrl":"https:\/\/lasentinelle.dz\/wp-content\/uploads\/2026\/01\/CRB.jpg","articleSection":["\u00c0 la Une","Sports"],"inLanguage":"fr-FR","potentialAction":[{"@type":"CommentAction","name":"Comment","target":["https:\/\/lasentinelle.dz\/index.php\/2026\/01\/27\/coupe-de-la-confederation-africaine-le-crb-retrouve-des-couleurs\/#respond"]}]},{"@type":"WebPage","@id":"https:\/\/lasentinelle.dz\/index.php\/2026\/01\/27\/coupe-de-la-confederation-africaine-le-crb-retrouve-des-couleurs\/","url":"https:\/\/lasentinelle.dz\/index.php\/2026\/01\/27\/coupe-de-la-confederation-africaine-le-crb-retrouve-des-couleurs\/","name":"Coupe de la Conf\u00e9d\u00e9ration africaine\u00a0: Le CRB retrouve des couleurs\u00a0 - La Sentinelle","isPartOf":{"@id":"https:\/\/lasentinelle.dz\/#website"},"primaryImageOfPage":{"@id":"https:\/\/lasentinelle.dz\/index.php\/2026\/01\/27\/coupe-de-la-confederation-africaine-le-crb-retrouve-des-couleurs\/#primaryimage"},"image":{"@id":"https:\/\/lasentinelle.dz\/index.php\/2026\/01\/27\/coupe-de-la-confederation-africaine-le-crb-retrouve-des-couleurs\/#primaryimage"},"thumbnailUrl":"https:\/\/lasentinelle.dz\/wp-content\/uploads\/2026\/01\/CRB.jpg","datePublished":"2026-01-27T12:03:46+00:00","dateModified":"2026-01-27T12:03:47+00:00","breadcrumb":{"@id":"https:\/\/lasentinelle.dz\/index.php\/2026\/01\/27\/coupe-de-la-confederation-africaine-le-crb-retrouve-des-couleurs\/#breadcrumb"},"inLanguage":"fr-FR","potentialAction":[{"@type":"ReadAction","target":["https:\/\/lasentinelle.dz\/index.php\/2026\/01\/27\/coupe-de-la-confederation-africaine-le-crb-retrouve-des-couleurs\/"]}]},{"@type":"ImageObject","inLanguage":"fr-FR","@id":"https:\/\/lasentinelle.dz\/index.php\/2026\/01\/27\/coupe-de-la-confederation-africaine-le-crb-retrouve-des-couleurs\/#primaryimage","url":"https:\/\/lasentinelle.dz\/wp-content\/uploads\/2026\/01\/CRB.jpg","contentUrl":"https:\/\/lasentinelle.dz\/wp-content\/uploads\/2026\/01\/CRB.jpg","width":1140,"height":760},{"@type":"BreadcrumbList","@id":"https:\/\/lasentinelle.dz\/index.php\/2026\/01\/27\/coupe-de-la-confederation-africaine-le-crb-retrouve-des-couleurs\/#breadcrumb","itemListElement":[{"@type":"ListItem","position":1,"name":"Accueil","item":"https:\/\/lasentinelle.dz\/"},{"@type":"ListItem","position":2,"name":"Coupe de la Conf\u00e9d\u00e9ration africaine\u00a0: Le CRB retrouve des couleurs\u00a0"}]},{"@type":"WebSite","@id":"https:\/\/lasentinelle.dz\/#website","url":"https:\/\/lasentinelle.dz\/","name":"La Sentinelle","description":"Quotidien national d&#039;information","publisher":{"@id":"https:\/\/lasentinelle.dz\/#organization"},"potentialAction":[{"@type":"SearchAction","target":{"@type":"EntryPoint","urlTemplate":"https:\/\/lasentinelle.dz\/?s={search_term_string}"},"query-input":{"@type":"PropertyValueSpecification","valueRequired":true,"valueName":"search_term_string"}}],"inLanguage":"fr-FR"},{"@type":"Organization","@id":"https:\/\/lasentinelle.dz\/#organization","name":"Quotidien La Sentinelle","url":"https:\/\/lasentinelle.dz\/","logo":{"@type":"ImageObject","inLanguage":"fr-FR","@id":"https:\/\/lasentinelle.dz\/#\/schema\/logo\/image\/","url":"https:\/\/lasentinelle.dz\/wp-content\/uploads\/2021\/09\/logo-sentinelleSLOGAN-1.png","contentUrl":"https:\/\/lasentinelle.dz\/wp-content\/uploads\/2021\/09\/logo-sentinelleSLOGAN-1.png","width":615,"height":142,"caption":"Quotidien La Sentinelle"},"image":{"@id":"https:\/\/lasentinelle.dz\/#\/schema\/logo\/image\/"},"sameAs":["https:\/\/www.facebook.com\/La-Sentinelle-104059864394773"]},{"@type":"Person","@id":"https:\/\/lasentinelle.dz\/#\/schema\/person\/729ee0024f24e0b8c5ec17232f8e8b41","name":"admin","image":{"@type":"ImageObject","inLanguage":"fr-FR","@id":"https:\/\/secure.gravatar.com\/avatar\/4c81fed838786e9b53f540bf46533e750f5d292099ae3b66cfc6fb1982e29df7?s=96&d=mm&r=g","url":"https:\/\/secure.gravatar.com\/avatar\/4c81fed838786e9b53f540bf46533e750f5d292099ae3b66cfc6fb1982e29df7?s=96&d=mm&r=g","contentUrl":"https:\/\/secure.gravatar.com\/avatar\/4c81fed838786e9b53f540bf46533e750f5d292099ae3b66cfc6fb1982e29df7?s=96&d=mm&r=g","caption":"admin"},"description":"admin","url":"https:\/\/lasentinelle.dz\/author\/admin\/"}]}},"_links":{"self":[{"href":"https:\/\/lasentinelle.dz\/index.php\/wp-json\/wp\/v2\/posts\/80140","targetHints":{"allow":["GET"]}}],"collection":[{"href":"https:\/\/lasentinelle.dz\/index.php\/wp-json\/wp\/v2\/posts"}],"about":[{"href":"https:\/\/lasentinelle.dz\/index.php\/wp-json\/wp\/v2\/types\/post"}],"author":[{"embeddable":true,"href":"https:\/\/lasentinelle.dz\/index.php\/wp-json\/wp\/v2\/users\/6"}],"replies":[{"embeddable":true,"href":"https:\/\/lasentinelle.dz\/index.php\/wp-json\/wp\/v2\/comments?post=80140"}],"version-history":[{"count":1,"href":"https:\/\/lasentinelle.dz\/index.php\/wp-json\/wp\/v2\/posts\/80140\/revisions"}],"predecessor-version":[{"id":80142,"href":"https:\/\/lasentinelle.dz\/index.php\/wp-json\/wp\/v2\/posts\/80140\/revisions\/80142"}],"wp:featuredmedia":[{"embeddable":true,"href":"https:\/\/lasentinelle.dz\/index.php\/wp-json\/wp\/v2\/media\/80141"}],"wp:attachment":[{"href":"https:\/\/lasentinelle.dz\/index.php\/wp-json\/wp\/v2\/media?parent=80140"}],"wp:term":[{"taxonomy":"category","embeddable":true,"href":"https:\/\/lasentinelle.dz\/index.php\/wp-json\/wp\/v2\/categories?post=80140"},{"taxonomy":"post_tag","embeddable":true,"href":"https:\/\/lasentinelle.dz\/index.php\/wp-json\/wp\/v2\/tags?post=80140"}],"curies":[{"name":"wp","href":"https:\/\/api.w.org\/{rel}","templated":true}]}}