{"id":80143,"date":"2026-01-27T13:04:40","date_gmt":"2026-01-27T12:04:40","guid":{"rendered":"https:\/\/lasentinelle.dz\/?p=80143"},"modified":"2026-01-27T13:04:41","modified_gmt":"2026-01-27T12:04:41","slug":"constantine-les-projets-de-rehabilitation-de-la-vieille-ville-acceleres","status":"publish","type":"post","link":"https:\/\/lasentinelle.dz\/index.php\/2026\/01\/27\/constantine-les-projets-de-rehabilitation-de-la-vieille-ville-acceleres\/","title":{"rendered":"Constantine\u00a0: Les projets de r\u00e9habilitation de la vieille ville acc\u00e9l\u00e9r\u00e9s"},"content":{"rendered":"\n<p>Le wali de Constantine, Abdelkhalek Sayouda, a donn\u00e9 dimanche une s\u00e9rie d&rsquo;instructions fermes visant \u00e0 acc\u00e9l\u00e9rer les projets de r\u00e9habilitation de la vieille ville ainsi que l&rsquo;am\u00e9nagement des places publiques de la wilaya, selon les services locaux. Ces orientations, formul\u00e9es lors d&rsquo;une r\u00e9union de travail r\u00e9unissant les responsables des secteurs concern\u00e9s et les cadres de l&rsquo;administration, t\u00e9moignent de la volont\u00e9 des autorit\u00e9s locales de pr\u00e9server le patrimoine architectural exceptionnel de Constantine tout en modernisant les infrastructures urbaines. Le chef de l&rsquo;ex\u00e9cutif local a particuli\u00e8rement insist\u00e9 sur \u00ab\u00a0le respect des normes de qualit\u00e9 et la pr\u00e9servation de la sp\u00e9cificit\u00e9 du tissu urbain\u00a0\u00bb, selon la m\u00eame source. La rencontre a permis d&rsquo;\u00e9valuer l&rsquo;\u00e9tat d&rsquo;avancement des projets inscrits, qu&rsquo;ils soient en cours de r\u00e9alisation ou en phase de lancement, avec une attention particuli\u00e8re port\u00e9e aux op\u00e9rations de r\u00e9habilitation des ruelles du secteur sauvegard\u00e9.<\/p>\n\n\n\n<p>Le projet de r\u00e9habilitation se d\u00e9ploie \u00e0 travers quatre volets strat\u00e9giques englobant la r\u00e9fection des voiries en pierres polies, des trottoirs, de l&rsquo;\u00e9clairage public et des b\u00e2tisses. Dot\u00e9 d&rsquo;une enveloppe financi\u00e8re estim\u00e9e \u00e0 370 millions de dinars, ce programme ambitieux a d\u00e9j\u00e0 entam\u00e9 sa premi\u00e8re phase au niveau de quatre sites comprenant huit art\u00e8res principales de la vieille ville.&nbsp;&nbsp;Dans le m\u00eame contexte, Abdelkhalek Sayouda a soulign\u00e9 \u00ab\u00a0la n\u00e9cessit\u00e9 d&rsquo;un suivi rigoureux des travaux d&rsquo;am\u00e9nagement de plusieurs places publiques\u00a0\u00bb au niveau des quartiers de Boussouf, Zouaghi Slimane et de la localit\u00e9 de Zerzara, au chef-lieu de wilaya, ainsi qu&rsquo;\u00e0 la commune d&rsquo;El Khroub.&nbsp;&nbsp;Le wali a \u00e9galement insist\u00e9 sur le lancement d&rsquo;une vaste op\u00e9ration de plantation d&rsquo;arbres, l&rsquo;entretien des jardins publics et le renforcement de l&rsquo;\u00e9clairage public, marquant ainsi la dimension environnementale et qualitative des transformations urbaines engag\u00e9es. Enfin, il a appel\u00e9 \u00e0 \u00ab\u00a0l&rsquo;acc\u00e9l\u00e9ration de la mise en place de solutions techniques aux probl\u00e8mes de fuites d&rsquo;eau enregistr\u00e9es dans certaines zones\u00a0\u00bb, soulignant l&rsquo;importance accord\u00e9e aux infrastructures de base et \u00e0 la gestion rationnelle des ressources hydriques.<\/p>\n\n\n\n<p>R.R.<\/p>\n","protected":false},"excerpt":{"rendered":"<p>Le wali de Constantine, Abdelkhalek Sayouda, a donn\u00e9 dimanche une s\u00e9rie d&rsquo;instructions fermes visant \u00e0 acc\u00e9l\u00e9rer les projets de r\u00e9habilitation<\/p>\n","protected":false},"author":6,"featured_media":71096,"comment_status":"open","ping_status":"closed","sticky":false,"template":"","format":"standard","meta":{"colormag_page_container_layout":"default_layout","colormag_page_sidebar_layout":"default_layout","om_disable_all_campaigns":false,"_monsterinsights_skip_tracking":false,"_monsterinsights_sitenote_active":false,"_monsterinsights_sitenote_note":"","_monsterinsights_sitenote_category":0,"footnotes":"","_wpscppro_dont_share_socialmedia":false,"_wpscppro_custom_social_share_image":0,"_facebook_share_type":"default","_twitter_share_type":"default","_linkedin_share_type":"default","_pinterest_share_type":"default","_linkedin_share_type_page":"","_instagram_share_type":"default","_medium_share_type":"default","_threads_share_type":"default","_google_business_share_type":"default","_selected_social_profile":[],"_wpsp_enable_custom_social_template":false,"_wpsp_social_scheduling":{"enabled":false,"datetime":null,"platforms":[],"status":"template_only","dateOption":"today","timeOption":"now","customDays":"","customHours":"","customDate":"","customTime":"","schedulingType":"absolute"},"_wpsp_active_default_template":true},"categories":[31],"tags":[],"class_list":["post-80143","post","type-post","status-publish","format-standard","has-post-thumbnail","hentry","category-regions"],"aioseo_notices":[],"yoast_head":"<!-- This site is optimized with the Yoast SEO plugin v27.5 - https:\/\/yoast.com\/product\/yoast-seo-wordpress\/ -->\n<title>Constantine\u00a0: Les projets de r\u00e9habilitation de la vieille ville acc\u00e9l\u00e9r\u00e9s - La Sentinelle<\/title>\n<meta name=\"robots\" content=\"index, follow, max-snippet:-1, max-image-preview:large, max-video-preview:-1\" \/>\n<link rel=\"canonical\" href=\"https:\/\/lasentinelle.dz\/index.php\/2026\/01\/27\/constantine-les-projets-de-rehabilitation-de-la-vieille-ville-acceleres\/\" \/>\n<meta property=\"og:locale\" content=\"fr_FR\" \/>\n<meta property=\"og:type\" content=\"article\" \/>\n<meta property=\"og:title\" content=\"Constantine\u00a0: Les projets de r\u00e9habilitation de la vieille ville acc\u00e9l\u00e9r\u00e9s - La Sentinelle\" \/>\n<meta property=\"og:description\" content=\"Le wali de Constantine, Abdelkhalek Sayouda, a donn\u00e9 dimanche une s\u00e9rie d&rsquo;instructions fermes visant \u00e0 acc\u00e9l\u00e9rer les projets de r\u00e9habilitation\" \/>\n<meta property=\"og:url\" content=\"https:\/\/lasentinelle.dz\/index.php\/2026\/01\/27\/constantine-les-projets-de-rehabilitation-de-la-vieille-ville-acceleres\/\" \/>\n<meta property=\"og:site_name\" content=\"La Sentinelle\" \/>\n<meta property=\"article:publisher\" content=\"https:\/\/www.facebook.com\/La-Sentinelle-104059864394773\" \/>\n<meta property=\"article:published_time\" content=\"2026-01-27T12:04:40+00:00\" \/>\n<meta property=\"article:modified_time\" content=\"2026-01-27T12:04:41+00:00\" \/>\n<meta property=\"og:image\" content=\"https:\/\/lasentinelle.dz\/wp-content\/uploads\/2025\/07\/constantine.jpeg\" \/>\n\t<meta property=\"og:image:width\" content=\"1728\" \/>\n\t<meta property=\"og:image:height\" content=\"972\" \/>\n\t<meta property=\"og:image:type\" content=\"image\/jpeg\" \/>\n<meta name=\"author\" content=\"admin\" \/>\n<meta name=\"twitter:card\" content=\"summary_large_image\" \/>\n<meta name=\"twitter:label1\" content=\"\u00c9crit par\" \/>\n\t<meta name=\"twitter:data1\" content=\"admin\" \/>\n\t<meta name=\"twitter:label2\" content=\"Dur\u00e9e de lecture estim\u00e9e\" \/>\n\t<meta name=\"twitter:data2\" content=\"2 minutes\" \/>\n<script type=\"application\/ld+json\" class=\"yoast-schema-graph\">{\"@context\":\"https:\\\/\\\/schema.org\",\"@graph\":[{\"@type\":\"Article\",\"@id\":\"https:\\\/\\\/lasentinelle.dz\\\/index.php\\\/2026\\\/01\\\/27\\\/constantine-les-projets-de-rehabilitation-de-la-vieille-ville-acceleres\\\/#article\",\"isPartOf\":{\"@id\":\"https:\\\/\\\/lasentinelle.dz\\\/index.php\\\/2026\\\/01\\\/27\\\/constantine-les-projets-de-rehabilitation-de-la-vieille-ville-acceleres\\\/\"},\"author\":{\"name\":\"admin\",\"@id\":\"https:\\\/\\\/lasentinelle.dz\\\/#\\\/schema\\\/person\\\/729ee0024f24e0b8c5ec17232f8e8b41\"},\"headline\":\"Constantine\u00a0: Les projets de r\u00e9habilitation de la vieille ville acc\u00e9l\u00e9r\u00e9s\",\"datePublished\":\"2026-01-27T12:04:40+00:00\",\"dateModified\":\"2026-01-27T12:04:41+00:00\",\"mainEntityOfPage\":{\"@id\":\"https:\\\/\\\/lasentinelle.dz\\\/index.php\\\/2026\\\/01\\\/27\\\/constantine-les-projets-de-rehabilitation-de-la-vieille-ville-acceleres\\\/\"},\"wordCount\":393,\"commentCount\":0,\"publisher\":{\"@id\":\"https:\\\/\\\/lasentinelle.dz\\\/#organization\"},\"image\":{\"@id\":\"https:\\\/\\\/lasentinelle.dz\\\/index.php\\\/2026\\\/01\\\/27\\\/constantine-les-projets-de-rehabilitation-de-la-vieille-ville-acceleres\\\/#primaryimage\"},\"thumbnailUrl\":\"https:\\\/\\\/lasentinelle.dz\\\/wp-content\\\/uploads\\\/2025\\\/07\\\/constantine.jpeg\",\"articleSection\":[\"R\u00e9gions\"],\"inLanguage\":\"fr-FR\",\"potentialAction\":[{\"@type\":\"CommentAction\",\"name\":\"Comment\",\"target\":[\"https:\\\/\\\/lasentinelle.dz\\\/index.php\\\/2026\\\/01\\\/27\\\/constantine-les-projets-de-rehabilitation-de-la-vieille-ville-acceleres\\\/#respond\"]}]},{\"@type\":\"WebPage\",\"@id\":\"https:\\\/\\\/lasentinelle.dz\\\/index.php\\\/2026\\\/01\\\/27\\\/constantine-les-projets-de-rehabilitation-de-la-vieille-ville-acceleres\\\/\",\"url\":\"https:\\\/\\\/lasentinelle.dz\\\/index.php\\\/2026\\\/01\\\/27\\\/constantine-les-projets-de-rehabilitation-de-la-vieille-ville-acceleres\\\/\",\"name\":\"Constantine\u00a0: Les projets de r\u00e9habilitation de la vieille ville acc\u00e9l\u00e9r\u00e9s - La Sentinelle\",\"isPartOf\":{\"@id\":\"https:\\\/\\\/lasentinelle.dz\\\/#website\"},\"primaryImageOfPage\":{\"@id\":\"https:\\\/\\\/lasentinelle.dz\\\/index.php\\\/2026\\\/01\\\/27\\\/constantine-les-projets-de-rehabilitation-de-la-vieille-ville-acceleres\\\/#primaryimage\"},\"image\":{\"@id\":\"https:\\\/\\\/lasentinelle.dz\\\/index.php\\\/2026\\\/01\\\/27\\\/constantine-les-projets-de-rehabilitation-de-la-vieille-ville-acceleres\\\/#primaryimage\"},\"thumbnailUrl\":\"https:\\\/\\\/lasentinelle.dz\\\/wp-content\\\/uploads\\\/2025\\\/07\\\/constantine.jpeg\",\"datePublished\":\"2026-01-27T12:04:40+00:00\",\"dateModified\":\"2026-01-27T12:04:41+00:00\",\"breadcrumb\":{\"@id\":\"https:\\\/\\\/lasentinelle.dz\\\/index.php\\\/2026\\\/01\\\/27\\\/constantine-les-projets-de-rehabilitation-de-la-vieille-ville-acceleres\\\/#breadcrumb\"},\"inLanguage\":\"fr-FR\",\"potentialAction\":[{\"@type\":\"ReadAction\",\"target\":[\"https:\\\/\\\/lasentinelle.dz\\\/index.php\\\/2026\\\/01\\\/27\\\/constantine-les-projets-de-rehabilitation-de-la-vieille-ville-acceleres\\\/\"]}]},{\"@type\":\"ImageObject\",\"inLanguage\":\"fr-FR\",\"@id\":\"https:\\\/\\\/lasentinelle.dz\\\/index.php\\\/2026\\\/01\\\/27\\\/constantine-les-projets-de-rehabilitation-de-la-vieille-ville-acceleres\\\/#primaryimage\",\"url\":\"https:\\\/\\\/lasentinelle.dz\\\/wp-content\\\/uploads\\\/2025\\\/07\\\/constantine.jpeg\",\"contentUrl\":\"https:\\\/\\\/lasentinelle.dz\\\/wp-content\\\/uploads\\\/2025\\\/07\\\/constantine.jpeg\",\"width\":1728,\"height\":972},{\"@type\":\"BreadcrumbList\",\"@id\":\"https:\\\/\\\/lasentinelle.dz\\\/index.php\\\/2026\\\/01\\\/27\\\/constantine-les-projets-de-rehabilitation-de-la-vieille-ville-acceleres\\\/#breadcrumb\",\"itemListElement\":[{\"@type\":\"ListItem\",\"position\":1,\"name\":\"Accueil\",\"item\":\"https:\\\/\\\/lasentinelle.dz\\\/\"},{\"@type\":\"ListItem\",\"position\":2,\"name\":\"Constantine\u00a0: Les projets de r\u00e9habilitation de la vieille ville acc\u00e9l\u00e9r\u00e9s\"}]},{\"@type\":\"WebSite\",\"@id\":\"https:\\\/\\\/lasentinelle.dz\\\/#website\",\"url\":\"https:\\\/\\\/lasentinelle.dz\\\/\",\"name\":\"La Sentinelle\",\"description\":\"Quotidien national d&#039;information\",\"publisher\":{\"@id\":\"https:\\\/\\\/lasentinelle.dz\\\/#organization\"},\"potentialAction\":[{\"@type\":\"SearchAction\",\"target\":{\"@type\":\"EntryPoint\",\"urlTemplate\":\"https:\\\/\\\/lasentinelle.dz\\\/?s={search_term_string}\"},\"query-input\":{\"@type\":\"PropertyValueSpecification\",\"valueRequired\":true,\"valueName\":\"search_term_string\"}}],\"inLanguage\":\"fr-FR\"},{\"@type\":\"Organization\",\"@id\":\"https:\\\/\\\/lasentinelle.dz\\\/#organization\",\"name\":\"Quotidien La Sentinelle\",\"url\":\"https:\\\/\\\/lasentinelle.dz\\\/\",\"logo\":{\"@type\":\"ImageObject\",\"inLanguage\":\"fr-FR\",\"@id\":\"https:\\\/\\\/lasentinelle.dz\\\/#\\\/schema\\\/logo\\\/image\\\/\",\"url\":\"https:\\\/\\\/lasentinelle.dz\\\/wp-content\\\/uploads\\\/2021\\\/09\\\/logo-sentinelleSLOGAN-1.png\",\"contentUrl\":\"https:\\\/\\\/lasentinelle.dz\\\/wp-content\\\/uploads\\\/2021\\\/09\\\/logo-sentinelleSLOGAN-1.png\",\"width\":615,\"height\":142,\"caption\":\"Quotidien La Sentinelle\"},\"image\":{\"@id\":\"https:\\\/\\\/lasentinelle.dz\\\/#\\\/schema\\\/logo\\\/image\\\/\"},\"sameAs\":[\"https:\\\/\\\/www.facebook.com\\\/La-Sentinelle-104059864394773\"]},{\"@type\":\"Person\",\"@id\":\"https:\\\/\\\/lasentinelle.dz\\\/#\\\/schema\\\/person\\\/729ee0024f24e0b8c5ec17232f8e8b41\",\"name\":\"admin\",\"image\":{\"@type\":\"ImageObject\",\"inLanguage\":\"fr-FR\",\"@id\":\"https:\\\/\\\/secure.gravatar.com\\\/avatar\\\/4c81fed838786e9b53f540bf46533e750f5d292099ae3b66cfc6fb1982e29df7?s=96&d=mm&r=g\",\"url\":\"https:\\\/\\\/secure.gravatar.com\\\/avatar\\\/4c81fed838786e9b53f540bf46533e750f5d292099ae3b66cfc6fb1982e29df7?s=96&d=mm&r=g\",\"contentUrl\":\"https:\\\/\\\/secure.gravatar.com\\\/avatar\\\/4c81fed838786e9b53f540bf46533e750f5d292099ae3b66cfc6fb1982e29df7?s=96&d=mm&r=g\",\"caption\":\"admin\"},\"description\":\"admin\",\"url\":\"https:\\\/\\\/lasentinelle.dz\\\/author\\\/admin\\\/\"}]}<\/script>\n<!-- \/ Yoast SEO plugin. -->","yoast_head_json":{"title":"Constantine\u00a0: Les projets de r\u00e9habilitation de la vieille ville acc\u00e9l\u00e9r\u00e9s - La Sentinelle","robots":{"index":"index","follow":"follow","max-snippet":"max-snippet:-1","max-image-preview":"max-image-preview:large","max-video-preview":"max-video-preview:-1"},"canonical":"https:\/\/lasentinelle.dz\/index.php\/2026\/01\/27\/constantine-les-projets-de-rehabilitation-de-la-vieille-ville-acceleres\/","og_locale":"fr_FR","og_type":"article","og_title":"Constantine\u00a0: Les projets de r\u00e9habilitation de la vieille ville acc\u00e9l\u00e9r\u00e9s - La Sentinelle","og_description":"Le wali de Constantine, Abdelkhalek Sayouda, a donn\u00e9 dimanche une s\u00e9rie d&rsquo;instructions fermes visant \u00e0 acc\u00e9l\u00e9rer les projets de r\u00e9habilitation","og_url":"https:\/\/lasentinelle.dz\/index.php\/2026\/01\/27\/constantine-les-projets-de-rehabilitation-de-la-vieille-ville-acceleres\/","og_site_name":"La Sentinelle","article_publisher":"https:\/\/www.facebook.com\/La-Sentinelle-104059864394773","article_published_time":"2026-01-27T12:04:40+00:00","article_modified_time":"2026-01-27T12:04:41+00:00","og_image":[{"width":1728,"height":972,"url":"https:\/\/lasentinelle.dz\/wp-content\/uploads\/2025\/07\/constantine.jpeg","type":"image\/jpeg"}],"author":"admin","twitter_card":"summary_large_image","twitter_misc":{"\u00c9crit par":"admin","Dur\u00e9e de lecture estim\u00e9e":"2 minutes"},"schema":{"@context":"https:\/\/schema.org","@graph":[{"@type":"Article","@id":"https:\/\/lasentinelle.dz\/index.php\/2026\/01\/27\/constantine-les-projets-de-rehabilitation-de-la-vieille-ville-acceleres\/#article","isPartOf":{"@id":"https:\/\/lasentinelle.dz\/index.php\/2026\/01\/27\/constantine-les-projets-de-rehabilitation-de-la-vieille-ville-acceleres\/"},"author":{"name":"admin","@id":"https:\/\/lasentinelle.dz\/#\/schema\/person\/729ee0024f24e0b8c5ec17232f8e8b41"},"headline":"Constantine\u00a0: Les projets de r\u00e9habilitation de la vieille ville acc\u00e9l\u00e9r\u00e9s","datePublished":"2026-01-27T12:04:40+00:00","dateModified":"2026-01-27T12:04:41+00:00","mainEntityOfPage":{"@id":"https:\/\/lasentinelle.dz\/index.php\/2026\/01\/27\/constantine-les-projets-de-rehabilitation-de-la-vieille-ville-acceleres\/"},"wordCount":393,"commentCount":0,"publisher":{"@id":"https:\/\/lasentinelle.dz\/#organization"},"image":{"@id":"https:\/\/lasentinelle.dz\/index.php\/2026\/01\/27\/constantine-les-projets-de-rehabilitation-de-la-vieille-ville-acceleres\/#primaryimage"},"thumbnailUrl":"https:\/\/lasentinelle.dz\/wp-content\/uploads\/2025\/07\/constantine.jpeg","articleSection":["R\u00e9gions"],"inLanguage":"fr-FR","potentialAction":[{"@type":"CommentAction","name":"Comment","target":["https:\/\/lasentinelle.dz\/index.php\/2026\/01\/27\/constantine-les-projets-de-rehabilitation-de-la-vieille-ville-acceleres\/#respond"]}]},{"@type":"WebPage","@id":"https:\/\/lasentinelle.dz\/index.php\/2026\/01\/27\/constantine-les-projets-de-rehabilitation-de-la-vieille-ville-acceleres\/","url":"https:\/\/lasentinelle.dz\/index.php\/2026\/01\/27\/constantine-les-projets-de-rehabilitation-de-la-vieille-ville-acceleres\/","name":"Constantine\u00a0: Les projets de r\u00e9habilitation de la vieille ville acc\u00e9l\u00e9r\u00e9s - La Sentinelle","isPartOf":{"@id":"https:\/\/lasentinelle.dz\/#website"},"primaryImageOfPage":{"@id":"https:\/\/lasentinelle.dz\/index.php\/2026\/01\/27\/constantine-les-projets-de-rehabilitation-de-la-vieille-ville-acceleres\/#primaryimage"},"image":{"@id":"https:\/\/lasentinelle.dz\/index.php\/2026\/01\/27\/constantine-les-projets-de-rehabilitation-de-la-vieille-ville-acceleres\/#primaryimage"},"thumbnailUrl":"https:\/\/lasentinelle.dz\/wp-content\/uploads\/2025\/07\/constantine.jpeg","datePublished":"2026-01-27T12:04:40+00:00","dateModified":"2026-01-27T12:04:41+00:00","breadcrumb":{"@id":"https:\/\/lasentinelle.dz\/index.php\/2026\/01\/27\/constantine-les-projets-de-rehabilitation-de-la-vieille-ville-acceleres\/#breadcrumb"},"inLanguage":"fr-FR","potentialAction":[{"@type":"ReadAction","target":["https:\/\/lasentinelle.dz\/index.php\/2026\/01\/27\/constantine-les-projets-de-rehabilitation-de-la-vieille-ville-acceleres\/"]}]},{"@type":"ImageObject","inLanguage":"fr-FR","@id":"https:\/\/lasentinelle.dz\/index.php\/2026\/01\/27\/constantine-les-projets-de-rehabilitation-de-la-vieille-ville-acceleres\/#primaryimage","url":"https:\/\/lasentinelle.dz\/wp-content\/uploads\/2025\/07\/constantine.jpeg","contentUrl":"https:\/\/lasentinelle.dz\/wp-content\/uploads\/2025\/07\/constantine.jpeg","width":1728,"height":972},{"@type":"BreadcrumbList","@id":"https:\/\/lasentinelle.dz\/index.php\/2026\/01\/27\/constantine-les-projets-de-rehabilitation-de-la-vieille-ville-acceleres\/#breadcrumb","itemListElement":[{"@type":"ListItem","position":1,"name":"Accueil","item":"https:\/\/lasentinelle.dz\/"},{"@type":"ListItem","position":2,"name":"Constantine\u00a0: Les projets de r\u00e9habilitation de la vieille ville acc\u00e9l\u00e9r\u00e9s"}]},{"@type":"WebSite","@id":"https:\/\/lasentinelle.dz\/#website","url":"https:\/\/lasentinelle.dz\/","name":"La Sentinelle","description":"Quotidien national d&#039;information","publisher":{"@id":"https:\/\/lasentinelle.dz\/#organization"},"potentialAction":[{"@type":"SearchAction","target":{"@type":"EntryPoint","urlTemplate":"https:\/\/lasentinelle.dz\/?s={search_term_string}"},"query-input":{"@type":"PropertyValueSpecification","valueRequired":true,"valueName":"search_term_string"}}],"inLanguage":"fr-FR"},{"@type":"Organization","@id":"https:\/\/lasentinelle.dz\/#organization","name":"Quotidien La Sentinelle","url":"https:\/\/lasentinelle.dz\/","logo":{"@type":"ImageObject","inLanguage":"fr-FR","@id":"https:\/\/lasentinelle.dz\/#\/schema\/logo\/image\/","url":"https:\/\/lasentinelle.dz\/wp-content\/uploads\/2021\/09\/logo-sentinelleSLOGAN-1.png","contentUrl":"https:\/\/lasentinelle.dz\/wp-content\/uploads\/2021\/09\/logo-sentinelleSLOGAN-1.png","width":615,"height":142,"caption":"Quotidien La Sentinelle"},"image":{"@id":"https:\/\/lasentinelle.dz\/#\/schema\/logo\/image\/"},"sameAs":["https:\/\/www.facebook.com\/La-Sentinelle-104059864394773"]},{"@type":"Person","@id":"https:\/\/lasentinelle.dz\/#\/schema\/person\/729ee0024f24e0b8c5ec17232f8e8b41","name":"admin","image":{"@type":"ImageObject","inLanguage":"fr-FR","@id":"https:\/\/secure.gravatar.com\/avatar\/4c81fed838786e9b53f540bf46533e750f5d292099ae3b66cfc6fb1982e29df7?s=96&d=mm&r=g","url":"https:\/\/secure.gravatar.com\/avatar\/4c81fed838786e9b53f540bf46533e750f5d292099ae3b66cfc6fb1982e29df7?s=96&d=mm&r=g","contentUrl":"https:\/\/secure.gravatar.com\/avatar\/4c81fed838786e9b53f540bf46533e750f5d292099ae3b66cfc6fb1982e29df7?s=96&d=mm&r=g","caption":"admin"},"description":"admin","url":"https:\/\/lasentinelle.dz\/author\/admin\/"}]}},"_links":{"self":[{"href":"https:\/\/lasentinelle.dz\/index.php\/wp-json\/wp\/v2\/posts\/80143","targetHints":{"allow":["GET"]}}],"collection":[{"href":"https:\/\/lasentinelle.dz\/index.php\/wp-json\/wp\/v2\/posts"}],"about":[{"href":"https:\/\/lasentinelle.dz\/index.php\/wp-json\/wp\/v2\/types\/post"}],"author":[{"embeddable":true,"href":"https:\/\/lasentinelle.dz\/index.php\/wp-json\/wp\/v2\/users\/6"}],"replies":[{"embeddable":true,"href":"https:\/\/lasentinelle.dz\/index.php\/wp-json\/wp\/v2\/comments?post=80143"}],"version-history":[{"count":1,"href":"https:\/\/lasentinelle.dz\/index.php\/wp-json\/wp\/v2\/posts\/80143\/revisions"}],"predecessor-version":[{"id":80144,"href":"https:\/\/lasentinelle.dz\/index.php\/wp-json\/wp\/v2\/posts\/80143\/revisions\/80144"}],"wp:featuredmedia":[{"embeddable":true,"href":"https:\/\/lasentinelle.dz\/index.php\/wp-json\/wp\/v2\/media\/71096"}],"wp:attachment":[{"href":"https:\/\/lasentinelle.dz\/index.php\/wp-json\/wp\/v2\/media?parent=80143"}],"wp:term":[{"taxonomy":"category","embeddable":true,"href":"https:\/\/lasentinelle.dz\/index.php\/wp-json\/wp\/v2\/categories?post=80143"},{"taxonomy":"post_tag","embeddable":true,"href":"https:\/\/lasentinelle.dz\/index.php\/wp-json\/wp\/v2\/tags?post=80143"}],"curies":[{"name":"wp","href":"https:\/\/api.w.org\/{rel}","templated":true}]}}